{"id":78,"date":"2010-11-05T15:44:00","date_gmt":"2010-11-05T14:44:00","guid":{"rendered":"http:\/\/www.el-pan-alegre.org\/wordpress\/78-weitere-auszeichnung-offizielles-projekt-der-un-dekade-bildung-fuer-nachhaltige-entwicklung\/"},"modified":"2015-04-14T10:06:59","modified_gmt":"2015-04-14T08:06:59","slug":"weitere-auszeichnung-offizielles-projekt-der-un-dekade-bildung-fuer-nachhaltige-entwicklung","status":"publish","type":"post","link":"https:\/\/www.el-pan-alegre.org\/wordpress\/78-weitere-auszeichnung-offizielles-projekt-der-un-dekade-bildung-fuer-nachhaltige-entwicklung\/","title":{"rendered":"Weitere Auszeichnung: &#8222;Offizielles Projekt der UN-Dekade BILDUNG F\u00dcR NACHHALTIGE ENTWICKLUNG&#8220;"},"content":{"rendered":"<p><a href=\"http:\/\/www.el-pan-alegre.org\/wordpress\/wp-content\/uploads\/2010\/11\/Logo_UN-Dekade_Offizielles-Projekt_2011_2012_rgb.jpg\"><img decoding=\"async\" alt=\"\" border=\"0\" id=\"BLOGGER_PHOTO_ID_5536068221704550354\" src=\"http:\/\/www.el-pan-alegre.org\/wordpress\/wp-content\/uploads\/2010\/11\/Logo_UN-Dekade_Offizielles-Projekt_2011_2012_rgb-133x300.jpg\" style=\"cursor: pointer; float: right; height: 332px; margin: 0pt 0pt 10px 10px; width: 147px;\" \/><\/a>Dieser Herbst ist wirklich reich an Fr\u00fcchten unserer Vereinsarbeit!<\/p>\n<p>Nach einem erfolgreichen ersten Jahr im <a href=\"http:\/\/www.fez-berlin.de\/index.php?id=19\">FEZ-Berlin<\/a>, unserer ersten Amaranth-Ernte und der Auszeichnung des Deutschen Nachhaltigkeitsrates (s. <a href=\"http:\/\/www.el-pan-alegre.org\/wordpress\/79-el-pan-alegre-ist-werkstatt-n-projekt-2011-auszeichnung-durch-den-deutschen-rat-fuer-nachhaltige-entwicklung\/\">Beitrag<\/a> v. 18.10.10) kam vor zwei Tagen auch noch die Entscheidung der Deutschen UNESCO-Kommission, EL PAN ALEGRE &#8211; DAS FR\u00d6HLICHE BROT f\u00fcr seine &#8222;vorbildliche Bildungsarbeit f\u00fcr nachhaltige Entwicklung&#8220; zu w\u00fcrdigen und als <a href=\"http:\/\/www.blogger.com\/www.bne-portal.de\">offizielles Dekade-Projekt<\/a> auszuzeichnen (mehr Infos zu dieser UN-Dekade von 2005-2014 <a href=\"http:\/\/www.bne-portal.de\/coremedia\/generator\/unesco\/de\/02__UN-Dekade_20BNE\/Die_20UN-Dekade_20BNE.html\">hier<\/a>).<\/p>\n<p>Das macht uns noch mehr Mut, viel offensiver auch die Finanzmittel f\u00fcr die Weiterarbeit einzuwerben \ud83d\ude09 &#8230;<\/p>\n","protected":false},"excerpt":{"rendered":"<p>Dieser Herbst ist wirklich reich an Fr\u00fcchten unserer Vereinsarbeit! Nach einem erfolgreichen ersten Jahr im FEZ-Berlin, unserer ersten Amaranth-Ernte und der Auszeichnung des Deutschen Nachhaltigkeitsrates (s. Beitrag v. 18.10.10) kam vor zwei Tagen auch noch die Entscheidung der Deutschen UNESCO-Kommission, &hellip; <a href=\"https:\/\/www.el-pan-alegre.org\/wordpress\/78-weitere-auszeichnung-offizielles-projekt-der-un-dekade-bildung-fuer-nachhaltige-entwicklung\/\">Weiterlesen <span class=\"meta-nav\">&rarr;<\/span><\/a><\/p>\n","protected":false},"author":1,"featured_media":327,"comment_status":"open","ping_status":"open","sticky":false,"template":"","format":"standard","meta":{"jetpack_post_was_ever_published":false,"_jetpack_newsletter_access":"","_jetpack_dont_email_post_to_subs":false,"_jetpack_newsletter_tier_id":0,"_jetpack_memberships_contains_paywalled_content":false,"_jetpack_memberships_contains_paid_content":false,"footnotes":"","jetpack_publicize_message":"","jetpack_publicize_feature_enabled":true,"jetpack_social_post_already_shared":false,"jetpack_social_options":{"image_generator_settings":{"template":"highway","default_image_id":0,"font":"","enabled":false},"version":2}},"categories":[38,9,19,6,5],"tags":[],"class_list":["post-78","post","type-post","status-publish","format-standard","has-post-thumbnail","hentry","category-auszeichnung","category-fez","category-fez-berlin-oeko-insel","category-information","category-kommunikation"],"yoast_head":"<!-- This site is optimized with the Yoast SEO plugin v27.5 - https:\/\/yoast.com\/product\/yoast-seo-wordpress\/ -->\n<title>Weitere Auszeichnung: &quot;Offizielles Projekt der UN-Dekade BILDUNG F\u00dcR NACHHALTIGE ENTWICKLUNG&quot; - El Pan Alegre<\/title>\n<meta name=\"robots\" content=\"index, follow, max-snippet:-1, max-image-preview:large, max-video-preview:-1\" \/>\n<link rel=\"canonical\" href=\"https:\/\/www.el-pan-alegre.org\/wordpress\/78-weitere-auszeichnung-offizielles-projekt-der-un-dekade-bildung-fuer-nachhaltige-entwicklung\/\" \/>\n<meta property=\"og:locale\" content=\"de_DE\" \/>\n<meta property=\"og:type\" content=\"article\" \/>\n<meta property=\"og:title\" content=\"Weitere Auszeichnung: &quot;Offizielles Projekt der UN-Dekade BILDUNG F\u00dcR NACHHALTIGE ENTWICKLUNG&quot; - El Pan Alegre\" \/>\n<meta property=\"og:description\" content=\"Dieser Herbst ist wirklich reich an Fr\u00fcchten unserer Vereinsarbeit! Nach einem erfolgreichen ersten Jahr im FEZ-Berlin, unserer ersten Amaranth-Ernte und der Auszeichnung des Deutschen Nachhaltigkeitsrates (s. Beitrag v. 18.10.10) kam vor zwei Tagen auch noch die Entscheidung der Deutschen UNESCO-Kommission, &hellip; Weiterlesen &rarr;\" \/>\n<meta property=\"og:url\" content=\"https:\/\/www.el-pan-alegre.org\/wordpress\/78-weitere-auszeichnung-offizielles-projekt-der-un-dekade-bildung-fuer-nachhaltige-entwicklung\/\" \/>\n<meta property=\"og:site_name\" content=\"El Pan Alegre\" \/>\n<meta property=\"article:published_time\" content=\"2010-11-05T14:44:00+00:00\" \/>\n<meta property=\"article:modified_time\" content=\"2015-04-14T08:06:59+00:00\" \/>\n<meta property=\"og:image\" content=\"https:\/\/www.el-pan-alegre.org\/wordpress\/wp-content\/uploads\/2010\/11\/Logo_UN-Dekade_Offizielles-Projekt_2011_2012_rgb.jpg\" \/>\n\t<meta property=\"og:image:width\" content=\"454\" \/>\n\t<meta property=\"og:image:height\" content=\"1024\" \/>\n\t<meta property=\"og:image:type\" content=\"image\/jpeg\" \/>\n<meta name=\"author\" content=\"Anja Mocker\" \/>\n<meta name=\"twitter:card\" content=\"summary_large_image\" \/>\n<meta name=\"twitter:label1\" content=\"Verfasst von\" \/>\n\t<meta name=\"twitter:data1\" content=\"Anja Mocker\" \/>\n<script type=\"application\/ld+json\" class=\"yoast-schema-graph\">{\"@context\":\"https:\\\/\\\/schema.org\",\"@graph\":[{\"@type\":\"Article\",\"@id\":\"https:\\\/\\\/www.el-pan-alegre.org\\\/wordpress\\\/78-weitere-auszeichnung-offizielles-projekt-der-un-dekade-bildung-fuer-nachhaltige-entwicklung\\\/#article\",\"isPartOf\":{\"@id\":\"https:\\\/\\\/www.el-pan-alegre.org\\\/wordpress\\\/78-weitere-auszeichnung-offizielles-projekt-der-un-dekade-bildung-fuer-nachhaltige-entwicklung\\\/\"},\"author\":{\"name\":\"Anja Mocker\",\"@id\":\"https:\\\/\\\/www.el-pan-alegre.org\\\/wordpress\\\/#\\\/schema\\\/person\\\/a61ba0bec6094c61dbf9da4e4e4e5bfe\"},\"headline\":\"Weitere Auszeichnung: &#8222;Offizielles Projekt der UN-Dekade BILDUNG F\u00dcR NACHHALTIGE ENTWICKLUNG&#8220;\",\"datePublished\":\"2010-11-05T14:44:00+00:00\",\"dateModified\":\"2015-04-14T08:06:59+00:00\",\"mainEntityOfPage\":{\"@id\":\"https:\\\/\\\/www.el-pan-alegre.org\\\/wordpress\\\/78-weitere-auszeichnung-offizielles-projekt-der-un-dekade-bildung-fuer-nachhaltige-entwicklung\\\/\"},\"wordCount\":101,\"commentCount\":0,\"image\":{\"@id\":\"https:\\\/\\\/www.el-pan-alegre.org\\\/wordpress\\\/78-weitere-auszeichnung-offizielles-projekt-der-un-dekade-bildung-fuer-nachhaltige-entwicklung\\\/#primaryimage\"},\"thumbnailUrl\":\"https:\\\/\\\/www.el-pan-alegre.org\\\/wordpress\\\/wp-content\\\/uploads\\\/2010\\\/11\\\/Logo_UN-Dekade_Offizielles-Projekt_2011_2012_rgb.jpg\",\"articleSection\":[\"Auszeichnung\",\"FEZ\",\"FEZ-Berlin \u00d6ko-Insel\",\"Information\",\"Kommunikation\"],\"inLanguage\":\"de\",\"potentialAction\":[{\"@type\":\"CommentAction\",\"name\":\"Comment\",\"target\":[\"https:\\\/\\\/www.el-pan-alegre.org\\\/wordpress\\\/78-weitere-auszeichnung-offizielles-projekt-der-un-dekade-bildung-fuer-nachhaltige-entwicklung\\\/#respond\"]}]},{\"@type\":\"WebPage\",\"@id\":\"https:\\\/\\\/www.el-pan-alegre.org\\\/wordpress\\\/78-weitere-auszeichnung-offizielles-projekt-der-un-dekade-bildung-fuer-nachhaltige-entwicklung\\\/\",\"url\":\"https:\\\/\\\/www.el-pan-alegre.org\\\/wordpress\\\/78-weitere-auszeichnung-offizielles-projekt-der-un-dekade-bildung-fuer-nachhaltige-entwicklung\\\/\",\"name\":\"Weitere Auszeichnung: \\\"Offizielles Projekt der UN-Dekade BILDUNG F\u00dcR NACHHALTIGE ENTWICKLUNG\\\" - El Pan Alegre\",\"isPartOf\":{\"@id\":\"https:\\\/\\\/www.el-pan-alegre.org\\\/wordpress\\\/#website\"},\"primaryImageOfPage\":{\"@id\":\"https:\\\/\\\/www.el-pan-alegre.org\\\/wordpress\\\/78-weitere-auszeichnung-offizielles-projekt-der-un-dekade-bildung-fuer-nachhaltige-entwicklung\\\/#primaryimage\"},\"image\":{\"@id\":\"https:\\\/\\\/www.el-pan-alegre.org\\\/wordpress\\\/78-weitere-auszeichnung-offizielles-projekt-der-un-dekade-bildung-fuer-nachhaltige-entwicklung\\\/#primaryimage\"},\"thumbnailUrl\":\"https:\\\/\\\/www.el-pan-alegre.org\\\/wordpress\\\/wp-content\\\/uploads\\\/2010\\\/11\\\/Logo_UN-Dekade_Offizielles-Projekt_2011_2012_rgb.jpg\",\"datePublished\":\"2010-11-05T14:44:00+00:00\",\"dateModified\":\"2015-04-14T08:06:59+00:00\",\"author\":{\"@id\":\"https:\\\/\\\/www.el-pan-alegre.org\\\/wordpress\\\/#\\\/schema\\\/person\\\/a61ba0bec6094c61dbf9da4e4e4e5bfe\"},\"breadcrumb\":{\"@id\":\"https:\\\/\\\/www.el-pan-alegre.org\\\/wordpress\\\/78-weitere-auszeichnung-offizielles-projekt-der-un-dekade-bildung-fuer-nachhaltige-entwicklung\\\/#breadcrumb\"},\"inLanguage\":\"de\",\"potentialAction\":[{\"@type\":\"ReadAction\",\"target\":[\"https:\\\/\\\/www.el-pan-alegre.org\\\/wordpress\\\/78-weitere-auszeichnung-offizielles-projekt-der-un-dekade-bildung-fuer-nachhaltige-entwicklung\\\/\"]}]},{\"@type\":\"ImageObject\",\"inLanguage\":\"de\",\"@id\":\"https:\\\/\\\/www.el-pan-alegre.org\\\/wordpress\\\/78-weitere-auszeichnung-offizielles-projekt-der-un-dekade-bildung-fuer-nachhaltige-entwicklung\\\/#primaryimage\",\"url\":\"https:\\\/\\\/www.el-pan-alegre.org\\\/wordpress\\\/wp-content\\\/uploads\\\/2010\\\/11\\\/Logo_UN-Dekade_Offizielles-Projekt_2011_2012_rgb.jpg\",\"contentUrl\":\"https:\\\/\\\/www.el-pan-alegre.org\\\/wordpress\\\/wp-content\\\/uploads\\\/2010\\\/11\\\/Logo_UN-Dekade_Offizielles-Projekt_2011_2012_rgb.jpg\",\"width\":454,\"height\":1024},{\"@type\":\"BreadcrumbList\",\"@id\":\"https:\\\/\\\/www.el-pan-alegre.org\\\/wordpress\\\/78-weitere-auszeichnung-offizielles-projekt-der-un-dekade-bildung-fuer-nachhaltige-entwicklung\\\/#breadcrumb\",\"itemListElement\":[{\"@type\":\"ListItem\",\"position\":1,\"name\":\"Home\",\"item\":\"https:\\\/\\\/www.el-pan-alegre.org\\\/wordpress\\\/\"},{\"@type\":\"ListItem\",\"position\":2,\"name\":\"Weitere Auszeichnung: &#8222;Offizielles Projekt der UN-Dekade BILDUNG F\u00dcR NACHHALTIGE ENTWICKLUNG&#8220;\"}]},{\"@type\":\"WebSite\",\"@id\":\"https:\\\/\\\/www.el-pan-alegre.org\\\/wordpress\\\/#website\",\"url\":\"https:\\\/\\\/www.el-pan-alegre.org\\\/wordpress\\\/\",\"name\":\"El Pan Alegre\",\"description\":\"Das Fr\u00f6hliche Brot\",\"potentialAction\":[{\"@type\":\"SearchAction\",\"target\":{\"@type\":\"EntryPoint\",\"urlTemplate\":\"https:\\\/\\\/www.el-pan-alegre.org\\\/wordpress\\\/?s={search_term_string}\"},\"query-input\":{\"@type\":\"PropertyValueSpecification\",\"valueRequired\":true,\"valueName\":\"search_term_string\"}}],\"inLanguage\":\"de\"},{\"@type\":\"Person\",\"@id\":\"https:\\\/\\\/www.el-pan-alegre.org\\\/wordpress\\\/#\\\/schema\\\/person\\\/a61ba0bec6094c61dbf9da4e4e4e5bfe\",\"name\":\"Anja Mocker\",\"image\":{\"@type\":\"ImageObject\",\"inLanguage\":\"de\",\"@id\":\"https:\\\/\\\/secure.gravatar.com\\\/avatar\\\/c283b0b556471cdaac4be59c661b13c1e141f08ca0dd2eb8f8d587262d7f04bb?s=96&d=identicon&r=g\",\"url\":\"https:\\\/\\\/secure.gravatar.com\\\/avatar\\\/c283b0b556471cdaac4be59c661b13c1e141f08ca0dd2eb8f8d587262d7f04bb?s=96&d=identicon&r=g\",\"contentUrl\":\"https:\\\/\\\/secure.gravatar.com\\\/avatar\\\/c283b0b556471cdaac4be59c661b13c1e141f08ca0dd2eb8f8d587262d7f04bb?s=96&d=identicon&r=g\",\"caption\":\"Anja Mocker\"},\"url\":\"https:\\\/\\\/www.el-pan-alegre.org\\\/wordpress\\\/author\\\/admin\\\/\"}]}<\/script>\n<!-- \/ Yoast SEO plugin. -->","yoast_head_json":{"title":"Weitere Auszeichnung: \"Offizielles Projekt der UN-Dekade BILDUNG F\u00dcR NACHHALTIGE ENTWICKLUNG\" - El Pan Alegre","robots":{"index":"index","follow":"follow","max-snippet":"max-snippet:-1","max-image-preview":"max-image-preview:large","max-video-preview":"max-video-preview:-1"},"canonical":"https:\/\/www.el-pan-alegre.org\/wordpress\/78-weitere-auszeichnung-offizielles-projekt-der-un-dekade-bildung-fuer-nachhaltige-entwicklung\/","og_locale":"de_DE","og_type":"article","og_title":"Weitere Auszeichnung: \"Offizielles Projekt der UN-Dekade BILDUNG F\u00dcR NACHHALTIGE ENTWICKLUNG\" - El Pan Alegre","og_description":"Dieser Herbst ist wirklich reich an Fr\u00fcchten unserer Vereinsarbeit! Nach einem erfolgreichen ersten Jahr im FEZ-Berlin, unserer ersten Amaranth-Ernte und der Auszeichnung des Deutschen Nachhaltigkeitsrates (s. Beitrag v. 18.10.10) kam vor zwei Tagen auch noch die Entscheidung der Deutschen UNESCO-Kommission, &hellip; Weiterlesen &rarr;","og_url":"https:\/\/www.el-pan-alegre.org\/wordpress\/78-weitere-auszeichnung-offizielles-projekt-der-un-dekade-bildung-fuer-nachhaltige-entwicklung\/","og_site_name":"El Pan Alegre","article_published_time":"2010-11-05T14:44:00+00:00","article_modified_time":"2015-04-14T08:06:59+00:00","og_image":[{"width":454,"height":1024,"url":"https:\/\/www.el-pan-alegre.org\/wordpress\/wp-content\/uploads\/2010\/11\/Logo_UN-Dekade_Offizielles-Projekt_2011_2012_rgb.jpg","type":"image\/jpeg"}],"author":"Anja Mocker","twitter_card":"summary_large_image","twitter_misc":{"Verfasst von":"Anja Mocker"},"schema":{"@context":"https:\/\/schema.org","@graph":[{"@type":"Article","@id":"https:\/\/www.el-pan-alegre.org\/wordpress\/78-weitere-auszeichnung-offizielles-projekt-der-un-dekade-bildung-fuer-nachhaltige-entwicklung\/#article","isPartOf":{"@id":"https:\/\/www.el-pan-alegre.org\/wordpress\/78-weitere-auszeichnung-offizielles-projekt-der-un-dekade-bildung-fuer-nachhaltige-entwicklung\/"},"author":{"name":"Anja Mocker","@id":"https:\/\/www.el-pan-alegre.org\/wordpress\/#\/schema\/person\/a61ba0bec6094c61dbf9da4e4e4e5bfe"},"headline":"Weitere Auszeichnung: &#8222;Offizielles Projekt der UN-Dekade BILDUNG F\u00dcR NACHHALTIGE ENTWICKLUNG&#8220;","datePublished":"2010-11-05T14:44:00+00:00","dateModified":"2015-04-14T08:06:59+00:00","mainEntityOfPage":{"@id":"https:\/\/www.el-pan-alegre.org\/wordpress\/78-weitere-auszeichnung-offizielles-projekt-der-un-dekade-bildung-fuer-nachhaltige-entwicklung\/"},"wordCount":101,"commentCount":0,"image":{"@id":"https:\/\/www.el-pan-alegre.org\/wordpress\/78-weitere-auszeichnung-offizielles-projekt-der-un-dekade-bildung-fuer-nachhaltige-entwicklung\/#primaryimage"},"thumbnailUrl":"https:\/\/www.el-pan-alegre.org\/wordpress\/wp-content\/uploads\/2010\/11\/Logo_UN-Dekade_Offizielles-Projekt_2011_2012_rgb.jpg","articleSection":["Auszeichnung","FEZ","FEZ-Berlin \u00d6ko-Insel","Information","Kommunikation"],"inLanguage":"de","potentialAction":[{"@type":"CommentAction","name":"Comment","target":["https:\/\/www.el-pan-alegre.org\/wordpress\/78-weitere-auszeichnung-offizielles-projekt-der-un-dekade-bildung-fuer-nachhaltige-entwicklung\/#respond"]}]},{"@type":"WebPage","@id":"https:\/\/www.el-pan-alegre.org\/wordpress\/78-weitere-auszeichnung-offizielles-projekt-der-un-dekade-bildung-fuer-nachhaltige-entwicklung\/","url":"https:\/\/www.el-pan-alegre.org\/wordpress\/78-weitere-auszeichnung-offizielles-projekt-der-un-dekade-bildung-fuer-nachhaltige-entwicklung\/","name":"Weitere Auszeichnung: \"Offizielles Projekt der UN-Dekade BILDUNG F\u00dcR NACHHALTIGE ENTWICKLUNG\" - El Pan Alegre","isPartOf":{"@id":"https:\/\/www.el-pan-alegre.org\/wordpress\/#website"},"primaryImageOfPage":{"@id":"https:\/\/www.el-pan-alegre.org\/wordpress\/78-weitere-auszeichnung-offizielles-projekt-der-un-dekade-bildung-fuer-nachhaltige-entwicklung\/#primaryimage"},"image":{"@id":"https:\/\/www.el-pan-alegre.org\/wordpress\/78-weitere-auszeichnung-offizielles-projekt-der-un-dekade-bildung-fuer-nachhaltige-entwicklung\/#primaryimage"},"thumbnailUrl":"https:\/\/www.el-pan-alegre.org\/wordpress\/wp-content\/uploads\/2010\/11\/Logo_UN-Dekade_Offizielles-Projekt_2011_2012_rgb.jpg","datePublished":"2010-11-05T14:44:00+00:00","dateModified":"2015-04-14T08:06:59+00:00","author":{"@id":"https:\/\/www.el-pan-alegre.org\/wordpress\/#\/schema\/person\/a61ba0bec6094c61dbf9da4e4e4e5bfe"},"breadcrumb":{"@id":"https:\/\/www.el-pan-alegre.org\/wordpress\/78-weitere-auszeichnung-offizielles-projekt-der-un-dekade-bildung-fuer-nachhaltige-entwicklung\/#breadcrumb"},"inLanguage":"de","potentialAction":[{"@type":"ReadAction","target":["https:\/\/www.el-pan-alegre.org\/wordpress\/78-weitere-auszeichnung-offizielles-projekt-der-un-dekade-bildung-fuer-nachhaltige-entwicklung\/"]}]},{"@type":"ImageObject","inLanguage":"de","@id":"https:\/\/www.el-pan-alegre.org\/wordpress\/78-weitere-auszeichnung-offizielles-projekt-der-un-dekade-bildung-fuer-nachhaltige-entwicklung\/#primaryimage","url":"https:\/\/www.el-pan-alegre.org\/wordpress\/wp-content\/uploads\/2010\/11\/Logo_UN-Dekade_Offizielles-Projekt_2011_2012_rgb.jpg","contentUrl":"https:\/\/www.el-pan-alegre.org\/wordpress\/wp-content\/uploads\/2010\/11\/Logo_UN-Dekade_Offizielles-Projekt_2011_2012_rgb.jpg","width":454,"height":1024},{"@type":"BreadcrumbList","@id":"https:\/\/www.el-pan-alegre.org\/wordpress\/78-weitere-auszeichnung-offizielles-projekt-der-un-dekade-bildung-fuer-nachhaltige-entwicklung\/#breadcrumb","itemListElement":[{"@type":"ListItem","position":1,"name":"Home","item":"https:\/\/www.el-pan-alegre.org\/wordpress\/"},{"@type":"ListItem","position":2,"name":"Weitere Auszeichnung: &#8222;Offizielles Projekt der UN-Dekade BILDUNG F\u00dcR NACHHALTIGE ENTWICKLUNG&#8220;"}]},{"@type":"WebSite","@id":"https:\/\/www.el-pan-alegre.org\/wordpress\/#website","url":"https:\/\/www.el-pan-alegre.org\/wordpress\/","name":"El Pan Alegre","description":"Das Fr\u00f6hliche Brot","potentialAction":[{"@type":"SearchAction","target":{"@type":"EntryPoint","urlTemplate":"https:\/\/www.el-pan-alegre.org\/wordpress\/?s={search_term_string}"},"query-input":{"@type":"PropertyValueSpecification","valueRequired":true,"valueName":"search_term_string"}}],"inLanguage":"de"},{"@type":"Person","@id":"https:\/\/www.el-pan-alegre.org\/wordpress\/#\/schema\/person\/a61ba0bec6094c61dbf9da4e4e4e5bfe","name":"Anja Mocker","image":{"@type":"ImageObject","inLanguage":"de","@id":"https:\/\/secure.gravatar.com\/avatar\/c283b0b556471cdaac4be59c661b13c1e141f08ca0dd2eb8f8d587262d7f04bb?s=96&d=identicon&r=g","url":"https:\/\/secure.gravatar.com\/avatar\/c283b0b556471cdaac4be59c661b13c1e141f08ca0dd2eb8f8d587262d7f04bb?s=96&d=identicon&r=g","contentUrl":"https:\/\/secure.gravatar.com\/avatar\/c283b0b556471cdaac4be59c661b13c1e141f08ca0dd2eb8f8d587262d7f04bb?s=96&d=identicon&r=g","caption":"Anja Mocker"},"url":"https:\/\/www.el-pan-alegre.org\/wordpress\/author\/admin\/"}]}},"jetpack_publicize_connections":[],"jetpack_featured_media_url":"https:\/\/www.el-pan-alegre.org\/wordpress\/wp-content\/uploads\/2010\/11\/Logo_UN-Dekade_Offizielles-Projekt_2011_2012_rgb.jpg","jetpack_sharing_enabled":true,"jetpack_shortlink":"https:\/\/wp.me\/p62TDh-1g","jetpack-related-posts":[{"id":79,"url":"https:\/\/www.el-pan-alegre.org\/wordpress\/79-el-pan-alegre-ist-werkstatt-n-projekt-2011-auszeichnung-durch-den-deutschen-rat-fuer-nachhaltige-entwicklung\/","url_meta":{"origin":78,"position":0},"title":"EL PAN ALEGRE ist Werkstatt-N-Projekt 2011: Auszeichnung durch den Deutschen Rat f\u00fcr Nachhaltige Entwicklung","author":"Anja Mocker","date":"18. Oktober 2010","format":false,"excerpt":"von Madeleine Porr \"Seien wir optimistisch, couragiert und offensiv! ... So kommen wir auf die H\u00f6he der Zeit!\" Hermann Scheers Worte werden \u00fcberall auf der Erde noch viele Generationen lang nachklingen, \u00fcber seine B\u00fccher (wie \"Energieautonomie\", 2005, oder \"Der energETHISCHE Imperativ\", 2010) genauso wie \u00fcber Filme mit ihm (z.B. \"Die\u2026","rel":"","context":"In &quot;Auszeichnung&quot;","block_context":{"text":"Auszeichnung","link":"https:\/\/www.el-pan-alegre.org\/wordpress\/kategorie\/auszeichnung\/"},"img":{"alt_text":"","src":"https:\/\/i0.wp.com\/www.el-pan-alegre.org\/wordpress\/wp-content\/uploads\/2010\/10\/logo_EPA.jpg?resize=350%2C200&ssl=1","width":350,"height":200,"srcset":"https:\/\/i0.wp.com\/www.el-pan-alegre.org\/wordpress\/wp-content\/uploads\/2010\/10\/logo_EPA.jpg?resize=350%2C200&ssl=1 1x, https:\/\/i0.wp.com\/www.el-pan-alegre.org\/wordpress\/wp-content\/uploads\/2010\/10\/logo_EPA.jpg?resize=525%2C300&ssl=1 1.5x"},"classes":[]},{"id":2209,"url":"https:\/\/www.el-pan-alegre.org\/wordpress\/2209-das-amaranth-workshopkonzept\/","url_meta":{"origin":78,"position":1},"title":"Das Amaranth-Bildungskonzept","author":"Madeleine Porr","date":"14. September 2019","format":false,"excerpt":"Pr\u00e4sentation eines mehrfach ausgezeichneten Bildungskonzepts","rel":"","context":"In &quot;Allgemein&quot;","block_context":{"text":"Allgemein","link":"https:\/\/www.el-pan-alegre.org\/wordpress\/kategorie\/allgemein\/"},"img":{"alt_text":"","src":"https:\/\/i0.wp.com\/www.el-pan-alegre.org\/wordpress\/wp-content\/uploads\/2019\/09\/Amaranth_BNE-Konzept-Titel.jpg?resize=350%2C200&ssl=1","width":350,"height":200,"srcset":"https:\/\/i0.wp.com\/www.el-pan-alegre.org\/wordpress\/wp-content\/uploads\/2019\/09\/Amaranth_BNE-Konzept-Titel.jpg?resize=350%2C200&ssl=1 1x, https:\/\/i0.wp.com\/www.el-pan-alegre.org\/wordpress\/wp-content\/uploads\/2019\/09\/Amaranth_BNE-Konzept-Titel.jpg?resize=525%2C300&ssl=1 1.5x, https:\/\/i0.wp.com\/www.el-pan-alegre.org\/wordpress\/wp-content\/uploads\/2019\/09\/Amaranth_BNE-Konzept-Titel.jpg?resize=700%2C400&ssl=1 2x, https:\/\/i0.wp.com\/www.el-pan-alegre.org\/wordpress\/wp-content\/uploads\/2019\/09\/Amaranth_BNE-Konzept-Titel.jpg?resize=1050%2C600&ssl=1 3x, https:\/\/i0.wp.com\/www.el-pan-alegre.org\/wordpress\/wp-content\/uploads\/2019\/09\/Amaranth_BNE-Konzept-Titel.jpg?resize=1400%2C800&ssl=1 4x"},"classes":[]},{"id":53,"url":"https:\/\/www.el-pan-alegre.org\/wordpress\/53-werkstatt-n-auszeichnung-auch-in-diesem-jahr\/","url_meta":{"origin":78,"position":2},"title":"WERKSTATT-N-AUSZEICHNUNG AUCH IN DIESEM JAHR!","author":"Anja Mocker","date":"17. Januar 2012","format":false,"excerpt":"Zu unserer gro\u00dfen Freude erreichte uns soeben die folgende Nachricht:Sehr geehrte Damen und Herren,die Jury hat alle eingereichten Impulse und Projekte gepr\u00fcft:Wir freuen uns, Ihnen mitteilen zu k\u00f6nnen, dass Ihre Einsendung zu den 100 Werkstatt N-Projekten und -Impulsen 2012 geh\u00f6rt. Herzlichen Gl\u00fcckwunsch!Anbei senden wir Ihnen das Signet des Qualit\u00e4tslabels \u201eWerkstatt\u2026","rel":"","context":"In &quot;Auszeichnung&quot;","block_context":{"text":"Auszeichnung","link":"https:\/\/www.el-pan-alegre.org\/wordpress\/kategorie\/auszeichnung\/"},"img":{"alt_text":"","src":"https:\/\/i0.wp.com\/www.el-pan-alegre.org\/wordpress\/wp-content\/uploads\/2012\/01\/RNE_Werkstatt-2BN_projekt12_ausge_rgb.jpg?resize=350%2C200&ssl=1","width":350,"height":200,"srcset":"https:\/\/i0.wp.com\/www.el-pan-alegre.org\/wordpress\/wp-content\/uploads\/2012\/01\/RNE_Werkstatt-2BN_projekt12_ausge_rgb.jpg?resize=350%2C200&ssl=1 1x, https:\/\/i0.wp.com\/www.el-pan-alegre.org\/wordpress\/wp-content\/uploads\/2012\/01\/RNE_Werkstatt-2BN_projekt12_ausge_rgb.jpg?resize=525%2C300&ssl=1 1.5x, https:\/\/i0.wp.com\/www.el-pan-alegre.org\/wordpress\/wp-content\/uploads\/2012\/01\/RNE_Werkstatt-2BN_projekt12_ausge_rgb.jpg?resize=700%2C400&ssl=1 2x"},"classes":[]},{"id":34,"url":"https:\/\/www.el-pan-alegre.org\/wordpress\/34-1-fez-schulprojektwoche-nachhaltig-stark-und-schlau-bildung-fuer-nachhaltige-entwicklung\/","url_meta":{"origin":78,"position":3},"title":"1. FEZ-Schulprojektwoche &#8222;NACHHALTIG STARK UND SCHLAU!&#8220; (Bildung f\u00fcr nachhaltige Entwicklung)","author":"Anja Mocker","date":"6. Juli 2012","format":false,"excerpt":"Vom 5. bis 7.6.12 hat im FEZ-Berlin zum ersten Mal eine Schulprojektwoche im Bereich Bildung f\u00fcr nachhaltige Entwicklung (BNE) stattgefunden: \"NACHHALTIG STARK UND SCHLAU!\", auch das erste gemeinsame Produkt der BNE-Fachgruppe im FEZ - unter Leitung der langj\u00e4hrig erfahrenen Eva Kulla - und unseres Vereins En Buenas Manos e.V. Die\u2026","rel":"","context":"In &quot;Abfall&quot;","block_context":{"text":"Abfall","link":"https:\/\/www.el-pan-alegre.org\/wordpress\/kategorie\/abfall\/"},"img":{"alt_text":"","src":"https:\/\/i0.wp.com\/www.el-pan-alegre.org\/wordpress\/wp-content\/uploads\/2012\/07\/03.jpg?resize=350%2C200&ssl=1","width":350,"height":200,"srcset":"https:\/\/i0.wp.com\/www.el-pan-alegre.org\/wordpress\/wp-content\/uploads\/2012\/07\/03.jpg?resize=350%2C200&ssl=1 1x, https:\/\/i0.wp.com\/www.el-pan-alegre.org\/wordpress\/wp-content\/uploads\/2012\/07\/03.jpg?resize=525%2C300&ssl=1 1.5x, https:\/\/i0.wp.com\/www.el-pan-alegre.org\/wordpress\/wp-content\/uploads\/2012\/07\/03.jpg?resize=700%2C400&ssl=1 2x"},"classes":[]},{"id":11,"url":"https:\/\/www.el-pan-alegre.org\/wordpress\/11-froehliches-neues-jahr\/","url_meta":{"origin":78,"position":4},"title":"Fr\u00f6hliches neues Jahr!","author":"Anja Mocker","date":"13. Februar 2014","format":false,"excerpt":"Fast ein Jahr ist vergangen seit den letzten Blogeintr\u00e4gen. Sie kamen auch damals aus Kuba und hatten als Thema die Zusammenfassung des dreit\u00e4gigen Kolloqiums \u201eDie Zukunft (nachhaltig) gestalten mit lokaler Kraft\u201c unter dem Dach der Buchmesse Havanna sowie die Freundschaftserkl\u00e4rung der Shiatsu-Initiative des Italieners Francisco Cotino in Havanna mit \u201eEl\u2026","rel":"","context":"In &quot;Fotos&quot;","block_context":{"text":"Fotos","link":"https:\/\/www.el-pan-alegre.org\/wordpress\/kategorie\/fotos\/"},"img":{"alt_text":"","src":"https:\/\/i0.wp.com\/www.el-pan-alegre.org\/wordpress\/wp-content\/uploads\/2014\/02\/1-715067.jpg?resize=350%2C200&ssl=1","width":350,"height":200},"classes":[]},{"id":2883,"url":"https:\/\/www.el-pan-alegre.org\/wordpress\/2883-schule-feiert-zukunft-am-17-und-18-6-23-im-fez-berlin\/","url_meta":{"origin":78,"position":5},"title":"&#8222;Schule feiert Zukunft!&#8220; am 17. und 18.6.23 im FEZ-Berlin","author":"Madeleine Porr","date":"1. Juni 2023","format":false,"excerpt":"\"Bildungsnotstand\", \"Bildungsdesaster\", \"Schul-Chaos\", \"Kinder ohne Lehrer*innen\": F\u00fcrwahr, unser wilhelminisches Bildungssystem bricht krachend auseinander. Und das ist auch nur folgerichtig, denn es taugt nicht f\u00fcr die Herausforderungen der Zukunft. Wie gut, dass sich unter dem weiten Horizont der Zukunftsbildung, der Bildung f\u00fcr Nachhaltige Entwicklung (BNE), schon l\u00e4ngst deutschlandweit eine Vielzahl hochmotivierter\u2026","rel":"","context":"In &quot;Bildung f\u00fcr nachhaltige Entwicklung (BNE)&quot;","block_context":{"text":"Bildung f\u00fcr nachhaltige Entwicklung (BNE)","link":"https:\/\/www.el-pan-alegre.org\/wordpress\/kategorie\/bildung-fuer-nachhaltige-entwicklung-bne\/"},"img":{"alt_text":"","src":"https:\/\/i0.wp.com\/www.el-pan-alegre.org\/wordpress\/wp-content\/uploads\/2023\/06\/2023PxP-Festival_HERO-logo-1024x679-1.png?resize=350%2C200&ssl=1","width":350,"height":200,"srcset":"https:\/\/i0.wp.com\/www.el-pan-alegre.org\/wordpress\/wp-content\/uploads\/2023\/06\/2023PxP-Festival_HERO-logo-1024x679-1.png?resize=350%2C200&ssl=1 1x, https:\/\/i0.wp.com\/www.el-pan-alegre.org\/wordpress\/wp-content\/uploads\/2023\/06\/2023PxP-Festival_HERO-logo-1024x679-1.png?resize=525%2C300&ssl=1 1.5x, https:\/\/i0.wp.com\/www.el-pan-alegre.org\/wordpress\/wp-content\/uploads\/2023\/06\/2023PxP-Festival_HERO-logo-1024x679-1.png?resize=700%2C400&ssl=1 2x"},"classes":[]}],"_links":{"self":[{"href":"https:\/\/www.el-pan-alegre.org\/wordpress\/wp-json\/wp\/v2\/posts\/78","targetHints":{"allow":["GET"]}}],"collection":[{"href":"https:\/\/www.el-pan-alegre.org\/wordpress\/wp-json\/wp\/v2\/posts"}],"about":[{"href":"https:\/\/www.el-pan-alegre.org\/wordpress\/wp-json\/wp\/v2\/types\/post"}],"author":[{"embeddable":true,"href":"https:\/\/www.el-pan-alegre.org\/wordpress\/wp-json\/wp\/v2\/users\/1"}],"replies":[{"embeddable":true,"href":"https:\/\/www.el-pan-alegre.org\/wordpress\/wp-json\/wp\/v2\/comments?post=78"}],"version-history":[{"count":0,"href":"https:\/\/www.el-pan-alegre.org\/wordpress\/wp-json\/wp\/v2\/posts\/78\/revisions"}],"wp:featuredmedia":[{"embeddable":true,"href":"https:\/\/www.el-pan-alegre.org\/wordpress\/wp-json\/wp\/v2\/media\/327"}],"wp:attachment":[{"href":"https:\/\/www.el-pan-alegre.org\/wordpress\/wp-json\/wp\/v2\/media?parent=78"}],"wp:term":[{"taxonomy":"category","embeddable":true,"href":"https:\/\/www.el-pan-alegre.org\/wordpress\/wp-json\/wp\/v2\/categories?post=78"},{"taxonomy":"post_tag","embeddable":true,"href":"https:\/\/www.el-pan-alegre.org\/wordpress\/wp-json\/wp\/v2\/tags?post=78"}],"curies":[{"name":"wp","href":"https:\/\/api.w.org\/{rel}","templated":true}]}}