{"id":70,"date":"2011-04-05T21:42:00","date_gmt":"2011-04-05T19:42:00","guid":{"rendered":"http:\/\/www.el-pan-alegre.org\/wordpress\/70-an-die-toepfe-fertig-los\/"},"modified":"2017-10-31T00:49:21","modified_gmt":"2017-10-30T23:49:21","slug":"an-die-toepfe-fertig-los","status":"publish","type":"post","link":"https:\/\/www.el-pan-alegre.org\/wordpress\/70-an-die-toepfe-fertig-los\/","title":{"rendered":"AN DIE T\u00d6PFE, FERTIG &#8230; LOS!"},"content":{"rendered":"<p><a href=\"http:\/\/www.el-pan-alegre.org\/wordpress\/wp-content\/uploads\/2011\/04\/kinderkochschule_h1.jpg\"><img decoding=\"async\" id=\"BLOGGER_PHOTO_ID_5592188582071553794\" style=\"float: left; margin: 0pt 10px 10px 0pt; cursor: pointer; width: 425px; height: 107px;\" src=\"http:\/\/www.el-pan-alegre.org\/wordpress\/wp-content\/uploads\/2011\/04\/kinderkochschule_h1-300x76.jpg\" alt=\"\" border=\"0\" \/><\/a><\/p>\n<p>&nbsp;<\/p>\n<p>&nbsp;<\/p>\n<p>31. M\u00e4rz bis 10. April<\/p>\n<p>Noch k\u00f6nnt auch Ihr die L\u00f6ffel schwingen: Erst am kommenden<br \/>\nSonntag endet Deutschlands gr\u00f6\u00dfte <a href=\"http:\/\/www.kinderkochschule-berlin.de\/fileadmin\/fez\/familienevents\/2011\/download\/flyer.pdf\">KinderKochSchule<\/a>, wo Ihr<br \/>\nbereits zum zweiten Mal mit den besten Berliner K\u00f6chinnen und<br \/>\nK\u00f6chen und der Unterst\u00fctzung der FEZ-Gesundheitspartnerin<br \/>\nAOK Nordost jede Menge toller Rezepte kochen lernt und hinter-<br \/>\nher alles verputzen k\u00f6nnt!<\/p>\n<p>Seit letzten Donnerstag ist wieder Leander Roerdink-Veldboom<br \/>\noberster K\u00fcchenchef im FEZ, der doch sonst Executive Chef im<br \/>\nHilton Berlin ist. Mit ihm zusammen vermitteln bis zum 10.4.<br \/>\n60 exzellente K\u00f6chinnen und K\u00f6che t\u00e4glich 200 Kindern der<br \/>\n2. bis 4. Klasse in 16 Kochteams, wie sie preiswert, gesund und<br \/>\nauch noch lecker kochen k\u00f6nnen. Auf dem Stundenplan der<br \/>\nKochschule stehen u.a. orientalische, vegetarische und regio-<br \/>\nnale K\u00fcche. Eine Jury bewertet die Teams und verleiht den<br \/>\ngoldenen Kochl\u00f6ffel.<\/p>\n<p><a href=\"http:\/\/www.el-pan-alegre.org\/wordpress\/wp-content\/uploads\/2011\/04\/BLOG.jpg\"><img decoding=\"async\" id=\"BLOGGER_PHOTO_ID_5592209723594029218\" src=\"http:\/\/www.el-pan-alegre.org\/wordpress\/wp-content\/uploads\/2011\/04\/BLOG-300x221.jpg\" alt=\"\" border=\"0\" \/><\/a><\/p>\n<p>Am Wochenende sind dann auch die Eltern und alle anderen<br \/>\nFamilienmitglieder eingeladen. Gemeinsames Kochen und<br \/>\nKosten (z.B. auch S\u00fc\u00dfes mit dem Kinder-Power-<br \/>\nkorn <a href=\"http:\/\/www.el-pan-alegre.org\/Amaranth-Projekt_GENRES.pdf\">AMARANTH<\/a>!), Showkochen, Kochduelle mit den besten<br \/>\nSternek\u00f6chen der Stadt, Spiel- und Kreativangebote<br \/>\nwie Tischdekorationen, Serviettenfalten, Origami-<br \/>\nfaltkunst, lustige Dekos f\u00fcrs Picknick, Wettgem\u00fcseschneiden<br \/>\nu.v.m. stehen auf dem Programm.<\/p>\n<p>Sa 13-19 Uhr, So 12-18 Uhr<br \/>\nEintritt: EUR 3,- | Familienticket: EUR 10,-<br \/>\nKochteilnehmer\/in: EUR 7,50<br \/>\nReservierung bis 8.4. unter T. 030-53071-333,<br \/>\nBeginn Kochprozess: 13.30 Uhr<\/p>\n<p><a href=\"http:\/\/www.kinderkochschule-berlin.de\/\">www.kinderkochschule-berlin.de<\/a><\/p>\n<div style=\"text-align: center;\"><span style=\"font-weight: bold; font-size: 180%;\">* * *<\/span><\/div>\n","protected":false},"excerpt":{"rendered":"<p>&nbsp; &nbsp; 31. M\u00e4rz bis 10. April Noch k\u00f6nnt auch Ihr die L\u00f6ffel schwingen: Erst am kommenden Sonntag endet Deutschlands gr\u00f6\u00dfte KinderKochSchule, wo Ihr bereits zum zweiten Mal mit den besten Berliner K\u00f6chinnen und K\u00f6chen und der Unterst\u00fctzung der FEZ-Gesundheitspartnerin &hellip; <a href=\"https:\/\/www.el-pan-alegre.org\/wordpress\/70-an-die-toepfe-fertig-los\/\">Weiterlesen <span class=\"meta-nav\">&rarr;<\/span><\/a><\/p>\n","protected":false},"author":1,"featured_media":322,"comment_status":"open","ping_status":"open","sticky":false,"template":"","format":"standard","meta":{"jetpack_post_was_ever_published":false,"_jetpack_newsletter_access":"","_jetpack_dont_email_post_to_subs":false,"_jetpack_newsletter_tier_id":0,"_jetpack_memberships_contains_paywalled_content":false,"_jetpack_memberships_contains_paid_content":false,"footnotes":"","jetpack_publicize_message":"","jetpack_publicize_feature_enabled":true,"jetpack_social_post_already_shared":false,"jetpack_social_options":{"image_generator_settings":{"template":"highway","default_image_id":0,"font":"","enabled":false},"version":2}},"categories":[16,9,23,6,4],"tags":[],"class_list":["post-70","post","type-post","status-publish","format-standard","has-post-thumbnail","hentry","category-amaranth","category-fez","category-fotos","category-information","category-veranstaltung"],"yoast_head":"<!-- This site is optimized with the Yoast SEO plugin v27.5 - https:\/\/yoast.com\/product\/yoast-seo-wordpress\/ -->\n<title>AN DIE T\u00d6PFE, FERTIG ... LOS! - El Pan Alegre<\/title>\n<meta name=\"robots\" content=\"index, follow, max-snippet:-1, max-image-preview:large, max-video-preview:-1\" \/>\n<link rel=\"canonical\" href=\"https:\/\/www.el-pan-alegre.org\/wordpress\/70-an-die-toepfe-fertig-los\/\" \/>\n<meta property=\"og:locale\" content=\"de_DE\" \/>\n<meta property=\"og:type\" content=\"article\" \/>\n<meta property=\"og:title\" content=\"AN DIE T\u00d6PFE, FERTIG ... LOS! - El Pan Alegre\" \/>\n<meta property=\"og:description\" content=\"&nbsp; &nbsp; 31. M\u00e4rz bis 10. April Noch k\u00f6nnt auch Ihr die L\u00f6ffel schwingen: Erst am kommenden Sonntag endet Deutschlands gr\u00f6\u00dfte KinderKochSchule, wo Ihr bereits zum zweiten Mal mit den besten Berliner K\u00f6chinnen und K\u00f6chen und der Unterst\u00fctzung der FEZ-Gesundheitspartnerin &hellip; Weiterlesen &rarr;\" \/>\n<meta property=\"og:url\" content=\"https:\/\/www.el-pan-alegre.org\/wordpress\/70-an-die-toepfe-fertig-los\/\" \/>\n<meta property=\"og:site_name\" content=\"El Pan Alegre\" \/>\n<meta property=\"article:published_time\" content=\"2011-04-05T19:42:00+00:00\" \/>\n<meta property=\"article:modified_time\" content=\"2017-10-30T23:49:21+00:00\" \/>\n<meta property=\"og:image\" content=\"https:\/\/www.el-pan-alegre.org\/wordpress\/wp-content\/uploads\/2011\/04\/kinderkochschule_h1.jpg\" \/>\n\t<meta property=\"og:image:width\" content=\"540\" \/>\n\t<meta property=\"og:image:height\" content=\"136\" \/>\n\t<meta property=\"og:image:type\" content=\"image\/jpeg\" \/>\n<meta name=\"author\" content=\"Anja Mocker\" \/>\n<meta name=\"twitter:card\" content=\"summary_large_image\" \/>\n<meta name=\"twitter:label1\" content=\"Verfasst von\" \/>\n\t<meta name=\"twitter:data1\" content=\"Anja Mocker\" \/>\n\t<meta name=\"twitter:label2\" content=\"Gesch\u00e4tzte Lesezeit\" \/>\n\t<meta name=\"twitter:data2\" content=\"1\u00a0Minute\" \/>\n<script type=\"application\/ld+json\" class=\"yoast-schema-graph\">{\"@context\":\"https:\\\/\\\/schema.org\",\"@graph\":[{\"@type\":\"Article\",\"@id\":\"https:\\\/\\\/www.el-pan-alegre.org\\\/wordpress\\\/70-an-die-toepfe-fertig-los\\\/#article\",\"isPartOf\":{\"@id\":\"https:\\\/\\\/www.el-pan-alegre.org\\\/wordpress\\\/70-an-die-toepfe-fertig-los\\\/\"},\"author\":{\"name\":\"Anja Mocker\",\"@id\":\"https:\\\/\\\/www.el-pan-alegre.org\\\/wordpress\\\/#\\\/schema\\\/person\\\/a61ba0bec6094c61dbf9da4e4e4e5bfe\"},\"headline\":\"AN DIE T\u00d6PFE, FERTIG &#8230; LOS!\",\"datePublished\":\"2011-04-05T19:42:00+00:00\",\"dateModified\":\"2017-10-30T23:49:21+00:00\",\"mainEntityOfPage\":{\"@id\":\"https:\\\/\\\/www.el-pan-alegre.org\\\/wordpress\\\/70-an-die-toepfe-fertig-los\\\/\"},\"wordCount\":228,\"commentCount\":0,\"image\":{\"@id\":\"https:\\\/\\\/www.el-pan-alegre.org\\\/wordpress\\\/70-an-die-toepfe-fertig-los\\\/#primaryimage\"},\"thumbnailUrl\":\"https:\\\/\\\/www.el-pan-alegre.org\\\/wordpress\\\/wp-content\\\/uploads\\\/2011\\\/04\\\/kinderkochschule_h1.jpg\",\"articleSection\":[\"Amaranth\",\"FEZ\",\"Fotos\",\"Information\",\"Veranstaltung\"],\"inLanguage\":\"de\",\"potentialAction\":[{\"@type\":\"CommentAction\",\"name\":\"Comment\",\"target\":[\"https:\\\/\\\/www.el-pan-alegre.org\\\/wordpress\\\/70-an-die-toepfe-fertig-los\\\/#respond\"]}]},{\"@type\":\"WebPage\",\"@id\":\"https:\\\/\\\/www.el-pan-alegre.org\\\/wordpress\\\/70-an-die-toepfe-fertig-los\\\/\",\"url\":\"https:\\\/\\\/www.el-pan-alegre.org\\\/wordpress\\\/70-an-die-toepfe-fertig-los\\\/\",\"name\":\"AN DIE T\u00d6PFE, FERTIG ... LOS! - El Pan Alegre\",\"isPartOf\":{\"@id\":\"https:\\\/\\\/www.el-pan-alegre.org\\\/wordpress\\\/#website\"},\"primaryImageOfPage\":{\"@id\":\"https:\\\/\\\/www.el-pan-alegre.org\\\/wordpress\\\/70-an-die-toepfe-fertig-los\\\/#primaryimage\"},\"image\":{\"@id\":\"https:\\\/\\\/www.el-pan-alegre.org\\\/wordpress\\\/70-an-die-toepfe-fertig-los\\\/#primaryimage\"},\"thumbnailUrl\":\"https:\\\/\\\/www.el-pan-alegre.org\\\/wordpress\\\/wp-content\\\/uploads\\\/2011\\\/04\\\/kinderkochschule_h1.jpg\",\"datePublished\":\"2011-04-05T19:42:00+00:00\",\"dateModified\":\"2017-10-30T23:49:21+00:00\",\"author\":{\"@id\":\"https:\\\/\\\/www.el-pan-alegre.org\\\/wordpress\\\/#\\\/schema\\\/person\\\/a61ba0bec6094c61dbf9da4e4e4e5bfe\"},\"breadcrumb\":{\"@id\":\"https:\\\/\\\/www.el-pan-alegre.org\\\/wordpress\\\/70-an-die-toepfe-fertig-los\\\/#breadcrumb\"},\"inLanguage\":\"de\",\"potentialAction\":[{\"@type\":\"ReadAction\",\"target\":[\"https:\\\/\\\/www.el-pan-alegre.org\\\/wordpress\\\/70-an-die-toepfe-fertig-los\\\/\"]}]},{\"@type\":\"ImageObject\",\"inLanguage\":\"de\",\"@id\":\"https:\\\/\\\/www.el-pan-alegre.org\\\/wordpress\\\/70-an-die-toepfe-fertig-los\\\/#primaryimage\",\"url\":\"https:\\\/\\\/www.el-pan-alegre.org\\\/wordpress\\\/wp-content\\\/uploads\\\/2011\\\/04\\\/kinderkochschule_h1.jpg\",\"contentUrl\":\"https:\\\/\\\/www.el-pan-alegre.org\\\/wordpress\\\/wp-content\\\/uploads\\\/2011\\\/04\\\/kinderkochschule_h1.jpg\",\"width\":540,\"height\":136},{\"@type\":\"BreadcrumbList\",\"@id\":\"https:\\\/\\\/www.el-pan-alegre.org\\\/wordpress\\\/70-an-die-toepfe-fertig-los\\\/#breadcrumb\",\"itemListElement\":[{\"@type\":\"ListItem\",\"position\":1,\"name\":\"Home\",\"item\":\"https:\\\/\\\/www.el-pan-alegre.org\\\/wordpress\\\/\"},{\"@type\":\"ListItem\",\"position\":2,\"name\":\"AN DIE T\u00d6PFE, FERTIG &#8230; LOS!\"}]},{\"@type\":\"WebSite\",\"@id\":\"https:\\\/\\\/www.el-pan-alegre.org\\\/wordpress\\\/#website\",\"url\":\"https:\\\/\\\/www.el-pan-alegre.org\\\/wordpress\\\/\",\"name\":\"El Pan Alegre\",\"description\":\"Das Fr\u00f6hliche Brot\",\"potentialAction\":[{\"@type\":\"SearchAction\",\"target\":{\"@type\":\"EntryPoint\",\"urlTemplate\":\"https:\\\/\\\/www.el-pan-alegre.org\\\/wordpress\\\/?s={search_term_string}\"},\"query-input\":{\"@type\":\"PropertyValueSpecification\",\"valueRequired\":true,\"valueName\":\"search_term_string\"}}],\"inLanguage\":\"de\"},{\"@type\":\"Person\",\"@id\":\"https:\\\/\\\/www.el-pan-alegre.org\\\/wordpress\\\/#\\\/schema\\\/person\\\/a61ba0bec6094c61dbf9da4e4e4e5bfe\",\"name\":\"Anja Mocker\",\"image\":{\"@type\":\"ImageObject\",\"inLanguage\":\"de\",\"@id\":\"https:\\\/\\\/secure.gravatar.com\\\/avatar\\\/c283b0b556471cdaac4be59c661b13c1e141f08ca0dd2eb8f8d587262d7f04bb?s=96&d=identicon&r=g\",\"url\":\"https:\\\/\\\/secure.gravatar.com\\\/avatar\\\/c283b0b556471cdaac4be59c661b13c1e141f08ca0dd2eb8f8d587262d7f04bb?s=96&d=identicon&r=g\",\"contentUrl\":\"https:\\\/\\\/secure.gravatar.com\\\/avatar\\\/c283b0b556471cdaac4be59c661b13c1e141f08ca0dd2eb8f8d587262d7f04bb?s=96&d=identicon&r=g\",\"caption\":\"Anja Mocker\"},\"url\":\"https:\\\/\\\/www.el-pan-alegre.org\\\/wordpress\\\/author\\\/admin\\\/\"}]}<\/script>\n<!-- \/ Yoast SEO plugin. -->","yoast_head_json":{"title":"AN DIE T\u00d6PFE, FERTIG ... LOS! - El Pan Alegre","robots":{"index":"index","follow":"follow","max-snippet":"max-snippet:-1","max-image-preview":"max-image-preview:large","max-video-preview":"max-video-preview:-1"},"canonical":"https:\/\/www.el-pan-alegre.org\/wordpress\/70-an-die-toepfe-fertig-los\/","og_locale":"de_DE","og_type":"article","og_title":"AN DIE T\u00d6PFE, FERTIG ... LOS! - El Pan Alegre","og_description":"&nbsp; &nbsp; 31. M\u00e4rz bis 10. April Noch k\u00f6nnt auch Ihr die L\u00f6ffel schwingen: Erst am kommenden Sonntag endet Deutschlands gr\u00f6\u00dfte KinderKochSchule, wo Ihr bereits zum zweiten Mal mit den besten Berliner K\u00f6chinnen und K\u00f6chen und der Unterst\u00fctzung der FEZ-Gesundheitspartnerin &hellip; Weiterlesen &rarr;","og_url":"https:\/\/www.el-pan-alegre.org\/wordpress\/70-an-die-toepfe-fertig-los\/","og_site_name":"El Pan Alegre","article_published_time":"2011-04-05T19:42:00+00:00","article_modified_time":"2017-10-30T23:49:21+00:00","og_image":[{"width":540,"height":136,"url":"https:\/\/www.el-pan-alegre.org\/wordpress\/wp-content\/uploads\/2011\/04\/kinderkochschule_h1.jpg","type":"image\/jpeg"}],"author":"Anja Mocker","twitter_card":"summary_large_image","twitter_misc":{"Verfasst von":"Anja Mocker","Gesch\u00e4tzte Lesezeit":"1\u00a0Minute"},"schema":{"@context":"https:\/\/schema.org","@graph":[{"@type":"Article","@id":"https:\/\/www.el-pan-alegre.org\/wordpress\/70-an-die-toepfe-fertig-los\/#article","isPartOf":{"@id":"https:\/\/www.el-pan-alegre.org\/wordpress\/70-an-die-toepfe-fertig-los\/"},"author":{"name":"Anja Mocker","@id":"https:\/\/www.el-pan-alegre.org\/wordpress\/#\/schema\/person\/a61ba0bec6094c61dbf9da4e4e4e5bfe"},"headline":"AN DIE T\u00d6PFE, FERTIG &#8230; LOS!","datePublished":"2011-04-05T19:42:00+00:00","dateModified":"2017-10-30T23:49:21+00:00","mainEntityOfPage":{"@id":"https:\/\/www.el-pan-alegre.org\/wordpress\/70-an-die-toepfe-fertig-los\/"},"wordCount":228,"commentCount":0,"image":{"@id":"https:\/\/www.el-pan-alegre.org\/wordpress\/70-an-die-toepfe-fertig-los\/#primaryimage"},"thumbnailUrl":"https:\/\/www.el-pan-alegre.org\/wordpress\/wp-content\/uploads\/2011\/04\/kinderkochschule_h1.jpg","articleSection":["Amaranth","FEZ","Fotos","Information","Veranstaltung"],"inLanguage":"de","potentialAction":[{"@type":"CommentAction","name":"Comment","target":["https:\/\/www.el-pan-alegre.org\/wordpress\/70-an-die-toepfe-fertig-los\/#respond"]}]},{"@type":"WebPage","@id":"https:\/\/www.el-pan-alegre.org\/wordpress\/70-an-die-toepfe-fertig-los\/","url":"https:\/\/www.el-pan-alegre.org\/wordpress\/70-an-die-toepfe-fertig-los\/","name":"AN DIE T\u00d6PFE, FERTIG ... LOS! - El Pan Alegre","isPartOf":{"@id":"https:\/\/www.el-pan-alegre.org\/wordpress\/#website"},"primaryImageOfPage":{"@id":"https:\/\/www.el-pan-alegre.org\/wordpress\/70-an-die-toepfe-fertig-los\/#primaryimage"},"image":{"@id":"https:\/\/www.el-pan-alegre.org\/wordpress\/70-an-die-toepfe-fertig-los\/#primaryimage"},"thumbnailUrl":"https:\/\/www.el-pan-alegre.org\/wordpress\/wp-content\/uploads\/2011\/04\/kinderkochschule_h1.jpg","datePublished":"2011-04-05T19:42:00+00:00","dateModified":"2017-10-30T23:49:21+00:00","author":{"@id":"https:\/\/www.el-pan-alegre.org\/wordpress\/#\/schema\/person\/a61ba0bec6094c61dbf9da4e4e4e5bfe"},"breadcrumb":{"@id":"https:\/\/www.el-pan-alegre.org\/wordpress\/70-an-die-toepfe-fertig-los\/#breadcrumb"},"inLanguage":"de","potentialAction":[{"@type":"ReadAction","target":["https:\/\/www.el-pan-alegre.org\/wordpress\/70-an-die-toepfe-fertig-los\/"]}]},{"@type":"ImageObject","inLanguage":"de","@id":"https:\/\/www.el-pan-alegre.org\/wordpress\/70-an-die-toepfe-fertig-los\/#primaryimage","url":"https:\/\/www.el-pan-alegre.org\/wordpress\/wp-content\/uploads\/2011\/04\/kinderkochschule_h1.jpg","contentUrl":"https:\/\/www.el-pan-alegre.org\/wordpress\/wp-content\/uploads\/2011\/04\/kinderkochschule_h1.jpg","width":540,"height":136},{"@type":"BreadcrumbList","@id":"https:\/\/www.el-pan-alegre.org\/wordpress\/70-an-die-toepfe-fertig-los\/#breadcrumb","itemListElement":[{"@type":"ListItem","position":1,"name":"Home","item":"https:\/\/www.el-pan-alegre.org\/wordpress\/"},{"@type":"ListItem","position":2,"name":"AN DIE T\u00d6PFE, FERTIG &#8230; LOS!"}]},{"@type":"WebSite","@id":"https:\/\/www.el-pan-alegre.org\/wordpress\/#website","url":"https:\/\/www.el-pan-alegre.org\/wordpress\/","name":"El Pan Alegre","description":"Das Fr\u00f6hliche Brot","potentialAction":[{"@type":"SearchAction","target":{"@type":"EntryPoint","urlTemplate":"https:\/\/www.el-pan-alegre.org\/wordpress\/?s={search_term_string}"},"query-input":{"@type":"PropertyValueSpecification","valueRequired":true,"valueName":"search_term_string"}}],"inLanguage":"de"},{"@type":"Person","@id":"https:\/\/www.el-pan-alegre.org\/wordpress\/#\/schema\/person\/a61ba0bec6094c61dbf9da4e4e4e5bfe","name":"Anja Mocker","image":{"@type":"ImageObject","inLanguage":"de","@id":"https:\/\/secure.gravatar.com\/avatar\/c283b0b556471cdaac4be59c661b13c1e141f08ca0dd2eb8f8d587262d7f04bb?s=96&d=identicon&r=g","url":"https:\/\/secure.gravatar.com\/avatar\/c283b0b556471cdaac4be59c661b13c1e141f08ca0dd2eb8f8d587262d7f04bb?s=96&d=identicon&r=g","contentUrl":"https:\/\/secure.gravatar.com\/avatar\/c283b0b556471cdaac4be59c661b13c1e141f08ca0dd2eb8f8d587262d7f04bb?s=96&d=identicon&r=g","caption":"Anja Mocker"},"url":"https:\/\/www.el-pan-alegre.org\/wordpress\/author\/admin\/"}]}},"jetpack_publicize_connections":[],"jetpack_featured_media_url":"https:\/\/www.el-pan-alegre.org\/wordpress\/wp-content\/uploads\/2011\/04\/kinderkochschule_h1.jpg","jetpack_sharing_enabled":false,"jetpack_shortlink":"https:\/\/wp.me\/p62TDh-18","jetpack-related-posts":[{"id":3011,"url":"https:\/\/www.el-pan-alegre.org\/wordpress\/3011-hurraaa-es-ist-wieder-fezitty-sommer\/","url_meta":{"origin":70,"position":0},"title":"Hurraaa, es ist wieder FEZitty-Sommer!","author":"Madeleine Porr","date":"21. Juli 2024","format":false,"excerpt":"Quelle: FEZ-Berlin Ein einzigartiges Sommer-Stadtspiel findet alle zwei Jahre f\u00fcr Menschen zwischen 7 und 14 Jahren im FEZ-Berlin statt - und nach der Pause in 2023 auch wieder in diesem Jahr: FEZitty - die Hauptstadt der Kinder, vom 23.7. bis 30.8.24. Hier k\u00f6nnt ihr bauen und g\u00e4rtnern und malen, im\u2026","rel":"","context":"In &quot;Allgemein&quot;","block_context":{"text":"Allgemein","link":"https:\/\/www.el-pan-alegre.org\/wordpress\/kategorie\/allgemein\/"},"img":{"alt_text":"","src":"https:\/\/i0.wp.com\/www.el-pan-alegre.org\/wordpress\/wp-content\/uploads\/2024\/07\/FEZitty-2024.jpg?resize=350%2C200&ssl=1","width":350,"height":200,"srcset":"https:\/\/i0.wp.com\/www.el-pan-alegre.org\/wordpress\/wp-content\/uploads\/2024\/07\/FEZitty-2024.jpg?resize=350%2C200&ssl=1 1x, https:\/\/i0.wp.com\/www.el-pan-alegre.org\/wordpress\/wp-content\/uploads\/2024\/07\/FEZitty-2024.jpg?resize=525%2C300&ssl=1 1.5x, https:\/\/i0.wp.com\/www.el-pan-alegre.org\/wordpress\/wp-content\/uploads\/2024\/07\/FEZitty-2024.jpg?resize=700%2C400&ssl=1 2x"},"classes":[]},{"id":115,"url":"https:\/\/www.el-pan-alegre.org\/wordpress\/115-115\/","url_meta":{"origin":70,"position":1},"title":"&#8222;Fr\u00f6hliches Brot&#8220; im FEZ-Berlin","author":"Anja Mocker","date":"10. Oktober 2009","format":false,"excerpt":"Das Fr\u00f6hliche Brot st\u00fcrzt sich morgen im FEZ ins Abenteuer ... Zur Erinnerung: Der Verein ist eingeladen, im Rahmen von \"Abenteuer Gesundheit\" in Europas gr\u00f6\u00dftem Freizeit- und Erholungszentrum den Amaranth vorzustellen. Morgen am Familientag gibt es dazu von 10 bis 18 Uhr einen Informationsstand und am Montag und Dienstag f\u00fcr\u2026","rel":"","context":"In &quot;Amaranth&quot;","block_context":{"text":"Amaranth","link":"https:\/\/www.el-pan-alegre.org\/wordpress\/kategorie\/amaranth\/"},"img":{"alt_text":"","src":"https:\/\/i0.wp.com\/www.el-pan-alegre.org\/wordpress\/wp-content\/uploads\/2009\/10\/DSC08679.jpg?resize=350%2C200&ssl=1","width":350,"height":200,"srcset":"https:\/\/i0.wp.com\/www.el-pan-alegre.org\/wordpress\/wp-content\/uploads\/2009\/10\/DSC08679.jpg?resize=350%2C200&ssl=1 1x, https:\/\/i0.wp.com\/www.el-pan-alegre.org\/wordpress\/wp-content\/uploads\/2009\/10\/DSC08679.jpg?resize=525%2C300&ssl=1 1.5x, https:\/\/i0.wp.com\/www.el-pan-alegre.org\/wordpress\/wp-content\/uploads\/2009\/10\/DSC08679.jpg?resize=700%2C400&ssl=1 2x"},"classes":[]},{"id":3111,"url":"https:\/\/www.el-pan-alegre.org\/wordpress\/3111-kinder-kochen-fuer-ihre-eltern-ein-genussvoller-perspektivwechsel-im-sinne-nachhaltiger-bildung\/","url_meta":{"origin":70,"position":2},"title":"\u201eKinder kochen f\u00fcr ihre Eltern\u201c \u2013 Ein genussvoller Perspektivwechsel im Sinne nachhaltiger Bildung","author":"Anja Mocker","date":"9. Mai 2025","format":false,"excerpt":"Am 18. Mai 2025 verwandelt sich das Familienzentrum Menschenskinder in Berlin in eine kreative Kinderk\u00fcche: Der Verein En Buenas Manos e.V. l\u00e4dt im Rahmen der Bildung f\u00fcr nachhaltige Entwicklung (BNE) zu einem besonderen Workshop ein. Unter dem Motto \u201eKinder kochen f\u00fcr ihre Eltern\u201c \u00fcbernehmen f\u00fcr einen Tag die J\u00fcngsten die\u2026","rel":"","context":"In &quot;Anja&quot;","block_context":{"text":"Anja","link":"https:\/\/www.el-pan-alegre.org\/wordpress\/kategorie\/anja\/"},"img":{"alt_text":"","src":"https:\/\/i0.wp.com\/www.el-pan-alegre.org\/wordpress\/wp-content\/uploads\/2025\/05\/Poster-A4-Kinder-kochen-fuer-ihre-Eltern.jpg?resize=350%2C200&ssl=1","width":350,"height":200,"srcset":"https:\/\/i0.wp.com\/www.el-pan-alegre.org\/wordpress\/wp-content\/uploads\/2025\/05\/Poster-A4-Kinder-kochen-fuer-ihre-Eltern.jpg?resize=350%2C200&ssl=1 1x, https:\/\/i0.wp.com\/www.el-pan-alegre.org\/wordpress\/wp-content\/uploads\/2025\/05\/Poster-A4-Kinder-kochen-fuer-ihre-Eltern.jpg?resize=525%2C300&ssl=1 1.5x, https:\/\/i0.wp.com\/www.el-pan-alegre.org\/wordpress\/wp-content\/uploads\/2025\/05\/Poster-A4-Kinder-kochen-fuer-ihre-Eltern.jpg?resize=700%2C400&ssl=1 2x, https:\/\/i0.wp.com\/www.el-pan-alegre.org\/wordpress\/wp-content\/uploads\/2025\/05\/Poster-A4-Kinder-kochen-fuer-ihre-Eltern.jpg?resize=1050%2C600&ssl=1 3x, https:\/\/i0.wp.com\/www.el-pan-alegre.org\/wordpress\/wp-content\/uploads\/2025\/05\/Poster-A4-Kinder-kochen-fuer-ihre-Eltern.jpg?resize=1400%2C800&ssl=1 4x"},"classes":[]},{"id":61,"url":"https:\/\/www.el-pan-alegre.org\/wordpress\/61-der-amaranth-und-seine-3-schwestern-das-milpa-landwirtschaftssystem\/","url_meta":{"origin":70,"position":3},"title":"Der Amaranth und seine \u201e3 Schwestern\u201c: das Milpa-Landwirtschaftssystem","author":"Anja Mocker","date":"31. Juli 2011","format":false,"excerpt":"von Madeleine Porr Im FEZ-Berlin, dem Sitz von El Pan Alegre in Deutschland, ist das kleine Powerkorn Amaranth bereits festes \u201eFamilienmitglied\u201c. Die bis zu drei Meter hohen Pflanzen haben im letzten Jahr viele kleine und gro\u00dfe BesucherInnen, aber auch FEZ-MitarbeiterInnen zum Staunen gebracht. In diesem Jahr weitet unser Verein die\u2026","rel":"","context":"In &quot;Amaranth&quot;","block_context":{"text":"Amaranth","link":"https:\/\/www.el-pan-alegre.org\/wordpress\/kategorie\/amaranth\/"},"img":{"alt_text":"","src":"https:\/\/i0.wp.com\/www.el-pan-alegre.org\/wordpress\/wp-content\/uploads\/2011\/07\/01.jpg?resize=350%2C200&ssl=1","width":350,"height":200,"srcset":"https:\/\/i0.wp.com\/www.el-pan-alegre.org\/wordpress\/wp-content\/uploads\/2011\/07\/01.jpg?resize=350%2C200&ssl=1 1x, https:\/\/i0.wp.com\/www.el-pan-alegre.org\/wordpress\/wp-content\/uploads\/2011\/07\/01.jpg?resize=525%2C300&ssl=1 1.5x, https:\/\/i0.wp.com\/www.el-pan-alegre.org\/wordpress\/wp-content\/uploads\/2011\/07\/01.jpg?resize=700%2C400&ssl=1 2x"},"classes":[]},{"id":96,"url":"https:\/\/www.el-pan-alegre.org\/wordpress\/96-powerpflanze-amaranth-am-19-06-beim-langen-tag-der-stadtnatur-im-fez-berlin\/","url_meta":{"origin":70,"position":4},"title":"Powerpflanze Amaranth am 19.06. beim &#8222;Langen Tag der STADTNatur&#8220; im FEZ Berlin","author":"Anja Mocker","date":"4. Juni 2010","format":false,"excerpt":"Powerpflanze AmaranthTesten Sie ein kleines Korn mit RiesenkraftSamstag 17:30 bis 19:00 Uhr (1853) Anmeldung erforderlich, Tel: (030) 2639 4141 Treffpunkt: Stra\u00dfe zum FEZ 2, FEZ-Berlin, \u00d6ko-Insel, nach 18 Uhr \u00fcber den WirtschaftshofAnfahrt: S Wuhlheide mit 10 Min. Fu\u00dfweg, Tram 27, 63, 67, Freizeit- und ErholungszentrumVeranstalter: FEZ-BerlinLeitung: Madeleine PorrKennen Sie Amaranth?\u2026","rel":"","context":"In &quot;Amaranth&quot;","block_context":{"text":"Amaranth","link":"https:\/\/www.el-pan-alegre.org\/wordpress\/kategorie\/amaranth\/"},"img":{"alt_text":"","src":"https:\/\/i0.wp.com\/www.el-pan-alegre.org\/wordpress\/wp-content\/uploads\/2010\/06\/amaranth1_chemnitz_juli_08_anja.jpg?resize=350%2C200&ssl=1","width":350,"height":200,"srcset":"https:\/\/i0.wp.com\/www.el-pan-alegre.org\/wordpress\/wp-content\/uploads\/2010\/06\/amaranth1_chemnitz_juli_08_anja.jpg?resize=350%2C200&ssl=1 1x, https:\/\/i0.wp.com\/www.el-pan-alegre.org\/wordpress\/wp-content\/uploads\/2010\/06\/amaranth1_chemnitz_juli_08_anja.jpg?resize=525%2C300&ssl=1 1.5x, https:\/\/i0.wp.com\/www.el-pan-alegre.org\/wordpress\/wp-content\/uploads\/2010\/06\/amaranth1_chemnitz_juli_08_anja.jpg?resize=700%2C400&ssl=1 2x"},"classes":[]},{"id":83,"url":"https:\/\/www.el-pan-alegre.org\/wordpress\/83-das-froehliche-brot-beim-6-jugend-verbraucherschutztag-im-fez-berlin\/","url_meta":{"origin":70,"position":5},"title":"&#8222;Das Fr\u00f6hliche Brot&#8220; beim 6. Jugend-verbraucherschutztag im FEZ Berlin","author":"Anja Mocker","date":"29. September 2010","format":false,"excerpt":"\"Ich bin Verbraucher\/in! Gut informiert und aktiv f\u00fcrs Klima\" lautet das Motto des diesj\u00e4hrigen 6. Jugendverbraucherschutztages.\"Energie im Kreislauf\": An einem interaktiven Informations- und Mach-Mit-Stand des Vereins En Buenas Manos e.V. k\u00f6nnen heute die jungen Ver-braucher\/innen mehr \u00fcber das Zusammenh\u00e4ngen von Energiegewinnung und Ern\u00e4hrung erfahren und erleben: Von der meterhohen Pflanze\u2026","rel":"","context":"In &quot;Biogas&quot;","block_context":{"text":"Biogas","link":"https:\/\/www.el-pan-alegre.org\/wordpress\/kategorie\/biogas\/"},"img":{"alt_text":"","src":"https:\/\/i0.wp.com\/www.el-pan-alegre.org\/wordpress\/wp-content\/uploads\/2010\/09\/biogas_schau.jpg?resize=350%2C200&ssl=1","width":350,"height":200},"classes":[]}],"_links":{"self":[{"href":"https:\/\/www.el-pan-alegre.org\/wordpress\/wp-json\/wp\/v2\/posts\/70","targetHints":{"allow":["GET"]}}],"collection":[{"href":"https:\/\/www.el-pan-alegre.org\/wordpress\/wp-json\/wp\/v2\/posts"}],"about":[{"href":"https:\/\/www.el-pan-alegre.org\/wordpress\/wp-json\/wp\/v2\/types\/post"}],"author":[{"embeddable":true,"href":"https:\/\/www.el-pan-alegre.org\/wordpress\/wp-json\/wp\/v2\/users\/1"}],"replies":[{"embeddable":true,"href":"https:\/\/www.el-pan-alegre.org\/wordpress\/wp-json\/wp\/v2\/comments?post=70"}],"version-history":[{"count":5,"href":"https:\/\/www.el-pan-alegre.org\/wordpress\/wp-json\/wp\/v2\/posts\/70\/revisions"}],"predecessor-version":[{"id":1720,"href":"https:\/\/www.el-pan-alegre.org\/wordpress\/wp-json\/wp\/v2\/posts\/70\/revisions\/1720"}],"wp:featuredmedia":[{"embeddable":true,"href":"https:\/\/www.el-pan-alegre.org\/wordpress\/wp-json\/wp\/v2\/media\/322"}],"wp:attachment":[{"href":"https:\/\/www.el-pan-alegre.org\/wordpress\/wp-json\/wp\/v2\/media?parent=70"}],"wp:term":[{"taxonomy":"category","embeddable":true,"href":"https:\/\/www.el-pan-alegre.org\/wordpress\/wp-json\/wp\/v2\/categories?post=70"},{"taxonomy":"post_tag","embeddable":true,"href":"https:\/\/www.el-pan-alegre.org\/wordpress\/wp-json\/wp\/v2\/tags?post=70"}],"curies":[{"name":"wp","href":"https:\/\/api.w.org\/{rel}","templated":true}]}}