{"id":59,"date":"2011-08-10T19:55:00","date_gmt":"2011-08-10T17:55:00","guid":{"rendered":"http:\/\/www.el-pan-alegre.org\/wordpress\/59-neuer-flyer\/"},"modified":"2015-04-14T10:05:24","modified_gmt":"2015-04-14T08:05:24","slug":"neuer-flyer","status":"publish","type":"post","link":"https:\/\/www.el-pan-alegre.org\/wordpress\/59-neuer-flyer\/","title":{"rendered":"Neuer Flyer"},"content":{"rendered":"<p><span style=\"color: rgb(255, 0, 0); font-weight: bold; font-family:courier new;font-size:130%;\"  >Unser neuer Flyer ist fertig und kann von Interessierten f\u00fcr eigene Veranstaltungen aus dem Internet heruntergeladen und vervielf\u00e4ltigt werden:<\/span><\/p>\n<p><a href=\"http:\/\/www.el-pan-alegre.org\/wordpress\/wp-content\/uploads\/2011\/08\/FOTO-Flyer_aussen.jpg\"><img decoding=\"async\" style=\"float:left; margin:0 10px 10px 0;cursor:pointer; cursor:hand;width: 320px; height: 110px;\" src=\"http:\/\/www.el-pan-alegre.org\/wordpress\/wp-content\/uploads\/2011\/08\/FOTO-Flyer_aussen-300x104.jpg\" alt=\"\" id=\"BLOGGER_PHOTO_ID_5644165072633017234\" border=\"0\" \/><\/a><\/p>\n<p><a href=\"http:\/\/issuu.com\/madeleine.porr\/docs\/kreislaufflyer_aussenseite\">http:\/\/issuu.com\/madeleine.porr\/docs\/kreislaufflyer_aussenseite<\/a><\/p>\n<p><a href=\"http:\/\/www.el-pan-alegre.org\/wordpress\/wp-content\/uploads\/2011\/08\/FOTO-Flyer_innen.jpg\"><img decoding=\"async\" style=\"float:left; margin:0 10px 10px 0;cursor:pointer; cursor:hand;width: 320px; height: 110px;\" src=\"http:\/\/www.el-pan-alegre.org\/wordpress\/wp-content\/uploads\/2011\/08\/FOTO-Flyer_innen-300x104.jpg\" alt=\"\" id=\"BLOGGER_PHOTO_ID_5644165248823817298\" border=\"0\" \/><\/a><\/p>\n<p><a href=\"http:\/\/issuu.com\/madeleine.porr\/docs\/kreislaufflyer_innenseite\">http:\/\/issuu.com\/madeleine.porr\/docs\/kreislaufflyer_innenseite<\/a><\/p>\n<div style=\"text-align: center;\"><span style=\"color: rgb(255, 0, 0);font-size:180%;\" ><br \/>* * *<\/span><\/div>\n","protected":false},"excerpt":{"rendered":"<p>Unser neuer Flyer ist fertig und kann von Interessierten f\u00fcr eigene Veranstaltungen aus dem Internet heruntergeladen und vervielf\u00e4ltigt werden: http:\/\/issuu.com\/madeleine.porr\/docs\/kreislaufflyer_aussenseite http:\/\/issuu.com\/madeleine.porr\/docs\/kreislaufflyer_innenseite * * *<\/p>\n","protected":false},"author":1,"featured_media":296,"comment_status":"open","ping_status":"open","sticky":false,"template":"","format":"standard","meta":{"jetpack_post_was_ever_published":false,"_jetpack_newsletter_access":"","_jetpack_dont_email_post_to_subs":false,"_jetpack_newsletter_tier_id":0,"_jetpack_memberships_contains_paywalled_content":false,"_jetpack_memberships_contains_paid_content":false,"footnotes":"","jetpack_publicize_message":"","jetpack_publicize_feature_enabled":true,"jetpack_social_post_already_shared":false,"jetpack_social_options":{"image_generator_settings":{"template":"highway","default_image_id":0,"font":"","enabled":false},"version":2}},"categories":[16,10,41,23,6,5],"tags":[],"class_list":["post-59","post","type-post","status-publish","format-standard","has-post-thumbnail","hentry","category-amaranth","category-biogas","category-flyer","category-fotos","category-information","category-kommunikation"],"yoast_head":"<!-- This site is optimized with the Yoast SEO plugin v27.5 - https:\/\/yoast.com\/product\/yoast-seo-wordpress\/ -->\n<title>Neuer Flyer - El Pan Alegre<\/title>\n<meta name=\"robots\" content=\"index, follow, max-snippet:-1, max-image-preview:large, max-video-preview:-1\" \/>\n<link rel=\"canonical\" href=\"https:\/\/www.el-pan-alegre.org\/wordpress\/59-neuer-flyer\/\" \/>\n<meta property=\"og:locale\" content=\"de_DE\" \/>\n<meta property=\"og:type\" content=\"article\" \/>\n<meta property=\"og:title\" content=\"Neuer Flyer - El Pan Alegre\" \/>\n<meta property=\"og:description\" content=\"Unser neuer Flyer ist fertig und kann von Interessierten f\u00fcr eigene Veranstaltungen aus dem Internet heruntergeladen und vervielf\u00e4ltigt werden: http:\/\/issuu.com\/madeleine.porr\/docs\/kreislaufflyer_aussenseite http:\/\/issuu.com\/madeleine.porr\/docs\/kreislaufflyer_innenseite * * *\" \/>\n<meta property=\"og:url\" content=\"https:\/\/www.el-pan-alegre.org\/wordpress\/59-neuer-flyer\/\" \/>\n<meta property=\"og:site_name\" content=\"El Pan Alegre\" \/>\n<meta property=\"article:published_time\" content=\"2011-08-10T17:55:00+00:00\" \/>\n<meta property=\"article:modified_time\" content=\"2015-04-14T08:05:24+00:00\" \/>\n<meta property=\"og:image\" content=\"https:\/\/www.el-pan-alegre.org\/wordpress\/wp-content\/uploads\/2011\/08\/FOTO-Flyer_aussen.jpg\" \/>\n\t<meta property=\"og:image:width\" content=\"1024\" \/>\n\t<meta property=\"og:image:height\" content=\"355\" \/>\n\t<meta property=\"og:image:type\" content=\"image\/jpeg\" \/>\n<meta name=\"author\" content=\"Anja Mocker\" \/>\n<meta name=\"twitter:card\" content=\"summary_large_image\" \/>\n<meta name=\"twitter:label1\" content=\"Verfasst von\" \/>\n\t<meta name=\"twitter:data1\" content=\"Anja Mocker\" \/>\n<script type=\"application\/ld+json\" class=\"yoast-schema-graph\">{\"@context\":\"https:\\\/\\\/schema.org\",\"@graph\":[{\"@type\":\"Article\",\"@id\":\"https:\\\/\\\/www.el-pan-alegre.org\\\/wordpress\\\/59-neuer-flyer\\\/#article\",\"isPartOf\":{\"@id\":\"https:\\\/\\\/www.el-pan-alegre.org\\\/wordpress\\\/59-neuer-flyer\\\/\"},\"author\":{\"name\":\"Anja Mocker\",\"@id\":\"https:\\\/\\\/www.el-pan-alegre.org\\\/wordpress\\\/#\\\/schema\\\/person\\\/a61ba0bec6094c61dbf9da4e4e4e5bfe\"},\"headline\":\"Neuer Flyer\",\"datePublished\":\"2011-08-10T17:55:00+00:00\",\"dateModified\":\"2015-04-14T08:05:24+00:00\",\"mainEntityOfPage\":{\"@id\":\"https:\\\/\\\/www.el-pan-alegre.org\\\/wordpress\\\/59-neuer-flyer\\\/\"},\"wordCount\":39,\"commentCount\":0,\"image\":{\"@id\":\"https:\\\/\\\/www.el-pan-alegre.org\\\/wordpress\\\/59-neuer-flyer\\\/#primaryimage\"},\"thumbnailUrl\":\"https:\\\/\\\/www.el-pan-alegre.org\\\/wordpress\\\/wp-content\\\/uploads\\\/2011\\\/08\\\/FOTO-Flyer_aussen.jpg\",\"articleSection\":[\"Amaranth\",\"Biogas\",\"Flyer\",\"Fotos\",\"Information\",\"Kommunikation\"],\"inLanguage\":\"de\",\"potentialAction\":[{\"@type\":\"CommentAction\",\"name\":\"Comment\",\"target\":[\"https:\\\/\\\/www.el-pan-alegre.org\\\/wordpress\\\/59-neuer-flyer\\\/#respond\"]}]},{\"@type\":\"WebPage\",\"@id\":\"https:\\\/\\\/www.el-pan-alegre.org\\\/wordpress\\\/59-neuer-flyer\\\/\",\"url\":\"https:\\\/\\\/www.el-pan-alegre.org\\\/wordpress\\\/59-neuer-flyer\\\/\",\"name\":\"Neuer Flyer - El Pan Alegre\",\"isPartOf\":{\"@id\":\"https:\\\/\\\/www.el-pan-alegre.org\\\/wordpress\\\/#website\"},\"primaryImageOfPage\":{\"@id\":\"https:\\\/\\\/www.el-pan-alegre.org\\\/wordpress\\\/59-neuer-flyer\\\/#primaryimage\"},\"image\":{\"@id\":\"https:\\\/\\\/www.el-pan-alegre.org\\\/wordpress\\\/59-neuer-flyer\\\/#primaryimage\"},\"thumbnailUrl\":\"https:\\\/\\\/www.el-pan-alegre.org\\\/wordpress\\\/wp-content\\\/uploads\\\/2011\\\/08\\\/FOTO-Flyer_aussen.jpg\",\"datePublished\":\"2011-08-10T17:55:00+00:00\",\"dateModified\":\"2015-04-14T08:05:24+00:00\",\"author\":{\"@id\":\"https:\\\/\\\/www.el-pan-alegre.org\\\/wordpress\\\/#\\\/schema\\\/person\\\/a61ba0bec6094c61dbf9da4e4e4e5bfe\"},\"breadcrumb\":{\"@id\":\"https:\\\/\\\/www.el-pan-alegre.org\\\/wordpress\\\/59-neuer-flyer\\\/#breadcrumb\"},\"inLanguage\":\"de\",\"potentialAction\":[{\"@type\":\"ReadAction\",\"target\":[\"https:\\\/\\\/www.el-pan-alegre.org\\\/wordpress\\\/59-neuer-flyer\\\/\"]}]},{\"@type\":\"ImageObject\",\"inLanguage\":\"de\",\"@id\":\"https:\\\/\\\/www.el-pan-alegre.org\\\/wordpress\\\/59-neuer-flyer\\\/#primaryimage\",\"url\":\"https:\\\/\\\/www.el-pan-alegre.org\\\/wordpress\\\/wp-content\\\/uploads\\\/2011\\\/08\\\/FOTO-Flyer_aussen.jpg\",\"contentUrl\":\"https:\\\/\\\/www.el-pan-alegre.org\\\/wordpress\\\/wp-content\\\/uploads\\\/2011\\\/08\\\/FOTO-Flyer_aussen.jpg\",\"width\":1024,\"height\":355},{\"@type\":\"BreadcrumbList\",\"@id\":\"https:\\\/\\\/www.el-pan-alegre.org\\\/wordpress\\\/59-neuer-flyer\\\/#breadcrumb\",\"itemListElement\":[{\"@type\":\"ListItem\",\"position\":1,\"name\":\"Home\",\"item\":\"https:\\\/\\\/www.el-pan-alegre.org\\\/wordpress\\\/\"},{\"@type\":\"ListItem\",\"position\":2,\"name\":\"Neuer Flyer\"}]},{\"@type\":\"WebSite\",\"@id\":\"https:\\\/\\\/www.el-pan-alegre.org\\\/wordpress\\\/#website\",\"url\":\"https:\\\/\\\/www.el-pan-alegre.org\\\/wordpress\\\/\",\"name\":\"El Pan Alegre\",\"description\":\"Das Fr\u00f6hliche Brot\",\"potentialAction\":[{\"@type\":\"SearchAction\",\"target\":{\"@type\":\"EntryPoint\",\"urlTemplate\":\"https:\\\/\\\/www.el-pan-alegre.org\\\/wordpress\\\/?s={search_term_string}\"},\"query-input\":{\"@type\":\"PropertyValueSpecification\",\"valueRequired\":true,\"valueName\":\"search_term_string\"}}],\"inLanguage\":\"de\"},{\"@type\":\"Person\",\"@id\":\"https:\\\/\\\/www.el-pan-alegre.org\\\/wordpress\\\/#\\\/schema\\\/person\\\/a61ba0bec6094c61dbf9da4e4e4e5bfe\",\"name\":\"Anja Mocker\",\"image\":{\"@type\":\"ImageObject\",\"inLanguage\":\"de\",\"@id\":\"https:\\\/\\\/secure.gravatar.com\\\/avatar\\\/c283b0b556471cdaac4be59c661b13c1e141f08ca0dd2eb8f8d587262d7f04bb?s=96&d=identicon&r=g\",\"url\":\"https:\\\/\\\/secure.gravatar.com\\\/avatar\\\/c283b0b556471cdaac4be59c661b13c1e141f08ca0dd2eb8f8d587262d7f04bb?s=96&d=identicon&r=g\",\"contentUrl\":\"https:\\\/\\\/secure.gravatar.com\\\/avatar\\\/c283b0b556471cdaac4be59c661b13c1e141f08ca0dd2eb8f8d587262d7f04bb?s=96&d=identicon&r=g\",\"caption\":\"Anja Mocker\"},\"url\":\"https:\\\/\\\/www.el-pan-alegre.org\\\/wordpress\\\/author\\\/admin\\\/\"}]}<\/script>\n<!-- \/ Yoast SEO plugin. -->","yoast_head_json":{"title":"Neuer Flyer - El Pan Alegre","robots":{"index":"index","follow":"follow","max-snippet":"max-snippet:-1","max-image-preview":"max-image-preview:large","max-video-preview":"max-video-preview:-1"},"canonical":"https:\/\/www.el-pan-alegre.org\/wordpress\/59-neuer-flyer\/","og_locale":"de_DE","og_type":"article","og_title":"Neuer Flyer - El Pan Alegre","og_description":"Unser neuer Flyer ist fertig und kann von Interessierten f\u00fcr eigene Veranstaltungen aus dem Internet heruntergeladen und vervielf\u00e4ltigt werden: http:\/\/issuu.com\/madeleine.porr\/docs\/kreislaufflyer_aussenseite http:\/\/issuu.com\/madeleine.porr\/docs\/kreislaufflyer_innenseite * * *","og_url":"https:\/\/www.el-pan-alegre.org\/wordpress\/59-neuer-flyer\/","og_site_name":"El Pan Alegre","article_published_time":"2011-08-10T17:55:00+00:00","article_modified_time":"2015-04-14T08:05:24+00:00","og_image":[{"width":1024,"height":355,"url":"https:\/\/www.el-pan-alegre.org\/wordpress\/wp-content\/uploads\/2011\/08\/FOTO-Flyer_aussen.jpg","type":"image\/jpeg"}],"author":"Anja Mocker","twitter_card":"summary_large_image","twitter_misc":{"Verfasst von":"Anja Mocker"},"schema":{"@context":"https:\/\/schema.org","@graph":[{"@type":"Article","@id":"https:\/\/www.el-pan-alegre.org\/wordpress\/59-neuer-flyer\/#article","isPartOf":{"@id":"https:\/\/www.el-pan-alegre.org\/wordpress\/59-neuer-flyer\/"},"author":{"name":"Anja Mocker","@id":"https:\/\/www.el-pan-alegre.org\/wordpress\/#\/schema\/person\/a61ba0bec6094c61dbf9da4e4e4e5bfe"},"headline":"Neuer Flyer","datePublished":"2011-08-10T17:55:00+00:00","dateModified":"2015-04-14T08:05:24+00:00","mainEntityOfPage":{"@id":"https:\/\/www.el-pan-alegre.org\/wordpress\/59-neuer-flyer\/"},"wordCount":39,"commentCount":0,"image":{"@id":"https:\/\/www.el-pan-alegre.org\/wordpress\/59-neuer-flyer\/#primaryimage"},"thumbnailUrl":"https:\/\/www.el-pan-alegre.org\/wordpress\/wp-content\/uploads\/2011\/08\/FOTO-Flyer_aussen.jpg","articleSection":["Amaranth","Biogas","Flyer","Fotos","Information","Kommunikation"],"inLanguage":"de","potentialAction":[{"@type":"CommentAction","name":"Comment","target":["https:\/\/www.el-pan-alegre.org\/wordpress\/59-neuer-flyer\/#respond"]}]},{"@type":"WebPage","@id":"https:\/\/www.el-pan-alegre.org\/wordpress\/59-neuer-flyer\/","url":"https:\/\/www.el-pan-alegre.org\/wordpress\/59-neuer-flyer\/","name":"Neuer Flyer - El Pan Alegre","isPartOf":{"@id":"https:\/\/www.el-pan-alegre.org\/wordpress\/#website"},"primaryImageOfPage":{"@id":"https:\/\/www.el-pan-alegre.org\/wordpress\/59-neuer-flyer\/#primaryimage"},"image":{"@id":"https:\/\/www.el-pan-alegre.org\/wordpress\/59-neuer-flyer\/#primaryimage"},"thumbnailUrl":"https:\/\/www.el-pan-alegre.org\/wordpress\/wp-content\/uploads\/2011\/08\/FOTO-Flyer_aussen.jpg","datePublished":"2011-08-10T17:55:00+00:00","dateModified":"2015-04-14T08:05:24+00:00","author":{"@id":"https:\/\/www.el-pan-alegre.org\/wordpress\/#\/schema\/person\/a61ba0bec6094c61dbf9da4e4e4e5bfe"},"breadcrumb":{"@id":"https:\/\/www.el-pan-alegre.org\/wordpress\/59-neuer-flyer\/#breadcrumb"},"inLanguage":"de","potentialAction":[{"@type":"ReadAction","target":["https:\/\/www.el-pan-alegre.org\/wordpress\/59-neuer-flyer\/"]}]},{"@type":"ImageObject","inLanguage":"de","@id":"https:\/\/www.el-pan-alegre.org\/wordpress\/59-neuer-flyer\/#primaryimage","url":"https:\/\/www.el-pan-alegre.org\/wordpress\/wp-content\/uploads\/2011\/08\/FOTO-Flyer_aussen.jpg","contentUrl":"https:\/\/www.el-pan-alegre.org\/wordpress\/wp-content\/uploads\/2011\/08\/FOTO-Flyer_aussen.jpg","width":1024,"height":355},{"@type":"BreadcrumbList","@id":"https:\/\/www.el-pan-alegre.org\/wordpress\/59-neuer-flyer\/#breadcrumb","itemListElement":[{"@type":"ListItem","position":1,"name":"Home","item":"https:\/\/www.el-pan-alegre.org\/wordpress\/"},{"@type":"ListItem","position":2,"name":"Neuer Flyer"}]},{"@type":"WebSite","@id":"https:\/\/www.el-pan-alegre.org\/wordpress\/#website","url":"https:\/\/www.el-pan-alegre.org\/wordpress\/","name":"El Pan Alegre","description":"Das Fr\u00f6hliche Brot","potentialAction":[{"@type":"SearchAction","target":{"@type":"EntryPoint","urlTemplate":"https:\/\/www.el-pan-alegre.org\/wordpress\/?s={search_term_string}"},"query-input":{"@type":"PropertyValueSpecification","valueRequired":true,"valueName":"search_term_string"}}],"inLanguage":"de"},{"@type":"Person","@id":"https:\/\/www.el-pan-alegre.org\/wordpress\/#\/schema\/person\/a61ba0bec6094c61dbf9da4e4e4e5bfe","name":"Anja Mocker","image":{"@type":"ImageObject","inLanguage":"de","@id":"https:\/\/secure.gravatar.com\/avatar\/c283b0b556471cdaac4be59c661b13c1e141f08ca0dd2eb8f8d587262d7f04bb?s=96&d=identicon&r=g","url":"https:\/\/secure.gravatar.com\/avatar\/c283b0b556471cdaac4be59c661b13c1e141f08ca0dd2eb8f8d587262d7f04bb?s=96&d=identicon&r=g","contentUrl":"https:\/\/secure.gravatar.com\/avatar\/c283b0b556471cdaac4be59c661b13c1e141f08ca0dd2eb8f8d587262d7f04bb?s=96&d=identicon&r=g","caption":"Anja Mocker"},"url":"https:\/\/www.el-pan-alegre.org\/wordpress\/author\/admin\/"}]}},"jetpack_publicize_connections":[],"jetpack_featured_media_url":"https:\/\/www.el-pan-alegre.org\/wordpress\/wp-content\/uploads\/2011\/08\/FOTO-Flyer_aussen.jpg","jetpack_sharing_enabled":true,"jetpack_shortlink":"https:\/\/wp.me\/p62TDh-X","jetpack-related-posts":[{"id":115,"url":"https:\/\/www.el-pan-alegre.org\/wordpress\/115-115\/","url_meta":{"origin":59,"position":0},"title":"&#8222;Fr\u00f6hliches Brot&#8220; im FEZ-Berlin","author":"Anja Mocker","date":"10. Oktober 2009","format":false,"excerpt":"Das Fr\u00f6hliche Brot st\u00fcrzt sich morgen im FEZ ins Abenteuer ... Zur Erinnerung: Der Verein ist eingeladen, im Rahmen von \"Abenteuer Gesundheit\" in Europas gr\u00f6\u00dftem Freizeit- und Erholungszentrum den Amaranth vorzustellen. Morgen am Familientag gibt es dazu von 10 bis 18 Uhr einen Informationsstand und am Montag und Dienstag f\u00fcr\u2026","rel":"","context":"In &quot;Amaranth&quot;","block_context":{"text":"Amaranth","link":"https:\/\/www.el-pan-alegre.org\/wordpress\/kategorie\/amaranth\/"},"img":{"alt_text":"","src":"https:\/\/i0.wp.com\/www.el-pan-alegre.org\/wordpress\/wp-content\/uploads\/2009\/10\/DSC08679.jpg?resize=350%2C200&ssl=1","width":350,"height":200,"srcset":"https:\/\/i0.wp.com\/www.el-pan-alegre.org\/wordpress\/wp-content\/uploads\/2009\/10\/DSC08679.jpg?resize=350%2C200&ssl=1 1x, https:\/\/i0.wp.com\/www.el-pan-alegre.org\/wordpress\/wp-content\/uploads\/2009\/10\/DSC08679.jpg?resize=525%2C300&ssl=1 1.5x, https:\/\/i0.wp.com\/www.el-pan-alegre.org\/wordpress\/wp-content\/uploads\/2009\/10\/DSC08679.jpg?resize=700%2C400&ssl=1 2x"},"classes":[]},{"id":121,"url":"https:\/\/www.el-pan-alegre.org\/wordpress\/121-121\/","url_meta":{"origin":59,"position":1},"title":"Nicht nur in den Sommerferien:\"Mal\u2026","author":"Anja Mocker","date":"20. August 2009","format":false,"excerpt":"Nicht nur in den Sommerferien:\"Mal richtig abschalten!\"Genauso wie der wachsende Plastikt\u00fcten-Abfallteppich auf den Ozeanen (s. vorhergehenden Beitrag) ist auch die Nutzung der Atomkraft mit dem anfallenden Atom-M\u00fcll eine tickende Zeitbombe.Beides richtet jetzt schon ungeheure Sch\u00e4den an, wenn auch noch da, wo wir es nicht jeden Tag sehen (aber das ist\u2026","rel":"","context":"In &quot;Biogas&quot;","block_context":{"text":"Biogas","link":"https:\/\/www.el-pan-alegre.org\/wordpress\/kategorie\/biogas\/"},"img":{"alt_text":"","src":"https:\/\/i0.wp.com\/www.el-pan-alegre.org\/wordpress\/wp-content\/uploads\/2009\/08\/endlagersuche.jpg?resize=350%2C200&ssl=1","width":350,"height":200,"srcset":"https:\/\/i0.wp.com\/www.el-pan-alegre.org\/wordpress\/wp-content\/uploads\/2009\/08\/endlagersuche.jpg?resize=350%2C200&ssl=1 1x, https:\/\/i0.wp.com\/www.el-pan-alegre.org\/wordpress\/wp-content\/uploads\/2009\/08\/endlagersuche.jpg?resize=525%2C300&ssl=1 1.5x"},"classes":[]},{"id":2918,"url":"https:\/\/www.el-pan-alegre.org\/wordpress\/2918-amaranth-ernte-am-23-09-im-gemeinschaftsgarten-menschenskindergarten\/","url_meta":{"origin":59,"position":2},"title":"AMARANTH-ERNTE am 23.09. im Gemeinschaftsgarten MenschenskinderGarten","author":"Anja Mocker","date":"31. August 2023","format":false,"excerpt":"Der Amaranth w\u00e4chst jetzt auch im MenschenskinderGarten!!! Seit diesem Jahr ist \"El Pan Alegre\" ein Kooperationsprojekt von menschenskinder-berlin gGmbH. Die Samen wurden Anfang Juni 2023 auf dem Schaubeet ausgebracht. Nach anf\u00e4nglicher Trockenheit sind einige S\u00e4mlinge verschwunden. Doch die, die es \u00fcberstanden haben wurden mit reichlich Regen in den Ferienwochen belohnt\u2026","rel":"","context":"In &quot;Amaranth&quot;","block_context":{"text":"Amaranth","link":"https:\/\/www.el-pan-alegre.org\/wordpress\/kategorie\/amaranth\/"},"img":{"alt_text":"","src":"https:\/\/i0.wp.com\/www.el-pan-alegre.org\/wordpress\/wp-content\/uploads\/2023\/08\/230831-EBM_Amaranthernte-23-09-2023_V2.jpg?resize=350%2C200&ssl=1","width":350,"height":200,"srcset":"https:\/\/i0.wp.com\/www.el-pan-alegre.org\/wordpress\/wp-content\/uploads\/2023\/08\/230831-EBM_Amaranthernte-23-09-2023_V2.jpg?resize=350%2C200&ssl=1 1x, https:\/\/i0.wp.com\/www.el-pan-alegre.org\/wordpress\/wp-content\/uploads\/2023\/08\/230831-EBM_Amaranthernte-23-09-2023_V2.jpg?resize=525%2C300&ssl=1 1.5x, https:\/\/i0.wp.com\/www.el-pan-alegre.org\/wordpress\/wp-content\/uploads\/2023\/08\/230831-EBM_Amaranthernte-23-09-2023_V2.jpg?resize=700%2C400&ssl=1 2x, https:\/\/i0.wp.com\/www.el-pan-alegre.org\/wordpress\/wp-content\/uploads\/2023\/08\/230831-EBM_Amaranthernte-23-09-2023_V2.jpg?resize=1050%2C600&ssl=1 3x"},"classes":[]},{"id":2387,"url":"https:\/\/www.el-pan-alegre.org\/wordpress\/2387-fuer-die-zukunft-bilden-bne-esd-2030\/","url_meta":{"origin":59,"position":3},"title":"F\u00fcr die Zukunft bilden: BNE\/ESD 2030","author":"Madeleine Porr","date":"25. Mai 2020","format":false,"excerpt":"Was auf den ersten Blick wie ein neuer Virusname aussieht, hat ungebrochen das Potenzial, die Welt zu ver\u00e4ndern: Bildung f\u00fcr Nachhaltige Entwicklung (BNE). 2020 ist das UN-Programm \u201eESD for 2030\u201c gestartet.","rel":"","context":"In &quot;Allgemein&quot;","block_context":{"text":"Allgemein","link":"https:\/\/www.el-pan-alegre.org\/wordpress\/kategorie\/allgemein\/"},"img":{"alt_text":"","src":"https:\/\/i0.wp.com\/www.el-pan-alegre.org\/wordpress\/wp-content\/uploads\/2020\/05\/tim-mossholder-WE_Kv_ZB1l0-unsplash_WEB-1.jpg?resize=350%2C200&ssl=1","width":350,"height":200,"srcset":"https:\/\/i0.wp.com\/www.el-pan-alegre.org\/wordpress\/wp-content\/uploads\/2020\/05\/tim-mossholder-WE_Kv_ZB1l0-unsplash_WEB-1.jpg?resize=350%2C200&ssl=1 1x, https:\/\/i0.wp.com\/www.el-pan-alegre.org\/wordpress\/wp-content\/uploads\/2020\/05\/tim-mossholder-WE_Kv_ZB1l0-unsplash_WEB-1.jpg?resize=525%2C300&ssl=1 1.5x"},"classes":[]},{"id":71,"url":"https:\/\/www.el-pan-alegre.org\/wordpress\/71-maeva-ist-vollendet-und-geht-auf-tour\/","url_meta":{"origin":59,"position":4},"title":"Maeva! ist vollendet und geht auf Tour","author":"Anja Mocker","date":"4. M\u00e4rz 2011","format":false,"excerpt":"Welch ein Freude!!!! Erstmalige Lesungen werden am 12. M\u00e4rz auf dem Geldkongress in Berlin und am 17. M\u00e4rz bei der MAEVA! Party in Leipzig stattfinden.En Buenas Manos e.V. wird mit gro\u00dfer Freude dabei sein.\u201eEs beginnt, wenn wir anfangen zu handeln!\u201c\"Dirk C. Flecks neuer Roman MAEVA! erscheint p\u00fcnktlich zur Leipziger Buchmesse\u2026","rel":"","context":"In &quot;B\u00fccher&quot;","block_context":{"text":"B\u00fccher","link":"https:\/\/www.el-pan-alegre.org\/wordpress\/kategorie\/buecher\/"},"img":{"alt_text":"","src":"","width":0,"height":0},"classes":[]},{"id":167,"url":"https:\/\/www.el-pan-alegre.org\/wordpress\/167-zum-einstieg-as-a-beginning-para-arrancar\/","url_meta":{"origin":59,"position":5},"title":"Zum Einstieg &#8230; \/ As a beginning &#8230; \/ Para arrancar &#8230;","author":"Anja Mocker","date":"23. Februar 2007","format":false,"excerpt":"Das Kommunikationsmedium Blog ist neu f\u00fcr mich und meine Arbeit an dem Biogas- und Amaranth-Projekt El Pan Alegre \/ Das Fr\u00f6hliche Brot. Ich m\u00f6chte es nutzen, um \u00fcber die n\u00fcchternen \"technischen\" Details (auf der Webseite, s.u.) hinaus auch andere Erfahrungen festzuhalten und weiterzugeben, die ebenfalls zur Entwicklung des Projektes beigetragen\u2026","rel":"","context":"In &quot;espa\u00f1ol&quot;","block_context":{"text":"espa\u00f1ol","link":"https:\/\/www.el-pan-alegre.org\/wordpress\/kategorie\/espanol\/"},"img":{"alt_text":"","src":"","width":0,"height":0},"classes":[]}],"_links":{"self":[{"href":"https:\/\/www.el-pan-alegre.org\/wordpress\/wp-json\/wp\/v2\/posts\/59","targetHints":{"allow":["GET"]}}],"collection":[{"href":"https:\/\/www.el-pan-alegre.org\/wordpress\/wp-json\/wp\/v2\/posts"}],"about":[{"href":"https:\/\/www.el-pan-alegre.org\/wordpress\/wp-json\/wp\/v2\/types\/post"}],"author":[{"embeddable":true,"href":"https:\/\/www.el-pan-alegre.org\/wordpress\/wp-json\/wp\/v2\/users\/1"}],"replies":[{"embeddable":true,"href":"https:\/\/www.el-pan-alegre.org\/wordpress\/wp-json\/wp\/v2\/comments?post=59"}],"version-history":[{"count":0,"href":"https:\/\/www.el-pan-alegre.org\/wordpress\/wp-json\/wp\/v2\/posts\/59\/revisions"}],"wp:featuredmedia":[{"embeddable":true,"href":"https:\/\/www.el-pan-alegre.org\/wordpress\/wp-json\/wp\/v2\/media\/296"}],"wp:attachment":[{"href":"https:\/\/www.el-pan-alegre.org\/wordpress\/wp-json\/wp\/v2\/media?parent=59"}],"wp:term":[{"taxonomy":"category","embeddable":true,"href":"https:\/\/www.el-pan-alegre.org\/wordpress\/wp-json\/wp\/v2\/categories?post=59"},{"taxonomy":"post_tag","embeddable":true,"href":"https:\/\/www.el-pan-alegre.org\/wordpress\/wp-json\/wp\/v2\/tags?post=59"}],"curies":[{"name":"wp","href":"https:\/\/api.w.org\/{rel}","templated":true}]}}