{"id":58,"date":"2011-08-24T02:21:00","date_gmt":"2011-08-24T00:21:00","guid":{"rendered":"http:\/\/www.el-pan-alegre.org\/wordpress\/58-schon-so-viel-neue-welt\/"},"modified":"2017-10-31T00:39:53","modified_gmt":"2017-10-30T23:39:53","slug":"schon-so-viel-neue-welt","status":"publish","type":"post","link":"https:\/\/www.el-pan-alegre.org\/wordpress\/58-schon-so-viel-neue-welt\/","title":{"rendered":"Schon so viel Neue Welt &#8230;"},"content":{"rendered":"<p><em>von Madeleine Porr<\/em><\/p>\n<p><span style=\"font-size: 130%;\"><span style=\"font-family: trebuchet ms;\">Jeden Tag werden wir mehr: mehr Ideen, mehr Initiativen, mehr Konzepte, mehr konkrete Projekte, die die Probleme unserer Zeit auf pfiffig-konstruktive Weise beim Kragen packen und sie in (gemein-)nutzbringende L\u00f6sungen verwandeln &#8211; das nenn&#8216; ich Wachstum at its very best!<\/span><\/span><\/p>\n<p><span style=\"font-family: trebuchet ms;\">Unm\u00f6glich, alle zu kennen und angemessen zu w\u00fcrdigen, aber ein Hinweis muss schon immer mal wieder sein! Deshalb hier schnell stellvertretend und unsortiert ein klitzekleiner Querschnitt, wie er sich aus einer Reihe spannender Newsletter, Infos und Links in den letzten Wochen ergeben hat:<\/span><\/p>\n<p><span style=\"font-family: trebuchet ms;\"><a href=\"http:\/\/www.ueber-lebenskunst.org\/contents\/page_view\/nodeId:4\">\u00dcber Lebenskunst<\/a> und die &#8222;<a href=\"http:\/\/www.vorratskammer.myvillages.org\/index.php?start=0\">vorratskammer<\/a>&#8222;<\/span><\/p>\n<p><span style=\"font-family: trebuchet ms;\"><a href=\"http:\/\/www.markthalle9.de\/\">Markthalle IX<\/a> und der &#8222;<a href=\"http:\/\/handmade-supermarket.de\/\">handmade supermarket<\/a>&#8222;<\/span><\/p>\n<p><span style=\"font-family: trebuchet ms;\"><a href=\"http:\/\/www.berlin21.net\/wirberuns\/\">Berlin 21<\/a>; <a href=\"http:\/\/www.zukunftsrat.de\/\">Zukunftsrat Hamburg<\/a><\/span><\/p>\n<p><span style=\"font-family: trebuchet ms;\">(Deutschland)<\/span><\/p>\n<p><a href=\"http:\/\/www.auroville.org\/\">Auroville<\/a>;<\/p>\n<p><a href=\"http:\/\/www.protovillage.org\/ProtoVillage\/Home.html\">ProtoVillage<\/a><\/p>\n<p>(Indien)<\/p>\n<p><a href=\"http:\/\/www.loe.org\/shows\/segments.html?programID=11-P13-00006&amp;segmentID=6\"><span style=\"font-family: trebuchet ms;\">&#8222;Trash to Treasure&#8220;<\/span><\/a><\/p>\n<p><span style=\"font-family: trebuchet ms;\">(Guatemala)<\/span><\/p>\n<p><a href=\"http:\/\/greennigeria.wordpress.com\/2011\/08\/12\/nigeria-recycles-plastic-bottles-into-housing\/\"><span style=\"font-family: trebuchet ms;\">Plastic bottles recycled into housing<\/span><\/a><\/p>\n<p><span style=\"font-family: trebuchet ms;\">(Nigeria)<\/span><\/p>\n<p><span style=\"font-family: trebuchet ms;\"><a href=\"http:\/\/www.eco-tecnologia.com\/portal\/proyectos.php\">Eco-Tec Soluciones Ambientales<\/a> -&#8222;Conclusiones\/Lecciones Aprendidas: Todo es posible&#8220; \/ &#8222;Fazit aus den Projekten: Alles ist m\u00f6glich&#8220;<\/span><\/p>\n<p><span style=\"font-family: trebuchet ms;\">(Honduras)<\/span><\/p>\n<p><span style=\"font-family: trebuchet ms;\">und last but not least:<\/span><\/p>\n<p><span style=\"font-family: trebuchet ms;\"><a href=\"http:\/\/www.grundeinkommenbonn.de\/wiki\/images\/Katalog_A4_k.pdf\">Grundeinkommen in Otjivero-Omitara<\/a> &#8211; eine Wanderausstellung zu den wunderbaren Erfahrungen dort kann <a href=\"http:\/\/grundeinkommenbonn.de\/wiki\/index.php\/Namibia-Ausstellung\">hier<\/a> in Deutschland gebucht werden<\/span><\/p>\n<p><span style=\"font-family: trebuchet ms;\">(Namibia)<\/span><\/p>\n<p><span style=\"font-weight: bold; font-family: trebuchet ms;\">Da lacht das Herz, stimmt&#8217;s?<\/span><\/p>\n<div style=\"text-align: center; color: #ff0000;\">\n<p><span style=\"font-size: 180%;\"><span style=\"font-family: trebuchet ms;\">* * *<\/span><\/span><\/p>\n<\/div>\n","protected":false},"excerpt":{"rendered":"<p>von Madeleine Porr Jeden Tag werden wir mehr: mehr Ideen, mehr Initiativen, mehr Konzepte, mehr konkrete Projekte, die die Probleme unserer Zeit auf pfiffig-konstruktive Weise beim Kragen packen und sie in (gemein-)nutzbringende L\u00f6sungen verwandeln &#8211; das nenn&#8216; ich Wachstum at &hellip; <a href=\"https:\/\/www.el-pan-alegre.org\/wordpress\/58-schon-so-viel-neue-welt\/\">Weiterlesen <span class=\"meta-nav\">&rarr;<\/span><\/a><\/p>\n","protected":false},"author":1,"featured_media":0,"comment_status":"open","ping_status":"open","sticky":false,"template":"","format":"standard","meta":{"jetpack_post_was_ever_published":false,"_jetpack_newsletter_access":"","_jetpack_dont_email_post_to_subs":false,"_jetpack_newsletter_tier_id":0,"_jetpack_memberships_contains_paywalled_content":false,"_jetpack_memberships_contains_paid_content":false,"footnotes":"","jetpack_publicize_message":"","jetpack_publicize_feature_enabled":true,"jetpack_social_post_already_shared":false,"jetpack_social_options":{"image_generator_settings":{"template":"highway","default_image_id":0,"font":"","enabled":false},"version":2}},"categories":[56,13,7,6,5,61],"tags":[],"class_list":["post-58","post","type-post","status-publish","format-standard","hentry","category-buen-vivir","category-espanol","category-gemeinwohlorientiertes-wirtschaften","category-information","category-kommunikation","category-porr"],"yoast_head":"<!-- This site is optimized with the Yoast SEO plugin v27.5 - https:\/\/yoast.com\/product\/yoast-seo-wordpress\/ -->\n<title>Schon so viel Neue Welt ... - El Pan Alegre<\/title>\n<meta name=\"robots\" content=\"index, follow, max-snippet:-1, max-image-preview:large, max-video-preview:-1\" \/>\n<link rel=\"canonical\" href=\"https:\/\/www.el-pan-alegre.org\/wordpress\/58-schon-so-viel-neue-welt\/\" \/>\n<meta property=\"og:locale\" content=\"de_DE\" \/>\n<meta property=\"og:type\" content=\"article\" \/>\n<meta property=\"og:title\" content=\"Schon so viel Neue Welt ... - El Pan Alegre\" \/>\n<meta property=\"og:description\" content=\"von Madeleine Porr Jeden Tag werden wir mehr: mehr Ideen, mehr Initiativen, mehr Konzepte, mehr konkrete Projekte, die die Probleme unserer Zeit auf pfiffig-konstruktive Weise beim Kragen packen und sie in (gemein-)nutzbringende L\u00f6sungen verwandeln &#8211; das nenn&#8216; ich Wachstum at &hellip; Weiterlesen &rarr;\" \/>\n<meta property=\"og:url\" content=\"https:\/\/www.el-pan-alegre.org\/wordpress\/58-schon-so-viel-neue-welt\/\" \/>\n<meta property=\"og:site_name\" content=\"El Pan Alegre\" \/>\n<meta property=\"article:published_time\" content=\"2011-08-24T00:21:00+00:00\" \/>\n<meta property=\"article:modified_time\" content=\"2017-10-30T23:39:53+00:00\" \/>\n<meta name=\"author\" content=\"Anja Mocker\" \/>\n<meta name=\"twitter:card\" content=\"summary_large_image\" \/>\n<meta name=\"twitter:label1\" content=\"Verfasst von\" \/>\n\t<meta name=\"twitter:data1\" content=\"Anja Mocker\" \/>\n\t<meta name=\"twitter:label2\" content=\"Gesch\u00e4tzte Lesezeit\" \/>\n\t<meta name=\"twitter:data2\" content=\"1\u00a0Minute\" \/>\n<script type=\"application\/ld+json\" class=\"yoast-schema-graph\">{\"@context\":\"https:\\\/\\\/schema.org\",\"@graph\":[{\"@type\":\"Article\",\"@id\":\"https:\\\/\\\/www.el-pan-alegre.org\\\/wordpress\\\/58-schon-so-viel-neue-welt\\\/#article\",\"isPartOf\":{\"@id\":\"https:\\\/\\\/www.el-pan-alegre.org\\\/wordpress\\\/58-schon-so-viel-neue-welt\\\/\"},\"author\":{\"name\":\"Anja Mocker\",\"@id\":\"https:\\\/\\\/www.el-pan-alegre.org\\\/wordpress\\\/#\\\/schema\\\/person\\\/a61ba0bec6094c61dbf9da4e4e4e5bfe\"},\"headline\":\"Schon so viel Neue Welt &#8230;\",\"datePublished\":\"2011-08-24T00:21:00+00:00\",\"dateModified\":\"2017-10-30T23:39:53+00:00\",\"mainEntityOfPage\":{\"@id\":\"https:\\\/\\\/www.el-pan-alegre.org\\\/wordpress\\\/58-schon-so-viel-neue-welt\\\/\"},\"wordCount\":170,\"commentCount\":0,\"articleSection\":[\"Buen Vivir\",\"espa\u00f1ol\",\"gemeinwohlorientiertes Wirtschaften\",\"Information\",\"Kommunikation\",\"Porr\"],\"inLanguage\":\"de\",\"potentialAction\":[{\"@type\":\"CommentAction\",\"name\":\"Comment\",\"target\":[\"https:\\\/\\\/www.el-pan-alegre.org\\\/wordpress\\\/58-schon-so-viel-neue-welt\\\/#respond\"]}]},{\"@type\":\"WebPage\",\"@id\":\"https:\\\/\\\/www.el-pan-alegre.org\\\/wordpress\\\/58-schon-so-viel-neue-welt\\\/\",\"url\":\"https:\\\/\\\/www.el-pan-alegre.org\\\/wordpress\\\/58-schon-so-viel-neue-welt\\\/\",\"name\":\"Schon so viel Neue Welt ... - El Pan Alegre\",\"isPartOf\":{\"@id\":\"https:\\\/\\\/www.el-pan-alegre.org\\\/wordpress\\\/#website\"},\"datePublished\":\"2011-08-24T00:21:00+00:00\",\"dateModified\":\"2017-10-30T23:39:53+00:00\",\"author\":{\"@id\":\"https:\\\/\\\/www.el-pan-alegre.org\\\/wordpress\\\/#\\\/schema\\\/person\\\/a61ba0bec6094c61dbf9da4e4e4e5bfe\"},\"breadcrumb\":{\"@id\":\"https:\\\/\\\/www.el-pan-alegre.org\\\/wordpress\\\/58-schon-so-viel-neue-welt\\\/#breadcrumb\"},\"inLanguage\":\"de\",\"potentialAction\":[{\"@type\":\"ReadAction\",\"target\":[\"https:\\\/\\\/www.el-pan-alegre.org\\\/wordpress\\\/58-schon-so-viel-neue-welt\\\/\"]}]},{\"@type\":\"BreadcrumbList\",\"@id\":\"https:\\\/\\\/www.el-pan-alegre.org\\\/wordpress\\\/58-schon-so-viel-neue-welt\\\/#breadcrumb\",\"itemListElement\":[{\"@type\":\"ListItem\",\"position\":1,\"name\":\"Home\",\"item\":\"https:\\\/\\\/www.el-pan-alegre.org\\\/wordpress\\\/\"},{\"@type\":\"ListItem\",\"position\":2,\"name\":\"Schon so viel Neue Welt &#8230;\"}]},{\"@type\":\"WebSite\",\"@id\":\"https:\\\/\\\/www.el-pan-alegre.org\\\/wordpress\\\/#website\",\"url\":\"https:\\\/\\\/www.el-pan-alegre.org\\\/wordpress\\\/\",\"name\":\"El Pan Alegre\",\"description\":\"Das Fr\u00f6hliche Brot\",\"potentialAction\":[{\"@type\":\"SearchAction\",\"target\":{\"@type\":\"EntryPoint\",\"urlTemplate\":\"https:\\\/\\\/www.el-pan-alegre.org\\\/wordpress\\\/?s={search_term_string}\"},\"query-input\":{\"@type\":\"PropertyValueSpecification\",\"valueRequired\":true,\"valueName\":\"search_term_string\"}}],\"inLanguage\":\"de\"},{\"@type\":\"Person\",\"@id\":\"https:\\\/\\\/www.el-pan-alegre.org\\\/wordpress\\\/#\\\/schema\\\/person\\\/a61ba0bec6094c61dbf9da4e4e4e5bfe\",\"name\":\"Anja Mocker\",\"image\":{\"@type\":\"ImageObject\",\"inLanguage\":\"de\",\"@id\":\"https:\\\/\\\/secure.gravatar.com\\\/avatar\\\/c283b0b556471cdaac4be59c661b13c1e141f08ca0dd2eb8f8d587262d7f04bb?s=96&d=identicon&r=g\",\"url\":\"https:\\\/\\\/secure.gravatar.com\\\/avatar\\\/c283b0b556471cdaac4be59c661b13c1e141f08ca0dd2eb8f8d587262d7f04bb?s=96&d=identicon&r=g\",\"contentUrl\":\"https:\\\/\\\/secure.gravatar.com\\\/avatar\\\/c283b0b556471cdaac4be59c661b13c1e141f08ca0dd2eb8f8d587262d7f04bb?s=96&d=identicon&r=g\",\"caption\":\"Anja Mocker\"},\"url\":\"https:\\\/\\\/www.el-pan-alegre.org\\\/wordpress\\\/author\\\/admin\\\/\"}]}<\/script>\n<!-- \/ Yoast SEO plugin. -->","yoast_head_json":{"title":"Schon so viel Neue Welt ... - El Pan Alegre","robots":{"index":"index","follow":"follow","max-snippet":"max-snippet:-1","max-image-preview":"max-image-preview:large","max-video-preview":"max-video-preview:-1"},"canonical":"https:\/\/www.el-pan-alegre.org\/wordpress\/58-schon-so-viel-neue-welt\/","og_locale":"de_DE","og_type":"article","og_title":"Schon so viel Neue Welt ... - El Pan Alegre","og_description":"von Madeleine Porr Jeden Tag werden wir mehr: mehr Ideen, mehr Initiativen, mehr Konzepte, mehr konkrete Projekte, die die Probleme unserer Zeit auf pfiffig-konstruktive Weise beim Kragen packen und sie in (gemein-)nutzbringende L\u00f6sungen verwandeln &#8211; das nenn&#8216; ich Wachstum at &hellip; Weiterlesen &rarr;","og_url":"https:\/\/www.el-pan-alegre.org\/wordpress\/58-schon-so-viel-neue-welt\/","og_site_name":"El Pan Alegre","article_published_time":"2011-08-24T00:21:00+00:00","article_modified_time":"2017-10-30T23:39:53+00:00","author":"Anja Mocker","twitter_card":"summary_large_image","twitter_misc":{"Verfasst von":"Anja Mocker","Gesch\u00e4tzte Lesezeit":"1\u00a0Minute"},"schema":{"@context":"https:\/\/schema.org","@graph":[{"@type":"Article","@id":"https:\/\/www.el-pan-alegre.org\/wordpress\/58-schon-so-viel-neue-welt\/#article","isPartOf":{"@id":"https:\/\/www.el-pan-alegre.org\/wordpress\/58-schon-so-viel-neue-welt\/"},"author":{"name":"Anja Mocker","@id":"https:\/\/www.el-pan-alegre.org\/wordpress\/#\/schema\/person\/a61ba0bec6094c61dbf9da4e4e4e5bfe"},"headline":"Schon so viel Neue Welt &#8230;","datePublished":"2011-08-24T00:21:00+00:00","dateModified":"2017-10-30T23:39:53+00:00","mainEntityOfPage":{"@id":"https:\/\/www.el-pan-alegre.org\/wordpress\/58-schon-so-viel-neue-welt\/"},"wordCount":170,"commentCount":0,"articleSection":["Buen Vivir","espa\u00f1ol","gemeinwohlorientiertes Wirtschaften","Information","Kommunikation","Porr"],"inLanguage":"de","potentialAction":[{"@type":"CommentAction","name":"Comment","target":["https:\/\/www.el-pan-alegre.org\/wordpress\/58-schon-so-viel-neue-welt\/#respond"]}]},{"@type":"WebPage","@id":"https:\/\/www.el-pan-alegre.org\/wordpress\/58-schon-so-viel-neue-welt\/","url":"https:\/\/www.el-pan-alegre.org\/wordpress\/58-schon-so-viel-neue-welt\/","name":"Schon so viel Neue Welt ... - El Pan Alegre","isPartOf":{"@id":"https:\/\/www.el-pan-alegre.org\/wordpress\/#website"},"datePublished":"2011-08-24T00:21:00+00:00","dateModified":"2017-10-30T23:39:53+00:00","author":{"@id":"https:\/\/www.el-pan-alegre.org\/wordpress\/#\/schema\/person\/a61ba0bec6094c61dbf9da4e4e4e5bfe"},"breadcrumb":{"@id":"https:\/\/www.el-pan-alegre.org\/wordpress\/58-schon-so-viel-neue-welt\/#breadcrumb"},"inLanguage":"de","potentialAction":[{"@type":"ReadAction","target":["https:\/\/www.el-pan-alegre.org\/wordpress\/58-schon-so-viel-neue-welt\/"]}]},{"@type":"BreadcrumbList","@id":"https:\/\/www.el-pan-alegre.org\/wordpress\/58-schon-so-viel-neue-welt\/#breadcrumb","itemListElement":[{"@type":"ListItem","position":1,"name":"Home","item":"https:\/\/www.el-pan-alegre.org\/wordpress\/"},{"@type":"ListItem","position":2,"name":"Schon so viel Neue Welt &#8230;"}]},{"@type":"WebSite","@id":"https:\/\/www.el-pan-alegre.org\/wordpress\/#website","url":"https:\/\/www.el-pan-alegre.org\/wordpress\/","name":"El Pan Alegre","description":"Das Fr\u00f6hliche Brot","potentialAction":[{"@type":"SearchAction","target":{"@type":"EntryPoint","urlTemplate":"https:\/\/www.el-pan-alegre.org\/wordpress\/?s={search_term_string}"},"query-input":{"@type":"PropertyValueSpecification","valueRequired":true,"valueName":"search_term_string"}}],"inLanguage":"de"},{"@type":"Person","@id":"https:\/\/www.el-pan-alegre.org\/wordpress\/#\/schema\/person\/a61ba0bec6094c61dbf9da4e4e4e5bfe","name":"Anja Mocker","image":{"@type":"ImageObject","inLanguage":"de","@id":"https:\/\/secure.gravatar.com\/avatar\/c283b0b556471cdaac4be59c661b13c1e141f08ca0dd2eb8f8d587262d7f04bb?s=96&d=identicon&r=g","url":"https:\/\/secure.gravatar.com\/avatar\/c283b0b556471cdaac4be59c661b13c1e141f08ca0dd2eb8f8d587262d7f04bb?s=96&d=identicon&r=g","contentUrl":"https:\/\/secure.gravatar.com\/avatar\/c283b0b556471cdaac4be59c661b13c1e141f08ca0dd2eb8f8d587262d7f04bb?s=96&d=identicon&r=g","caption":"Anja Mocker"},"url":"https:\/\/www.el-pan-alegre.org\/wordpress\/author\/admin\/"}]}},"jetpack_publicize_connections":[],"jetpack_featured_media_url":"","jetpack_sharing_enabled":false,"jetpack_shortlink":"https:\/\/wp.me\/p62TDh-W","jetpack-related-posts":[{"id":110,"url":"https:\/\/www.el-pan-alegre.org\/wordpress\/110-noch-mehr-gruesse-aus-havanna\/","url_meta":{"origin":58,"position":0},"title":"&#8230; noch mehr Gr\u00fc\u00dfe aus Havanna","author":"Anja Mocker","date":"15. Februar 2010","format":false,"excerpt":"von Madeleine Porr \u00a0 \u00a0 \u00a0 \u00a0 \u00a0 \u00a0 Auch die Pr\u00e4sentation des \"Tahiti-Projekts\" heute in der C\u00e1tedra Humboldt der Deutschfakult\u00e4t an der Uni Havanna war klasse, schon vorher und auch hinterher ein sehr lebendiger Austausch mit den jungen StudentInnen. Sie sind begeistert von den sch\u00f6pferischen M\u00f6glichkeiten, zu denen das\u2026","rel":"","context":"In &quot;Amaranth&quot;","block_context":{"text":"Amaranth","link":"https:\/\/www.el-pan-alegre.org\/wordpress\/kategorie\/amaranth\/"},"img":{"alt_text":"","src":"https:\/\/i0.wp.com\/www.el-pan-alegre.org\/wordpress\/wp-content\/uploads\/2010\/02\/AnkuendLesung2.jpg?resize=350%2C200&ssl=1","width":350,"height":200,"srcset":"https:\/\/i0.wp.com\/www.el-pan-alegre.org\/wordpress\/wp-content\/uploads\/2010\/02\/AnkuendLesung2.jpg?resize=350%2C200&ssl=1 1x, https:\/\/i0.wp.com\/www.el-pan-alegre.org\/wordpress\/wp-content\/uploads\/2010\/02\/AnkuendLesung2.jpg?resize=525%2C300&ssl=1 1.5x, https:\/\/i0.wp.com\/www.el-pan-alegre.org\/wordpress\/wp-content\/uploads\/2010\/02\/AnkuendLesung2.jpg?resize=700%2C400&ssl=1 2x"},"classes":[]},{"id":2569,"url":"https:\/\/www.el-pan-alegre.org\/wordpress\/2569-el-buen-vivir-der-mensch-lebt-nicht-vom-brot-allein\/","url_meta":{"origin":58,"position":1},"title":"El Buen Vivir &#8211; der Mensch lebt nicht vom Brot allein","author":"Madeleine Porr","date":"24. M\u00e4rz 2021","format":false,"excerpt":"Bild von Gerd Altmann auf Pixabay Aus immer mehr \"Fortschritt\" wird noch keine Zukunft. Wo wollen wir denn \u00fcberhaupt hin, als Menschheit auf diesem einzigartigen Planeten Erde? Mit seinem Audio-Projekt El Buen Vivir - die Magie des Wandels (zu h\u00f6ren ab Fr\u00fchjahr 2021) baut En Buenas Manos e. V. zusammen\u2026","rel":"","context":"In &quot;Allgemein&quot;","block_context":{"text":"Allgemein","link":"https:\/\/www.el-pan-alegre.org\/wordpress\/kategorie\/allgemein\/"},"img":{"alt_text":"","src":"https:\/\/i0.wp.com\/www.el-pan-alegre.org\/wordpress\/wp-content\/uploads\/2021\/03\/BV.jpg?resize=350%2C200&ssl=1","width":350,"height":200,"srcset":"https:\/\/i0.wp.com\/www.el-pan-alegre.org\/wordpress\/wp-content\/uploads\/2021\/03\/BV.jpg?resize=350%2C200&ssl=1 1x, https:\/\/i0.wp.com\/www.el-pan-alegre.org\/wordpress\/wp-content\/uploads\/2021\/03\/BV.jpg?resize=525%2C300&ssl=1 1.5x, https:\/\/i0.wp.com\/www.el-pan-alegre.org\/wordpress\/wp-content\/uploads\/2021\/03\/BV.jpg?resize=700%2C400&ssl=1 2x, https:\/\/i0.wp.com\/www.el-pan-alegre.org\/wordpress\/wp-content\/uploads\/2021\/03\/BV.jpg?resize=1050%2C600&ssl=1 3x"},"classes":[]},{"id":56,"url":"https:\/\/www.el-pan-alegre.org\/wordpress\/56-keine-kuerzungen-bei-kindern-und-jugendlichen\/","url_meta":{"origin":58,"position":2},"title":"KEINE K\u00dcRZUNGEN BEI KINDERN UND JUGENDLICHEN!","author":"Anja Mocker","date":"5. September 2011","format":false,"excerpt":"von Madeleine Porr Schritt f\u00fcr Schritt und still und leise sollen den Berliner Kinder- und Jugendeinrichtungen ihre F\u00d6RDERGELDER gestrichen werden - Ressourcen, DIE IHNEN GESETZLICH ZUSTEHEN, um die nachwachsenden Generationen in die Gesellschaft integrieren zu helfen. Das ist f\u00fcrwahr der Gipfel politischer Kurzsichtigkeit! Was Familien l\u00e4ngst nicht mehr leisten k\u00f6nnen\u2026","rel":"","context":"In &quot;FEZ&quot;","block_context":{"text":"FEZ","link":"https:\/\/www.el-pan-alegre.org\/wordpress\/kategorie\/fez\/"},"img":{"alt_text":"","src":"","width":0,"height":0},"classes":[]},{"id":103,"url":"https:\/\/www.el-pan-alegre.org\/wordpress\/103-haende-weg-vom-atomausstieg\/","url_meta":{"origin":58,"position":3},"title":"&#8222;H\u00c4NDE WEG VOM ATOMAUSSTIEG&#8220;","author":"Anja Mocker","date":"10. April 2010","format":false,"excerpt":"von Madeleine Porr Wir waren etwa 2000 kleine und gro\u00dfe, alte und junge Menschen, die heute Mittag die Auftakt-Kette f\u00fcr die \"KETTEN(re)AKTION am 24.04.2010\" formten (s. auch Blogeintrag v. 05.04.10). Wie immer bunt, laut, superphantasievoll und mit einer ganz eindeutigen Botschaft: ATOMKRAFTWERKE SOFORT ABSCHALTEN! \u00a0 \u00a0 \u00a0 Mehr Infos, mehr\u2026","rel":"","context":"In &quot;Fotos&quot;","block_context":{"text":"Fotos","link":"https:\/\/www.el-pan-alegre.org\/wordpress\/kategorie\/fotos\/"},"img":{"alt_text":"","src":"","width":0,"height":0},"classes":[]},{"id":1932,"url":"https:\/\/www.el-pan-alegre.org\/wordpress\/1932-gutes-gesundes-und-nachhaltiges-leben-wie-geht-das\/","url_meta":{"origin":58,"position":4},"title":"Gutes, gesundes und nachhaltiges Leben \u2013 wie geht das?","author":"Madeleine Porr","date":"20. November 2018","format":false,"excerpt":"Ende Oktober waren wir mit unserem Bildungsangebot f\u00fcr nachhaltige Entwicklung (BNE) Amaranth - das globale Powerkorn noch einmal in diesem Jahr in das Umweltbildungszentrum Kienbergpark (ehem. IGA-Umweltcampus 2017, s. Blog-Eintr\u00e4ge) eingeladen. Auf Initiative von Dagmar Krawczik (fr\u00fcher \"Gr\u00fcne Liga Berlin\") und in Kooperation mit Ulrich Nowikow bei Gr\u00fcn Berlin etabliert\u2026","rel":"","context":"In &quot;Allgemein&quot;","block_context":{"text":"Allgemein","link":"https:\/\/www.el-pan-alegre.org\/wordpress\/kategorie\/allgemein\/"},"img":{"alt_text":"","src":"https:\/\/i0.wp.com\/www.el-pan-alegre.org\/wordpress\/wp-content\/uploads\/2018\/12\/Ich_denk_mal_nachhaltig-1-300x240.jpg?resize=350%2C200","width":350,"height":200},"classes":[]},{"id":2992,"url":"https:\/\/www.el-pan-alegre.org\/wordpress\/2992-von-naehrstoffis-und-gemuesialen-superkraeften-stark-schlau-mit-einer-abenteuergeschichte\/","url_meta":{"origin":58,"position":5},"title":"Von N\u00e4hrstoffis und gem\u00fcsialen Superkr\u00e4ften: stark &#038; schlau mit einer Abenteuergeschichte!","author":"Madeleine Porr","date":"9. Juli 2024","format":false,"excerpt":"Quelle: Website \"Die N\u00e4hrstoffgeschichte\" Was f\u00fcr tolle Partner der Amaranth und Das Fr\u00f6hliche Brot jetzt an ihrer Seite haben: Magnus Magnesium, Jodi, Selena und Zinka, Dr. Kalzium, Kalle Kalium & Salzium und viele \"N\u00e4hrstoffis\" mehr nehmen Kinder ab 5 Jahren und ihre Familien mit in einen Krimi rund um die\u2026","rel":"","context":"In &quot;Allgemein&quot;","block_context":{"text":"Allgemein","link":"https:\/\/www.el-pan-alegre.org\/wordpress\/kategorie\/allgemein\/"},"img":{"alt_text":"","src":"https:\/\/i0.wp.com\/www.el-pan-alegre.org\/wordpress\/wp-content\/uploads\/2024\/07\/Die-Naehrstoffgeschichte.jpg?resize=350%2C200&ssl=1","width":350,"height":200,"srcset":"https:\/\/i0.wp.com\/www.el-pan-alegre.org\/wordpress\/wp-content\/uploads\/2024\/07\/Die-Naehrstoffgeschichte.jpg?resize=350%2C200&ssl=1 1x, https:\/\/i0.wp.com\/www.el-pan-alegre.org\/wordpress\/wp-content\/uploads\/2024\/07\/Die-Naehrstoffgeschichte.jpg?resize=525%2C300&ssl=1 1.5x, https:\/\/i0.wp.com\/www.el-pan-alegre.org\/wordpress\/wp-content\/uploads\/2024\/07\/Die-Naehrstoffgeschichte.jpg?resize=700%2C400&ssl=1 2x"},"classes":[]}],"_links":{"self":[{"href":"https:\/\/www.el-pan-alegre.org\/wordpress\/wp-json\/wp\/v2\/posts\/58","targetHints":{"allow":["GET"]}}],"collection":[{"href":"https:\/\/www.el-pan-alegre.org\/wordpress\/wp-json\/wp\/v2\/posts"}],"about":[{"href":"https:\/\/www.el-pan-alegre.org\/wordpress\/wp-json\/wp\/v2\/types\/post"}],"author":[{"embeddable":true,"href":"https:\/\/www.el-pan-alegre.org\/wordpress\/wp-json\/wp\/v2\/users\/1"}],"replies":[{"embeddable":true,"href":"https:\/\/www.el-pan-alegre.org\/wordpress\/wp-json\/wp\/v2\/comments?post=58"}],"version-history":[{"count":2,"href":"https:\/\/www.el-pan-alegre.org\/wordpress\/wp-json\/wp\/v2\/posts\/58\/revisions"}],"predecessor-version":[{"id":1711,"href":"https:\/\/www.el-pan-alegre.org\/wordpress\/wp-json\/wp\/v2\/posts\/58\/revisions\/1711"}],"wp:attachment":[{"href":"https:\/\/www.el-pan-alegre.org\/wordpress\/wp-json\/wp\/v2\/media?parent=58"}],"wp:term":[{"taxonomy":"category","embeddable":true,"href":"https:\/\/www.el-pan-alegre.org\/wordpress\/wp-json\/wp\/v2\/categories?post=58"},{"taxonomy":"post_tag","embeddable":true,"href":"https:\/\/www.el-pan-alegre.org\/wordpress\/wp-json\/wp\/v2\/tags?post=58"}],"curies":[{"name":"wp","href":"https:\/\/api.w.org\/{rel}","templated":true}]}}