{"id":56,"date":"2011-09-05T01:56:00","date_gmt":"2011-09-04T23:56:00","guid":{"rendered":"http:\/\/www.el-pan-alegre.org\/wordpress\/56-keine-kuerzungen-bei-kindern-und-jugendlichen\/"},"modified":"2017-10-31T00:41:03","modified_gmt":"2017-10-30T23:41:03","slug":"keine-kuerzungen-bei-kindern-und-jugendlichen","status":"publish","type":"post","link":"https:\/\/www.el-pan-alegre.org\/wordpress\/56-keine-kuerzungen-bei-kindern-und-jugendlichen\/","title":{"rendered":"KEINE K\u00dcRZUNGEN BEI KINDERN UND JUGENDLICHEN!"},"content":{"rendered":"<div>\n<div style=\"width: 400px; text-align: left;\"><a href=\"http:\/\/www.slide.com\/pivot?cy=bb&amp;at=un&amp;id=2954361355595861100&amp;map=2\" target=\"_blank\" rel=\"noopener\"><img decoding=\"async\" src=\"http:\/\/widget-6c.slide.com\/p2\/2954361355595861100\/bb_t047_v000_s0un_f00\/images\/xslide2.gif\" ismap=\"ismap\" border=\"0\" \/><\/a><\/div>\n<div><em>von Madeleine Porr<\/em><\/div>\n<\/div>\n<p><span style=\"font-size: 130%;\"><span style=\"font-family: verdana;\">Schritt f\u00fcr Schritt und still und leise sollen den Berliner Kinder- und Jugendeinrichtungen ihre F\u00d6RDERGELDER gestrichen werden &#8211; Ressourcen, DIE IHNEN <\/span><a style=\"font-family: verdana;\" href=\"http:\/\/jugendverschwindet.blogsport.de\/images\/Prof_Kunkel_Gutachten_Finanzierung_der_Jugendarbeit_Aug_2011.pdf\">GESETZLICH<\/a><span style=\"font-family: verdana;\"> ZUSTEHEN, um die nachwachsenden Generationen in die Gesellschaft integrieren zu helfen.<\/span><\/span><\/p>\n<p><span style=\"font-family: verdana;\">Das ist f\u00fcrwahr der Gipfel politischer Kurzsichtigkeit!<\/span><\/p>\n<p><span style=\"font-family: verdana;\">Was Familien l\u00e4ngst nicht mehr leisten k\u00f6nnen und der Staat schon lange str\u00e4flich vernachl\u00e4ssigt, hatten in den vergangenen Jahrzehnten &#8211; oft schon mit minimaler Ausstattung und an der Grenze zur Selbstausbeutung &#8211; wenigstens die freien Tr\u00e4ger noch aufrecht erhalten: ein vielf\u00e4ltiges au\u00dferschulisches Lern- und Freizeitangebot f\u00fcr die Erwachsenen der Zukunft.<\/span><\/p>\n<p><span style=\"font-family: verdana;\">Doch jetzt sollen selbst die bislang zugeteilten F\u00f6rderkr\u00fcmel noch weniger werden. Denn jeder Groschen wird gebraucht, um sich zumindest den Anschein zu geben, die in rasender Geschwindigkeit steigenden Kreditzinsen f\u00fcr die himmelhohe Haushaltsverschuldung noch bezahlen zu k\u00f6nnen.<\/span><\/p>\n<p><span style=\"font-family: verdana;\">Nach dem Motto &#8222;Nach uns die Sintflut!&#8220; soll daf\u00fcr denen ihr Geld weggenommen werden, die am wenigsten Medienmacht besitzen und damit auch am wenigsten \u00f6ffentliche Aufmerksamkeit erzwingen k\u00f6nnen &#8211; auch wenn es ausgerechnet diejenigen sind, die doch sp\u00e4ter unsere Rente zahlen sollen.<\/span><\/p>\n<p><span style=\"font-family: verdana;\">Und tats\u00e4chlich gab es dann auch keine breite &#8211; und ja, warum nicht: solidarische &#8211; mediale Vorab-Information \u00fcber die Demonstration &#8222;Jugend verschwindet&#8220;, zu der ein breites <a href=\"http:\/\/jugendverschwindet.blogsport.de\/unterstuetzerinnen\/\">B\u00fcndnis<\/a> von Tr\u00e4gern der Kinder- und Jugendarbeit f\u00fcr den vergangenen Freitag Nachmittag aufgerufen hatte.<\/span><\/p>\n<p><span style=\"font-family: verdana;\">Ich finde, das ist &#8211; neben der politischen Schande &#8211; auch ein Armutszeugnis f\u00fcr die lokalen Medien und verdeutlicht das Ma\u00df ihrer Heuchelei in der Berichterstattung; sind sie doch die ersten, die f\u00fcr h\u00f6here Auflagen- und Zuschauerzahlen ihre Titelseiten und Nachrichten-\u00dcberblicke mit Horrormeldungen \u00fcber zunehmende &#8222;Verwahrlosung&#8220;, &#8222;Kriminalisierung&#8220; und\/oder &#8222;Radikalisierung&#8220; der Jugend aufputzen und dann auch immer gleich erst mal gebetsm\u00fchlenartig nach h\u00e4rteren Bestrafungen rufen.<\/span><\/p>\n<p><span style=\"font-family: verdana;\">Deshalb noch einmal <\/span><span style=\"font-size: 130%;\"><span style=\"font-family: verdana;\">an dieser Stelle <\/span><\/span><span style=\"font-size: 130%;\"><span style=\"font-family: verdana;\">ein umso schallenderes <span style=\"font-weight: bold;\">&#8222;KEINE K\u00dcRZUNGEN: KINDER UND JUGENDLICHE HABEN EIN RECHT AUF KOSTENLOSE BILDUNGSANGEBOTE!&#8220;<\/span> sowie der <\/span><a style=\"font-family: verdana;\" href=\"http:\/\/jugendverschwindet.blogsport.de\/jugend-verschwindet\/\">Aufruf<\/a><span style=\"font-family: verdana;\"> des B\u00fcndnisses, die K\u00fcrzungsabsichten des Senats nicht hinzunehmen.<\/span><\/span><\/p>\n<p><span style=\"font-family: verdana;\">Die gemeinsame Botschaft der kleinen und gro\u00dfen, jungen und alten TeilnehmerInnen der Demo war jedenfalls deutlich: <span style=\"font-weight: bold;\">&#8222;Wir wollen f\u00fcr die Kinder und Jugendlichen wieder den Platz, der ihnen in dieser Gesellschaft geb\u00fchrt!&#8220;<\/span><\/span><\/p>\n<div style=\"text-align: center; color: #ff0000;\">\n<p><span style=\"font-size: 180%;\">* * *<\/span><\/p>\n<p>&nbsp;<\/p>\n<\/div>\n","protected":false},"excerpt":{"rendered":"<p>von Madeleine Porr Schritt f\u00fcr Schritt und still und leise sollen den Berliner Kinder- und Jugendeinrichtungen ihre F\u00d6RDERGELDER gestrichen werden &#8211; Ressourcen, DIE IHNEN GESETZLICH ZUSTEHEN, um die nachwachsenden Generationen in die Gesellschaft integrieren zu helfen. Das ist f\u00fcrwahr der &hellip; <a href=\"https:\/\/www.el-pan-alegre.org\/wordpress\/56-keine-kuerzungen-bei-kindern-und-jugendlichen\/\">Weiterlesen <span class=\"meta-nav\">&rarr;<\/span><\/a><\/p>\n","protected":false},"author":1,"featured_media":0,"comment_status":"open","ping_status":"open","sticky":false,"template":"","format":"standard","meta":{"jetpack_post_was_ever_published":false,"_jetpack_newsletter_access":"","_jetpack_dont_email_post_to_subs":false,"_jetpack_newsletter_tier_id":0,"_jetpack_memberships_contains_paywalled_content":false,"_jetpack_memberships_contains_paid_content":false,"footnotes":"","jetpack_publicize_message":"","jetpack_publicize_feature_enabled":true,"jetpack_social_post_already_shared":false,"jetpack_social_options":{"image_generator_settings":{"template":"highway","default_image_id":0,"font":"","enabled":false},"version":2}},"categories":[9,18,23,6,5,61],"tags":[],"class_list":["post-56","post","type-post","status-publish","format-standard","hentry","category-fez","category-foerderung","category-fotos","category-information","category-kommunikation","category-porr"],"yoast_head":"<!-- This site is optimized with the Yoast SEO plugin v27.5 - https:\/\/yoast.com\/product\/yoast-seo-wordpress\/ -->\n<title>KEINE K\u00dcRZUNGEN BEI KINDERN UND JUGENDLICHEN! - El Pan Alegre<\/title>\n<meta name=\"robots\" content=\"index, follow, max-snippet:-1, max-image-preview:large, max-video-preview:-1\" \/>\n<link rel=\"canonical\" href=\"https:\/\/www.el-pan-alegre.org\/wordpress\/56-keine-kuerzungen-bei-kindern-und-jugendlichen\/\" \/>\n<meta property=\"og:locale\" content=\"de_DE\" \/>\n<meta property=\"og:type\" content=\"article\" \/>\n<meta property=\"og:title\" content=\"KEINE K\u00dcRZUNGEN BEI KINDERN UND JUGENDLICHEN! - El Pan Alegre\" \/>\n<meta property=\"og:description\" content=\"von Madeleine Porr Schritt f\u00fcr Schritt und still und leise sollen den Berliner Kinder- und Jugendeinrichtungen ihre F\u00d6RDERGELDER gestrichen werden &#8211; Ressourcen, DIE IHNEN GESETZLICH ZUSTEHEN, um die nachwachsenden Generationen in die Gesellschaft integrieren zu helfen. Das ist f\u00fcrwahr der &hellip; Weiterlesen &rarr;\" \/>\n<meta property=\"og:url\" content=\"https:\/\/www.el-pan-alegre.org\/wordpress\/56-keine-kuerzungen-bei-kindern-und-jugendlichen\/\" \/>\n<meta property=\"og:site_name\" content=\"El Pan Alegre\" \/>\n<meta property=\"article:published_time\" content=\"2011-09-04T23:56:00+00:00\" \/>\n<meta property=\"article:modified_time\" content=\"2017-10-30T23:41:03+00:00\" \/>\n<meta property=\"og:image\" content=\"http:\/\/widget-6c.slide.com\/p2\/2954361355595861100\/bb_t047_v000_s0un_f00\/images\/xslide2.gif\" \/>\n<meta name=\"author\" content=\"Anja Mocker\" \/>\n<meta name=\"twitter:card\" content=\"summary_large_image\" \/>\n<meta name=\"twitter:label1\" content=\"Verfasst von\" \/>\n\t<meta name=\"twitter:data1\" content=\"Anja Mocker\" \/>\n\t<meta name=\"twitter:label2\" content=\"Gesch\u00e4tzte Lesezeit\" \/>\n\t<meta name=\"twitter:data2\" content=\"2\u00a0Minuten\" \/>\n<script type=\"application\/ld+json\" class=\"yoast-schema-graph\">{\"@context\":\"https:\\\/\\\/schema.org\",\"@graph\":[{\"@type\":\"Article\",\"@id\":\"https:\\\/\\\/www.el-pan-alegre.org\\\/wordpress\\\/56-keine-kuerzungen-bei-kindern-und-jugendlichen\\\/#article\",\"isPartOf\":{\"@id\":\"https:\\\/\\\/www.el-pan-alegre.org\\\/wordpress\\\/56-keine-kuerzungen-bei-kindern-und-jugendlichen\\\/\"},\"author\":{\"name\":\"Anja Mocker\",\"@id\":\"https:\\\/\\\/www.el-pan-alegre.org\\\/wordpress\\\/#\\\/schema\\\/person\\\/a61ba0bec6094c61dbf9da4e4e4e5bfe\"},\"headline\":\"KEINE K\u00dcRZUNGEN BEI KINDERN UND JUGENDLICHEN!\",\"datePublished\":\"2011-09-04T23:56:00+00:00\",\"dateModified\":\"2017-10-30T23:41:03+00:00\",\"mainEntityOfPage\":{\"@id\":\"https:\\\/\\\/www.el-pan-alegre.org\\\/wordpress\\\/56-keine-kuerzungen-bei-kindern-und-jugendlichen\\\/\"},\"wordCount\":382,\"commentCount\":0,\"image\":{\"@id\":\"https:\\\/\\\/www.el-pan-alegre.org\\\/wordpress\\\/56-keine-kuerzungen-bei-kindern-und-jugendlichen\\\/#primaryimage\"},\"thumbnailUrl\":\"http:\\\/\\\/widget-6c.slide.com\\\/p2\\\/2954361355595861100\\\/bb_t047_v000_s0un_f00\\\/images\\\/xslide2.gif\",\"articleSection\":[\"FEZ\",\"F\u00f6rderung\",\"Fotos\",\"Information\",\"Kommunikation\",\"Porr\"],\"inLanguage\":\"de\",\"potentialAction\":[{\"@type\":\"CommentAction\",\"name\":\"Comment\",\"target\":[\"https:\\\/\\\/www.el-pan-alegre.org\\\/wordpress\\\/56-keine-kuerzungen-bei-kindern-und-jugendlichen\\\/#respond\"]}]},{\"@type\":\"WebPage\",\"@id\":\"https:\\\/\\\/www.el-pan-alegre.org\\\/wordpress\\\/56-keine-kuerzungen-bei-kindern-und-jugendlichen\\\/\",\"url\":\"https:\\\/\\\/www.el-pan-alegre.org\\\/wordpress\\\/56-keine-kuerzungen-bei-kindern-und-jugendlichen\\\/\",\"name\":\"KEINE K\u00dcRZUNGEN BEI KINDERN UND JUGENDLICHEN! - El Pan Alegre\",\"isPartOf\":{\"@id\":\"https:\\\/\\\/www.el-pan-alegre.org\\\/wordpress\\\/#website\"},\"primaryImageOfPage\":{\"@id\":\"https:\\\/\\\/www.el-pan-alegre.org\\\/wordpress\\\/56-keine-kuerzungen-bei-kindern-und-jugendlichen\\\/#primaryimage\"},\"image\":{\"@id\":\"https:\\\/\\\/www.el-pan-alegre.org\\\/wordpress\\\/56-keine-kuerzungen-bei-kindern-und-jugendlichen\\\/#primaryimage\"},\"thumbnailUrl\":\"http:\\\/\\\/widget-6c.slide.com\\\/p2\\\/2954361355595861100\\\/bb_t047_v000_s0un_f00\\\/images\\\/xslide2.gif\",\"datePublished\":\"2011-09-04T23:56:00+00:00\",\"dateModified\":\"2017-10-30T23:41:03+00:00\",\"author\":{\"@id\":\"https:\\\/\\\/www.el-pan-alegre.org\\\/wordpress\\\/#\\\/schema\\\/person\\\/a61ba0bec6094c61dbf9da4e4e4e5bfe\"},\"breadcrumb\":{\"@id\":\"https:\\\/\\\/www.el-pan-alegre.org\\\/wordpress\\\/56-keine-kuerzungen-bei-kindern-und-jugendlichen\\\/#breadcrumb\"},\"inLanguage\":\"de\",\"potentialAction\":[{\"@type\":\"ReadAction\",\"target\":[\"https:\\\/\\\/www.el-pan-alegre.org\\\/wordpress\\\/56-keine-kuerzungen-bei-kindern-und-jugendlichen\\\/\"]}]},{\"@type\":\"ImageObject\",\"inLanguage\":\"de\",\"@id\":\"https:\\\/\\\/www.el-pan-alegre.org\\\/wordpress\\\/56-keine-kuerzungen-bei-kindern-und-jugendlichen\\\/#primaryimage\",\"url\":\"http:\\\/\\\/widget-6c.slide.com\\\/p2\\\/2954361355595861100\\\/bb_t047_v000_s0un_f00\\\/images\\\/xslide2.gif\",\"contentUrl\":\"http:\\\/\\\/widget-6c.slide.com\\\/p2\\\/2954361355595861100\\\/bb_t047_v000_s0un_f00\\\/images\\\/xslide2.gif\"},{\"@type\":\"BreadcrumbList\",\"@id\":\"https:\\\/\\\/www.el-pan-alegre.org\\\/wordpress\\\/56-keine-kuerzungen-bei-kindern-und-jugendlichen\\\/#breadcrumb\",\"itemListElement\":[{\"@type\":\"ListItem\",\"position\":1,\"name\":\"Home\",\"item\":\"https:\\\/\\\/www.el-pan-alegre.org\\\/wordpress\\\/\"},{\"@type\":\"ListItem\",\"position\":2,\"name\":\"KEINE K\u00dcRZUNGEN BEI KINDERN UND JUGENDLICHEN!\"}]},{\"@type\":\"WebSite\",\"@id\":\"https:\\\/\\\/www.el-pan-alegre.org\\\/wordpress\\\/#website\",\"url\":\"https:\\\/\\\/www.el-pan-alegre.org\\\/wordpress\\\/\",\"name\":\"El Pan Alegre\",\"description\":\"Das Fr\u00f6hliche Brot\",\"potentialAction\":[{\"@type\":\"SearchAction\",\"target\":{\"@type\":\"EntryPoint\",\"urlTemplate\":\"https:\\\/\\\/www.el-pan-alegre.org\\\/wordpress\\\/?s={search_term_string}\"},\"query-input\":{\"@type\":\"PropertyValueSpecification\",\"valueRequired\":true,\"valueName\":\"search_term_string\"}}],\"inLanguage\":\"de\"},{\"@type\":\"Person\",\"@id\":\"https:\\\/\\\/www.el-pan-alegre.org\\\/wordpress\\\/#\\\/schema\\\/person\\\/a61ba0bec6094c61dbf9da4e4e4e5bfe\",\"name\":\"Anja Mocker\",\"image\":{\"@type\":\"ImageObject\",\"inLanguage\":\"de\",\"@id\":\"https:\\\/\\\/secure.gravatar.com\\\/avatar\\\/c283b0b556471cdaac4be59c661b13c1e141f08ca0dd2eb8f8d587262d7f04bb?s=96&d=identicon&r=g\",\"url\":\"https:\\\/\\\/secure.gravatar.com\\\/avatar\\\/c283b0b556471cdaac4be59c661b13c1e141f08ca0dd2eb8f8d587262d7f04bb?s=96&d=identicon&r=g\",\"contentUrl\":\"https:\\\/\\\/secure.gravatar.com\\\/avatar\\\/c283b0b556471cdaac4be59c661b13c1e141f08ca0dd2eb8f8d587262d7f04bb?s=96&d=identicon&r=g\",\"caption\":\"Anja Mocker\"},\"url\":\"https:\\\/\\\/www.el-pan-alegre.org\\\/wordpress\\\/author\\\/admin\\\/\"}]}<\/script>\n<!-- \/ Yoast SEO plugin. -->","yoast_head_json":{"title":"KEINE K\u00dcRZUNGEN BEI KINDERN UND JUGENDLICHEN! - El Pan Alegre","robots":{"index":"index","follow":"follow","max-snippet":"max-snippet:-1","max-image-preview":"max-image-preview:large","max-video-preview":"max-video-preview:-1"},"canonical":"https:\/\/www.el-pan-alegre.org\/wordpress\/56-keine-kuerzungen-bei-kindern-und-jugendlichen\/","og_locale":"de_DE","og_type":"article","og_title":"KEINE K\u00dcRZUNGEN BEI KINDERN UND JUGENDLICHEN! - El Pan Alegre","og_description":"von Madeleine Porr Schritt f\u00fcr Schritt und still und leise sollen den Berliner Kinder- und Jugendeinrichtungen ihre F\u00d6RDERGELDER gestrichen werden &#8211; Ressourcen, DIE IHNEN GESETZLICH ZUSTEHEN, um die nachwachsenden Generationen in die Gesellschaft integrieren zu helfen. Das ist f\u00fcrwahr der &hellip; Weiterlesen &rarr;","og_url":"https:\/\/www.el-pan-alegre.org\/wordpress\/56-keine-kuerzungen-bei-kindern-und-jugendlichen\/","og_site_name":"El Pan Alegre","article_published_time":"2011-09-04T23:56:00+00:00","article_modified_time":"2017-10-30T23:41:03+00:00","og_image":[{"url":"http:\/\/widget-6c.slide.com\/p2\/2954361355595861100\/bb_t047_v000_s0un_f00\/images\/xslide2.gif","type":"","width":"","height":""}],"author":"Anja Mocker","twitter_card":"summary_large_image","twitter_misc":{"Verfasst von":"Anja Mocker","Gesch\u00e4tzte Lesezeit":"2\u00a0Minuten"},"schema":{"@context":"https:\/\/schema.org","@graph":[{"@type":"Article","@id":"https:\/\/www.el-pan-alegre.org\/wordpress\/56-keine-kuerzungen-bei-kindern-und-jugendlichen\/#article","isPartOf":{"@id":"https:\/\/www.el-pan-alegre.org\/wordpress\/56-keine-kuerzungen-bei-kindern-und-jugendlichen\/"},"author":{"name":"Anja Mocker","@id":"https:\/\/www.el-pan-alegre.org\/wordpress\/#\/schema\/person\/a61ba0bec6094c61dbf9da4e4e4e5bfe"},"headline":"KEINE K\u00dcRZUNGEN BEI KINDERN UND JUGENDLICHEN!","datePublished":"2011-09-04T23:56:00+00:00","dateModified":"2017-10-30T23:41:03+00:00","mainEntityOfPage":{"@id":"https:\/\/www.el-pan-alegre.org\/wordpress\/56-keine-kuerzungen-bei-kindern-und-jugendlichen\/"},"wordCount":382,"commentCount":0,"image":{"@id":"https:\/\/www.el-pan-alegre.org\/wordpress\/56-keine-kuerzungen-bei-kindern-und-jugendlichen\/#primaryimage"},"thumbnailUrl":"http:\/\/widget-6c.slide.com\/p2\/2954361355595861100\/bb_t047_v000_s0un_f00\/images\/xslide2.gif","articleSection":["FEZ","F\u00f6rderung","Fotos","Information","Kommunikation","Porr"],"inLanguage":"de","potentialAction":[{"@type":"CommentAction","name":"Comment","target":["https:\/\/www.el-pan-alegre.org\/wordpress\/56-keine-kuerzungen-bei-kindern-und-jugendlichen\/#respond"]}]},{"@type":"WebPage","@id":"https:\/\/www.el-pan-alegre.org\/wordpress\/56-keine-kuerzungen-bei-kindern-und-jugendlichen\/","url":"https:\/\/www.el-pan-alegre.org\/wordpress\/56-keine-kuerzungen-bei-kindern-und-jugendlichen\/","name":"KEINE K\u00dcRZUNGEN BEI KINDERN UND JUGENDLICHEN! - El Pan Alegre","isPartOf":{"@id":"https:\/\/www.el-pan-alegre.org\/wordpress\/#website"},"primaryImageOfPage":{"@id":"https:\/\/www.el-pan-alegre.org\/wordpress\/56-keine-kuerzungen-bei-kindern-und-jugendlichen\/#primaryimage"},"image":{"@id":"https:\/\/www.el-pan-alegre.org\/wordpress\/56-keine-kuerzungen-bei-kindern-und-jugendlichen\/#primaryimage"},"thumbnailUrl":"http:\/\/widget-6c.slide.com\/p2\/2954361355595861100\/bb_t047_v000_s0un_f00\/images\/xslide2.gif","datePublished":"2011-09-04T23:56:00+00:00","dateModified":"2017-10-30T23:41:03+00:00","author":{"@id":"https:\/\/www.el-pan-alegre.org\/wordpress\/#\/schema\/person\/a61ba0bec6094c61dbf9da4e4e4e5bfe"},"breadcrumb":{"@id":"https:\/\/www.el-pan-alegre.org\/wordpress\/56-keine-kuerzungen-bei-kindern-und-jugendlichen\/#breadcrumb"},"inLanguage":"de","potentialAction":[{"@type":"ReadAction","target":["https:\/\/www.el-pan-alegre.org\/wordpress\/56-keine-kuerzungen-bei-kindern-und-jugendlichen\/"]}]},{"@type":"ImageObject","inLanguage":"de","@id":"https:\/\/www.el-pan-alegre.org\/wordpress\/56-keine-kuerzungen-bei-kindern-und-jugendlichen\/#primaryimage","url":"http:\/\/widget-6c.slide.com\/p2\/2954361355595861100\/bb_t047_v000_s0un_f00\/images\/xslide2.gif","contentUrl":"http:\/\/widget-6c.slide.com\/p2\/2954361355595861100\/bb_t047_v000_s0un_f00\/images\/xslide2.gif"},{"@type":"BreadcrumbList","@id":"https:\/\/www.el-pan-alegre.org\/wordpress\/56-keine-kuerzungen-bei-kindern-und-jugendlichen\/#breadcrumb","itemListElement":[{"@type":"ListItem","position":1,"name":"Home","item":"https:\/\/www.el-pan-alegre.org\/wordpress\/"},{"@type":"ListItem","position":2,"name":"KEINE K\u00dcRZUNGEN BEI KINDERN UND JUGENDLICHEN!"}]},{"@type":"WebSite","@id":"https:\/\/www.el-pan-alegre.org\/wordpress\/#website","url":"https:\/\/www.el-pan-alegre.org\/wordpress\/","name":"El Pan Alegre","description":"Das Fr\u00f6hliche Brot","potentialAction":[{"@type":"SearchAction","target":{"@type":"EntryPoint","urlTemplate":"https:\/\/www.el-pan-alegre.org\/wordpress\/?s={search_term_string}"},"query-input":{"@type":"PropertyValueSpecification","valueRequired":true,"valueName":"search_term_string"}}],"inLanguage":"de"},{"@type":"Person","@id":"https:\/\/www.el-pan-alegre.org\/wordpress\/#\/schema\/person\/a61ba0bec6094c61dbf9da4e4e4e5bfe","name":"Anja Mocker","image":{"@type":"ImageObject","inLanguage":"de","@id":"https:\/\/secure.gravatar.com\/avatar\/c283b0b556471cdaac4be59c661b13c1e141f08ca0dd2eb8f8d587262d7f04bb?s=96&d=identicon&r=g","url":"https:\/\/secure.gravatar.com\/avatar\/c283b0b556471cdaac4be59c661b13c1e141f08ca0dd2eb8f8d587262d7f04bb?s=96&d=identicon&r=g","contentUrl":"https:\/\/secure.gravatar.com\/avatar\/c283b0b556471cdaac4be59c661b13c1e141f08ca0dd2eb8f8d587262d7f04bb?s=96&d=identicon&r=g","caption":"Anja Mocker"},"url":"https:\/\/www.el-pan-alegre.org\/wordpress\/author\/admin\/"}]}},"jetpack_publicize_connections":[],"jetpack_featured_media_url":"","jetpack_sharing_enabled":false,"jetpack_shortlink":"https:\/\/wp.me\/p62TDh-U","jetpack-related-posts":[{"id":61,"url":"https:\/\/www.el-pan-alegre.org\/wordpress\/61-der-amaranth-und-seine-3-schwestern-das-milpa-landwirtschaftssystem\/","url_meta":{"origin":56,"position":0},"title":"Der Amaranth und seine \u201e3 Schwestern\u201c: das Milpa-Landwirtschaftssystem","author":"Anja Mocker","date":"31. Juli 2011","format":false,"excerpt":"von Madeleine Porr Im FEZ-Berlin, dem Sitz von El Pan Alegre in Deutschland, ist das kleine Powerkorn Amaranth bereits festes \u201eFamilienmitglied\u201c. Die bis zu drei Meter hohen Pflanzen haben im letzten Jahr viele kleine und gro\u00dfe BesucherInnen, aber auch FEZ-MitarbeiterInnen zum Staunen gebracht. In diesem Jahr weitet unser Verein die\u2026","rel":"","context":"In &quot;Amaranth&quot;","block_context":{"text":"Amaranth","link":"https:\/\/www.el-pan-alegre.org\/wordpress\/kategorie\/amaranth\/"},"img":{"alt_text":"","src":"https:\/\/i0.wp.com\/www.el-pan-alegre.org\/wordpress\/wp-content\/uploads\/2011\/07\/01.jpg?resize=350%2C200&ssl=1","width":350,"height":200,"srcset":"https:\/\/i0.wp.com\/www.el-pan-alegre.org\/wordpress\/wp-content\/uploads\/2011\/07\/01.jpg?resize=350%2C200&ssl=1 1x, https:\/\/i0.wp.com\/www.el-pan-alegre.org\/wordpress\/wp-content\/uploads\/2011\/07\/01.jpg?resize=525%2C300&ssl=1 1.5x, https:\/\/i0.wp.com\/www.el-pan-alegre.org\/wordpress\/wp-content\/uploads\/2011\/07\/01.jpg?resize=700%2C400&ssl=1 2x"},"classes":[]},{"id":2131,"url":"https:\/\/www.el-pan-alegre.org\/wordpress\/2131-ich-denk-mal-nach-haltig\/","url_meta":{"origin":56,"position":1},"title":"Ich denk mal nach&#8230;haltig!","author":"Madeleine Porr","date":"15. Juni 2019","format":false,"excerpt":"Immer mehr Familien verstehen, wie die verschiedenen Bereiche ihres Alltags miteinander zusammenh\u00e4ngen: Ern\u00e4hrung, Konsumgewohnheiten, Mobilit\u00e4t, Wirtschaften u.v.m. Und sie sorgen sich um die beschleunigten globalen Auswirkungen unseres derzeitigen Verhaltens - wie z. B. das umfangreiche Artensterben, der Klimawandel, die sozialen Verwerfungen ... Wie sie Schritt f\u00fcr Schritt ihr t\u00e4gliches Leben\u2026","rel":"","context":"In &quot;Allgemein&quot;","block_context":{"text":"Allgemein","link":"https:\/\/www.el-pan-alegre.org\/wordpress\/kategorie\/allgemein\/"},"img":{"alt_text":"","src":"https:\/\/i0.wp.com\/www.el-pan-alegre.org\/wordpress\/wp-content\/uploads\/2019\/06\/UBZ-Tafel.jpg?resize=350%2C200&ssl=1","width":350,"height":200,"srcset":"https:\/\/i0.wp.com\/www.el-pan-alegre.org\/wordpress\/wp-content\/uploads\/2019\/06\/UBZ-Tafel.jpg?resize=350%2C200&ssl=1 1x, https:\/\/i0.wp.com\/www.el-pan-alegre.org\/wordpress\/wp-content\/uploads\/2019\/06\/UBZ-Tafel.jpg?resize=525%2C300&ssl=1 1.5x, https:\/\/i0.wp.com\/www.el-pan-alegre.org\/wordpress\/wp-content\/uploads\/2019\/06\/UBZ-Tafel.jpg?resize=700%2C400&ssl=1 2x"},"classes":[]},{"id":39,"url":"https:\/\/www.el-pan-alegre.org\/wordpress\/39-offener-brief-zur-eroeffnung-der-froehlichen-amaranth-kinderbaeckerei\/","url_meta":{"origin":56,"position":2},"title":"Offener Brief zur Er\u00f6ffnung der &#8222;Fr\u00f6hlichen Amaranth-Kinderb\u00e4ckerei&#8220;","author":"Anja Mocker","date":"29. Mai 2012","format":false,"excerpt":"FR\u00d6HLICH, STARK UND SCHLAU MIT AMARANTH! Zum Internationalen Kindertag \u00f6ffnet sie ihre T\u00fcren: \"Die Fr\u00f6hliche Amaranth-Kinderb\u00e4ckerei\" im FEZ-Berlin, Europas gr\u00f6\u00dftem Freizeit- und Bildungszentrum f\u00fcr Kinder, Jugendliche und Familien! Von Juni bis September in einem Solar-Container (gesponsert von der Firma Solar Lifestyle), jedoch schon ab 2013 fest mit einer zentralen baulichen\u2026","rel":"","context":"In &quot;F\u00f6rderung&quot;","block_context":{"text":"F\u00f6rderung","link":"https:\/\/www.el-pan-alegre.org\/wordpress\/kategorie\/foerderung\/"},"img":{"alt_text":"01","src":"https:\/\/i0.wp.com\/www.el-pan-alegre.org\/wordpress\/wp-content\/uploads\/2012\/05\/01-261x300.jpg?resize=350%2C200","width":350,"height":200},"classes":[]},{"id":788,"url":"https:\/\/www.el-pan-alegre.org\/wordpress\/788-roter-amaranth-die-powerpflanze\/","url_meta":{"origin":56,"position":3},"title":"Roter Amaranth &#8211; die Powerpflanze","author":"Madeleine Porr","date":"20. November 2010","format":false,"excerpt":"\"Madeleine Porr will das einst bei den Indios verbotene Getreide Amaranth in Deutschland heimisch machen und im \u00d6kokreislaufprojekt \"Das fr\u00f6hliche Brot\" verbacken. ...\" weiterlesen in der taz * * *","rel":"","context":"In &quot;Allgemein&quot;","block_context":{"text":"Allgemein","link":"https:\/\/www.el-pan-alegre.org\/wordpress\/kategorie\/allgemein\/"},"img":{"alt_text":"","src":"","width":0,"height":0},"classes":[]},{"id":49,"url":"https:\/\/www.el-pan-alegre.org\/wordpress\/49-das-amaranth-lied\/","url_meta":{"origin":56,"position":4},"title":"DAS AMARANTH-LIED","author":"Anja Mocker","date":"12. Februar 2012","format":false,"excerpt":"Nun k\u00f6nnen es endlich alle h\u00f6ren: Tobias Morgensterns wunderbares kleines \"Amaranth-Lied\", das er 2010 f\u00fcr unser Kindertheaterst\u00fcck \"Das Fr\u00f6hliche Brot\" komponiert und getextet hat (s. auch Blogeintrag v. 10.09.10). Auch an dieser Stelle nochmals unseren herzlichsten Dank an ihn sowie an die Gesangsk\u00fcnstlerInnen von Katarina Krolls FEZi-Strolchen - Rosa (6),\u2026","rel":"","context":"In &quot;Amaranth&quot;","block_context":{"text":"Amaranth","link":"https:\/\/www.el-pan-alegre.org\/wordpress\/kategorie\/amaranth\/"},"img":{"alt_text":"","src":"https:\/\/i0.wp.com\/www.el-pan-alegre.org\/wordpress\/wp-content\/uploads\/2012\/02\/03-300x226.jpg?resize=350%2C200","width":350,"height":200},"classes":[]},{"id":2558,"url":"https:\/\/www.el-pan-alegre.org\/wordpress\/2558-zertifizierte-bildungsarbeit\/","url_meta":{"origin":56,"position":5},"title":"Zertifizierte Bildungsarbeit","author":"Madeleine Porr","date":"14. Oktober 2020","format":false,"excerpt":"Jetzt ist es auch \"amtlich\": F\u00fcr die Arbeit rund um die vielen Nachhaltigkeitsaspekte am Beispiel von El Pan Alegre \/ Das Fr\u00f6hliche Brot ist Madeleine Porr mit dem NUN-Zertifikat als Bildungspartnerin f\u00fcr Nachhaltigkeit ausgezeichnet worden. Dieses Siegel f\u00fcr hochwertige Bildungsarbeit zu Zukunftsthemen wird von den Bundesl\u00e4ndern Hamburg, Mecklenburg-Vorpommern, Schleswig-Holstein und\u2026","rel":"","context":"In &quot;Allgemein&quot;","block_context":{"text":"Allgemein","link":"https:\/\/www.el-pan-alegre.org\/wordpress\/kategorie\/allgemein\/"},"img":{"alt_text":"","src":"https:\/\/i0.wp.com\/www.el-pan-alegre.org\/wordpress\/wp-content\/uploads\/2021\/01\/2020_10_14.-NUN-Auszeichnung_Porr-Web.jpg?resize=350%2C200&ssl=1","width":350,"height":200,"srcset":"https:\/\/i0.wp.com\/www.el-pan-alegre.org\/wordpress\/wp-content\/uploads\/2021\/01\/2020_10_14.-NUN-Auszeichnung_Porr-Web.jpg?resize=350%2C200&ssl=1 1x, https:\/\/i0.wp.com\/www.el-pan-alegre.org\/wordpress\/wp-content\/uploads\/2021\/01\/2020_10_14.-NUN-Auszeichnung_Porr-Web.jpg?resize=525%2C300&ssl=1 1.5x, https:\/\/i0.wp.com\/www.el-pan-alegre.org\/wordpress\/wp-content\/uploads\/2021\/01\/2020_10_14.-NUN-Auszeichnung_Porr-Web.jpg?resize=700%2C400&ssl=1 2x, https:\/\/i0.wp.com\/www.el-pan-alegre.org\/wordpress\/wp-content\/uploads\/2021\/01\/2020_10_14.-NUN-Auszeichnung_Porr-Web.jpg?resize=1050%2C600&ssl=1 3x, https:\/\/i0.wp.com\/www.el-pan-alegre.org\/wordpress\/wp-content\/uploads\/2021\/01\/2020_10_14.-NUN-Auszeichnung_Porr-Web.jpg?resize=1400%2C800&ssl=1 4x"},"classes":[]}],"_links":{"self":[{"href":"https:\/\/www.el-pan-alegre.org\/wordpress\/wp-json\/wp\/v2\/posts\/56","targetHints":{"allow":["GET"]}}],"collection":[{"href":"https:\/\/www.el-pan-alegre.org\/wordpress\/wp-json\/wp\/v2\/posts"}],"about":[{"href":"https:\/\/www.el-pan-alegre.org\/wordpress\/wp-json\/wp\/v2\/types\/post"}],"author":[{"embeddable":true,"href":"https:\/\/www.el-pan-alegre.org\/wordpress\/wp-json\/wp\/v2\/users\/1"}],"replies":[{"embeddable":true,"href":"https:\/\/www.el-pan-alegre.org\/wordpress\/wp-json\/wp\/v2\/comments?post=56"}],"version-history":[{"count":3,"href":"https:\/\/www.el-pan-alegre.org\/wordpress\/wp-json\/wp\/v2\/posts\/56\/revisions"}],"predecessor-version":[{"id":1712,"href":"https:\/\/www.el-pan-alegre.org\/wordpress\/wp-json\/wp\/v2\/posts\/56\/revisions\/1712"}],"wp:attachment":[{"href":"https:\/\/www.el-pan-alegre.org\/wordpress\/wp-json\/wp\/v2\/media?parent=56"}],"wp:term":[{"taxonomy":"category","embeddable":true,"href":"https:\/\/www.el-pan-alegre.org\/wordpress\/wp-json\/wp\/v2\/categories?post=56"},{"taxonomy":"post_tag","embeddable":true,"href":"https:\/\/www.el-pan-alegre.org\/wordpress\/wp-json\/wp\/v2\/tags?post=56"}],"curies":[{"name":"wp","href":"https:\/\/api.w.org\/{rel}","templated":true}]}}