{"id":55,"date":"2011-10-15T23:34:00","date_gmt":"2011-10-15T21:34:00","guid":{"rendered":"http:\/\/www.el-pan-alegre.org\/wordpress\/55-unsere-workshop-saison-2011-geht-zu-ende\/"},"modified":"2015-04-14T10:04:56","modified_gmt":"2015-04-14T08:04:56","slug":"unsere-workshop-saison-2011-geht-zu-ende","status":"publish","type":"post","link":"https:\/\/www.el-pan-alegre.org\/wordpress\/55-unsere-workshop-saison-2011-geht-zu-ende\/","title":{"rendered":"Unsere Workshop-Saison 2011 geht zu Ende &#8230;"},"content":{"rendered":"<p><span style=\"color: red; font-size: 130%;\"><span style=\"font-family: verdana;\">&#8230; und wieder w\u00e4re alles Engagement gar nicht m\u00f6glich gewesen ohne die Unterst\u00fctzung der vielen wunderbaren Freundinnen und KollegInnen aus unserem Verein und seinem Umfeld sowie dem <a href=\"http:\/\/www.fez-berlin.de\/index.php?id=19\">FEZ-Berlin<\/a>.<\/span><\/p>\n<p><span style=\"font-family: verdana;\">Ein riesiges herzliches Dankesch\u00f6n an Anja, Claudia, Steffi, Valeria; Eva, Sylvia, Ruth; Sabine, Silvia &amp; Martina; Kriemhild, Ira &amp; Kolleginnen; Wiete, Tobias, Anja &amp; Anne!!!<\/span><\/span><\/p>\n<p><span style=\"color: red; font-size: 130%;\"><span style=\"font-family: verdana;\">Und ebenso herzlichen Dank an alle anderen, die bereits f\u00fcr die Zukunft ihre handfeste Unterst\u00fctzung zugesagt haben!<\/span><\/span><\/p>\n<p><a href=\"http:\/\/www.el-pan-alegre.org\/wordpress\/wp-content\/uploads\/2011\/10\/1.jpg\"><img decoding=\"async\" alt=\"\" border=\"0\" id=\"BLOGGER_PHOTO_ID_5663837826651860290\" src=\"http:\/\/www.el-pan-alegre.org\/wordpress\/wp-content\/uploads\/2011\/10\/1-300x183.jpg\" style=\"cursor: pointer; float: left; height: 124px; margin: 0pt 10px 10px 0pt; width: 205px;\" \/><\/a><a href=\"http:\/\/www.el-pan-alegre.org\/wordpress\/wp-content\/uploads\/2011\/10\/2.jpg\"><img decoding=\"async\" alt=\"\" border=\"0\" id=\"BLOGGER_PHOTO_ID_5663837699986325570\" src=\"http:\/\/www.el-pan-alegre.org\/wordpress\/wp-content\/uploads\/2011\/10\/2-300x212.jpg\" style=\"cursor: pointer; float: left; height: 124px; margin: 0pt 10px 10px 0pt; width: 177px;\" \/><\/a><\/p>\n<p><a href=\"http:\/\/www.el-pan-alegre.org\/wordpress\/wp-content\/uploads\/2011\/10\/3.jpg\"><img decoding=\"async\" alt=\"\" border=\"0\" id=\"BLOGGER_PHOTO_ID_5663837591567702914\" src=\"http:\/\/www.el-pan-alegre.org\/wordpress\/wp-content\/uploads\/2011\/10\/3-225x300.jpg\" style=\"cursor: pointer; float: left; height: 191px; margin: 0pt 10px 10px 0pt; width: 144px;\" \/><\/a><a href=\"http:\/\/www.el-pan-alegre.org\/wordpress\/wp-content\/uploads\/2011\/10\/4.jpg\"><img decoding=\"async\" alt=\"\" border=\"0\" id=\"BLOGGER_PHOTO_ID_5663837353375767794\" src=\"http:\/\/www.el-pan-alegre.org\/wordpress\/wp-content\/uploads\/2011\/10\/4-300x249.jpg\" style=\"cursor: pointer; float: left; height: 191px; margin: 0pt 10px 10px 0pt; width: 231px;\" \/><\/a><\/p>\n<p><a href=\"http:\/\/www.el-pan-alegre.org\/wordpress\/wp-content\/uploads\/2011\/10\/5.jpg\"><img decoding=\"async\" alt=\"\" border=\"0\" id=\"BLOGGER_PHOTO_ID_5663837229476781602\" src=\"http:\/\/www.el-pan-alegre.org\/wordpress\/wp-content\/uploads\/2011\/10\/5-300x227.jpg\" style=\"cursor: pointer; float: left; height: 135px; margin: 0pt 10px 10px 0pt; width: 180px;\" \/><\/a><a href=\"http:\/\/www.el-pan-alegre.org\/wordpress\/wp-content\/uploads\/2011\/10\/7.jpg\"><img decoding=\"async\" alt=\"\" border=\"0\" id=\"BLOGGER_PHOTO_ID_5663836203879485890\" src=\"http:\/\/www.el-pan-alegre.org\/wordpress\/wp-content\/uploads\/2011\/10\/7-300x202.jpg\" style=\"cursor: pointer; float: left; height: 135px; margin: 0pt 10px 10px 0pt; width: 200px;\" \/><\/a><\/p>\n<p><a href=\"http:\/\/www.el-pan-alegre.org\/wordpress\/wp-content\/uploads\/2011\/10\/6.jpg\"><img decoding=\"async\" alt=\"\" border=\"0\" id=\"BLOGGER_PHOTO_ID_5663836392810563362\" src=\"http:\/\/www.el-pan-alegre.org\/wordpress\/wp-content\/uploads\/2011\/10\/6-300x225.jpg\" style=\"cursor: pointer; float: left; height: 166px; margin: 0pt 10px 10px 0pt; width: 221px;\" \/><\/a><a href=\"http:\/\/www.el-pan-alegre.org\/wordpress\/wp-content\/uploads\/2011\/10\/9a.jpg\"><img decoding=\"async\" alt=\"\" border=\"0\" id=\"BLOGGER_PHOTO_ID_5663844515622036114\" src=\"http:\/\/www.el-pan-alegre.org\/wordpress\/wp-content\/uploads\/2011\/10\/9a-294x300.jpg\" style=\"cursor: pointer; float: left; height: 166px; margin: 0pt 10px 10px 0pt; width: 162px;\" \/><\/a><\/p>\n<div style=\"text-align: center;\"><a href=\"http:\/\/www.el-pan-alegre.org\/wordpress\/wp-content\/uploads\/2011\/10\/9.jpg\">   <\/a><\/div>\n<p><a href=\"http:\/\/www.el-pan-alegre.org\/wordpress\/wp-content\/uploads\/2011\/10\/8b.jpg\"><img decoding=\"async\" alt=\"\" border=\"0\" id=\"BLOGGER_PHOTO_ID_5663854633099352994\" src=\"http:\/\/www.el-pan-alegre.org\/wordpress\/wp-content\/uploads\/2011\/10\/8b-225x300.jpg\" style=\"cursor: pointer; float: left; height: 163px; margin: 0pt 10px 10px 0pt; width: 125px;\" \/><\/a><a href=\"http:\/\/www.el-pan-alegre.org\/wordpress\/wp-content\/uploads\/2011\/10\/8.jpg\"><img decoding=\"async\" alt=\"\" border=\"0\" id=\"BLOGGER_PHOTO_ID_5663836052771303650\" src=\"http:\/\/www.el-pan-alegre.org\/wordpress\/wp-content\/uploads\/2011\/10\/8-300x198.jpg\" style=\"cursor: pointer; float: left; height: 166px; margin: 0pt 10px 10px 0pt; width: 253px;\" \/><\/a><\/p>\n<p><\/p>\n<div style=\"text-align: center;\"><a href=\"http:\/\/www.el-pan-alegre.org\/wordpress\/wp-content\/uploads\/2011\/10\/9.jpg\"><img decoding=\"async\" alt=\"\" border=\"0\" id=\"BLOGGER_PHOTO_ID_5663835850847925906\" src=\"http:\/\/www.el-pan-alegre.org\/wordpress\/wp-content\/uploads\/2011\/10\/9-300x225.jpg\" style=\"cursor: pointer; float: left; height: 224px; margin: 0pt 10px 10px 0pt; width: 301px;\" \/><\/a><\/div>\n<p><span style=\"font-family: georgia;\"><\/p>\n<p>(alle Fotos: En Buenas Manos e.V.)<\/span><\/p>\n<p><\/p>\n<div style=\"color: red; font-family: verdana; font-weight: bold; text-align: center;\"><span style=\"font-size: 180%;\">*  *  *<br \/><\/span><\/div>\n","protected":false},"excerpt":{"rendered":"<p>&#8230; und wieder w\u00e4re alles Engagement gar nicht m\u00f6glich gewesen ohne die Unterst\u00fctzung der vielen wunderbaren Freundinnen und KollegInnen aus unserem Verein und seinem Umfeld sowie dem FEZ-Berlin. Ein riesiges herzliches Dankesch\u00f6n an Anja, Claudia, Steffi, Valeria; Eva, Sylvia, Ruth; &hellip; <a href=\"https:\/\/www.el-pan-alegre.org\/wordpress\/55-unsere-workshop-saison-2011-geht-zu-ende\/\">Weiterlesen <span class=\"meta-nav\">&rarr;<\/span><\/a><\/p>\n","protected":false},"author":1,"featured_media":277,"comment_status":"open","ping_status":"open","sticky":false,"template":"","format":"standard","meta":{"jetpack_post_was_ever_published":false,"_jetpack_newsletter_access":"","_jetpack_dont_email_post_to_subs":false,"_jetpack_newsletter_tier_id":0,"_jetpack_memberships_contains_paywalled_content":false,"_jetpack_memberships_contains_paid_content":false,"footnotes":"","jetpack_publicize_message":"","jetpack_publicize_feature_enabled":true,"jetpack_social_post_already_shared":false,"jetpack_social_options":{"image_generator_settings":{"template":"highway","default_image_id":0,"font":"","enabled":false},"version":2}},"categories":[16,25,10,9,19,23,6,5,8],"tags":[],"class_list":["post-55","post","type-post","status-publish","format-standard","has-post-thumbnail","hentry","category-amaranth","category-anja","category-biogas","category-fez","category-fez-berlin-oeko-insel","category-fotos","category-information","category-kommunikation","category-verein"],"yoast_head":"<!-- This site is optimized with the Yoast SEO plugin v27.5 - https:\/\/yoast.com\/product\/yoast-seo-wordpress\/ -->\n<title>Unsere Workshop-Saison 2011 geht zu Ende ... - El Pan Alegre<\/title>\n<meta name=\"robots\" content=\"index, follow, max-snippet:-1, max-image-preview:large, max-video-preview:-1\" \/>\n<link rel=\"canonical\" href=\"https:\/\/www.el-pan-alegre.org\/wordpress\/55-unsere-workshop-saison-2011-geht-zu-ende\/\" \/>\n<meta property=\"og:locale\" content=\"de_DE\" \/>\n<meta property=\"og:type\" content=\"article\" \/>\n<meta property=\"og:title\" content=\"Unsere Workshop-Saison 2011 geht zu Ende ... - El Pan Alegre\" \/>\n<meta property=\"og:description\" content=\"&#8230; und wieder w\u00e4re alles Engagement gar nicht m\u00f6glich gewesen ohne die Unterst\u00fctzung der vielen wunderbaren Freundinnen und KollegInnen aus unserem Verein und seinem Umfeld sowie dem FEZ-Berlin. Ein riesiges herzliches Dankesch\u00f6n an Anja, Claudia, Steffi, Valeria; Eva, Sylvia, Ruth; &hellip; Weiterlesen &rarr;\" \/>\n<meta property=\"og:url\" content=\"https:\/\/www.el-pan-alegre.org\/wordpress\/55-unsere-workshop-saison-2011-geht-zu-ende\/\" \/>\n<meta property=\"og:site_name\" content=\"El Pan Alegre\" \/>\n<meta property=\"article:published_time\" content=\"2011-10-15T21:34:00+00:00\" \/>\n<meta property=\"article:modified_time\" content=\"2015-04-14T08:04:56+00:00\" \/>\n<meta property=\"og:image\" content=\"https:\/\/www.el-pan-alegre.org\/wordpress\/wp-content\/uploads\/2011\/10\/1.jpg\" \/>\n\t<meta property=\"og:image:width\" content=\"1024\" \/>\n\t<meta property=\"og:image:height\" content=\"624\" \/>\n\t<meta property=\"og:image:type\" content=\"image\/jpeg\" \/>\n<meta name=\"author\" content=\"Anja Mocker\" \/>\n<meta name=\"twitter:card\" content=\"summary_large_image\" \/>\n<meta name=\"twitter:label1\" content=\"Verfasst von\" \/>\n\t<meta name=\"twitter:data1\" content=\"Anja Mocker\" \/>\n<script type=\"application\/ld+json\" class=\"yoast-schema-graph\">{\"@context\":\"https:\\\/\\\/schema.org\",\"@graph\":[{\"@type\":\"Article\",\"@id\":\"https:\\\/\\\/www.el-pan-alegre.org\\\/wordpress\\\/55-unsere-workshop-saison-2011-geht-zu-ende\\\/#article\",\"isPartOf\":{\"@id\":\"https:\\\/\\\/www.el-pan-alegre.org\\\/wordpress\\\/55-unsere-workshop-saison-2011-geht-zu-ende\\\/\"},\"author\":{\"name\":\"Anja Mocker\",\"@id\":\"https:\\\/\\\/www.el-pan-alegre.org\\\/wordpress\\\/#\\\/schema\\\/person\\\/a61ba0bec6094c61dbf9da4e4e4e5bfe\"},\"headline\":\"Unsere Workshop-Saison 2011 geht zu Ende &#8230;\",\"datePublished\":\"2011-10-15T21:34:00+00:00\",\"dateModified\":\"2015-04-14T08:04:56+00:00\",\"mainEntityOfPage\":{\"@id\":\"https:\\\/\\\/www.el-pan-alegre.org\\\/wordpress\\\/55-unsere-workshop-saison-2011-geht-zu-ende\\\/\"},\"wordCount\":87,\"commentCount\":0,\"image\":{\"@id\":\"https:\\\/\\\/www.el-pan-alegre.org\\\/wordpress\\\/55-unsere-workshop-saison-2011-geht-zu-ende\\\/#primaryimage\"},\"thumbnailUrl\":\"https:\\\/\\\/www.el-pan-alegre.org\\\/wordpress\\\/wp-content\\\/uploads\\\/2011\\\/10\\\/1.jpg\",\"articleSection\":[\"Amaranth\",\"Anja\",\"Biogas\",\"FEZ\",\"FEZ-Berlin \u00d6ko-Insel\",\"Fotos\",\"Information\",\"Kommunikation\",\"Verein\"],\"inLanguage\":\"de\",\"potentialAction\":[{\"@type\":\"CommentAction\",\"name\":\"Comment\",\"target\":[\"https:\\\/\\\/www.el-pan-alegre.org\\\/wordpress\\\/55-unsere-workshop-saison-2011-geht-zu-ende\\\/#respond\"]}]},{\"@type\":\"WebPage\",\"@id\":\"https:\\\/\\\/www.el-pan-alegre.org\\\/wordpress\\\/55-unsere-workshop-saison-2011-geht-zu-ende\\\/\",\"url\":\"https:\\\/\\\/www.el-pan-alegre.org\\\/wordpress\\\/55-unsere-workshop-saison-2011-geht-zu-ende\\\/\",\"name\":\"Unsere Workshop-Saison 2011 geht zu Ende ... - El Pan Alegre\",\"isPartOf\":{\"@id\":\"https:\\\/\\\/www.el-pan-alegre.org\\\/wordpress\\\/#website\"},\"primaryImageOfPage\":{\"@id\":\"https:\\\/\\\/www.el-pan-alegre.org\\\/wordpress\\\/55-unsere-workshop-saison-2011-geht-zu-ende\\\/#primaryimage\"},\"image\":{\"@id\":\"https:\\\/\\\/www.el-pan-alegre.org\\\/wordpress\\\/55-unsere-workshop-saison-2011-geht-zu-ende\\\/#primaryimage\"},\"thumbnailUrl\":\"https:\\\/\\\/www.el-pan-alegre.org\\\/wordpress\\\/wp-content\\\/uploads\\\/2011\\\/10\\\/1.jpg\",\"datePublished\":\"2011-10-15T21:34:00+00:00\",\"dateModified\":\"2015-04-14T08:04:56+00:00\",\"author\":{\"@id\":\"https:\\\/\\\/www.el-pan-alegre.org\\\/wordpress\\\/#\\\/schema\\\/person\\\/a61ba0bec6094c61dbf9da4e4e4e5bfe\"},\"breadcrumb\":{\"@id\":\"https:\\\/\\\/www.el-pan-alegre.org\\\/wordpress\\\/55-unsere-workshop-saison-2011-geht-zu-ende\\\/#breadcrumb\"},\"inLanguage\":\"de\",\"potentialAction\":[{\"@type\":\"ReadAction\",\"target\":[\"https:\\\/\\\/www.el-pan-alegre.org\\\/wordpress\\\/55-unsere-workshop-saison-2011-geht-zu-ende\\\/\"]}]},{\"@type\":\"ImageObject\",\"inLanguage\":\"de\",\"@id\":\"https:\\\/\\\/www.el-pan-alegre.org\\\/wordpress\\\/55-unsere-workshop-saison-2011-geht-zu-ende\\\/#primaryimage\",\"url\":\"https:\\\/\\\/www.el-pan-alegre.org\\\/wordpress\\\/wp-content\\\/uploads\\\/2011\\\/10\\\/1.jpg\",\"contentUrl\":\"https:\\\/\\\/www.el-pan-alegre.org\\\/wordpress\\\/wp-content\\\/uploads\\\/2011\\\/10\\\/1.jpg\",\"width\":1024,\"height\":624},{\"@type\":\"BreadcrumbList\",\"@id\":\"https:\\\/\\\/www.el-pan-alegre.org\\\/wordpress\\\/55-unsere-workshop-saison-2011-geht-zu-ende\\\/#breadcrumb\",\"itemListElement\":[{\"@type\":\"ListItem\",\"position\":1,\"name\":\"Home\",\"item\":\"https:\\\/\\\/www.el-pan-alegre.org\\\/wordpress\\\/\"},{\"@type\":\"ListItem\",\"position\":2,\"name\":\"Unsere Workshop-Saison 2011 geht zu Ende &#8230;\"}]},{\"@type\":\"WebSite\",\"@id\":\"https:\\\/\\\/www.el-pan-alegre.org\\\/wordpress\\\/#website\",\"url\":\"https:\\\/\\\/www.el-pan-alegre.org\\\/wordpress\\\/\",\"name\":\"El Pan Alegre\",\"description\":\"Das Fr\u00f6hliche Brot\",\"potentialAction\":[{\"@type\":\"SearchAction\",\"target\":{\"@type\":\"EntryPoint\",\"urlTemplate\":\"https:\\\/\\\/www.el-pan-alegre.org\\\/wordpress\\\/?s={search_term_string}\"},\"query-input\":{\"@type\":\"PropertyValueSpecification\",\"valueRequired\":true,\"valueName\":\"search_term_string\"}}],\"inLanguage\":\"de\"},{\"@type\":\"Person\",\"@id\":\"https:\\\/\\\/www.el-pan-alegre.org\\\/wordpress\\\/#\\\/schema\\\/person\\\/a61ba0bec6094c61dbf9da4e4e4e5bfe\",\"name\":\"Anja Mocker\",\"image\":{\"@type\":\"ImageObject\",\"inLanguage\":\"de\",\"@id\":\"https:\\\/\\\/secure.gravatar.com\\\/avatar\\\/c283b0b556471cdaac4be59c661b13c1e141f08ca0dd2eb8f8d587262d7f04bb?s=96&d=identicon&r=g\",\"url\":\"https:\\\/\\\/secure.gravatar.com\\\/avatar\\\/c283b0b556471cdaac4be59c661b13c1e141f08ca0dd2eb8f8d587262d7f04bb?s=96&d=identicon&r=g\",\"contentUrl\":\"https:\\\/\\\/secure.gravatar.com\\\/avatar\\\/c283b0b556471cdaac4be59c661b13c1e141f08ca0dd2eb8f8d587262d7f04bb?s=96&d=identicon&r=g\",\"caption\":\"Anja Mocker\"},\"url\":\"https:\\\/\\\/www.el-pan-alegre.org\\\/wordpress\\\/author\\\/admin\\\/\"}]}<\/script>\n<!-- \/ Yoast SEO plugin. -->","yoast_head_json":{"title":"Unsere Workshop-Saison 2011 geht zu Ende ... - El Pan Alegre","robots":{"index":"index","follow":"follow","max-snippet":"max-snippet:-1","max-image-preview":"max-image-preview:large","max-video-preview":"max-video-preview:-1"},"canonical":"https:\/\/www.el-pan-alegre.org\/wordpress\/55-unsere-workshop-saison-2011-geht-zu-ende\/","og_locale":"de_DE","og_type":"article","og_title":"Unsere Workshop-Saison 2011 geht zu Ende ... - El Pan Alegre","og_description":"&#8230; und wieder w\u00e4re alles Engagement gar nicht m\u00f6glich gewesen ohne die Unterst\u00fctzung der vielen wunderbaren Freundinnen und KollegInnen aus unserem Verein und seinem Umfeld sowie dem FEZ-Berlin. Ein riesiges herzliches Dankesch\u00f6n an Anja, Claudia, Steffi, Valeria; Eva, Sylvia, Ruth; &hellip; Weiterlesen &rarr;","og_url":"https:\/\/www.el-pan-alegre.org\/wordpress\/55-unsere-workshop-saison-2011-geht-zu-ende\/","og_site_name":"El Pan Alegre","article_published_time":"2011-10-15T21:34:00+00:00","article_modified_time":"2015-04-14T08:04:56+00:00","og_image":[{"width":1024,"height":624,"url":"https:\/\/www.el-pan-alegre.org\/wordpress\/wp-content\/uploads\/2011\/10\/1.jpg","type":"image\/jpeg"}],"author":"Anja Mocker","twitter_card":"summary_large_image","twitter_misc":{"Verfasst von":"Anja Mocker"},"schema":{"@context":"https:\/\/schema.org","@graph":[{"@type":"Article","@id":"https:\/\/www.el-pan-alegre.org\/wordpress\/55-unsere-workshop-saison-2011-geht-zu-ende\/#article","isPartOf":{"@id":"https:\/\/www.el-pan-alegre.org\/wordpress\/55-unsere-workshop-saison-2011-geht-zu-ende\/"},"author":{"name":"Anja Mocker","@id":"https:\/\/www.el-pan-alegre.org\/wordpress\/#\/schema\/person\/a61ba0bec6094c61dbf9da4e4e4e5bfe"},"headline":"Unsere Workshop-Saison 2011 geht zu Ende &#8230;","datePublished":"2011-10-15T21:34:00+00:00","dateModified":"2015-04-14T08:04:56+00:00","mainEntityOfPage":{"@id":"https:\/\/www.el-pan-alegre.org\/wordpress\/55-unsere-workshop-saison-2011-geht-zu-ende\/"},"wordCount":87,"commentCount":0,"image":{"@id":"https:\/\/www.el-pan-alegre.org\/wordpress\/55-unsere-workshop-saison-2011-geht-zu-ende\/#primaryimage"},"thumbnailUrl":"https:\/\/www.el-pan-alegre.org\/wordpress\/wp-content\/uploads\/2011\/10\/1.jpg","articleSection":["Amaranth","Anja","Biogas","FEZ","FEZ-Berlin \u00d6ko-Insel","Fotos","Information","Kommunikation","Verein"],"inLanguage":"de","potentialAction":[{"@type":"CommentAction","name":"Comment","target":["https:\/\/www.el-pan-alegre.org\/wordpress\/55-unsere-workshop-saison-2011-geht-zu-ende\/#respond"]}]},{"@type":"WebPage","@id":"https:\/\/www.el-pan-alegre.org\/wordpress\/55-unsere-workshop-saison-2011-geht-zu-ende\/","url":"https:\/\/www.el-pan-alegre.org\/wordpress\/55-unsere-workshop-saison-2011-geht-zu-ende\/","name":"Unsere Workshop-Saison 2011 geht zu Ende ... - El Pan Alegre","isPartOf":{"@id":"https:\/\/www.el-pan-alegre.org\/wordpress\/#website"},"primaryImageOfPage":{"@id":"https:\/\/www.el-pan-alegre.org\/wordpress\/55-unsere-workshop-saison-2011-geht-zu-ende\/#primaryimage"},"image":{"@id":"https:\/\/www.el-pan-alegre.org\/wordpress\/55-unsere-workshop-saison-2011-geht-zu-ende\/#primaryimage"},"thumbnailUrl":"https:\/\/www.el-pan-alegre.org\/wordpress\/wp-content\/uploads\/2011\/10\/1.jpg","datePublished":"2011-10-15T21:34:00+00:00","dateModified":"2015-04-14T08:04:56+00:00","author":{"@id":"https:\/\/www.el-pan-alegre.org\/wordpress\/#\/schema\/person\/a61ba0bec6094c61dbf9da4e4e4e5bfe"},"breadcrumb":{"@id":"https:\/\/www.el-pan-alegre.org\/wordpress\/55-unsere-workshop-saison-2011-geht-zu-ende\/#breadcrumb"},"inLanguage":"de","potentialAction":[{"@type":"ReadAction","target":["https:\/\/www.el-pan-alegre.org\/wordpress\/55-unsere-workshop-saison-2011-geht-zu-ende\/"]}]},{"@type":"ImageObject","inLanguage":"de","@id":"https:\/\/www.el-pan-alegre.org\/wordpress\/55-unsere-workshop-saison-2011-geht-zu-ende\/#primaryimage","url":"https:\/\/www.el-pan-alegre.org\/wordpress\/wp-content\/uploads\/2011\/10\/1.jpg","contentUrl":"https:\/\/www.el-pan-alegre.org\/wordpress\/wp-content\/uploads\/2011\/10\/1.jpg","width":1024,"height":624},{"@type":"BreadcrumbList","@id":"https:\/\/www.el-pan-alegre.org\/wordpress\/55-unsere-workshop-saison-2011-geht-zu-ende\/#breadcrumb","itemListElement":[{"@type":"ListItem","position":1,"name":"Home","item":"https:\/\/www.el-pan-alegre.org\/wordpress\/"},{"@type":"ListItem","position":2,"name":"Unsere Workshop-Saison 2011 geht zu Ende &#8230;"}]},{"@type":"WebSite","@id":"https:\/\/www.el-pan-alegre.org\/wordpress\/#website","url":"https:\/\/www.el-pan-alegre.org\/wordpress\/","name":"El Pan Alegre","description":"Das Fr\u00f6hliche Brot","potentialAction":[{"@type":"SearchAction","target":{"@type":"EntryPoint","urlTemplate":"https:\/\/www.el-pan-alegre.org\/wordpress\/?s={search_term_string}"},"query-input":{"@type":"PropertyValueSpecification","valueRequired":true,"valueName":"search_term_string"}}],"inLanguage":"de"},{"@type":"Person","@id":"https:\/\/www.el-pan-alegre.org\/wordpress\/#\/schema\/person\/a61ba0bec6094c61dbf9da4e4e4e5bfe","name":"Anja Mocker","image":{"@type":"ImageObject","inLanguage":"de","@id":"https:\/\/secure.gravatar.com\/avatar\/c283b0b556471cdaac4be59c661b13c1e141f08ca0dd2eb8f8d587262d7f04bb?s=96&d=identicon&r=g","url":"https:\/\/secure.gravatar.com\/avatar\/c283b0b556471cdaac4be59c661b13c1e141f08ca0dd2eb8f8d587262d7f04bb?s=96&d=identicon&r=g","contentUrl":"https:\/\/secure.gravatar.com\/avatar\/c283b0b556471cdaac4be59c661b13c1e141f08ca0dd2eb8f8d587262d7f04bb?s=96&d=identicon&r=g","caption":"Anja Mocker"},"url":"https:\/\/www.el-pan-alegre.org\/wordpress\/author\/admin\/"}]}},"jetpack_publicize_connections":[],"jetpack_featured_media_url":"https:\/\/www.el-pan-alegre.org\/wordpress\/wp-content\/uploads\/2011\/10\/1.jpg","jetpack_sharing_enabled":true,"jetpack_shortlink":"https:\/\/wp.me\/p62TDh-T","jetpack-related-posts":[{"id":115,"url":"https:\/\/www.el-pan-alegre.org\/wordpress\/115-115\/","url_meta":{"origin":55,"position":0},"title":"&#8222;Fr\u00f6hliches Brot&#8220; im FEZ-Berlin","author":"Anja Mocker","date":"10. Oktober 2009","format":false,"excerpt":"Das Fr\u00f6hliche Brot st\u00fcrzt sich morgen im FEZ ins Abenteuer ... Zur Erinnerung: Der Verein ist eingeladen, im Rahmen von \"Abenteuer Gesundheit\" in Europas gr\u00f6\u00dftem Freizeit- und Erholungszentrum den Amaranth vorzustellen. Morgen am Familientag gibt es dazu von 10 bis 18 Uhr einen Informationsstand und am Montag und Dienstag f\u00fcr\u2026","rel":"","context":"In &quot;Amaranth&quot;","block_context":{"text":"Amaranth","link":"https:\/\/www.el-pan-alegre.org\/wordpress\/kategorie\/amaranth\/"},"img":{"alt_text":"","src":"https:\/\/i0.wp.com\/www.el-pan-alegre.org\/wordpress\/wp-content\/uploads\/2009\/10\/DSC08679.jpg?resize=350%2C200&ssl=1","width":350,"height":200,"srcset":"https:\/\/i0.wp.com\/www.el-pan-alegre.org\/wordpress\/wp-content\/uploads\/2009\/10\/DSC08679.jpg?resize=350%2C200&ssl=1 1x, https:\/\/i0.wp.com\/www.el-pan-alegre.org\/wordpress\/wp-content\/uploads\/2009\/10\/DSC08679.jpg?resize=525%2C300&ssl=1 1.5x, https:\/\/i0.wp.com\/www.el-pan-alegre.org\/wordpress\/wp-content\/uploads\/2009\/10\/DSC08679.jpg?resize=700%2C400&ssl=1 2x"},"classes":[]},{"id":31,"url":"https:\/\/www.el-pan-alegre.org\/wordpress\/31-einladung-zum-erntefest-29-30-09-12\/","url_meta":{"origin":55,"position":1},"title":"EINLADUNG ZUM ERNTEFEST 29.+30.09.12","author":"Anja Mocker","date":"30. August 2012","format":false,"excerpt":"Am Wochenende des 29. und 30.09.12 wird in der \"Fr\u00f6hlichen Amaranth-Kinderb\u00e4ckerei\" noch einmal die lange Zeit vergessene alte Kulturpflanze Amaranth mit all ihren Qualit\u00e4ten und kulinarischen Verwendungsm\u00f6glichkeiten im Mittelpunkt stehen. \u00a0 Mit ihren Familien lernen die Kinder die spannende Geschichte des kleinen Amaranthkorns kennen und finden heraus, woher seine Riesenkr\u00e4fte\u2026","rel":"","context":"In &quot;Amaranth&quot;","block_context":{"text":"Amaranth","link":"https:\/\/www.el-pan-alegre.org\/wordpress\/kategorie\/amaranth\/"},"img":{"alt_text":"","src":"https:\/\/i0.wp.com\/www.el-pan-alegre.org\/wordpress\/wp-content\/uploads\/2012\/08\/Die_Froehliche_Amaranthkinderbaeckerei.jpg?resize=350%2C200&ssl=1","width":350,"height":200,"srcset":"https:\/\/i0.wp.com\/www.el-pan-alegre.org\/wordpress\/wp-content\/uploads\/2012\/08\/Die_Froehliche_Amaranthkinderbaeckerei.jpg?resize=350%2C200&ssl=1 1x, https:\/\/i0.wp.com\/www.el-pan-alegre.org\/wordpress\/wp-content\/uploads\/2012\/08\/Die_Froehliche_Amaranthkinderbaeckerei.jpg?resize=525%2C300&ssl=1 1.5x"},"classes":[]},{"id":98,"url":"https:\/\/www.el-pan-alegre.org\/wordpress\/98-kinder-powerkorn-amaranth-fuers-fez\/","url_meta":{"origin":55,"position":2},"title":"Kinder-Powerkorn Amaranth f\u00fcrs FEZ","author":"Anja Mocker","date":"19. Mai 2010","format":false,"excerpt":"Die ersten Pfl\u00e4nzchen sind in der Erde (Fotos hier)!Am Montag haben Anja und ich sie zusammen mit \u00d6koinsel-Chefin Eva Kulla und einer Praktikantin (vielen Dank f\u00fcr Deine Unterst\u00fctzung, Nele!) im ersten St\u00fcckchen unseres Schaubeetes ausgesetzt.Beim Kinderfest am 30. Mai wollen wir zusammen mit unseren kleinen BesucherInnen die restlichen Setzlinge dazupflanzen.Und\u2026","rel":"","context":"In &quot;Amaranth&quot;","block_context":{"text":"Amaranth","link":"https:\/\/www.el-pan-alegre.org\/wordpress\/kategorie\/amaranth\/"},"img":{"alt_text":"","src":"https:\/\/i0.wp.com\/www.el-pan-alegre.org\/wordpress\/wp-content\/uploads\/2010\/05\/01.jpg?resize=350%2C200&ssl=1","width":350,"height":200,"srcset":"https:\/\/i0.wp.com\/www.el-pan-alegre.org\/wordpress\/wp-content\/uploads\/2010\/05\/01.jpg?resize=350%2C200&ssl=1 1x, https:\/\/i0.wp.com\/www.el-pan-alegre.org\/wordpress\/wp-content\/uploads\/2010\/05\/01.jpg?resize=525%2C300&ssl=1 1.5x, https:\/\/i0.wp.com\/www.el-pan-alegre.org\/wordpress\/wp-content\/uploads\/2010\/05\/01.jpg?resize=700%2C400&ssl=1 2x"},"classes":[]},{"id":30,"url":"https:\/\/www.el-pan-alegre.org\/wordpress\/30-fantastisches-2012-willkommen-2013\/","url_meta":{"origin":55,"position":3},"title":"Fantastisches 2012 \/ Willkommen 2013!","author":"Anja Mocker","date":"31. Dezember 2012","format":false,"excerpt":"Fr\u00f6hliche Gr\u00fc\u00dfe f\u00fcr das neue Jahr voller Wunder, Gl\u00fcck, Zufriedenheit, Gesundheit und Erfolg auf allen Ebenen! Ein spannendes Jahr liegt hinter uns. Die Fr\u00f6hliche Amaranth-Kinderb\u00e4ckerei wird jedem Kind, das in die Wuhlheide gekommen ist, in freudiger Erinnerung bleiben. Das Paradies Wuhlheide f\u00e4ngt an sich zu regen und zu entwickeln. Viele\u2026","rel":"","context":"In &quot;Information&quot;","block_context":{"text":"Information","link":"https:\/\/www.el-pan-alegre.org\/wordpress\/kategorie\/information\/"},"img":{"alt_text":"","src":"https:\/\/i0.wp.com\/www.el-pan-alegre.org\/wordpress\/wp-content\/uploads\/2012\/12\/das_froehliche_brot.jpg?resize=350%2C200&ssl=1","width":350,"height":200,"srcset":"https:\/\/i0.wp.com\/www.el-pan-alegre.org\/wordpress\/wp-content\/uploads\/2012\/12\/das_froehliche_brot.jpg?resize=350%2C200&ssl=1 1x, https:\/\/i0.wp.com\/www.el-pan-alegre.org\/wordpress\/wp-content\/uploads\/2012\/12\/das_froehliche_brot.jpg?resize=525%2C300&ssl=1 1.5x"},"classes":[]},{"id":102,"url":"https:\/\/www.el-pan-alegre.org\/wordpress\/102-102\/","url_meta":{"origin":55,"position":4},"title":"Kooperation mit dem FEZ-Berlin","author":"Anja Mocker","date":"19. April 2010","format":false,"excerpt":"von Madeleine Porr Jetzt ist es \"amtlich\" Der Vertrag ist unterschrieben und am 01.05.10 beginnt sie nun ganz offiziell: die schrittweise Umsetzung von \"EL PAN ALEGRE - DAS FR\u00d6HLICHE BROT\" unter dem Dach von Europas gr\u00f6\u00dftem gemeinn\u00fctzigen Freizeit-, Bildungs- und Erholungszentrum f\u00fcr Kinder, Jugendliche und Familien, dem FEZ-Berlin. Wir -\u2026","rel":"","context":"In &quot;FEZ&quot;","block_context":{"text":"FEZ","link":"https:\/\/www.el-pan-alegre.org\/wordpress\/kategorie\/fez\/"},"img":{"alt_text":"","src":"https:\/\/i0.wp.com\/www.el-pan-alegre.org\/wordpress\/wp-content\/uploads\/2010\/04\/KoopFEZ-EBM_S1.jpg?resize=350%2C200&ssl=1","width":350,"height":200,"srcset":"https:\/\/i0.wp.com\/www.el-pan-alegre.org\/wordpress\/wp-content\/uploads\/2010\/04\/KoopFEZ-EBM_S1.jpg?resize=350%2C200&ssl=1 1x, https:\/\/i0.wp.com\/www.el-pan-alegre.org\/wordpress\/wp-content\/uploads\/2010\/04\/KoopFEZ-EBM_S1.jpg?resize=525%2C300&ssl=1 1.5x, https:\/\/i0.wp.com\/www.el-pan-alegre.org\/wordpress\/wp-content\/uploads\/2010\/04\/KoopFEZ-EBM_S1.jpg?resize=700%2C400&ssl=1 2x"},"classes":[]},{"id":42,"url":"https:\/\/www.el-pan-alegre.org\/wordpress\/42-spannender-mai-in-allen-arbeitsbereichen\/","url_meta":{"origin":55,"position":5},"title":"Spannender Mai","author":"Anja Mocker","date":"28. Mai 2012","format":false,"excerpt":"Auch ohne die Vorbereitungen zur Er\u00f6ffnung unserer \"Fr\u00f6hlichen Amaranth-Kinderb\u00e4ckerei\" mitzuz\u00e4hlen (s. auch n\u00e4chster Blogeintrag), liegt eine spannende Woche hinter uns! Hier ein paar schnelle Details: \u00a0 * am Dienstag in der FEZ-Gesamtteamsitzung die Vorstellung der ersten Schulprojektwoche in Sachen Bildung f\u00fcr nachhaltige Entwicklung (BNE) \"Nachhaltig stark und schlau!\" (5.-7.6.12), mit\u2026","rel":"","context":"In &quot;Biogas&quot;","block_context":{"text":"Biogas","link":"https:\/\/www.el-pan-alegre.org\/wordpress\/kategorie\/biogas\/"},"img":{"alt_text":"","src":"https:\/\/i0.wp.com\/www.el-pan-alegre.org\/wordpress\/wp-content\/uploads\/2012\/05\/SAM_1536.jpg?resize=350%2C200&ssl=1","width":350,"height":200,"srcset":"https:\/\/i0.wp.com\/www.el-pan-alegre.org\/wordpress\/wp-content\/uploads\/2012\/05\/SAM_1536.jpg?resize=350%2C200&ssl=1 1x, https:\/\/i0.wp.com\/www.el-pan-alegre.org\/wordpress\/wp-content\/uploads\/2012\/05\/SAM_1536.jpg?resize=525%2C300&ssl=1 1.5x, https:\/\/i0.wp.com\/www.el-pan-alegre.org\/wordpress\/wp-content\/uploads\/2012\/05\/SAM_1536.jpg?resize=700%2C400&ssl=1 2x"},"classes":[]}],"_links":{"self":[{"href":"https:\/\/www.el-pan-alegre.org\/wordpress\/wp-json\/wp\/v2\/posts\/55","targetHints":{"allow":["GET"]}}],"collection":[{"href":"https:\/\/www.el-pan-alegre.org\/wordpress\/wp-json\/wp\/v2\/posts"}],"about":[{"href":"https:\/\/www.el-pan-alegre.org\/wordpress\/wp-json\/wp\/v2\/types\/post"}],"author":[{"embeddable":true,"href":"https:\/\/www.el-pan-alegre.org\/wordpress\/wp-json\/wp\/v2\/users\/1"}],"replies":[{"embeddable":true,"href":"https:\/\/www.el-pan-alegre.org\/wordpress\/wp-json\/wp\/v2\/comments?post=55"}],"version-history":[{"count":0,"href":"https:\/\/www.el-pan-alegre.org\/wordpress\/wp-json\/wp\/v2\/posts\/55\/revisions"}],"wp:featuredmedia":[{"embeddable":true,"href":"https:\/\/www.el-pan-alegre.org\/wordpress\/wp-json\/wp\/v2\/media\/277"}],"wp:attachment":[{"href":"https:\/\/www.el-pan-alegre.org\/wordpress\/wp-json\/wp\/v2\/media?parent=55"}],"wp:term":[{"taxonomy":"category","embeddable":true,"href":"https:\/\/www.el-pan-alegre.org\/wordpress\/wp-json\/wp\/v2\/categories?post=55"},{"taxonomy":"post_tag","embeddable":true,"href":"https:\/\/www.el-pan-alegre.org\/wordpress\/wp-json\/wp\/v2\/tags?post=55"}],"curies":[{"name":"wp","href":"https:\/\/api.w.org\/{rel}","templated":true}]}}