{"id":53,"date":"2012-01-17T13:15:00","date_gmt":"2012-01-17T12:15:00","guid":{"rendered":"http:\/\/www.el-pan-alegre.org\/wordpress\/53-werkstatt-n-auszeichnung-auch-in-diesem-jahr\/"},"modified":"2015-04-14T10:04:51","modified_gmt":"2015-04-14T08:04:51","slug":"werkstatt-n-auszeichnung-auch-in-diesem-jahr","status":"publish","type":"post","link":"https:\/\/www.el-pan-alegre.org\/wordpress\/53-werkstatt-n-auszeichnung-auch-in-diesem-jahr\/","title":{"rendered":"WERKSTATT-N-AUSZEICHNUNG AUCH IN DIESEM JAHR!"},"content":{"rendered":"<p><span style=\"color: rgb(0, 0, 0); font-family: arial;font-size:180%;\"  >Zu unserer gro\u00dfen Freude erreichte uns soeben die folgende Nachricht:<\/span><\/p>\n<p><a href=\"http:\/\/www.el-pan-alegre.org\/wordpress\/wp-content\/uploads\/2012\/01\/RNE_Werkstatt-2BN_projekt12_ausge_rgb.jpg\"><img decoding=\"async\" style=\"float:left; margin:0 10px 10px 0;cursor:pointer; cursor:hand;width: 420px; height: 180px;\" src=\"http:\/\/www.el-pan-alegre.org\/wordpress\/wp-content\/uploads\/2012\/01\/RNE_Werkstatt-2BN_projekt12_ausge_rgb-300x129.jpg\" alt=\"\" id=\"BLOGGER_PHOTO_ID_5708207632034074146\" border=\"0\" \/><\/a><\/p>\n<p><span style=\"font-family:courier new;font-size:130%;\"><\/p>\n<p><span style=\"color: rgb(255, 0, 0);font-size:130%;\" >Sehr geehrte Damen und Herren,<br \/><br style=\"color: rgb(255, 0, 0);\"><\/span><span style=\"font-size:130%;\"><\/span><span style=\"color: rgb(255, 0, 0);font-size:130%;\" >die Jury hat alle eingereichten Impulse und Projekte gepr\u00fcft:<\/span><span style=\"font-size:130%;\"><br style=\"color: rgb(255, 0, 0);\"><\/span><span style=\"color: rgb(255, 0, 0);font-size:130%;\" >Wir freuen uns, Ihnen mitteilen zu k\u00f6nnen, dass Ihre Einsendung zu den 100 Werkstatt N-Projekten und -Impulsen 2012 geh\u00f6rt. Herzlichen Gl\u00fcckwunsch!<br \/><br style=\"color: rgb(255, 0, 0);\"><\/span><span style=\"font-size:130%;\"><\/span><span style=\"color: rgb(255, 0, 0);font-size:130%;\" >Anbei senden wir Ihnen das Signet des Qualit\u00e4tslabels \u201eWerkstatt N-Projekt 2012\u201c zu. Sie k\u00f6nnen es ab sofort in Ihre Kommunikation einbinden. &#8230;<br \/><br style=\"color: rgb(255, 0, 0);\"><\/span><span style=\"font-size:130%;\"><\/span><span style=\"color: rgb(255, 0, 0);font-size:130%;\" >Wir freuen uns auf ein spannendes Jahr in der Werkstatt N!<\/span><span style=\"font-size:130%;\"><br style=\"color: rgb(255, 0, 0);\"><\/span><span style=\"color: rgb(255, 0, 0);font-size:130%;\" >Mit freundlichen Gr\u00fc\u00dfen<\/span><span style=\"font-size:130%;\"><br style=\"color: rgb(255, 0, 0);\"><\/span><span style=\"color: rgb(255, 0, 0);font-size:130%;\" >Eike Meyer<\/span><span style=\"font-size:130%;\"><br style=\"color: rgb(255, 0, 0);\"><\/span><span style=\"color: rgb(255, 0, 0);font-size:130%;\" >&#8211; wissenschaftlicher Referent &#8211;<\/span><span style=\"font-size:130%;\"><br style=\"color: rgb(255, 0, 0);\"><\/span><span style=\"color: rgb(255, 0, 0);font-size:130%;\" >Rat f\u00fcr Nachhaltige Entwicklung<\/span><\/p>\n<p><\/span><\/p>\n<div style=\"text-align: center;\"><span style=\"color: rgb(255, 0, 0);font-family:courier new;font-size:180%;\"  >+  +  +  +  +<\/span><\/div>\n<p><span style=\"font-family:courier new;font-size:130%;\"><br \/><\/span><\/p>\n","protected":false},"excerpt":{"rendered":"<p>Zu unserer gro\u00dfen Freude erreichte uns soeben die folgende Nachricht: Sehr geehrte Damen und Herren,die Jury hat alle eingereichten Impulse und Projekte gepr\u00fcft:Wir freuen uns, Ihnen mitteilen zu k\u00f6nnen, dass Ihre Einsendung zu den 100 Werkstatt N-Projekten und -Impulsen 2012 &hellip; <a href=\"https:\/\/www.el-pan-alegre.org\/wordpress\/53-werkstatt-n-auszeichnung-auch-in-diesem-jahr\/\">Weiterlesen <span class=\"meta-nav\">&rarr;<\/span><\/a><\/p>\n","protected":false},"author":1,"featured_media":276,"comment_status":"open","ping_status":"open","sticky":false,"template":"","format":"standard","meta":{"jetpack_post_was_ever_published":false,"_jetpack_newsletter_access":"","_jetpack_dont_email_post_to_subs":false,"_jetpack_newsletter_tier_id":0,"_jetpack_memberships_contains_paywalled_content":false,"_jetpack_memberships_contains_paid_content":false,"footnotes":"","jetpack_publicize_message":"","jetpack_publicize_feature_enabled":true,"jetpack_social_post_already_shared":false,"jetpack_social_options":{"image_generator_settings":{"template":"highway","default_image_id":0,"font":"","enabled":false},"version":2}},"categories":[38,6,2,8,26],"tags":[],"class_list":["post-53","post","type-post","status-publish","format-standard","has-post-thumbnail","hentry","category-auszeichnung","category-information","category-oeffentlichkeitsarbeit","category-verein","category-werkstatt-n"],"yoast_head":"<!-- This site is optimized with the Yoast SEO plugin v27.5 - https:\/\/yoast.com\/product\/yoast-seo-wordpress\/ -->\n<title>WERKSTATT-N-AUSZEICHNUNG AUCH IN DIESEM JAHR! - El Pan Alegre<\/title>\n<meta name=\"robots\" content=\"index, follow, max-snippet:-1, max-image-preview:large, max-video-preview:-1\" \/>\n<link rel=\"canonical\" href=\"https:\/\/www.el-pan-alegre.org\/wordpress\/53-werkstatt-n-auszeichnung-auch-in-diesem-jahr\/\" \/>\n<meta property=\"og:locale\" content=\"de_DE\" \/>\n<meta property=\"og:type\" content=\"article\" \/>\n<meta property=\"og:title\" content=\"WERKSTATT-N-AUSZEICHNUNG AUCH IN DIESEM JAHR! - El Pan Alegre\" \/>\n<meta property=\"og:description\" content=\"Zu unserer gro\u00dfen Freude erreichte uns soeben die folgende Nachricht: Sehr geehrte Damen und Herren,die Jury hat alle eingereichten Impulse und Projekte gepr\u00fcft:Wir freuen uns, Ihnen mitteilen zu k\u00f6nnen, dass Ihre Einsendung zu den 100 Werkstatt N-Projekten und -Impulsen 2012 &hellip; Weiterlesen &rarr;\" \/>\n<meta property=\"og:url\" content=\"https:\/\/www.el-pan-alegre.org\/wordpress\/53-werkstatt-n-auszeichnung-auch-in-diesem-jahr\/\" \/>\n<meta property=\"og:site_name\" content=\"El Pan Alegre\" \/>\n<meta property=\"article:published_time\" content=\"2012-01-17T12:15:00+00:00\" \/>\n<meta property=\"article:modified_time\" content=\"2015-04-14T08:04:51+00:00\" \/>\n<meta property=\"og:image\" content=\"https:\/\/www.el-pan-alegre.org\/wordpress\/wp-content\/uploads\/2012\/01\/RNE_Werkstatt-2BN_projekt12_ausge_rgb.jpg\" \/>\n\t<meta property=\"og:image:width\" content=\"700\" \/>\n\t<meta property=\"og:image:height\" content=\"300\" \/>\n\t<meta property=\"og:image:type\" content=\"image\/jpeg\" \/>\n<meta name=\"author\" content=\"Anja Mocker\" \/>\n<meta name=\"twitter:card\" content=\"summary_large_image\" \/>\n<meta name=\"twitter:label1\" content=\"Verfasst von\" \/>\n\t<meta name=\"twitter:data1\" content=\"Anja Mocker\" \/>\n<script type=\"application\/ld+json\" class=\"yoast-schema-graph\">{\"@context\":\"https:\\\/\\\/schema.org\",\"@graph\":[{\"@type\":\"Article\",\"@id\":\"https:\\\/\\\/www.el-pan-alegre.org\\\/wordpress\\\/53-werkstatt-n-auszeichnung-auch-in-diesem-jahr\\\/#article\",\"isPartOf\":{\"@id\":\"https:\\\/\\\/www.el-pan-alegre.org\\\/wordpress\\\/53-werkstatt-n-auszeichnung-auch-in-diesem-jahr\\\/\"},\"author\":{\"name\":\"Anja Mocker\",\"@id\":\"https:\\\/\\\/www.el-pan-alegre.org\\\/wordpress\\\/#\\\/schema\\\/person\\\/a61ba0bec6094c61dbf9da4e4e4e5bfe\"},\"headline\":\"WERKSTATT-N-AUSZEICHNUNG AUCH IN DIESEM JAHR!\",\"datePublished\":\"2012-01-17T12:15:00+00:00\",\"dateModified\":\"2015-04-14T08:04:51+00:00\",\"mainEntityOfPage\":{\"@id\":\"https:\\\/\\\/www.el-pan-alegre.org\\\/wordpress\\\/53-werkstatt-n-auszeichnung-auch-in-diesem-jahr\\\/\"},\"wordCount\":101,\"commentCount\":0,\"image\":{\"@id\":\"https:\\\/\\\/www.el-pan-alegre.org\\\/wordpress\\\/53-werkstatt-n-auszeichnung-auch-in-diesem-jahr\\\/#primaryimage\"},\"thumbnailUrl\":\"https:\\\/\\\/www.el-pan-alegre.org\\\/wordpress\\\/wp-content\\\/uploads\\\/2012\\\/01\\\/RNE_Werkstatt-2BN_projekt12_ausge_rgb.jpg\",\"articleSection\":[\"Auszeichnung\",\"Information\",\"\u00d6ffentlichkeitsarbeit\",\"Verein\",\"Werkstatt N\"],\"inLanguage\":\"de\",\"potentialAction\":[{\"@type\":\"CommentAction\",\"name\":\"Comment\",\"target\":[\"https:\\\/\\\/www.el-pan-alegre.org\\\/wordpress\\\/53-werkstatt-n-auszeichnung-auch-in-diesem-jahr\\\/#respond\"]}]},{\"@type\":\"WebPage\",\"@id\":\"https:\\\/\\\/www.el-pan-alegre.org\\\/wordpress\\\/53-werkstatt-n-auszeichnung-auch-in-diesem-jahr\\\/\",\"url\":\"https:\\\/\\\/www.el-pan-alegre.org\\\/wordpress\\\/53-werkstatt-n-auszeichnung-auch-in-diesem-jahr\\\/\",\"name\":\"WERKSTATT-N-AUSZEICHNUNG AUCH IN DIESEM JAHR! - El Pan Alegre\",\"isPartOf\":{\"@id\":\"https:\\\/\\\/www.el-pan-alegre.org\\\/wordpress\\\/#website\"},\"primaryImageOfPage\":{\"@id\":\"https:\\\/\\\/www.el-pan-alegre.org\\\/wordpress\\\/53-werkstatt-n-auszeichnung-auch-in-diesem-jahr\\\/#primaryimage\"},\"image\":{\"@id\":\"https:\\\/\\\/www.el-pan-alegre.org\\\/wordpress\\\/53-werkstatt-n-auszeichnung-auch-in-diesem-jahr\\\/#primaryimage\"},\"thumbnailUrl\":\"https:\\\/\\\/www.el-pan-alegre.org\\\/wordpress\\\/wp-content\\\/uploads\\\/2012\\\/01\\\/RNE_Werkstatt-2BN_projekt12_ausge_rgb.jpg\",\"datePublished\":\"2012-01-17T12:15:00+00:00\",\"dateModified\":\"2015-04-14T08:04:51+00:00\",\"author\":{\"@id\":\"https:\\\/\\\/www.el-pan-alegre.org\\\/wordpress\\\/#\\\/schema\\\/person\\\/a61ba0bec6094c61dbf9da4e4e4e5bfe\"},\"breadcrumb\":{\"@id\":\"https:\\\/\\\/www.el-pan-alegre.org\\\/wordpress\\\/53-werkstatt-n-auszeichnung-auch-in-diesem-jahr\\\/#breadcrumb\"},\"inLanguage\":\"de\",\"potentialAction\":[{\"@type\":\"ReadAction\",\"target\":[\"https:\\\/\\\/www.el-pan-alegre.org\\\/wordpress\\\/53-werkstatt-n-auszeichnung-auch-in-diesem-jahr\\\/\"]}]},{\"@type\":\"ImageObject\",\"inLanguage\":\"de\",\"@id\":\"https:\\\/\\\/www.el-pan-alegre.org\\\/wordpress\\\/53-werkstatt-n-auszeichnung-auch-in-diesem-jahr\\\/#primaryimage\",\"url\":\"https:\\\/\\\/www.el-pan-alegre.org\\\/wordpress\\\/wp-content\\\/uploads\\\/2012\\\/01\\\/RNE_Werkstatt-2BN_projekt12_ausge_rgb.jpg\",\"contentUrl\":\"https:\\\/\\\/www.el-pan-alegre.org\\\/wordpress\\\/wp-content\\\/uploads\\\/2012\\\/01\\\/RNE_Werkstatt-2BN_projekt12_ausge_rgb.jpg\",\"width\":700,\"height\":300},{\"@type\":\"BreadcrumbList\",\"@id\":\"https:\\\/\\\/www.el-pan-alegre.org\\\/wordpress\\\/53-werkstatt-n-auszeichnung-auch-in-diesem-jahr\\\/#breadcrumb\",\"itemListElement\":[{\"@type\":\"ListItem\",\"position\":1,\"name\":\"Home\",\"item\":\"https:\\\/\\\/www.el-pan-alegre.org\\\/wordpress\\\/\"},{\"@type\":\"ListItem\",\"position\":2,\"name\":\"WERKSTATT-N-AUSZEICHNUNG AUCH IN DIESEM JAHR!\"}]},{\"@type\":\"WebSite\",\"@id\":\"https:\\\/\\\/www.el-pan-alegre.org\\\/wordpress\\\/#website\",\"url\":\"https:\\\/\\\/www.el-pan-alegre.org\\\/wordpress\\\/\",\"name\":\"El Pan Alegre\",\"description\":\"Das Fr\u00f6hliche Brot\",\"potentialAction\":[{\"@type\":\"SearchAction\",\"target\":{\"@type\":\"EntryPoint\",\"urlTemplate\":\"https:\\\/\\\/www.el-pan-alegre.org\\\/wordpress\\\/?s={search_term_string}\"},\"query-input\":{\"@type\":\"PropertyValueSpecification\",\"valueRequired\":true,\"valueName\":\"search_term_string\"}}],\"inLanguage\":\"de\"},{\"@type\":\"Person\",\"@id\":\"https:\\\/\\\/www.el-pan-alegre.org\\\/wordpress\\\/#\\\/schema\\\/person\\\/a61ba0bec6094c61dbf9da4e4e4e5bfe\",\"name\":\"Anja Mocker\",\"image\":{\"@type\":\"ImageObject\",\"inLanguage\":\"de\",\"@id\":\"https:\\\/\\\/secure.gravatar.com\\\/avatar\\\/c283b0b556471cdaac4be59c661b13c1e141f08ca0dd2eb8f8d587262d7f04bb?s=96&d=identicon&r=g\",\"url\":\"https:\\\/\\\/secure.gravatar.com\\\/avatar\\\/c283b0b556471cdaac4be59c661b13c1e141f08ca0dd2eb8f8d587262d7f04bb?s=96&d=identicon&r=g\",\"contentUrl\":\"https:\\\/\\\/secure.gravatar.com\\\/avatar\\\/c283b0b556471cdaac4be59c661b13c1e141f08ca0dd2eb8f8d587262d7f04bb?s=96&d=identicon&r=g\",\"caption\":\"Anja Mocker\"},\"url\":\"https:\\\/\\\/www.el-pan-alegre.org\\\/wordpress\\\/author\\\/admin\\\/\"}]}<\/script>\n<!-- \/ Yoast SEO plugin. -->","yoast_head_json":{"title":"WERKSTATT-N-AUSZEICHNUNG AUCH IN DIESEM JAHR! - El Pan Alegre","robots":{"index":"index","follow":"follow","max-snippet":"max-snippet:-1","max-image-preview":"max-image-preview:large","max-video-preview":"max-video-preview:-1"},"canonical":"https:\/\/www.el-pan-alegre.org\/wordpress\/53-werkstatt-n-auszeichnung-auch-in-diesem-jahr\/","og_locale":"de_DE","og_type":"article","og_title":"WERKSTATT-N-AUSZEICHNUNG AUCH IN DIESEM JAHR! - El Pan Alegre","og_description":"Zu unserer gro\u00dfen Freude erreichte uns soeben die folgende Nachricht: Sehr geehrte Damen und Herren,die Jury hat alle eingereichten Impulse und Projekte gepr\u00fcft:Wir freuen uns, Ihnen mitteilen zu k\u00f6nnen, dass Ihre Einsendung zu den 100 Werkstatt N-Projekten und -Impulsen 2012 &hellip; Weiterlesen &rarr;","og_url":"https:\/\/www.el-pan-alegre.org\/wordpress\/53-werkstatt-n-auszeichnung-auch-in-diesem-jahr\/","og_site_name":"El Pan Alegre","article_published_time":"2012-01-17T12:15:00+00:00","article_modified_time":"2015-04-14T08:04:51+00:00","og_image":[{"width":700,"height":300,"url":"https:\/\/www.el-pan-alegre.org\/wordpress\/wp-content\/uploads\/2012\/01\/RNE_Werkstatt-2BN_projekt12_ausge_rgb.jpg","type":"image\/jpeg"}],"author":"Anja Mocker","twitter_card":"summary_large_image","twitter_misc":{"Verfasst von":"Anja Mocker"},"schema":{"@context":"https:\/\/schema.org","@graph":[{"@type":"Article","@id":"https:\/\/www.el-pan-alegre.org\/wordpress\/53-werkstatt-n-auszeichnung-auch-in-diesem-jahr\/#article","isPartOf":{"@id":"https:\/\/www.el-pan-alegre.org\/wordpress\/53-werkstatt-n-auszeichnung-auch-in-diesem-jahr\/"},"author":{"name":"Anja Mocker","@id":"https:\/\/www.el-pan-alegre.org\/wordpress\/#\/schema\/person\/a61ba0bec6094c61dbf9da4e4e4e5bfe"},"headline":"WERKSTATT-N-AUSZEICHNUNG AUCH IN DIESEM JAHR!","datePublished":"2012-01-17T12:15:00+00:00","dateModified":"2015-04-14T08:04:51+00:00","mainEntityOfPage":{"@id":"https:\/\/www.el-pan-alegre.org\/wordpress\/53-werkstatt-n-auszeichnung-auch-in-diesem-jahr\/"},"wordCount":101,"commentCount":0,"image":{"@id":"https:\/\/www.el-pan-alegre.org\/wordpress\/53-werkstatt-n-auszeichnung-auch-in-diesem-jahr\/#primaryimage"},"thumbnailUrl":"https:\/\/www.el-pan-alegre.org\/wordpress\/wp-content\/uploads\/2012\/01\/RNE_Werkstatt-2BN_projekt12_ausge_rgb.jpg","articleSection":["Auszeichnung","Information","\u00d6ffentlichkeitsarbeit","Verein","Werkstatt N"],"inLanguage":"de","potentialAction":[{"@type":"CommentAction","name":"Comment","target":["https:\/\/www.el-pan-alegre.org\/wordpress\/53-werkstatt-n-auszeichnung-auch-in-diesem-jahr\/#respond"]}]},{"@type":"WebPage","@id":"https:\/\/www.el-pan-alegre.org\/wordpress\/53-werkstatt-n-auszeichnung-auch-in-diesem-jahr\/","url":"https:\/\/www.el-pan-alegre.org\/wordpress\/53-werkstatt-n-auszeichnung-auch-in-diesem-jahr\/","name":"WERKSTATT-N-AUSZEICHNUNG AUCH IN DIESEM JAHR! - El Pan Alegre","isPartOf":{"@id":"https:\/\/www.el-pan-alegre.org\/wordpress\/#website"},"primaryImageOfPage":{"@id":"https:\/\/www.el-pan-alegre.org\/wordpress\/53-werkstatt-n-auszeichnung-auch-in-diesem-jahr\/#primaryimage"},"image":{"@id":"https:\/\/www.el-pan-alegre.org\/wordpress\/53-werkstatt-n-auszeichnung-auch-in-diesem-jahr\/#primaryimage"},"thumbnailUrl":"https:\/\/www.el-pan-alegre.org\/wordpress\/wp-content\/uploads\/2012\/01\/RNE_Werkstatt-2BN_projekt12_ausge_rgb.jpg","datePublished":"2012-01-17T12:15:00+00:00","dateModified":"2015-04-14T08:04:51+00:00","author":{"@id":"https:\/\/www.el-pan-alegre.org\/wordpress\/#\/schema\/person\/a61ba0bec6094c61dbf9da4e4e4e5bfe"},"breadcrumb":{"@id":"https:\/\/www.el-pan-alegre.org\/wordpress\/53-werkstatt-n-auszeichnung-auch-in-diesem-jahr\/#breadcrumb"},"inLanguage":"de","potentialAction":[{"@type":"ReadAction","target":["https:\/\/www.el-pan-alegre.org\/wordpress\/53-werkstatt-n-auszeichnung-auch-in-diesem-jahr\/"]}]},{"@type":"ImageObject","inLanguage":"de","@id":"https:\/\/www.el-pan-alegre.org\/wordpress\/53-werkstatt-n-auszeichnung-auch-in-diesem-jahr\/#primaryimage","url":"https:\/\/www.el-pan-alegre.org\/wordpress\/wp-content\/uploads\/2012\/01\/RNE_Werkstatt-2BN_projekt12_ausge_rgb.jpg","contentUrl":"https:\/\/www.el-pan-alegre.org\/wordpress\/wp-content\/uploads\/2012\/01\/RNE_Werkstatt-2BN_projekt12_ausge_rgb.jpg","width":700,"height":300},{"@type":"BreadcrumbList","@id":"https:\/\/www.el-pan-alegre.org\/wordpress\/53-werkstatt-n-auszeichnung-auch-in-diesem-jahr\/#breadcrumb","itemListElement":[{"@type":"ListItem","position":1,"name":"Home","item":"https:\/\/www.el-pan-alegre.org\/wordpress\/"},{"@type":"ListItem","position":2,"name":"WERKSTATT-N-AUSZEICHNUNG AUCH IN DIESEM JAHR!"}]},{"@type":"WebSite","@id":"https:\/\/www.el-pan-alegre.org\/wordpress\/#website","url":"https:\/\/www.el-pan-alegre.org\/wordpress\/","name":"El Pan Alegre","description":"Das Fr\u00f6hliche Brot","potentialAction":[{"@type":"SearchAction","target":{"@type":"EntryPoint","urlTemplate":"https:\/\/www.el-pan-alegre.org\/wordpress\/?s={search_term_string}"},"query-input":{"@type":"PropertyValueSpecification","valueRequired":true,"valueName":"search_term_string"}}],"inLanguage":"de"},{"@type":"Person","@id":"https:\/\/www.el-pan-alegre.org\/wordpress\/#\/schema\/person\/a61ba0bec6094c61dbf9da4e4e4e5bfe","name":"Anja Mocker","image":{"@type":"ImageObject","inLanguage":"de","@id":"https:\/\/secure.gravatar.com\/avatar\/c283b0b556471cdaac4be59c661b13c1e141f08ca0dd2eb8f8d587262d7f04bb?s=96&d=identicon&r=g","url":"https:\/\/secure.gravatar.com\/avatar\/c283b0b556471cdaac4be59c661b13c1e141f08ca0dd2eb8f8d587262d7f04bb?s=96&d=identicon&r=g","contentUrl":"https:\/\/secure.gravatar.com\/avatar\/c283b0b556471cdaac4be59c661b13c1e141f08ca0dd2eb8f8d587262d7f04bb?s=96&d=identicon&r=g","caption":"Anja Mocker"},"url":"https:\/\/www.el-pan-alegre.org\/wordpress\/author\/admin\/"}]}},"jetpack_publicize_connections":[],"jetpack_featured_media_url":"https:\/\/www.el-pan-alegre.org\/wordpress\/wp-content\/uploads\/2012\/01\/RNE_Werkstatt-2BN_projekt12_ausge_rgb.jpg","jetpack_sharing_enabled":true,"jetpack_shortlink":"https:\/\/wp.me\/p62TDh-R","jetpack-related-posts":[{"id":79,"url":"https:\/\/www.el-pan-alegre.org\/wordpress\/79-el-pan-alegre-ist-werkstatt-n-projekt-2011-auszeichnung-durch-den-deutschen-rat-fuer-nachhaltige-entwicklung\/","url_meta":{"origin":53,"position":0},"title":"EL PAN ALEGRE ist Werkstatt-N-Projekt 2011: Auszeichnung durch den Deutschen Rat f\u00fcr Nachhaltige Entwicklung","author":"Anja Mocker","date":"18. Oktober 2010","format":false,"excerpt":"von Madeleine Porr \"Seien wir optimistisch, couragiert und offensiv! ... So kommen wir auf die H\u00f6he der Zeit!\" Hermann Scheers Worte werden \u00fcberall auf der Erde noch viele Generationen lang nachklingen, \u00fcber seine B\u00fccher (wie \"Energieautonomie\", 2005, oder \"Der energETHISCHE Imperativ\", 2010) genauso wie \u00fcber Filme mit ihm (z.B. \"Die\u2026","rel":"","context":"In &quot;Auszeichnung&quot;","block_context":{"text":"Auszeichnung","link":"https:\/\/www.el-pan-alegre.org\/wordpress\/kategorie\/auszeichnung\/"},"img":{"alt_text":"","src":"https:\/\/i0.wp.com\/www.el-pan-alegre.org\/wordpress\/wp-content\/uploads\/2010\/10\/logo_EPA.jpg?resize=350%2C200&ssl=1","width":350,"height":200,"srcset":"https:\/\/i0.wp.com\/www.el-pan-alegre.org\/wordpress\/wp-content\/uploads\/2010\/10\/logo_EPA.jpg?resize=350%2C200&ssl=1 1x, https:\/\/i0.wp.com\/www.el-pan-alegre.org\/wordpress\/wp-content\/uploads\/2010\/10\/logo_EPA.jpg?resize=525%2C300&ssl=1 1.5x"},"classes":[]},{"id":2209,"url":"https:\/\/www.el-pan-alegre.org\/wordpress\/2209-das-amaranth-workshopkonzept\/","url_meta":{"origin":53,"position":1},"title":"Das Amaranth-Bildungskonzept","author":"Madeleine Porr","date":"14. September 2019","format":false,"excerpt":"Pr\u00e4sentation eines mehrfach ausgezeichneten Bildungskonzepts","rel":"","context":"In &quot;Allgemein&quot;","block_context":{"text":"Allgemein","link":"https:\/\/www.el-pan-alegre.org\/wordpress\/kategorie\/allgemein\/"},"img":{"alt_text":"","src":"https:\/\/i0.wp.com\/www.el-pan-alegre.org\/wordpress\/wp-content\/uploads\/2019\/09\/Amaranth_BNE-Konzept-Titel.jpg?resize=350%2C200&ssl=1","width":350,"height":200,"srcset":"https:\/\/i0.wp.com\/www.el-pan-alegre.org\/wordpress\/wp-content\/uploads\/2019\/09\/Amaranth_BNE-Konzept-Titel.jpg?resize=350%2C200&ssl=1 1x, https:\/\/i0.wp.com\/www.el-pan-alegre.org\/wordpress\/wp-content\/uploads\/2019\/09\/Amaranth_BNE-Konzept-Titel.jpg?resize=525%2C300&ssl=1 1.5x, https:\/\/i0.wp.com\/www.el-pan-alegre.org\/wordpress\/wp-content\/uploads\/2019\/09\/Amaranth_BNE-Konzept-Titel.jpg?resize=700%2C400&ssl=1 2x, https:\/\/i0.wp.com\/www.el-pan-alegre.org\/wordpress\/wp-content\/uploads\/2019\/09\/Amaranth_BNE-Konzept-Titel.jpg?resize=1050%2C600&ssl=1 3x, https:\/\/i0.wp.com\/www.el-pan-alegre.org\/wordpress\/wp-content\/uploads\/2019\/09\/Amaranth_BNE-Konzept-Titel.jpg?resize=1400%2C800&ssl=1 4x"},"classes":[]},{"id":78,"url":"https:\/\/www.el-pan-alegre.org\/wordpress\/78-weitere-auszeichnung-offizielles-projekt-der-un-dekade-bildung-fuer-nachhaltige-entwicklung\/","url_meta":{"origin":53,"position":2},"title":"Weitere Auszeichnung: &#8222;Offizielles Projekt der UN-Dekade BILDUNG F\u00dcR NACHHALTIGE ENTWICKLUNG&#8220;","author":"Anja Mocker","date":"5. November 2010","format":false,"excerpt":"Dieser Herbst ist wirklich reich an Fr\u00fcchten unserer Vereinsarbeit!Nach einem erfolgreichen ersten Jahr im FEZ-Berlin, unserer ersten Amaranth-Ernte und der Auszeichnung des Deutschen Nachhaltigkeitsrates (s. Beitrag v. 18.10.10) kam vor zwei Tagen auch noch die Entscheidung der Deutschen UNESCO-Kommission, EL PAN ALEGRE - DAS FR\u00d6HLICHE BROT f\u00fcr seine \"vorbildliche Bildungsarbeit\u2026","rel":"","context":"In &quot;Auszeichnung&quot;","block_context":{"text":"Auszeichnung","link":"https:\/\/www.el-pan-alegre.org\/wordpress\/kategorie\/auszeichnung\/"},"img":{"alt_text":"","src":"https:\/\/i0.wp.com\/www.el-pan-alegre.org\/wordpress\/wp-content\/uploads\/2010\/11\/Logo_UN-Dekade_Offizielles-Projekt_2011_2012_rgb.jpg?resize=350%2C200&ssl=1","width":350,"height":200},"classes":[]},{"id":63,"url":"https:\/\/www.el-pan-alegre.org\/wordpress\/63-starke-nahrung-fuer-starke-kinder\/","url_meta":{"origin":53,"position":3},"title":"STARKE NAHRUNG F\u00dcR STARKE KINDER!","author":"Anja Mocker","date":"21. Juni 2011","format":false,"excerpt":"(aus der Presse-Information:) Das Kinderrecht auf starke Nahrung geht unter, wenn mit allen Mitteln Konzernprofite gesteigert werden sollen. Da ist es gut zu wissen, wie man Kr\u00e4fte direkt aus der Natur f\u00fcr sich nutzbar machen kann. Der Berliner Verein En Buenas Manos e.V. wird nun erneut vom Deutschen Kinderhilfswerk daf\u00fcr\u2026","rel":"","context":"In &quot;Amaranth&quot;","block_context":{"text":"Amaranth","link":"https:\/\/www.el-pan-alegre.org\/wordpress\/kategorie\/amaranth\/"},"img":{"alt_text":"","src":"https:\/\/i0.wp.com\/www.el-pan-alegre.org\/wordpress\/wp-content\/uploads\/2011\/06\/Scheckuebergabe.jpg?resize=350%2C200&ssl=1","width":350,"height":200,"srcset":"https:\/\/i0.wp.com\/www.el-pan-alegre.org\/wordpress\/wp-content\/uploads\/2011\/06\/Scheckuebergabe.jpg?resize=350%2C200&ssl=1 1x, https:\/\/i0.wp.com\/www.el-pan-alegre.org\/wordpress\/wp-content\/uploads\/2011\/06\/Scheckuebergabe.jpg?resize=525%2C300&ssl=1 1.5x, https:\/\/i0.wp.com\/www.el-pan-alegre.org\/wordpress\/wp-content\/uploads\/2011\/06\/Scheckuebergabe.jpg?resize=700%2C400&ssl=1 2x"},"classes":[]},{"id":153,"url":"https:\/\/www.el-pan-alegre.org\/wordpress\/153-153\/","url_meta":{"origin":53,"position":4},"title":"Naturtipps und \"El Pan Alegre\"\u2026","author":"Anja Mocker","date":"11. Januar 2009","format":false,"excerpt":"Naturtipps und \"El Pan Alegre\" haben gemeinsam gewonnen!Ganz herzlichen Dank an \"Blogpatenschaften\" f\u00fcr die Auszeichnung und an Gundula f\u00fcr Ihre gro\u00dfz\u00fcgige Spende!","rel":"","context":"In &quot;Biogas&quot;","block_context":{"text":"Biogas","link":"https:\/\/www.el-pan-alegre.org\/wordpress\/kategorie\/biogas\/"},"img":{"alt_text":"","src":"https:\/\/i0.wp.com\/www.el-pan-alegre.org\/wordpress\/wp-content\/uploads\/2009\/01\/Aktionsgewinn.jpg?resize=350%2C200&ssl=1","width":350,"height":200,"srcset":"https:\/\/i0.wp.com\/www.el-pan-alegre.org\/wordpress\/wp-content\/uploads\/2009\/01\/Aktionsgewinn.jpg?resize=350%2C200&ssl=1 1x, https:\/\/i0.wp.com\/www.el-pan-alegre.org\/wordpress\/wp-content\/uploads\/2009\/01\/Aktionsgewinn.jpg?resize=525%2C300&ssl=1 1.5x"},"classes":[]},{"id":2558,"url":"https:\/\/www.el-pan-alegre.org\/wordpress\/2558-zertifizierte-bildungsarbeit\/","url_meta":{"origin":53,"position":5},"title":"Zertifizierte Bildungsarbeit","author":"Madeleine Porr","date":"14. Oktober 2020","format":false,"excerpt":"Jetzt ist es auch \"amtlich\": F\u00fcr die Arbeit rund um die vielen Nachhaltigkeitsaspekte am Beispiel von El Pan Alegre \/ Das Fr\u00f6hliche Brot ist Madeleine Porr mit dem NUN-Zertifikat als Bildungspartnerin f\u00fcr Nachhaltigkeit ausgezeichnet worden. Dieses Siegel f\u00fcr hochwertige Bildungsarbeit zu Zukunftsthemen wird von den Bundesl\u00e4ndern Hamburg, Mecklenburg-Vorpommern, Schleswig-Holstein und\u2026","rel":"","context":"In &quot;Allgemein&quot;","block_context":{"text":"Allgemein","link":"https:\/\/www.el-pan-alegre.org\/wordpress\/kategorie\/allgemein\/"},"img":{"alt_text":"","src":"https:\/\/i0.wp.com\/www.el-pan-alegre.org\/wordpress\/wp-content\/uploads\/2021\/01\/2020_10_14.-NUN-Auszeichnung_Porr-Web.jpg?resize=350%2C200&ssl=1","width":350,"height":200,"srcset":"https:\/\/i0.wp.com\/www.el-pan-alegre.org\/wordpress\/wp-content\/uploads\/2021\/01\/2020_10_14.-NUN-Auszeichnung_Porr-Web.jpg?resize=350%2C200&ssl=1 1x, https:\/\/i0.wp.com\/www.el-pan-alegre.org\/wordpress\/wp-content\/uploads\/2021\/01\/2020_10_14.-NUN-Auszeichnung_Porr-Web.jpg?resize=525%2C300&ssl=1 1.5x, https:\/\/i0.wp.com\/www.el-pan-alegre.org\/wordpress\/wp-content\/uploads\/2021\/01\/2020_10_14.-NUN-Auszeichnung_Porr-Web.jpg?resize=700%2C400&ssl=1 2x, https:\/\/i0.wp.com\/www.el-pan-alegre.org\/wordpress\/wp-content\/uploads\/2021\/01\/2020_10_14.-NUN-Auszeichnung_Porr-Web.jpg?resize=1050%2C600&ssl=1 3x, https:\/\/i0.wp.com\/www.el-pan-alegre.org\/wordpress\/wp-content\/uploads\/2021\/01\/2020_10_14.-NUN-Auszeichnung_Porr-Web.jpg?resize=1400%2C800&ssl=1 4x"},"classes":[]}],"_links":{"self":[{"href":"https:\/\/www.el-pan-alegre.org\/wordpress\/wp-json\/wp\/v2\/posts\/53","targetHints":{"allow":["GET"]}}],"collection":[{"href":"https:\/\/www.el-pan-alegre.org\/wordpress\/wp-json\/wp\/v2\/posts"}],"about":[{"href":"https:\/\/www.el-pan-alegre.org\/wordpress\/wp-json\/wp\/v2\/types\/post"}],"author":[{"embeddable":true,"href":"https:\/\/www.el-pan-alegre.org\/wordpress\/wp-json\/wp\/v2\/users\/1"}],"replies":[{"embeddable":true,"href":"https:\/\/www.el-pan-alegre.org\/wordpress\/wp-json\/wp\/v2\/comments?post=53"}],"version-history":[{"count":0,"href":"https:\/\/www.el-pan-alegre.org\/wordpress\/wp-json\/wp\/v2\/posts\/53\/revisions"}],"wp:featuredmedia":[{"embeddable":true,"href":"https:\/\/www.el-pan-alegre.org\/wordpress\/wp-json\/wp\/v2\/media\/276"}],"wp:attachment":[{"href":"https:\/\/www.el-pan-alegre.org\/wordpress\/wp-json\/wp\/v2\/media?parent=53"}],"wp:term":[{"taxonomy":"category","embeddable":true,"href":"https:\/\/www.el-pan-alegre.org\/wordpress\/wp-json\/wp\/v2\/categories?post=53"},{"taxonomy":"post_tag","embeddable":true,"href":"https:\/\/www.el-pan-alegre.org\/wordpress\/wp-json\/wp\/v2\/tags?post=53"}],"curies":[{"name":"wp","href":"https:\/\/api.w.org\/{rel}","templated":true}]}}