{"id":48,"date":"2012-02-27T17:28:00","date_gmt":"2012-02-27T16:28:00","guid":{"rendered":"http:\/\/www.el-pan-alegre.org\/wordpress\/48-jahresbericht-2011-en-buenas-manos-e-v-im-fez-berlin\/"},"modified":"2017-10-31T00:26:30","modified_gmt":"2017-10-30T23:26:30","slug":"jahresbericht-2011-en-buenas-manos-e-v-im-fez-berlin","status":"publish","type":"post","link":"https:\/\/www.el-pan-alegre.org\/wordpress\/48-jahresbericht-2011-en-buenas-manos-e-v-im-fez-berlin\/","title":{"rendered":"Jahresbericht 2011 En Buenas Manos e.V. im FEZ-Berlin"},"content":{"rendered":"<p><a href=\"http:\/\/www.el-pan-alegre.org\/wordpress\/wp-content\/uploads\/2012\/02\/BNE.jpg\"><img decoding=\"async\" id=\"BLOGGER_PHOTO_ID_5713850975971031234\" style=\"cursor: pointer; float: left; height: 290px; margin: 0 10px 10px 0; width: 420px;\" src=\"http:\/\/www.el-pan-alegre.org\/wordpress\/wp-content\/uploads\/2012\/02\/BNE-300x207.jpg\" alt=\"\" border=\"0\" \/><\/a><br \/>\n<span style=\"font-size: 130%; font-weight: bold;\"><span style=\"font-family: courier new;\"><\/p>\n<p>2011 war f\u00fcr unseren Verein im FEZ-Berlin ein spannendes, arbeitsintensives Jahr.<\/span><br style=\"font-family: courier new;\" \/><br style=\"font-family: courier new;\" \/><span style=\"font-family: courier new;\">Jetzt ist der Bericht dazu fertig und kann <a href=\"http:\/\/www.el-pan-alegre.org\/2011-Jahresbericht_EBM-FEZ.pdf\">hier<\/a> gelesen werden (2,8 MB). <\/span><\/span><\/p>\n<div style=\"color: red; text-align: center;\"><span style=\"font-size: 180%;\"><span style=\"font-family: courier new;\">* * *<\/span><\/span><\/div>\n","protected":false},"excerpt":{"rendered":"<p>2011 war f\u00fcr unseren Verein im FEZ-Berlin ein spannendes, arbeitsintensives Jahr.Jetzt ist der Bericht dazu fertig und kann hier gelesen werden (2,8 MB). * * *<\/p>\n","protected":false},"author":1,"featured_media":265,"comment_status":"open","ping_status":"open","sticky":false,"template":"","format":"standard","meta":{"jetpack_post_was_ever_published":false,"_jetpack_newsletter_access":"","_jetpack_dont_email_post_to_subs":false,"_jetpack_newsletter_tier_id":0,"_jetpack_memberships_contains_paywalled_content":false,"_jetpack_memberships_contains_paid_content":false,"footnotes":"","jetpack_publicize_message":"","jetpack_publicize_feature_enabled":true,"jetpack_social_post_already_shared":false,"jetpack_social_options":{"image_generator_settings":{"template":"highway","default_image_id":0,"font":"","enabled":false},"version":2}},"categories":[16,10,9,19,6,2,61],"tags":[],"class_list":["post-48","post","type-post","status-publish","format-standard","has-post-thumbnail","hentry","category-amaranth","category-biogas","category-fez","category-fez-berlin-oeko-insel","category-information","category-oeffentlichkeitsarbeit","category-porr"],"yoast_head":"<!-- This site is optimized with the Yoast SEO plugin v27.5 - https:\/\/yoast.com\/product\/yoast-seo-wordpress\/ -->\n<title>Jahresbericht 2011 En Buenas Manos e.V. im FEZ-Berlin - El Pan Alegre<\/title>\n<meta name=\"robots\" content=\"index, follow, max-snippet:-1, max-image-preview:large, max-video-preview:-1\" \/>\n<link rel=\"canonical\" href=\"https:\/\/www.el-pan-alegre.org\/wordpress\/48-jahresbericht-2011-en-buenas-manos-e-v-im-fez-berlin\/\" \/>\n<meta property=\"og:locale\" content=\"de_DE\" \/>\n<meta property=\"og:type\" content=\"article\" \/>\n<meta property=\"og:title\" content=\"Jahresbericht 2011 En Buenas Manos e.V. im FEZ-Berlin - El Pan Alegre\" \/>\n<meta property=\"og:description\" content=\"2011 war f\u00fcr unseren Verein im FEZ-Berlin ein spannendes, arbeitsintensives Jahr.Jetzt ist der Bericht dazu fertig und kann hier gelesen werden (2,8 MB). * * *\" \/>\n<meta property=\"og:url\" content=\"https:\/\/www.el-pan-alegre.org\/wordpress\/48-jahresbericht-2011-en-buenas-manos-e-v-im-fez-berlin\/\" \/>\n<meta property=\"og:site_name\" content=\"El Pan Alegre\" \/>\n<meta property=\"article:published_time\" content=\"2012-02-27T16:28:00+00:00\" \/>\n<meta property=\"article:modified_time\" content=\"2017-10-30T23:26:30+00:00\" \/>\n<meta property=\"og:image\" content=\"https:\/\/www.el-pan-alegre.org\/wordpress\/wp-content\/uploads\/2012\/02\/BNE.jpg\" \/>\n\t<meta property=\"og:image:width\" content=\"1024\" \/>\n\t<meta property=\"og:image:height\" content=\"707\" \/>\n\t<meta property=\"og:image:type\" content=\"image\/jpeg\" \/>\n<meta name=\"author\" content=\"Anja Mocker\" \/>\n<meta name=\"twitter:card\" content=\"summary_large_image\" \/>\n<meta name=\"twitter:label1\" content=\"Verfasst von\" \/>\n\t<meta name=\"twitter:data1\" content=\"Anja Mocker\" \/>\n<script type=\"application\/ld+json\" class=\"yoast-schema-graph\">{\"@context\":\"https:\\\/\\\/schema.org\",\"@graph\":[{\"@type\":\"Article\",\"@id\":\"https:\\\/\\\/www.el-pan-alegre.org\\\/wordpress\\\/48-jahresbericht-2011-en-buenas-manos-e-v-im-fez-berlin\\\/#article\",\"isPartOf\":{\"@id\":\"https:\\\/\\\/www.el-pan-alegre.org\\\/wordpress\\\/48-jahresbericht-2011-en-buenas-manos-e-v-im-fez-berlin\\\/\"},\"author\":{\"name\":\"Anja Mocker\",\"@id\":\"https:\\\/\\\/www.el-pan-alegre.org\\\/wordpress\\\/#\\\/schema\\\/person\\\/a61ba0bec6094c61dbf9da4e4e4e5bfe\"},\"headline\":\"Jahresbericht 2011 En Buenas Manos e.V. im FEZ-Berlin\",\"datePublished\":\"2012-02-27T16:28:00+00:00\",\"dateModified\":\"2017-10-30T23:26:30+00:00\",\"mainEntityOfPage\":{\"@id\":\"https:\\\/\\\/www.el-pan-alegre.org\\\/wordpress\\\/48-jahresbericht-2011-en-buenas-manos-e-v-im-fez-berlin\\\/\"},\"wordCount\":31,\"commentCount\":0,\"image\":{\"@id\":\"https:\\\/\\\/www.el-pan-alegre.org\\\/wordpress\\\/48-jahresbericht-2011-en-buenas-manos-e-v-im-fez-berlin\\\/#primaryimage\"},\"thumbnailUrl\":\"https:\\\/\\\/www.el-pan-alegre.org\\\/wordpress\\\/wp-content\\\/uploads\\\/2012\\\/02\\\/BNE.jpg\",\"articleSection\":[\"Amaranth\",\"Biogas\",\"FEZ\",\"FEZ-Berlin \u00d6ko-Insel\",\"Information\",\"\u00d6ffentlichkeitsarbeit\",\"Porr\"],\"inLanguage\":\"de\",\"potentialAction\":[{\"@type\":\"CommentAction\",\"name\":\"Comment\",\"target\":[\"https:\\\/\\\/www.el-pan-alegre.org\\\/wordpress\\\/48-jahresbericht-2011-en-buenas-manos-e-v-im-fez-berlin\\\/#respond\"]}]},{\"@type\":\"WebPage\",\"@id\":\"https:\\\/\\\/www.el-pan-alegre.org\\\/wordpress\\\/48-jahresbericht-2011-en-buenas-manos-e-v-im-fez-berlin\\\/\",\"url\":\"https:\\\/\\\/www.el-pan-alegre.org\\\/wordpress\\\/48-jahresbericht-2011-en-buenas-manos-e-v-im-fez-berlin\\\/\",\"name\":\"Jahresbericht 2011 En Buenas Manos e.V. im FEZ-Berlin - El Pan Alegre\",\"isPartOf\":{\"@id\":\"https:\\\/\\\/www.el-pan-alegre.org\\\/wordpress\\\/#website\"},\"primaryImageOfPage\":{\"@id\":\"https:\\\/\\\/www.el-pan-alegre.org\\\/wordpress\\\/48-jahresbericht-2011-en-buenas-manos-e-v-im-fez-berlin\\\/#primaryimage\"},\"image\":{\"@id\":\"https:\\\/\\\/www.el-pan-alegre.org\\\/wordpress\\\/48-jahresbericht-2011-en-buenas-manos-e-v-im-fez-berlin\\\/#primaryimage\"},\"thumbnailUrl\":\"https:\\\/\\\/www.el-pan-alegre.org\\\/wordpress\\\/wp-content\\\/uploads\\\/2012\\\/02\\\/BNE.jpg\",\"datePublished\":\"2012-02-27T16:28:00+00:00\",\"dateModified\":\"2017-10-30T23:26:30+00:00\",\"author\":{\"@id\":\"https:\\\/\\\/www.el-pan-alegre.org\\\/wordpress\\\/#\\\/schema\\\/person\\\/a61ba0bec6094c61dbf9da4e4e4e5bfe\"},\"breadcrumb\":{\"@id\":\"https:\\\/\\\/www.el-pan-alegre.org\\\/wordpress\\\/48-jahresbericht-2011-en-buenas-manos-e-v-im-fez-berlin\\\/#breadcrumb\"},\"inLanguage\":\"de\",\"potentialAction\":[{\"@type\":\"ReadAction\",\"target\":[\"https:\\\/\\\/www.el-pan-alegre.org\\\/wordpress\\\/48-jahresbericht-2011-en-buenas-manos-e-v-im-fez-berlin\\\/\"]}]},{\"@type\":\"ImageObject\",\"inLanguage\":\"de\",\"@id\":\"https:\\\/\\\/www.el-pan-alegre.org\\\/wordpress\\\/48-jahresbericht-2011-en-buenas-manos-e-v-im-fez-berlin\\\/#primaryimage\",\"url\":\"https:\\\/\\\/www.el-pan-alegre.org\\\/wordpress\\\/wp-content\\\/uploads\\\/2012\\\/02\\\/BNE.jpg\",\"contentUrl\":\"https:\\\/\\\/www.el-pan-alegre.org\\\/wordpress\\\/wp-content\\\/uploads\\\/2012\\\/02\\\/BNE.jpg\",\"width\":1024,\"height\":707},{\"@type\":\"BreadcrumbList\",\"@id\":\"https:\\\/\\\/www.el-pan-alegre.org\\\/wordpress\\\/48-jahresbericht-2011-en-buenas-manos-e-v-im-fez-berlin\\\/#breadcrumb\",\"itemListElement\":[{\"@type\":\"ListItem\",\"position\":1,\"name\":\"Home\",\"item\":\"https:\\\/\\\/www.el-pan-alegre.org\\\/wordpress\\\/\"},{\"@type\":\"ListItem\",\"position\":2,\"name\":\"Jahresbericht 2011 En Buenas Manos e.V. im FEZ-Berlin\"}]},{\"@type\":\"WebSite\",\"@id\":\"https:\\\/\\\/www.el-pan-alegre.org\\\/wordpress\\\/#website\",\"url\":\"https:\\\/\\\/www.el-pan-alegre.org\\\/wordpress\\\/\",\"name\":\"El Pan Alegre\",\"description\":\"Das Fr\u00f6hliche Brot\",\"potentialAction\":[{\"@type\":\"SearchAction\",\"target\":{\"@type\":\"EntryPoint\",\"urlTemplate\":\"https:\\\/\\\/www.el-pan-alegre.org\\\/wordpress\\\/?s={search_term_string}\"},\"query-input\":{\"@type\":\"PropertyValueSpecification\",\"valueRequired\":true,\"valueName\":\"search_term_string\"}}],\"inLanguage\":\"de\"},{\"@type\":\"Person\",\"@id\":\"https:\\\/\\\/www.el-pan-alegre.org\\\/wordpress\\\/#\\\/schema\\\/person\\\/a61ba0bec6094c61dbf9da4e4e4e5bfe\",\"name\":\"Anja Mocker\",\"image\":{\"@type\":\"ImageObject\",\"inLanguage\":\"de\",\"@id\":\"https:\\\/\\\/secure.gravatar.com\\\/avatar\\\/c283b0b556471cdaac4be59c661b13c1e141f08ca0dd2eb8f8d587262d7f04bb?s=96&d=identicon&r=g\",\"url\":\"https:\\\/\\\/secure.gravatar.com\\\/avatar\\\/c283b0b556471cdaac4be59c661b13c1e141f08ca0dd2eb8f8d587262d7f04bb?s=96&d=identicon&r=g\",\"contentUrl\":\"https:\\\/\\\/secure.gravatar.com\\\/avatar\\\/c283b0b556471cdaac4be59c661b13c1e141f08ca0dd2eb8f8d587262d7f04bb?s=96&d=identicon&r=g\",\"caption\":\"Anja Mocker\"},\"url\":\"https:\\\/\\\/www.el-pan-alegre.org\\\/wordpress\\\/author\\\/admin\\\/\"}]}<\/script>\n<!-- \/ Yoast SEO plugin. -->","yoast_head_json":{"title":"Jahresbericht 2011 En Buenas Manos e.V. im FEZ-Berlin - El Pan Alegre","robots":{"index":"index","follow":"follow","max-snippet":"max-snippet:-1","max-image-preview":"max-image-preview:large","max-video-preview":"max-video-preview:-1"},"canonical":"https:\/\/www.el-pan-alegre.org\/wordpress\/48-jahresbericht-2011-en-buenas-manos-e-v-im-fez-berlin\/","og_locale":"de_DE","og_type":"article","og_title":"Jahresbericht 2011 En Buenas Manos e.V. im FEZ-Berlin - El Pan Alegre","og_description":"2011 war f\u00fcr unseren Verein im FEZ-Berlin ein spannendes, arbeitsintensives Jahr.Jetzt ist der Bericht dazu fertig und kann hier gelesen werden (2,8 MB). * * *","og_url":"https:\/\/www.el-pan-alegre.org\/wordpress\/48-jahresbericht-2011-en-buenas-manos-e-v-im-fez-berlin\/","og_site_name":"El Pan Alegre","article_published_time":"2012-02-27T16:28:00+00:00","article_modified_time":"2017-10-30T23:26:30+00:00","og_image":[{"width":1024,"height":707,"url":"https:\/\/www.el-pan-alegre.org\/wordpress\/wp-content\/uploads\/2012\/02\/BNE.jpg","type":"image\/jpeg"}],"author":"Anja Mocker","twitter_card":"summary_large_image","twitter_misc":{"Verfasst von":"Anja Mocker"},"schema":{"@context":"https:\/\/schema.org","@graph":[{"@type":"Article","@id":"https:\/\/www.el-pan-alegre.org\/wordpress\/48-jahresbericht-2011-en-buenas-manos-e-v-im-fez-berlin\/#article","isPartOf":{"@id":"https:\/\/www.el-pan-alegre.org\/wordpress\/48-jahresbericht-2011-en-buenas-manos-e-v-im-fez-berlin\/"},"author":{"name":"Anja Mocker","@id":"https:\/\/www.el-pan-alegre.org\/wordpress\/#\/schema\/person\/a61ba0bec6094c61dbf9da4e4e4e5bfe"},"headline":"Jahresbericht 2011 En Buenas Manos e.V. im FEZ-Berlin","datePublished":"2012-02-27T16:28:00+00:00","dateModified":"2017-10-30T23:26:30+00:00","mainEntityOfPage":{"@id":"https:\/\/www.el-pan-alegre.org\/wordpress\/48-jahresbericht-2011-en-buenas-manos-e-v-im-fez-berlin\/"},"wordCount":31,"commentCount":0,"image":{"@id":"https:\/\/www.el-pan-alegre.org\/wordpress\/48-jahresbericht-2011-en-buenas-manos-e-v-im-fez-berlin\/#primaryimage"},"thumbnailUrl":"https:\/\/www.el-pan-alegre.org\/wordpress\/wp-content\/uploads\/2012\/02\/BNE.jpg","articleSection":["Amaranth","Biogas","FEZ","FEZ-Berlin \u00d6ko-Insel","Information","\u00d6ffentlichkeitsarbeit","Porr"],"inLanguage":"de","potentialAction":[{"@type":"CommentAction","name":"Comment","target":["https:\/\/www.el-pan-alegre.org\/wordpress\/48-jahresbericht-2011-en-buenas-manos-e-v-im-fez-berlin\/#respond"]}]},{"@type":"WebPage","@id":"https:\/\/www.el-pan-alegre.org\/wordpress\/48-jahresbericht-2011-en-buenas-manos-e-v-im-fez-berlin\/","url":"https:\/\/www.el-pan-alegre.org\/wordpress\/48-jahresbericht-2011-en-buenas-manos-e-v-im-fez-berlin\/","name":"Jahresbericht 2011 En Buenas Manos e.V. im FEZ-Berlin - El Pan Alegre","isPartOf":{"@id":"https:\/\/www.el-pan-alegre.org\/wordpress\/#website"},"primaryImageOfPage":{"@id":"https:\/\/www.el-pan-alegre.org\/wordpress\/48-jahresbericht-2011-en-buenas-manos-e-v-im-fez-berlin\/#primaryimage"},"image":{"@id":"https:\/\/www.el-pan-alegre.org\/wordpress\/48-jahresbericht-2011-en-buenas-manos-e-v-im-fez-berlin\/#primaryimage"},"thumbnailUrl":"https:\/\/www.el-pan-alegre.org\/wordpress\/wp-content\/uploads\/2012\/02\/BNE.jpg","datePublished":"2012-02-27T16:28:00+00:00","dateModified":"2017-10-30T23:26:30+00:00","author":{"@id":"https:\/\/www.el-pan-alegre.org\/wordpress\/#\/schema\/person\/a61ba0bec6094c61dbf9da4e4e4e5bfe"},"breadcrumb":{"@id":"https:\/\/www.el-pan-alegre.org\/wordpress\/48-jahresbericht-2011-en-buenas-manos-e-v-im-fez-berlin\/#breadcrumb"},"inLanguage":"de","potentialAction":[{"@type":"ReadAction","target":["https:\/\/www.el-pan-alegre.org\/wordpress\/48-jahresbericht-2011-en-buenas-manos-e-v-im-fez-berlin\/"]}]},{"@type":"ImageObject","inLanguage":"de","@id":"https:\/\/www.el-pan-alegre.org\/wordpress\/48-jahresbericht-2011-en-buenas-manos-e-v-im-fez-berlin\/#primaryimage","url":"https:\/\/www.el-pan-alegre.org\/wordpress\/wp-content\/uploads\/2012\/02\/BNE.jpg","contentUrl":"https:\/\/www.el-pan-alegre.org\/wordpress\/wp-content\/uploads\/2012\/02\/BNE.jpg","width":1024,"height":707},{"@type":"BreadcrumbList","@id":"https:\/\/www.el-pan-alegre.org\/wordpress\/48-jahresbericht-2011-en-buenas-manos-e-v-im-fez-berlin\/#breadcrumb","itemListElement":[{"@type":"ListItem","position":1,"name":"Home","item":"https:\/\/www.el-pan-alegre.org\/wordpress\/"},{"@type":"ListItem","position":2,"name":"Jahresbericht 2011 En Buenas Manos e.V. im FEZ-Berlin"}]},{"@type":"WebSite","@id":"https:\/\/www.el-pan-alegre.org\/wordpress\/#website","url":"https:\/\/www.el-pan-alegre.org\/wordpress\/","name":"El Pan Alegre","description":"Das Fr\u00f6hliche Brot","potentialAction":[{"@type":"SearchAction","target":{"@type":"EntryPoint","urlTemplate":"https:\/\/www.el-pan-alegre.org\/wordpress\/?s={search_term_string}"},"query-input":{"@type":"PropertyValueSpecification","valueRequired":true,"valueName":"search_term_string"}}],"inLanguage":"de"},{"@type":"Person","@id":"https:\/\/www.el-pan-alegre.org\/wordpress\/#\/schema\/person\/a61ba0bec6094c61dbf9da4e4e4e5bfe","name":"Anja Mocker","image":{"@type":"ImageObject","inLanguage":"de","@id":"https:\/\/secure.gravatar.com\/avatar\/c283b0b556471cdaac4be59c661b13c1e141f08ca0dd2eb8f8d587262d7f04bb?s=96&d=identicon&r=g","url":"https:\/\/secure.gravatar.com\/avatar\/c283b0b556471cdaac4be59c661b13c1e141f08ca0dd2eb8f8d587262d7f04bb?s=96&d=identicon&r=g","contentUrl":"https:\/\/secure.gravatar.com\/avatar\/c283b0b556471cdaac4be59c661b13c1e141f08ca0dd2eb8f8d587262d7f04bb?s=96&d=identicon&r=g","caption":"Anja Mocker"},"url":"https:\/\/www.el-pan-alegre.org\/wordpress\/author\/admin\/"}]}},"jetpack_publicize_connections":[],"jetpack_featured_media_url":"https:\/\/www.el-pan-alegre.org\/wordpress\/wp-content\/uploads\/2012\/02\/BNE.jpg","jetpack_sharing_enabled":false,"jetpack_shortlink":"https:\/\/wp.me\/p62TDh-M","jetpack-related-posts":[{"id":83,"url":"https:\/\/www.el-pan-alegre.org\/wordpress\/83-das-froehliche-brot-beim-6-jugend-verbraucherschutztag-im-fez-berlin\/","url_meta":{"origin":48,"position":0},"title":"&#8222;Das Fr\u00f6hliche Brot&#8220; beim 6. Jugend-verbraucherschutztag im FEZ Berlin","author":"Anja Mocker","date":"29. September 2010","format":false,"excerpt":"\"Ich bin Verbraucher\/in! Gut informiert und aktiv f\u00fcrs Klima\" lautet das Motto des diesj\u00e4hrigen 6. Jugendverbraucherschutztages.\"Energie im Kreislauf\": An einem interaktiven Informations- und Mach-Mit-Stand des Vereins En Buenas Manos e.V. k\u00f6nnen heute die jungen Ver-braucher\/innen mehr \u00fcber das Zusammenh\u00e4ngen von Energiegewinnung und Ern\u00e4hrung erfahren und erleben: Von der meterhohen Pflanze\u2026","rel":"","context":"In &quot;Biogas&quot;","block_context":{"text":"Biogas","link":"https:\/\/www.el-pan-alegre.org\/wordpress\/kategorie\/biogas\/"},"img":{"alt_text":"","src":"https:\/\/i0.wp.com\/www.el-pan-alegre.org\/wordpress\/wp-content\/uploads\/2010\/09\/biogas_schau.jpg?resize=350%2C200&ssl=1","width":350,"height":200},"classes":[]},{"id":66,"url":"https:\/\/www.el-pan-alegre.org\/wordpress\/66-der-europaeische-mai-im-fez-berlin\/","url_meta":{"origin":48,"position":1},"title":"Der &#8222;Europ\u00e4ische Mai&#8220; im FEZ-Berlin","author":"Anja Mocker","date":"24. Mai 2011","format":false,"excerpt":"Jetzt im Mai rund um den Europatag am 9.5. ist unser Kooperations-partner FEZ-Berlin ganz auf Europa und die Welt ausgerichtet: Es begann mit dem \u201eEuropafest\u201c am Wochenende des 7.+8.5., dann folgte am 21.+22.5. das Deutsch-T\u00fcrkische Jugend- und Familienfest, und heute startet die Schulprojektwoche \u201eGlobalisierung im Fokus\u201c, vom 24.-27.5. Den Abschluss\u2026","rel":"","context":"In &quot;Amaranth&quot;","block_context":{"text":"Amaranth","link":"https:\/\/www.el-pan-alegre.org\/wordpress\/kategorie\/amaranth\/"},"img":{"alt_text":"","src":"https:\/\/i0.wp.com\/www.el-pan-alegre.org\/wordpress\/wp-content\/uploads\/2011\/05\/HA-01.jpg?resize=350%2C200&ssl=1","width":350,"height":200,"srcset":"https:\/\/i0.wp.com\/www.el-pan-alegre.org\/wordpress\/wp-content\/uploads\/2011\/05\/HA-01.jpg?resize=350%2C200&ssl=1 1x, https:\/\/i0.wp.com\/www.el-pan-alegre.org\/wordpress\/wp-content\/uploads\/2011\/05\/HA-01.jpg?resize=525%2C300&ssl=1 1.5x, https:\/\/i0.wp.com\/www.el-pan-alegre.org\/wordpress\/wp-content\/uploads\/2011\/05\/HA-01.jpg?resize=700%2C400&ssl=1 2x"},"classes":[]},{"id":917,"url":"https:\/\/www.el-pan-alegre.org\/wordpress\/917-letzter-workshop-im-fez-berlin\/","url_meta":{"origin":48,"position":2},"title":"Letzter Workshop im FEZ-Berlin","author":"Madeleine Porr","date":"4. Oktober 2015","format":false,"excerpt":"Zum 30.09.15 hat En Buenas Manos e. V. seine Kooperation mit dem FEZ-Berlin beendet. Deshalb hatten wir f\u00fcr den 01.10. zu einem Abschieds-\/Ernte-Workshop diejenigen Schulklassen eingeladen, die in diesem Fr\u00fchjahr auf der \u00d6koinsel mit uns den Amaranth kennengelernt und ausges\u00e4t hatten. Leider konnten die Kinder der Sophie-Brahe-Schule nicht kommen (\"...\u2026","rel":"","context":"In &quot;Allgemein&quot;","block_context":{"text":"Allgemein","link":"https:\/\/www.el-pan-alegre.org\/wordpress\/kategorie\/allgemein\/"},"img":{"alt_text":"?","src":"https:\/\/i0.wp.com\/www.el-pan-alegre.org\/wordpress\/wp-content\/uploads\/2015\/10\/2015_06_05.-Sophie-Brahe-Schule_Web-253x300.jpg?resize=350%2C200","width":350,"height":200},"classes":[]},{"id":96,"url":"https:\/\/www.el-pan-alegre.org\/wordpress\/96-powerpflanze-amaranth-am-19-06-beim-langen-tag-der-stadtnatur-im-fez-berlin\/","url_meta":{"origin":48,"position":3},"title":"Powerpflanze Amaranth am 19.06. beim &#8222;Langen Tag der STADTNatur&#8220; im FEZ Berlin","author":"Anja Mocker","date":"4. Juni 2010","format":false,"excerpt":"Powerpflanze AmaranthTesten Sie ein kleines Korn mit RiesenkraftSamstag 17:30 bis 19:00 Uhr (1853) Anmeldung erforderlich, Tel: (030) 2639 4141 Treffpunkt: Stra\u00dfe zum FEZ 2, FEZ-Berlin, \u00d6ko-Insel, nach 18 Uhr \u00fcber den WirtschaftshofAnfahrt: S Wuhlheide mit 10 Min. Fu\u00dfweg, Tram 27, 63, 67, Freizeit- und ErholungszentrumVeranstalter: FEZ-BerlinLeitung: Madeleine PorrKennen Sie Amaranth?\u2026","rel":"","context":"In &quot;Amaranth&quot;","block_context":{"text":"Amaranth","link":"https:\/\/www.el-pan-alegre.org\/wordpress\/kategorie\/amaranth\/"},"img":{"alt_text":"","src":"https:\/\/i0.wp.com\/www.el-pan-alegre.org\/wordpress\/wp-content\/uploads\/2010\/06\/amaranth1_chemnitz_juli_08_anja.jpg?resize=350%2C200&ssl=1","width":350,"height":200,"srcset":"https:\/\/i0.wp.com\/www.el-pan-alegre.org\/wordpress\/wp-content\/uploads\/2010\/06\/amaranth1_chemnitz_juli_08_anja.jpg?resize=350%2C200&ssl=1 1x, https:\/\/i0.wp.com\/www.el-pan-alegre.org\/wordpress\/wp-content\/uploads\/2010\/06\/amaranth1_chemnitz_juli_08_anja.jpg?resize=525%2C300&ssl=1 1.5x, https:\/\/i0.wp.com\/www.el-pan-alegre.org\/wordpress\/wp-content\/uploads\/2010\/06\/amaranth1_chemnitz_juli_08_anja.jpg?resize=700%2C400&ssl=1 2x"},"classes":[]},{"id":99,"url":"https:\/\/www.el-pan-alegre.org\/wordpress\/99-99\/","url_meta":{"origin":48,"position":4},"title":"1.+2. Mai: Unser Einstand im\u2026","author":"Anja Mocker","date":"4. Mai 2010","format":false,"excerpt":"1.+2. Mai: Unser Einstand im FEZ-Berlin Sogar der angek\u00fcndigte Regen vertagte sich und so stand unseren genussvollen und erfolgreichen ersten beiden Arbeitstagen im Rahmen des \u00d6ko-Insel-Fests im FEZ nichts mehr im Weg. Doch seht selbst hier auf den FOTOS ... Ein besonders herzliches Dankesch\u00f6n sagen wir Stefanie Balk, die uns\u2026","rel":"","context":"In &quot;Amaranth&quot;","block_context":{"text":"Amaranth","link":"https:\/\/www.el-pan-alegre.org\/wordpress\/kategorie\/amaranth\/"},"img":{"alt_text":"","src":"","width":0,"height":0},"classes":[]},{"id":2883,"url":"https:\/\/www.el-pan-alegre.org\/wordpress\/2883-schule-feiert-zukunft-am-17-und-18-6-23-im-fez-berlin\/","url_meta":{"origin":48,"position":5},"title":"&#8222;Schule feiert Zukunft!&#8220; am 17. und 18.6.23 im FEZ-Berlin","author":"Madeleine Porr","date":"1. Juni 2023","format":false,"excerpt":"\"Bildungsnotstand\", \"Bildungsdesaster\", \"Schul-Chaos\", \"Kinder ohne Lehrer*innen\": F\u00fcrwahr, unser wilhelminisches Bildungssystem bricht krachend auseinander. Und das ist auch nur folgerichtig, denn es taugt nicht f\u00fcr die Herausforderungen der Zukunft. Wie gut, dass sich unter dem weiten Horizont der Zukunftsbildung, der Bildung f\u00fcr Nachhaltige Entwicklung (BNE), schon l\u00e4ngst deutschlandweit eine Vielzahl hochmotivierter\u2026","rel":"","context":"In &quot;Bildung f\u00fcr nachhaltige Entwicklung (BNE)&quot;","block_context":{"text":"Bildung f\u00fcr nachhaltige Entwicklung (BNE)","link":"https:\/\/www.el-pan-alegre.org\/wordpress\/kategorie\/bildung-fuer-nachhaltige-entwicklung-bne\/"},"img":{"alt_text":"","src":"https:\/\/i0.wp.com\/www.el-pan-alegre.org\/wordpress\/wp-content\/uploads\/2023\/06\/2023PxP-Festival_HERO-logo-1024x679-1.png?resize=350%2C200&ssl=1","width":350,"height":200,"srcset":"https:\/\/i0.wp.com\/www.el-pan-alegre.org\/wordpress\/wp-content\/uploads\/2023\/06\/2023PxP-Festival_HERO-logo-1024x679-1.png?resize=350%2C200&ssl=1 1x, https:\/\/i0.wp.com\/www.el-pan-alegre.org\/wordpress\/wp-content\/uploads\/2023\/06\/2023PxP-Festival_HERO-logo-1024x679-1.png?resize=525%2C300&ssl=1 1.5x, https:\/\/i0.wp.com\/www.el-pan-alegre.org\/wordpress\/wp-content\/uploads\/2023\/06\/2023PxP-Festival_HERO-logo-1024x679-1.png?resize=700%2C400&ssl=1 2x"},"classes":[]}],"_links":{"self":[{"href":"https:\/\/www.el-pan-alegre.org\/wordpress\/wp-json\/wp\/v2\/posts\/48","targetHints":{"allow":["GET"]}}],"collection":[{"href":"https:\/\/www.el-pan-alegre.org\/wordpress\/wp-json\/wp\/v2\/posts"}],"about":[{"href":"https:\/\/www.el-pan-alegre.org\/wordpress\/wp-json\/wp\/v2\/types\/post"}],"author":[{"embeddable":true,"href":"https:\/\/www.el-pan-alegre.org\/wordpress\/wp-json\/wp\/v2\/users\/1"}],"replies":[{"embeddable":true,"href":"https:\/\/www.el-pan-alegre.org\/wordpress\/wp-json\/wp\/v2\/comments?post=48"}],"version-history":[{"count":1,"href":"https:\/\/www.el-pan-alegre.org\/wordpress\/wp-json\/wp\/v2\/posts\/48\/revisions"}],"predecessor-version":[{"id":1704,"href":"https:\/\/www.el-pan-alegre.org\/wordpress\/wp-json\/wp\/v2\/posts\/48\/revisions\/1704"}],"wp:featuredmedia":[{"embeddable":true,"href":"https:\/\/www.el-pan-alegre.org\/wordpress\/wp-json\/wp\/v2\/media\/265"}],"wp:attachment":[{"href":"https:\/\/www.el-pan-alegre.org\/wordpress\/wp-json\/wp\/v2\/media?parent=48"}],"wp:term":[{"taxonomy":"category","embeddable":true,"href":"https:\/\/www.el-pan-alegre.org\/wordpress\/wp-json\/wp\/v2\/categories?post=48"},{"taxonomy":"post_tag","embeddable":true,"href":"https:\/\/www.el-pan-alegre.org\/wordpress\/wp-json\/wp\/v2\/tags?post=48"}],"curies":[{"name":"wp","href":"https:\/\/api.w.org\/{rel}","templated":true}]}}