{"id":46,"date":"2012-05-09T20:00:00","date_gmt":"2012-05-09T18:00:00","guid":{"rendered":"http:\/\/www.el-pan-alegre.org\/wordpress\/46-auf-dem-weg-zur-froehlichen-amaranth-kinderbaeckerei\/"},"modified":"2015-04-14T10:04:45","modified_gmt":"2015-04-14T08:04:45","slug":"auf-dem-weg-zur-froehlichen-amaranth-kinderbaeckerei","status":"publish","type":"post","link":"https:\/\/www.el-pan-alegre.org\/wordpress\/46-auf-dem-weg-zur-froehlichen-amaranth-kinderbaeckerei\/","title":{"rendered":"Auf dem Weg zur &#8222;Fr\u00f6hlichen Amaranth-Kinderb\u00e4ckerei&#8220; &#8230;"},"content":{"rendered":"<p>Hurraaa, da ist er: der Solar-Container, der &#8211; bis zum Bau am endg\u00fcltigen Standort &#8211; f\u00fcr vier Monate unsere &#8222;Fr\u00f6hliche Amaranth-Kinderb\u00e4ckerei&#8220; vor dem FEZ-Berlin in der Wuhlheide beherbergen soll!<\/p>\n<div style=\"clear: both; text-align: center;\"><a href=\"http:\/\/www.el-pan-alegre.org\/wordpress\/wp-content\/uploads\/2012\/05\/SAM_1336.jpg\" style=\"margin-left: 1em; margin-right: 1em;\"><img loading=\"lazy\" decoding=\"async\" border=\"0\" height=\"247\" src=\"http:\/\/www.el-pan-alegre.org\/wordpress\/wp-content\/uploads\/2012\/05\/SAM_1336-300x232.jpg\" width=\"320\" \/><\/a><\/div>\n<p>Ein dickes Dankesch\u00f6n an den Sponsor Sepp Fiedler von Solar Lifestyle daf\u00fcr, dass er uns seinen Container den Sommer \u00fcber zur Verf\u00fcgung stellt, und an GO! Express &amp; Logistics f\u00fcr die \u00dcbernahme der Transportkosten!!<\/p>\n<p>Bevor die &#8222;Amaranth-Kinderb\u00e4ckerei&#8220; zum Internationalen Kindertag und seiner zentralen Veranstaltung im FEZ vom 01.-03.06. er\u00f6ffnet wird, steht aber erst mal eine gr\u00fcndliche Innenreinigung an. Daf\u00fcr brauchen wir noch fr\u00f6hliche Freiwillige &#8211; wer mitmachen m\u00f6chte, bitte unter 53071-176 melden!!!<\/p>\n<p><span style=\"font-size: x-small;\">(Foto: M. Porr\/En Buenas Manos e.V.) <\/span><\/p>\n","protected":false},"excerpt":{"rendered":"<p>Hurraaa, da ist er: der Solar-Container, der &#8211; bis zum Bau am endg\u00fcltigen Standort &#8211; f\u00fcr vier Monate unsere &#8222;Fr\u00f6hliche Amaranth-Kinderb\u00e4ckerei&#8220; vor dem FEZ-Berlin in der Wuhlheide beherbergen soll! Ein dickes Dankesch\u00f6n an den Sponsor Sepp Fiedler von Solar Lifestyle &hellip; <a href=\"https:\/\/www.el-pan-alegre.org\/wordpress\/46-auf-dem-weg-zur-froehlichen-amaranth-kinderbaeckerei\/\">Weiterlesen <span class=\"meta-nav\">&rarr;<\/span><\/a><\/p>\n","protected":false},"author":1,"featured_media":263,"comment_status":"open","ping_status":"open","sticky":false,"template":"","format":"standard","meta":{"jetpack_post_was_ever_published":false,"_jetpack_newsletter_access":"","_jetpack_dont_email_post_to_subs":false,"_jetpack_newsletter_tier_id":0,"_jetpack_memberships_contains_paywalled_content":false,"_jetpack_memberships_contains_paid_content":false,"footnotes":"","jetpack_publicize_message":"","jetpack_publicize_feature_enabled":true,"jetpack_social_post_already_shared":false,"jetpack_social_options":{"image_generator_settings":{"template":"highway","default_image_id":0,"font":"","enabled":false},"version":2}},"categories":[16,9,23,21,6,5,2],"tags":[],"class_list":["post-46","post","type-post","status-publish","format-standard","has-post-thumbnail","hentry","category-amaranth","category-fez","category-fotos","category-froehliche-amaranth-kinderbaeckerei","category-information","category-kommunikation","category-oeffentlichkeitsarbeit"],"yoast_head":"<!-- This site is optimized with the Yoast SEO plugin v27.5 - https:\/\/yoast.com\/product\/yoast-seo-wordpress\/ -->\n<title>Auf dem Weg zur &quot;Fr\u00f6hlichen Amaranth-Kinderb\u00e4ckerei&quot; ... - El Pan Alegre<\/title>\n<meta name=\"robots\" content=\"index, follow, max-snippet:-1, max-image-preview:large, max-video-preview:-1\" \/>\n<link rel=\"canonical\" href=\"https:\/\/www.el-pan-alegre.org\/wordpress\/46-auf-dem-weg-zur-froehlichen-amaranth-kinderbaeckerei\/\" \/>\n<meta property=\"og:locale\" content=\"de_DE\" \/>\n<meta property=\"og:type\" content=\"article\" \/>\n<meta property=\"og:title\" content=\"Auf dem Weg zur &quot;Fr\u00f6hlichen Amaranth-Kinderb\u00e4ckerei&quot; ... - El Pan Alegre\" \/>\n<meta property=\"og:description\" content=\"Hurraaa, da ist er: der Solar-Container, der &#8211; bis zum Bau am endg\u00fcltigen Standort &#8211; f\u00fcr vier Monate unsere &#8222;Fr\u00f6hliche Amaranth-Kinderb\u00e4ckerei&#8220; vor dem FEZ-Berlin in der Wuhlheide beherbergen soll! Ein dickes Dankesch\u00f6n an den Sponsor Sepp Fiedler von Solar Lifestyle &hellip; Weiterlesen &rarr;\" \/>\n<meta property=\"og:url\" content=\"https:\/\/www.el-pan-alegre.org\/wordpress\/46-auf-dem-weg-zur-froehlichen-amaranth-kinderbaeckerei\/\" \/>\n<meta property=\"og:site_name\" content=\"El Pan Alegre\" \/>\n<meta property=\"article:published_time\" content=\"2012-05-09T18:00:00+00:00\" \/>\n<meta property=\"article:modified_time\" content=\"2015-04-14T08:04:45+00:00\" \/>\n<meta property=\"og:image\" content=\"https:\/\/www.el-pan-alegre.org\/wordpress\/wp-content\/uploads\/2012\/05\/SAM_1336.jpg\" \/>\n\t<meta property=\"og:image:width\" content=\"1024\" \/>\n\t<meta property=\"og:image:height\" content=\"791\" \/>\n\t<meta property=\"og:image:type\" content=\"image\/jpeg\" \/>\n<meta name=\"author\" content=\"Anja Mocker\" \/>\n<meta name=\"twitter:card\" content=\"summary_large_image\" \/>\n<meta name=\"twitter:label1\" content=\"Verfasst von\" \/>\n\t<meta name=\"twitter:data1\" content=\"Anja Mocker\" \/>\n\t<meta name=\"twitter:label2\" content=\"Gesch\u00e4tzte Lesezeit\" \/>\n\t<meta name=\"twitter:data2\" content=\"1\u00a0Minute\" \/>\n<script type=\"application\/ld+json\" class=\"yoast-schema-graph\">{\"@context\":\"https:\\\/\\\/schema.org\",\"@graph\":[{\"@type\":\"Article\",\"@id\":\"https:\\\/\\\/www.el-pan-alegre.org\\\/wordpress\\\/46-auf-dem-weg-zur-froehlichen-amaranth-kinderbaeckerei\\\/#article\",\"isPartOf\":{\"@id\":\"https:\\\/\\\/www.el-pan-alegre.org\\\/wordpress\\\/46-auf-dem-weg-zur-froehlichen-amaranth-kinderbaeckerei\\\/\"},\"author\":{\"name\":\"Anja Mocker\",\"@id\":\"https:\\\/\\\/www.el-pan-alegre.org\\\/wordpress\\\/#\\\/schema\\\/person\\\/a61ba0bec6094c61dbf9da4e4e4e5bfe\"},\"headline\":\"Auf dem Weg zur &#8222;Fr\u00f6hlichen Amaranth-Kinderb\u00e4ckerei&#8220; &#8230;\",\"datePublished\":\"2012-05-09T18:00:00+00:00\",\"dateModified\":\"2015-04-14T08:04:45+00:00\",\"mainEntityOfPage\":{\"@id\":\"https:\\\/\\\/www.el-pan-alegre.org\\\/wordpress\\\/46-auf-dem-weg-zur-froehlichen-amaranth-kinderbaeckerei\\\/\"},\"wordCount\":131,\"commentCount\":0,\"image\":{\"@id\":\"https:\\\/\\\/www.el-pan-alegre.org\\\/wordpress\\\/46-auf-dem-weg-zur-froehlichen-amaranth-kinderbaeckerei\\\/#primaryimage\"},\"thumbnailUrl\":\"https:\\\/\\\/www.el-pan-alegre.org\\\/wordpress\\\/wp-content\\\/uploads\\\/2012\\\/05\\\/SAM_1336.jpg\",\"articleSection\":[\"Amaranth\",\"FEZ\",\"Fotos\",\"Fr\u00f6hliche Amaranth-Kinderb\u00e4ckerei\",\"Information\",\"Kommunikation\",\"\u00d6ffentlichkeitsarbeit\"],\"inLanguage\":\"de\",\"potentialAction\":[{\"@type\":\"CommentAction\",\"name\":\"Comment\",\"target\":[\"https:\\\/\\\/www.el-pan-alegre.org\\\/wordpress\\\/46-auf-dem-weg-zur-froehlichen-amaranth-kinderbaeckerei\\\/#respond\"]}]},{\"@type\":\"WebPage\",\"@id\":\"https:\\\/\\\/www.el-pan-alegre.org\\\/wordpress\\\/46-auf-dem-weg-zur-froehlichen-amaranth-kinderbaeckerei\\\/\",\"url\":\"https:\\\/\\\/www.el-pan-alegre.org\\\/wordpress\\\/46-auf-dem-weg-zur-froehlichen-amaranth-kinderbaeckerei\\\/\",\"name\":\"Auf dem Weg zur \\\"Fr\u00f6hlichen Amaranth-Kinderb\u00e4ckerei\\\" ... - El Pan Alegre\",\"isPartOf\":{\"@id\":\"https:\\\/\\\/www.el-pan-alegre.org\\\/wordpress\\\/#website\"},\"primaryImageOfPage\":{\"@id\":\"https:\\\/\\\/www.el-pan-alegre.org\\\/wordpress\\\/46-auf-dem-weg-zur-froehlichen-amaranth-kinderbaeckerei\\\/#primaryimage\"},\"image\":{\"@id\":\"https:\\\/\\\/www.el-pan-alegre.org\\\/wordpress\\\/46-auf-dem-weg-zur-froehlichen-amaranth-kinderbaeckerei\\\/#primaryimage\"},\"thumbnailUrl\":\"https:\\\/\\\/www.el-pan-alegre.org\\\/wordpress\\\/wp-content\\\/uploads\\\/2012\\\/05\\\/SAM_1336.jpg\",\"datePublished\":\"2012-05-09T18:00:00+00:00\",\"dateModified\":\"2015-04-14T08:04:45+00:00\",\"author\":{\"@id\":\"https:\\\/\\\/www.el-pan-alegre.org\\\/wordpress\\\/#\\\/schema\\\/person\\\/a61ba0bec6094c61dbf9da4e4e4e5bfe\"},\"breadcrumb\":{\"@id\":\"https:\\\/\\\/www.el-pan-alegre.org\\\/wordpress\\\/46-auf-dem-weg-zur-froehlichen-amaranth-kinderbaeckerei\\\/#breadcrumb\"},\"inLanguage\":\"de\",\"potentialAction\":[{\"@type\":\"ReadAction\",\"target\":[\"https:\\\/\\\/www.el-pan-alegre.org\\\/wordpress\\\/46-auf-dem-weg-zur-froehlichen-amaranth-kinderbaeckerei\\\/\"]}]},{\"@type\":\"ImageObject\",\"inLanguage\":\"de\",\"@id\":\"https:\\\/\\\/www.el-pan-alegre.org\\\/wordpress\\\/46-auf-dem-weg-zur-froehlichen-amaranth-kinderbaeckerei\\\/#primaryimage\",\"url\":\"https:\\\/\\\/www.el-pan-alegre.org\\\/wordpress\\\/wp-content\\\/uploads\\\/2012\\\/05\\\/SAM_1336.jpg\",\"contentUrl\":\"https:\\\/\\\/www.el-pan-alegre.org\\\/wordpress\\\/wp-content\\\/uploads\\\/2012\\\/05\\\/SAM_1336.jpg\",\"width\":1024,\"height\":791},{\"@type\":\"BreadcrumbList\",\"@id\":\"https:\\\/\\\/www.el-pan-alegre.org\\\/wordpress\\\/46-auf-dem-weg-zur-froehlichen-amaranth-kinderbaeckerei\\\/#breadcrumb\",\"itemListElement\":[{\"@type\":\"ListItem\",\"position\":1,\"name\":\"Home\",\"item\":\"https:\\\/\\\/www.el-pan-alegre.org\\\/wordpress\\\/\"},{\"@type\":\"ListItem\",\"position\":2,\"name\":\"Auf dem Weg zur &#8222;Fr\u00f6hlichen Amaranth-Kinderb\u00e4ckerei&#8220; &#8230;\"}]},{\"@type\":\"WebSite\",\"@id\":\"https:\\\/\\\/www.el-pan-alegre.org\\\/wordpress\\\/#website\",\"url\":\"https:\\\/\\\/www.el-pan-alegre.org\\\/wordpress\\\/\",\"name\":\"El Pan Alegre\",\"description\":\"Das Fr\u00f6hliche Brot\",\"potentialAction\":[{\"@type\":\"SearchAction\",\"target\":{\"@type\":\"EntryPoint\",\"urlTemplate\":\"https:\\\/\\\/www.el-pan-alegre.org\\\/wordpress\\\/?s={search_term_string}\"},\"query-input\":{\"@type\":\"PropertyValueSpecification\",\"valueRequired\":true,\"valueName\":\"search_term_string\"}}],\"inLanguage\":\"de\"},{\"@type\":\"Person\",\"@id\":\"https:\\\/\\\/www.el-pan-alegre.org\\\/wordpress\\\/#\\\/schema\\\/person\\\/a61ba0bec6094c61dbf9da4e4e4e5bfe\",\"name\":\"Anja Mocker\",\"image\":{\"@type\":\"ImageObject\",\"inLanguage\":\"de\",\"@id\":\"https:\\\/\\\/secure.gravatar.com\\\/avatar\\\/c283b0b556471cdaac4be59c661b13c1e141f08ca0dd2eb8f8d587262d7f04bb?s=96&d=identicon&r=g\",\"url\":\"https:\\\/\\\/secure.gravatar.com\\\/avatar\\\/c283b0b556471cdaac4be59c661b13c1e141f08ca0dd2eb8f8d587262d7f04bb?s=96&d=identicon&r=g\",\"contentUrl\":\"https:\\\/\\\/secure.gravatar.com\\\/avatar\\\/c283b0b556471cdaac4be59c661b13c1e141f08ca0dd2eb8f8d587262d7f04bb?s=96&d=identicon&r=g\",\"caption\":\"Anja Mocker\"},\"url\":\"https:\\\/\\\/www.el-pan-alegre.org\\\/wordpress\\\/author\\\/admin\\\/\"}]}<\/script>\n<!-- \/ Yoast SEO plugin. -->","yoast_head_json":{"title":"Auf dem Weg zur \"Fr\u00f6hlichen Amaranth-Kinderb\u00e4ckerei\" ... - El Pan Alegre","robots":{"index":"index","follow":"follow","max-snippet":"max-snippet:-1","max-image-preview":"max-image-preview:large","max-video-preview":"max-video-preview:-1"},"canonical":"https:\/\/www.el-pan-alegre.org\/wordpress\/46-auf-dem-weg-zur-froehlichen-amaranth-kinderbaeckerei\/","og_locale":"de_DE","og_type":"article","og_title":"Auf dem Weg zur \"Fr\u00f6hlichen Amaranth-Kinderb\u00e4ckerei\" ... - El Pan Alegre","og_description":"Hurraaa, da ist er: der Solar-Container, der &#8211; bis zum Bau am endg\u00fcltigen Standort &#8211; f\u00fcr vier Monate unsere &#8222;Fr\u00f6hliche Amaranth-Kinderb\u00e4ckerei&#8220; vor dem FEZ-Berlin in der Wuhlheide beherbergen soll! Ein dickes Dankesch\u00f6n an den Sponsor Sepp Fiedler von Solar Lifestyle &hellip; Weiterlesen &rarr;","og_url":"https:\/\/www.el-pan-alegre.org\/wordpress\/46-auf-dem-weg-zur-froehlichen-amaranth-kinderbaeckerei\/","og_site_name":"El Pan Alegre","article_published_time":"2012-05-09T18:00:00+00:00","article_modified_time":"2015-04-14T08:04:45+00:00","og_image":[{"width":1024,"height":791,"url":"https:\/\/www.el-pan-alegre.org\/wordpress\/wp-content\/uploads\/2012\/05\/SAM_1336.jpg","type":"image\/jpeg"}],"author":"Anja Mocker","twitter_card":"summary_large_image","twitter_misc":{"Verfasst von":"Anja Mocker","Gesch\u00e4tzte Lesezeit":"1\u00a0Minute"},"schema":{"@context":"https:\/\/schema.org","@graph":[{"@type":"Article","@id":"https:\/\/www.el-pan-alegre.org\/wordpress\/46-auf-dem-weg-zur-froehlichen-amaranth-kinderbaeckerei\/#article","isPartOf":{"@id":"https:\/\/www.el-pan-alegre.org\/wordpress\/46-auf-dem-weg-zur-froehlichen-amaranth-kinderbaeckerei\/"},"author":{"name":"Anja Mocker","@id":"https:\/\/www.el-pan-alegre.org\/wordpress\/#\/schema\/person\/a61ba0bec6094c61dbf9da4e4e4e5bfe"},"headline":"Auf dem Weg zur &#8222;Fr\u00f6hlichen Amaranth-Kinderb\u00e4ckerei&#8220; &#8230;","datePublished":"2012-05-09T18:00:00+00:00","dateModified":"2015-04-14T08:04:45+00:00","mainEntityOfPage":{"@id":"https:\/\/www.el-pan-alegre.org\/wordpress\/46-auf-dem-weg-zur-froehlichen-amaranth-kinderbaeckerei\/"},"wordCount":131,"commentCount":0,"image":{"@id":"https:\/\/www.el-pan-alegre.org\/wordpress\/46-auf-dem-weg-zur-froehlichen-amaranth-kinderbaeckerei\/#primaryimage"},"thumbnailUrl":"https:\/\/www.el-pan-alegre.org\/wordpress\/wp-content\/uploads\/2012\/05\/SAM_1336.jpg","articleSection":["Amaranth","FEZ","Fotos","Fr\u00f6hliche Amaranth-Kinderb\u00e4ckerei","Information","Kommunikation","\u00d6ffentlichkeitsarbeit"],"inLanguage":"de","potentialAction":[{"@type":"CommentAction","name":"Comment","target":["https:\/\/www.el-pan-alegre.org\/wordpress\/46-auf-dem-weg-zur-froehlichen-amaranth-kinderbaeckerei\/#respond"]}]},{"@type":"WebPage","@id":"https:\/\/www.el-pan-alegre.org\/wordpress\/46-auf-dem-weg-zur-froehlichen-amaranth-kinderbaeckerei\/","url":"https:\/\/www.el-pan-alegre.org\/wordpress\/46-auf-dem-weg-zur-froehlichen-amaranth-kinderbaeckerei\/","name":"Auf dem Weg zur \"Fr\u00f6hlichen Amaranth-Kinderb\u00e4ckerei\" ... - El Pan Alegre","isPartOf":{"@id":"https:\/\/www.el-pan-alegre.org\/wordpress\/#website"},"primaryImageOfPage":{"@id":"https:\/\/www.el-pan-alegre.org\/wordpress\/46-auf-dem-weg-zur-froehlichen-amaranth-kinderbaeckerei\/#primaryimage"},"image":{"@id":"https:\/\/www.el-pan-alegre.org\/wordpress\/46-auf-dem-weg-zur-froehlichen-amaranth-kinderbaeckerei\/#primaryimage"},"thumbnailUrl":"https:\/\/www.el-pan-alegre.org\/wordpress\/wp-content\/uploads\/2012\/05\/SAM_1336.jpg","datePublished":"2012-05-09T18:00:00+00:00","dateModified":"2015-04-14T08:04:45+00:00","author":{"@id":"https:\/\/www.el-pan-alegre.org\/wordpress\/#\/schema\/person\/a61ba0bec6094c61dbf9da4e4e4e5bfe"},"breadcrumb":{"@id":"https:\/\/www.el-pan-alegre.org\/wordpress\/46-auf-dem-weg-zur-froehlichen-amaranth-kinderbaeckerei\/#breadcrumb"},"inLanguage":"de","potentialAction":[{"@type":"ReadAction","target":["https:\/\/www.el-pan-alegre.org\/wordpress\/46-auf-dem-weg-zur-froehlichen-amaranth-kinderbaeckerei\/"]}]},{"@type":"ImageObject","inLanguage":"de","@id":"https:\/\/www.el-pan-alegre.org\/wordpress\/46-auf-dem-weg-zur-froehlichen-amaranth-kinderbaeckerei\/#primaryimage","url":"https:\/\/www.el-pan-alegre.org\/wordpress\/wp-content\/uploads\/2012\/05\/SAM_1336.jpg","contentUrl":"https:\/\/www.el-pan-alegre.org\/wordpress\/wp-content\/uploads\/2012\/05\/SAM_1336.jpg","width":1024,"height":791},{"@type":"BreadcrumbList","@id":"https:\/\/www.el-pan-alegre.org\/wordpress\/46-auf-dem-weg-zur-froehlichen-amaranth-kinderbaeckerei\/#breadcrumb","itemListElement":[{"@type":"ListItem","position":1,"name":"Home","item":"https:\/\/www.el-pan-alegre.org\/wordpress\/"},{"@type":"ListItem","position":2,"name":"Auf dem Weg zur &#8222;Fr\u00f6hlichen Amaranth-Kinderb\u00e4ckerei&#8220; &#8230;"}]},{"@type":"WebSite","@id":"https:\/\/www.el-pan-alegre.org\/wordpress\/#website","url":"https:\/\/www.el-pan-alegre.org\/wordpress\/","name":"El Pan Alegre","description":"Das Fr\u00f6hliche Brot","potentialAction":[{"@type":"SearchAction","target":{"@type":"EntryPoint","urlTemplate":"https:\/\/www.el-pan-alegre.org\/wordpress\/?s={search_term_string}"},"query-input":{"@type":"PropertyValueSpecification","valueRequired":true,"valueName":"search_term_string"}}],"inLanguage":"de"},{"@type":"Person","@id":"https:\/\/www.el-pan-alegre.org\/wordpress\/#\/schema\/person\/a61ba0bec6094c61dbf9da4e4e4e5bfe","name":"Anja Mocker","image":{"@type":"ImageObject","inLanguage":"de","@id":"https:\/\/secure.gravatar.com\/avatar\/c283b0b556471cdaac4be59c661b13c1e141f08ca0dd2eb8f8d587262d7f04bb?s=96&d=identicon&r=g","url":"https:\/\/secure.gravatar.com\/avatar\/c283b0b556471cdaac4be59c661b13c1e141f08ca0dd2eb8f8d587262d7f04bb?s=96&d=identicon&r=g","contentUrl":"https:\/\/secure.gravatar.com\/avatar\/c283b0b556471cdaac4be59c661b13c1e141f08ca0dd2eb8f8d587262d7f04bb?s=96&d=identicon&r=g","caption":"Anja Mocker"},"url":"https:\/\/www.el-pan-alegre.org\/wordpress\/author\/admin\/"}]}},"jetpack_publicize_connections":[],"jetpack_featured_media_url":"https:\/\/www.el-pan-alegre.org\/wordpress\/wp-content\/uploads\/2012\/05\/SAM_1336.jpg","jetpack_sharing_enabled":true,"jetpack_shortlink":"https:\/\/wp.me\/p62TDh-K","jetpack-related-posts":[{"id":39,"url":"https:\/\/www.el-pan-alegre.org\/wordpress\/39-offener-brief-zur-eroeffnung-der-froehlichen-amaranth-kinderbaeckerei\/","url_meta":{"origin":46,"position":0},"title":"Offener Brief zur Er\u00f6ffnung der &#8222;Fr\u00f6hlichen Amaranth-Kinderb\u00e4ckerei&#8220;","author":"Anja Mocker","date":"29. Mai 2012","format":false,"excerpt":"FR\u00d6HLICH, STARK UND SCHLAU MIT AMARANTH! Zum Internationalen Kindertag \u00f6ffnet sie ihre T\u00fcren: \"Die Fr\u00f6hliche Amaranth-Kinderb\u00e4ckerei\" im FEZ-Berlin, Europas gr\u00f6\u00dftem Freizeit- und Bildungszentrum f\u00fcr Kinder, Jugendliche und Familien! Von Juni bis September in einem Solar-Container (gesponsert von der Firma Solar Lifestyle), jedoch schon ab 2013 fest mit einer zentralen baulichen\u2026","rel":"","context":"In &quot;F\u00f6rderung&quot;","block_context":{"text":"F\u00f6rderung","link":"https:\/\/www.el-pan-alegre.org\/wordpress\/kategorie\/foerderung\/"},"img":{"alt_text":"01","src":"https:\/\/i0.wp.com\/www.el-pan-alegre.org\/wordpress\/wp-content\/uploads\/2012\/05\/01-261x300.jpg?resize=350%2C200","width":350,"height":200},"classes":[]},{"id":31,"url":"https:\/\/www.el-pan-alegre.org\/wordpress\/31-einladung-zum-erntefest-29-30-09-12\/","url_meta":{"origin":46,"position":1},"title":"EINLADUNG ZUM ERNTEFEST 29.+30.09.12","author":"Anja Mocker","date":"30. August 2012","format":false,"excerpt":"Am Wochenende des 29. und 30.09.12 wird in der \"Fr\u00f6hlichen Amaranth-Kinderb\u00e4ckerei\" noch einmal die lange Zeit vergessene alte Kulturpflanze Amaranth mit all ihren Qualit\u00e4ten und kulinarischen Verwendungsm\u00f6glichkeiten im Mittelpunkt stehen. \u00a0 Mit ihren Familien lernen die Kinder die spannende Geschichte des kleinen Amaranthkorns kennen und finden heraus, woher seine Riesenkr\u00e4fte\u2026","rel":"","context":"In &quot;Amaranth&quot;","block_context":{"text":"Amaranth","link":"https:\/\/www.el-pan-alegre.org\/wordpress\/kategorie\/amaranth\/"},"img":{"alt_text":"","src":"https:\/\/i0.wp.com\/www.el-pan-alegre.org\/wordpress\/wp-content\/uploads\/2012\/08\/Die_Froehliche_Amaranthkinderbaeckerei.jpg?resize=350%2C200&ssl=1","width":350,"height":200,"srcset":"https:\/\/i0.wp.com\/www.el-pan-alegre.org\/wordpress\/wp-content\/uploads\/2012\/08\/Die_Froehliche_Amaranthkinderbaeckerei.jpg?resize=350%2C200&ssl=1 1x, https:\/\/i0.wp.com\/www.el-pan-alegre.org\/wordpress\/wp-content\/uploads\/2012\/08\/Die_Froehliche_Amaranthkinderbaeckerei.jpg?resize=525%2C300&ssl=1 1.5x"},"classes":[]},{"id":41,"url":"https:\/\/www.el-pan-alegre.org\/wordpress\/41-doppelschicht-vor-pfingsten\/","url_meta":{"origin":46,"position":2},"title":"Doppelschicht vor Pfingsten","author":"Anja Mocker","date":"28. Mai 2012","format":false,"excerpt":"Und weiter ging's am Freitag und Samstag mit den Vorarbeiten zur Er\u00f6ffnung der \"FR\u00d6HLICHEN AMARANTH-KINDERB\u00c4CKEREI\" am FEZ-Berlin: Aufbau des Gest\u00e4nges f\u00fcr die Markise ... durch den Container-Besitzer Sepp Fiedler\/Solar Lifestyle, Anlieferung des PVC-Bodenbelags und der Paneele f\u00fcr die Seitenverkleidungen durch unseren Logistik-Sponsor GO!, abschlie\u00dfende Gestaltung des Namensschilds und der zentralen\u2026","rel":"","context":"In &quot;Effektive Mikroorganismen&quot;","block_context":{"text":"Effektive Mikroorganismen","link":"https:\/\/www.el-pan-alegre.org\/wordpress\/kategorie\/effektive-mikroorganismen\/"},"img":{"alt_text":"","src":"https:\/\/i0.wp.com\/www.el-pan-alegre.org\/wordpress\/wp-content\/uploads\/2012\/05\/SAM_1611.jpg?resize=350%2C200&ssl=1","width":350,"height":200,"srcset":"https:\/\/i0.wp.com\/www.el-pan-alegre.org\/wordpress\/wp-content\/uploads\/2012\/05\/SAM_1611.jpg?resize=350%2C200&ssl=1 1x, https:\/\/i0.wp.com\/www.el-pan-alegre.org\/wordpress\/wp-content\/uploads\/2012\/05\/SAM_1611.jpg?resize=525%2C300&ssl=1 1.5x, https:\/\/i0.wp.com\/www.el-pan-alegre.org\/wordpress\/wp-content\/uploads\/2012\/05\/SAM_1611.jpg?resize=700%2C400&ssl=1 2x"},"classes":[]},{"id":30,"url":"https:\/\/www.el-pan-alegre.org\/wordpress\/30-fantastisches-2012-willkommen-2013\/","url_meta":{"origin":46,"position":3},"title":"Fantastisches 2012 \/ Willkommen 2013!","author":"Anja Mocker","date":"31. Dezember 2012","format":false,"excerpt":"Fr\u00f6hliche Gr\u00fc\u00dfe f\u00fcr das neue Jahr voller Wunder, Gl\u00fcck, Zufriedenheit, Gesundheit und Erfolg auf allen Ebenen! Ein spannendes Jahr liegt hinter uns. Die Fr\u00f6hliche Amaranth-Kinderb\u00e4ckerei wird jedem Kind, das in die Wuhlheide gekommen ist, in freudiger Erinnerung bleiben. Das Paradies Wuhlheide f\u00e4ngt an sich zu regen und zu entwickeln. Viele\u2026","rel":"","context":"In &quot;Information&quot;","block_context":{"text":"Information","link":"https:\/\/www.el-pan-alegre.org\/wordpress\/kategorie\/information\/"},"img":{"alt_text":"","src":"https:\/\/i0.wp.com\/www.el-pan-alegre.org\/wordpress\/wp-content\/uploads\/2012\/12\/das_froehliche_brot.jpg?resize=350%2C200&ssl=1","width":350,"height":200,"srcset":"https:\/\/i0.wp.com\/www.el-pan-alegre.org\/wordpress\/wp-content\/uploads\/2012\/12\/das_froehliche_brot.jpg?resize=350%2C200&ssl=1 1x, https:\/\/i0.wp.com\/www.el-pan-alegre.org\/wordpress\/wp-content\/uploads\/2012\/12\/das_froehliche_brot.jpg?resize=525%2C300&ssl=1 1.5x"},"classes":[]},{"id":44,"url":"https:\/\/www.el-pan-alegre.org\/wordpress\/44-froehliches-saubermachenherrichten-des-backcontainers-am-freitag\/","url_meta":{"origin":46,"position":4},"title":"Fr\u00f6hliches Saubermachen\/Herrichten des Backcontainers am Freitag","author":"Anja Mocker","date":"16. Mai 2012","format":false,"excerpt":"Ihr Lieben,\u00a0am Freitag, den 18. Mai 2012 gehts los mit der \"Fr\u00f6hlichen Putzaktion\" der neuen Amaranth-Kinderb\u00e4ckerei in der Wuhlheide. Yipiiiii.Wer mitmachen will bei der Putzparty kann gegen 10 Uhr in die Wuhlheide, vor dem FEZ-Berlin kommen. Gr\u00fcnspan wegb\u00fcrsten, Regale und Tische polieren, den Container baden und vieles andere mehr....\u00a0(Foto: M.\u2026","rel":"","context":"In &quot;Fr\u00f6hliche Amaranth-Kinderb\u00e4ckerei&quot;","block_context":{"text":"Fr\u00f6hliche Amaranth-Kinderb\u00e4ckerei","link":"https:\/\/www.el-pan-alegre.org\/wordpress\/kategorie\/froehliche-amaranth-kinderbaeckerei\/"},"img":{"alt_text":"","src":"https:\/\/i0.wp.com\/www.el-pan-alegre.org\/wordpress\/wp-content\/uploads\/2012\/05\/SAM_1398.jpg?resize=350%2C200&ssl=1","width":350,"height":200,"srcset":"https:\/\/i0.wp.com\/www.el-pan-alegre.org\/wordpress\/wp-content\/uploads\/2012\/05\/SAM_1398.jpg?resize=350%2C200&ssl=1 1x, https:\/\/i0.wp.com\/www.el-pan-alegre.org\/wordpress\/wp-content\/uploads\/2012\/05\/SAM_1398.jpg?resize=525%2C300&ssl=1 1.5x, https:\/\/i0.wp.com\/www.el-pan-alegre.org\/wordpress\/wp-content\/uploads\/2012\/05\/SAM_1398.jpg?resize=700%2C400&ssl=1 2x"},"classes":[]},{"id":43,"url":"https:\/\/www.el-pan-alegre.org\/wordpress\/43-fruehjahrsputz-in-der-kinderbaeckerei\/","url_meta":{"origin":46,"position":5},"title":"Fr\u00fchjahrsputz in der Kinderb\u00e4ckerei","author":"Anja Mocker","date":"20. Mai 2012","format":false,"excerpt":"Fast 12 Stunden R\u00e4umen, Schrubben, Wienern, Wischen und Flexen haben sich gelohnt: Jetzt blitzt und blinkt es m\u00e4chtig in unserer \"Fr\u00f6hlichen Amaranth-Kinderb\u00e4ckerei\"!!! Vielen lieben Dank unseren freiwilligen Unterst\u00fctzerinnen ... Kristina und Laure sowie den drei kleinen HelferInnen, die Markise und Gest\u00e4nge auf Hochglanz gebracht und uns ein Namensschild geschrieben haben\u2026","rel":"","context":"In &quot;FEZ&quot;","block_context":{"text":"FEZ","link":"https:\/\/www.el-pan-alegre.org\/wordpress\/kategorie\/fez\/"},"img":{"alt_text":"","src":"https:\/\/i0.wp.com\/www.el-pan-alegre.org\/wordpress\/wp-content\/uploads\/2012\/05\/SAM_1450.jpg?resize=350%2C200&ssl=1","width":350,"height":200,"srcset":"https:\/\/i0.wp.com\/www.el-pan-alegre.org\/wordpress\/wp-content\/uploads\/2012\/05\/SAM_1450.jpg?resize=350%2C200&ssl=1 1x, https:\/\/i0.wp.com\/www.el-pan-alegre.org\/wordpress\/wp-content\/uploads\/2012\/05\/SAM_1450.jpg?resize=525%2C300&ssl=1 1.5x, https:\/\/i0.wp.com\/www.el-pan-alegre.org\/wordpress\/wp-content\/uploads\/2012\/05\/SAM_1450.jpg?resize=700%2C400&ssl=1 2x"},"classes":[]}],"_links":{"self":[{"href":"https:\/\/www.el-pan-alegre.org\/wordpress\/wp-json\/wp\/v2\/posts\/46","targetHints":{"allow":["GET"]}}],"collection":[{"href":"https:\/\/www.el-pan-alegre.org\/wordpress\/wp-json\/wp\/v2\/posts"}],"about":[{"href":"https:\/\/www.el-pan-alegre.org\/wordpress\/wp-json\/wp\/v2\/types\/post"}],"author":[{"embeddable":true,"href":"https:\/\/www.el-pan-alegre.org\/wordpress\/wp-json\/wp\/v2\/users\/1"}],"replies":[{"embeddable":true,"href":"https:\/\/www.el-pan-alegre.org\/wordpress\/wp-json\/wp\/v2\/comments?post=46"}],"version-history":[{"count":0,"href":"https:\/\/www.el-pan-alegre.org\/wordpress\/wp-json\/wp\/v2\/posts\/46\/revisions"}],"wp:featuredmedia":[{"embeddable":true,"href":"https:\/\/www.el-pan-alegre.org\/wordpress\/wp-json\/wp\/v2\/media\/263"}],"wp:attachment":[{"href":"https:\/\/www.el-pan-alegre.org\/wordpress\/wp-json\/wp\/v2\/media?parent=46"}],"wp:term":[{"taxonomy":"category","embeddable":true,"href":"https:\/\/www.el-pan-alegre.org\/wordpress\/wp-json\/wp\/v2\/categories?post=46"},{"taxonomy":"post_tag","embeddable":true,"href":"https:\/\/www.el-pan-alegre.org\/wordpress\/wp-json\/wp\/v2\/tags?post=46"}],"curies":[{"name":"wp","href":"https:\/\/api.w.org\/{rel}","templated":true}]}}