{"id":44,"date":"2012-05-16T23:29:00","date_gmt":"2012-05-16T21:29:00","guid":{"rendered":"http:\/\/www.el-pan-alegre.org\/wordpress\/44-froehliches-saubermachenherrichten-des-backcontainers-am-freitag\/"},"modified":"2015-04-14T10:04:44","modified_gmt":"2015-04-14T08:04:44","slug":"froehliches-saubermachenherrichten-des-backcontainers-am-freitag","status":"publish","type":"post","link":"https:\/\/www.el-pan-alegre.org\/wordpress\/44-froehliches-saubermachenherrichten-des-backcontainers-am-freitag\/","title":{"rendered":"Fr\u00f6hliches Saubermachen\/Herrichten des Backcontainers am Freitag"},"content":{"rendered":"<div style=\"font-family: &quot;Trebuchet MS&quot;,sans-serif;\">Ihr Lieben,&nbsp;<\/div>\n<p><span style=\"font-family: &quot;Trebuchet MS&quot;,sans-serif;\">am <b>Freitag<\/b>, den <b>18. Mai 2012<\/b> gehts los mit der &#8222;Fr\u00f6hlichen Putzaktion&#8220; der neuen Amaranth-Kinderb\u00e4ckerei in der Wuhlheide. Yipiiiii.<\/span><\/p>\n<p><span style=\"font-family: &quot;Trebuchet MS&quot;,sans-serif;\">Wer mitmachen will bei der Putzparty kann gegen <b>10 Uhr <\/b>in die Wuhlheide, vor dem FEZ-Berlin kommen. Gr\u00fcnspan wegb\u00fcrsten, Regale und Tische polieren, den Container baden und vieles andere mehr&#8230;.<\/span><\/p>\n<div style=\"clear: both; text-align: center;\"><a href=\"http:\/\/www.el-pan-alegre.org\/wordpress\/wp-content\/uploads\/2012\/05\/SAM_1398.jpg\" style=\"margin-left: 1em; margin-right: 1em;\"><img loading=\"lazy\" decoding=\"async\" border=\"0\" height=\"320\" src=\"http:\/\/www.el-pan-alegre.org\/wordpress\/wp-content\/uploads\/2012\/05\/SAM_1398-225x300.jpg\" width=\"240\" \/><\/a><\/div>\n<div style=\"text-align: center;\"><span style=\"font-family: &quot;Trebuchet MS&quot;,sans-serif;\"><span style=\"font-size: x-small;\">&nbsp;(Foto: M. Porr)<\/span><\/span><\/div>\n<p><span style=\"font-family: &quot;Trebuchet MS&quot;,sans-serif;\">Auch ne lustige Fotodoku neben den helfenden H\u00e4nden tragen zu dieser Superaktion bei. <\/span><\/p>\n<p><span style=\"font-family: &quot;Trebuchet MS&quot;,sans-serif;\">Wir sehen uns am Freitag und freuen uns m\u00e4chtig drauf \ud83d\ude42<\/span><br \/><span style=\"font-family: &quot;Trebuchet MS&quot;,sans-serif;\"><\/span><\/p>\n","protected":false},"excerpt":{"rendered":"<p>Ihr Lieben,&nbsp; am Freitag, den 18. Mai 2012 gehts los mit der &#8222;Fr\u00f6hlichen Putzaktion&#8220; der neuen Amaranth-Kinderb\u00e4ckerei in der Wuhlheide. Yipiiiii. Wer mitmachen will bei der Putzparty kann gegen 10 Uhr in die Wuhlheide, vor dem FEZ-Berlin kommen. Gr\u00fcnspan wegb\u00fcrsten, &hellip; <a href=\"https:\/\/www.el-pan-alegre.org\/wordpress\/44-froehliches-saubermachenherrichten-des-backcontainers-am-freitag\/\">Weiterlesen <span class=\"meta-nav\">&rarr;<\/span><\/a><\/p>\n","protected":false},"author":1,"featured_media":260,"comment_status":"open","ping_status":"open","sticky":false,"template":"","format":"standard","meta":{"jetpack_post_was_ever_published":false,"_jetpack_newsletter_access":"","_jetpack_dont_email_post_to_subs":false,"_jetpack_newsletter_tier_id":0,"_jetpack_memberships_contains_paywalled_content":false,"_jetpack_memberships_contains_paid_content":false,"footnotes":"","jetpack_publicize_message":"","jetpack_publicize_feature_enabled":true,"jetpack_social_post_already_shared":false,"jetpack_social_options":{"image_generator_settings":{"template":"highway","default_image_id":0,"font":"","enabled":false},"version":2}},"categories":[21,6,8],"tags":[],"class_list":["post-44","post","type-post","status-publish","format-standard","has-post-thumbnail","hentry","category-froehliche-amaranth-kinderbaeckerei","category-information","category-verein"],"yoast_head":"<!-- This site is optimized with the Yoast SEO plugin v27.5 - https:\/\/yoast.com\/product\/yoast-seo-wordpress\/ -->\n<title>Fr\u00f6hliches Saubermachen\/Herrichten des Backcontainers am Freitag - El Pan Alegre<\/title>\n<meta name=\"robots\" content=\"index, follow, max-snippet:-1, max-image-preview:large, max-video-preview:-1\" \/>\n<link rel=\"canonical\" href=\"https:\/\/www.el-pan-alegre.org\/wordpress\/44-froehliches-saubermachenherrichten-des-backcontainers-am-freitag\/\" \/>\n<meta property=\"og:locale\" content=\"de_DE\" \/>\n<meta property=\"og:type\" content=\"article\" \/>\n<meta property=\"og:title\" content=\"Fr\u00f6hliches Saubermachen\/Herrichten des Backcontainers am Freitag - El Pan Alegre\" \/>\n<meta property=\"og:description\" content=\"Ihr Lieben,&nbsp; am Freitag, den 18. Mai 2012 gehts los mit der &#8222;Fr\u00f6hlichen Putzaktion&#8220; der neuen Amaranth-Kinderb\u00e4ckerei in der Wuhlheide. Yipiiiii. Wer mitmachen will bei der Putzparty kann gegen 10 Uhr in die Wuhlheide, vor dem FEZ-Berlin kommen. Gr\u00fcnspan wegb\u00fcrsten, &hellip; Weiterlesen &rarr;\" \/>\n<meta property=\"og:url\" content=\"https:\/\/www.el-pan-alegre.org\/wordpress\/44-froehliches-saubermachenherrichten-des-backcontainers-am-freitag\/\" \/>\n<meta property=\"og:site_name\" content=\"El Pan Alegre\" \/>\n<meta property=\"article:published_time\" content=\"2012-05-16T21:29:00+00:00\" \/>\n<meta property=\"article:modified_time\" content=\"2015-04-14T08:04:44+00:00\" \/>\n<meta property=\"og:image\" content=\"https:\/\/www.el-pan-alegre.org\/wordpress\/wp-content\/uploads\/2012\/05\/SAM_1398.jpg\" \/>\n\t<meta property=\"og:image:width\" content=\"768\" \/>\n\t<meta property=\"og:image:height\" content=\"1024\" \/>\n\t<meta property=\"og:image:type\" content=\"image\/jpeg\" \/>\n<meta name=\"author\" content=\"Anja Mocker\" \/>\n<meta name=\"twitter:card\" content=\"summary_large_image\" \/>\n<meta name=\"twitter:label1\" content=\"Verfasst von\" \/>\n\t<meta name=\"twitter:data1\" content=\"Anja Mocker\" \/>\n<script type=\"application\/ld+json\" class=\"yoast-schema-graph\">{\"@context\":\"https:\\\/\\\/schema.org\",\"@graph\":[{\"@type\":\"Article\",\"@id\":\"https:\\\/\\\/www.el-pan-alegre.org\\\/wordpress\\\/44-froehliches-saubermachenherrichten-des-backcontainers-am-freitag\\\/#article\",\"isPartOf\":{\"@id\":\"https:\\\/\\\/www.el-pan-alegre.org\\\/wordpress\\\/44-froehliches-saubermachenherrichten-des-backcontainers-am-freitag\\\/\"},\"author\":{\"name\":\"Anja Mocker\",\"@id\":\"https:\\\/\\\/www.el-pan-alegre.org\\\/wordpress\\\/#\\\/schema\\\/person\\\/a61ba0bec6094c61dbf9da4e4e4e5bfe\"},\"headline\":\"Fr\u00f6hliches Saubermachen\\\/Herrichten des Backcontainers am Freitag\",\"datePublished\":\"2012-05-16T21:29:00+00:00\",\"dateModified\":\"2015-04-14T08:04:44+00:00\",\"mainEntityOfPage\":{\"@id\":\"https:\\\/\\\/www.el-pan-alegre.org\\\/wordpress\\\/44-froehliches-saubermachenherrichten-des-backcontainers-am-freitag\\\/\"},\"wordCount\":90,\"commentCount\":0,\"image\":{\"@id\":\"https:\\\/\\\/www.el-pan-alegre.org\\\/wordpress\\\/44-froehliches-saubermachenherrichten-des-backcontainers-am-freitag\\\/#primaryimage\"},\"thumbnailUrl\":\"https:\\\/\\\/www.el-pan-alegre.org\\\/wordpress\\\/wp-content\\\/uploads\\\/2012\\\/05\\\/SAM_1398.jpg\",\"articleSection\":[\"Fr\u00f6hliche Amaranth-Kinderb\u00e4ckerei\",\"Information\",\"Verein\"],\"inLanguage\":\"de\",\"potentialAction\":[{\"@type\":\"CommentAction\",\"name\":\"Comment\",\"target\":[\"https:\\\/\\\/www.el-pan-alegre.org\\\/wordpress\\\/44-froehliches-saubermachenherrichten-des-backcontainers-am-freitag\\\/#respond\"]}]},{\"@type\":\"WebPage\",\"@id\":\"https:\\\/\\\/www.el-pan-alegre.org\\\/wordpress\\\/44-froehliches-saubermachenherrichten-des-backcontainers-am-freitag\\\/\",\"url\":\"https:\\\/\\\/www.el-pan-alegre.org\\\/wordpress\\\/44-froehliches-saubermachenherrichten-des-backcontainers-am-freitag\\\/\",\"name\":\"Fr\u00f6hliches Saubermachen\\\/Herrichten des Backcontainers am Freitag - El Pan Alegre\",\"isPartOf\":{\"@id\":\"https:\\\/\\\/www.el-pan-alegre.org\\\/wordpress\\\/#website\"},\"primaryImageOfPage\":{\"@id\":\"https:\\\/\\\/www.el-pan-alegre.org\\\/wordpress\\\/44-froehliches-saubermachenherrichten-des-backcontainers-am-freitag\\\/#primaryimage\"},\"image\":{\"@id\":\"https:\\\/\\\/www.el-pan-alegre.org\\\/wordpress\\\/44-froehliches-saubermachenherrichten-des-backcontainers-am-freitag\\\/#primaryimage\"},\"thumbnailUrl\":\"https:\\\/\\\/www.el-pan-alegre.org\\\/wordpress\\\/wp-content\\\/uploads\\\/2012\\\/05\\\/SAM_1398.jpg\",\"datePublished\":\"2012-05-16T21:29:00+00:00\",\"dateModified\":\"2015-04-14T08:04:44+00:00\",\"author\":{\"@id\":\"https:\\\/\\\/www.el-pan-alegre.org\\\/wordpress\\\/#\\\/schema\\\/person\\\/a61ba0bec6094c61dbf9da4e4e4e5bfe\"},\"breadcrumb\":{\"@id\":\"https:\\\/\\\/www.el-pan-alegre.org\\\/wordpress\\\/44-froehliches-saubermachenherrichten-des-backcontainers-am-freitag\\\/#breadcrumb\"},\"inLanguage\":\"de\",\"potentialAction\":[{\"@type\":\"ReadAction\",\"target\":[\"https:\\\/\\\/www.el-pan-alegre.org\\\/wordpress\\\/44-froehliches-saubermachenherrichten-des-backcontainers-am-freitag\\\/\"]}]},{\"@type\":\"ImageObject\",\"inLanguage\":\"de\",\"@id\":\"https:\\\/\\\/www.el-pan-alegre.org\\\/wordpress\\\/44-froehliches-saubermachenherrichten-des-backcontainers-am-freitag\\\/#primaryimage\",\"url\":\"https:\\\/\\\/www.el-pan-alegre.org\\\/wordpress\\\/wp-content\\\/uploads\\\/2012\\\/05\\\/SAM_1398.jpg\",\"contentUrl\":\"https:\\\/\\\/www.el-pan-alegre.org\\\/wordpress\\\/wp-content\\\/uploads\\\/2012\\\/05\\\/SAM_1398.jpg\",\"width\":768,\"height\":1024},{\"@type\":\"BreadcrumbList\",\"@id\":\"https:\\\/\\\/www.el-pan-alegre.org\\\/wordpress\\\/44-froehliches-saubermachenherrichten-des-backcontainers-am-freitag\\\/#breadcrumb\",\"itemListElement\":[{\"@type\":\"ListItem\",\"position\":1,\"name\":\"Home\",\"item\":\"https:\\\/\\\/www.el-pan-alegre.org\\\/wordpress\\\/\"},{\"@type\":\"ListItem\",\"position\":2,\"name\":\"Fr\u00f6hliches Saubermachen\\\/Herrichten des Backcontainers am Freitag\"}]},{\"@type\":\"WebSite\",\"@id\":\"https:\\\/\\\/www.el-pan-alegre.org\\\/wordpress\\\/#website\",\"url\":\"https:\\\/\\\/www.el-pan-alegre.org\\\/wordpress\\\/\",\"name\":\"El Pan Alegre\",\"description\":\"Das Fr\u00f6hliche Brot\",\"potentialAction\":[{\"@type\":\"SearchAction\",\"target\":{\"@type\":\"EntryPoint\",\"urlTemplate\":\"https:\\\/\\\/www.el-pan-alegre.org\\\/wordpress\\\/?s={search_term_string}\"},\"query-input\":{\"@type\":\"PropertyValueSpecification\",\"valueRequired\":true,\"valueName\":\"search_term_string\"}}],\"inLanguage\":\"de\"},{\"@type\":\"Person\",\"@id\":\"https:\\\/\\\/www.el-pan-alegre.org\\\/wordpress\\\/#\\\/schema\\\/person\\\/a61ba0bec6094c61dbf9da4e4e4e5bfe\",\"name\":\"Anja Mocker\",\"image\":{\"@type\":\"ImageObject\",\"inLanguage\":\"de\",\"@id\":\"https:\\\/\\\/secure.gravatar.com\\\/avatar\\\/c283b0b556471cdaac4be59c661b13c1e141f08ca0dd2eb8f8d587262d7f04bb?s=96&d=identicon&r=g\",\"url\":\"https:\\\/\\\/secure.gravatar.com\\\/avatar\\\/c283b0b556471cdaac4be59c661b13c1e141f08ca0dd2eb8f8d587262d7f04bb?s=96&d=identicon&r=g\",\"contentUrl\":\"https:\\\/\\\/secure.gravatar.com\\\/avatar\\\/c283b0b556471cdaac4be59c661b13c1e141f08ca0dd2eb8f8d587262d7f04bb?s=96&d=identicon&r=g\",\"caption\":\"Anja Mocker\"},\"url\":\"https:\\\/\\\/www.el-pan-alegre.org\\\/wordpress\\\/author\\\/admin\\\/\"}]}<\/script>\n<!-- \/ Yoast SEO plugin. -->","yoast_head_json":{"title":"Fr\u00f6hliches Saubermachen\/Herrichten des Backcontainers am Freitag - El Pan Alegre","robots":{"index":"index","follow":"follow","max-snippet":"max-snippet:-1","max-image-preview":"max-image-preview:large","max-video-preview":"max-video-preview:-1"},"canonical":"https:\/\/www.el-pan-alegre.org\/wordpress\/44-froehliches-saubermachenherrichten-des-backcontainers-am-freitag\/","og_locale":"de_DE","og_type":"article","og_title":"Fr\u00f6hliches Saubermachen\/Herrichten des Backcontainers am Freitag - El Pan Alegre","og_description":"Ihr Lieben,&nbsp; am Freitag, den 18. Mai 2012 gehts los mit der &#8222;Fr\u00f6hlichen Putzaktion&#8220; der neuen Amaranth-Kinderb\u00e4ckerei in der Wuhlheide. Yipiiiii. Wer mitmachen will bei der Putzparty kann gegen 10 Uhr in die Wuhlheide, vor dem FEZ-Berlin kommen. Gr\u00fcnspan wegb\u00fcrsten, &hellip; Weiterlesen &rarr;","og_url":"https:\/\/www.el-pan-alegre.org\/wordpress\/44-froehliches-saubermachenherrichten-des-backcontainers-am-freitag\/","og_site_name":"El Pan Alegre","article_published_time":"2012-05-16T21:29:00+00:00","article_modified_time":"2015-04-14T08:04:44+00:00","og_image":[{"width":768,"height":1024,"url":"https:\/\/www.el-pan-alegre.org\/wordpress\/wp-content\/uploads\/2012\/05\/SAM_1398.jpg","type":"image\/jpeg"}],"author":"Anja Mocker","twitter_card":"summary_large_image","twitter_misc":{"Verfasst von":"Anja Mocker"},"schema":{"@context":"https:\/\/schema.org","@graph":[{"@type":"Article","@id":"https:\/\/www.el-pan-alegre.org\/wordpress\/44-froehliches-saubermachenherrichten-des-backcontainers-am-freitag\/#article","isPartOf":{"@id":"https:\/\/www.el-pan-alegre.org\/wordpress\/44-froehliches-saubermachenherrichten-des-backcontainers-am-freitag\/"},"author":{"name":"Anja Mocker","@id":"https:\/\/www.el-pan-alegre.org\/wordpress\/#\/schema\/person\/a61ba0bec6094c61dbf9da4e4e4e5bfe"},"headline":"Fr\u00f6hliches Saubermachen\/Herrichten des Backcontainers am Freitag","datePublished":"2012-05-16T21:29:00+00:00","dateModified":"2015-04-14T08:04:44+00:00","mainEntityOfPage":{"@id":"https:\/\/www.el-pan-alegre.org\/wordpress\/44-froehliches-saubermachenherrichten-des-backcontainers-am-freitag\/"},"wordCount":90,"commentCount":0,"image":{"@id":"https:\/\/www.el-pan-alegre.org\/wordpress\/44-froehliches-saubermachenherrichten-des-backcontainers-am-freitag\/#primaryimage"},"thumbnailUrl":"https:\/\/www.el-pan-alegre.org\/wordpress\/wp-content\/uploads\/2012\/05\/SAM_1398.jpg","articleSection":["Fr\u00f6hliche Amaranth-Kinderb\u00e4ckerei","Information","Verein"],"inLanguage":"de","potentialAction":[{"@type":"CommentAction","name":"Comment","target":["https:\/\/www.el-pan-alegre.org\/wordpress\/44-froehliches-saubermachenherrichten-des-backcontainers-am-freitag\/#respond"]}]},{"@type":"WebPage","@id":"https:\/\/www.el-pan-alegre.org\/wordpress\/44-froehliches-saubermachenherrichten-des-backcontainers-am-freitag\/","url":"https:\/\/www.el-pan-alegre.org\/wordpress\/44-froehliches-saubermachenherrichten-des-backcontainers-am-freitag\/","name":"Fr\u00f6hliches Saubermachen\/Herrichten des Backcontainers am Freitag - El Pan Alegre","isPartOf":{"@id":"https:\/\/www.el-pan-alegre.org\/wordpress\/#website"},"primaryImageOfPage":{"@id":"https:\/\/www.el-pan-alegre.org\/wordpress\/44-froehliches-saubermachenherrichten-des-backcontainers-am-freitag\/#primaryimage"},"image":{"@id":"https:\/\/www.el-pan-alegre.org\/wordpress\/44-froehliches-saubermachenherrichten-des-backcontainers-am-freitag\/#primaryimage"},"thumbnailUrl":"https:\/\/www.el-pan-alegre.org\/wordpress\/wp-content\/uploads\/2012\/05\/SAM_1398.jpg","datePublished":"2012-05-16T21:29:00+00:00","dateModified":"2015-04-14T08:04:44+00:00","author":{"@id":"https:\/\/www.el-pan-alegre.org\/wordpress\/#\/schema\/person\/a61ba0bec6094c61dbf9da4e4e4e5bfe"},"breadcrumb":{"@id":"https:\/\/www.el-pan-alegre.org\/wordpress\/44-froehliches-saubermachenherrichten-des-backcontainers-am-freitag\/#breadcrumb"},"inLanguage":"de","potentialAction":[{"@type":"ReadAction","target":["https:\/\/www.el-pan-alegre.org\/wordpress\/44-froehliches-saubermachenherrichten-des-backcontainers-am-freitag\/"]}]},{"@type":"ImageObject","inLanguage":"de","@id":"https:\/\/www.el-pan-alegre.org\/wordpress\/44-froehliches-saubermachenherrichten-des-backcontainers-am-freitag\/#primaryimage","url":"https:\/\/www.el-pan-alegre.org\/wordpress\/wp-content\/uploads\/2012\/05\/SAM_1398.jpg","contentUrl":"https:\/\/www.el-pan-alegre.org\/wordpress\/wp-content\/uploads\/2012\/05\/SAM_1398.jpg","width":768,"height":1024},{"@type":"BreadcrumbList","@id":"https:\/\/www.el-pan-alegre.org\/wordpress\/44-froehliches-saubermachenherrichten-des-backcontainers-am-freitag\/#breadcrumb","itemListElement":[{"@type":"ListItem","position":1,"name":"Home","item":"https:\/\/www.el-pan-alegre.org\/wordpress\/"},{"@type":"ListItem","position":2,"name":"Fr\u00f6hliches Saubermachen\/Herrichten des Backcontainers am Freitag"}]},{"@type":"WebSite","@id":"https:\/\/www.el-pan-alegre.org\/wordpress\/#website","url":"https:\/\/www.el-pan-alegre.org\/wordpress\/","name":"El Pan Alegre","description":"Das Fr\u00f6hliche Brot","potentialAction":[{"@type":"SearchAction","target":{"@type":"EntryPoint","urlTemplate":"https:\/\/www.el-pan-alegre.org\/wordpress\/?s={search_term_string}"},"query-input":{"@type":"PropertyValueSpecification","valueRequired":true,"valueName":"search_term_string"}}],"inLanguage":"de"},{"@type":"Person","@id":"https:\/\/www.el-pan-alegre.org\/wordpress\/#\/schema\/person\/a61ba0bec6094c61dbf9da4e4e4e5bfe","name":"Anja Mocker","image":{"@type":"ImageObject","inLanguage":"de","@id":"https:\/\/secure.gravatar.com\/avatar\/c283b0b556471cdaac4be59c661b13c1e141f08ca0dd2eb8f8d587262d7f04bb?s=96&d=identicon&r=g","url":"https:\/\/secure.gravatar.com\/avatar\/c283b0b556471cdaac4be59c661b13c1e141f08ca0dd2eb8f8d587262d7f04bb?s=96&d=identicon&r=g","contentUrl":"https:\/\/secure.gravatar.com\/avatar\/c283b0b556471cdaac4be59c661b13c1e141f08ca0dd2eb8f8d587262d7f04bb?s=96&d=identicon&r=g","caption":"Anja Mocker"},"url":"https:\/\/www.el-pan-alegre.org\/wordpress\/author\/admin\/"}]}},"jetpack_publicize_connections":[],"jetpack_featured_media_url":"https:\/\/www.el-pan-alegre.org\/wordpress\/wp-content\/uploads\/2012\/05\/SAM_1398.jpg","jetpack_sharing_enabled":true,"jetpack_shortlink":"https:\/\/wp.me\/p62TDh-I","jetpack-related-posts":[{"id":30,"url":"https:\/\/www.el-pan-alegre.org\/wordpress\/30-fantastisches-2012-willkommen-2013\/","url_meta":{"origin":44,"position":0},"title":"Fantastisches 2012 \/ Willkommen 2013!","author":"Anja Mocker","date":"31. Dezember 2012","format":false,"excerpt":"Fr\u00f6hliche Gr\u00fc\u00dfe f\u00fcr das neue Jahr voller Wunder, Gl\u00fcck, Zufriedenheit, Gesundheit und Erfolg auf allen Ebenen! Ein spannendes Jahr liegt hinter uns. Die Fr\u00f6hliche Amaranth-Kinderb\u00e4ckerei wird jedem Kind, das in die Wuhlheide gekommen ist, in freudiger Erinnerung bleiben. Das Paradies Wuhlheide f\u00e4ngt an sich zu regen und zu entwickeln. Viele\u2026","rel":"","context":"In &quot;Information&quot;","block_context":{"text":"Information","link":"https:\/\/www.el-pan-alegre.org\/wordpress\/kategorie\/information\/"},"img":{"alt_text":"","src":"https:\/\/i0.wp.com\/www.el-pan-alegre.org\/wordpress\/wp-content\/uploads\/2012\/12\/das_froehliche_brot.jpg?resize=350%2C200&ssl=1","width":350,"height":200,"srcset":"https:\/\/i0.wp.com\/www.el-pan-alegre.org\/wordpress\/wp-content\/uploads\/2012\/12\/das_froehliche_brot.jpg?resize=350%2C200&ssl=1 1x, https:\/\/i0.wp.com\/www.el-pan-alegre.org\/wordpress\/wp-content\/uploads\/2012\/12\/das_froehliche_brot.jpg?resize=525%2C300&ssl=1 1.5x"},"classes":[]},{"id":39,"url":"https:\/\/www.el-pan-alegre.org\/wordpress\/39-offener-brief-zur-eroeffnung-der-froehlichen-amaranth-kinderbaeckerei\/","url_meta":{"origin":44,"position":1},"title":"Offener Brief zur Er\u00f6ffnung der &#8222;Fr\u00f6hlichen Amaranth-Kinderb\u00e4ckerei&#8220;","author":"Anja Mocker","date":"29. Mai 2012","format":false,"excerpt":"FR\u00d6HLICH, STARK UND SCHLAU MIT AMARANTH! Zum Internationalen Kindertag \u00f6ffnet sie ihre T\u00fcren: \"Die Fr\u00f6hliche Amaranth-Kinderb\u00e4ckerei\" im FEZ-Berlin, Europas gr\u00f6\u00dftem Freizeit- und Bildungszentrum f\u00fcr Kinder, Jugendliche und Familien! Von Juni bis September in einem Solar-Container (gesponsert von der Firma Solar Lifestyle), jedoch schon ab 2013 fest mit einer zentralen baulichen\u2026","rel":"","context":"In &quot;F\u00f6rderung&quot;","block_context":{"text":"F\u00f6rderung","link":"https:\/\/www.el-pan-alegre.org\/wordpress\/kategorie\/foerderung\/"},"img":{"alt_text":"01","src":"https:\/\/i0.wp.com\/www.el-pan-alegre.org\/wordpress\/wp-content\/uploads\/2012\/05\/01-261x300.jpg?resize=350%2C200","width":350,"height":200},"classes":[]},{"id":46,"url":"https:\/\/www.el-pan-alegre.org\/wordpress\/46-auf-dem-weg-zur-froehlichen-amaranth-kinderbaeckerei\/","url_meta":{"origin":44,"position":2},"title":"Auf dem Weg zur &#8222;Fr\u00f6hlichen Amaranth-Kinderb\u00e4ckerei&#8220; &#8230;","author":"Anja Mocker","date":"9. Mai 2012","format":false,"excerpt":"Hurraaa, da ist er: der Solar-Container, der - bis zum Bau am endg\u00fcltigen Standort - f\u00fcr vier Monate unsere \"Fr\u00f6hliche Amaranth-Kinderb\u00e4ckerei\" vor dem FEZ-Berlin in der Wuhlheide beherbergen soll!Ein dickes Dankesch\u00f6n an den Sponsor Sepp Fiedler von Solar Lifestyle daf\u00fcr, dass er uns seinen Container den Sommer \u00fcber zur Verf\u00fcgung\u2026","rel":"","context":"In &quot;Amaranth&quot;","block_context":{"text":"Amaranth","link":"https:\/\/www.el-pan-alegre.org\/wordpress\/kategorie\/amaranth\/"},"img":{"alt_text":"","src":"https:\/\/i0.wp.com\/www.el-pan-alegre.org\/wordpress\/wp-content\/uploads\/2012\/05\/SAM_1336.jpg?resize=350%2C200&ssl=1","width":350,"height":200,"srcset":"https:\/\/i0.wp.com\/www.el-pan-alegre.org\/wordpress\/wp-content\/uploads\/2012\/05\/SAM_1336.jpg?resize=350%2C200&ssl=1 1x, https:\/\/i0.wp.com\/www.el-pan-alegre.org\/wordpress\/wp-content\/uploads\/2012\/05\/SAM_1336.jpg?resize=525%2C300&ssl=1 1.5x, https:\/\/i0.wp.com\/www.el-pan-alegre.org\/wordpress\/wp-content\/uploads\/2012\/05\/SAM_1336.jpg?resize=700%2C400&ssl=1 2x"},"classes":[]},{"id":31,"url":"https:\/\/www.el-pan-alegre.org\/wordpress\/31-einladung-zum-erntefest-29-30-09-12\/","url_meta":{"origin":44,"position":3},"title":"EINLADUNG ZUM ERNTEFEST 29.+30.09.12","author":"Anja Mocker","date":"30. August 2012","format":false,"excerpt":"Am Wochenende des 29. und 30.09.12 wird in der \"Fr\u00f6hlichen Amaranth-Kinderb\u00e4ckerei\" noch einmal die lange Zeit vergessene alte Kulturpflanze Amaranth mit all ihren Qualit\u00e4ten und kulinarischen Verwendungsm\u00f6glichkeiten im Mittelpunkt stehen. \u00a0 Mit ihren Familien lernen die Kinder die spannende Geschichte des kleinen Amaranthkorns kennen und finden heraus, woher seine Riesenkr\u00e4fte\u2026","rel":"","context":"In &quot;Amaranth&quot;","block_context":{"text":"Amaranth","link":"https:\/\/www.el-pan-alegre.org\/wordpress\/kategorie\/amaranth\/"},"img":{"alt_text":"","src":"https:\/\/i0.wp.com\/www.el-pan-alegre.org\/wordpress\/wp-content\/uploads\/2012\/08\/Die_Froehliche_Amaranthkinderbaeckerei.jpg?resize=350%2C200&ssl=1","width":350,"height":200,"srcset":"https:\/\/i0.wp.com\/www.el-pan-alegre.org\/wordpress\/wp-content\/uploads\/2012\/08\/Die_Froehliche_Amaranthkinderbaeckerei.jpg?resize=350%2C200&ssl=1 1x, https:\/\/i0.wp.com\/www.el-pan-alegre.org\/wordpress\/wp-content\/uploads\/2012\/08\/Die_Froehliche_Amaranthkinderbaeckerei.jpg?resize=525%2C300&ssl=1 1.5x"},"classes":[]},{"id":33,"url":"https:\/\/www.el-pan-alegre.org\/wordpress\/33-neu-in-fezitty-die-amaranth-keksbaeckerei\/","url_meta":{"origin":44,"position":4},"title":"NEU IN FEZITTY: Die Amaranth-Keksb\u00e4ckerei!","author":"Anja Mocker","date":"17. Juli 2012","format":false,"excerpt":"Noch zweieinhalb Wochen lang regieren in der Wuhlheide die Kinder in ihrer Hauptstadt: das FEZ hat sich wieder in die FEZitty verwandelt, die Sommerferien-Spielstadt! In diesem Jahr gibt es - dank einer F\u00f6rderung des Deutschen Kinderhilfswerks und der Unterst\u00fctzung der K\u00f6penicker B\u00e4ckerei und Konditorei Jaenichen - zwei neue Berufe, f\u00fcr\u2026","rel":"","context":"In &quot;Amaranth&quot;","block_context":{"text":"Amaranth","link":"https:\/\/www.el-pan-alegre.org\/wordpress\/kategorie\/amaranth\/"},"img":{"alt_text":"","src":"https:\/\/i0.wp.com\/www.el-pan-alegre.org\/wordpress\/wp-content\/uploads\/2012\/07\/01.jpg?resize=350%2C200&ssl=1","width":350,"height":200,"srcset":"https:\/\/i0.wp.com\/www.el-pan-alegre.org\/wordpress\/wp-content\/uploads\/2012\/07\/01.jpg?resize=350%2C200&ssl=1 1x, https:\/\/i0.wp.com\/www.el-pan-alegre.org\/wordpress\/wp-content\/uploads\/2012\/07\/01.jpg?resize=525%2C300&ssl=1 1.5x, https:\/\/i0.wp.com\/www.el-pan-alegre.org\/wordpress\/wp-content\/uploads\/2012\/07\/01.jpg?resize=700%2C400&ssl=1 2x"},"classes":[]},{"id":37,"url":"https:\/\/www.el-pan-alegre.org\/wordpress\/37-eroeffnung-der-froehlichen-amaranth-kinderbaeckerei-diashow-inauguracion-de-la-panaderia-infantil-alegre-de-amaranto-las-fotos\/","url_meta":{"origin":44,"position":5},"title":"ER\u00d6FFNUNG der &#8222;Fr\u00f6hlichen Amaranth-Kinderb\u00e4ckerei&#8220;: Diashow \/ INAUGURACI\u00d3N de la Panader\u00eda Infantil Alegre de Amaranto: las fotos","author":"Anja Mocker","date":"16. Juni 2012","format":false,"excerpt":"Zum Gelingen der Er\u00f6ffnung haben ganz viele Menschen beigetragen, ihnen allen an dieser Stelle unseren herzlichsten Dank, insbesondere... an KARSTEN SCHAALE, den superengagierten Kinderb\u00e4ckerkoch, der mit seinem Wissen, seiner Erfahrung und seinen k\u00f6stlichen Rezept-Neuerfindungen unseren Erfolg am Kindertag erst richtig m\u00f6glich und rund gemacht hat! \u00a0 Einer blieb bislang noch\u2026","rel":"","context":"In &quot;Amaranth&quot;","block_context":{"text":"Amaranth","link":"https:\/\/www.el-pan-alegre.org\/wordpress\/kategorie\/amaranth\/"},"img":{"alt_text":"","src":"https:\/\/i0.wp.com\/www.el-pan-alegre.org\/wordpress\/wp-content\/uploads\/2012\/06\/SAM_1847.jpg?resize=350%2C200&ssl=1","width":350,"height":200,"srcset":"https:\/\/i0.wp.com\/www.el-pan-alegre.org\/wordpress\/wp-content\/uploads\/2012\/06\/SAM_1847.jpg?resize=350%2C200&ssl=1 1x, https:\/\/i0.wp.com\/www.el-pan-alegre.org\/wordpress\/wp-content\/uploads\/2012\/06\/SAM_1847.jpg?resize=525%2C300&ssl=1 1.5x, https:\/\/i0.wp.com\/www.el-pan-alegre.org\/wordpress\/wp-content\/uploads\/2012\/06\/SAM_1847.jpg?resize=700%2C400&ssl=1 2x"},"classes":[]}],"_links":{"self":[{"href":"https:\/\/www.el-pan-alegre.org\/wordpress\/wp-json\/wp\/v2\/posts\/44","targetHints":{"allow":["GET"]}}],"collection":[{"href":"https:\/\/www.el-pan-alegre.org\/wordpress\/wp-json\/wp\/v2\/posts"}],"about":[{"href":"https:\/\/www.el-pan-alegre.org\/wordpress\/wp-json\/wp\/v2\/types\/post"}],"author":[{"embeddable":true,"href":"https:\/\/www.el-pan-alegre.org\/wordpress\/wp-json\/wp\/v2\/users\/1"}],"replies":[{"embeddable":true,"href":"https:\/\/www.el-pan-alegre.org\/wordpress\/wp-json\/wp\/v2\/comments?post=44"}],"version-history":[{"count":0,"href":"https:\/\/www.el-pan-alegre.org\/wordpress\/wp-json\/wp\/v2\/posts\/44\/revisions"}],"wp:featuredmedia":[{"embeddable":true,"href":"https:\/\/www.el-pan-alegre.org\/wordpress\/wp-json\/wp\/v2\/media\/260"}],"wp:attachment":[{"href":"https:\/\/www.el-pan-alegre.org\/wordpress\/wp-json\/wp\/v2\/media?parent=44"}],"wp:term":[{"taxonomy":"category","embeddable":true,"href":"https:\/\/www.el-pan-alegre.org\/wordpress\/wp-json\/wp\/v2\/categories?post=44"},{"taxonomy":"post_tag","embeddable":true,"href":"https:\/\/www.el-pan-alegre.org\/wordpress\/wp-json\/wp\/v2\/tags?post=44"}],"curies":[{"name":"wp","href":"https:\/\/api.w.org\/{rel}","templated":true}]}}