{"id":42,"date":"2012-05-28T17:16:00","date_gmt":"2012-05-28T15:16:00","guid":{"rendered":"http:\/\/www.el-pan-alegre.org\/wordpress\/42-spannender-mai-in-allen-arbeitsbereichen\/"},"modified":"2017-10-31T00:19:43","modified_gmt":"2017-10-30T23:19:43","slug":"spannender-mai-in-allen-arbeitsbereichen","status":"publish","type":"post","link":"https:\/\/www.el-pan-alegre.org\/wordpress\/42-spannender-mai-in-allen-arbeitsbereichen\/","title":{"rendered":"Spannender Mai"},"content":{"rendered":"<div style=\"font-family: Georgia,'Times New Roman',serif;\"><span style=\"font-size: large;\">Auch ohne die Vorbereitungen zur Er\u00f6ffnung unserer &#8222;Fr\u00f6hlichen Amaranth-Kinderb\u00e4ckerei&#8220; mitzuz\u00e4hlen (s. auch n\u00e4chster Blogeintrag), liegt eine spannende Woche hinter uns! Hier ein paar schnelle Details:<\/span><\/div>\n<div style=\"font-family: Georgia,'Times New Roman',serif;\"><\/div>\n<div style=\"font-family: Georgia,'Times New Roman',serif;\"><\/div>\n<p><!--more--><\/p>\n<div style=\"font-family: Georgia,'Times New Roman',serif;\"><span style=\"font-size: large;\">\u00a0<\/span><\/div>\n<div style=\"font-family: Georgia,'Times New Roman',serif;\"><span style=\"font-size: large;\">* am Dienstag in der FEZ-Gesamtteamsitzung die Vorstellung der <b>ersten Schulprojektwoche in Sachen <i>Bildung f\u00fcr nachhaltige Entwicklung (BNE)<\/i><\/b> <b>&#8222;<a href=\"http:\/\/www.el-pan-alegre.org\/FEZ-BNE-PW_ANGEBOTE_Stand16.05.12.pdf\" target=\"_blank\" rel=\"noopener\">Nachhaltig stark und schlau!<\/a>&#8220; (5.-7.6.12)<\/b>, mit der das FEZ und unser Verein den Auftakt setzen f\u00fcr einen \u00fcber drei Jahre gehenden BNE-Projektwochen-Zyklus f\u00fcr Grundschulen (4.-6. Klasse, n\u00e4chste Projektwoche: 25.-27.09.12 &#8211; rechtzeitig anmelden!); an dieser Stelle auch gleich ein dickes Dankesch\u00f6n an Eva Kulla, die zust\u00e4ndige Fachfrau im FEZ-Leitungsteam, f\u00fcr die wieder einmal wunderbare Zusammenarbeit!!<\/span><\/div>\n<div style=\"font-family: Georgia,'Times New Roman',serif;\"><span style=\"font-size: large;\">\u00a0<\/span><\/div>\n<div style=\"font-family: Georgia,'Times New Roman',serif;\"><span style=\"font-size: large;\">* am Mittwoch das <b>2. Arbeitstreffen<\/b> der <a href=\"http:\/\/www.el-pan-alegre.org\/bilder\/Paradies-Wuhlheide_Gruppenfoto.JPG\" target=\"_blank\" rel=\"noopener\">KernakteurInnen<\/a>, die gerade den partizipativen Entwicklungsprozess hin zum Gemeinschafts-<b><i>&#8222;Paradies Wuhlheide&#8220;<\/i><\/b>, <\/span><span style=\"font-size: large;\">Kreativpark f\u00fcr nachhaltiges Leben und Wirtschaften in der Gro\u00dfstadt,<\/span><span style=\"font-size: large;\"> anschieben (Detail-Infos mit Einladung zum Mitmachen sind in Arbeit und k\u00f6nnen zun\u00e4chst einmal bei Pro Wuhlheide e.V., beim FEZ-Berlin, bei uns und bei der Lokalen Agenda 21 Treptow-K\u00f6penick abgefragt werden); <\/span><\/div>\n<div style=\"font-family: Georgia,'Times New Roman',serif;\"><span style=\"font-size: large;\">\u00a0<\/span><\/div>\n<p><span style=\"font-size: large;\"><span style=\"font-family: Georgia,'Times New Roman',serif;\">* am Donnerstag der dritte <\/span><b style=\"font-family: Georgia,'Times New Roman',serif;\">Amaranth-Honig-Workshop<\/b><span style=\"font-family: Georgia,'Times New Roman',serif;\"> in diesem Jahr, in Zusammenarbeit mit Kriemhild Stephan, der Imkerin des <b>FEZ-Bienenhofes<\/b>, diesmal mit der Aufbau-Klasse &#8222;Deutsch als Zweitsprache&#8220; der <b>Sophie-Brahe-Gemeinschaftsschule in Treptow-K\u00f6penick<\/b> (Alter der Kinder und Jugendlichen, die teilgenommen haben: 12 bis 17 Jahre).\u00a0<\/span><br \/>\n<span style=\"font-size: large;\"><span style=\"font-family: Georgia,'Times New Roman',serif;\">Ein herzliches Dankesch\u00f6n auch hier: an unser Vereinsmitglied Dr. Doris Wollgien-Hahn (Fachgebiet: ganzheitliche Ern\u00e4hrung f\u00fcr Mensch&amp;Tier) f\u00fcr ihre engagierte Unterst\u00fctzung und Mitarbeit, an Kriemhild Stephan f\u00fcr das wieder so harmonische &#8222;Zusammenspiel&#8220; und insbesondere an die Sch\u00fclerInnen, LehrerInnen und ErzieherInnen der Sophie-Brahe-Schule, deren verschiedene Klassen in diesem Mai nun schon zum dritten Mal so neugierig und engagiert mit uns gearbeitet haben! Wir freuen uns auf die Fortsetzung!<\/span><\/span><\/span><\/p>\n<p><a style=\"clear: right; float: right; margin-bottom: 1em; margin-left: 1em;\" href=\"http:\/\/www.el-pan-alegre.org\/wordpress\/wp-content\/uploads\/2012\/05\/SAM_1536.jpg\"><img loading=\"lazy\" decoding=\"async\" src=\"http:\/\/www.el-pan-alegre.org\/wordpress\/wp-content\/uploads\/2012\/05\/SAM_1536-300x216.jpg\" alt=\"\" width=\"200\" height=\"143\" border=\"0\" \/><\/a><a style=\"clear: left; float: left; margin-bottom: 1em; margin-right: 1em;\" href=\"http:\/\/www.el-pan-alegre.org\/wordpress\/wp-content\/uploads\/2012\/05\/SAM_1535.jpg\"><img loading=\"lazy\" decoding=\"async\" src=\"http:\/\/www.el-pan-alegre.org\/wordpress\/wp-content\/uploads\/2012\/05\/SAM_1535-300x238.jpg\" alt=\"\" width=\"200\" height=\"158\" border=\"0\" \/><\/a><br \/>\n<a style=\"clear: left; float: left; margin-bottom: 1em; margin-right: 1em;\" href=\"http:\/\/www.el-pan-alegre.org\/wordpress\/wp-content\/uploads\/2012\/05\/SAM_1575.jpg\"><img loading=\"lazy\" decoding=\"async\" src=\"http:\/\/www.el-pan-alegre.org\/wordpress\/wp-content\/uploads\/2012\/05\/SAM_1575-300x225.jpg\" alt=\"\" width=\"200\" height=\"150\" border=\"0\" \/><\/a><br \/>\n<a style=\"clear: right; float: right; margin-bottom: 1em; margin-left: 1em;\" href=\"http:\/\/www.el-pan-alegre.org\/wordpress\/wp-content\/uploads\/2012\/05\/SAM_1581.jpg\"><img loading=\"lazy\" decoding=\"async\" src=\"http:\/\/www.el-pan-alegre.org\/wordpress\/wp-content\/uploads\/2012\/05\/SAM_1581-258x300.jpg\" alt=\"\" width=\"171\" height=\"200\" border=\"0\" \/><\/a><br \/>\n<span style=\"font-size: large;\"><br \/>\n<\/span><br \/>\n<span style=\"font-size: large;\"><br \/>\n<\/span><\/p>\n<div style=\"text-align: center;\"><\/div>\n<div style=\"text-align: center;\"><\/div>\n<div style=\"text-align: center;\"><\/div>\n<div style=\"text-align: center;\"><\/div>\n<div style=\"text-align: center;\"><\/div>\n<div style=\"text-align: center;\"><\/div>\n<div style=\"text-align: center;\"><span style=\"font-size: x-small;\">(Fotos: En Buenas Manos e.V.)\u00a0<\/span><\/div>\n<div style=\"text-align: center;\"><span style=\"font-size: x-small;\">\u00a0<\/span><\/div>\n<div style=\"color: red; text-align: center;\"><span style=\"font-size: x-large;\"><b>* * * <\/b><\/span><\/div>\n","protected":false},"excerpt":{"rendered":"<p>Auch ohne die Vorbereitungen zur Er\u00f6ffnung unserer &#8222;Fr\u00f6hlichen Amaranth-Kinderb\u00e4ckerei&#8220; mitzuz\u00e4hlen (s. auch n\u00e4chster Blogeintrag), liegt eine spannende Woche hinter uns! Hier ein paar schnelle Details:<\/p>\n","protected":false},"author":1,"featured_media":252,"comment_status":"open","ping_status":"open","sticky":false,"template":"","format":"standard","meta":{"jetpack_post_was_ever_published":false,"_jetpack_newsletter_access":"","_jetpack_dont_email_post_to_subs":false,"_jetpack_newsletter_tier_id":0,"_jetpack_memberships_contains_paywalled_content":false,"_jetpack_memberships_contains_paid_content":false,"footnotes":"","jetpack_publicize_message":"","jetpack_publicize_feature_enabled":true,"jetpack_social_post_already_shared":false,"jetpack_social_options":{"image_generator_settings":{"template":"highway","default_image_id":0,"font":"","enabled":false},"version":2}},"categories":[10,9,19,23,6,5,24,15,4],"tags":[],"class_list":["post-42","post","type-post","status-publish","format-standard","has-post-thumbnail","hentry","category-biogas","category-fez","category-fez-berlin-oeko-insel","category-fotos","category-information","category-kommunikation","category-paradies-wuhlheide","category-schulen","category-veranstaltung"],"yoast_head":"<!-- This site is optimized with the Yoast SEO plugin v27.5 - https:\/\/yoast.com\/product\/yoast-seo-wordpress\/ -->\n<title>Spannender Mai - El Pan Alegre<\/title>\n<meta name=\"robots\" content=\"index, follow, max-snippet:-1, max-image-preview:large, max-video-preview:-1\" \/>\n<link rel=\"canonical\" href=\"https:\/\/www.el-pan-alegre.org\/wordpress\/42-spannender-mai-in-allen-arbeitsbereichen\/\" \/>\n<meta property=\"og:locale\" content=\"de_DE\" \/>\n<meta property=\"og:type\" content=\"article\" \/>\n<meta property=\"og:title\" content=\"Spannender Mai - El Pan Alegre\" \/>\n<meta property=\"og:description\" content=\"Auch ohne die Vorbereitungen zur Er\u00f6ffnung unserer &#8222;Fr\u00f6hlichen Amaranth-Kinderb\u00e4ckerei&#8220; mitzuz\u00e4hlen (s. auch n\u00e4chster Blogeintrag), liegt eine spannende Woche hinter uns! Hier ein paar schnelle Details:\" \/>\n<meta property=\"og:url\" content=\"https:\/\/www.el-pan-alegre.org\/wordpress\/42-spannender-mai-in-allen-arbeitsbereichen\/\" \/>\n<meta property=\"og:site_name\" content=\"El Pan Alegre\" \/>\n<meta property=\"article:published_time\" content=\"2012-05-28T15:16:00+00:00\" \/>\n<meta property=\"article:modified_time\" content=\"2017-10-30T23:19:43+00:00\" \/>\n<meta property=\"og:image\" content=\"https:\/\/www.el-pan-alegre.org\/wordpress\/wp-content\/uploads\/2012\/05\/SAM_1536.jpg\" \/>\n\t<meta property=\"og:image:width\" content=\"1024\" \/>\n\t<meta property=\"og:image:height\" content=\"737\" \/>\n\t<meta property=\"og:image:type\" content=\"image\/jpeg\" \/>\n<meta name=\"author\" content=\"Anja Mocker\" \/>\n<meta name=\"twitter:card\" content=\"summary_large_image\" \/>\n<meta name=\"twitter:label1\" content=\"Verfasst von\" \/>\n\t<meta name=\"twitter:data1\" content=\"Anja Mocker\" \/>\n\t<meta name=\"twitter:label2\" content=\"Gesch\u00e4tzte Lesezeit\" \/>\n\t<meta name=\"twitter:data2\" content=\"1\u00a0Minute\" \/>\n<script type=\"application\/ld+json\" class=\"yoast-schema-graph\">{\"@context\":\"https:\\\/\\\/schema.org\",\"@graph\":[{\"@type\":\"Article\",\"@id\":\"https:\\\/\\\/www.el-pan-alegre.org\\\/wordpress\\\/42-spannender-mai-in-allen-arbeitsbereichen\\\/#article\",\"isPartOf\":{\"@id\":\"https:\\\/\\\/www.el-pan-alegre.org\\\/wordpress\\\/42-spannender-mai-in-allen-arbeitsbereichen\\\/\"},\"author\":{\"name\":\"Anja Mocker\",\"@id\":\"https:\\\/\\\/www.el-pan-alegre.org\\\/wordpress\\\/#\\\/schema\\\/person\\\/a61ba0bec6094c61dbf9da4e4e4e5bfe\"},\"headline\":\"Spannender Mai\",\"datePublished\":\"2012-05-28T15:16:00+00:00\",\"dateModified\":\"2017-10-30T23:19:43+00:00\",\"mainEntityOfPage\":{\"@id\":\"https:\\\/\\\/www.el-pan-alegre.org\\\/wordpress\\\/42-spannender-mai-in-allen-arbeitsbereichen\\\/\"},\"wordCount\":290,\"commentCount\":0,\"image\":{\"@id\":\"https:\\\/\\\/www.el-pan-alegre.org\\\/wordpress\\\/42-spannender-mai-in-allen-arbeitsbereichen\\\/#primaryimage\"},\"thumbnailUrl\":\"https:\\\/\\\/www.el-pan-alegre.org\\\/wordpress\\\/wp-content\\\/uploads\\\/2012\\\/05\\\/SAM_1536.jpg\",\"articleSection\":[\"Biogas\",\"FEZ\",\"FEZ-Berlin \u00d6ko-Insel\",\"Fotos\",\"Information\",\"Kommunikation\",\"Paradies Wuhlheide\",\"Schulen\",\"Veranstaltung\"],\"inLanguage\":\"de\",\"potentialAction\":[{\"@type\":\"CommentAction\",\"name\":\"Comment\",\"target\":[\"https:\\\/\\\/www.el-pan-alegre.org\\\/wordpress\\\/42-spannender-mai-in-allen-arbeitsbereichen\\\/#respond\"]}]},{\"@type\":\"WebPage\",\"@id\":\"https:\\\/\\\/www.el-pan-alegre.org\\\/wordpress\\\/42-spannender-mai-in-allen-arbeitsbereichen\\\/\",\"url\":\"https:\\\/\\\/www.el-pan-alegre.org\\\/wordpress\\\/42-spannender-mai-in-allen-arbeitsbereichen\\\/\",\"name\":\"Spannender Mai - El Pan Alegre\",\"isPartOf\":{\"@id\":\"https:\\\/\\\/www.el-pan-alegre.org\\\/wordpress\\\/#website\"},\"primaryImageOfPage\":{\"@id\":\"https:\\\/\\\/www.el-pan-alegre.org\\\/wordpress\\\/42-spannender-mai-in-allen-arbeitsbereichen\\\/#primaryimage\"},\"image\":{\"@id\":\"https:\\\/\\\/www.el-pan-alegre.org\\\/wordpress\\\/42-spannender-mai-in-allen-arbeitsbereichen\\\/#primaryimage\"},\"thumbnailUrl\":\"https:\\\/\\\/www.el-pan-alegre.org\\\/wordpress\\\/wp-content\\\/uploads\\\/2012\\\/05\\\/SAM_1536.jpg\",\"datePublished\":\"2012-05-28T15:16:00+00:00\",\"dateModified\":\"2017-10-30T23:19:43+00:00\",\"author\":{\"@id\":\"https:\\\/\\\/www.el-pan-alegre.org\\\/wordpress\\\/#\\\/schema\\\/person\\\/a61ba0bec6094c61dbf9da4e4e4e5bfe\"},\"breadcrumb\":{\"@id\":\"https:\\\/\\\/www.el-pan-alegre.org\\\/wordpress\\\/42-spannender-mai-in-allen-arbeitsbereichen\\\/#breadcrumb\"},\"inLanguage\":\"de\",\"potentialAction\":[{\"@type\":\"ReadAction\",\"target\":[\"https:\\\/\\\/www.el-pan-alegre.org\\\/wordpress\\\/42-spannender-mai-in-allen-arbeitsbereichen\\\/\"]}]},{\"@type\":\"ImageObject\",\"inLanguage\":\"de\",\"@id\":\"https:\\\/\\\/www.el-pan-alegre.org\\\/wordpress\\\/42-spannender-mai-in-allen-arbeitsbereichen\\\/#primaryimage\",\"url\":\"https:\\\/\\\/www.el-pan-alegre.org\\\/wordpress\\\/wp-content\\\/uploads\\\/2012\\\/05\\\/SAM_1536.jpg\",\"contentUrl\":\"https:\\\/\\\/www.el-pan-alegre.org\\\/wordpress\\\/wp-content\\\/uploads\\\/2012\\\/05\\\/SAM_1536.jpg\",\"width\":1024,\"height\":737},{\"@type\":\"BreadcrumbList\",\"@id\":\"https:\\\/\\\/www.el-pan-alegre.org\\\/wordpress\\\/42-spannender-mai-in-allen-arbeitsbereichen\\\/#breadcrumb\",\"itemListElement\":[{\"@type\":\"ListItem\",\"position\":1,\"name\":\"Home\",\"item\":\"https:\\\/\\\/www.el-pan-alegre.org\\\/wordpress\\\/\"},{\"@type\":\"ListItem\",\"position\":2,\"name\":\"Spannender Mai\"}]},{\"@type\":\"WebSite\",\"@id\":\"https:\\\/\\\/www.el-pan-alegre.org\\\/wordpress\\\/#website\",\"url\":\"https:\\\/\\\/www.el-pan-alegre.org\\\/wordpress\\\/\",\"name\":\"El Pan Alegre\",\"description\":\"Das Fr\u00f6hliche Brot\",\"potentialAction\":[{\"@type\":\"SearchAction\",\"target\":{\"@type\":\"EntryPoint\",\"urlTemplate\":\"https:\\\/\\\/www.el-pan-alegre.org\\\/wordpress\\\/?s={search_term_string}\"},\"query-input\":{\"@type\":\"PropertyValueSpecification\",\"valueRequired\":true,\"valueName\":\"search_term_string\"}}],\"inLanguage\":\"de\"},{\"@type\":\"Person\",\"@id\":\"https:\\\/\\\/www.el-pan-alegre.org\\\/wordpress\\\/#\\\/schema\\\/person\\\/a61ba0bec6094c61dbf9da4e4e4e5bfe\",\"name\":\"Anja Mocker\",\"image\":{\"@type\":\"ImageObject\",\"inLanguage\":\"de\",\"@id\":\"https:\\\/\\\/secure.gravatar.com\\\/avatar\\\/c283b0b556471cdaac4be59c661b13c1e141f08ca0dd2eb8f8d587262d7f04bb?s=96&d=identicon&r=g\",\"url\":\"https:\\\/\\\/secure.gravatar.com\\\/avatar\\\/c283b0b556471cdaac4be59c661b13c1e141f08ca0dd2eb8f8d587262d7f04bb?s=96&d=identicon&r=g\",\"contentUrl\":\"https:\\\/\\\/secure.gravatar.com\\\/avatar\\\/c283b0b556471cdaac4be59c661b13c1e141f08ca0dd2eb8f8d587262d7f04bb?s=96&d=identicon&r=g\",\"caption\":\"Anja Mocker\"},\"url\":\"https:\\\/\\\/www.el-pan-alegre.org\\\/wordpress\\\/author\\\/admin\\\/\"}]}<\/script>\n<!-- \/ Yoast SEO plugin. -->","yoast_head_json":{"title":"Spannender Mai - El Pan Alegre","robots":{"index":"index","follow":"follow","max-snippet":"max-snippet:-1","max-image-preview":"max-image-preview:large","max-video-preview":"max-video-preview:-1"},"canonical":"https:\/\/www.el-pan-alegre.org\/wordpress\/42-spannender-mai-in-allen-arbeitsbereichen\/","og_locale":"de_DE","og_type":"article","og_title":"Spannender Mai - El Pan Alegre","og_description":"Auch ohne die Vorbereitungen zur Er\u00f6ffnung unserer &#8222;Fr\u00f6hlichen Amaranth-Kinderb\u00e4ckerei&#8220; mitzuz\u00e4hlen (s. auch n\u00e4chster Blogeintrag), liegt eine spannende Woche hinter uns! Hier ein paar schnelle Details:","og_url":"https:\/\/www.el-pan-alegre.org\/wordpress\/42-spannender-mai-in-allen-arbeitsbereichen\/","og_site_name":"El Pan Alegre","article_published_time":"2012-05-28T15:16:00+00:00","article_modified_time":"2017-10-30T23:19:43+00:00","og_image":[{"width":1024,"height":737,"url":"https:\/\/www.el-pan-alegre.org\/wordpress\/wp-content\/uploads\/2012\/05\/SAM_1536.jpg","type":"image\/jpeg"}],"author":"Anja Mocker","twitter_card":"summary_large_image","twitter_misc":{"Verfasst von":"Anja Mocker","Gesch\u00e4tzte Lesezeit":"1\u00a0Minute"},"schema":{"@context":"https:\/\/schema.org","@graph":[{"@type":"Article","@id":"https:\/\/www.el-pan-alegre.org\/wordpress\/42-spannender-mai-in-allen-arbeitsbereichen\/#article","isPartOf":{"@id":"https:\/\/www.el-pan-alegre.org\/wordpress\/42-spannender-mai-in-allen-arbeitsbereichen\/"},"author":{"name":"Anja Mocker","@id":"https:\/\/www.el-pan-alegre.org\/wordpress\/#\/schema\/person\/a61ba0bec6094c61dbf9da4e4e4e5bfe"},"headline":"Spannender Mai","datePublished":"2012-05-28T15:16:00+00:00","dateModified":"2017-10-30T23:19:43+00:00","mainEntityOfPage":{"@id":"https:\/\/www.el-pan-alegre.org\/wordpress\/42-spannender-mai-in-allen-arbeitsbereichen\/"},"wordCount":290,"commentCount":0,"image":{"@id":"https:\/\/www.el-pan-alegre.org\/wordpress\/42-spannender-mai-in-allen-arbeitsbereichen\/#primaryimage"},"thumbnailUrl":"https:\/\/www.el-pan-alegre.org\/wordpress\/wp-content\/uploads\/2012\/05\/SAM_1536.jpg","articleSection":["Biogas","FEZ","FEZ-Berlin \u00d6ko-Insel","Fotos","Information","Kommunikation","Paradies Wuhlheide","Schulen","Veranstaltung"],"inLanguage":"de","potentialAction":[{"@type":"CommentAction","name":"Comment","target":["https:\/\/www.el-pan-alegre.org\/wordpress\/42-spannender-mai-in-allen-arbeitsbereichen\/#respond"]}]},{"@type":"WebPage","@id":"https:\/\/www.el-pan-alegre.org\/wordpress\/42-spannender-mai-in-allen-arbeitsbereichen\/","url":"https:\/\/www.el-pan-alegre.org\/wordpress\/42-spannender-mai-in-allen-arbeitsbereichen\/","name":"Spannender Mai - El Pan Alegre","isPartOf":{"@id":"https:\/\/www.el-pan-alegre.org\/wordpress\/#website"},"primaryImageOfPage":{"@id":"https:\/\/www.el-pan-alegre.org\/wordpress\/42-spannender-mai-in-allen-arbeitsbereichen\/#primaryimage"},"image":{"@id":"https:\/\/www.el-pan-alegre.org\/wordpress\/42-spannender-mai-in-allen-arbeitsbereichen\/#primaryimage"},"thumbnailUrl":"https:\/\/www.el-pan-alegre.org\/wordpress\/wp-content\/uploads\/2012\/05\/SAM_1536.jpg","datePublished":"2012-05-28T15:16:00+00:00","dateModified":"2017-10-30T23:19:43+00:00","author":{"@id":"https:\/\/www.el-pan-alegre.org\/wordpress\/#\/schema\/person\/a61ba0bec6094c61dbf9da4e4e4e5bfe"},"breadcrumb":{"@id":"https:\/\/www.el-pan-alegre.org\/wordpress\/42-spannender-mai-in-allen-arbeitsbereichen\/#breadcrumb"},"inLanguage":"de","potentialAction":[{"@type":"ReadAction","target":["https:\/\/www.el-pan-alegre.org\/wordpress\/42-spannender-mai-in-allen-arbeitsbereichen\/"]}]},{"@type":"ImageObject","inLanguage":"de","@id":"https:\/\/www.el-pan-alegre.org\/wordpress\/42-spannender-mai-in-allen-arbeitsbereichen\/#primaryimage","url":"https:\/\/www.el-pan-alegre.org\/wordpress\/wp-content\/uploads\/2012\/05\/SAM_1536.jpg","contentUrl":"https:\/\/www.el-pan-alegre.org\/wordpress\/wp-content\/uploads\/2012\/05\/SAM_1536.jpg","width":1024,"height":737},{"@type":"BreadcrumbList","@id":"https:\/\/www.el-pan-alegre.org\/wordpress\/42-spannender-mai-in-allen-arbeitsbereichen\/#breadcrumb","itemListElement":[{"@type":"ListItem","position":1,"name":"Home","item":"https:\/\/www.el-pan-alegre.org\/wordpress\/"},{"@type":"ListItem","position":2,"name":"Spannender Mai"}]},{"@type":"WebSite","@id":"https:\/\/www.el-pan-alegre.org\/wordpress\/#website","url":"https:\/\/www.el-pan-alegre.org\/wordpress\/","name":"El Pan Alegre","description":"Das Fr\u00f6hliche Brot","potentialAction":[{"@type":"SearchAction","target":{"@type":"EntryPoint","urlTemplate":"https:\/\/www.el-pan-alegre.org\/wordpress\/?s={search_term_string}"},"query-input":{"@type":"PropertyValueSpecification","valueRequired":true,"valueName":"search_term_string"}}],"inLanguage":"de"},{"@type":"Person","@id":"https:\/\/www.el-pan-alegre.org\/wordpress\/#\/schema\/person\/a61ba0bec6094c61dbf9da4e4e4e5bfe","name":"Anja Mocker","image":{"@type":"ImageObject","inLanguage":"de","@id":"https:\/\/secure.gravatar.com\/avatar\/c283b0b556471cdaac4be59c661b13c1e141f08ca0dd2eb8f8d587262d7f04bb?s=96&d=identicon&r=g","url":"https:\/\/secure.gravatar.com\/avatar\/c283b0b556471cdaac4be59c661b13c1e141f08ca0dd2eb8f8d587262d7f04bb?s=96&d=identicon&r=g","contentUrl":"https:\/\/secure.gravatar.com\/avatar\/c283b0b556471cdaac4be59c661b13c1e141f08ca0dd2eb8f8d587262d7f04bb?s=96&d=identicon&r=g","caption":"Anja Mocker"},"url":"https:\/\/www.el-pan-alegre.org\/wordpress\/author\/admin\/"}]}},"jetpack_publicize_connections":[],"jetpack_featured_media_url":"https:\/\/www.el-pan-alegre.org\/wordpress\/wp-content\/uploads\/2012\/05\/SAM_1536.jpg","jetpack_sharing_enabled":false,"jetpack_shortlink":"https:\/\/wp.me\/p62TDh-G","jetpack-related-posts":[{"id":2883,"url":"https:\/\/www.el-pan-alegre.org\/wordpress\/2883-schule-feiert-zukunft-am-17-und-18-6-23-im-fez-berlin\/","url_meta":{"origin":42,"position":0},"title":"&#8222;Schule feiert Zukunft!&#8220; am 17. und 18.6.23 im FEZ-Berlin","author":"Madeleine Porr","date":"1. Juni 2023","format":false,"excerpt":"\"Bildungsnotstand\", \"Bildungsdesaster\", \"Schul-Chaos\", \"Kinder ohne Lehrer*innen\": F\u00fcrwahr, unser wilhelminisches Bildungssystem bricht krachend auseinander. Und das ist auch nur folgerichtig, denn es taugt nicht f\u00fcr die Herausforderungen der Zukunft. Wie gut, dass sich unter dem weiten Horizont der Zukunftsbildung, der Bildung f\u00fcr Nachhaltige Entwicklung (BNE), schon l\u00e4ngst deutschlandweit eine Vielzahl hochmotivierter\u2026","rel":"","context":"In &quot;Bildung f\u00fcr nachhaltige Entwicklung (BNE)&quot;","block_context":{"text":"Bildung f\u00fcr nachhaltige Entwicklung (BNE)","link":"https:\/\/www.el-pan-alegre.org\/wordpress\/kategorie\/bildung-fuer-nachhaltige-entwicklung-bne\/"},"img":{"alt_text":"","src":"https:\/\/i0.wp.com\/www.el-pan-alegre.org\/wordpress\/wp-content\/uploads\/2023\/06\/2023PxP-Festival_HERO-logo-1024x679-1.png?resize=350%2C200&ssl=1","width":350,"height":200,"srcset":"https:\/\/i0.wp.com\/www.el-pan-alegre.org\/wordpress\/wp-content\/uploads\/2023\/06\/2023PxP-Festival_HERO-logo-1024x679-1.png?resize=350%2C200&ssl=1 1x, https:\/\/i0.wp.com\/www.el-pan-alegre.org\/wordpress\/wp-content\/uploads\/2023\/06\/2023PxP-Festival_HERO-logo-1024x679-1.png?resize=525%2C300&ssl=1 1.5x, https:\/\/i0.wp.com\/www.el-pan-alegre.org\/wordpress\/wp-content\/uploads\/2023\/06\/2023PxP-Festival_HERO-logo-1024x679-1.png?resize=700%2C400&ssl=1 2x"},"classes":[]},{"id":3011,"url":"https:\/\/www.el-pan-alegre.org\/wordpress\/3011-hurraaa-es-ist-wieder-fezitty-sommer\/","url_meta":{"origin":42,"position":1},"title":"Hurraaa, es ist wieder FEZitty-Sommer!","author":"Madeleine Porr","date":"21. Juli 2024","format":false,"excerpt":"Quelle: FEZ-Berlin Ein einzigartiges Sommer-Stadtspiel findet alle zwei Jahre f\u00fcr Menschen zwischen 7 und 14 Jahren im FEZ-Berlin statt - und nach der Pause in 2023 auch wieder in diesem Jahr: FEZitty - die Hauptstadt der Kinder, vom 23.7. bis 30.8.24. Hier k\u00f6nnt ihr bauen und g\u00e4rtnern und malen, im\u2026","rel":"","context":"In &quot;Allgemein&quot;","block_context":{"text":"Allgemein","link":"https:\/\/www.el-pan-alegre.org\/wordpress\/kategorie\/allgemein\/"},"img":{"alt_text":"","src":"https:\/\/i0.wp.com\/www.el-pan-alegre.org\/wordpress\/wp-content\/uploads\/2024\/07\/FEZitty-2024.jpg?resize=350%2C200&ssl=1","width":350,"height":200,"srcset":"https:\/\/i0.wp.com\/www.el-pan-alegre.org\/wordpress\/wp-content\/uploads\/2024\/07\/FEZitty-2024.jpg?resize=350%2C200&ssl=1 1x, https:\/\/i0.wp.com\/www.el-pan-alegre.org\/wordpress\/wp-content\/uploads\/2024\/07\/FEZitty-2024.jpg?resize=525%2C300&ssl=1 1.5x, https:\/\/i0.wp.com\/www.el-pan-alegre.org\/wordpress\/wp-content\/uploads\/2024\/07\/FEZitty-2024.jpg?resize=700%2C400&ssl=1 2x"},"classes":[]},{"id":34,"url":"https:\/\/www.el-pan-alegre.org\/wordpress\/34-1-fez-schulprojektwoche-nachhaltig-stark-und-schlau-bildung-fuer-nachhaltige-entwicklung\/","url_meta":{"origin":42,"position":2},"title":"1. FEZ-Schulprojektwoche &#8222;NACHHALTIG STARK UND SCHLAU!&#8220; (Bildung f\u00fcr nachhaltige Entwicklung)","author":"Anja Mocker","date":"6. Juli 2012","format":false,"excerpt":"Vom 5. bis 7.6.12 hat im FEZ-Berlin zum ersten Mal eine Schulprojektwoche im Bereich Bildung f\u00fcr nachhaltige Entwicklung (BNE) stattgefunden: \"NACHHALTIG STARK UND SCHLAU!\", auch das erste gemeinsame Produkt der BNE-Fachgruppe im FEZ - unter Leitung der langj\u00e4hrig erfahrenen Eva Kulla - und unseres Vereins En Buenas Manos e.V. Die\u2026","rel":"","context":"In &quot;Abfall&quot;","block_context":{"text":"Abfall","link":"https:\/\/www.el-pan-alegre.org\/wordpress\/kategorie\/abfall\/"},"img":{"alt_text":"","src":"https:\/\/i0.wp.com\/www.el-pan-alegre.org\/wordpress\/wp-content\/uploads\/2012\/07\/03.jpg?resize=350%2C200&ssl=1","width":350,"height":200,"srcset":"https:\/\/i0.wp.com\/www.el-pan-alegre.org\/wordpress\/wp-content\/uploads\/2012\/07\/03.jpg?resize=350%2C200&ssl=1 1x, https:\/\/i0.wp.com\/www.el-pan-alegre.org\/wordpress\/wp-content\/uploads\/2012\/07\/03.jpg?resize=525%2C300&ssl=1 1.5x, https:\/\/i0.wp.com\/www.el-pan-alegre.org\/wordpress\/wp-content\/uploads\/2012\/07\/03.jpg?resize=700%2C400&ssl=1 2x"},"classes":[]},{"id":2387,"url":"https:\/\/www.el-pan-alegre.org\/wordpress\/2387-fuer-die-zukunft-bilden-bne-esd-2030\/","url_meta":{"origin":42,"position":3},"title":"F\u00fcr die Zukunft bilden: BNE\/ESD 2030","author":"Madeleine Porr","date":"25. Mai 2020","format":false,"excerpt":"Was auf den ersten Blick wie ein neuer Virusname aussieht, hat ungebrochen das Potenzial, die Welt zu ver\u00e4ndern: Bildung f\u00fcr Nachhaltige Entwicklung (BNE). 2020 ist das UN-Programm \u201eESD for 2030\u201c gestartet.","rel":"","context":"In &quot;Allgemein&quot;","block_context":{"text":"Allgemein","link":"https:\/\/www.el-pan-alegre.org\/wordpress\/kategorie\/allgemein\/"},"img":{"alt_text":"","src":"https:\/\/i0.wp.com\/www.el-pan-alegre.org\/wordpress\/wp-content\/uploads\/2020\/05\/tim-mossholder-WE_Kv_ZB1l0-unsplash_WEB-1.jpg?resize=350%2C200&ssl=1","width":350,"height":200,"srcset":"https:\/\/i0.wp.com\/www.el-pan-alegre.org\/wordpress\/wp-content\/uploads\/2020\/05\/tim-mossholder-WE_Kv_ZB1l0-unsplash_WEB-1.jpg?resize=350%2C200&ssl=1 1x, https:\/\/i0.wp.com\/www.el-pan-alegre.org\/wordpress\/wp-content\/uploads\/2020\/05\/tim-mossholder-WE_Kv_ZB1l0-unsplash_WEB-1.jpg?resize=525%2C300&ssl=1 1.5x"},"classes":[]},{"id":2623,"url":"https:\/\/www.el-pan-alegre.org\/wordpress\/2623-1-milliarde-euro-fuer-die-zukunftsbildung\/","url_meta":{"origin":42,"position":4},"title":"1 MILLIARDE EURO f\u00fcr die Zukunftsbildung!","author":"Madeleine Porr","date":"26. August 2021","format":false,"excerpt":"Quelle: pixabay; Collage: M. Porr Heute ist die Petition gestartet, die die Au\u00dferschulischen Aktiven in der Bildung f\u00fcr Nachhaltige Entwicklung dabei unterst\u00fctzen will, sich aus der Abh\u00e4ngigkeit vom JobCenter, von mageren F\u00f6rderprogrammen und von prek\u00e4ren Honoraren zu befreien und statt dessen eine dauerhaft-stabile berufliche Basis aufzubauen. * * * Bitte\u2026","rel":"","context":"In &quot;Allgemein&quot;","block_context":{"text":"Allgemein","link":"https:\/\/www.el-pan-alegre.org\/wordpress\/kategorie\/allgemein\/"},"img":{"alt_text":"","src":"https:\/\/i0.wp.com\/www.el-pan-alegre.org\/wordpress\/wp-content\/uploads\/2021\/08\/Petitionsbild_final.jpg?resize=350%2C200&ssl=1","width":350,"height":200,"srcset":"https:\/\/i0.wp.com\/www.el-pan-alegre.org\/wordpress\/wp-content\/uploads\/2021\/08\/Petitionsbild_final.jpg?resize=350%2C200&ssl=1 1x, https:\/\/i0.wp.com\/www.el-pan-alegre.org\/wordpress\/wp-content\/uploads\/2021\/08\/Petitionsbild_final.jpg?resize=525%2C300&ssl=1 1.5x, https:\/\/i0.wp.com\/www.el-pan-alegre.org\/wordpress\/wp-content\/uploads\/2021\/08\/Petitionsbild_final.jpg?resize=700%2C400&ssl=1 2x, https:\/\/i0.wp.com\/www.el-pan-alegre.org\/wordpress\/wp-content\/uploads\/2021\/08\/Petitionsbild_final.jpg?resize=1050%2C600&ssl=1 3x, https:\/\/i0.wp.com\/www.el-pan-alegre.org\/wordpress\/wp-content\/uploads\/2021\/08\/Petitionsbild_final.jpg?resize=1400%2C800&ssl=1 4x"},"classes":[]},{"id":2663,"url":"https:\/\/www.el-pan-alegre.org\/wordpress\/2663-15-jahre-stark-schlau-froehlich-en-buenas-manos-e-v\/","url_meta":{"origin":42,"position":5},"title":"15(+) Jahre stark &#038; schlau &#038; fr\u00f6hlich: En Buenas Manos e. V.","author":"Madeleine Porr","date":"13. April 2022","format":false,"excerpt":"+ + + ZUM TRAILER (3 Min.) BITTE AUF DAS BILD KLICKEN + + +","rel":"","context":"In &quot;Allgemein&quot;","block_context":{"text":"Allgemein","link":"https:\/\/www.el-pan-alegre.org\/wordpress\/kategorie\/allgemein\/"},"img":{"alt_text":"","src":"https:\/\/i0.wp.com\/www.el-pan-alegre.org\/wordpress\/wp-content\/uploads\/2022\/04\/BLOG-BILD_EBM-DOKU.jpg?resize=350%2C200&ssl=1","width":350,"height":200,"srcset":"https:\/\/i0.wp.com\/www.el-pan-alegre.org\/wordpress\/wp-content\/uploads\/2022\/04\/BLOG-BILD_EBM-DOKU.jpg?resize=350%2C200&ssl=1 1x, https:\/\/i0.wp.com\/www.el-pan-alegre.org\/wordpress\/wp-content\/uploads\/2022\/04\/BLOG-BILD_EBM-DOKU.jpg?resize=525%2C300&ssl=1 1.5x, https:\/\/i0.wp.com\/www.el-pan-alegre.org\/wordpress\/wp-content\/uploads\/2022\/04\/BLOG-BILD_EBM-DOKU.jpg?resize=700%2C400&ssl=1 2x, https:\/\/i0.wp.com\/www.el-pan-alegre.org\/wordpress\/wp-content\/uploads\/2022\/04\/BLOG-BILD_EBM-DOKU.jpg?resize=1050%2C600&ssl=1 3x, https:\/\/i0.wp.com\/www.el-pan-alegre.org\/wordpress\/wp-content\/uploads\/2022\/04\/BLOG-BILD_EBM-DOKU.jpg?resize=1400%2C800&ssl=1 4x"},"classes":[]}],"_links":{"self":[{"href":"https:\/\/www.el-pan-alegre.org\/wordpress\/wp-json\/wp\/v2\/posts\/42","targetHints":{"allow":["GET"]}}],"collection":[{"href":"https:\/\/www.el-pan-alegre.org\/wordpress\/wp-json\/wp\/v2\/posts"}],"about":[{"href":"https:\/\/www.el-pan-alegre.org\/wordpress\/wp-json\/wp\/v2\/types\/post"}],"author":[{"embeddable":true,"href":"https:\/\/www.el-pan-alegre.org\/wordpress\/wp-json\/wp\/v2\/users\/1"}],"replies":[{"embeddable":true,"href":"https:\/\/www.el-pan-alegre.org\/wordpress\/wp-json\/wp\/v2\/comments?post=42"}],"version-history":[{"count":4,"href":"https:\/\/www.el-pan-alegre.org\/wordpress\/wp-json\/wp\/v2\/posts\/42\/revisions"}],"predecessor-version":[{"id":1702,"href":"https:\/\/www.el-pan-alegre.org\/wordpress\/wp-json\/wp\/v2\/posts\/42\/revisions\/1702"}],"wp:featuredmedia":[{"embeddable":true,"href":"https:\/\/www.el-pan-alegre.org\/wordpress\/wp-json\/wp\/v2\/media\/252"}],"wp:attachment":[{"href":"https:\/\/www.el-pan-alegre.org\/wordpress\/wp-json\/wp\/v2\/media?parent=42"}],"wp:term":[{"taxonomy":"category","embeddable":true,"href":"https:\/\/www.el-pan-alegre.org\/wordpress\/wp-json\/wp\/v2\/categories?post=42"},{"taxonomy":"post_tag","embeddable":true,"href":"https:\/\/www.el-pan-alegre.org\/wordpress\/wp-json\/wp\/v2\/tags?post=42"}],"curies":[{"name":"wp","href":"https:\/\/api.w.org\/{rel}","templated":true}]}}