{"id":3137,"date":"2025-10-27T18:24:47","date_gmt":"2025-10-27T17:24:47","guid":{"rendered":"https:\/\/www.el-pan-alegre.org\/wordpress\/?p=3137"},"modified":"2025-10-27T18:31:49","modified_gmt":"2025-10-27T17:31:49","slug":"am-23-november-2025-heisst-es-wieder-im-familienzentrum-menschenskinder-in-berlin-kinder-kochen-fuer-ihre-eltern","status":"publish","type":"post","link":"https:\/\/www.el-pan-alegre.org\/wordpress\/3137-am-23-november-2025-heisst-es-wieder-im-familienzentrum-menschenskinder-in-berlin-kinder-kochen-fuer-ihre-eltern\/","title":{"rendered":"Am 23. November 2025 hei\u00dft es wieder im Familienzentrum Menschenskinder in Berlin: \u201eKinder kochen f\u00fcr ihre Eltern\u201c!"},"content":{"rendered":"\n<figure class=\"wp-block-image size-large\"><a href=\"https:\/\/www.el-pan-alegre.org\/wordpress\/wp-content\/uploads\/2025\/10\/251017-Kinder-kochen-fuer-ihre-Eltern-Poster-A4.jpg\"><img loading=\"lazy\" decoding=\"async\" width=\"1024\" height=\"1024\" src=\"https:\/\/www.el-pan-alegre.org\/wordpress\/wp-content\/uploads\/2025\/10\/251017-Kinder-kochen-fuer-ihre-Eltern-Poster-A4-1024x1024.jpg\" alt=\"\" class=\"wp-image-3138\" srcset=\"https:\/\/www.el-pan-alegre.org\/wordpress\/wp-content\/uploads\/2025\/10\/251017-Kinder-kochen-fuer-ihre-Eltern-Poster-A4-1024x1024.jpg 1024w, https:\/\/www.el-pan-alegre.org\/wordpress\/wp-content\/uploads\/2025\/10\/251017-Kinder-kochen-fuer-ihre-Eltern-Poster-A4-300x300.jpg 300w, https:\/\/www.el-pan-alegre.org\/wordpress\/wp-content\/uploads\/2025\/10\/251017-Kinder-kochen-fuer-ihre-Eltern-Poster-A4-150x150.jpg 150w, https:\/\/www.el-pan-alegre.org\/wordpress\/wp-content\/uploads\/2025\/10\/251017-Kinder-kochen-fuer-ihre-Eltern-Poster-A4-768x768.jpg 768w, https:\/\/www.el-pan-alegre.org\/wordpress\/wp-content\/uploads\/2025\/10\/251017-Kinder-kochen-fuer-ihre-Eltern-Poster-A4-1536x1536.jpg 1536w, https:\/\/www.el-pan-alegre.org\/wordpress\/wp-content\/uploads\/2025\/10\/251017-Kinder-kochen-fuer-ihre-Eltern-Poster-A4.jpg 2000w\" sizes=\"auto, (max-width: 1024px) 100vw, 1024px\" \/><\/a><\/figure>\n\n\n\n<p>Wir freuen uns sehr, dass der Workshop auch jetzt im Herbst wieder stattfinden kann. <\/p>\n\n\n\n<p>Hier \u00fcbernehmen Kinder von 6 bis 12 Jahren das Kommando am Herd \u2013 und zeigen, wie viel Kreativit\u00e4t, Teamgeist und Nachhaltigkeit in ihnen steckt.<\/p>\n\n\n\n<p>F\u00fcnf Stunden lang wird geschnippelt, ger\u00fchrt und dekoriert: Die kleinen K\u00fcchenchefs planen ein eigenes Men\u00fc mit Vorspeise, Hauptgericht und Dessert, ernten Zutaten im Gemeinschaftsgarten und gestalten sogar Tischkarten und Deko selbst.<br>Das Ergebnis? Ein festliches Familienessen, zu dem die Eltern um 13 Uhr als Ehreng\u00e4ste geladen sind.<\/p>\n\n\n\n<p>Das Projekt vermittelt spielerisch, woher unsere Lebensmittel kommen, was gesunde Ern\u00e4hrung bedeutet \u2013 und dass gemeinsames Kochen verbindet.<br>Ein genussvolles Erlebnis f\u00fcr Kopf, Herz und Gaumen!<\/p>\n\n\n\n<p><strong>Wann:<\/strong> Sonntag, 23. November 2025, 10:00\u201315:00 Uhr<br><strong>Wo:<\/strong> Familienzentrum Menschenskinder, F\u00fcrstenwalder Str. 30, 10243 Berlin<br><strong>Anmeldung:<\/strong> <a rel=\"noreferrer noopener\" target=\"_blank\" href=\"https:\/\/www.perplexity.ai\/search\/bitte-formuliere-es-kurzer-und-6cWhr.NpTRKK7BXBPdbomA\">anmeldung@anjamocker.de<\/a><\/p>\n","protected":false},"excerpt":{"rendered":"<p>Wir freuen uns sehr, dass der Workshop auch jetzt im Herbst wieder stattfinden kann. Hier \u00fcbernehmen Kinder von 6 bis 12 Jahren das Kommando am Herd \u2013 und zeigen, wie viel Kreativit\u00e4t, Teamgeist und Nachhaltigkeit in ihnen steckt. F\u00fcnf Stunden &hellip; <a href=\"https:\/\/www.el-pan-alegre.org\/wordpress\/3137-am-23-november-2025-heisst-es-wieder-im-familienzentrum-menschenskinder-in-berlin-kinder-kochen-fuer-ihre-eltern\/\">Weiterlesen <span class=\"meta-nav\">&rarr;<\/span><\/a><\/p>\n","protected":false},"author":1,"featured_media":0,"comment_status":"closed","ping_status":"closed","sticky":false,"template":"","format":"standard","meta":{"jetpack_post_was_ever_published":false,"_jetpack_newsletter_access":"","_jetpack_dont_email_post_to_subs":false,"_jetpack_newsletter_tier_id":0,"_jetpack_memberships_contains_paywalled_content":false,"_jetpack_memberships_contains_paid_content":false,"footnotes":"","jetpack_publicize_message":"","jetpack_publicize_feature_enabled":true,"jetpack_social_post_already_shared":true,"jetpack_social_options":{"image_generator_settings":{"template":"highway","default_image_id":0,"font":"","enabled":false},"version":2}},"categories":[25,60,118,124,120,4,8],"tags":[80,117,78,96],"class_list":["post-3137","post","type-post","status-publish","format-standard","hentry","category-anja","category-bildung-fuer-nachhaltige-entwicklung-bne","category-gesunde-ernaehrung","category-lebensmittelpunkt","category-menschenskindergarten","category-veranstaltung","category-verein","tag-en-buenas-manos-e-v","tag-gesunde-ernaehrung","tag-veranstaltung","tag-workshop"],"yoast_head":"<!-- This site is optimized with the Yoast SEO plugin v27.5 - https:\/\/yoast.com\/product\/yoast-seo-wordpress\/ -->\n<title>Am 23. November 2025 hei\u00dft es wieder im Familienzentrum Menschenskinder in Berlin: \u201eKinder kochen f\u00fcr ihre Eltern\u201c! - El Pan Alegre<\/title>\n<meta name=\"description\" content=\"Hier \u00fcbernehmen Kinder von 6 bis 12 Jahren das Kommando am Herd \u2013 und zeigen, wie viel Kreativit\u00e4t, Teamgeist und Nachhaltigkeit in ihnen steckt.\" \/>\n<meta name=\"robots\" content=\"index, follow, max-snippet:-1, max-image-preview:large, max-video-preview:-1\" \/>\n<link rel=\"canonical\" href=\"https:\/\/www.el-pan-alegre.org\/wordpress\/3137-am-23-november-2025-heisst-es-wieder-im-familienzentrum-menschenskinder-in-berlin-kinder-kochen-fuer-ihre-eltern\/\" \/>\n<meta property=\"og:locale\" content=\"de_DE\" \/>\n<meta property=\"og:type\" content=\"article\" \/>\n<meta property=\"og:title\" content=\"Am 23. November 2025 hei\u00dft es wieder im Familienzentrum Menschenskinder in Berlin: \u201eKinder kochen f\u00fcr ihre Eltern\u201c! - El Pan Alegre\" \/>\n<meta property=\"og:description\" content=\"Hier \u00fcbernehmen Kinder von 6 bis 12 Jahren das Kommando am Herd \u2013 und zeigen, wie viel Kreativit\u00e4t, Teamgeist und Nachhaltigkeit in ihnen steckt.\" \/>\n<meta property=\"og:url\" content=\"https:\/\/www.el-pan-alegre.org\/wordpress\/3137-am-23-november-2025-heisst-es-wieder-im-familienzentrum-menschenskinder-in-berlin-kinder-kochen-fuer-ihre-eltern\/\" \/>\n<meta property=\"og:site_name\" content=\"El Pan Alegre\" \/>\n<meta property=\"article:published_time\" content=\"2025-10-27T17:24:47+00:00\" \/>\n<meta property=\"article:modified_time\" content=\"2025-10-27T17:31:49+00:00\" \/>\n<meta property=\"og:image\" content=\"https:\/\/www.el-pan-alegre.org\/wordpress\/wp-content\/uploads\/2025\/10\/251017-Kinder-kochen-fuer-ihre-Eltern-Poster-A4-1024x1024.jpg\" \/>\n\t<meta property=\"og:image:width\" content=\"1024\" \/>\n\t<meta property=\"og:image:height\" content=\"1024\" \/>\n\t<meta property=\"og:image:type\" content=\"image\/jpeg\" \/>\n<meta name=\"author\" content=\"Anja Mocker\" \/>\n<meta name=\"twitter:card\" content=\"summary_large_image\" \/>\n<meta name=\"twitter:label1\" content=\"Verfasst von\" \/>\n\t<meta name=\"twitter:data1\" content=\"Anja Mocker\" \/>\n\t<meta name=\"twitter:label2\" content=\"Gesch\u00e4tzte Lesezeit\" \/>\n\t<meta name=\"twitter:data2\" content=\"1\u00a0Minute\" \/>\n<script type=\"application\/ld+json\" class=\"yoast-schema-graph\">{\"@context\":\"https:\\\/\\\/schema.org\",\"@graph\":[{\"@type\":\"Article\",\"@id\":\"https:\\\/\\\/www.el-pan-alegre.org\\\/wordpress\\\/3137-am-23-november-2025-heisst-es-wieder-im-familienzentrum-menschenskinder-in-berlin-kinder-kochen-fuer-ihre-eltern\\\/#article\",\"isPartOf\":{\"@id\":\"https:\\\/\\\/www.el-pan-alegre.org\\\/wordpress\\\/3137-am-23-november-2025-heisst-es-wieder-im-familienzentrum-menschenskinder-in-berlin-kinder-kochen-fuer-ihre-eltern\\\/\"},\"author\":{\"name\":\"Anja Mocker\",\"@id\":\"https:\\\/\\\/www.el-pan-alegre.org\\\/wordpress\\\/#\\\/schema\\\/person\\\/a61ba0bec6094c61dbf9da4e4e4e5bfe\"},\"headline\":\"Am 23. November 2025 hei\u00dft es wieder im Familienzentrum Menschenskinder in Berlin: \u201eKinder kochen f\u00fcr ihre Eltern\u201c!\",\"datePublished\":\"2025-10-27T17:24:47+00:00\",\"dateModified\":\"2025-10-27T17:31:49+00:00\",\"mainEntityOfPage\":{\"@id\":\"https:\\\/\\\/www.el-pan-alegre.org\\\/wordpress\\\/3137-am-23-november-2025-heisst-es-wieder-im-familienzentrum-menschenskinder-in-berlin-kinder-kochen-fuer-ihre-eltern\\\/\"},\"wordCount\":145,\"image\":{\"@id\":\"https:\\\/\\\/www.el-pan-alegre.org\\\/wordpress\\\/3137-am-23-november-2025-heisst-es-wieder-im-familienzentrum-menschenskinder-in-berlin-kinder-kochen-fuer-ihre-eltern\\\/#primaryimage\"},\"thumbnailUrl\":\"https:\\\/\\\/www.el-pan-alegre.org\\\/wordpress\\\/wp-content\\\/uploads\\\/2025\\\/10\\\/251017-Kinder-kochen-fuer-ihre-Eltern-Poster-A4-1024x1024.jpg\",\"keywords\":[\"En Buenas Manos e. V.\",\"Gesunde Ern\u00e4hrung\",\"Veranstaltung\",\"Workshop\"],\"articleSection\":[\"Anja\",\"Bildung f\u00fcr nachhaltige Entwicklung (BNE)\",\"Gesunde Ern\u00e4hrung\",\"LebensMittelpunkt\",\"MenschenskinderGarten\",\"Veranstaltung\",\"Verein\"],\"inLanguage\":\"de\"},{\"@type\":\"WebPage\",\"@id\":\"https:\\\/\\\/www.el-pan-alegre.org\\\/wordpress\\\/3137-am-23-november-2025-heisst-es-wieder-im-familienzentrum-menschenskinder-in-berlin-kinder-kochen-fuer-ihre-eltern\\\/\",\"url\":\"https:\\\/\\\/www.el-pan-alegre.org\\\/wordpress\\\/3137-am-23-november-2025-heisst-es-wieder-im-familienzentrum-menschenskinder-in-berlin-kinder-kochen-fuer-ihre-eltern\\\/\",\"name\":\"Am 23. November 2025 hei\u00dft es wieder im Familienzentrum Menschenskinder in Berlin: \u201eKinder kochen f\u00fcr ihre Eltern\u201c! - El Pan Alegre\",\"isPartOf\":{\"@id\":\"https:\\\/\\\/www.el-pan-alegre.org\\\/wordpress\\\/#website\"},\"primaryImageOfPage\":{\"@id\":\"https:\\\/\\\/www.el-pan-alegre.org\\\/wordpress\\\/3137-am-23-november-2025-heisst-es-wieder-im-familienzentrum-menschenskinder-in-berlin-kinder-kochen-fuer-ihre-eltern\\\/#primaryimage\"},\"image\":{\"@id\":\"https:\\\/\\\/www.el-pan-alegre.org\\\/wordpress\\\/3137-am-23-november-2025-heisst-es-wieder-im-familienzentrum-menschenskinder-in-berlin-kinder-kochen-fuer-ihre-eltern\\\/#primaryimage\"},\"thumbnailUrl\":\"https:\\\/\\\/www.el-pan-alegre.org\\\/wordpress\\\/wp-content\\\/uploads\\\/2025\\\/10\\\/251017-Kinder-kochen-fuer-ihre-Eltern-Poster-A4-1024x1024.jpg\",\"datePublished\":\"2025-10-27T17:24:47+00:00\",\"dateModified\":\"2025-10-27T17:31:49+00:00\",\"author\":{\"@id\":\"https:\\\/\\\/www.el-pan-alegre.org\\\/wordpress\\\/#\\\/schema\\\/person\\\/a61ba0bec6094c61dbf9da4e4e4e5bfe\"},\"description\":\"Hier \u00fcbernehmen Kinder von 6 bis 12 Jahren das Kommando am Herd \u2013 und zeigen, wie viel Kreativit\u00e4t, Teamgeist und Nachhaltigkeit in ihnen steckt.\",\"breadcrumb\":{\"@id\":\"https:\\\/\\\/www.el-pan-alegre.org\\\/wordpress\\\/3137-am-23-november-2025-heisst-es-wieder-im-familienzentrum-menschenskinder-in-berlin-kinder-kochen-fuer-ihre-eltern\\\/#breadcrumb\"},\"inLanguage\":\"de\",\"potentialAction\":[{\"@type\":\"ReadAction\",\"target\":[\"https:\\\/\\\/www.el-pan-alegre.org\\\/wordpress\\\/3137-am-23-november-2025-heisst-es-wieder-im-familienzentrum-menschenskinder-in-berlin-kinder-kochen-fuer-ihre-eltern\\\/\"]}]},{\"@type\":\"ImageObject\",\"inLanguage\":\"de\",\"@id\":\"https:\\\/\\\/www.el-pan-alegre.org\\\/wordpress\\\/3137-am-23-november-2025-heisst-es-wieder-im-familienzentrum-menschenskinder-in-berlin-kinder-kochen-fuer-ihre-eltern\\\/#primaryimage\",\"url\":\"https:\\\/\\\/www.el-pan-alegre.org\\\/wordpress\\\/wp-content\\\/uploads\\\/2025\\\/10\\\/251017-Kinder-kochen-fuer-ihre-Eltern-Poster-A4.jpg\",\"contentUrl\":\"https:\\\/\\\/www.el-pan-alegre.org\\\/wordpress\\\/wp-content\\\/uploads\\\/2025\\\/10\\\/251017-Kinder-kochen-fuer-ihre-Eltern-Poster-A4.jpg\",\"width\":2000,\"height\":2000},{\"@type\":\"BreadcrumbList\",\"@id\":\"https:\\\/\\\/www.el-pan-alegre.org\\\/wordpress\\\/3137-am-23-november-2025-heisst-es-wieder-im-familienzentrum-menschenskinder-in-berlin-kinder-kochen-fuer-ihre-eltern\\\/#breadcrumb\",\"itemListElement\":[{\"@type\":\"ListItem\",\"position\":1,\"name\":\"Home\",\"item\":\"https:\\\/\\\/www.el-pan-alegre.org\\\/wordpress\\\/\"},{\"@type\":\"ListItem\",\"position\":2,\"name\":\"Am 23. November 2025 hei\u00dft es wieder im Familienzentrum Menschenskinder in Berlin: \u201eKinder kochen f\u00fcr ihre Eltern\u201c!\"}]},{\"@type\":\"WebSite\",\"@id\":\"https:\\\/\\\/www.el-pan-alegre.org\\\/wordpress\\\/#website\",\"url\":\"https:\\\/\\\/www.el-pan-alegre.org\\\/wordpress\\\/\",\"name\":\"El Pan Alegre\",\"description\":\"Das Fr\u00f6hliche Brot\",\"potentialAction\":[{\"@type\":\"SearchAction\",\"target\":{\"@type\":\"EntryPoint\",\"urlTemplate\":\"https:\\\/\\\/www.el-pan-alegre.org\\\/wordpress\\\/?s={search_term_string}\"},\"query-input\":{\"@type\":\"PropertyValueSpecification\",\"valueRequired\":true,\"valueName\":\"search_term_string\"}}],\"inLanguage\":\"de\"},{\"@type\":\"Person\",\"@id\":\"https:\\\/\\\/www.el-pan-alegre.org\\\/wordpress\\\/#\\\/schema\\\/person\\\/a61ba0bec6094c61dbf9da4e4e4e5bfe\",\"name\":\"Anja Mocker\",\"image\":{\"@type\":\"ImageObject\",\"inLanguage\":\"de\",\"@id\":\"https:\\\/\\\/secure.gravatar.com\\\/avatar\\\/c283b0b556471cdaac4be59c661b13c1e141f08ca0dd2eb8f8d587262d7f04bb?s=96&d=identicon&r=g\",\"url\":\"https:\\\/\\\/secure.gravatar.com\\\/avatar\\\/c283b0b556471cdaac4be59c661b13c1e141f08ca0dd2eb8f8d587262d7f04bb?s=96&d=identicon&r=g\",\"contentUrl\":\"https:\\\/\\\/secure.gravatar.com\\\/avatar\\\/c283b0b556471cdaac4be59c661b13c1e141f08ca0dd2eb8f8d587262d7f04bb?s=96&d=identicon&r=g\",\"caption\":\"Anja Mocker\"},\"url\":\"https:\\\/\\\/www.el-pan-alegre.org\\\/wordpress\\\/author\\\/admin\\\/\"}]}<\/script>\n<!-- \/ Yoast SEO plugin. -->","yoast_head_json":{"title":"Am 23. November 2025 hei\u00dft es wieder im Familienzentrum Menschenskinder in Berlin: \u201eKinder kochen f\u00fcr ihre Eltern\u201c! - El Pan Alegre","description":"Hier \u00fcbernehmen Kinder von 6 bis 12 Jahren das Kommando am Herd \u2013 und zeigen, wie viel Kreativit\u00e4t, Teamgeist und Nachhaltigkeit in ihnen steckt.","robots":{"index":"index","follow":"follow","max-snippet":"max-snippet:-1","max-image-preview":"max-image-preview:large","max-video-preview":"max-video-preview:-1"},"canonical":"https:\/\/www.el-pan-alegre.org\/wordpress\/3137-am-23-november-2025-heisst-es-wieder-im-familienzentrum-menschenskinder-in-berlin-kinder-kochen-fuer-ihre-eltern\/","og_locale":"de_DE","og_type":"article","og_title":"Am 23. November 2025 hei\u00dft es wieder im Familienzentrum Menschenskinder in Berlin: \u201eKinder kochen f\u00fcr ihre Eltern\u201c! - El Pan Alegre","og_description":"Hier \u00fcbernehmen Kinder von 6 bis 12 Jahren das Kommando am Herd \u2013 und zeigen, wie viel Kreativit\u00e4t, Teamgeist und Nachhaltigkeit in ihnen steckt.","og_url":"https:\/\/www.el-pan-alegre.org\/wordpress\/3137-am-23-november-2025-heisst-es-wieder-im-familienzentrum-menschenskinder-in-berlin-kinder-kochen-fuer-ihre-eltern\/","og_site_name":"El Pan Alegre","article_published_time":"2025-10-27T17:24:47+00:00","article_modified_time":"2025-10-27T17:31:49+00:00","og_image":[{"width":1024,"height":1024,"url":"https:\/\/www.el-pan-alegre.org\/wordpress\/wp-content\/uploads\/2025\/10\/251017-Kinder-kochen-fuer-ihre-Eltern-Poster-A4-1024x1024.jpg","type":"image\/jpeg"}],"author":"Anja Mocker","twitter_card":"summary_large_image","twitter_misc":{"Verfasst von":"Anja Mocker","Gesch\u00e4tzte Lesezeit":"1\u00a0Minute"},"schema":{"@context":"https:\/\/schema.org","@graph":[{"@type":"Article","@id":"https:\/\/www.el-pan-alegre.org\/wordpress\/3137-am-23-november-2025-heisst-es-wieder-im-familienzentrum-menschenskinder-in-berlin-kinder-kochen-fuer-ihre-eltern\/#article","isPartOf":{"@id":"https:\/\/www.el-pan-alegre.org\/wordpress\/3137-am-23-november-2025-heisst-es-wieder-im-familienzentrum-menschenskinder-in-berlin-kinder-kochen-fuer-ihre-eltern\/"},"author":{"name":"Anja Mocker","@id":"https:\/\/www.el-pan-alegre.org\/wordpress\/#\/schema\/person\/a61ba0bec6094c61dbf9da4e4e4e5bfe"},"headline":"Am 23. November 2025 hei\u00dft es wieder im Familienzentrum Menschenskinder in Berlin: \u201eKinder kochen f\u00fcr ihre Eltern\u201c!","datePublished":"2025-10-27T17:24:47+00:00","dateModified":"2025-10-27T17:31:49+00:00","mainEntityOfPage":{"@id":"https:\/\/www.el-pan-alegre.org\/wordpress\/3137-am-23-november-2025-heisst-es-wieder-im-familienzentrum-menschenskinder-in-berlin-kinder-kochen-fuer-ihre-eltern\/"},"wordCount":145,"image":{"@id":"https:\/\/www.el-pan-alegre.org\/wordpress\/3137-am-23-november-2025-heisst-es-wieder-im-familienzentrum-menschenskinder-in-berlin-kinder-kochen-fuer-ihre-eltern\/#primaryimage"},"thumbnailUrl":"https:\/\/www.el-pan-alegre.org\/wordpress\/wp-content\/uploads\/2025\/10\/251017-Kinder-kochen-fuer-ihre-Eltern-Poster-A4-1024x1024.jpg","keywords":["En Buenas Manos e. V.","Gesunde Ern\u00e4hrung","Veranstaltung","Workshop"],"articleSection":["Anja","Bildung f\u00fcr nachhaltige Entwicklung (BNE)","Gesunde Ern\u00e4hrung","LebensMittelpunkt","MenschenskinderGarten","Veranstaltung","Verein"],"inLanguage":"de"},{"@type":"WebPage","@id":"https:\/\/www.el-pan-alegre.org\/wordpress\/3137-am-23-november-2025-heisst-es-wieder-im-familienzentrum-menschenskinder-in-berlin-kinder-kochen-fuer-ihre-eltern\/","url":"https:\/\/www.el-pan-alegre.org\/wordpress\/3137-am-23-november-2025-heisst-es-wieder-im-familienzentrum-menschenskinder-in-berlin-kinder-kochen-fuer-ihre-eltern\/","name":"Am 23. November 2025 hei\u00dft es wieder im Familienzentrum Menschenskinder in Berlin: \u201eKinder kochen f\u00fcr ihre Eltern\u201c! - El Pan Alegre","isPartOf":{"@id":"https:\/\/www.el-pan-alegre.org\/wordpress\/#website"},"primaryImageOfPage":{"@id":"https:\/\/www.el-pan-alegre.org\/wordpress\/3137-am-23-november-2025-heisst-es-wieder-im-familienzentrum-menschenskinder-in-berlin-kinder-kochen-fuer-ihre-eltern\/#primaryimage"},"image":{"@id":"https:\/\/www.el-pan-alegre.org\/wordpress\/3137-am-23-november-2025-heisst-es-wieder-im-familienzentrum-menschenskinder-in-berlin-kinder-kochen-fuer-ihre-eltern\/#primaryimage"},"thumbnailUrl":"https:\/\/www.el-pan-alegre.org\/wordpress\/wp-content\/uploads\/2025\/10\/251017-Kinder-kochen-fuer-ihre-Eltern-Poster-A4-1024x1024.jpg","datePublished":"2025-10-27T17:24:47+00:00","dateModified":"2025-10-27T17:31:49+00:00","author":{"@id":"https:\/\/www.el-pan-alegre.org\/wordpress\/#\/schema\/person\/a61ba0bec6094c61dbf9da4e4e4e5bfe"},"description":"Hier \u00fcbernehmen Kinder von 6 bis 12 Jahren das Kommando am Herd \u2013 und zeigen, wie viel Kreativit\u00e4t, Teamgeist und Nachhaltigkeit in ihnen steckt.","breadcrumb":{"@id":"https:\/\/www.el-pan-alegre.org\/wordpress\/3137-am-23-november-2025-heisst-es-wieder-im-familienzentrum-menschenskinder-in-berlin-kinder-kochen-fuer-ihre-eltern\/#breadcrumb"},"inLanguage":"de","potentialAction":[{"@type":"ReadAction","target":["https:\/\/www.el-pan-alegre.org\/wordpress\/3137-am-23-november-2025-heisst-es-wieder-im-familienzentrum-menschenskinder-in-berlin-kinder-kochen-fuer-ihre-eltern\/"]}]},{"@type":"ImageObject","inLanguage":"de","@id":"https:\/\/www.el-pan-alegre.org\/wordpress\/3137-am-23-november-2025-heisst-es-wieder-im-familienzentrum-menschenskinder-in-berlin-kinder-kochen-fuer-ihre-eltern\/#primaryimage","url":"https:\/\/www.el-pan-alegre.org\/wordpress\/wp-content\/uploads\/2025\/10\/251017-Kinder-kochen-fuer-ihre-Eltern-Poster-A4.jpg","contentUrl":"https:\/\/www.el-pan-alegre.org\/wordpress\/wp-content\/uploads\/2025\/10\/251017-Kinder-kochen-fuer-ihre-Eltern-Poster-A4.jpg","width":2000,"height":2000},{"@type":"BreadcrumbList","@id":"https:\/\/www.el-pan-alegre.org\/wordpress\/3137-am-23-november-2025-heisst-es-wieder-im-familienzentrum-menschenskinder-in-berlin-kinder-kochen-fuer-ihre-eltern\/#breadcrumb","itemListElement":[{"@type":"ListItem","position":1,"name":"Home","item":"https:\/\/www.el-pan-alegre.org\/wordpress\/"},{"@type":"ListItem","position":2,"name":"Am 23. November 2025 hei\u00dft es wieder im Familienzentrum Menschenskinder in Berlin: \u201eKinder kochen f\u00fcr ihre Eltern\u201c!"}]},{"@type":"WebSite","@id":"https:\/\/www.el-pan-alegre.org\/wordpress\/#website","url":"https:\/\/www.el-pan-alegre.org\/wordpress\/","name":"El Pan Alegre","description":"Das Fr\u00f6hliche Brot","potentialAction":[{"@type":"SearchAction","target":{"@type":"EntryPoint","urlTemplate":"https:\/\/www.el-pan-alegre.org\/wordpress\/?s={search_term_string}"},"query-input":{"@type":"PropertyValueSpecification","valueRequired":true,"valueName":"search_term_string"}}],"inLanguage":"de"},{"@type":"Person","@id":"https:\/\/www.el-pan-alegre.org\/wordpress\/#\/schema\/person\/a61ba0bec6094c61dbf9da4e4e4e5bfe","name":"Anja Mocker","image":{"@type":"ImageObject","inLanguage":"de","@id":"https:\/\/secure.gravatar.com\/avatar\/c283b0b556471cdaac4be59c661b13c1e141f08ca0dd2eb8f8d587262d7f04bb?s=96&d=identicon&r=g","url":"https:\/\/secure.gravatar.com\/avatar\/c283b0b556471cdaac4be59c661b13c1e141f08ca0dd2eb8f8d587262d7f04bb?s=96&d=identicon&r=g","contentUrl":"https:\/\/secure.gravatar.com\/avatar\/c283b0b556471cdaac4be59c661b13c1e141f08ca0dd2eb8f8d587262d7f04bb?s=96&d=identicon&r=g","caption":"Anja Mocker"},"url":"https:\/\/www.el-pan-alegre.org\/wordpress\/author\/admin\/"}]}},"jetpack_publicize_connections":[],"jetpack_featured_media_url":"","jetpack_sharing_enabled":true,"jetpack_shortlink":"https:\/\/wp.me\/p62TDh-OB","jetpack-related-posts":[{"id":3111,"url":"https:\/\/www.el-pan-alegre.org\/wordpress\/3111-kinder-kochen-fuer-ihre-eltern-ein-genussvoller-perspektivwechsel-im-sinne-nachhaltiger-bildung\/","url_meta":{"origin":3137,"position":0},"title":"\u201eKinder kochen f\u00fcr ihre Eltern\u201c \u2013 Ein genussvoller Perspektivwechsel im Sinne nachhaltiger Bildung","author":"Anja Mocker","date":"9. Mai 2025","format":false,"excerpt":"Am 18. Mai 2025 verwandelt sich das Familienzentrum Menschenskinder in Berlin in eine kreative Kinderk\u00fcche: Der Verein En Buenas Manos e.V. l\u00e4dt im Rahmen der Bildung f\u00fcr nachhaltige Entwicklung (BNE) zu einem besonderen Workshop ein. Unter dem Motto \u201eKinder kochen f\u00fcr ihre Eltern\u201c \u00fcbernehmen f\u00fcr einen Tag die J\u00fcngsten die\u2026","rel":"","context":"In &quot;Anja&quot;","block_context":{"text":"Anja","link":"https:\/\/www.el-pan-alegre.org\/wordpress\/kategorie\/anja\/"},"img":{"alt_text":"","src":"https:\/\/i0.wp.com\/www.el-pan-alegre.org\/wordpress\/wp-content\/uploads\/2025\/05\/Poster-A4-Kinder-kochen-fuer-ihre-Eltern.jpg?resize=350%2C200&ssl=1","width":350,"height":200,"srcset":"https:\/\/i0.wp.com\/www.el-pan-alegre.org\/wordpress\/wp-content\/uploads\/2025\/05\/Poster-A4-Kinder-kochen-fuer-ihre-Eltern.jpg?resize=350%2C200&ssl=1 1x, https:\/\/i0.wp.com\/www.el-pan-alegre.org\/wordpress\/wp-content\/uploads\/2025\/05\/Poster-A4-Kinder-kochen-fuer-ihre-Eltern.jpg?resize=525%2C300&ssl=1 1.5x, https:\/\/i0.wp.com\/www.el-pan-alegre.org\/wordpress\/wp-content\/uploads\/2025\/05\/Poster-A4-Kinder-kochen-fuer-ihre-Eltern.jpg?resize=700%2C400&ssl=1 2x, https:\/\/i0.wp.com\/www.el-pan-alegre.org\/wordpress\/wp-content\/uploads\/2025\/05\/Poster-A4-Kinder-kochen-fuer-ihre-Eltern.jpg?resize=1050%2C600&ssl=1 3x, https:\/\/i0.wp.com\/www.el-pan-alegre.org\/wordpress\/wp-content\/uploads\/2025\/05\/Poster-A4-Kinder-kochen-fuer-ihre-Eltern.jpg?resize=1400%2C800&ssl=1 4x"},"classes":[]},{"id":2977,"url":"https:\/\/www.el-pan-alegre.org\/wordpress\/2977-kinder-kochen-fuer-ihre-eltern-und-als-nachtisch-gibt-es-lecker-amaranthknusperwaffeln\/","url_meta":{"origin":3137,"position":1},"title":"Kinder kochen f\u00fcr ihre Eltern &#8211; und als Nachtisch gibt es lecker Amaranthknusperwaffeln","author":"Anja Mocker","date":"16. Februar 2024","format":false,"excerpt":"Am Sonntag, den 18. Februar wird die Ern\u00e4hrungssituation in der Familie mal umgedreht. Im Familienzentrum werden die Kinder den Kochl\u00f6ffel \u00fcbernehmen und f\u00fcr ihre Eltern ein 3-G\u00e4nge-Men\u00fc zaubern. Als Nachtisch gibt es die hoch n\u00e4hrstoffhaltigen Amaranth-Knusperwaffeln auf Wunsch von Frederick. Die Kinder werden von Robert, Anja und zwei weiteren Erwachsenen\u2026","rel":"","context":"In &quot;Allgemein&quot;","block_context":{"text":"Allgemein","link":"https:\/\/www.el-pan-alegre.org\/wordpress\/kategorie\/allgemein\/"},"img":{"alt_text":"","src":"https:\/\/i0.wp.com\/www.el-pan-alegre.org\/wordpress\/wp-content\/uploads\/2024\/02\/240122-Flyer-Kinderkochen-A4-V4-scaled.jpg?resize=350%2C200&ssl=1","width":350,"height":200,"srcset":"https:\/\/i0.wp.com\/www.el-pan-alegre.org\/wordpress\/wp-content\/uploads\/2024\/02\/240122-Flyer-Kinderkochen-A4-V4-scaled.jpg?resize=350%2C200&ssl=1 1x, https:\/\/i0.wp.com\/www.el-pan-alegre.org\/wordpress\/wp-content\/uploads\/2024\/02\/240122-Flyer-Kinderkochen-A4-V4-scaled.jpg?resize=525%2C300&ssl=1 1.5x, https:\/\/i0.wp.com\/www.el-pan-alegre.org\/wordpress\/wp-content\/uploads\/2024\/02\/240122-Flyer-Kinderkochen-A4-V4-scaled.jpg?resize=700%2C400&ssl=1 2x, https:\/\/i0.wp.com\/www.el-pan-alegre.org\/wordpress\/wp-content\/uploads\/2024\/02\/240122-Flyer-Kinderkochen-A4-V4-scaled.jpg?resize=1050%2C600&ssl=1 3x, https:\/\/i0.wp.com\/www.el-pan-alegre.org\/wordpress\/wp-content\/uploads\/2024\/02\/240122-Flyer-Kinderkochen-A4-V4-scaled.jpg?resize=1400%2C800&ssl=1 4x"},"classes":[]},{"id":3117,"url":"https:\/\/www.el-pan-alegre.org\/wordpress\/3117-ein-menue-das-verbindet-elfensalat-ofen-pommes-und-schoko-kokospudding-ein-besonderes-koch-event-mit-kindern\/","url_meta":{"origin":3137,"position":2},"title":"Ein Men\u00fc, das verbindet: Elfensalat, Ofen-Pommes und Schoko-Kokospudding \u2013 Ein besonderes Koch-Event mit Kindern","author":"Anja Mocker","date":"6. Juni 2025","format":false,"excerpt":"Wenn Kinder gemeinsam f\u00fcr ihre Familien kochen, entsteht weit mehr als nur ein leckeres Essen: Es wachsen Gemeinschaft, Kreativit\u00e4t und ein neues Bewusstsein f\u00fcr gesunde Ern\u00e4hrung. Genau das wurde beim besonderen Koch-Event von En Buenas Manos e.V. in Kooperation mit dem Familienzentrum Menschenskinder erlebbar \u2013 ein Tag, der Kindern nicht\u2026","rel":"","context":"In &quot;Allgemein&quot;","block_context":{"text":"Allgemein","link":"https:\/\/www.el-pan-alegre.org\/wordpress\/kategorie\/allgemein\/"},"img":{"alt_text":"","src":"https:\/\/i0.wp.com\/www.el-pan-alegre.org\/wordpress\/wp-content\/uploads\/2025\/06\/Kinder-kochen-fuer-ihre-Eltern-18.05.2025-1.jpg?resize=350%2C200&ssl=1","width":350,"height":200,"srcset":"https:\/\/i0.wp.com\/www.el-pan-alegre.org\/wordpress\/wp-content\/uploads\/2025\/06\/Kinder-kochen-fuer-ihre-Eltern-18.05.2025-1.jpg?resize=350%2C200&ssl=1 1x, https:\/\/i0.wp.com\/www.el-pan-alegre.org\/wordpress\/wp-content\/uploads\/2025\/06\/Kinder-kochen-fuer-ihre-Eltern-18.05.2025-1.jpg?resize=525%2C300&ssl=1 1.5x, https:\/\/i0.wp.com\/www.el-pan-alegre.org\/wordpress\/wp-content\/uploads\/2025\/06\/Kinder-kochen-fuer-ihre-Eltern-18.05.2025-1.jpg?resize=700%2C400&ssl=1 2x, https:\/\/i0.wp.com\/www.el-pan-alegre.org\/wordpress\/wp-content\/uploads\/2025\/06\/Kinder-kochen-fuer-ihre-Eltern-18.05.2025-1.jpg?resize=1050%2C600&ssl=1 3x"},"classes":[]},{"id":2981,"url":"https:\/\/www.el-pan-alegre.org\/wordpress\/2981-kinder-kochen-fuer-ihre-eltern-ein-voller-erfolg\/","url_meta":{"origin":3137,"position":3},"title":"Kinder kochen f\u00fcr ihre Eltern &#8211; ein voller Erfolg!!!","author":"Anja Mocker","date":"4. M\u00e4rz 2024","format":false,"excerpt":"Beim Kochprozess sind die Kinder alle notwendigen Schritte f\u00fcr das Herstellen eines 3-G\u00e4nge Men\u00fcs durchlaufen. Nur um einige zu nennen: Wie sieht der Arbeitsplatz aus, was brauchen wir f\u00fcr Zutaten, wie beachten wir die Lebensmittelhygiene, so dass keine:r krank wird, wie verarbeiten wir die Zutaten incl. Messerf\u00fchrerschein, wie werden die\u2026","rel":"","context":"In &quot;Allgemein&quot;","block_context":{"text":"Allgemein","link":"https:\/\/www.el-pan-alegre.org\/wordpress\/kategorie\/allgemein\/"},"img":{"alt_text":"","src":"https:\/\/i0.wp.com\/www.el-pan-alegre.org\/wordpress\/wp-content\/uploads\/2024\/03\/1.jpg?resize=350%2C200&ssl=1","width":350,"height":200,"srcset":"https:\/\/i0.wp.com\/www.el-pan-alegre.org\/wordpress\/wp-content\/uploads\/2024\/03\/1.jpg?resize=350%2C200&ssl=1 1x, https:\/\/i0.wp.com\/www.el-pan-alegre.org\/wordpress\/wp-content\/uploads\/2024\/03\/1.jpg?resize=525%2C300&ssl=1 1.5x, https:\/\/i0.wp.com\/www.el-pan-alegre.org\/wordpress\/wp-content\/uploads\/2024\/03\/1.jpg?resize=700%2C400&ssl=1 2x, https:\/\/i0.wp.com\/www.el-pan-alegre.org\/wordpress\/wp-content\/uploads\/2024\/03\/1.jpg?resize=1050%2C600&ssl=1 3x"},"classes":[]},{"id":3155,"url":"https:\/\/www.el-pan-alegre.org\/wordpress\/3155-am-8-november-findet-endlich-die-diesjaehrige-amaranthernte-im-menschenskindergarten-statt\/","url_meta":{"origin":3137,"position":4},"title":"Am 8. November findet endlich die diesj\u00e4hrige Amaranthernte im MenschenskinderGarten statt","author":"Anja Mocker","date":"5. November 2025","format":false,"excerpt":"Amaranthpops im M\u00fcsli kennt ihr wahrscheinlich. Wollt ihr wissen, wie die Pflanze aussieht, an der das kleinste Popcorn der Welt w\u00e4chst? Wann wei\u00df man, wann man die Samen ernten kann? Was kann man noch von der Pflanze essen? Und wie schmeckt Amaranthmehl? Diese und viele andere Fragen k\u00f6nnen beim Workshop\u2026","rel":"","context":"In &quot;Allgemein&quot;","block_context":{"text":"Allgemein","link":"https:\/\/www.el-pan-alegre.org\/wordpress\/kategorie\/allgemein\/"},"img":{"alt_text":"","src":"https:\/\/i0.wp.com\/www.el-pan-alegre.org\/wordpress\/wp-content\/uploads\/2025\/11\/251103-Amaranthernte.jpg?resize=350%2C200&ssl=1","width":350,"height":200,"srcset":"https:\/\/i0.wp.com\/www.el-pan-alegre.org\/wordpress\/wp-content\/uploads\/2025\/11\/251103-Amaranthernte.jpg?resize=350%2C200&ssl=1 1x, https:\/\/i0.wp.com\/www.el-pan-alegre.org\/wordpress\/wp-content\/uploads\/2025\/11\/251103-Amaranthernte.jpg?resize=525%2C300&ssl=1 1.5x, https:\/\/i0.wp.com\/www.el-pan-alegre.org\/wordpress\/wp-content\/uploads\/2025\/11\/251103-Amaranthernte.jpg?resize=700%2C400&ssl=1 2x, https:\/\/i0.wp.com\/www.el-pan-alegre.org\/wordpress\/wp-content\/uploads\/2025\/11\/251103-Amaranthernte.jpg?resize=1050%2C600&ssl=1 3x, https:\/\/i0.wp.com\/www.el-pan-alegre.org\/wordpress\/wp-content\/uploads\/2025\/11\/251103-Amaranthernte.jpg?resize=1400%2C800&ssl=1 4x"},"classes":[]},{"id":3030,"url":"https:\/\/www.el-pan-alegre.org\/wordpress\/3030-amaranth-ernte-am-14-september-2024-im-menschenskindergarten\/","url_meta":{"origin":3137,"position":5},"title":"Amaranth-Ernte am 14. September 2024 im MenschenskinderGarten","author":"Anja Mocker","date":"5. September 2024","format":false,"excerpt":"Amaranthpops im M\u00fcsli kennt ihr wahrscheinlich. Wollt ihr wissen, wie die Pflanze aussieht, an der das kleinste Popcorn der Welt w\u00e4chst? Wann wei\u00df man, wann man die Samen ernten kann? Was kann man noch von der Pflanze essen? Und wie schmeckt Amaranthmehl? Diese und viele andere Fragen k\u00f6nnen beim Workshop\u2026","rel":"","context":"In &quot;Amaranth&quot;","block_context":{"text":"Amaranth","link":"https:\/\/www.el-pan-alegre.org\/wordpress\/kategorie\/amaranth\/"},"img":{"alt_text":"","src":"https:\/\/i0.wp.com\/www.el-pan-alegre.org\/wordpress\/wp-content\/uploads\/2024\/09\/240702-Amaranthernte-2024.jpg?resize=350%2C200&ssl=1","width":350,"height":200,"srcset":"https:\/\/i0.wp.com\/www.el-pan-alegre.org\/wordpress\/wp-content\/uploads\/2024\/09\/240702-Amaranthernte-2024.jpg?resize=350%2C200&ssl=1 1x, https:\/\/i0.wp.com\/www.el-pan-alegre.org\/wordpress\/wp-content\/uploads\/2024\/09\/240702-Amaranthernte-2024.jpg?resize=525%2C300&ssl=1 1.5x, https:\/\/i0.wp.com\/www.el-pan-alegre.org\/wordpress\/wp-content\/uploads\/2024\/09\/240702-Amaranthernte-2024.jpg?resize=700%2C400&ssl=1 2x, https:\/\/i0.wp.com\/www.el-pan-alegre.org\/wordpress\/wp-content\/uploads\/2024\/09\/240702-Amaranthernte-2024.jpg?resize=1050%2C600&ssl=1 3x, https:\/\/i0.wp.com\/www.el-pan-alegre.org\/wordpress\/wp-content\/uploads\/2024\/09\/240702-Amaranthernte-2024.jpg?resize=1400%2C800&ssl=1 4x"},"classes":[]}],"_links":{"self":[{"href":"https:\/\/www.el-pan-alegre.org\/wordpress\/wp-json\/wp\/v2\/posts\/3137","targetHints":{"allow":["GET"]}}],"collection":[{"href":"https:\/\/www.el-pan-alegre.org\/wordpress\/wp-json\/wp\/v2\/posts"}],"about":[{"href":"https:\/\/www.el-pan-alegre.org\/wordpress\/wp-json\/wp\/v2\/types\/post"}],"author":[{"embeddable":true,"href":"https:\/\/www.el-pan-alegre.org\/wordpress\/wp-json\/wp\/v2\/users\/1"}],"replies":[{"embeddable":true,"href":"https:\/\/www.el-pan-alegre.org\/wordpress\/wp-json\/wp\/v2\/comments?post=3137"}],"version-history":[{"count":1,"href":"https:\/\/www.el-pan-alegre.org\/wordpress\/wp-json\/wp\/v2\/posts\/3137\/revisions"}],"predecessor-version":[{"id":3139,"href":"https:\/\/www.el-pan-alegre.org\/wordpress\/wp-json\/wp\/v2\/posts\/3137\/revisions\/3139"}],"wp:attachment":[{"href":"https:\/\/www.el-pan-alegre.org\/wordpress\/wp-json\/wp\/v2\/media?parent=3137"}],"wp:term":[{"taxonomy":"category","embeddable":true,"href":"https:\/\/www.el-pan-alegre.org\/wordpress\/wp-json\/wp\/v2\/categories?post=3137"},{"taxonomy":"post_tag","embeddable":true,"href":"https:\/\/www.el-pan-alegre.org\/wordpress\/wp-json\/wp\/v2\/tags?post=3137"}],"curies":[{"name":"wp","href":"https:\/\/api.w.org\/{rel}","templated":true}]}}