{"id":3117,"date":"2025-06-06T15:14:06","date_gmt":"2025-06-06T13:14:06","guid":{"rendered":"https:\/\/www.el-pan-alegre.org\/wordpress\/?p=3117"},"modified":"2025-09-14T15:53:34","modified_gmt":"2025-09-14T13:53:34","slug":"ein-menue-das-verbindet-elfensalat-ofen-pommes-und-schoko-kokospudding-ein-besonderes-koch-event-mit-kindern","status":"publish","type":"post","link":"https:\/\/www.el-pan-alegre.org\/wordpress\/3117-ein-menue-das-verbindet-elfensalat-ofen-pommes-und-schoko-kokospudding-ein-besonderes-koch-event-mit-kindern\/","title":{"rendered":"Ein Men\u00fc, das verbindet: Elfensalat, Ofen-Pommes und Schoko-Kokospudding \u2013 Ein besonderes Koch-Event mit Kindern"},"content":{"rendered":"\n<figure class=\"wp-block-image size-large\"><a href=\"https:\/\/www.el-pan-alegre.org\/wordpress\/wp-content\/uploads\/2025\/06\/Kinder-kochen-fuer-ihre-Eltern-18.05.2025-1.jpg\"><img loading=\"lazy\" decoding=\"async\" width=\"1024\" height=\"1024\" src=\"https:\/\/www.el-pan-alegre.org\/wordpress\/wp-content\/uploads\/2025\/06\/Kinder-kochen-fuer-ihre-Eltern-18.05.2025-1-1024x1024.jpg\" alt=\"\" class=\"wp-image-3118\" srcset=\"https:\/\/www.el-pan-alegre.org\/wordpress\/wp-content\/uploads\/2025\/06\/Kinder-kochen-fuer-ihre-Eltern-18.05.2025-1-1024x1024.jpg 1024w, https:\/\/www.el-pan-alegre.org\/wordpress\/wp-content\/uploads\/2025\/06\/Kinder-kochen-fuer-ihre-Eltern-18.05.2025-1-300x300.jpg 300w, https:\/\/www.el-pan-alegre.org\/wordpress\/wp-content\/uploads\/2025\/06\/Kinder-kochen-fuer-ihre-Eltern-18.05.2025-1-150x150.jpg 150w, https:\/\/www.el-pan-alegre.org\/wordpress\/wp-content\/uploads\/2025\/06\/Kinder-kochen-fuer-ihre-Eltern-18.05.2025-1-768x768.jpg 768w, https:\/\/www.el-pan-alegre.org\/wordpress\/wp-content\/uploads\/2025\/06\/Kinder-kochen-fuer-ihre-Eltern-18.05.2025-1.jpg 1080w\" sizes=\"auto, (max-width: 1024px) 100vw, 1024px\" \/><\/a><\/figure>\n\n\n\n<!--more-->\n\n\n\n<p>Wenn Kinder gemeinsam f\u00fcr ihre Familien kochen, entsteht weit mehr als nur ein leckeres Essen: Es wachsen Gemeinschaft, Kreativit\u00e4t und ein neues Bewusstsein f\u00fcr gesunde Ern\u00e4hrung. Genau das wurde beim besonderen Koch-Event von <em>En Buenas Manos e.V.<\/em> in Kooperation mit dem <em>Familienzentrum Menschenskinder<\/em> erlebbar \u2013 ein Tag, der Kindern nicht nur kulinarische F\u00e4higkeiten, sondern auch Selbstbewusstsein, Teamgeist und Naturverbundenheit schenkte.<\/p>\n\n\n\n<figure class=\"wp-block-image size-large\"><a href=\"https:\/\/www.el-pan-alegre.org\/wordpress\/wp-content\/uploads\/2025\/06\/Kinder-kochen-fuer-ihre-Eltern-18.05.2025-2.jpg\"><img loading=\"lazy\" decoding=\"async\" width=\"1024\" height=\"1024\" src=\"https:\/\/www.el-pan-alegre.org\/wordpress\/wp-content\/uploads\/2025\/06\/Kinder-kochen-fuer-ihre-Eltern-18.05.2025-2-1024x1024.jpg\" alt=\"\" class=\"wp-image-3119\" srcset=\"https:\/\/www.el-pan-alegre.org\/wordpress\/wp-content\/uploads\/2025\/06\/Kinder-kochen-fuer-ihre-Eltern-18.05.2025-2-1024x1024.jpg 1024w, https:\/\/www.el-pan-alegre.org\/wordpress\/wp-content\/uploads\/2025\/06\/Kinder-kochen-fuer-ihre-Eltern-18.05.2025-2-300x300.jpg 300w, https:\/\/www.el-pan-alegre.org\/wordpress\/wp-content\/uploads\/2025\/06\/Kinder-kochen-fuer-ihre-Eltern-18.05.2025-2-150x150.jpg 150w, https:\/\/www.el-pan-alegre.org\/wordpress\/wp-content\/uploads\/2025\/06\/Kinder-kochen-fuer-ihre-Eltern-18.05.2025-2-768x768.jpg 768w, https:\/\/www.el-pan-alegre.org\/wordpress\/wp-content\/uploads\/2025\/06\/Kinder-kochen-fuer-ihre-Eltern-18.05.2025-2.jpg 1080w\" sizes=\"auto, (max-width: 1024px) 100vw, 1024px\" \/><\/a><\/figure>\n\n\n\n<hr class=\"wp-block-separator has-alpha-channel-opacity\"\/>\n\n\n\n<h1 class=\"wp-block-heading\"><strong>Elfensalat: Wildkr\u00e4uter sammeln und schmecken<\/strong><\/h1>\n\n\n\n<p>Der Einstieg ins Men\u00fc war so fantasievoll wie gesund: der <strong>Elfensalat<\/strong>. Gemeinsam machten sich die Kinder auf den Weg in den Gemeinschaftsgarten, wo sie unter fachkundiger Anleitung Wildkr\u00e4uter sammelten. Dabei lernten sie, welche Pflanzen essbar sind und wie sie schmecken.<\/p>\n\n\n\n<p><strong>Margerite<\/strong>, <strong>L\u00f6wenzahn<\/strong>, <strong>Giersch<\/strong> und andere Wildkr\u00e4uter fanden frisch ihren Weg in die Sch\u00fcssel. Der Salat war nicht nur bunt, aromatisch und gesund, sondern auch ein Symbol f\u00fcr Nachhaltigkeit und Wertsch\u00e4tzung der Natur direkt vor der eigenen Haust\u00fcr.<\/p>\n\n\n\n<figure class=\"wp-block-image size-large\"><a href=\"https:\/\/www.el-pan-alegre.org\/wordpress\/wp-content\/uploads\/2025\/06\/Kinder-kochen-fuer-ihre-Eltern-18.05.2025-3.jpg\"><img loading=\"lazy\" decoding=\"async\" width=\"1024\" height=\"1024\" src=\"https:\/\/www.el-pan-alegre.org\/wordpress\/wp-content\/uploads\/2025\/06\/Kinder-kochen-fuer-ihre-Eltern-18.05.2025-3-1024x1024.jpg\" alt=\"\" class=\"wp-image-3120\" srcset=\"https:\/\/www.el-pan-alegre.org\/wordpress\/wp-content\/uploads\/2025\/06\/Kinder-kochen-fuer-ihre-Eltern-18.05.2025-3-1024x1024.jpg 1024w, https:\/\/www.el-pan-alegre.org\/wordpress\/wp-content\/uploads\/2025\/06\/Kinder-kochen-fuer-ihre-Eltern-18.05.2025-3-300x300.jpg 300w, https:\/\/www.el-pan-alegre.org\/wordpress\/wp-content\/uploads\/2025\/06\/Kinder-kochen-fuer-ihre-Eltern-18.05.2025-3-150x150.jpg 150w, https:\/\/www.el-pan-alegre.org\/wordpress\/wp-content\/uploads\/2025\/06\/Kinder-kochen-fuer-ihre-Eltern-18.05.2025-3-768x768.jpg 768w, https:\/\/www.el-pan-alegre.org\/wordpress\/wp-content\/uploads\/2025\/06\/Kinder-kochen-fuer-ihre-Eltern-18.05.2025-3.jpg 1080w\" sizes=\"auto, (max-width: 1024px) 100vw, 1024px\" \/><\/a><\/figure>\n\n\n\n<hr class=\"wp-block-separator has-alpha-channel-opacity\"\/>\n\n\n\n<h1 class=\"wp-block-heading\"><strong>Ofen-Pommes mit hausgemachtem Ketchup &amp; Sourcream<\/strong><\/h1>\n\n\n\n<p>Zum Hauptgericht wurde es herzhaft \u2013 und \u00fcberraschend gesund: <strong>knusprige Ofen-Pommes<\/strong>, von den Kindern eigenh\u00e4ndig geschnitten, gew\u00fcrzt und goldbraun gebacken.<\/p>\n\n\n\n<p>Dazu servierten sie zwei selbstgemachte Dips:<\/p>\n\n\n\n<ul class=\"wp-block-list\">\n<li><strong>Tomatenketchup<\/strong> aus frischen Tomaten, ganz ohne Zucker oder Zusatzstoffe<\/li>\n\n\n\n<li>eine frische <strong>Sourcream<\/strong>, die mit Kr\u00e4utern verfeinert das Gericht perfekt abrundete<\/li>\n<\/ul>\n\n\n\n<p>Die Kinder staunten, wie einfach und lecker gesunde Alternativen zu industriellen Produkten sein k\u00f6nnen \u2013 und wie viel Spa\u00df es macht, diese selbst herzustellen.<\/p>\n\n\n\n<figure class=\"wp-block-image size-large\"><a href=\"https:\/\/www.el-pan-alegre.org\/wordpress\/wp-content\/uploads\/2025\/06\/Kinder-kochen-fuer-ihre-Eltern-18.05.2025-4.jpg\"><img loading=\"lazy\" decoding=\"async\" width=\"1024\" height=\"1024\" src=\"https:\/\/www.el-pan-alegre.org\/wordpress\/wp-content\/uploads\/2025\/06\/Kinder-kochen-fuer-ihre-Eltern-18.05.2025-4-1024x1024.jpg\" alt=\"\" class=\"wp-image-3122\" srcset=\"https:\/\/www.el-pan-alegre.org\/wordpress\/wp-content\/uploads\/2025\/06\/Kinder-kochen-fuer-ihre-Eltern-18.05.2025-4-1024x1024.jpg 1024w, https:\/\/www.el-pan-alegre.org\/wordpress\/wp-content\/uploads\/2025\/06\/Kinder-kochen-fuer-ihre-Eltern-18.05.2025-4-300x300.jpg 300w, https:\/\/www.el-pan-alegre.org\/wordpress\/wp-content\/uploads\/2025\/06\/Kinder-kochen-fuer-ihre-Eltern-18.05.2025-4-150x150.jpg 150w, https:\/\/www.el-pan-alegre.org\/wordpress\/wp-content\/uploads\/2025\/06\/Kinder-kochen-fuer-ihre-Eltern-18.05.2025-4-768x768.jpg 768w, https:\/\/www.el-pan-alegre.org\/wordpress\/wp-content\/uploads\/2025\/06\/Kinder-kochen-fuer-ihre-Eltern-18.05.2025-4.jpg 1080w\" sizes=\"auto, (max-width: 1024px) 100vw, 1024px\" \/><\/a><\/figure>\n\n\n\n<hr class=\"wp-block-separator has-alpha-channel-opacity\"\/>\n\n\n\n<h1 class=\"wp-block-heading\"><strong>Dessert mit Wow-Effekt: Schoko<\/strong>&#8211;<strong>Kokospudding<\/strong><\/h1>\n\n\n\n<p>Zum s\u00fc\u00dfen Abschluss verw\u00f6hnten die kleinen K\u00f6ch:innen ihre G\u00e4ste mit einem <strong>Schoko-Kokospudding<\/strong>, der ganz ohne Fertigpulver und raffinierten Zucker auskam. Die Kombination aus cremiger Kokosmilch und dunkler Schokolade war ein Genuss f\u00fcr alle Sinne \u2013 leicht, aromatisch und rundum k\u00f6stlich.<\/p>\n\n\n\n<figure class=\"wp-block-image size-large\"><a href=\"https:\/\/www.el-pan-alegre.org\/wordpress\/wp-content\/uploads\/2025\/06\/Kinder-kochen-fuer-ihre-Eltern-18.05.2025-5.jpg\"><img loading=\"lazy\" decoding=\"async\" width=\"1024\" height=\"1024\" src=\"https:\/\/www.el-pan-alegre.org\/wordpress\/wp-content\/uploads\/2025\/06\/Kinder-kochen-fuer-ihre-Eltern-18.05.2025-5-1024x1024.jpg\" alt=\"\" class=\"wp-image-3123\" srcset=\"https:\/\/www.el-pan-alegre.org\/wordpress\/wp-content\/uploads\/2025\/06\/Kinder-kochen-fuer-ihre-Eltern-18.05.2025-5-1024x1024.jpg 1024w, https:\/\/www.el-pan-alegre.org\/wordpress\/wp-content\/uploads\/2025\/06\/Kinder-kochen-fuer-ihre-Eltern-18.05.2025-5-300x300.jpg 300w, https:\/\/www.el-pan-alegre.org\/wordpress\/wp-content\/uploads\/2025\/06\/Kinder-kochen-fuer-ihre-Eltern-18.05.2025-5-150x150.jpg 150w, https:\/\/www.el-pan-alegre.org\/wordpress\/wp-content\/uploads\/2025\/06\/Kinder-kochen-fuer-ihre-Eltern-18.05.2025-5-768x768.jpg 768w, https:\/\/www.el-pan-alegre.org\/wordpress\/wp-content\/uploads\/2025\/06\/Kinder-kochen-fuer-ihre-Eltern-18.05.2025-5.jpg 1080w\" sizes=\"auto, (max-width: 1024px) 100vw, 1024px\" \/><\/a><\/figure>\n\n\n\n<hr class=\"wp-block-separator has-alpha-channel-opacity\"\/>\n\n\n\n<h1 class=\"wp-block-heading\"><strong>Ein Event, das mehr bewirkt<\/strong><\/h1>\n\n\n\n<p>Was dieses Men\u00fc so besonders macht? Es war mehr als eine Mahlzeit \u2013 es war ein gemeinschaftliches Erlebnis mit vielen wertvollen Facetten:<\/p>\n\n\n\n<p><strong>Frische &amp; Regionalit\u00e4t<\/strong> \u2013 Zutaten direkt aus dem Garten und der Region<br><strong>Naturerlebnis<\/strong> \u2013 Kr\u00e4utersammeln als praktischer Biologie-Unterricht<br><strong>Selbstgemacht<\/strong> \u2013 jedes Gericht mit eigener Hand zubereitet<br><strong>Gesund &amp; ausgewogen<\/strong> \u2013 Vitamine, Ballaststoffe und guter Geschmack<br><strong>Teamwork &amp; Stolz<\/strong> \u2013 Kinder \u00fcbernehmen Verantwortung und wachsen gemeinsam<\/p>\n\n\n\n<hr class=\"wp-block-separator has-alpha-channel-opacity\"\/>\n\n\n\n<h1 class=\"wp-block-heading\"><strong>Wenn kleine K\u00f6ch:innen Gro\u00dfes zaubern<\/strong><\/h1>\n\n\n\n<p>Insgesamt nahmen <strong>zw\u00f6lf Kinder<\/strong> am Projekt teil, aufgeteilt in drei Kochteams \u2013 eines pro Gang. Gemeinsam zauberten sie ein Men\u00fc f\u00fcr \u00fcber <strong>30 G\u00e4ste<\/strong>, darunter Eltern, Geschwister und Betreuer:innen. Die Begeisterung war sp\u00fcrbar: Die Kinder waren stolz auf ihre Leistungen, und die G\u00e4ste rundum begeistert vom Geschmack und der Atmosph\u00e4re.<\/p>\n\n\n\n<hr class=\"wp-block-separator has-alpha-channel-opacity\"\/>\n\n\n\n<h1 class=\"wp-block-heading\"><strong>Wiederholung geplant \u2013 Eure Unterst\u00fctzung z\u00e4hlt!<\/strong><\/h1>\n\n\n\n<p>Aufgrund des \u00fcberw\u00e4ltigenden Feedbacks planen <em>En Buenas Manos e.V.<\/em> und das <em>Familienzentrum Menschenskinder<\/em> eine <strong>Wiederholung im Herbst<\/strong>. Damit auch dann wieder viele Kinder teilnehmen und wertvolle Erfahrungen sammeln k\u00f6nnen, ist der Verein auf <strong>Spenden<\/strong> angewiesen.<\/p>\n\n\n\n<p><strong>Eure Hilfe macht den Unterschied!<\/strong><br>Unterst\u00fctze dieses Projekt \u2013 jeder Beitrag z\u00e4hlt und erm\u00f6glicht Kindern Zugang zu gesunder Ern\u00e4hrung, Naturerfahrung und Gemeinschaft.<\/p>\n\n\n\n<p>\u27a1\ufe0f Spendenkonto und weitere Informationen findest Du <a href=\"https:\/\/www.el-pan-alegre.org\/wordpress\/en-buenas-manos-e-v\/mitmachen\/\">hier<\/a>.<\/p>\n\n\n\n<figure class=\"wp-block-image size-large\"><a href=\"https:\/\/www.el-pan-alegre.org\/wordpress\/wp-content\/uploads\/2025\/06\/Kinder-kochen-fuer-ihre-Eltern-18.05.2025-6.jpg\"><img loading=\"lazy\" decoding=\"async\" width=\"1024\" height=\"1024\" src=\"https:\/\/www.el-pan-alegre.org\/wordpress\/wp-content\/uploads\/2025\/06\/Kinder-kochen-fuer-ihre-Eltern-18.05.2025-6-1024x1024.jpg\" alt=\"\" class=\"wp-image-3124\" srcset=\"https:\/\/www.el-pan-alegre.org\/wordpress\/wp-content\/uploads\/2025\/06\/Kinder-kochen-fuer-ihre-Eltern-18.05.2025-6-1024x1024.jpg 1024w, https:\/\/www.el-pan-alegre.org\/wordpress\/wp-content\/uploads\/2025\/06\/Kinder-kochen-fuer-ihre-Eltern-18.05.2025-6-300x300.jpg 300w, https:\/\/www.el-pan-alegre.org\/wordpress\/wp-content\/uploads\/2025\/06\/Kinder-kochen-fuer-ihre-Eltern-18.05.2025-6-150x150.jpg 150w, https:\/\/www.el-pan-alegre.org\/wordpress\/wp-content\/uploads\/2025\/06\/Kinder-kochen-fuer-ihre-Eltern-18.05.2025-6-768x768.jpg 768w, https:\/\/www.el-pan-alegre.org\/wordpress\/wp-content\/uploads\/2025\/06\/Kinder-kochen-fuer-ihre-Eltern-18.05.2025-6.jpg 1080w\" sizes=\"auto, (max-width: 1024px) 100vw, 1024px\" \/><\/a><\/figure>\n\n\n\n<hr class=\"wp-block-separator has-alpha-channel-opacity\"\/>\n\n\n\n<p><strong>Ein gro\u00dfes Dankesch\u00f6n<\/strong> an alle kleinen K\u00f6ch:innen, die mit Begeisterung und Kreativit\u00e4t ein wahres Fest f\u00fcr alle Sinne bereitet haben \u2013 und an alle Unterst\u00fctzer:innen, die dieses Erlebnis m\u00f6glich gemacht haben.<\/p>\n\n\n\n<p>Wir freuen uns schon auf das n\u00e4chste Mal \u2013 wenn kleine K\u00f6ch:innen wieder Gro\u00dfes zaubern! <\/p>\n\n\n\n<p><\/p>\n\n\n\n<hr class=\"wp-block-separator has-alpha-channel-opacity\"\/>\n\n\n\n<h1 class=\"wp-block-heading\"><strong>Feedback<\/strong><\/h1>\n\n\n\n<p><strong>Beatrice:<\/strong> Die Veranstaltung war wunder~sch\u00f6n, liebe~voll und gesund~lecker! \ud83d\ude09<br>Es ist so eine tolle Erfahrung f\u00fcr die Kinder und alle Familien!!!<\/p>\n\n\n\n<p><strong>Lydia:<\/strong> Vielen Dank f\u00fcr den unglaublich sch\u00f6nen Workshop, von dem die Kinder noch heute erz\u00e4hlen und der auch f\u00fcr uns Eltern rundum perfekt war! Wie toll, dass es so eine Veranstaltung f\u00fcr Familien gibt und ihr euch am Sonntag daf\u00fcr die Zeit nehmt!<\/p>\n\n\n\n<p><\/p>\n","protected":false},"excerpt":{"rendered":"","protected":false},"author":1,"featured_media":3118,"comment_status":"closed","ping_status":"closed","sticky":false,"template":"","format":"standard","meta":{"jetpack_post_was_ever_published":false,"_jetpack_newsletter_access":"","_jetpack_dont_email_post_to_subs":false,"_jetpack_newsletter_tier_id":0,"_jetpack_memberships_contains_paywalled_content":false,"_jetpack_memberships_contains_paid_content":false,"footnotes":"","jetpack_publicize_message":"Es war so ein sch\u00f6nes Event :) Gerne wieder im Herbst!!! Tolles Feedback von den Kindern und ihren Familien. Damit auch dann wieder viele Kinder teilnehmen und wertvolle Erfahrungen sammeln k\u00f6nnen, ist der Verein auf Spenden angewiesen.","jetpack_publicize_feature_enabled":true,"jetpack_social_post_already_shared":true,"jetpack_social_options":{"image_generator_settings":{"template":"highway","default_image_id":0,"font":"","enabled":false},"version":2}},"categories":[1,23,118,124,120,4,8],"tags":[116,80,117,121,78,96],"class_list":["post-3117","post","type-post","status-publish","format-standard","has-post-thumbnail","hentry","category-allgemein","category-fotos","category-gesunde-ernaehrung","category-lebensmittelpunkt","category-menschenskindergarten","category-veranstaltung","category-verein","tag-anja","tag-en-buenas-manos-e-v","tag-gesunde-ernaehrung","tag-menschenskindergarten","tag-veranstaltung","tag-workshop"],"yoast_head":"<!-- This site is optimized with the Yoast SEO plugin v27.5 - https:\/\/yoast.com\/product\/yoast-seo-wordpress\/ -->\n<title>Ein Men\u00fc, das verbindet: Elfensalat, Ofen-Pommes und Schoko-Kokospudding \u2013 Ein besonderes Koch-Event mit Kindern - El Pan Alegre<\/title>\n<meta name=\"robots\" content=\"index, follow, max-snippet:-1, max-image-preview:large, max-video-preview:-1\" \/>\n<link rel=\"canonical\" href=\"https:\/\/www.el-pan-alegre.org\/wordpress\/3117-ein-menue-das-verbindet-elfensalat-ofen-pommes-und-schoko-kokospudding-ein-besonderes-koch-event-mit-kindern\/\" \/>\n<meta property=\"og:locale\" content=\"de_DE\" \/>\n<meta property=\"og:type\" content=\"article\" \/>\n<meta property=\"og:title\" content=\"Ein Men\u00fc, das verbindet: Elfensalat, Ofen-Pommes und Schoko-Kokospudding \u2013 Ein besonderes Koch-Event mit Kindern - El Pan Alegre\" \/>\n<meta property=\"og:url\" content=\"https:\/\/www.el-pan-alegre.org\/wordpress\/3117-ein-menue-das-verbindet-elfensalat-ofen-pommes-und-schoko-kokospudding-ein-besonderes-koch-event-mit-kindern\/\" \/>\n<meta property=\"og:site_name\" content=\"El Pan Alegre\" \/>\n<meta property=\"article:published_time\" content=\"2025-06-06T13:14:06+00:00\" \/>\n<meta property=\"article:modified_time\" content=\"2025-09-14T13:53:34+00:00\" \/>\n<meta property=\"og:image\" content=\"https:\/\/www.el-pan-alegre.org\/wordpress\/wp-content\/uploads\/2025\/06\/Kinder-kochen-fuer-ihre-Eltern-18.05.2025-1.jpg\" \/>\n\t<meta property=\"og:image:width\" content=\"1080\" \/>\n\t<meta property=\"og:image:height\" content=\"1080\" \/>\n\t<meta property=\"og:image:type\" content=\"image\/jpeg\" \/>\n<meta name=\"author\" content=\"Anja Mocker\" \/>\n<meta name=\"twitter:card\" content=\"summary_large_image\" \/>\n<meta name=\"twitter:label1\" content=\"Verfasst von\" \/>\n\t<meta name=\"twitter:data1\" content=\"Anja Mocker\" \/>\n\t<meta name=\"twitter:label2\" content=\"Gesch\u00e4tzte Lesezeit\" \/>\n\t<meta name=\"twitter:data2\" content=\"5\u00a0Minuten\" \/>\n<script type=\"application\/ld+json\" class=\"yoast-schema-graph\">{\"@context\":\"https:\\\/\\\/schema.org\",\"@graph\":[{\"@type\":\"Article\",\"@id\":\"https:\\\/\\\/www.el-pan-alegre.org\\\/wordpress\\\/3117-ein-menue-das-verbindet-elfensalat-ofen-pommes-und-schoko-kokospudding-ein-besonderes-koch-event-mit-kindern\\\/#article\",\"isPartOf\":{\"@id\":\"https:\\\/\\\/www.el-pan-alegre.org\\\/wordpress\\\/3117-ein-menue-das-verbindet-elfensalat-ofen-pommes-und-schoko-kokospudding-ein-besonderes-koch-event-mit-kindern\\\/\"},\"author\":{\"name\":\"Anja Mocker\",\"@id\":\"https:\\\/\\\/www.el-pan-alegre.org\\\/wordpress\\\/#\\\/schema\\\/person\\\/a61ba0bec6094c61dbf9da4e4e4e5bfe\"},\"headline\":\"Ein Men\u00fc, das verbindet: Elfensalat, Ofen-Pommes und Schoko-Kokospudding \u2013 Ein besonderes Koch-Event mit Kindern\",\"datePublished\":\"2025-06-06T13:14:06+00:00\",\"dateModified\":\"2025-09-14T13:53:34+00:00\",\"mainEntityOfPage\":{\"@id\":\"https:\\\/\\\/www.el-pan-alegre.org\\\/wordpress\\\/3117-ein-menue-das-verbindet-elfensalat-ofen-pommes-und-schoko-kokospudding-ein-besonderes-koch-event-mit-kindern\\\/\"},\"wordCount\":637,\"image\":{\"@id\":\"https:\\\/\\\/www.el-pan-alegre.org\\\/wordpress\\\/3117-ein-menue-das-verbindet-elfensalat-ofen-pommes-und-schoko-kokospudding-ein-besonderes-koch-event-mit-kindern\\\/#primaryimage\"},\"thumbnailUrl\":\"https:\\\/\\\/www.el-pan-alegre.org\\\/wordpress\\\/wp-content\\\/uploads\\\/2025\\\/06\\\/Kinder-kochen-fuer-ihre-Eltern-18.05.2025-1.jpg\",\"keywords\":[\"Anja\",\"En Buenas Manos e. V.\",\"Gesunde Ern\u00e4hrung\",\"MenschenskinderGarten\",\"Veranstaltung\",\"Workshop\"],\"articleSection\":{\"1\":\"Fotos\",\"2\":\"Gesunde Ern\u00e4hrung\",\"3\":\"LebensMittelpunkt\",\"4\":\"MenschenskinderGarten\",\"5\":\"Veranstaltung\",\"6\":\"Verein\"},\"inLanguage\":\"de\"},{\"@type\":\"WebPage\",\"@id\":\"https:\\\/\\\/www.el-pan-alegre.org\\\/wordpress\\\/3117-ein-menue-das-verbindet-elfensalat-ofen-pommes-und-schoko-kokospudding-ein-besonderes-koch-event-mit-kindern\\\/\",\"url\":\"https:\\\/\\\/www.el-pan-alegre.org\\\/wordpress\\\/3117-ein-menue-das-verbindet-elfensalat-ofen-pommes-und-schoko-kokospudding-ein-besonderes-koch-event-mit-kindern\\\/\",\"name\":\"Ein Men\u00fc, das verbindet: Elfensalat, Ofen-Pommes und Schoko-Kokospudding \u2013 Ein besonderes Koch-Event mit Kindern - El Pan Alegre\",\"isPartOf\":{\"@id\":\"https:\\\/\\\/www.el-pan-alegre.org\\\/wordpress\\\/#website\"},\"primaryImageOfPage\":{\"@id\":\"https:\\\/\\\/www.el-pan-alegre.org\\\/wordpress\\\/3117-ein-menue-das-verbindet-elfensalat-ofen-pommes-und-schoko-kokospudding-ein-besonderes-koch-event-mit-kindern\\\/#primaryimage\"},\"image\":{\"@id\":\"https:\\\/\\\/www.el-pan-alegre.org\\\/wordpress\\\/3117-ein-menue-das-verbindet-elfensalat-ofen-pommes-und-schoko-kokospudding-ein-besonderes-koch-event-mit-kindern\\\/#primaryimage\"},\"thumbnailUrl\":\"https:\\\/\\\/www.el-pan-alegre.org\\\/wordpress\\\/wp-content\\\/uploads\\\/2025\\\/06\\\/Kinder-kochen-fuer-ihre-Eltern-18.05.2025-1.jpg\",\"datePublished\":\"2025-06-06T13:14:06+00:00\",\"dateModified\":\"2025-09-14T13:53:34+00:00\",\"author\":{\"@id\":\"https:\\\/\\\/www.el-pan-alegre.org\\\/wordpress\\\/#\\\/schema\\\/person\\\/a61ba0bec6094c61dbf9da4e4e4e5bfe\"},\"breadcrumb\":{\"@id\":\"https:\\\/\\\/www.el-pan-alegre.org\\\/wordpress\\\/3117-ein-menue-das-verbindet-elfensalat-ofen-pommes-und-schoko-kokospudding-ein-besonderes-koch-event-mit-kindern\\\/#breadcrumb\"},\"inLanguage\":\"de\",\"potentialAction\":[{\"@type\":\"ReadAction\",\"target\":[\"https:\\\/\\\/www.el-pan-alegre.org\\\/wordpress\\\/3117-ein-menue-das-verbindet-elfensalat-ofen-pommes-und-schoko-kokospudding-ein-besonderes-koch-event-mit-kindern\\\/\"]}]},{\"@type\":\"ImageObject\",\"inLanguage\":\"de\",\"@id\":\"https:\\\/\\\/www.el-pan-alegre.org\\\/wordpress\\\/3117-ein-menue-das-verbindet-elfensalat-ofen-pommes-und-schoko-kokospudding-ein-besonderes-koch-event-mit-kindern\\\/#primaryimage\",\"url\":\"https:\\\/\\\/www.el-pan-alegre.org\\\/wordpress\\\/wp-content\\\/uploads\\\/2025\\\/06\\\/Kinder-kochen-fuer-ihre-Eltern-18.05.2025-1.jpg\",\"contentUrl\":\"https:\\\/\\\/www.el-pan-alegre.org\\\/wordpress\\\/wp-content\\\/uploads\\\/2025\\\/06\\\/Kinder-kochen-fuer-ihre-Eltern-18.05.2025-1.jpg\",\"width\":1080,\"height\":1080},{\"@type\":\"BreadcrumbList\",\"@id\":\"https:\\\/\\\/www.el-pan-alegre.org\\\/wordpress\\\/3117-ein-menue-das-verbindet-elfensalat-ofen-pommes-und-schoko-kokospudding-ein-besonderes-koch-event-mit-kindern\\\/#breadcrumb\",\"itemListElement\":[{\"@type\":\"ListItem\",\"position\":1,\"name\":\"Home\",\"item\":\"https:\\\/\\\/www.el-pan-alegre.org\\\/wordpress\\\/\"},{\"@type\":\"ListItem\",\"position\":2,\"name\":\"Ein Men\u00fc, das verbindet: Elfensalat, Ofen-Pommes und Schoko-Kokospudding \u2013 Ein besonderes Koch-Event mit Kindern\"}]},{\"@type\":\"WebSite\",\"@id\":\"https:\\\/\\\/www.el-pan-alegre.org\\\/wordpress\\\/#website\",\"url\":\"https:\\\/\\\/www.el-pan-alegre.org\\\/wordpress\\\/\",\"name\":\"El Pan Alegre\",\"description\":\"Das Fr\u00f6hliche Brot\",\"potentialAction\":[{\"@type\":\"SearchAction\",\"target\":{\"@type\":\"EntryPoint\",\"urlTemplate\":\"https:\\\/\\\/www.el-pan-alegre.org\\\/wordpress\\\/?s={search_term_string}\"},\"query-input\":{\"@type\":\"PropertyValueSpecification\",\"valueRequired\":true,\"valueName\":\"search_term_string\"}}],\"inLanguage\":\"de\"},{\"@type\":\"Person\",\"@id\":\"https:\\\/\\\/www.el-pan-alegre.org\\\/wordpress\\\/#\\\/schema\\\/person\\\/a61ba0bec6094c61dbf9da4e4e4e5bfe\",\"name\":\"Anja Mocker\",\"image\":{\"@type\":\"ImageObject\",\"inLanguage\":\"de\",\"@id\":\"https:\\\/\\\/secure.gravatar.com\\\/avatar\\\/c283b0b556471cdaac4be59c661b13c1e141f08ca0dd2eb8f8d587262d7f04bb?s=96&d=identicon&r=g\",\"url\":\"https:\\\/\\\/secure.gravatar.com\\\/avatar\\\/c283b0b556471cdaac4be59c661b13c1e141f08ca0dd2eb8f8d587262d7f04bb?s=96&d=identicon&r=g\",\"contentUrl\":\"https:\\\/\\\/secure.gravatar.com\\\/avatar\\\/c283b0b556471cdaac4be59c661b13c1e141f08ca0dd2eb8f8d587262d7f04bb?s=96&d=identicon&r=g\",\"caption\":\"Anja Mocker\"},\"url\":\"https:\\\/\\\/www.el-pan-alegre.org\\\/wordpress\\\/author\\\/admin\\\/\"}]}<\/script>\n<!-- \/ Yoast SEO plugin. -->","yoast_head_json":{"title":"Ein Men\u00fc, das verbindet: Elfensalat, Ofen-Pommes und Schoko-Kokospudding \u2013 Ein besonderes Koch-Event mit Kindern - El Pan Alegre","robots":{"index":"index","follow":"follow","max-snippet":"max-snippet:-1","max-image-preview":"max-image-preview:large","max-video-preview":"max-video-preview:-1"},"canonical":"https:\/\/www.el-pan-alegre.org\/wordpress\/3117-ein-menue-das-verbindet-elfensalat-ofen-pommes-und-schoko-kokospudding-ein-besonderes-koch-event-mit-kindern\/","og_locale":"de_DE","og_type":"article","og_title":"Ein Men\u00fc, das verbindet: Elfensalat, Ofen-Pommes und Schoko-Kokospudding \u2013 Ein besonderes Koch-Event mit Kindern - El Pan Alegre","og_url":"https:\/\/www.el-pan-alegre.org\/wordpress\/3117-ein-menue-das-verbindet-elfensalat-ofen-pommes-und-schoko-kokospudding-ein-besonderes-koch-event-mit-kindern\/","og_site_name":"El Pan Alegre","article_published_time":"2025-06-06T13:14:06+00:00","article_modified_time":"2025-09-14T13:53:34+00:00","og_image":[{"width":1080,"height":1080,"url":"https:\/\/www.el-pan-alegre.org\/wordpress\/wp-content\/uploads\/2025\/06\/Kinder-kochen-fuer-ihre-Eltern-18.05.2025-1.jpg","type":"image\/jpeg"}],"author":"Anja Mocker","twitter_card":"summary_large_image","twitter_misc":{"Verfasst von":"Anja Mocker","Gesch\u00e4tzte Lesezeit":"5\u00a0Minuten"},"schema":{"@context":"https:\/\/schema.org","@graph":[{"@type":"Article","@id":"https:\/\/www.el-pan-alegre.org\/wordpress\/3117-ein-menue-das-verbindet-elfensalat-ofen-pommes-und-schoko-kokospudding-ein-besonderes-koch-event-mit-kindern\/#article","isPartOf":{"@id":"https:\/\/www.el-pan-alegre.org\/wordpress\/3117-ein-menue-das-verbindet-elfensalat-ofen-pommes-und-schoko-kokospudding-ein-besonderes-koch-event-mit-kindern\/"},"author":{"name":"Anja Mocker","@id":"https:\/\/www.el-pan-alegre.org\/wordpress\/#\/schema\/person\/a61ba0bec6094c61dbf9da4e4e4e5bfe"},"headline":"Ein Men\u00fc, das verbindet: Elfensalat, Ofen-Pommes und Schoko-Kokospudding \u2013 Ein besonderes Koch-Event mit Kindern","datePublished":"2025-06-06T13:14:06+00:00","dateModified":"2025-09-14T13:53:34+00:00","mainEntityOfPage":{"@id":"https:\/\/www.el-pan-alegre.org\/wordpress\/3117-ein-menue-das-verbindet-elfensalat-ofen-pommes-und-schoko-kokospudding-ein-besonderes-koch-event-mit-kindern\/"},"wordCount":637,"image":{"@id":"https:\/\/www.el-pan-alegre.org\/wordpress\/3117-ein-menue-das-verbindet-elfensalat-ofen-pommes-und-schoko-kokospudding-ein-besonderes-koch-event-mit-kindern\/#primaryimage"},"thumbnailUrl":"https:\/\/www.el-pan-alegre.org\/wordpress\/wp-content\/uploads\/2025\/06\/Kinder-kochen-fuer-ihre-Eltern-18.05.2025-1.jpg","keywords":["Anja","En Buenas Manos e. V.","Gesunde Ern\u00e4hrung","MenschenskinderGarten","Veranstaltung","Workshop"],"articleSection":{"1":"Fotos","2":"Gesunde Ern\u00e4hrung","3":"LebensMittelpunkt","4":"MenschenskinderGarten","5":"Veranstaltung","6":"Verein"},"inLanguage":"de"},{"@type":"WebPage","@id":"https:\/\/www.el-pan-alegre.org\/wordpress\/3117-ein-menue-das-verbindet-elfensalat-ofen-pommes-und-schoko-kokospudding-ein-besonderes-koch-event-mit-kindern\/","url":"https:\/\/www.el-pan-alegre.org\/wordpress\/3117-ein-menue-das-verbindet-elfensalat-ofen-pommes-und-schoko-kokospudding-ein-besonderes-koch-event-mit-kindern\/","name":"Ein Men\u00fc, das verbindet: Elfensalat, Ofen-Pommes und Schoko-Kokospudding \u2013 Ein besonderes Koch-Event mit Kindern - El Pan Alegre","isPartOf":{"@id":"https:\/\/www.el-pan-alegre.org\/wordpress\/#website"},"primaryImageOfPage":{"@id":"https:\/\/www.el-pan-alegre.org\/wordpress\/3117-ein-menue-das-verbindet-elfensalat-ofen-pommes-und-schoko-kokospudding-ein-besonderes-koch-event-mit-kindern\/#primaryimage"},"image":{"@id":"https:\/\/www.el-pan-alegre.org\/wordpress\/3117-ein-menue-das-verbindet-elfensalat-ofen-pommes-und-schoko-kokospudding-ein-besonderes-koch-event-mit-kindern\/#primaryimage"},"thumbnailUrl":"https:\/\/www.el-pan-alegre.org\/wordpress\/wp-content\/uploads\/2025\/06\/Kinder-kochen-fuer-ihre-Eltern-18.05.2025-1.jpg","datePublished":"2025-06-06T13:14:06+00:00","dateModified":"2025-09-14T13:53:34+00:00","author":{"@id":"https:\/\/www.el-pan-alegre.org\/wordpress\/#\/schema\/person\/a61ba0bec6094c61dbf9da4e4e4e5bfe"},"breadcrumb":{"@id":"https:\/\/www.el-pan-alegre.org\/wordpress\/3117-ein-menue-das-verbindet-elfensalat-ofen-pommes-und-schoko-kokospudding-ein-besonderes-koch-event-mit-kindern\/#breadcrumb"},"inLanguage":"de","potentialAction":[{"@type":"ReadAction","target":["https:\/\/www.el-pan-alegre.org\/wordpress\/3117-ein-menue-das-verbindet-elfensalat-ofen-pommes-und-schoko-kokospudding-ein-besonderes-koch-event-mit-kindern\/"]}]},{"@type":"ImageObject","inLanguage":"de","@id":"https:\/\/www.el-pan-alegre.org\/wordpress\/3117-ein-menue-das-verbindet-elfensalat-ofen-pommes-und-schoko-kokospudding-ein-besonderes-koch-event-mit-kindern\/#primaryimage","url":"https:\/\/www.el-pan-alegre.org\/wordpress\/wp-content\/uploads\/2025\/06\/Kinder-kochen-fuer-ihre-Eltern-18.05.2025-1.jpg","contentUrl":"https:\/\/www.el-pan-alegre.org\/wordpress\/wp-content\/uploads\/2025\/06\/Kinder-kochen-fuer-ihre-Eltern-18.05.2025-1.jpg","width":1080,"height":1080},{"@type":"BreadcrumbList","@id":"https:\/\/www.el-pan-alegre.org\/wordpress\/3117-ein-menue-das-verbindet-elfensalat-ofen-pommes-und-schoko-kokospudding-ein-besonderes-koch-event-mit-kindern\/#breadcrumb","itemListElement":[{"@type":"ListItem","position":1,"name":"Home","item":"https:\/\/www.el-pan-alegre.org\/wordpress\/"},{"@type":"ListItem","position":2,"name":"Ein Men\u00fc, das verbindet: Elfensalat, Ofen-Pommes und Schoko-Kokospudding \u2013 Ein besonderes Koch-Event mit Kindern"}]},{"@type":"WebSite","@id":"https:\/\/www.el-pan-alegre.org\/wordpress\/#website","url":"https:\/\/www.el-pan-alegre.org\/wordpress\/","name":"El Pan Alegre","description":"Das Fr\u00f6hliche Brot","potentialAction":[{"@type":"SearchAction","target":{"@type":"EntryPoint","urlTemplate":"https:\/\/www.el-pan-alegre.org\/wordpress\/?s={search_term_string}"},"query-input":{"@type":"PropertyValueSpecification","valueRequired":true,"valueName":"search_term_string"}}],"inLanguage":"de"},{"@type":"Person","@id":"https:\/\/www.el-pan-alegre.org\/wordpress\/#\/schema\/person\/a61ba0bec6094c61dbf9da4e4e4e5bfe","name":"Anja Mocker","image":{"@type":"ImageObject","inLanguage":"de","@id":"https:\/\/secure.gravatar.com\/avatar\/c283b0b556471cdaac4be59c661b13c1e141f08ca0dd2eb8f8d587262d7f04bb?s=96&d=identicon&r=g","url":"https:\/\/secure.gravatar.com\/avatar\/c283b0b556471cdaac4be59c661b13c1e141f08ca0dd2eb8f8d587262d7f04bb?s=96&d=identicon&r=g","contentUrl":"https:\/\/secure.gravatar.com\/avatar\/c283b0b556471cdaac4be59c661b13c1e141f08ca0dd2eb8f8d587262d7f04bb?s=96&d=identicon&r=g","caption":"Anja Mocker"},"url":"https:\/\/www.el-pan-alegre.org\/wordpress\/author\/admin\/"}]}},"jetpack_publicize_connections":[],"jetpack_featured_media_url":"https:\/\/www.el-pan-alegre.org\/wordpress\/wp-content\/uploads\/2025\/06\/Kinder-kochen-fuer-ihre-Eltern-18.05.2025-1.jpg","jetpack_sharing_enabled":true,"jetpack_shortlink":"https:\/\/wp.me\/p62TDh-Oh","jetpack-related-posts":[{"id":3111,"url":"https:\/\/www.el-pan-alegre.org\/wordpress\/3111-kinder-kochen-fuer-ihre-eltern-ein-genussvoller-perspektivwechsel-im-sinne-nachhaltiger-bildung\/","url_meta":{"origin":3117,"position":0},"title":"\u201eKinder kochen f\u00fcr ihre Eltern\u201c \u2013 Ein genussvoller Perspektivwechsel im Sinne nachhaltiger Bildung","author":"Anja Mocker","date":"9. Mai 2025","format":false,"excerpt":"Am 18. Mai 2025 verwandelt sich das Familienzentrum Menschenskinder in Berlin in eine kreative Kinderk\u00fcche: Der Verein En Buenas Manos e.V. l\u00e4dt im Rahmen der Bildung f\u00fcr nachhaltige Entwicklung (BNE) zu einem besonderen Workshop ein. Unter dem Motto \u201eKinder kochen f\u00fcr ihre Eltern\u201c \u00fcbernehmen f\u00fcr einen Tag die J\u00fcngsten die\u2026","rel":"","context":"In &quot;Anja&quot;","block_context":{"text":"Anja","link":"https:\/\/www.el-pan-alegre.org\/wordpress\/kategorie\/anja\/"},"img":{"alt_text":"","src":"https:\/\/i0.wp.com\/www.el-pan-alegre.org\/wordpress\/wp-content\/uploads\/2025\/05\/Poster-A4-Kinder-kochen-fuer-ihre-Eltern.jpg?resize=350%2C200&ssl=1","width":350,"height":200,"srcset":"https:\/\/i0.wp.com\/www.el-pan-alegre.org\/wordpress\/wp-content\/uploads\/2025\/05\/Poster-A4-Kinder-kochen-fuer-ihre-Eltern.jpg?resize=350%2C200&ssl=1 1x, https:\/\/i0.wp.com\/www.el-pan-alegre.org\/wordpress\/wp-content\/uploads\/2025\/05\/Poster-A4-Kinder-kochen-fuer-ihre-Eltern.jpg?resize=525%2C300&ssl=1 1.5x, https:\/\/i0.wp.com\/www.el-pan-alegre.org\/wordpress\/wp-content\/uploads\/2025\/05\/Poster-A4-Kinder-kochen-fuer-ihre-Eltern.jpg?resize=700%2C400&ssl=1 2x, https:\/\/i0.wp.com\/www.el-pan-alegre.org\/wordpress\/wp-content\/uploads\/2025\/05\/Poster-A4-Kinder-kochen-fuer-ihre-Eltern.jpg?resize=1050%2C600&ssl=1 3x, https:\/\/i0.wp.com\/www.el-pan-alegre.org\/wordpress\/wp-content\/uploads\/2025\/05\/Poster-A4-Kinder-kochen-fuer-ihre-Eltern.jpg?resize=1400%2C800&ssl=1 4x"},"classes":[]},{"id":2981,"url":"https:\/\/www.el-pan-alegre.org\/wordpress\/2981-kinder-kochen-fuer-ihre-eltern-ein-voller-erfolg\/","url_meta":{"origin":3117,"position":1},"title":"Kinder kochen f\u00fcr ihre Eltern &#8211; ein voller Erfolg!!!","author":"Anja Mocker","date":"4. M\u00e4rz 2024","format":false,"excerpt":"Beim Kochprozess sind die Kinder alle notwendigen Schritte f\u00fcr das Herstellen eines 3-G\u00e4nge Men\u00fcs durchlaufen. Nur um einige zu nennen: Wie sieht der Arbeitsplatz aus, was brauchen wir f\u00fcr Zutaten, wie beachten wir die Lebensmittelhygiene, so dass keine:r krank wird, wie verarbeiten wir die Zutaten incl. Messerf\u00fchrerschein, wie werden die\u2026","rel":"","context":"In &quot;Allgemein&quot;","block_context":{"text":"Allgemein","link":"https:\/\/www.el-pan-alegre.org\/wordpress\/kategorie\/allgemein\/"},"img":{"alt_text":"","src":"https:\/\/i0.wp.com\/www.el-pan-alegre.org\/wordpress\/wp-content\/uploads\/2024\/03\/1.jpg?resize=350%2C200&ssl=1","width":350,"height":200,"srcset":"https:\/\/i0.wp.com\/www.el-pan-alegre.org\/wordpress\/wp-content\/uploads\/2024\/03\/1.jpg?resize=350%2C200&ssl=1 1x, https:\/\/i0.wp.com\/www.el-pan-alegre.org\/wordpress\/wp-content\/uploads\/2024\/03\/1.jpg?resize=525%2C300&ssl=1 1.5x, https:\/\/i0.wp.com\/www.el-pan-alegre.org\/wordpress\/wp-content\/uploads\/2024\/03\/1.jpg?resize=700%2C400&ssl=1 2x, https:\/\/i0.wp.com\/www.el-pan-alegre.org\/wordpress\/wp-content\/uploads\/2024\/03\/1.jpg?resize=1050%2C600&ssl=1 3x"},"classes":[]},{"id":2918,"url":"https:\/\/www.el-pan-alegre.org\/wordpress\/2918-amaranth-ernte-am-23-09-im-gemeinschaftsgarten-menschenskindergarten\/","url_meta":{"origin":3117,"position":2},"title":"AMARANTH-ERNTE am 23.09. im Gemeinschaftsgarten MenschenskinderGarten","author":"Anja Mocker","date":"31. August 2023","format":false,"excerpt":"Der Amaranth w\u00e4chst jetzt auch im MenschenskinderGarten!!! Seit diesem Jahr ist \"El Pan Alegre\" ein Kooperationsprojekt von menschenskinder-berlin gGmbH. Die Samen wurden Anfang Juni 2023 auf dem Schaubeet ausgebracht. Nach anf\u00e4nglicher Trockenheit sind einige S\u00e4mlinge verschwunden. Doch die, die es \u00fcberstanden haben wurden mit reichlich Regen in den Ferienwochen belohnt\u2026","rel":"","context":"In &quot;Amaranth&quot;","block_context":{"text":"Amaranth","link":"https:\/\/www.el-pan-alegre.org\/wordpress\/kategorie\/amaranth\/"},"img":{"alt_text":"","src":"https:\/\/i0.wp.com\/www.el-pan-alegre.org\/wordpress\/wp-content\/uploads\/2023\/08\/230831-EBM_Amaranthernte-23-09-2023_V2.jpg?resize=350%2C200&ssl=1","width":350,"height":200,"srcset":"https:\/\/i0.wp.com\/www.el-pan-alegre.org\/wordpress\/wp-content\/uploads\/2023\/08\/230831-EBM_Amaranthernte-23-09-2023_V2.jpg?resize=350%2C200&ssl=1 1x, https:\/\/i0.wp.com\/www.el-pan-alegre.org\/wordpress\/wp-content\/uploads\/2023\/08\/230831-EBM_Amaranthernte-23-09-2023_V2.jpg?resize=525%2C300&ssl=1 1.5x, https:\/\/i0.wp.com\/www.el-pan-alegre.org\/wordpress\/wp-content\/uploads\/2023\/08\/230831-EBM_Amaranthernte-23-09-2023_V2.jpg?resize=700%2C400&ssl=1 2x, https:\/\/i0.wp.com\/www.el-pan-alegre.org\/wordpress\/wp-content\/uploads\/2023\/08\/230831-EBM_Amaranthernte-23-09-2023_V2.jpg?resize=1050%2C600&ssl=1 3x"},"classes":[]},{"id":3030,"url":"https:\/\/www.el-pan-alegre.org\/wordpress\/3030-amaranth-ernte-am-14-september-2024-im-menschenskindergarten\/","url_meta":{"origin":3117,"position":3},"title":"Amaranth-Ernte am 14. September 2024 im MenschenskinderGarten","author":"Anja Mocker","date":"5. September 2024","format":false,"excerpt":"Amaranthpops im M\u00fcsli kennt ihr wahrscheinlich. Wollt ihr wissen, wie die Pflanze aussieht, an der das kleinste Popcorn der Welt w\u00e4chst? Wann wei\u00df man, wann man die Samen ernten kann? Was kann man noch von der Pflanze essen? Und wie schmeckt Amaranthmehl? Diese und viele andere Fragen k\u00f6nnen beim Workshop\u2026","rel":"","context":"In &quot;Amaranth&quot;","block_context":{"text":"Amaranth","link":"https:\/\/www.el-pan-alegre.org\/wordpress\/kategorie\/amaranth\/"},"img":{"alt_text":"","src":"https:\/\/i0.wp.com\/www.el-pan-alegre.org\/wordpress\/wp-content\/uploads\/2024\/09\/240702-Amaranthernte-2024.jpg?resize=350%2C200&ssl=1","width":350,"height":200,"srcset":"https:\/\/i0.wp.com\/www.el-pan-alegre.org\/wordpress\/wp-content\/uploads\/2024\/09\/240702-Amaranthernte-2024.jpg?resize=350%2C200&ssl=1 1x, https:\/\/i0.wp.com\/www.el-pan-alegre.org\/wordpress\/wp-content\/uploads\/2024\/09\/240702-Amaranthernte-2024.jpg?resize=525%2C300&ssl=1 1.5x, https:\/\/i0.wp.com\/www.el-pan-alegre.org\/wordpress\/wp-content\/uploads\/2024\/09\/240702-Amaranthernte-2024.jpg?resize=700%2C400&ssl=1 2x, https:\/\/i0.wp.com\/www.el-pan-alegre.org\/wordpress\/wp-content\/uploads\/2024\/09\/240702-Amaranthernte-2024.jpg?resize=1050%2C600&ssl=1 3x, https:\/\/i0.wp.com\/www.el-pan-alegre.org\/wordpress\/wp-content\/uploads\/2024\/09\/240702-Amaranthernte-2024.jpg?resize=1400%2C800&ssl=1 4x"},"classes":[]},{"id":3155,"url":"https:\/\/www.el-pan-alegre.org\/wordpress\/3155-am-8-november-findet-endlich-die-diesjaehrige-amaranthernte-im-menschenskindergarten-statt\/","url_meta":{"origin":3117,"position":4},"title":"Am 8. November findet endlich die diesj\u00e4hrige Amaranthernte im MenschenskinderGarten statt","author":"Anja Mocker","date":"5. November 2025","format":false,"excerpt":"Amaranthpops im M\u00fcsli kennt ihr wahrscheinlich. Wollt ihr wissen, wie die Pflanze aussieht, an der das kleinste Popcorn der Welt w\u00e4chst? Wann wei\u00df man, wann man die Samen ernten kann? Was kann man noch von der Pflanze essen? Und wie schmeckt Amaranthmehl? Diese und viele andere Fragen k\u00f6nnen beim Workshop\u2026","rel":"","context":"In &quot;Allgemein&quot;","block_context":{"text":"Allgemein","link":"https:\/\/www.el-pan-alegre.org\/wordpress\/kategorie\/allgemein\/"},"img":{"alt_text":"","src":"https:\/\/i0.wp.com\/www.el-pan-alegre.org\/wordpress\/wp-content\/uploads\/2025\/11\/251103-Amaranthernte.jpg?resize=350%2C200&ssl=1","width":350,"height":200,"srcset":"https:\/\/i0.wp.com\/www.el-pan-alegre.org\/wordpress\/wp-content\/uploads\/2025\/11\/251103-Amaranthernte.jpg?resize=350%2C200&ssl=1 1x, https:\/\/i0.wp.com\/www.el-pan-alegre.org\/wordpress\/wp-content\/uploads\/2025\/11\/251103-Amaranthernte.jpg?resize=525%2C300&ssl=1 1.5x, https:\/\/i0.wp.com\/www.el-pan-alegre.org\/wordpress\/wp-content\/uploads\/2025\/11\/251103-Amaranthernte.jpg?resize=700%2C400&ssl=1 2x, https:\/\/i0.wp.com\/www.el-pan-alegre.org\/wordpress\/wp-content\/uploads\/2025\/11\/251103-Amaranthernte.jpg?resize=1050%2C600&ssl=1 3x, https:\/\/i0.wp.com\/www.el-pan-alegre.org\/wordpress\/wp-content\/uploads\/2025\/11\/251103-Amaranthernte.jpg?resize=1400%2C800&ssl=1 4x"},"classes":[]},{"id":2977,"url":"https:\/\/www.el-pan-alegre.org\/wordpress\/2977-kinder-kochen-fuer-ihre-eltern-und-als-nachtisch-gibt-es-lecker-amaranthknusperwaffeln\/","url_meta":{"origin":3117,"position":5},"title":"Kinder kochen f\u00fcr ihre Eltern &#8211; und als Nachtisch gibt es lecker Amaranthknusperwaffeln","author":"Anja Mocker","date":"16. Februar 2024","format":false,"excerpt":"Am Sonntag, den 18. Februar wird die Ern\u00e4hrungssituation in der Familie mal umgedreht. Im Familienzentrum werden die Kinder den Kochl\u00f6ffel \u00fcbernehmen und f\u00fcr ihre Eltern ein 3-G\u00e4nge-Men\u00fc zaubern. Als Nachtisch gibt es die hoch n\u00e4hrstoffhaltigen Amaranth-Knusperwaffeln auf Wunsch von Frederick. Die Kinder werden von Robert, Anja und zwei weiteren Erwachsenen\u2026","rel":"","context":"In &quot;Allgemein&quot;","block_context":{"text":"Allgemein","link":"https:\/\/www.el-pan-alegre.org\/wordpress\/kategorie\/allgemein\/"},"img":{"alt_text":"","src":"https:\/\/i0.wp.com\/www.el-pan-alegre.org\/wordpress\/wp-content\/uploads\/2024\/02\/240122-Flyer-Kinderkochen-A4-V4-scaled.jpg?resize=350%2C200&ssl=1","width":350,"height":200,"srcset":"https:\/\/i0.wp.com\/www.el-pan-alegre.org\/wordpress\/wp-content\/uploads\/2024\/02\/240122-Flyer-Kinderkochen-A4-V4-scaled.jpg?resize=350%2C200&ssl=1 1x, https:\/\/i0.wp.com\/www.el-pan-alegre.org\/wordpress\/wp-content\/uploads\/2024\/02\/240122-Flyer-Kinderkochen-A4-V4-scaled.jpg?resize=525%2C300&ssl=1 1.5x, https:\/\/i0.wp.com\/www.el-pan-alegre.org\/wordpress\/wp-content\/uploads\/2024\/02\/240122-Flyer-Kinderkochen-A4-V4-scaled.jpg?resize=700%2C400&ssl=1 2x, https:\/\/i0.wp.com\/www.el-pan-alegre.org\/wordpress\/wp-content\/uploads\/2024\/02\/240122-Flyer-Kinderkochen-A4-V4-scaled.jpg?resize=1050%2C600&ssl=1 3x, https:\/\/i0.wp.com\/www.el-pan-alegre.org\/wordpress\/wp-content\/uploads\/2024\/02\/240122-Flyer-Kinderkochen-A4-V4-scaled.jpg?resize=1400%2C800&ssl=1 4x"},"classes":[]}],"_links":{"self":[{"href":"https:\/\/www.el-pan-alegre.org\/wordpress\/wp-json\/wp\/v2\/posts\/3117","targetHints":{"allow":["GET"]}}],"collection":[{"href":"https:\/\/www.el-pan-alegre.org\/wordpress\/wp-json\/wp\/v2\/posts"}],"about":[{"href":"https:\/\/www.el-pan-alegre.org\/wordpress\/wp-json\/wp\/v2\/types\/post"}],"author":[{"embeddable":true,"href":"https:\/\/www.el-pan-alegre.org\/wordpress\/wp-json\/wp\/v2\/users\/1"}],"replies":[{"embeddable":true,"href":"https:\/\/www.el-pan-alegre.org\/wordpress\/wp-json\/wp\/v2\/comments?post=3117"}],"version-history":[{"count":4,"href":"https:\/\/www.el-pan-alegre.org\/wordpress\/wp-json\/wp\/v2\/posts\/3117\/revisions"}],"predecessor-version":[{"id":3131,"href":"https:\/\/www.el-pan-alegre.org\/wordpress\/wp-json\/wp\/v2\/posts\/3117\/revisions\/3131"}],"wp:featuredmedia":[{"embeddable":true,"href":"https:\/\/www.el-pan-alegre.org\/wordpress\/wp-json\/wp\/v2\/media\/3118"}],"wp:attachment":[{"href":"https:\/\/www.el-pan-alegre.org\/wordpress\/wp-json\/wp\/v2\/media?parent=3117"}],"wp:term":[{"taxonomy":"category","embeddable":true,"href":"https:\/\/www.el-pan-alegre.org\/wordpress\/wp-json\/wp\/v2\/categories?post=3117"},{"taxonomy":"post_tag","embeddable":true,"href":"https:\/\/www.el-pan-alegre.org\/wordpress\/wp-json\/wp\/v2\/tags?post=3117"}],"curies":[{"name":"wp","href":"https:\/\/api.w.org\/{rel}","templated":true}]}}