{"id":3030,"date":"2024-09-05T09:46:09","date_gmt":"2024-09-05T07:46:09","guid":{"rendered":"https:\/\/www.el-pan-alegre.org\/wordpress\/?p=3030"},"modified":"2024-09-05T10:49:46","modified_gmt":"2024-09-05T08:49:46","slug":"amaranth-ernte-am-14-september-2024-im-menschenskindergarten","status":"publish","type":"post","link":"https:\/\/www.el-pan-alegre.org\/wordpress\/3030-amaranth-ernte-am-14-september-2024-im-menschenskindergarten\/","title":{"rendered":"Amaranth-Ernte am 14. September 2024 im MenschenskinderGarten"},"content":{"rendered":"\n<figure class=\"wp-block-image size-large\"><a href=\"https:\/\/www.el-pan-alegre.org\/wordpress\/wp-content\/uploads\/2024\/09\/240702-Amaranthernte-2024.jpg\"><img loading=\"lazy\" decoding=\"async\" width=\"724\" height=\"1024\" src=\"https:\/\/www.el-pan-alegre.org\/wordpress\/wp-content\/uploads\/2024\/09\/240702-Amaranthernte-2024-724x1024.jpg\" alt=\"\" class=\"wp-image-3031\" srcset=\"https:\/\/www.el-pan-alegre.org\/wordpress\/wp-content\/uploads\/2024\/09\/240702-Amaranthernte-2024-724x1024.jpg 724w, https:\/\/www.el-pan-alegre.org\/wordpress\/wp-content\/uploads\/2024\/09\/240702-Amaranthernte-2024-212x300.jpg 212w, https:\/\/www.el-pan-alegre.org\/wordpress\/wp-content\/uploads\/2024\/09\/240702-Amaranthernte-2024-768x1086.jpg 768w, https:\/\/www.el-pan-alegre.org\/wordpress\/wp-content\/uploads\/2024\/09\/240702-Amaranthernte-2024-1086x1536.jpg 1086w, https:\/\/www.el-pan-alegre.org\/wordpress\/wp-content\/uploads\/2024\/09\/240702-Amaranthernte-2024.jpg 1414w\" sizes=\"auto, (max-width: 724px) 100vw, 724px\" \/><\/a><\/figure>\n\n\n\n<p>Amaranthpops im M\u00fcsli kennt ihr wahrscheinlich. Wollt ihr wissen, wie die Pflanze aussieht, an der das kleinste Popcorn der Welt w\u00e4chst? Wann wei\u00df man, wann man die Samen ernten kann? Was kann man noch von der Pflanze essen? Und wie schmeckt Amaranthmehl? Diese und viele andere Fragen k\u00f6nnen beim Workshop erforscht werden.<\/p>\n\n\n\n<p>Jetzt wird es Zeit, den Amaranth gemeinsam zu ernten! Am liebsten gemeinsam mit Familien und interessierten Menschen. Ihr k\u00f6nnt kommen und gehen, so wie es f\u00fcr euch m\u00f6glich ist.<\/p>\n\n\n\n<p class=\"has-light-gray-background-color has-background\"><strong>WANN?: Samstag, 14. September 2024 von 14:00-17:00 Uhr im MenschenskinderGarten (F\u00fcrstenwalder Str. 30, 10243 Berlin)<\/strong><\/p>\n\n\n\n<figure class=\"wp-block-image size-large\"><a href=\"https:\/\/www.el-pan-alegre.org\/wordpress\/wp-content\/uploads\/2024\/09\/IMG_6015-scaled.jpg\"><img loading=\"lazy\" decoding=\"async\" width=\"1024\" height=\"1024\" src=\"https:\/\/www.el-pan-alegre.org\/wordpress\/wp-content\/uploads\/2024\/09\/IMG_6015-1024x1024.jpg\" alt=\"\" class=\"wp-image-3033\" srcset=\"https:\/\/www.el-pan-alegre.org\/wordpress\/wp-content\/uploads\/2024\/09\/IMG_6015-1024x1024.jpg 1024w, https:\/\/www.el-pan-alegre.org\/wordpress\/wp-content\/uploads\/2024\/09\/IMG_6015-300x300.jpg 300w, https:\/\/www.el-pan-alegre.org\/wordpress\/wp-content\/uploads\/2024\/09\/IMG_6015-150x150.jpg 150w, https:\/\/www.el-pan-alegre.org\/wordpress\/wp-content\/uploads\/2024\/09\/IMG_6015-768x768.jpg 768w, https:\/\/www.el-pan-alegre.org\/wordpress\/wp-content\/uploads\/2024\/09\/IMG_6015-1536x1536.jpg 1536w, https:\/\/www.el-pan-alegre.org\/wordpress\/wp-content\/uploads\/2024\/09\/IMG_6015-2048x2048.jpg 2048w\" sizes=\"auto, (max-width: 1024px) 100vw, 1024px\" \/><\/a><figcaption class=\"wp-element-caption\">Amaranthk\u00f6rner des Rispenfuchsschwanzes unter der Lupe <\/figcaption><\/figure>\n\n\n\n<p>Bei diesem Mitmachangebot werden wir die hochwertige Nahrungspflanze Amaranth unter die Lupe nehmen und sie mit allen Sinnen erfahren. Mit Seh-, Tast-, und Geruchssinn lernen wir die Pflanze auf dem Schaubeet kennen und werden sie ernten. <\/p>\n\n\n\n<p>Wir erleben zusammen, auf welche Weise Amaranth verarbeitet und genossen werden kann und welche Kr\u00e4fte die Powerpflanze in unserem K\u00f6rper entfaltet. <\/p>\n\n\n\n<p>Und nat\u00fcrlich erfahrt ihr auch, warum der Amaranth stark und schlau und fr\u00f6hlich macht und warum eine gesunde Ern\u00e4hrung nicht nur uns Menschen gut tut, sondern der ganzen Erde.<\/p>\n\n\n\n<p> Abschlie\u00dfend stellen wir K\u00f6stlichkeiten aus Amaranth selbst her.<\/p>\n\n\n\n<figure class=\"wp-block-image size-large\"><a href=\"https:\/\/www.el-pan-alegre.org\/wordpress\/wp-content\/uploads\/2024\/09\/IMG_3857-scaled.jpg\"><img loading=\"lazy\" decoding=\"async\" width=\"768\" height=\"1024\" src=\"https:\/\/www.el-pan-alegre.org\/wordpress\/wp-content\/uploads\/2024\/09\/IMG_3857-768x1024.jpg\" alt=\"\" class=\"wp-image-3032\" srcset=\"https:\/\/www.el-pan-alegre.org\/wordpress\/wp-content\/uploads\/2024\/09\/IMG_3857-768x1024.jpg 768w, https:\/\/www.el-pan-alegre.org\/wordpress\/wp-content\/uploads\/2024\/09\/IMG_3857-225x300.jpg 225w, https:\/\/www.el-pan-alegre.org\/wordpress\/wp-content\/uploads\/2024\/09\/IMG_3857-1152x1536.jpg 1152w, https:\/\/www.el-pan-alegre.org\/wordpress\/wp-content\/uploads\/2024\/09\/IMG_3857-1536x2048.jpg 1536w, https:\/\/www.el-pan-alegre.org\/wordpress\/wp-content\/uploads\/2024\/09\/IMG_3857-scaled.jpg 1920w\" sizes=\"auto, (max-width: 768px) 100vw, 768px\" \/><\/a><figcaption class=\"wp-element-caption\">K\u00f6rner-Amaranth, der Orange Giant und Rispenfuchsschwanz sind mit von der Partie<\/figcaption><\/figure>\n\n\n\n<p>Die Veranstaltung wird organisiert und durchgef\u00fchrt von En Buenas Manos e.V. (Anja) in Kooperation mit dem <a href=\"https:\/\/www.menschenskinder-berlin.eu\/bildergalerie\/aktuelles-neues\/\">Familienzentrum<\/a> (Martina) und Menschen aus der <a href=\"https:\/\/www.instagram.com\/gemeinschaftsgarten_mkg\/\">Gartengemeinschaft<\/a>. <\/p>\n\n\n\n<p>Dank der finanziellen Unterst\u00fctzung der Ruck-Stiftung kann man bei diesem Mitmachangebot kostenlos teilnehmen.<\/p>\n\n\n\n<p><\/p>\n","protected":false},"excerpt":{"rendered":"<p>Amaranthpops im M\u00fcsli kennt ihr wahrscheinlich. Wollt ihr wissen, wie die Pflanze aussieht, an der das kleinste Popcorn der Welt w\u00e4chst? Wann wei\u00df man, wann man die Samen ernten kann? Was kann man noch von der Pflanze essen? Und wie &hellip; <a href=\"https:\/\/www.el-pan-alegre.org\/wordpress\/3030-amaranth-ernte-am-14-september-2024-im-menschenskindergarten\/\">Weiterlesen <span class=\"meta-nav\">&rarr;<\/span><\/a><\/p>\n","protected":false},"author":1,"featured_media":0,"comment_status":"closed","ping_status":"closed","sticky":false,"template":"","format":"standard","meta":{"jetpack_post_was_ever_published":false,"_jetpack_newsletter_access":"","_jetpack_dont_email_post_to_subs":false,"_jetpack_newsletter_tier_id":0,"_jetpack_memberships_contains_paywalled_content":false,"_jetpack_memberships_contains_paid_content":false,"footnotes":"","jetpack_publicize_message":"","jetpack_publicize_feature_enabled":true,"jetpack_social_post_already_shared":true,"jetpack_social_options":{"image_generator_settings":{"template":"highway","default_image_id":0,"font":"","enabled":false},"version":2}},"categories":[16,25,60,118,124,120,4],"tags":[77,116,80,117,121,78,96],"class_list":["post-3030","post","type-post","status-publish","format-standard","hentry","category-amaranth","category-anja","category-bildung-fuer-nachhaltige-entwicklung-bne","category-gesunde-ernaehrung","category-lebensmittelpunkt","category-menschenskindergarten","category-veranstaltung","tag-amaranth","tag-anja","tag-en-buenas-manos-e-v","tag-gesunde-ernaehrung","tag-menschenskindergarten","tag-veranstaltung","tag-workshop"],"yoast_head":"<!-- This site is optimized with the Yoast SEO plugin v27.5 - https:\/\/yoast.com\/product\/yoast-seo-wordpress\/ -->\n<title>Amaranth-Ernte am 14. September 2024 im MenschenskinderGarten - El Pan Alegre<\/title>\n<meta name=\"description\" content=\"Lasst uns gemeinsam die Powerpflanze Amaranth ernten am 14. September 2024 von 14:00-17:00 Uhr im MenschenskinderGarten (F\u00fcrstenwalder Str. 30, 10243 Berlin). Ihr k\u00f6nnt selbst eine gesunde K\u00f6stlichkeit aus Amaranth herstellen.\" \/>\n<meta name=\"robots\" content=\"index, follow, max-snippet:-1, max-image-preview:large, max-video-preview:-1\" \/>\n<link rel=\"canonical\" href=\"https:\/\/www.el-pan-alegre.org\/wordpress\/3030-amaranth-ernte-am-14-september-2024-im-menschenskindergarten\/\" \/>\n<meta property=\"og:locale\" content=\"de_DE\" \/>\n<meta property=\"og:type\" content=\"article\" \/>\n<meta property=\"og:title\" content=\"Amaranth-Ernte am 14. September 2024 im MenschenskinderGarten - El Pan Alegre\" \/>\n<meta property=\"og:description\" content=\"Lasst uns gemeinsam die Powerpflanze Amaranth ernten am 14. September 2024 von 14:00-17:00 Uhr im MenschenskinderGarten (F\u00fcrstenwalder Str. 30, 10243 Berlin). Ihr k\u00f6nnt selbst eine gesunde K\u00f6stlichkeit aus Amaranth herstellen.\" \/>\n<meta property=\"og:url\" content=\"https:\/\/www.el-pan-alegre.org\/wordpress\/3030-amaranth-ernte-am-14-september-2024-im-menschenskindergarten\/\" \/>\n<meta property=\"og:site_name\" content=\"El Pan Alegre\" \/>\n<meta property=\"article:published_time\" content=\"2024-09-05T07:46:09+00:00\" \/>\n<meta property=\"article:modified_time\" content=\"2024-09-05T08:49:46+00:00\" \/>\n<meta property=\"og:image\" content=\"https:\/\/www.el-pan-alegre.org\/wordpress\/wp-content\/uploads\/2024\/09\/240702-Amaranthernte-2024-724x1024.jpg\" \/>\n<meta name=\"author\" content=\"Anja Mocker\" \/>\n<meta name=\"twitter:card\" content=\"summary_large_image\" \/>\n<meta name=\"twitter:label1\" content=\"Verfasst von\" \/>\n\t<meta name=\"twitter:data1\" content=\"Anja Mocker\" \/>\n\t<meta name=\"twitter:label2\" content=\"Gesch\u00e4tzte Lesezeit\" \/>\n\t<meta name=\"twitter:data2\" content=\"2\u00a0Minuten\" \/>\n<script type=\"application\/ld+json\" class=\"yoast-schema-graph\">{\"@context\":\"https:\\\/\\\/schema.org\",\"@graph\":[{\"@type\":\"Article\",\"@id\":\"https:\\\/\\\/www.el-pan-alegre.org\\\/wordpress\\\/3030-amaranth-ernte-am-14-september-2024-im-menschenskindergarten\\\/#article\",\"isPartOf\":{\"@id\":\"https:\\\/\\\/www.el-pan-alegre.org\\\/wordpress\\\/3030-amaranth-ernte-am-14-september-2024-im-menschenskindergarten\\\/\"},\"author\":{\"name\":\"Anja Mocker\",\"@id\":\"https:\\\/\\\/www.el-pan-alegre.org\\\/wordpress\\\/#\\\/schema\\\/person\\\/a61ba0bec6094c61dbf9da4e4e4e5bfe\"},\"headline\":\"Amaranth-Ernte am 14. September 2024 im MenschenskinderGarten\",\"datePublished\":\"2024-09-05T07:46:09+00:00\",\"dateModified\":\"2024-09-05T08:49:46+00:00\",\"mainEntityOfPage\":{\"@id\":\"https:\\\/\\\/www.el-pan-alegre.org\\\/wordpress\\\/3030-amaranth-ernte-am-14-september-2024-im-menschenskindergarten\\\/\"},\"wordCount\":263,\"image\":{\"@id\":\"https:\\\/\\\/www.el-pan-alegre.org\\\/wordpress\\\/3030-amaranth-ernte-am-14-september-2024-im-menschenskindergarten\\\/#primaryimage\"},\"thumbnailUrl\":\"https:\\\/\\\/www.el-pan-alegre.org\\\/wordpress\\\/wp-content\\\/uploads\\\/2024\\\/09\\\/240702-Amaranthernte-2024-724x1024.jpg\",\"keywords\":[\"Amaranth\",\"Anja\",\"En Buenas Manos e. V.\",\"Gesunde Ern\u00e4hrung\",\"MenschenskinderGarten\",\"Veranstaltung\",\"Workshop\"],\"articleSection\":[\"Amaranth\",\"Anja\",\"Bildung f\u00fcr nachhaltige Entwicklung (BNE)\",\"Gesunde Ern\u00e4hrung\",\"LebensMittelpunkt\",\"MenschenskinderGarten\",\"Veranstaltung\"],\"inLanguage\":\"de\"},{\"@type\":\"WebPage\",\"@id\":\"https:\\\/\\\/www.el-pan-alegre.org\\\/wordpress\\\/3030-amaranth-ernte-am-14-september-2024-im-menschenskindergarten\\\/\",\"url\":\"https:\\\/\\\/www.el-pan-alegre.org\\\/wordpress\\\/3030-amaranth-ernte-am-14-september-2024-im-menschenskindergarten\\\/\",\"name\":\"Amaranth-Ernte am 14. September 2024 im MenschenskinderGarten - El Pan Alegre\",\"isPartOf\":{\"@id\":\"https:\\\/\\\/www.el-pan-alegre.org\\\/wordpress\\\/#website\"},\"primaryImageOfPage\":{\"@id\":\"https:\\\/\\\/www.el-pan-alegre.org\\\/wordpress\\\/3030-amaranth-ernte-am-14-september-2024-im-menschenskindergarten\\\/#primaryimage\"},\"image\":{\"@id\":\"https:\\\/\\\/www.el-pan-alegre.org\\\/wordpress\\\/3030-amaranth-ernte-am-14-september-2024-im-menschenskindergarten\\\/#primaryimage\"},\"thumbnailUrl\":\"https:\\\/\\\/www.el-pan-alegre.org\\\/wordpress\\\/wp-content\\\/uploads\\\/2024\\\/09\\\/240702-Amaranthernte-2024-724x1024.jpg\",\"datePublished\":\"2024-09-05T07:46:09+00:00\",\"dateModified\":\"2024-09-05T08:49:46+00:00\",\"author\":{\"@id\":\"https:\\\/\\\/www.el-pan-alegre.org\\\/wordpress\\\/#\\\/schema\\\/person\\\/a61ba0bec6094c61dbf9da4e4e4e5bfe\"},\"description\":\"Lasst uns gemeinsam die Powerpflanze Amaranth ernten am 14. September 2024 von 14:00-17:00 Uhr im MenschenskinderGarten (F\u00fcrstenwalder Str. 30, 10243 Berlin). Ihr k\u00f6nnt selbst eine gesunde K\u00f6stlichkeit aus Amaranth herstellen.\",\"breadcrumb\":{\"@id\":\"https:\\\/\\\/www.el-pan-alegre.org\\\/wordpress\\\/3030-amaranth-ernte-am-14-september-2024-im-menschenskindergarten\\\/#breadcrumb\"},\"inLanguage\":\"de\",\"potentialAction\":[{\"@type\":\"ReadAction\",\"target\":[\"https:\\\/\\\/www.el-pan-alegre.org\\\/wordpress\\\/3030-amaranth-ernte-am-14-september-2024-im-menschenskindergarten\\\/\"]}]},{\"@type\":\"ImageObject\",\"inLanguage\":\"de\",\"@id\":\"https:\\\/\\\/www.el-pan-alegre.org\\\/wordpress\\\/3030-amaranth-ernte-am-14-september-2024-im-menschenskindergarten\\\/#primaryimage\",\"url\":\"https:\\\/\\\/www.el-pan-alegre.org\\\/wordpress\\\/wp-content\\\/uploads\\\/2024\\\/09\\\/240702-Amaranthernte-2024.jpg\",\"contentUrl\":\"https:\\\/\\\/www.el-pan-alegre.org\\\/wordpress\\\/wp-content\\\/uploads\\\/2024\\\/09\\\/240702-Amaranthernte-2024.jpg\",\"width\":1414,\"height\":2000},{\"@type\":\"BreadcrumbList\",\"@id\":\"https:\\\/\\\/www.el-pan-alegre.org\\\/wordpress\\\/3030-amaranth-ernte-am-14-september-2024-im-menschenskindergarten\\\/#breadcrumb\",\"itemListElement\":[{\"@type\":\"ListItem\",\"position\":1,\"name\":\"Home\",\"item\":\"https:\\\/\\\/www.el-pan-alegre.org\\\/wordpress\\\/\"},{\"@type\":\"ListItem\",\"position\":2,\"name\":\"Amaranth-Ernte am 14. September 2024 im MenschenskinderGarten\"}]},{\"@type\":\"WebSite\",\"@id\":\"https:\\\/\\\/www.el-pan-alegre.org\\\/wordpress\\\/#website\",\"url\":\"https:\\\/\\\/www.el-pan-alegre.org\\\/wordpress\\\/\",\"name\":\"El Pan Alegre\",\"description\":\"Das Fr\u00f6hliche Brot\",\"potentialAction\":[{\"@type\":\"SearchAction\",\"target\":{\"@type\":\"EntryPoint\",\"urlTemplate\":\"https:\\\/\\\/www.el-pan-alegre.org\\\/wordpress\\\/?s={search_term_string}\"},\"query-input\":{\"@type\":\"PropertyValueSpecification\",\"valueRequired\":true,\"valueName\":\"search_term_string\"}}],\"inLanguage\":\"de\"},{\"@type\":\"Person\",\"@id\":\"https:\\\/\\\/www.el-pan-alegre.org\\\/wordpress\\\/#\\\/schema\\\/person\\\/a61ba0bec6094c61dbf9da4e4e4e5bfe\",\"name\":\"Anja Mocker\",\"image\":{\"@type\":\"ImageObject\",\"inLanguage\":\"de\",\"@id\":\"https:\\\/\\\/secure.gravatar.com\\\/avatar\\\/c283b0b556471cdaac4be59c661b13c1e141f08ca0dd2eb8f8d587262d7f04bb?s=96&d=identicon&r=g\",\"url\":\"https:\\\/\\\/secure.gravatar.com\\\/avatar\\\/c283b0b556471cdaac4be59c661b13c1e141f08ca0dd2eb8f8d587262d7f04bb?s=96&d=identicon&r=g\",\"contentUrl\":\"https:\\\/\\\/secure.gravatar.com\\\/avatar\\\/c283b0b556471cdaac4be59c661b13c1e141f08ca0dd2eb8f8d587262d7f04bb?s=96&d=identicon&r=g\",\"caption\":\"Anja Mocker\"},\"url\":\"https:\\\/\\\/www.el-pan-alegre.org\\\/wordpress\\\/author\\\/admin\\\/\"}]}<\/script>\n<!-- \/ Yoast SEO plugin. -->","yoast_head_json":{"title":"Amaranth-Ernte am 14. September 2024 im MenschenskinderGarten - El Pan Alegre","description":"Lasst uns gemeinsam die Powerpflanze Amaranth ernten am 14. September 2024 von 14:00-17:00 Uhr im MenschenskinderGarten (F\u00fcrstenwalder Str. 30, 10243 Berlin). Ihr k\u00f6nnt selbst eine gesunde K\u00f6stlichkeit aus Amaranth herstellen.","robots":{"index":"index","follow":"follow","max-snippet":"max-snippet:-1","max-image-preview":"max-image-preview:large","max-video-preview":"max-video-preview:-1"},"canonical":"https:\/\/www.el-pan-alegre.org\/wordpress\/3030-amaranth-ernte-am-14-september-2024-im-menschenskindergarten\/","og_locale":"de_DE","og_type":"article","og_title":"Amaranth-Ernte am 14. September 2024 im MenschenskinderGarten - El Pan Alegre","og_description":"Lasst uns gemeinsam die Powerpflanze Amaranth ernten am 14. September 2024 von 14:00-17:00 Uhr im MenschenskinderGarten (F\u00fcrstenwalder Str. 30, 10243 Berlin). Ihr k\u00f6nnt selbst eine gesunde K\u00f6stlichkeit aus Amaranth herstellen.","og_url":"https:\/\/www.el-pan-alegre.org\/wordpress\/3030-amaranth-ernte-am-14-september-2024-im-menschenskindergarten\/","og_site_name":"El Pan Alegre","article_published_time":"2024-09-05T07:46:09+00:00","article_modified_time":"2024-09-05T08:49:46+00:00","og_image":[{"url":"https:\/\/www.el-pan-alegre.org\/wordpress\/wp-content\/uploads\/2024\/09\/240702-Amaranthernte-2024-724x1024.jpg","type":"","width":"","height":""}],"author":"Anja Mocker","twitter_card":"summary_large_image","twitter_misc":{"Verfasst von":"Anja Mocker","Gesch\u00e4tzte Lesezeit":"2\u00a0Minuten"},"schema":{"@context":"https:\/\/schema.org","@graph":[{"@type":"Article","@id":"https:\/\/www.el-pan-alegre.org\/wordpress\/3030-amaranth-ernte-am-14-september-2024-im-menschenskindergarten\/#article","isPartOf":{"@id":"https:\/\/www.el-pan-alegre.org\/wordpress\/3030-amaranth-ernte-am-14-september-2024-im-menschenskindergarten\/"},"author":{"name":"Anja Mocker","@id":"https:\/\/www.el-pan-alegre.org\/wordpress\/#\/schema\/person\/a61ba0bec6094c61dbf9da4e4e4e5bfe"},"headline":"Amaranth-Ernte am 14. September 2024 im MenschenskinderGarten","datePublished":"2024-09-05T07:46:09+00:00","dateModified":"2024-09-05T08:49:46+00:00","mainEntityOfPage":{"@id":"https:\/\/www.el-pan-alegre.org\/wordpress\/3030-amaranth-ernte-am-14-september-2024-im-menschenskindergarten\/"},"wordCount":263,"image":{"@id":"https:\/\/www.el-pan-alegre.org\/wordpress\/3030-amaranth-ernte-am-14-september-2024-im-menschenskindergarten\/#primaryimage"},"thumbnailUrl":"https:\/\/www.el-pan-alegre.org\/wordpress\/wp-content\/uploads\/2024\/09\/240702-Amaranthernte-2024-724x1024.jpg","keywords":["Amaranth","Anja","En Buenas Manos e. V.","Gesunde Ern\u00e4hrung","MenschenskinderGarten","Veranstaltung","Workshop"],"articleSection":["Amaranth","Anja","Bildung f\u00fcr nachhaltige Entwicklung (BNE)","Gesunde Ern\u00e4hrung","LebensMittelpunkt","MenschenskinderGarten","Veranstaltung"],"inLanguage":"de"},{"@type":"WebPage","@id":"https:\/\/www.el-pan-alegre.org\/wordpress\/3030-amaranth-ernte-am-14-september-2024-im-menschenskindergarten\/","url":"https:\/\/www.el-pan-alegre.org\/wordpress\/3030-amaranth-ernte-am-14-september-2024-im-menschenskindergarten\/","name":"Amaranth-Ernte am 14. September 2024 im MenschenskinderGarten - El Pan Alegre","isPartOf":{"@id":"https:\/\/www.el-pan-alegre.org\/wordpress\/#website"},"primaryImageOfPage":{"@id":"https:\/\/www.el-pan-alegre.org\/wordpress\/3030-amaranth-ernte-am-14-september-2024-im-menschenskindergarten\/#primaryimage"},"image":{"@id":"https:\/\/www.el-pan-alegre.org\/wordpress\/3030-amaranth-ernte-am-14-september-2024-im-menschenskindergarten\/#primaryimage"},"thumbnailUrl":"https:\/\/www.el-pan-alegre.org\/wordpress\/wp-content\/uploads\/2024\/09\/240702-Amaranthernte-2024-724x1024.jpg","datePublished":"2024-09-05T07:46:09+00:00","dateModified":"2024-09-05T08:49:46+00:00","author":{"@id":"https:\/\/www.el-pan-alegre.org\/wordpress\/#\/schema\/person\/a61ba0bec6094c61dbf9da4e4e4e5bfe"},"description":"Lasst uns gemeinsam die Powerpflanze Amaranth ernten am 14. September 2024 von 14:00-17:00 Uhr im MenschenskinderGarten (F\u00fcrstenwalder Str. 30, 10243 Berlin). Ihr k\u00f6nnt selbst eine gesunde K\u00f6stlichkeit aus Amaranth herstellen.","breadcrumb":{"@id":"https:\/\/www.el-pan-alegre.org\/wordpress\/3030-amaranth-ernte-am-14-september-2024-im-menschenskindergarten\/#breadcrumb"},"inLanguage":"de","potentialAction":[{"@type":"ReadAction","target":["https:\/\/www.el-pan-alegre.org\/wordpress\/3030-amaranth-ernte-am-14-september-2024-im-menschenskindergarten\/"]}]},{"@type":"ImageObject","inLanguage":"de","@id":"https:\/\/www.el-pan-alegre.org\/wordpress\/3030-amaranth-ernte-am-14-september-2024-im-menschenskindergarten\/#primaryimage","url":"https:\/\/www.el-pan-alegre.org\/wordpress\/wp-content\/uploads\/2024\/09\/240702-Amaranthernte-2024.jpg","contentUrl":"https:\/\/www.el-pan-alegre.org\/wordpress\/wp-content\/uploads\/2024\/09\/240702-Amaranthernte-2024.jpg","width":1414,"height":2000},{"@type":"BreadcrumbList","@id":"https:\/\/www.el-pan-alegre.org\/wordpress\/3030-amaranth-ernte-am-14-september-2024-im-menschenskindergarten\/#breadcrumb","itemListElement":[{"@type":"ListItem","position":1,"name":"Home","item":"https:\/\/www.el-pan-alegre.org\/wordpress\/"},{"@type":"ListItem","position":2,"name":"Amaranth-Ernte am 14. September 2024 im MenschenskinderGarten"}]},{"@type":"WebSite","@id":"https:\/\/www.el-pan-alegre.org\/wordpress\/#website","url":"https:\/\/www.el-pan-alegre.org\/wordpress\/","name":"El Pan Alegre","description":"Das Fr\u00f6hliche Brot","potentialAction":[{"@type":"SearchAction","target":{"@type":"EntryPoint","urlTemplate":"https:\/\/www.el-pan-alegre.org\/wordpress\/?s={search_term_string}"},"query-input":{"@type":"PropertyValueSpecification","valueRequired":true,"valueName":"search_term_string"}}],"inLanguage":"de"},{"@type":"Person","@id":"https:\/\/www.el-pan-alegre.org\/wordpress\/#\/schema\/person\/a61ba0bec6094c61dbf9da4e4e4e5bfe","name":"Anja Mocker","image":{"@type":"ImageObject","inLanguage":"de","@id":"https:\/\/secure.gravatar.com\/avatar\/c283b0b556471cdaac4be59c661b13c1e141f08ca0dd2eb8f8d587262d7f04bb?s=96&d=identicon&r=g","url":"https:\/\/secure.gravatar.com\/avatar\/c283b0b556471cdaac4be59c661b13c1e141f08ca0dd2eb8f8d587262d7f04bb?s=96&d=identicon&r=g","contentUrl":"https:\/\/secure.gravatar.com\/avatar\/c283b0b556471cdaac4be59c661b13c1e141f08ca0dd2eb8f8d587262d7f04bb?s=96&d=identicon&r=g","caption":"Anja Mocker"},"url":"https:\/\/www.el-pan-alegre.org\/wordpress\/author\/admin\/"}]}},"jetpack_publicize_connections":[],"jetpack_featured_media_url":"","jetpack_sharing_enabled":true,"jetpack_shortlink":"https:\/\/wp.me\/p62TDh-MS","jetpack-related-posts":[{"id":3155,"url":"https:\/\/www.el-pan-alegre.org\/wordpress\/3155-am-8-november-findet-endlich-die-diesjaehrige-amaranthernte-im-menschenskindergarten-statt\/","url_meta":{"origin":3030,"position":0},"title":"Am 8. November findet endlich die diesj\u00e4hrige Amaranthernte im MenschenskinderGarten statt","author":"Anja Mocker","date":"5. November 2025","format":false,"excerpt":"Amaranthpops im M\u00fcsli kennt ihr wahrscheinlich. Wollt ihr wissen, wie die Pflanze aussieht, an der das kleinste Popcorn der Welt w\u00e4chst? Wann wei\u00df man, wann man die Samen ernten kann? Was kann man noch von der Pflanze essen? Und wie schmeckt Amaranthmehl? Diese und viele andere Fragen k\u00f6nnen beim Workshop\u2026","rel":"","context":"In &quot;Allgemein&quot;","block_context":{"text":"Allgemein","link":"https:\/\/www.el-pan-alegre.org\/wordpress\/kategorie\/allgemein\/"},"img":{"alt_text":"","src":"https:\/\/i0.wp.com\/www.el-pan-alegre.org\/wordpress\/wp-content\/uploads\/2025\/11\/251103-Amaranthernte.jpg?resize=350%2C200&ssl=1","width":350,"height":200,"srcset":"https:\/\/i0.wp.com\/www.el-pan-alegre.org\/wordpress\/wp-content\/uploads\/2025\/11\/251103-Amaranthernte.jpg?resize=350%2C200&ssl=1 1x, https:\/\/i0.wp.com\/www.el-pan-alegre.org\/wordpress\/wp-content\/uploads\/2025\/11\/251103-Amaranthernte.jpg?resize=525%2C300&ssl=1 1.5x, https:\/\/i0.wp.com\/www.el-pan-alegre.org\/wordpress\/wp-content\/uploads\/2025\/11\/251103-Amaranthernte.jpg?resize=700%2C400&ssl=1 2x, https:\/\/i0.wp.com\/www.el-pan-alegre.org\/wordpress\/wp-content\/uploads\/2025\/11\/251103-Amaranthernte.jpg?resize=1050%2C600&ssl=1 3x, https:\/\/i0.wp.com\/www.el-pan-alegre.org\/wordpress\/wp-content\/uploads\/2025\/11\/251103-Amaranthernte.jpg?resize=1400%2C800&ssl=1 4x"},"classes":[]},{"id":2918,"url":"https:\/\/www.el-pan-alegre.org\/wordpress\/2918-amaranth-ernte-am-23-09-im-gemeinschaftsgarten-menschenskindergarten\/","url_meta":{"origin":3030,"position":1},"title":"AMARANTH-ERNTE am 23.09. im Gemeinschaftsgarten MenschenskinderGarten","author":"Anja Mocker","date":"31. August 2023","format":false,"excerpt":"Der Amaranth w\u00e4chst jetzt auch im MenschenskinderGarten!!! Seit diesem Jahr ist \"El Pan Alegre\" ein Kooperationsprojekt von menschenskinder-berlin gGmbH. Die Samen wurden Anfang Juni 2023 auf dem Schaubeet ausgebracht. Nach anf\u00e4nglicher Trockenheit sind einige S\u00e4mlinge verschwunden. Doch die, die es \u00fcberstanden haben wurden mit reichlich Regen in den Ferienwochen belohnt\u2026","rel":"","context":"In &quot;Amaranth&quot;","block_context":{"text":"Amaranth","link":"https:\/\/www.el-pan-alegre.org\/wordpress\/kategorie\/amaranth\/"},"img":{"alt_text":"","src":"https:\/\/i0.wp.com\/www.el-pan-alegre.org\/wordpress\/wp-content\/uploads\/2023\/08\/230831-EBM_Amaranthernte-23-09-2023_V2.jpg?resize=350%2C200&ssl=1","width":350,"height":200,"srcset":"https:\/\/i0.wp.com\/www.el-pan-alegre.org\/wordpress\/wp-content\/uploads\/2023\/08\/230831-EBM_Amaranthernte-23-09-2023_V2.jpg?resize=350%2C200&ssl=1 1x, https:\/\/i0.wp.com\/www.el-pan-alegre.org\/wordpress\/wp-content\/uploads\/2023\/08\/230831-EBM_Amaranthernte-23-09-2023_V2.jpg?resize=525%2C300&ssl=1 1.5x, https:\/\/i0.wp.com\/www.el-pan-alegre.org\/wordpress\/wp-content\/uploads\/2023\/08\/230831-EBM_Amaranthernte-23-09-2023_V2.jpg?resize=700%2C400&ssl=1 2x, https:\/\/i0.wp.com\/www.el-pan-alegre.org\/wordpress\/wp-content\/uploads\/2023\/08\/230831-EBM_Amaranthernte-23-09-2023_V2.jpg?resize=1050%2C600&ssl=1 3x"},"classes":[]},{"id":2960,"url":"https:\/\/www.el-pan-alegre.org\/wordpress\/2960-endlich-ist-es-soweit-die-powerkoerner-sind-reif\/","url_meta":{"origin":3030,"position":2},"title":"Endlich ist es soweit &#8211; die Powerk\u00f6rner sind reif!","author":"Anja Mocker","date":"22. September 2023","format":false,"excerpt":"Amaranthpflanzen im MenschenskinderGarten Morgen, am 23. September ernten wir gemeinsam die Powerk\u00f6rner von 12-18 Uhr. Wir werden verschiedene K\u00f6stlichkeiten mit Amaranth herstellen und probieren. Mit dabei sind die einmaligen Amaranth-Knusperwaffeln, die s\u00fc\u00dfe Alegr\u00eda, dier herzhafte Amaranth-Flammkuchen und ganz neu: der Amaranthpower-Smoothie. Kommt, erntet, esst und trinkt mit uns. Anja &\u2026","rel":"","context":"In &quot;Amaranth&quot;","block_context":{"text":"Amaranth","link":"https:\/\/www.el-pan-alegre.org\/wordpress\/kategorie\/amaranth\/"},"img":{"alt_text":"","src":"https:\/\/i0.wp.com\/www.el-pan-alegre.org\/wordpress\/wp-content\/uploads\/2023\/09\/IMG_3776.jpg?resize=350%2C200&ssl=1","width":350,"height":200,"srcset":"https:\/\/i0.wp.com\/www.el-pan-alegre.org\/wordpress\/wp-content\/uploads\/2023\/09\/IMG_3776.jpg?resize=350%2C200&ssl=1 1x, https:\/\/i0.wp.com\/www.el-pan-alegre.org\/wordpress\/wp-content\/uploads\/2023\/09\/IMG_3776.jpg?resize=525%2C300&ssl=1 1.5x, https:\/\/i0.wp.com\/www.el-pan-alegre.org\/wordpress\/wp-content\/uploads\/2023\/09\/IMG_3776.jpg?resize=700%2C400&ssl=1 2x, https:\/\/i0.wp.com\/www.el-pan-alegre.org\/wordpress\/wp-content\/uploads\/2023\/09\/IMG_3776.jpg?resize=1050%2C600&ssl=1 3x, https:\/\/i0.wp.com\/www.el-pan-alegre.org\/wordpress\/wp-content\/uploads\/2023\/09\/IMG_3776.jpg?resize=1400%2C800&ssl=1 4x"},"classes":[]},{"id":2977,"url":"https:\/\/www.el-pan-alegre.org\/wordpress\/2977-kinder-kochen-fuer-ihre-eltern-und-als-nachtisch-gibt-es-lecker-amaranthknusperwaffeln\/","url_meta":{"origin":3030,"position":3},"title":"Kinder kochen f\u00fcr ihre Eltern &#8211; und als Nachtisch gibt es lecker Amaranthknusperwaffeln","author":"Anja Mocker","date":"16. Februar 2024","format":false,"excerpt":"Am Sonntag, den 18. Februar wird die Ern\u00e4hrungssituation in der Familie mal umgedreht. Im Familienzentrum werden die Kinder den Kochl\u00f6ffel \u00fcbernehmen und f\u00fcr ihre Eltern ein 3-G\u00e4nge-Men\u00fc zaubern. Als Nachtisch gibt es die hoch n\u00e4hrstoffhaltigen Amaranth-Knusperwaffeln auf Wunsch von Frederick. Die Kinder werden von Robert, Anja und zwei weiteren Erwachsenen\u2026","rel":"","context":"In &quot;Allgemein&quot;","block_context":{"text":"Allgemein","link":"https:\/\/www.el-pan-alegre.org\/wordpress\/kategorie\/allgemein\/"},"img":{"alt_text":"","src":"https:\/\/i0.wp.com\/www.el-pan-alegre.org\/wordpress\/wp-content\/uploads\/2024\/02\/240122-Flyer-Kinderkochen-A4-V4-scaled.jpg?resize=350%2C200&ssl=1","width":350,"height":200,"srcset":"https:\/\/i0.wp.com\/www.el-pan-alegre.org\/wordpress\/wp-content\/uploads\/2024\/02\/240122-Flyer-Kinderkochen-A4-V4-scaled.jpg?resize=350%2C200&ssl=1 1x, https:\/\/i0.wp.com\/www.el-pan-alegre.org\/wordpress\/wp-content\/uploads\/2024\/02\/240122-Flyer-Kinderkochen-A4-V4-scaled.jpg?resize=525%2C300&ssl=1 1.5x, https:\/\/i0.wp.com\/www.el-pan-alegre.org\/wordpress\/wp-content\/uploads\/2024\/02\/240122-Flyer-Kinderkochen-A4-V4-scaled.jpg?resize=700%2C400&ssl=1 2x, https:\/\/i0.wp.com\/www.el-pan-alegre.org\/wordpress\/wp-content\/uploads\/2024\/02\/240122-Flyer-Kinderkochen-A4-V4-scaled.jpg?resize=1050%2C600&ssl=1 3x, https:\/\/i0.wp.com\/www.el-pan-alegre.org\/wordpress\/wp-content\/uploads\/2024\/02\/240122-Flyer-Kinderkochen-A4-V4-scaled.jpg?resize=1400%2C800&ssl=1 4x"},"classes":[]},{"id":2981,"url":"https:\/\/www.el-pan-alegre.org\/wordpress\/2981-kinder-kochen-fuer-ihre-eltern-ein-voller-erfolg\/","url_meta":{"origin":3030,"position":4},"title":"Kinder kochen f\u00fcr ihre Eltern &#8211; ein voller Erfolg!!!","author":"Anja Mocker","date":"4. M\u00e4rz 2024","format":false,"excerpt":"Beim Kochprozess sind die Kinder alle notwendigen Schritte f\u00fcr das Herstellen eines 3-G\u00e4nge Men\u00fcs durchlaufen. Nur um einige zu nennen: Wie sieht der Arbeitsplatz aus, was brauchen wir f\u00fcr Zutaten, wie beachten wir die Lebensmittelhygiene, so dass keine:r krank wird, wie verarbeiten wir die Zutaten incl. Messerf\u00fchrerschein, wie werden die\u2026","rel":"","context":"In &quot;Allgemein&quot;","block_context":{"text":"Allgemein","link":"https:\/\/www.el-pan-alegre.org\/wordpress\/kategorie\/allgemein\/"},"img":{"alt_text":"","src":"https:\/\/i0.wp.com\/www.el-pan-alegre.org\/wordpress\/wp-content\/uploads\/2024\/03\/1.jpg?resize=350%2C200&ssl=1","width":350,"height":200,"srcset":"https:\/\/i0.wp.com\/www.el-pan-alegre.org\/wordpress\/wp-content\/uploads\/2024\/03\/1.jpg?resize=350%2C200&ssl=1 1x, https:\/\/i0.wp.com\/www.el-pan-alegre.org\/wordpress\/wp-content\/uploads\/2024\/03\/1.jpg?resize=525%2C300&ssl=1 1.5x, https:\/\/i0.wp.com\/www.el-pan-alegre.org\/wordpress\/wp-content\/uploads\/2024\/03\/1.jpg?resize=700%2C400&ssl=1 2x, https:\/\/i0.wp.com\/www.el-pan-alegre.org\/wordpress\/wp-content\/uploads\/2024\/03\/1.jpg?resize=1050%2C600&ssl=1 3x"},"classes":[]},{"id":2966,"url":"https:\/\/www.el-pan-alegre.org\/wordpress\/2966-ein-amaranth-fest-fuer-alle-sinne\/","url_meta":{"origin":3030,"position":5},"title":"Ein Amaranth-Fest f\u00fcr alle Sinne","author":"Madeleine Porr","date":"25. Oktober 2023","format":false,"excerpt":"War das ein bunter und genussvoller Auftakt f\u00fcr die neue Kooperation unseres Vereins mit dem MenschenskinderGarten (MKG) in Berlin-Friedrichshain! In allen Farben leuchteten an diesem strahlendsch\u00f6nen Samstag Ende September die Amaranthpflanzen in ihren Schaubeeten - und in allen m\u00f6glichen Kombinationen konnten die Erntefest-G\u00e4ste die Verwendung der Bl\u00e4tter und K\u00f6rner probieren:\u2026","rel":"","context":"In &quot;Allgemein&quot;","block_context":{"text":"Allgemein","link":"https:\/\/www.el-pan-alegre.org\/wordpress\/kategorie\/allgemein\/"},"img":{"alt_text":"","src":"https:\/\/i0.wp.com\/www.el-pan-alegre.org\/wordpress\/wp-content\/uploads\/2023\/10\/IMG_3788-1.png?resize=350%2C200&ssl=1","width":350,"height":200,"srcset":"https:\/\/i0.wp.com\/www.el-pan-alegre.org\/wordpress\/wp-content\/uploads\/2023\/10\/IMG_3788-1.png?resize=350%2C200&ssl=1 1x, https:\/\/i0.wp.com\/www.el-pan-alegre.org\/wordpress\/wp-content\/uploads\/2023\/10\/IMG_3788-1.png?resize=525%2C300&ssl=1 1.5x, https:\/\/i0.wp.com\/www.el-pan-alegre.org\/wordpress\/wp-content\/uploads\/2023\/10\/IMG_3788-1.png?resize=700%2C400&ssl=1 2x"},"classes":[]}],"_links":{"self":[{"href":"https:\/\/www.el-pan-alegre.org\/wordpress\/wp-json\/wp\/v2\/posts\/3030","targetHints":{"allow":["GET"]}}],"collection":[{"href":"https:\/\/www.el-pan-alegre.org\/wordpress\/wp-json\/wp\/v2\/posts"}],"about":[{"href":"https:\/\/www.el-pan-alegre.org\/wordpress\/wp-json\/wp\/v2\/types\/post"}],"author":[{"embeddable":true,"href":"https:\/\/www.el-pan-alegre.org\/wordpress\/wp-json\/wp\/v2\/users\/1"}],"replies":[{"embeddable":true,"href":"https:\/\/www.el-pan-alegre.org\/wordpress\/wp-json\/wp\/v2\/comments?post=3030"}],"version-history":[{"count":2,"href":"https:\/\/www.el-pan-alegre.org\/wordpress\/wp-json\/wp\/v2\/posts\/3030\/revisions"}],"predecessor-version":[{"id":3037,"href":"https:\/\/www.el-pan-alegre.org\/wordpress\/wp-json\/wp\/v2\/posts\/3030\/revisions\/3037"}],"wp:attachment":[{"href":"https:\/\/www.el-pan-alegre.org\/wordpress\/wp-json\/wp\/v2\/media?parent=3030"}],"wp:term":[{"taxonomy":"category","embeddable":true,"href":"https:\/\/www.el-pan-alegre.org\/wordpress\/wp-json\/wp\/v2\/categories?post=3030"},{"taxonomy":"post_tag","embeddable":true,"href":"https:\/\/www.el-pan-alegre.org\/wordpress\/wp-json\/wp\/v2\/tags?post=3030"}],"curies":[{"name":"wp","href":"https:\/\/api.w.org\/{rel}","templated":true}]}}