{"id":3011,"date":"2024-07-21T17:00:21","date_gmt":"2024-07-21T15:00:21","guid":{"rendered":"https:\/\/www.el-pan-alegre.org\/wordpress\/?p=3011"},"modified":"2024-07-21T17:03:48","modified_gmt":"2024-07-21T15:03:48","slug":"hurraaa-es-ist-wieder-fezitty-sommer","status":"publish","type":"post","link":"https:\/\/www.el-pan-alegre.org\/wordpress\/3011-hurraaa-es-ist-wieder-fezitty-sommer\/","title":{"rendered":"Hurraaa, es ist wieder FEZitty-Sommer!"},"content":{"rendered":"\n<figure class=\"wp-block-image size-full\"><a href=\"https:\/\/www.el-pan-alegre.org\/wordpress\/wp-content\/uploads\/2024\/07\/FEZitty-2024.jpg\"><img loading=\"lazy\" decoding=\"async\" width=\"980\" height=\"490\" src=\"https:\/\/www.el-pan-alegre.org\/wordpress\/wp-content\/uploads\/2024\/07\/FEZitty-2024.jpg\" alt=\"\" class=\"wp-image-3013\" srcset=\"https:\/\/www.el-pan-alegre.org\/wordpress\/wp-content\/uploads\/2024\/07\/FEZitty-2024.jpg 980w, https:\/\/www.el-pan-alegre.org\/wordpress\/wp-content\/uploads\/2024\/07\/FEZitty-2024-300x150.jpg 300w, https:\/\/www.el-pan-alegre.org\/wordpress\/wp-content\/uploads\/2024\/07\/FEZitty-2024-768x384.jpg 768w, https:\/\/www.el-pan-alegre.org\/wordpress\/wp-content\/uploads\/2024\/07\/FEZitty-2024-500x250.jpg 500w\" sizes=\"auto, (max-width: 980px) 100vw, 980px\" \/><\/a><figcaption><em>Quelle: <a href=\"https:\/\/tickets.fez-berlin.de\/Image.aspx?ImageID=2683\" target=\"_blank\" rel=\"noreferrer noopener\">FEZ-Berlin<\/a><\/em><\/figcaption><\/figure>\n\n\n\n<p>Ein einzigartiges Sommer-Stadtspiel findet alle zwei Jahre f\u00fcr Menschen zwischen 7 und 14 Jahren im FEZ-Berlin statt &#8211; und nach der Pause in 2023 auch wieder in diesem Jahr: <strong><a href=\"https:\/\/ferienfez.fez-berlin.de\/fezitty-hauptstadt-der-kinder\" target=\"_blank\" rel=\"noreferrer noopener\">FEZitty &#8211; die Hauptstadt der Kinder<\/a>, vom 23.7. bis 30.8.24<\/strong>.<\/p>\n\n\n\n<p>Hier k\u00f6nnt ihr bauen und g\u00e4rtnern und malen, im Supermarkt an der Kasse oder in der Post arbeiten, an der Kinder-Uni studieren oder als Radio-Reporter*in Programme gestalten und noch vieles mehr (<strong><a href=\"https:\/\/ferienfez.fez-berlin.de\/fileadmin\/user_upload\/Images_Downloads\/Ferienfez\/2024\/Sommerferien\/Stadtplan-FEZitty_18_06_2024.pdf\" target=\"_blank\" rel=\"noreferrer noopener\">LAGEPLAN<\/a><\/strong>). Und f\u00fcr jede eurer Arbeitsstunden verdient ihr Geld, das ihr dann wiederum \u00fcberall in der Spielstadt ausgeben k\u00f6nnt, z. B. im Kino, im Mampfhafen, im Beauty Salon oder beim Bootsverleih.<\/p>\n\n\n\n<p><em>\u00dcbrigens:<\/em> FEZitty ist zwar elternfreie Zone, aber die <strong><a href=\"https:\/\/wuhlheide-erleben.de\/\" target=\"_blank\" rel=\"noreferrer noopener\">Wuhlheide<\/a><\/strong>, in der das <strong><a href=\"https:\/\/fez-berlin.de\/\" target=\"_blank\" rel=\"noreferrer noopener\">FEZ-Berlin<\/a><\/strong> liegt, hat wunderbare Liegewiesen und andere erholsame Bereiche f\u00fcr Erwachsene. Nicht zuletzt: Gleich neben der FEZitty ist der Badesee f\u00fcr alle &#8211; also unbedingt Badesachen mitbringen.<\/p>\n\n\n\n<p>Wir haben jedenfalls immer einen <a href=\"https:\/\/www.el-pan-alegre.org\/wordpress\/?s=fezitty&amp;submit=Suchen\">Riesen-Spa\u00df<\/a> gehabt und den w\u00fcnschen wir in diesem Sommer auch euch! <\/p>\n\n\n\n<p class=\"has-light-gray-background-color has-background\"><strong>Am Mittwoch, 24.7., wird um 10 Uhr der Stadtschl\u00fcssel \u00fcbergeben. Bucht <a href=\"https:\/\/tickets.fez-berlin.de\/Details.aspx?EventID=332&amp;Kat=4\" target=\"_blank\" rel=\"noreferrer noopener\">HIER<\/a> schon mal schnell eure Tickets!<\/strong><\/p>\n","protected":false},"excerpt":{"rendered":"<p>Ein einzigartiges Sommer-Stadtspiel findet alle zwei Jahre f\u00fcr Menschen zwischen 7 und 14 Jahren im FEZ-Berlin statt &#8211; und nach der Pause in 2023 auch wieder in diesem Jahr: FEZitty &#8211; die Hauptstadt der Kinder, vom 23.7. bis 30.8.24. Hier &hellip; <a href=\"https:\/\/www.el-pan-alegre.org\/wordpress\/3011-hurraaa-es-ist-wieder-fezitty-sommer\/\">Weiterlesen <span class=\"meta-nav\">&rarr;<\/span><\/a><\/p>\n","protected":false},"author":2,"featured_media":0,"comment_status":"closed","ping_status":"closed","sticky":false,"template":"","format":"standard","meta":{"jetpack_post_was_ever_published":false,"_jetpack_newsletter_access":"","_jetpack_dont_email_post_to_subs":false,"_jetpack_newsletter_tier_id":0,"_jetpack_memberships_contains_paywalled_content":false,"_jetpack_memberships_contains_paid_content":false,"footnotes":"","jetpack_publicize_message":"","jetpack_publicize_feature_enabled":true,"jetpack_social_post_already_shared":true,"jetpack_social_options":{"image_generator_settings":{"template":"highway","default_image_id":0,"font":"","enabled":false},"version":2}},"categories":[1,60,9,19,6,5,2,24,4],"tags":[],"class_list":["post-3011","post","type-post","status-publish","format-standard","hentry","category-allgemein","category-bildung-fuer-nachhaltige-entwicklung-bne","category-fez","category-fez-berlin-oeko-insel","category-information","category-kommunikation","category-oeffentlichkeitsarbeit","category-paradies-wuhlheide","category-veranstaltung"],"yoast_head":"<!-- This site is optimized with the Yoast SEO plugin v27.5 - https:\/\/yoast.com\/product\/yoast-seo-wordpress\/ -->\n<title>Hurraaa, es ist wieder FEZitty-Sommer! - El Pan Alegre<\/title>\n<meta name=\"robots\" content=\"index, follow, max-snippet:-1, max-image-preview:large, max-video-preview:-1\" \/>\n<link rel=\"canonical\" href=\"https:\/\/www.el-pan-alegre.org\/wordpress\/3011-hurraaa-es-ist-wieder-fezitty-sommer\/\" \/>\n<meta property=\"og:locale\" content=\"de_DE\" \/>\n<meta property=\"og:type\" content=\"article\" \/>\n<meta property=\"og:title\" content=\"Hurraaa, es ist wieder FEZitty-Sommer! - El Pan Alegre\" \/>\n<meta property=\"og:description\" content=\"Ein einzigartiges Sommer-Stadtspiel findet alle zwei Jahre f\u00fcr Menschen zwischen 7 und 14 Jahren im FEZ-Berlin statt &#8211; und nach der Pause in 2023 auch wieder in diesem Jahr: FEZitty &#8211; die Hauptstadt der Kinder, vom 23.7. bis 30.8.24. Hier &hellip; Weiterlesen &rarr;\" \/>\n<meta property=\"og:url\" content=\"https:\/\/www.el-pan-alegre.org\/wordpress\/3011-hurraaa-es-ist-wieder-fezitty-sommer\/\" \/>\n<meta property=\"og:site_name\" content=\"El Pan Alegre\" \/>\n<meta property=\"article:published_time\" content=\"2024-07-21T15:00:21+00:00\" \/>\n<meta property=\"article:modified_time\" content=\"2024-07-21T15:03:48+00:00\" \/>\n<meta property=\"og:image\" content=\"https:\/\/www.el-pan-alegre.org\/wordpress\/wp-content\/uploads\/2024\/07\/FEZitty-2024.jpg\" \/>\n<meta name=\"author\" content=\"Madeleine Porr\" \/>\n<meta name=\"twitter:card\" content=\"summary_large_image\" \/>\n<meta name=\"twitter:label1\" content=\"Verfasst von\" \/>\n\t<meta name=\"twitter:data1\" content=\"Madeleine Porr\" \/>\n\t<meta name=\"twitter:label2\" content=\"Gesch\u00e4tzte Lesezeit\" \/>\n\t<meta name=\"twitter:data2\" content=\"2\u00a0Minuten\" \/>\n<script type=\"application\/ld+json\" class=\"yoast-schema-graph\">{\"@context\":\"https:\\\/\\\/schema.org\",\"@graph\":[{\"@type\":\"Article\",\"@id\":\"https:\\\/\\\/www.el-pan-alegre.org\\\/wordpress\\\/3011-hurraaa-es-ist-wieder-fezitty-sommer\\\/#article\",\"isPartOf\":{\"@id\":\"https:\\\/\\\/www.el-pan-alegre.org\\\/wordpress\\\/3011-hurraaa-es-ist-wieder-fezitty-sommer\\\/\"},\"author\":{\"name\":\"Madeleine Porr\",\"@id\":\"https:\\\/\\\/www.el-pan-alegre.org\\\/wordpress\\\/#\\\/schema\\\/person\\\/39b853679289f55293e37b53abdfb35e\"},\"headline\":\"Hurraaa, es ist wieder FEZitty-Sommer!\",\"datePublished\":\"2024-07-21T15:00:21+00:00\",\"dateModified\":\"2024-07-21T15:03:48+00:00\",\"mainEntityOfPage\":{\"@id\":\"https:\\\/\\\/www.el-pan-alegre.org\\\/wordpress\\\/3011-hurraaa-es-ist-wieder-fezitty-sommer\\\/\"},\"wordCount\":183,\"image\":{\"@id\":\"https:\\\/\\\/www.el-pan-alegre.org\\\/wordpress\\\/3011-hurraaa-es-ist-wieder-fezitty-sommer\\\/#primaryimage\"},\"thumbnailUrl\":\"https:\\\/\\\/www.el-pan-alegre.org\\\/wordpress\\\/wp-content\\\/uploads\\\/2024\\\/07\\\/FEZitty-2024.jpg\",\"articleSection\":{\"1\":\"Bildung f\u00fcr nachhaltige Entwicklung (BNE)\",\"2\":\"FEZ\",\"3\":\"FEZ-Berlin \u00d6ko-Insel\",\"4\":\"Information\",\"5\":\"Kommunikation\",\"6\":\"\u00d6ffentlichkeitsarbeit\",\"7\":\"Paradies Wuhlheide\",\"8\":\"Veranstaltung\"},\"inLanguage\":\"de\"},{\"@type\":\"WebPage\",\"@id\":\"https:\\\/\\\/www.el-pan-alegre.org\\\/wordpress\\\/3011-hurraaa-es-ist-wieder-fezitty-sommer\\\/\",\"url\":\"https:\\\/\\\/www.el-pan-alegre.org\\\/wordpress\\\/3011-hurraaa-es-ist-wieder-fezitty-sommer\\\/\",\"name\":\"Hurraaa, es ist wieder FEZitty-Sommer! - El Pan Alegre\",\"isPartOf\":{\"@id\":\"https:\\\/\\\/www.el-pan-alegre.org\\\/wordpress\\\/#website\"},\"primaryImageOfPage\":{\"@id\":\"https:\\\/\\\/www.el-pan-alegre.org\\\/wordpress\\\/3011-hurraaa-es-ist-wieder-fezitty-sommer\\\/#primaryimage\"},\"image\":{\"@id\":\"https:\\\/\\\/www.el-pan-alegre.org\\\/wordpress\\\/3011-hurraaa-es-ist-wieder-fezitty-sommer\\\/#primaryimage\"},\"thumbnailUrl\":\"https:\\\/\\\/www.el-pan-alegre.org\\\/wordpress\\\/wp-content\\\/uploads\\\/2024\\\/07\\\/FEZitty-2024.jpg\",\"datePublished\":\"2024-07-21T15:00:21+00:00\",\"dateModified\":\"2024-07-21T15:03:48+00:00\",\"author\":{\"@id\":\"https:\\\/\\\/www.el-pan-alegre.org\\\/wordpress\\\/#\\\/schema\\\/person\\\/39b853679289f55293e37b53abdfb35e\"},\"breadcrumb\":{\"@id\":\"https:\\\/\\\/www.el-pan-alegre.org\\\/wordpress\\\/3011-hurraaa-es-ist-wieder-fezitty-sommer\\\/#breadcrumb\"},\"inLanguage\":\"de\",\"potentialAction\":[{\"@type\":\"ReadAction\",\"target\":[\"https:\\\/\\\/www.el-pan-alegre.org\\\/wordpress\\\/3011-hurraaa-es-ist-wieder-fezitty-sommer\\\/\"]}]},{\"@type\":\"ImageObject\",\"inLanguage\":\"de\",\"@id\":\"https:\\\/\\\/www.el-pan-alegre.org\\\/wordpress\\\/3011-hurraaa-es-ist-wieder-fezitty-sommer\\\/#primaryimage\",\"url\":\"https:\\\/\\\/www.el-pan-alegre.org\\\/wordpress\\\/wp-content\\\/uploads\\\/2024\\\/07\\\/FEZitty-2024.jpg\",\"contentUrl\":\"https:\\\/\\\/www.el-pan-alegre.org\\\/wordpress\\\/wp-content\\\/uploads\\\/2024\\\/07\\\/FEZitty-2024.jpg\",\"width\":980,\"height\":490},{\"@type\":\"BreadcrumbList\",\"@id\":\"https:\\\/\\\/www.el-pan-alegre.org\\\/wordpress\\\/3011-hurraaa-es-ist-wieder-fezitty-sommer\\\/#breadcrumb\",\"itemListElement\":[{\"@type\":\"ListItem\",\"position\":1,\"name\":\"Home\",\"item\":\"https:\\\/\\\/www.el-pan-alegre.org\\\/wordpress\\\/\"},{\"@type\":\"ListItem\",\"position\":2,\"name\":\"Hurraaa, es ist wieder FEZitty-Sommer!\"}]},{\"@type\":\"WebSite\",\"@id\":\"https:\\\/\\\/www.el-pan-alegre.org\\\/wordpress\\\/#website\",\"url\":\"https:\\\/\\\/www.el-pan-alegre.org\\\/wordpress\\\/\",\"name\":\"El Pan Alegre\",\"description\":\"Das Fr\u00f6hliche Brot\",\"potentialAction\":[{\"@type\":\"SearchAction\",\"target\":{\"@type\":\"EntryPoint\",\"urlTemplate\":\"https:\\\/\\\/www.el-pan-alegre.org\\\/wordpress\\\/?s={search_term_string}\"},\"query-input\":{\"@type\":\"PropertyValueSpecification\",\"valueRequired\":true,\"valueName\":\"search_term_string\"}}],\"inLanguage\":\"de\"},{\"@type\":\"Person\",\"@id\":\"https:\\\/\\\/www.el-pan-alegre.org\\\/wordpress\\\/#\\\/schema\\\/person\\\/39b853679289f55293e37b53abdfb35e\",\"name\":\"Madeleine Porr\",\"image\":{\"@type\":\"ImageObject\",\"inLanguage\":\"de\",\"@id\":\"https:\\\/\\\/secure.gravatar.com\\\/avatar\\\/220f262381e6da1a53e3f4626f455dc2c5f03e3a01d49b4ee64a83051cd54bb1?s=96&d=identicon&r=g\",\"url\":\"https:\\\/\\\/secure.gravatar.com\\\/avatar\\\/220f262381e6da1a53e3f4626f455dc2c5f03e3a01d49b4ee64a83051cd54bb1?s=96&d=identicon&r=g\",\"contentUrl\":\"https:\\\/\\\/secure.gravatar.com\\\/avatar\\\/220f262381e6da1a53e3f4626f455dc2c5f03e3a01d49b4ee64a83051cd54bb1?s=96&d=identicon&r=g\",\"caption\":\"Madeleine Porr\"},\"url\":\"https:\\\/\\\/www.el-pan-alegre.org\\\/wordpress\\\/author\\\/madeleine\\\/\"}]}<\/script>\n<!-- \/ Yoast SEO plugin. -->","yoast_head_json":{"title":"Hurraaa, es ist wieder FEZitty-Sommer! - El Pan Alegre","robots":{"index":"index","follow":"follow","max-snippet":"max-snippet:-1","max-image-preview":"max-image-preview:large","max-video-preview":"max-video-preview:-1"},"canonical":"https:\/\/www.el-pan-alegre.org\/wordpress\/3011-hurraaa-es-ist-wieder-fezitty-sommer\/","og_locale":"de_DE","og_type":"article","og_title":"Hurraaa, es ist wieder FEZitty-Sommer! - El Pan Alegre","og_description":"Ein einzigartiges Sommer-Stadtspiel findet alle zwei Jahre f\u00fcr Menschen zwischen 7 und 14 Jahren im FEZ-Berlin statt &#8211; und nach der Pause in 2023 auch wieder in diesem Jahr: FEZitty &#8211; die Hauptstadt der Kinder, vom 23.7. bis 30.8.24. Hier &hellip; Weiterlesen &rarr;","og_url":"https:\/\/www.el-pan-alegre.org\/wordpress\/3011-hurraaa-es-ist-wieder-fezitty-sommer\/","og_site_name":"El Pan Alegre","article_published_time":"2024-07-21T15:00:21+00:00","article_modified_time":"2024-07-21T15:03:48+00:00","og_image":[{"url":"https:\/\/www.el-pan-alegre.org\/wordpress\/wp-content\/uploads\/2024\/07\/FEZitty-2024.jpg","type":"","width":"","height":""}],"author":"Madeleine Porr","twitter_card":"summary_large_image","twitter_misc":{"Verfasst von":"Madeleine Porr","Gesch\u00e4tzte Lesezeit":"2\u00a0Minuten"},"schema":{"@context":"https:\/\/schema.org","@graph":[{"@type":"Article","@id":"https:\/\/www.el-pan-alegre.org\/wordpress\/3011-hurraaa-es-ist-wieder-fezitty-sommer\/#article","isPartOf":{"@id":"https:\/\/www.el-pan-alegre.org\/wordpress\/3011-hurraaa-es-ist-wieder-fezitty-sommer\/"},"author":{"name":"Madeleine Porr","@id":"https:\/\/www.el-pan-alegre.org\/wordpress\/#\/schema\/person\/39b853679289f55293e37b53abdfb35e"},"headline":"Hurraaa, es ist wieder FEZitty-Sommer!","datePublished":"2024-07-21T15:00:21+00:00","dateModified":"2024-07-21T15:03:48+00:00","mainEntityOfPage":{"@id":"https:\/\/www.el-pan-alegre.org\/wordpress\/3011-hurraaa-es-ist-wieder-fezitty-sommer\/"},"wordCount":183,"image":{"@id":"https:\/\/www.el-pan-alegre.org\/wordpress\/3011-hurraaa-es-ist-wieder-fezitty-sommer\/#primaryimage"},"thumbnailUrl":"https:\/\/www.el-pan-alegre.org\/wordpress\/wp-content\/uploads\/2024\/07\/FEZitty-2024.jpg","articleSection":{"1":"Bildung f\u00fcr nachhaltige Entwicklung (BNE)","2":"FEZ","3":"FEZ-Berlin \u00d6ko-Insel","4":"Information","5":"Kommunikation","6":"\u00d6ffentlichkeitsarbeit","7":"Paradies Wuhlheide","8":"Veranstaltung"},"inLanguage":"de"},{"@type":"WebPage","@id":"https:\/\/www.el-pan-alegre.org\/wordpress\/3011-hurraaa-es-ist-wieder-fezitty-sommer\/","url":"https:\/\/www.el-pan-alegre.org\/wordpress\/3011-hurraaa-es-ist-wieder-fezitty-sommer\/","name":"Hurraaa, es ist wieder FEZitty-Sommer! - El Pan Alegre","isPartOf":{"@id":"https:\/\/www.el-pan-alegre.org\/wordpress\/#website"},"primaryImageOfPage":{"@id":"https:\/\/www.el-pan-alegre.org\/wordpress\/3011-hurraaa-es-ist-wieder-fezitty-sommer\/#primaryimage"},"image":{"@id":"https:\/\/www.el-pan-alegre.org\/wordpress\/3011-hurraaa-es-ist-wieder-fezitty-sommer\/#primaryimage"},"thumbnailUrl":"https:\/\/www.el-pan-alegre.org\/wordpress\/wp-content\/uploads\/2024\/07\/FEZitty-2024.jpg","datePublished":"2024-07-21T15:00:21+00:00","dateModified":"2024-07-21T15:03:48+00:00","author":{"@id":"https:\/\/www.el-pan-alegre.org\/wordpress\/#\/schema\/person\/39b853679289f55293e37b53abdfb35e"},"breadcrumb":{"@id":"https:\/\/www.el-pan-alegre.org\/wordpress\/3011-hurraaa-es-ist-wieder-fezitty-sommer\/#breadcrumb"},"inLanguage":"de","potentialAction":[{"@type":"ReadAction","target":["https:\/\/www.el-pan-alegre.org\/wordpress\/3011-hurraaa-es-ist-wieder-fezitty-sommer\/"]}]},{"@type":"ImageObject","inLanguage":"de","@id":"https:\/\/www.el-pan-alegre.org\/wordpress\/3011-hurraaa-es-ist-wieder-fezitty-sommer\/#primaryimage","url":"https:\/\/www.el-pan-alegre.org\/wordpress\/wp-content\/uploads\/2024\/07\/FEZitty-2024.jpg","contentUrl":"https:\/\/www.el-pan-alegre.org\/wordpress\/wp-content\/uploads\/2024\/07\/FEZitty-2024.jpg","width":980,"height":490},{"@type":"BreadcrumbList","@id":"https:\/\/www.el-pan-alegre.org\/wordpress\/3011-hurraaa-es-ist-wieder-fezitty-sommer\/#breadcrumb","itemListElement":[{"@type":"ListItem","position":1,"name":"Home","item":"https:\/\/www.el-pan-alegre.org\/wordpress\/"},{"@type":"ListItem","position":2,"name":"Hurraaa, es ist wieder FEZitty-Sommer!"}]},{"@type":"WebSite","@id":"https:\/\/www.el-pan-alegre.org\/wordpress\/#website","url":"https:\/\/www.el-pan-alegre.org\/wordpress\/","name":"El Pan Alegre","description":"Das Fr\u00f6hliche Brot","potentialAction":[{"@type":"SearchAction","target":{"@type":"EntryPoint","urlTemplate":"https:\/\/www.el-pan-alegre.org\/wordpress\/?s={search_term_string}"},"query-input":{"@type":"PropertyValueSpecification","valueRequired":true,"valueName":"search_term_string"}}],"inLanguage":"de"},{"@type":"Person","@id":"https:\/\/www.el-pan-alegre.org\/wordpress\/#\/schema\/person\/39b853679289f55293e37b53abdfb35e","name":"Madeleine Porr","image":{"@type":"ImageObject","inLanguage":"de","@id":"https:\/\/secure.gravatar.com\/avatar\/220f262381e6da1a53e3f4626f455dc2c5f03e3a01d49b4ee64a83051cd54bb1?s=96&d=identicon&r=g","url":"https:\/\/secure.gravatar.com\/avatar\/220f262381e6da1a53e3f4626f455dc2c5f03e3a01d49b4ee64a83051cd54bb1?s=96&d=identicon&r=g","contentUrl":"https:\/\/secure.gravatar.com\/avatar\/220f262381e6da1a53e3f4626f455dc2c5f03e3a01d49b4ee64a83051cd54bb1?s=96&d=identicon&r=g","caption":"Madeleine Porr"},"url":"https:\/\/www.el-pan-alegre.org\/wordpress\/author\/madeleine\/"}]}},"jetpack_publicize_connections":[],"jetpack_featured_media_url":"","jetpack_sharing_enabled":true,"jetpack_shortlink":"https:\/\/wp.me\/p62TDh-Mz","jetpack-related-posts":[{"id":90,"url":"https:\/\/www.el-pan-alegre.org\/wordpress\/90-fezitty-thementag-amaranth-am-05-08-10\/","url_meta":{"origin":3011,"position":0},"title":"FEZitty-Thementag AMARANTH am 05.08.10","author":"Anja Mocker","date":"2. August 2010","format":false,"excerpt":"Fit und schlau (nicht nur) f\u00fcrs neue Schuljahr -dabei wollen wir die Kinder unterst\u00fctzen!(Aus der Presseerkl\u00e4rung:) \"Am kommenden Donnerstag, dem 05.08.10, sind die sechs- bis vierzehnj\u00e4hrigen Kinder in Berlin besonders herzlich in die Sommer-Spielstadt FEZitty in der Wuhlheide (Bezirk K\u00f6penick) eingeladen.Dort k\u00f6nnen sie sich f\u00fcr das n\u00e4chste Schuljahr fit und\u2026","rel":"","context":"In &quot;Amaranth&quot;","block_context":{"text":"Amaranth","link":"https:\/\/www.el-pan-alegre.org\/wordpress\/kategorie\/amaranth\/"},"img":{"alt_text":"","src":"https:\/\/i0.wp.com\/www.el-pan-alegre.org\/wordpress\/wp-content\/uploads\/2010\/08\/EPA_Plakat_kpka-fezitty-klRand.jpg?resize=350%2C200&ssl=1","width":350,"height":200},"classes":[]},{"id":92,"url":"https:\/\/www.el-pan-alegre.org\/wordpress\/92-fezitty-2010-die-kinder-uebernehmen-wieder-die-deutsche-hauptstadt\/","url_meta":{"origin":3011,"position":1},"title":"FEZitty 2010 &#8211; Die Kinder \u00fcbernehmen wieder die deutsche Hauptstadt","author":"Anja Mocker","date":"7. Juli 2010","format":false,"excerpt":"Hurraaa, freut sich nicht nur meine Patentochter Lea (11): Zwei Jahre sind herum, es sind Sommerferien und das FEZ-Berlin verwandelt sich ab morgen wieder f\u00fcr \u00fcber sechs Wochen in die Kinderhauptstadt Deutschlands - die FEZitty.Zu all den vielen Aktivit\u00e4ten ist dieses Jahr auch ein ganzer FEZitty-Thementag rund um das Kinder-Powerkorn\u2026","rel":"","context":"In &quot;Amaranth&quot;","block_context":{"text":"Amaranth","link":"https:\/\/www.el-pan-alegre.org\/wordpress\/kategorie\/amaranth\/"},"img":{"alt_text":"","src":"https:\/\/i0.wp.com\/www.el-pan-alegre.org\/wordpress\/wp-content\/uploads\/2010\/07\/flyer001.jpg?resize=350%2C200&ssl=1","width":350,"height":200,"srcset":"https:\/\/i0.wp.com\/www.el-pan-alegre.org\/wordpress\/wp-content\/uploads\/2010\/07\/flyer001.jpg?resize=350%2C200&ssl=1 1x, https:\/\/i0.wp.com\/www.el-pan-alegre.org\/wordpress\/wp-content\/uploads\/2010\/07\/flyer001.jpg?resize=525%2C300&ssl=1 1.5x, https:\/\/i0.wp.com\/www.el-pan-alegre.org\/wordpress\/wp-content\/uploads\/2010\/07\/flyer001.jpg?resize=700%2C400&ssl=1 2x"},"classes":[]},{"id":91,"url":"https:\/\/www.el-pan-alegre.org\/wordpress\/91-schatzsuche-in-fezitty-27-07-2010\/","url_meta":{"origin":3011,"position":2},"title":"Schatzsuche in FEZitty 27.07.2010","author":"Anja Mocker","date":"26. Juli 2010","format":false,"excerpt":"Das Geheimnis des Bunten Goldes - Schatzsuche in FEZitty(Seminarangebot der FEZitty-Universit\u00e4t an die FEZittyb\u00fcrger\/innen;Thema: Energie & Ern\u00e4hrung im Kreislauf am Beispiel von Biogas, Terra Preta und Amaranth)Zeit: 11.30 Uhr und 14 Uhr (jeweils 2 Stunden) - 27.07.2010Ort: FEZ Freizeit-, Bildungs- und Erholungszentrum Wuhlheide,Stra\u00dfe zum FEZ 2, 12459 BerlinVeranstalter: En Buenas\u2026","rel":"","context":"In &quot;Amaranth&quot;","block_context":{"text":"Amaranth","link":"https:\/\/www.el-pan-alegre.org\/wordpress\/kategorie\/amaranth\/"},"img":{"alt_text":"","src":"https:\/\/i0.wp.com\/www.el-pan-alegre.org\/wordpress\/wp-content\/uploads\/2010\/07\/schatzsuche_fezitty_ev.jpg?resize=350%2C200&ssl=1","width":350,"height":200,"srcset":"https:\/\/i0.wp.com\/www.el-pan-alegre.org\/wordpress\/wp-content\/uploads\/2010\/07\/schatzsuche_fezitty_ev.jpg?resize=350%2C200&ssl=1 1x, https:\/\/i0.wp.com\/www.el-pan-alegre.org\/wordpress\/wp-content\/uploads\/2010\/07\/schatzsuche_fezitty_ev.jpg?resize=525%2C300&ssl=1 1.5x, https:\/\/i0.wp.com\/www.el-pan-alegre.org\/wordpress\/wp-content\/uploads\/2010\/07\/schatzsuche_fezitty_ev.jpg?resize=700%2C400&ssl=1 2x"},"classes":[]},{"id":32,"url":"https:\/\/www.el-pan-alegre.org\/wordpress\/32-amaranth-tag-in-der-fezitty\/","url_meta":{"origin":3011,"position":3},"title":"AMARANTH-TAG in der FEZitty!","author":"Anja Mocker","date":"3. August 2012","format":false,"excerpt":"Wie schon bei unserem Einstand in der FEZitty 2010 (Trickfilm \/ Fotos) gab es auch diesmal wieder - unterst\u00fctzt vom Deutschen Kinderhilfswerk - einen ganzen Thementag rund um die Powerpflanze Amaranth. ... \u00a0 Dabei gleich erst mal vorweg ein dickes herzliches Dankesch\u00f6n an die FEZitty-Arbeitsbereiche \"Sonderanfertigungen\" (f\u00fcr den Bau der\u2026","rel":"","context":"In &quot;Amaranth&quot;","block_context":{"text":"Amaranth","link":"https:\/\/www.el-pan-alegre.org\/wordpress\/kategorie\/amaranth\/"},"img":{"alt_text":"","src":"https:\/\/i0.wp.com\/www.el-pan-alegre.org\/wordpress\/wp-content\/uploads\/2012\/08\/04.jpg?resize=350%2C200&ssl=1","width":350,"height":200,"srcset":"https:\/\/i0.wp.com\/www.el-pan-alegre.org\/wordpress\/wp-content\/uploads\/2012\/08\/04.jpg?resize=350%2C200&ssl=1 1x, https:\/\/i0.wp.com\/www.el-pan-alegre.org\/wordpress\/wp-content\/uploads\/2012\/08\/04.jpg?resize=525%2C300&ssl=1 1.5x, https:\/\/i0.wp.com\/www.el-pan-alegre.org\/wordpress\/wp-content\/uploads\/2012\/08\/04.jpg?resize=700%2C400&ssl=1 2x"},"classes":[]},{"id":9,"url":"https:\/\/www.el-pan-alegre.org\/wordpress\/9-grenzenlos-gesund-essen\/","url_meta":{"origin":3011,"position":4},"title":"GRENZENLOS GESUND ESSEN!","author":"Anja Mocker","date":"2. September 2014","format":false,"excerpt":"+\u00a0 +\u00a0 +\u00a0\u00a0 Kinder aus verschiedenen Kulturen erarbeiten eine Ausstellung zu gesunder Ern\u00e4hrung\u00a0 +\u00a0 +\u00a0 + Die F\u00f6rderung der Aktion Mensch (vielen Dank im Namen aller Beteiligten!) hat es m\u00f6glich gemacht: Etwa 50 Kinder aus rund zehn verschiedenen Kulturen haben in diesem Sommer mit Projektleiterin Agnieszka Kedzierska (En Buenas Manos\u2026","rel":"","context":"In &quot;Aktion Mensch&quot;","block_context":{"text":"Aktion Mensch","link":"https:\/\/www.el-pan-alegre.org\/wordpress\/kategorie\/aktion-mensch\/"},"img":{"alt_text":"","src":"https:\/\/i0.wp.com\/www.el-pan-alegre.org\/wordpress\/wp-content\/uploads\/2014\/09\/01.jpg?resize=350%2C200&ssl=1","width":350,"height":200,"srcset":"https:\/\/i0.wp.com\/www.el-pan-alegre.org\/wordpress\/wp-content\/uploads\/2014\/09\/01.jpg?resize=350%2C200&ssl=1 1x, https:\/\/i0.wp.com\/www.el-pan-alegre.org\/wordpress\/wp-content\/uploads\/2014\/09\/01.jpg?resize=525%2C300&ssl=1 1.5x, https:\/\/i0.wp.com\/www.el-pan-alegre.org\/wordpress\/wp-content\/uploads\/2014\/09\/01.jpg?resize=700%2C400&ssl=1 2x"},"classes":[]},{"id":33,"url":"https:\/\/www.el-pan-alegre.org\/wordpress\/33-neu-in-fezitty-die-amaranth-keksbaeckerei\/","url_meta":{"origin":3011,"position":5},"title":"NEU IN FEZITTY: Die Amaranth-Keksb\u00e4ckerei!","author":"Anja Mocker","date":"17. Juli 2012","format":false,"excerpt":"Noch zweieinhalb Wochen lang regieren in der Wuhlheide die Kinder in ihrer Hauptstadt: das FEZ hat sich wieder in die FEZitty verwandelt, die Sommerferien-Spielstadt! In diesem Jahr gibt es - dank einer F\u00f6rderung des Deutschen Kinderhilfswerks und der Unterst\u00fctzung der K\u00f6penicker B\u00e4ckerei und Konditorei Jaenichen - zwei neue Berufe, f\u00fcr\u2026","rel":"","context":"In &quot;Amaranth&quot;","block_context":{"text":"Amaranth","link":"https:\/\/www.el-pan-alegre.org\/wordpress\/kategorie\/amaranth\/"},"img":{"alt_text":"","src":"https:\/\/i0.wp.com\/www.el-pan-alegre.org\/wordpress\/wp-content\/uploads\/2012\/07\/01.jpg?resize=350%2C200&ssl=1","width":350,"height":200,"srcset":"https:\/\/i0.wp.com\/www.el-pan-alegre.org\/wordpress\/wp-content\/uploads\/2012\/07\/01.jpg?resize=350%2C200&ssl=1 1x, https:\/\/i0.wp.com\/www.el-pan-alegre.org\/wordpress\/wp-content\/uploads\/2012\/07\/01.jpg?resize=525%2C300&ssl=1 1.5x, https:\/\/i0.wp.com\/www.el-pan-alegre.org\/wordpress\/wp-content\/uploads\/2012\/07\/01.jpg?resize=700%2C400&ssl=1 2x"},"classes":[]}],"_links":{"self":[{"href":"https:\/\/www.el-pan-alegre.org\/wordpress\/wp-json\/wp\/v2\/posts\/3011","targetHints":{"allow":["GET"]}}],"collection":[{"href":"https:\/\/www.el-pan-alegre.org\/wordpress\/wp-json\/wp\/v2\/posts"}],"about":[{"href":"https:\/\/www.el-pan-alegre.org\/wordpress\/wp-json\/wp\/v2\/types\/post"}],"author":[{"embeddable":true,"href":"https:\/\/www.el-pan-alegre.org\/wordpress\/wp-json\/wp\/v2\/users\/2"}],"replies":[{"embeddable":true,"href":"https:\/\/www.el-pan-alegre.org\/wordpress\/wp-json\/wp\/v2\/comments?post=3011"}],"version-history":[{"count":14,"href":"https:\/\/www.el-pan-alegre.org\/wordpress\/wp-json\/wp\/v2\/posts\/3011\/revisions"}],"predecessor-version":[{"id":3027,"href":"https:\/\/www.el-pan-alegre.org\/wordpress\/wp-json\/wp\/v2\/posts\/3011\/revisions\/3027"}],"wp:attachment":[{"href":"https:\/\/www.el-pan-alegre.org\/wordpress\/wp-json\/wp\/v2\/media?parent=3011"}],"wp:term":[{"taxonomy":"category","embeddable":true,"href":"https:\/\/www.el-pan-alegre.org\/wordpress\/wp-json\/wp\/v2\/categories?post=3011"},{"taxonomy":"post_tag","embeddable":true,"href":"https:\/\/www.el-pan-alegre.org\/wordpress\/wp-json\/wp\/v2\/tags?post=3011"}],"curies":[{"name":"wp","href":"https:\/\/api.w.org\/{rel}","templated":true}]}}