{"id":2981,"date":"2024-03-04T12:47:08","date_gmt":"2024-03-04T11:47:08","guid":{"rendered":"https:\/\/www.el-pan-alegre.org\/wordpress\/?p=2981"},"modified":"2024-03-04T12:50:51","modified_gmt":"2024-03-04T11:50:51","slug":"kinder-kochen-fuer-ihre-eltern-ein-voller-erfolg","status":"publish","type":"post","link":"https:\/\/www.el-pan-alegre.org\/wordpress\/2981-kinder-kochen-fuer-ihre-eltern-ein-voller-erfolg\/","title":{"rendered":"Kinder kochen f\u00fcr ihre Eltern &#8211; ein voller Erfolg!!!"},"content":{"rendered":"\n<figure class=\"wp-block-image size-large\"><a href=\"https:\/\/www.el-pan-alegre.org\/wordpress\/wp-content\/uploads\/2024\/03\/1.jpg\"><img loading=\"lazy\" decoding=\"async\" width=\"1024\" height=\"1024\" src=\"https:\/\/www.el-pan-alegre.org\/wordpress\/wp-content\/uploads\/2024\/03\/1-1024x1024.jpg\" alt=\"\" class=\"wp-image-2982\" srcset=\"https:\/\/www.el-pan-alegre.org\/wordpress\/wp-content\/uploads\/2024\/03\/1-1024x1024.jpg 1024w, https:\/\/www.el-pan-alegre.org\/wordpress\/wp-content\/uploads\/2024\/03\/1-300x300.jpg 300w, https:\/\/www.el-pan-alegre.org\/wordpress\/wp-content\/uploads\/2024\/03\/1-150x150.jpg 150w, https:\/\/www.el-pan-alegre.org\/wordpress\/wp-content\/uploads\/2024\/03\/1-768x768.jpg 768w, https:\/\/www.el-pan-alegre.org\/wordpress\/wp-content\/uploads\/2024\/03\/1.jpg 1080w\" sizes=\"auto, (max-width: 1024px) 100vw, 1024px\" \/><\/a><\/figure>\n\n\n\n<p>Beim Kochprozess sind die Kinder alle notwendigen Schritte f\u00fcr das Herstellen eines 3-G\u00e4nge Men\u00fcs durchlaufen. Nur um einige zu nennen: Wie sieht der Arbeitsplatz aus, was brauchen wir f\u00fcr Zutaten, wie beachten wir die Lebensmittelhygiene, so dass keine:r krank wird, wie verarbeiten wir die Zutaten incl. Messerf\u00fchrerschein, wie werden die verschiedenen G\u00e4nge serviert, wie stehen Tische und St\u00fchle, wie wird gedeckt, wie wird empfangen, wie wird pr\u00e4sentiert und wo kommt das benutzte Geschirr hin? <\/p>\n\n\n\n<p>Insgesamt f\u00fcr 38 Personen haben die Kinder ihren Eltern ein Men\u00fc gezaubert, festlich dekoriert und ihre Familie an ihre mit Namensschildchen versehenen Pl\u00e4tze gef\u00fchrt. Jeder Men\u00fcpunkt wurde von den Kindern erkl\u00e4rt. Gemeinsam haben wir dann den Elfensalat mit wilden Kr\u00e4utern als Vorspeise, den Winterkuchen mit Tomatenaugen als Hauptgericht und als Nachtisch die leckeren, stark und schlau machendenen Amaranth-Knusperwaffeln festlich verspeist. <\/p>\n\n\n\n<p>Die Kinder hatten so viel Spa\u00df am gemeinsamen Kochen, dass sie schon nach dem n\u00e4chsten Termin fragten. Da es auch viele Familien auf der Nachr\u00fcckerliste gab, wollen wir diese Veranstaltung im Herbst 2024 wiederholen. <\/p>\n\n\n\n<figure class=\"wp-block-image size-large\"><a href=\"https:\/\/www.el-pan-alegre.org\/wordpress\/wp-content\/uploads\/2024\/03\/3.jpg\"><img loading=\"lazy\" decoding=\"async\" width=\"1024\" height=\"1024\" src=\"https:\/\/www.el-pan-alegre.org\/wordpress\/wp-content\/uploads\/2024\/03\/3-1024x1024.jpg\" alt=\"\" class=\"wp-image-2983\" srcset=\"https:\/\/www.el-pan-alegre.org\/wordpress\/wp-content\/uploads\/2024\/03\/3-1024x1024.jpg 1024w, https:\/\/www.el-pan-alegre.org\/wordpress\/wp-content\/uploads\/2024\/03\/3-300x300.jpg 300w, https:\/\/www.el-pan-alegre.org\/wordpress\/wp-content\/uploads\/2024\/03\/3-150x150.jpg 150w, https:\/\/www.el-pan-alegre.org\/wordpress\/wp-content\/uploads\/2024\/03\/3-768x768.jpg 768w, https:\/\/www.el-pan-alegre.org\/wordpress\/wp-content\/uploads\/2024\/03\/3.jpg 1080w\" sizes=\"auto, (max-width: 1024px) 100vw, 1024px\" \/><\/a><\/figure>\n\n\n\n<figure class=\"wp-block-image size-large\"><a href=\"https:\/\/www.el-pan-alegre.org\/wordpress\/wp-content\/uploads\/2024\/03\/4.jpg\"><img loading=\"lazy\" decoding=\"async\" width=\"1080\" height=\"1080\" src=\"https:\/\/www.el-pan-alegre.org\/wordpress\/wp-content\/uploads\/2024\/03\/4-1024x1024.jpg\" alt=\"\" class=\"wp-image-2984\" srcset=\"https:\/\/www.el-pan-alegre.org\/wordpress\/wp-content\/uploads\/2024\/03\/4-1024x1024.jpg 1024w, https:\/\/www.el-pan-alegre.org\/wordpress\/wp-content\/uploads\/2024\/03\/4-300x300.jpg 300w, https:\/\/www.el-pan-alegre.org\/wordpress\/wp-content\/uploads\/2024\/03\/4-150x150.jpg 150w, https:\/\/www.el-pan-alegre.org\/wordpress\/wp-content\/uploads\/2024\/03\/4-768x768.jpg 768w, https:\/\/www.el-pan-alegre.org\/wordpress\/wp-content\/uploads\/2024\/03\/4.jpg 1080w\" sizes=\"auto, (max-width: 1080px) 100vw, 1080px\" \/><\/a><\/figure>\n\n\n\n<figure class=\"wp-block-image size-large\"><a href=\"https:\/\/www.el-pan-alegre.org\/wordpress\/wp-content\/uploads\/2024\/03\/5.jpg\"><img loading=\"lazy\" decoding=\"async\" width=\"1024\" height=\"1024\" src=\"https:\/\/www.el-pan-alegre.org\/wordpress\/wp-content\/uploads\/2024\/03\/5-1024x1024.jpg\" alt=\"\" class=\"wp-image-2985\" srcset=\"https:\/\/www.el-pan-alegre.org\/wordpress\/wp-content\/uploads\/2024\/03\/5-1024x1024.jpg 1024w, https:\/\/www.el-pan-alegre.org\/wordpress\/wp-content\/uploads\/2024\/03\/5-300x300.jpg 300w, https:\/\/www.el-pan-alegre.org\/wordpress\/wp-content\/uploads\/2024\/03\/5-150x150.jpg 150w, https:\/\/www.el-pan-alegre.org\/wordpress\/wp-content\/uploads\/2024\/03\/5-768x768.jpg 768w, https:\/\/www.el-pan-alegre.org\/wordpress\/wp-content\/uploads\/2024\/03\/5.jpg 1080w\" sizes=\"auto, (max-width: 1024px) 100vw, 1024px\" \/><\/a><\/figure>\n\n\n\n<figure class=\"wp-block-image size-large\"><a href=\"https:\/\/www.el-pan-alegre.org\/wordpress\/wp-content\/uploads\/2024\/03\/6.jpg\"><img loading=\"lazy\" decoding=\"async\" width=\"1024\" height=\"1024\" src=\"https:\/\/www.el-pan-alegre.org\/wordpress\/wp-content\/uploads\/2024\/03\/6-1024x1024.jpg\" alt=\"\" class=\"wp-image-2986\" srcset=\"https:\/\/www.el-pan-alegre.org\/wordpress\/wp-content\/uploads\/2024\/03\/6-1024x1024.jpg 1024w, https:\/\/www.el-pan-alegre.org\/wordpress\/wp-content\/uploads\/2024\/03\/6-300x300.jpg 300w, https:\/\/www.el-pan-alegre.org\/wordpress\/wp-content\/uploads\/2024\/03\/6-150x150.jpg 150w, https:\/\/www.el-pan-alegre.org\/wordpress\/wp-content\/uploads\/2024\/03\/6-768x768.jpg 768w, https:\/\/www.el-pan-alegre.org\/wordpress\/wp-content\/uploads\/2024\/03\/6.jpg 1080w\" sizes=\"auto, (max-width: 1024px) 100vw, 1024px\" \/><\/a><\/figure>\n","protected":false},"excerpt":{"rendered":"<p>Beim Kochprozess sind die Kinder alle notwendigen Schritte f\u00fcr das Herstellen eines 3-G\u00e4nge Men\u00fcs durchlaufen. Nur um einige zu nennen: Wie sieht der Arbeitsplatz aus, was brauchen wir f\u00fcr Zutaten, wie beachten wir die Lebensmittelhygiene, so dass keine:r krank wird, &hellip; <a href=\"https:\/\/www.el-pan-alegre.org\/wordpress\/2981-kinder-kochen-fuer-ihre-eltern-ein-voller-erfolg\/\">Weiterlesen <span class=\"meta-nav\">&rarr;<\/span><\/a><\/p>\n","protected":false},"author":1,"featured_media":0,"comment_status":"closed","ping_status":"closed","sticky":false,"template":"","format":"standard","meta":{"jetpack_post_was_ever_published":false,"_jetpack_newsletter_access":"","_jetpack_dont_email_post_to_subs":false,"_jetpack_newsletter_tier_id":0,"_jetpack_memberships_contains_paywalled_content":false,"_jetpack_memberships_contains_paid_content":false,"footnotes":"","jetpack_publicize_message":"","jetpack_publicize_feature_enabled":true,"jetpack_social_post_already_shared":true,"jetpack_social_options":{"image_generator_settings":{"template":"highway","default_image_id":0,"font":"","enabled":false},"version":2}},"categories":[1,16,25,60,118,120,4,8],"tags":[125,77,116,126,85,80,117,127,121,78,128,96],"class_list":["post-2981","post","type-post","status-publish","format-standard","hentry","category-allgemein","category-amaranth","category-anja","category-bildung-fuer-nachhaltige-entwicklung-bne","category-gesunde-ernaehrung","category-menschenskindergarten","category-veranstaltung","category-verein","tag-allgemein","tag-amaranth","tag-anja","tag-bildung-fuer-nachhaltige-entwicklung-bne","tag-buen-vivir","tag-en-buenas-manos-e-v","tag-gesunde-ernaehrung","tag-lebensmittelpunkt","tag-menschenskindergarten","tag-veranstaltung","tag-verein","tag-workshop"],"yoast_head":"<!-- This site is optimized with the Yoast SEO plugin v27.5 - https:\/\/yoast.com\/product\/yoast-seo-wordpress\/ -->\n<title>Kinder kochen f\u00fcr ihre Eltern - ein voller Erfolg!!! - El Pan Alegre<\/title>\n<meta name=\"description\" content=\"Insgesamt f\u00fcr 38 Personen haben die Kinder ihren Eltern ein Men\u00fc gezaubert, festlich dekoriert und ihre Familie an ihre mit Namensschildchen versehenen Pl\u00e4tze gef\u00fchrt. Jeder Men\u00fcpunkt wurde von den Kindern erkl\u00e4rt.\" \/>\n<meta name=\"robots\" content=\"index, follow, max-snippet:-1, max-image-preview:large, max-video-preview:-1\" \/>\n<link rel=\"canonical\" href=\"https:\/\/www.el-pan-alegre.org\/wordpress\/2981-kinder-kochen-fuer-ihre-eltern-ein-voller-erfolg\/\" \/>\n<meta property=\"og:locale\" content=\"de_DE\" \/>\n<meta property=\"og:type\" content=\"article\" \/>\n<meta property=\"og:title\" content=\"Kinder kochen f\u00fcr ihre Eltern - ein voller Erfolg!!! - El Pan Alegre\" \/>\n<meta property=\"og:description\" content=\"Insgesamt f\u00fcr 38 Personen haben die Kinder ihren Eltern ein Men\u00fc gezaubert, festlich dekoriert und ihre Familie an ihre mit Namensschildchen versehenen Pl\u00e4tze gef\u00fchrt. Jeder Men\u00fcpunkt wurde von den Kindern erkl\u00e4rt.\" \/>\n<meta property=\"og:url\" content=\"https:\/\/www.el-pan-alegre.org\/wordpress\/2981-kinder-kochen-fuer-ihre-eltern-ein-voller-erfolg\/\" \/>\n<meta property=\"og:site_name\" content=\"El Pan Alegre\" \/>\n<meta property=\"article:published_time\" content=\"2024-03-04T11:47:08+00:00\" \/>\n<meta property=\"article:modified_time\" content=\"2024-03-04T11:50:51+00:00\" \/>\n<meta property=\"og:image\" content=\"https:\/\/www.el-pan-alegre.org\/wordpress\/wp-content\/uploads\/2024\/03\/1-1024x1024.jpg\" \/>\n<meta name=\"author\" content=\"Anja Mocker\" \/>\n<meta name=\"twitter:card\" content=\"summary_large_image\" \/>\n<meta name=\"twitter:label1\" content=\"Verfasst von\" \/>\n\t<meta name=\"twitter:data1\" content=\"Anja Mocker\" \/>\n\t<meta name=\"twitter:label2\" content=\"Gesch\u00e4tzte Lesezeit\" \/>\n\t<meta name=\"twitter:data2\" content=\"2\u00a0Minuten\" \/>\n<script type=\"application\/ld+json\" class=\"yoast-schema-graph\">{\"@context\":\"https:\\\/\\\/schema.org\",\"@graph\":[{\"@type\":\"Article\",\"@id\":\"https:\\\/\\\/www.el-pan-alegre.org\\\/wordpress\\\/2981-kinder-kochen-fuer-ihre-eltern-ein-voller-erfolg\\\/#article\",\"isPartOf\":{\"@id\":\"https:\\\/\\\/www.el-pan-alegre.org\\\/wordpress\\\/2981-kinder-kochen-fuer-ihre-eltern-ein-voller-erfolg\\\/\"},\"author\":{\"name\":\"Anja Mocker\",\"@id\":\"https:\\\/\\\/www.el-pan-alegre.org\\\/wordpress\\\/#\\\/schema\\\/person\\\/a61ba0bec6094c61dbf9da4e4e4e5bfe\"},\"headline\":\"Kinder kochen f\u00fcr ihre Eltern &#8211; ein voller Erfolg!!!\",\"datePublished\":\"2024-03-04T11:47:08+00:00\",\"dateModified\":\"2024-03-04T11:50:51+00:00\",\"mainEntityOfPage\":{\"@id\":\"https:\\\/\\\/www.el-pan-alegre.org\\\/wordpress\\\/2981-kinder-kochen-fuer-ihre-eltern-ein-voller-erfolg\\\/\"},\"wordCount\":193,\"image\":{\"@id\":\"https:\\\/\\\/www.el-pan-alegre.org\\\/wordpress\\\/2981-kinder-kochen-fuer-ihre-eltern-ein-voller-erfolg\\\/#primaryimage\"},\"thumbnailUrl\":\"https:\\\/\\\/www.el-pan-alegre.org\\\/wordpress\\\/wp-content\\\/uploads\\\/2024\\\/03\\\/1-1024x1024.jpg\",\"keywords\":{\"1\":\"Amaranth\",\"2\":\"Anja\",\"3\":\"Bildung f\u00fcr nachhaltige Entwicklung (BNE)\",\"4\":\"Buen Vivir\",\"5\":\"En Buenas Manos e. V.\",\"6\":\"Gesunde Ern\u00e4hrung\",\"7\":\"LebensMittelpunkt\",\"8\":\"MenschenskinderGarten\",\"9\":\"Veranstaltung\",\"10\":\"Verein\",\"11\":\"Workshop\"},\"articleSection\":{\"1\":\"Amaranth\",\"2\":\"Anja\",\"3\":\"Bildung f\u00fcr nachhaltige Entwicklung (BNE)\",\"4\":\"Gesunde Ern\u00e4hrung\",\"5\":\"MenschenskinderGarten\",\"6\":\"Veranstaltung\",\"7\":\"Verein\"},\"inLanguage\":\"de\"},{\"@type\":\"WebPage\",\"@id\":\"https:\\\/\\\/www.el-pan-alegre.org\\\/wordpress\\\/2981-kinder-kochen-fuer-ihre-eltern-ein-voller-erfolg\\\/\",\"url\":\"https:\\\/\\\/www.el-pan-alegre.org\\\/wordpress\\\/2981-kinder-kochen-fuer-ihre-eltern-ein-voller-erfolg\\\/\",\"name\":\"Kinder kochen f\u00fcr ihre Eltern - ein voller Erfolg!!! - El Pan Alegre\",\"isPartOf\":{\"@id\":\"https:\\\/\\\/www.el-pan-alegre.org\\\/wordpress\\\/#website\"},\"primaryImageOfPage\":{\"@id\":\"https:\\\/\\\/www.el-pan-alegre.org\\\/wordpress\\\/2981-kinder-kochen-fuer-ihre-eltern-ein-voller-erfolg\\\/#primaryimage\"},\"image\":{\"@id\":\"https:\\\/\\\/www.el-pan-alegre.org\\\/wordpress\\\/2981-kinder-kochen-fuer-ihre-eltern-ein-voller-erfolg\\\/#primaryimage\"},\"thumbnailUrl\":\"https:\\\/\\\/www.el-pan-alegre.org\\\/wordpress\\\/wp-content\\\/uploads\\\/2024\\\/03\\\/1-1024x1024.jpg\",\"datePublished\":\"2024-03-04T11:47:08+00:00\",\"dateModified\":\"2024-03-04T11:50:51+00:00\",\"author\":{\"@id\":\"https:\\\/\\\/www.el-pan-alegre.org\\\/wordpress\\\/#\\\/schema\\\/person\\\/a61ba0bec6094c61dbf9da4e4e4e5bfe\"},\"description\":\"Insgesamt f\u00fcr 38 Personen haben die Kinder ihren Eltern ein Men\u00fc gezaubert, festlich dekoriert und ihre Familie an ihre mit Namensschildchen versehenen Pl\u00e4tze gef\u00fchrt. Jeder Men\u00fcpunkt wurde von den Kindern erkl\u00e4rt.\",\"breadcrumb\":{\"@id\":\"https:\\\/\\\/www.el-pan-alegre.org\\\/wordpress\\\/2981-kinder-kochen-fuer-ihre-eltern-ein-voller-erfolg\\\/#breadcrumb\"},\"inLanguage\":\"de\",\"potentialAction\":[{\"@type\":\"ReadAction\",\"target\":[\"https:\\\/\\\/www.el-pan-alegre.org\\\/wordpress\\\/2981-kinder-kochen-fuer-ihre-eltern-ein-voller-erfolg\\\/\"]}]},{\"@type\":\"ImageObject\",\"inLanguage\":\"de\",\"@id\":\"https:\\\/\\\/www.el-pan-alegre.org\\\/wordpress\\\/2981-kinder-kochen-fuer-ihre-eltern-ein-voller-erfolg\\\/#primaryimage\",\"url\":\"https:\\\/\\\/www.el-pan-alegre.org\\\/wordpress\\\/wp-content\\\/uploads\\\/2024\\\/03\\\/1.jpg\",\"contentUrl\":\"https:\\\/\\\/www.el-pan-alegre.org\\\/wordpress\\\/wp-content\\\/uploads\\\/2024\\\/03\\\/1.jpg\",\"width\":1080,\"height\":1080},{\"@type\":\"BreadcrumbList\",\"@id\":\"https:\\\/\\\/www.el-pan-alegre.org\\\/wordpress\\\/2981-kinder-kochen-fuer-ihre-eltern-ein-voller-erfolg\\\/#breadcrumb\",\"itemListElement\":[{\"@type\":\"ListItem\",\"position\":1,\"name\":\"Home\",\"item\":\"https:\\\/\\\/www.el-pan-alegre.org\\\/wordpress\\\/\"},{\"@type\":\"ListItem\",\"position\":2,\"name\":\"Kinder kochen f\u00fcr ihre Eltern &#8211; ein voller Erfolg!!!\"}]},{\"@type\":\"WebSite\",\"@id\":\"https:\\\/\\\/www.el-pan-alegre.org\\\/wordpress\\\/#website\",\"url\":\"https:\\\/\\\/www.el-pan-alegre.org\\\/wordpress\\\/\",\"name\":\"El Pan Alegre\",\"description\":\"Das Fr\u00f6hliche Brot\",\"potentialAction\":[{\"@type\":\"SearchAction\",\"target\":{\"@type\":\"EntryPoint\",\"urlTemplate\":\"https:\\\/\\\/www.el-pan-alegre.org\\\/wordpress\\\/?s={search_term_string}\"},\"query-input\":{\"@type\":\"PropertyValueSpecification\",\"valueRequired\":true,\"valueName\":\"search_term_string\"}}],\"inLanguage\":\"de\"},{\"@type\":\"Person\",\"@id\":\"https:\\\/\\\/www.el-pan-alegre.org\\\/wordpress\\\/#\\\/schema\\\/person\\\/a61ba0bec6094c61dbf9da4e4e4e5bfe\",\"name\":\"Anja Mocker\",\"image\":{\"@type\":\"ImageObject\",\"inLanguage\":\"de\",\"@id\":\"https:\\\/\\\/secure.gravatar.com\\\/avatar\\\/c283b0b556471cdaac4be59c661b13c1e141f08ca0dd2eb8f8d587262d7f04bb?s=96&d=identicon&r=g\",\"url\":\"https:\\\/\\\/secure.gravatar.com\\\/avatar\\\/c283b0b556471cdaac4be59c661b13c1e141f08ca0dd2eb8f8d587262d7f04bb?s=96&d=identicon&r=g\",\"contentUrl\":\"https:\\\/\\\/secure.gravatar.com\\\/avatar\\\/c283b0b556471cdaac4be59c661b13c1e141f08ca0dd2eb8f8d587262d7f04bb?s=96&d=identicon&r=g\",\"caption\":\"Anja Mocker\"},\"url\":\"https:\\\/\\\/www.el-pan-alegre.org\\\/wordpress\\\/author\\\/admin\\\/\"}]}<\/script>\n<!-- \/ Yoast SEO plugin. -->","yoast_head_json":{"title":"Kinder kochen f\u00fcr ihre Eltern - ein voller Erfolg!!! - El Pan Alegre","description":"Insgesamt f\u00fcr 38 Personen haben die Kinder ihren Eltern ein Men\u00fc gezaubert, festlich dekoriert und ihre Familie an ihre mit Namensschildchen versehenen Pl\u00e4tze gef\u00fchrt. Jeder Men\u00fcpunkt wurde von den Kindern erkl\u00e4rt.","robots":{"index":"index","follow":"follow","max-snippet":"max-snippet:-1","max-image-preview":"max-image-preview:large","max-video-preview":"max-video-preview:-1"},"canonical":"https:\/\/www.el-pan-alegre.org\/wordpress\/2981-kinder-kochen-fuer-ihre-eltern-ein-voller-erfolg\/","og_locale":"de_DE","og_type":"article","og_title":"Kinder kochen f\u00fcr ihre Eltern - ein voller Erfolg!!! - El Pan Alegre","og_description":"Insgesamt f\u00fcr 38 Personen haben die Kinder ihren Eltern ein Men\u00fc gezaubert, festlich dekoriert und ihre Familie an ihre mit Namensschildchen versehenen Pl\u00e4tze gef\u00fchrt. Jeder Men\u00fcpunkt wurde von den Kindern erkl\u00e4rt.","og_url":"https:\/\/www.el-pan-alegre.org\/wordpress\/2981-kinder-kochen-fuer-ihre-eltern-ein-voller-erfolg\/","og_site_name":"El Pan Alegre","article_published_time":"2024-03-04T11:47:08+00:00","article_modified_time":"2024-03-04T11:50:51+00:00","og_image":[{"url":"https:\/\/www.el-pan-alegre.org\/wordpress\/wp-content\/uploads\/2024\/03\/1-1024x1024.jpg","type":"","width":"","height":""}],"author":"Anja Mocker","twitter_card":"summary_large_image","twitter_misc":{"Verfasst von":"Anja Mocker","Gesch\u00e4tzte Lesezeit":"2\u00a0Minuten"},"schema":{"@context":"https:\/\/schema.org","@graph":[{"@type":"Article","@id":"https:\/\/www.el-pan-alegre.org\/wordpress\/2981-kinder-kochen-fuer-ihre-eltern-ein-voller-erfolg\/#article","isPartOf":{"@id":"https:\/\/www.el-pan-alegre.org\/wordpress\/2981-kinder-kochen-fuer-ihre-eltern-ein-voller-erfolg\/"},"author":{"name":"Anja Mocker","@id":"https:\/\/www.el-pan-alegre.org\/wordpress\/#\/schema\/person\/a61ba0bec6094c61dbf9da4e4e4e5bfe"},"headline":"Kinder kochen f\u00fcr ihre Eltern &#8211; ein voller Erfolg!!!","datePublished":"2024-03-04T11:47:08+00:00","dateModified":"2024-03-04T11:50:51+00:00","mainEntityOfPage":{"@id":"https:\/\/www.el-pan-alegre.org\/wordpress\/2981-kinder-kochen-fuer-ihre-eltern-ein-voller-erfolg\/"},"wordCount":193,"image":{"@id":"https:\/\/www.el-pan-alegre.org\/wordpress\/2981-kinder-kochen-fuer-ihre-eltern-ein-voller-erfolg\/#primaryimage"},"thumbnailUrl":"https:\/\/www.el-pan-alegre.org\/wordpress\/wp-content\/uploads\/2024\/03\/1-1024x1024.jpg","keywords":{"1":"Amaranth","2":"Anja","3":"Bildung f\u00fcr nachhaltige Entwicklung (BNE)","4":"Buen Vivir","5":"En Buenas Manos e. V.","6":"Gesunde Ern\u00e4hrung","7":"LebensMittelpunkt","8":"MenschenskinderGarten","9":"Veranstaltung","10":"Verein","11":"Workshop"},"articleSection":{"1":"Amaranth","2":"Anja","3":"Bildung f\u00fcr nachhaltige Entwicklung (BNE)","4":"Gesunde Ern\u00e4hrung","5":"MenschenskinderGarten","6":"Veranstaltung","7":"Verein"},"inLanguage":"de"},{"@type":"WebPage","@id":"https:\/\/www.el-pan-alegre.org\/wordpress\/2981-kinder-kochen-fuer-ihre-eltern-ein-voller-erfolg\/","url":"https:\/\/www.el-pan-alegre.org\/wordpress\/2981-kinder-kochen-fuer-ihre-eltern-ein-voller-erfolg\/","name":"Kinder kochen f\u00fcr ihre Eltern - ein voller Erfolg!!! - El Pan Alegre","isPartOf":{"@id":"https:\/\/www.el-pan-alegre.org\/wordpress\/#website"},"primaryImageOfPage":{"@id":"https:\/\/www.el-pan-alegre.org\/wordpress\/2981-kinder-kochen-fuer-ihre-eltern-ein-voller-erfolg\/#primaryimage"},"image":{"@id":"https:\/\/www.el-pan-alegre.org\/wordpress\/2981-kinder-kochen-fuer-ihre-eltern-ein-voller-erfolg\/#primaryimage"},"thumbnailUrl":"https:\/\/www.el-pan-alegre.org\/wordpress\/wp-content\/uploads\/2024\/03\/1-1024x1024.jpg","datePublished":"2024-03-04T11:47:08+00:00","dateModified":"2024-03-04T11:50:51+00:00","author":{"@id":"https:\/\/www.el-pan-alegre.org\/wordpress\/#\/schema\/person\/a61ba0bec6094c61dbf9da4e4e4e5bfe"},"description":"Insgesamt f\u00fcr 38 Personen haben die Kinder ihren Eltern ein Men\u00fc gezaubert, festlich dekoriert und ihre Familie an ihre mit Namensschildchen versehenen Pl\u00e4tze gef\u00fchrt. Jeder Men\u00fcpunkt wurde von den Kindern erkl\u00e4rt.","breadcrumb":{"@id":"https:\/\/www.el-pan-alegre.org\/wordpress\/2981-kinder-kochen-fuer-ihre-eltern-ein-voller-erfolg\/#breadcrumb"},"inLanguage":"de","potentialAction":[{"@type":"ReadAction","target":["https:\/\/www.el-pan-alegre.org\/wordpress\/2981-kinder-kochen-fuer-ihre-eltern-ein-voller-erfolg\/"]}]},{"@type":"ImageObject","inLanguage":"de","@id":"https:\/\/www.el-pan-alegre.org\/wordpress\/2981-kinder-kochen-fuer-ihre-eltern-ein-voller-erfolg\/#primaryimage","url":"https:\/\/www.el-pan-alegre.org\/wordpress\/wp-content\/uploads\/2024\/03\/1.jpg","contentUrl":"https:\/\/www.el-pan-alegre.org\/wordpress\/wp-content\/uploads\/2024\/03\/1.jpg","width":1080,"height":1080},{"@type":"BreadcrumbList","@id":"https:\/\/www.el-pan-alegre.org\/wordpress\/2981-kinder-kochen-fuer-ihre-eltern-ein-voller-erfolg\/#breadcrumb","itemListElement":[{"@type":"ListItem","position":1,"name":"Home","item":"https:\/\/www.el-pan-alegre.org\/wordpress\/"},{"@type":"ListItem","position":2,"name":"Kinder kochen f\u00fcr ihre Eltern &#8211; ein voller Erfolg!!!"}]},{"@type":"WebSite","@id":"https:\/\/www.el-pan-alegre.org\/wordpress\/#website","url":"https:\/\/www.el-pan-alegre.org\/wordpress\/","name":"El Pan Alegre","description":"Das Fr\u00f6hliche Brot","potentialAction":[{"@type":"SearchAction","target":{"@type":"EntryPoint","urlTemplate":"https:\/\/www.el-pan-alegre.org\/wordpress\/?s={search_term_string}"},"query-input":{"@type":"PropertyValueSpecification","valueRequired":true,"valueName":"search_term_string"}}],"inLanguage":"de"},{"@type":"Person","@id":"https:\/\/www.el-pan-alegre.org\/wordpress\/#\/schema\/person\/a61ba0bec6094c61dbf9da4e4e4e5bfe","name":"Anja Mocker","image":{"@type":"ImageObject","inLanguage":"de","@id":"https:\/\/secure.gravatar.com\/avatar\/c283b0b556471cdaac4be59c661b13c1e141f08ca0dd2eb8f8d587262d7f04bb?s=96&d=identicon&r=g","url":"https:\/\/secure.gravatar.com\/avatar\/c283b0b556471cdaac4be59c661b13c1e141f08ca0dd2eb8f8d587262d7f04bb?s=96&d=identicon&r=g","contentUrl":"https:\/\/secure.gravatar.com\/avatar\/c283b0b556471cdaac4be59c661b13c1e141f08ca0dd2eb8f8d587262d7f04bb?s=96&d=identicon&r=g","caption":"Anja Mocker"},"url":"https:\/\/www.el-pan-alegre.org\/wordpress\/author\/admin\/"}]}},"jetpack_publicize_connections":[],"jetpack_featured_media_url":"","jetpack_sharing_enabled":true,"jetpack_shortlink":"https:\/\/wp.me\/p62TDh-M5","jetpack-related-posts":[{"id":2977,"url":"https:\/\/www.el-pan-alegre.org\/wordpress\/2977-kinder-kochen-fuer-ihre-eltern-und-als-nachtisch-gibt-es-lecker-amaranthknusperwaffeln\/","url_meta":{"origin":2981,"position":0},"title":"Kinder kochen f\u00fcr ihre Eltern &#8211; und als Nachtisch gibt es lecker Amaranthknusperwaffeln","author":"Anja Mocker","date":"16. Februar 2024","format":false,"excerpt":"Am Sonntag, den 18. Februar wird die Ern\u00e4hrungssituation in der Familie mal umgedreht. Im Familienzentrum werden die Kinder den Kochl\u00f6ffel \u00fcbernehmen und f\u00fcr ihre Eltern ein 3-G\u00e4nge-Men\u00fc zaubern. Als Nachtisch gibt es die hoch n\u00e4hrstoffhaltigen Amaranth-Knusperwaffeln auf Wunsch von Frederick. Die Kinder werden von Robert, Anja und zwei weiteren Erwachsenen\u2026","rel":"","context":"In &quot;Allgemein&quot;","block_context":{"text":"Allgemein","link":"https:\/\/www.el-pan-alegre.org\/wordpress\/kategorie\/allgemein\/"},"img":{"alt_text":"","src":"https:\/\/i0.wp.com\/www.el-pan-alegre.org\/wordpress\/wp-content\/uploads\/2024\/02\/240122-Flyer-Kinderkochen-A4-V4-scaled.jpg?resize=350%2C200&ssl=1","width":350,"height":200,"srcset":"https:\/\/i0.wp.com\/www.el-pan-alegre.org\/wordpress\/wp-content\/uploads\/2024\/02\/240122-Flyer-Kinderkochen-A4-V4-scaled.jpg?resize=350%2C200&ssl=1 1x, https:\/\/i0.wp.com\/www.el-pan-alegre.org\/wordpress\/wp-content\/uploads\/2024\/02\/240122-Flyer-Kinderkochen-A4-V4-scaled.jpg?resize=525%2C300&ssl=1 1.5x, https:\/\/i0.wp.com\/www.el-pan-alegre.org\/wordpress\/wp-content\/uploads\/2024\/02\/240122-Flyer-Kinderkochen-A4-V4-scaled.jpg?resize=700%2C400&ssl=1 2x, https:\/\/i0.wp.com\/www.el-pan-alegre.org\/wordpress\/wp-content\/uploads\/2024\/02\/240122-Flyer-Kinderkochen-A4-V4-scaled.jpg?resize=1050%2C600&ssl=1 3x, https:\/\/i0.wp.com\/www.el-pan-alegre.org\/wordpress\/wp-content\/uploads\/2024\/02\/240122-Flyer-Kinderkochen-A4-V4-scaled.jpg?resize=1400%2C800&ssl=1 4x"},"classes":[]},{"id":3111,"url":"https:\/\/www.el-pan-alegre.org\/wordpress\/3111-kinder-kochen-fuer-ihre-eltern-ein-genussvoller-perspektivwechsel-im-sinne-nachhaltiger-bildung\/","url_meta":{"origin":2981,"position":1},"title":"\u201eKinder kochen f\u00fcr ihre Eltern\u201c \u2013 Ein genussvoller Perspektivwechsel im Sinne nachhaltiger Bildung","author":"Anja Mocker","date":"9. Mai 2025","format":false,"excerpt":"Am 18. Mai 2025 verwandelt sich das Familienzentrum Menschenskinder in Berlin in eine kreative Kinderk\u00fcche: Der Verein En Buenas Manos e.V. l\u00e4dt im Rahmen der Bildung f\u00fcr nachhaltige Entwicklung (BNE) zu einem besonderen Workshop ein. Unter dem Motto \u201eKinder kochen f\u00fcr ihre Eltern\u201c \u00fcbernehmen f\u00fcr einen Tag die J\u00fcngsten die\u2026","rel":"","context":"In &quot;Anja&quot;","block_context":{"text":"Anja","link":"https:\/\/www.el-pan-alegre.org\/wordpress\/kategorie\/anja\/"},"img":{"alt_text":"","src":"https:\/\/i0.wp.com\/www.el-pan-alegre.org\/wordpress\/wp-content\/uploads\/2025\/05\/Poster-A4-Kinder-kochen-fuer-ihre-Eltern.jpg?resize=350%2C200&ssl=1","width":350,"height":200,"srcset":"https:\/\/i0.wp.com\/www.el-pan-alegre.org\/wordpress\/wp-content\/uploads\/2025\/05\/Poster-A4-Kinder-kochen-fuer-ihre-Eltern.jpg?resize=350%2C200&ssl=1 1x, https:\/\/i0.wp.com\/www.el-pan-alegre.org\/wordpress\/wp-content\/uploads\/2025\/05\/Poster-A4-Kinder-kochen-fuer-ihre-Eltern.jpg?resize=525%2C300&ssl=1 1.5x, https:\/\/i0.wp.com\/www.el-pan-alegre.org\/wordpress\/wp-content\/uploads\/2025\/05\/Poster-A4-Kinder-kochen-fuer-ihre-Eltern.jpg?resize=700%2C400&ssl=1 2x, https:\/\/i0.wp.com\/www.el-pan-alegre.org\/wordpress\/wp-content\/uploads\/2025\/05\/Poster-A4-Kinder-kochen-fuer-ihre-Eltern.jpg?resize=1050%2C600&ssl=1 3x, https:\/\/i0.wp.com\/www.el-pan-alegre.org\/wordpress\/wp-content\/uploads\/2025\/05\/Poster-A4-Kinder-kochen-fuer-ihre-Eltern.jpg?resize=1400%2C800&ssl=1 4x"},"classes":[]},{"id":3155,"url":"https:\/\/www.el-pan-alegre.org\/wordpress\/3155-am-8-november-findet-endlich-die-diesjaehrige-amaranthernte-im-menschenskindergarten-statt\/","url_meta":{"origin":2981,"position":2},"title":"Am 8. November findet endlich die diesj\u00e4hrige Amaranthernte im MenschenskinderGarten statt","author":"Anja Mocker","date":"5. November 2025","format":false,"excerpt":"Amaranthpops im M\u00fcsli kennt ihr wahrscheinlich. Wollt ihr wissen, wie die Pflanze aussieht, an der das kleinste Popcorn der Welt w\u00e4chst? Wann wei\u00df man, wann man die Samen ernten kann? Was kann man noch von der Pflanze essen? Und wie schmeckt Amaranthmehl? Diese und viele andere Fragen k\u00f6nnen beim Workshop\u2026","rel":"","context":"In &quot;Allgemein&quot;","block_context":{"text":"Allgemein","link":"https:\/\/www.el-pan-alegre.org\/wordpress\/kategorie\/allgemein\/"},"img":{"alt_text":"","src":"https:\/\/i0.wp.com\/www.el-pan-alegre.org\/wordpress\/wp-content\/uploads\/2025\/11\/251103-Amaranthernte.jpg?resize=350%2C200&ssl=1","width":350,"height":200,"srcset":"https:\/\/i0.wp.com\/www.el-pan-alegre.org\/wordpress\/wp-content\/uploads\/2025\/11\/251103-Amaranthernte.jpg?resize=350%2C200&ssl=1 1x, https:\/\/i0.wp.com\/www.el-pan-alegre.org\/wordpress\/wp-content\/uploads\/2025\/11\/251103-Amaranthernte.jpg?resize=525%2C300&ssl=1 1.5x, https:\/\/i0.wp.com\/www.el-pan-alegre.org\/wordpress\/wp-content\/uploads\/2025\/11\/251103-Amaranthernte.jpg?resize=700%2C400&ssl=1 2x, https:\/\/i0.wp.com\/www.el-pan-alegre.org\/wordpress\/wp-content\/uploads\/2025\/11\/251103-Amaranthernte.jpg?resize=1050%2C600&ssl=1 3x, https:\/\/i0.wp.com\/www.el-pan-alegre.org\/wordpress\/wp-content\/uploads\/2025\/11\/251103-Amaranthernte.jpg?resize=1400%2C800&ssl=1 4x"},"classes":[]},{"id":3030,"url":"https:\/\/www.el-pan-alegre.org\/wordpress\/3030-amaranth-ernte-am-14-september-2024-im-menschenskindergarten\/","url_meta":{"origin":2981,"position":3},"title":"Amaranth-Ernte am 14. September 2024 im MenschenskinderGarten","author":"Anja Mocker","date":"5. September 2024","format":false,"excerpt":"Amaranthpops im M\u00fcsli kennt ihr wahrscheinlich. Wollt ihr wissen, wie die Pflanze aussieht, an der das kleinste Popcorn der Welt w\u00e4chst? Wann wei\u00df man, wann man die Samen ernten kann? Was kann man noch von der Pflanze essen? Und wie schmeckt Amaranthmehl? Diese und viele andere Fragen k\u00f6nnen beim Workshop\u2026","rel":"","context":"In &quot;Amaranth&quot;","block_context":{"text":"Amaranth","link":"https:\/\/www.el-pan-alegre.org\/wordpress\/kategorie\/amaranth\/"},"img":{"alt_text":"","src":"https:\/\/i0.wp.com\/www.el-pan-alegre.org\/wordpress\/wp-content\/uploads\/2024\/09\/240702-Amaranthernte-2024.jpg?resize=350%2C200&ssl=1","width":350,"height":200,"srcset":"https:\/\/i0.wp.com\/www.el-pan-alegre.org\/wordpress\/wp-content\/uploads\/2024\/09\/240702-Amaranthernte-2024.jpg?resize=350%2C200&ssl=1 1x, https:\/\/i0.wp.com\/www.el-pan-alegre.org\/wordpress\/wp-content\/uploads\/2024\/09\/240702-Amaranthernte-2024.jpg?resize=525%2C300&ssl=1 1.5x, https:\/\/i0.wp.com\/www.el-pan-alegre.org\/wordpress\/wp-content\/uploads\/2024\/09\/240702-Amaranthernte-2024.jpg?resize=700%2C400&ssl=1 2x, https:\/\/i0.wp.com\/www.el-pan-alegre.org\/wordpress\/wp-content\/uploads\/2024\/09\/240702-Amaranthernte-2024.jpg?resize=1050%2C600&ssl=1 3x, https:\/\/i0.wp.com\/www.el-pan-alegre.org\/wordpress\/wp-content\/uploads\/2024\/09\/240702-Amaranthernte-2024.jpg?resize=1400%2C800&ssl=1 4x"},"classes":[]},{"id":3137,"url":"https:\/\/www.el-pan-alegre.org\/wordpress\/3137-am-23-november-2025-heisst-es-wieder-im-familienzentrum-menschenskinder-in-berlin-kinder-kochen-fuer-ihre-eltern\/","url_meta":{"origin":2981,"position":4},"title":"Am 23. November 2025 hei\u00dft es wieder im Familienzentrum Menschenskinder in Berlin: \u201eKinder kochen f\u00fcr ihre Eltern\u201c!","author":"Anja Mocker","date":"27. Oktober 2025","format":false,"excerpt":"Wir freuen uns sehr, dass der Workshop auch jetzt im Herbst wieder stattfinden kann. Hier \u00fcbernehmen Kinder von 6 bis 12 Jahren das Kommando am Herd \u2013 und zeigen, wie viel Kreativit\u00e4t, Teamgeist und Nachhaltigkeit in ihnen steckt. F\u00fcnf Stunden lang wird geschnippelt, ger\u00fchrt und dekoriert: Die kleinen K\u00fcchenchefs planen\u2026","rel":"","context":"In &quot;Anja&quot;","block_context":{"text":"Anja","link":"https:\/\/www.el-pan-alegre.org\/wordpress\/kategorie\/anja\/"},"img":{"alt_text":"","src":"https:\/\/i0.wp.com\/www.el-pan-alegre.org\/wordpress\/wp-content\/uploads\/2025\/10\/251017-Kinder-kochen-fuer-ihre-Eltern-Poster-A4.jpg?resize=350%2C200&ssl=1","width":350,"height":200,"srcset":"https:\/\/i0.wp.com\/www.el-pan-alegre.org\/wordpress\/wp-content\/uploads\/2025\/10\/251017-Kinder-kochen-fuer-ihre-Eltern-Poster-A4.jpg?resize=350%2C200&ssl=1 1x, https:\/\/i0.wp.com\/www.el-pan-alegre.org\/wordpress\/wp-content\/uploads\/2025\/10\/251017-Kinder-kochen-fuer-ihre-Eltern-Poster-A4.jpg?resize=525%2C300&ssl=1 1.5x, https:\/\/i0.wp.com\/www.el-pan-alegre.org\/wordpress\/wp-content\/uploads\/2025\/10\/251017-Kinder-kochen-fuer-ihre-Eltern-Poster-A4.jpg?resize=700%2C400&ssl=1 2x, https:\/\/i0.wp.com\/www.el-pan-alegre.org\/wordpress\/wp-content\/uploads\/2025\/10\/251017-Kinder-kochen-fuer-ihre-Eltern-Poster-A4.jpg?resize=1050%2C600&ssl=1 3x, https:\/\/i0.wp.com\/www.el-pan-alegre.org\/wordpress\/wp-content\/uploads\/2025\/10\/251017-Kinder-kochen-fuer-ihre-Eltern-Poster-A4.jpg?resize=1400%2C800&ssl=1 4x"},"classes":[]},{"id":2960,"url":"https:\/\/www.el-pan-alegre.org\/wordpress\/2960-endlich-ist-es-soweit-die-powerkoerner-sind-reif\/","url_meta":{"origin":2981,"position":5},"title":"Endlich ist es soweit &#8211; die Powerk\u00f6rner sind reif!","author":"Anja Mocker","date":"22. September 2023","format":false,"excerpt":"Amaranthpflanzen im MenschenskinderGarten Morgen, am 23. September ernten wir gemeinsam die Powerk\u00f6rner von 12-18 Uhr. Wir werden verschiedene K\u00f6stlichkeiten mit Amaranth herstellen und probieren. Mit dabei sind die einmaligen Amaranth-Knusperwaffeln, die s\u00fc\u00dfe Alegr\u00eda, dier herzhafte Amaranth-Flammkuchen und ganz neu: der Amaranthpower-Smoothie. Kommt, erntet, esst und trinkt mit uns. Anja &\u2026","rel":"","context":"In &quot;Amaranth&quot;","block_context":{"text":"Amaranth","link":"https:\/\/www.el-pan-alegre.org\/wordpress\/kategorie\/amaranth\/"},"img":{"alt_text":"","src":"https:\/\/i0.wp.com\/www.el-pan-alegre.org\/wordpress\/wp-content\/uploads\/2023\/09\/IMG_3776.jpg?resize=350%2C200&ssl=1","width":350,"height":200,"srcset":"https:\/\/i0.wp.com\/www.el-pan-alegre.org\/wordpress\/wp-content\/uploads\/2023\/09\/IMG_3776.jpg?resize=350%2C200&ssl=1 1x, https:\/\/i0.wp.com\/www.el-pan-alegre.org\/wordpress\/wp-content\/uploads\/2023\/09\/IMG_3776.jpg?resize=525%2C300&ssl=1 1.5x, https:\/\/i0.wp.com\/www.el-pan-alegre.org\/wordpress\/wp-content\/uploads\/2023\/09\/IMG_3776.jpg?resize=700%2C400&ssl=1 2x, https:\/\/i0.wp.com\/www.el-pan-alegre.org\/wordpress\/wp-content\/uploads\/2023\/09\/IMG_3776.jpg?resize=1050%2C600&ssl=1 3x, https:\/\/i0.wp.com\/www.el-pan-alegre.org\/wordpress\/wp-content\/uploads\/2023\/09\/IMG_3776.jpg?resize=1400%2C800&ssl=1 4x"},"classes":[]}],"_links":{"self":[{"href":"https:\/\/www.el-pan-alegre.org\/wordpress\/wp-json\/wp\/v2\/posts\/2981","targetHints":{"allow":["GET"]}}],"collection":[{"href":"https:\/\/www.el-pan-alegre.org\/wordpress\/wp-json\/wp\/v2\/posts"}],"about":[{"href":"https:\/\/www.el-pan-alegre.org\/wordpress\/wp-json\/wp\/v2\/types\/post"}],"author":[{"embeddable":true,"href":"https:\/\/www.el-pan-alegre.org\/wordpress\/wp-json\/wp\/v2\/users\/1"}],"replies":[{"embeddable":true,"href":"https:\/\/www.el-pan-alegre.org\/wordpress\/wp-json\/wp\/v2\/comments?post=2981"}],"version-history":[{"count":1,"href":"https:\/\/www.el-pan-alegre.org\/wordpress\/wp-json\/wp\/v2\/posts\/2981\/revisions"}],"predecessor-version":[{"id":2987,"href":"https:\/\/www.el-pan-alegre.org\/wordpress\/wp-json\/wp\/v2\/posts\/2981\/revisions\/2987"}],"wp:attachment":[{"href":"https:\/\/www.el-pan-alegre.org\/wordpress\/wp-json\/wp\/v2\/media?parent=2981"}],"wp:term":[{"taxonomy":"category","embeddable":true,"href":"https:\/\/www.el-pan-alegre.org\/wordpress\/wp-json\/wp\/v2\/categories?post=2981"},{"taxonomy":"post_tag","embeddable":true,"href":"https:\/\/www.el-pan-alegre.org\/wordpress\/wp-json\/wp\/v2\/tags?post=2981"}],"curies":[{"name":"wp","href":"https:\/\/api.w.org\/{rel}","templated":true}]}}