{"id":2960,"date":"2023-09-22T11:17:08","date_gmt":"2023-09-22T09:17:08","guid":{"rendered":"https:\/\/www.el-pan-alegre.org\/wordpress\/?p=2960"},"modified":"2023-09-22T11:17:09","modified_gmt":"2023-09-22T09:17:09","slug":"endlich-ist-es-soweit-die-powerkoerner-sind-reif","status":"publish","type":"post","link":"https:\/\/www.el-pan-alegre.org\/wordpress\/2960-endlich-ist-es-soweit-die-powerkoerner-sind-reif\/","title":{"rendered":"Endlich ist es soweit &#8211; die Powerk\u00f6rner sind reif!"},"content":{"rendered":"\n<figure class=\"wp-block-image size-large is-resized\"><a href=\"https:\/\/www.el-pan-alegre.org\/wordpress\/wp-content\/uploads\/2023\/09\/IMG_3776.jpg\"><img loading=\"lazy\" decoding=\"async\" src=\"https:\/\/www.el-pan-alegre.org\/wordpress\/wp-content\/uploads\/2023\/09\/IMG_3776-1024x768.jpg\" alt=\"\" class=\"wp-image-2961\" width=\"615\" height=\"461\" srcset=\"https:\/\/www.el-pan-alegre.org\/wordpress\/wp-content\/uploads\/2023\/09\/IMG_3776-1024x768.jpg 1024w, https:\/\/www.el-pan-alegre.org\/wordpress\/wp-content\/uploads\/2023\/09\/IMG_3776-300x225.jpg 300w, https:\/\/www.el-pan-alegre.org\/wordpress\/wp-content\/uploads\/2023\/09\/IMG_3776-768x576.jpg 768w, https:\/\/www.el-pan-alegre.org\/wordpress\/wp-content\/uploads\/2023\/09\/IMG_3776-1536x1152.jpg 1536w, https:\/\/www.el-pan-alegre.org\/wordpress\/wp-content\/uploads\/2023\/09\/IMG_3776-400x300.jpg 400w, https:\/\/www.el-pan-alegre.org\/wordpress\/wp-content\/uploads\/2023\/09\/IMG_3776.jpg 2016w\" sizes=\"auto, (max-width: 615px) 100vw, 615px\" \/><\/a><figcaption>Amaranthpflanzen im MenschenskinderGarten<\/figcaption><\/figure>\n\n\n\n<p>Morgen, am 23. September ernten wir gemeinsam die Powerk\u00f6rner von 12-18 Uhr. Wir werden verschiedene K\u00f6stlichkeiten mit Amaranth herstellen und probieren. <\/p>\n\n\n\n<p>Mit dabei sind die einmaligen Amaranth-Knusperwaffeln, die s\u00fc\u00dfe Alegr\u00eda, dier herzhafte Amaranth-Flammkuchen und ganz neu: der Amaranthpower-Smoothie.<\/p>\n\n\n\n<p>Kommt, erntet, esst und trinkt mit uns.<\/p>\n\n\n\n<p>Anja &amp; Madeleine<\/p>\n","protected":false},"excerpt":{"rendered":"<p>Morgen, am 23. September ernten wir gemeinsam die Powerk\u00f6rner von 12-18 Uhr. Wir werden verschiedene K\u00f6stlichkeiten mit Amaranth herstellen und probieren. Mit dabei sind die einmaligen Amaranth-Knusperwaffeln, die s\u00fc\u00dfe Alegr\u00eda, dier herzhafte Amaranth-Flammkuchen und ganz neu: der Amaranthpower-Smoothie. Kommt, erntet, &hellip; <a href=\"https:\/\/www.el-pan-alegre.org\/wordpress\/2960-endlich-ist-es-soweit-die-powerkoerner-sind-reif\/\">Weiterlesen <span class=\"meta-nav\">&rarr;<\/span><\/a><\/p>\n","protected":false},"author":1,"featured_media":0,"comment_status":"closed","ping_status":"closed","sticky":false,"template":"","format":"standard","meta":{"jetpack_post_was_ever_published":false,"_jetpack_newsletter_access":"","_jetpack_dont_email_post_to_subs":false,"_jetpack_newsletter_tier_id":0,"_jetpack_memberships_contains_paywalled_content":false,"_jetpack_memberships_contains_paid_content":false,"footnotes":"","jetpack_publicize_message":"Morgen, am 23. September ernten wir gemeinsam die Powerk\u00f6rner von 12-18 Uhr. Wir werden verschiedene K\u00f6stlichkeiten mit Amaranth herstellen und probieren. ","jetpack_publicize_feature_enabled":true,"jetpack_social_post_already_shared":true,"jetpack_social_options":{"image_generator_settings":{"template":"highway","default_image_id":0,"font":"","enabled":false},"version":2}},"categories":[16,60,18,23,118,6,124,120,2,64,4,8],"tags":[77,80,123,96],"class_list":["post-2960","post","type-post","status-publish","format-standard","hentry","category-amaranth","category-bildung-fuer-nachhaltige-entwicklung-bne","category-foerderung","category-fotos","category-gesunde-ernaehrung","category-information","category-lebensmittelpunkt","category-menschenskindergarten","category-oeffentlichkeitsarbeit","category-slow-food","category-veranstaltung","category-verein","tag-amaranth","tag-en-buenas-manos-e-v","tag-ernte","tag-workshop"],"yoast_head":"<!-- This site is optimized with the Yoast SEO plugin v27.5 - https:\/\/yoast.com\/product\/yoast-seo-wordpress\/ -->\n<title>Endlich ist es soweit - die Powerk\u00f6rner sind reif! - El Pan Alegre<\/title>\n<meta name=\"robots\" content=\"index, follow, max-snippet:-1, max-image-preview:large, max-video-preview:-1\" \/>\n<link rel=\"canonical\" href=\"https:\/\/www.el-pan-alegre.org\/wordpress\/2960-endlich-ist-es-soweit-die-powerkoerner-sind-reif\/\" \/>\n<meta property=\"og:locale\" content=\"de_DE\" \/>\n<meta property=\"og:type\" content=\"article\" \/>\n<meta property=\"og:title\" content=\"Endlich ist es soweit - die Powerk\u00f6rner sind reif! - El Pan Alegre\" \/>\n<meta property=\"og:description\" content=\"Morgen, am 23. September ernten wir gemeinsam die Powerk\u00f6rner von 12-18 Uhr. Wir werden verschiedene K\u00f6stlichkeiten mit Amaranth herstellen und probieren. Mit dabei sind die einmaligen Amaranth-Knusperwaffeln, die s\u00fc\u00dfe Alegr\u00eda, dier herzhafte Amaranth-Flammkuchen und ganz neu: der Amaranthpower-Smoothie. Kommt, erntet, &hellip; Weiterlesen &rarr;\" \/>\n<meta property=\"og:url\" content=\"https:\/\/www.el-pan-alegre.org\/wordpress\/2960-endlich-ist-es-soweit-die-powerkoerner-sind-reif\/\" \/>\n<meta property=\"og:site_name\" content=\"El Pan Alegre\" \/>\n<meta property=\"article:published_time\" content=\"2023-09-22T09:17:08+00:00\" \/>\n<meta property=\"article:modified_time\" content=\"2023-09-22T09:17:09+00:00\" \/>\n<meta property=\"og:image\" content=\"https:\/\/www.el-pan-alegre.org\/wordpress\/wp-content\/uploads\/2023\/09\/IMG_3776-1024x768.jpg\" \/>\n<meta name=\"author\" content=\"Anja Mocker\" \/>\n<meta name=\"twitter:card\" content=\"summary_large_image\" \/>\n<meta name=\"twitter:label1\" content=\"Verfasst von\" \/>\n\t<meta name=\"twitter:data1\" content=\"Anja Mocker\" \/>\n\t<meta name=\"twitter:label2\" content=\"Gesch\u00e4tzte Lesezeit\" \/>\n\t<meta name=\"twitter:data2\" content=\"1\u00a0Minute\" \/>\n<script type=\"application\/ld+json\" class=\"yoast-schema-graph\">{\"@context\":\"https:\\\/\\\/schema.org\",\"@graph\":[{\"@type\":\"Article\",\"@id\":\"https:\\\/\\\/www.el-pan-alegre.org\\\/wordpress\\\/2960-endlich-ist-es-soweit-die-powerkoerner-sind-reif\\\/#article\",\"isPartOf\":{\"@id\":\"https:\\\/\\\/www.el-pan-alegre.org\\\/wordpress\\\/2960-endlich-ist-es-soweit-die-powerkoerner-sind-reif\\\/\"},\"author\":{\"name\":\"Anja Mocker\",\"@id\":\"https:\\\/\\\/www.el-pan-alegre.org\\\/wordpress\\\/#\\\/schema\\\/person\\\/a61ba0bec6094c61dbf9da4e4e4e5bfe\"},\"headline\":\"Endlich ist es soweit &#8211; die Powerk\u00f6rner sind reif!\",\"datePublished\":\"2023-09-22T09:17:08+00:00\",\"dateModified\":\"2023-09-22T09:17:09+00:00\",\"mainEntityOfPage\":{\"@id\":\"https:\\\/\\\/www.el-pan-alegre.org\\\/wordpress\\\/2960-endlich-ist-es-soweit-die-powerkoerner-sind-reif\\\/\"},\"wordCount\":64,\"image\":{\"@id\":\"https:\\\/\\\/www.el-pan-alegre.org\\\/wordpress\\\/2960-endlich-ist-es-soweit-die-powerkoerner-sind-reif\\\/#primaryimage\"},\"thumbnailUrl\":\"https:\\\/\\\/www.el-pan-alegre.org\\\/wordpress\\\/wp-content\\\/uploads\\\/2023\\\/09\\\/IMG_3776-1024x768.jpg\",\"keywords\":[\"Amaranth\",\"En Buenas Manos e. V.\",\"Ernte\",\"Workshop\"],\"articleSection\":[\"Amaranth\",\"Bildung f\u00fcr nachhaltige Entwicklung (BNE)\",\"F\u00f6rderung\",\"Fotos\",\"Gesunde Ern\u00e4hrung\",\"Information\",\"LebensMittelpunkt\",\"MenschenskinderGarten\",\"\u00d6ffentlichkeitsarbeit\",\"Slow Food\",\"Veranstaltung\",\"Verein\"],\"inLanguage\":\"de\"},{\"@type\":\"WebPage\",\"@id\":\"https:\\\/\\\/www.el-pan-alegre.org\\\/wordpress\\\/2960-endlich-ist-es-soweit-die-powerkoerner-sind-reif\\\/\",\"url\":\"https:\\\/\\\/www.el-pan-alegre.org\\\/wordpress\\\/2960-endlich-ist-es-soweit-die-powerkoerner-sind-reif\\\/\",\"name\":\"Endlich ist es soweit - die Powerk\u00f6rner sind reif! - El Pan Alegre\",\"isPartOf\":{\"@id\":\"https:\\\/\\\/www.el-pan-alegre.org\\\/wordpress\\\/#website\"},\"primaryImageOfPage\":{\"@id\":\"https:\\\/\\\/www.el-pan-alegre.org\\\/wordpress\\\/2960-endlich-ist-es-soweit-die-powerkoerner-sind-reif\\\/#primaryimage\"},\"image\":{\"@id\":\"https:\\\/\\\/www.el-pan-alegre.org\\\/wordpress\\\/2960-endlich-ist-es-soweit-die-powerkoerner-sind-reif\\\/#primaryimage\"},\"thumbnailUrl\":\"https:\\\/\\\/www.el-pan-alegre.org\\\/wordpress\\\/wp-content\\\/uploads\\\/2023\\\/09\\\/IMG_3776-1024x768.jpg\",\"datePublished\":\"2023-09-22T09:17:08+00:00\",\"dateModified\":\"2023-09-22T09:17:09+00:00\",\"author\":{\"@id\":\"https:\\\/\\\/www.el-pan-alegre.org\\\/wordpress\\\/#\\\/schema\\\/person\\\/a61ba0bec6094c61dbf9da4e4e4e5bfe\"},\"breadcrumb\":{\"@id\":\"https:\\\/\\\/www.el-pan-alegre.org\\\/wordpress\\\/2960-endlich-ist-es-soweit-die-powerkoerner-sind-reif\\\/#breadcrumb\"},\"inLanguage\":\"de\",\"potentialAction\":[{\"@type\":\"ReadAction\",\"target\":[\"https:\\\/\\\/www.el-pan-alegre.org\\\/wordpress\\\/2960-endlich-ist-es-soweit-die-powerkoerner-sind-reif\\\/\"]}]},{\"@type\":\"ImageObject\",\"inLanguage\":\"de\",\"@id\":\"https:\\\/\\\/www.el-pan-alegre.org\\\/wordpress\\\/2960-endlich-ist-es-soweit-die-powerkoerner-sind-reif\\\/#primaryimage\",\"url\":\"https:\\\/\\\/www.el-pan-alegre.org\\\/wordpress\\\/wp-content\\\/uploads\\\/2023\\\/09\\\/IMG_3776.jpg\",\"contentUrl\":\"https:\\\/\\\/www.el-pan-alegre.org\\\/wordpress\\\/wp-content\\\/uploads\\\/2023\\\/09\\\/IMG_3776.jpg\",\"width\":2016,\"height\":1512},{\"@type\":\"BreadcrumbList\",\"@id\":\"https:\\\/\\\/www.el-pan-alegre.org\\\/wordpress\\\/2960-endlich-ist-es-soweit-die-powerkoerner-sind-reif\\\/#breadcrumb\",\"itemListElement\":[{\"@type\":\"ListItem\",\"position\":1,\"name\":\"Home\",\"item\":\"https:\\\/\\\/www.el-pan-alegre.org\\\/wordpress\\\/\"},{\"@type\":\"ListItem\",\"position\":2,\"name\":\"Endlich ist es soweit &#8211; die Powerk\u00f6rner sind reif!\"}]},{\"@type\":\"WebSite\",\"@id\":\"https:\\\/\\\/www.el-pan-alegre.org\\\/wordpress\\\/#website\",\"url\":\"https:\\\/\\\/www.el-pan-alegre.org\\\/wordpress\\\/\",\"name\":\"El Pan Alegre\",\"description\":\"Das Fr\u00f6hliche Brot\",\"potentialAction\":[{\"@type\":\"SearchAction\",\"target\":{\"@type\":\"EntryPoint\",\"urlTemplate\":\"https:\\\/\\\/www.el-pan-alegre.org\\\/wordpress\\\/?s={search_term_string}\"},\"query-input\":{\"@type\":\"PropertyValueSpecification\",\"valueRequired\":true,\"valueName\":\"search_term_string\"}}],\"inLanguage\":\"de\"},{\"@type\":\"Person\",\"@id\":\"https:\\\/\\\/www.el-pan-alegre.org\\\/wordpress\\\/#\\\/schema\\\/person\\\/a61ba0bec6094c61dbf9da4e4e4e5bfe\",\"name\":\"Anja Mocker\",\"image\":{\"@type\":\"ImageObject\",\"inLanguage\":\"de\",\"@id\":\"https:\\\/\\\/secure.gravatar.com\\\/avatar\\\/c283b0b556471cdaac4be59c661b13c1e141f08ca0dd2eb8f8d587262d7f04bb?s=96&d=identicon&r=g\",\"url\":\"https:\\\/\\\/secure.gravatar.com\\\/avatar\\\/c283b0b556471cdaac4be59c661b13c1e141f08ca0dd2eb8f8d587262d7f04bb?s=96&d=identicon&r=g\",\"contentUrl\":\"https:\\\/\\\/secure.gravatar.com\\\/avatar\\\/c283b0b556471cdaac4be59c661b13c1e141f08ca0dd2eb8f8d587262d7f04bb?s=96&d=identicon&r=g\",\"caption\":\"Anja Mocker\"},\"url\":\"https:\\\/\\\/www.el-pan-alegre.org\\\/wordpress\\\/author\\\/admin\\\/\"}]}<\/script>\n<!-- \/ Yoast SEO plugin. -->","yoast_head_json":{"title":"Endlich ist es soweit - die Powerk\u00f6rner sind reif! - El Pan Alegre","robots":{"index":"index","follow":"follow","max-snippet":"max-snippet:-1","max-image-preview":"max-image-preview:large","max-video-preview":"max-video-preview:-1"},"canonical":"https:\/\/www.el-pan-alegre.org\/wordpress\/2960-endlich-ist-es-soweit-die-powerkoerner-sind-reif\/","og_locale":"de_DE","og_type":"article","og_title":"Endlich ist es soweit - die Powerk\u00f6rner sind reif! - El Pan Alegre","og_description":"Morgen, am 23. September ernten wir gemeinsam die Powerk\u00f6rner von 12-18 Uhr. Wir werden verschiedene K\u00f6stlichkeiten mit Amaranth herstellen und probieren. Mit dabei sind die einmaligen Amaranth-Knusperwaffeln, die s\u00fc\u00dfe Alegr\u00eda, dier herzhafte Amaranth-Flammkuchen und ganz neu: der Amaranthpower-Smoothie. Kommt, erntet, &hellip; Weiterlesen &rarr;","og_url":"https:\/\/www.el-pan-alegre.org\/wordpress\/2960-endlich-ist-es-soweit-die-powerkoerner-sind-reif\/","og_site_name":"El Pan Alegre","article_published_time":"2023-09-22T09:17:08+00:00","article_modified_time":"2023-09-22T09:17:09+00:00","og_image":[{"url":"https:\/\/www.el-pan-alegre.org\/wordpress\/wp-content\/uploads\/2023\/09\/IMG_3776-1024x768.jpg","type":"","width":"","height":""}],"author":"Anja Mocker","twitter_card":"summary_large_image","twitter_misc":{"Verfasst von":"Anja Mocker","Gesch\u00e4tzte Lesezeit":"1\u00a0Minute"},"schema":{"@context":"https:\/\/schema.org","@graph":[{"@type":"Article","@id":"https:\/\/www.el-pan-alegre.org\/wordpress\/2960-endlich-ist-es-soweit-die-powerkoerner-sind-reif\/#article","isPartOf":{"@id":"https:\/\/www.el-pan-alegre.org\/wordpress\/2960-endlich-ist-es-soweit-die-powerkoerner-sind-reif\/"},"author":{"name":"Anja Mocker","@id":"https:\/\/www.el-pan-alegre.org\/wordpress\/#\/schema\/person\/a61ba0bec6094c61dbf9da4e4e4e5bfe"},"headline":"Endlich ist es soweit &#8211; die Powerk\u00f6rner sind reif!","datePublished":"2023-09-22T09:17:08+00:00","dateModified":"2023-09-22T09:17:09+00:00","mainEntityOfPage":{"@id":"https:\/\/www.el-pan-alegre.org\/wordpress\/2960-endlich-ist-es-soweit-die-powerkoerner-sind-reif\/"},"wordCount":64,"image":{"@id":"https:\/\/www.el-pan-alegre.org\/wordpress\/2960-endlich-ist-es-soweit-die-powerkoerner-sind-reif\/#primaryimage"},"thumbnailUrl":"https:\/\/www.el-pan-alegre.org\/wordpress\/wp-content\/uploads\/2023\/09\/IMG_3776-1024x768.jpg","keywords":["Amaranth","En Buenas Manos e. V.","Ernte","Workshop"],"articleSection":["Amaranth","Bildung f\u00fcr nachhaltige Entwicklung (BNE)","F\u00f6rderung","Fotos","Gesunde Ern\u00e4hrung","Information","LebensMittelpunkt","MenschenskinderGarten","\u00d6ffentlichkeitsarbeit","Slow Food","Veranstaltung","Verein"],"inLanguage":"de"},{"@type":"WebPage","@id":"https:\/\/www.el-pan-alegre.org\/wordpress\/2960-endlich-ist-es-soweit-die-powerkoerner-sind-reif\/","url":"https:\/\/www.el-pan-alegre.org\/wordpress\/2960-endlich-ist-es-soweit-die-powerkoerner-sind-reif\/","name":"Endlich ist es soweit - die Powerk\u00f6rner sind reif! - El Pan Alegre","isPartOf":{"@id":"https:\/\/www.el-pan-alegre.org\/wordpress\/#website"},"primaryImageOfPage":{"@id":"https:\/\/www.el-pan-alegre.org\/wordpress\/2960-endlich-ist-es-soweit-die-powerkoerner-sind-reif\/#primaryimage"},"image":{"@id":"https:\/\/www.el-pan-alegre.org\/wordpress\/2960-endlich-ist-es-soweit-die-powerkoerner-sind-reif\/#primaryimage"},"thumbnailUrl":"https:\/\/www.el-pan-alegre.org\/wordpress\/wp-content\/uploads\/2023\/09\/IMG_3776-1024x768.jpg","datePublished":"2023-09-22T09:17:08+00:00","dateModified":"2023-09-22T09:17:09+00:00","author":{"@id":"https:\/\/www.el-pan-alegre.org\/wordpress\/#\/schema\/person\/a61ba0bec6094c61dbf9da4e4e4e5bfe"},"breadcrumb":{"@id":"https:\/\/www.el-pan-alegre.org\/wordpress\/2960-endlich-ist-es-soweit-die-powerkoerner-sind-reif\/#breadcrumb"},"inLanguage":"de","potentialAction":[{"@type":"ReadAction","target":["https:\/\/www.el-pan-alegre.org\/wordpress\/2960-endlich-ist-es-soweit-die-powerkoerner-sind-reif\/"]}]},{"@type":"ImageObject","inLanguage":"de","@id":"https:\/\/www.el-pan-alegre.org\/wordpress\/2960-endlich-ist-es-soweit-die-powerkoerner-sind-reif\/#primaryimage","url":"https:\/\/www.el-pan-alegre.org\/wordpress\/wp-content\/uploads\/2023\/09\/IMG_3776.jpg","contentUrl":"https:\/\/www.el-pan-alegre.org\/wordpress\/wp-content\/uploads\/2023\/09\/IMG_3776.jpg","width":2016,"height":1512},{"@type":"BreadcrumbList","@id":"https:\/\/www.el-pan-alegre.org\/wordpress\/2960-endlich-ist-es-soweit-die-powerkoerner-sind-reif\/#breadcrumb","itemListElement":[{"@type":"ListItem","position":1,"name":"Home","item":"https:\/\/www.el-pan-alegre.org\/wordpress\/"},{"@type":"ListItem","position":2,"name":"Endlich ist es soweit &#8211; die Powerk\u00f6rner sind reif!"}]},{"@type":"WebSite","@id":"https:\/\/www.el-pan-alegre.org\/wordpress\/#website","url":"https:\/\/www.el-pan-alegre.org\/wordpress\/","name":"El Pan Alegre","description":"Das Fr\u00f6hliche Brot","potentialAction":[{"@type":"SearchAction","target":{"@type":"EntryPoint","urlTemplate":"https:\/\/www.el-pan-alegre.org\/wordpress\/?s={search_term_string}"},"query-input":{"@type":"PropertyValueSpecification","valueRequired":true,"valueName":"search_term_string"}}],"inLanguage":"de"},{"@type":"Person","@id":"https:\/\/www.el-pan-alegre.org\/wordpress\/#\/schema\/person\/a61ba0bec6094c61dbf9da4e4e4e5bfe","name":"Anja Mocker","image":{"@type":"ImageObject","inLanguage":"de","@id":"https:\/\/secure.gravatar.com\/avatar\/c283b0b556471cdaac4be59c661b13c1e141f08ca0dd2eb8f8d587262d7f04bb?s=96&d=identicon&r=g","url":"https:\/\/secure.gravatar.com\/avatar\/c283b0b556471cdaac4be59c661b13c1e141f08ca0dd2eb8f8d587262d7f04bb?s=96&d=identicon&r=g","contentUrl":"https:\/\/secure.gravatar.com\/avatar\/c283b0b556471cdaac4be59c661b13c1e141f08ca0dd2eb8f8d587262d7f04bb?s=96&d=identicon&r=g","caption":"Anja Mocker"},"url":"https:\/\/www.el-pan-alegre.org\/wordpress\/author\/admin\/"}]}},"jetpack_publicize_connections":[],"jetpack_featured_media_url":"","jetpack_sharing_enabled":true,"jetpack_shortlink":"https:\/\/wp.me\/p62TDh-LK","jetpack-related-posts":[{"id":2918,"url":"https:\/\/www.el-pan-alegre.org\/wordpress\/2918-amaranth-ernte-am-23-09-im-gemeinschaftsgarten-menschenskindergarten\/","url_meta":{"origin":2960,"position":0},"title":"AMARANTH-ERNTE am 23.09. im Gemeinschaftsgarten MenschenskinderGarten","author":"Anja Mocker","date":"31. August 2023","format":false,"excerpt":"Der Amaranth w\u00e4chst jetzt auch im MenschenskinderGarten!!! Seit diesem Jahr ist \"El Pan Alegre\" ein Kooperationsprojekt von menschenskinder-berlin gGmbH. Die Samen wurden Anfang Juni 2023 auf dem Schaubeet ausgebracht. Nach anf\u00e4nglicher Trockenheit sind einige S\u00e4mlinge verschwunden. Doch die, die es \u00fcberstanden haben wurden mit reichlich Regen in den Ferienwochen belohnt\u2026","rel":"","context":"In &quot;Amaranth&quot;","block_context":{"text":"Amaranth","link":"https:\/\/www.el-pan-alegre.org\/wordpress\/kategorie\/amaranth\/"},"img":{"alt_text":"","src":"https:\/\/i0.wp.com\/www.el-pan-alegre.org\/wordpress\/wp-content\/uploads\/2023\/08\/230831-EBM_Amaranthernte-23-09-2023_V2.jpg?resize=350%2C200&ssl=1","width":350,"height":200,"srcset":"https:\/\/i0.wp.com\/www.el-pan-alegre.org\/wordpress\/wp-content\/uploads\/2023\/08\/230831-EBM_Amaranthernte-23-09-2023_V2.jpg?resize=350%2C200&ssl=1 1x, https:\/\/i0.wp.com\/www.el-pan-alegre.org\/wordpress\/wp-content\/uploads\/2023\/08\/230831-EBM_Amaranthernte-23-09-2023_V2.jpg?resize=525%2C300&ssl=1 1.5x, https:\/\/i0.wp.com\/www.el-pan-alegre.org\/wordpress\/wp-content\/uploads\/2023\/08\/230831-EBM_Amaranthernte-23-09-2023_V2.jpg?resize=700%2C400&ssl=1 2x, https:\/\/i0.wp.com\/www.el-pan-alegre.org\/wordpress\/wp-content\/uploads\/2023\/08\/230831-EBM_Amaranthernte-23-09-2023_V2.jpg?resize=1050%2C600&ssl=1 3x"},"classes":[]},{"id":3030,"url":"https:\/\/www.el-pan-alegre.org\/wordpress\/3030-amaranth-ernte-am-14-september-2024-im-menschenskindergarten\/","url_meta":{"origin":2960,"position":1},"title":"Amaranth-Ernte am 14. September 2024 im MenschenskinderGarten","author":"Anja Mocker","date":"5. September 2024","format":false,"excerpt":"Amaranthpops im M\u00fcsli kennt ihr wahrscheinlich. Wollt ihr wissen, wie die Pflanze aussieht, an der das kleinste Popcorn der Welt w\u00e4chst? Wann wei\u00df man, wann man die Samen ernten kann? Was kann man noch von der Pflanze essen? Und wie schmeckt Amaranthmehl? Diese und viele andere Fragen k\u00f6nnen beim Workshop\u2026","rel":"","context":"In &quot;Amaranth&quot;","block_context":{"text":"Amaranth","link":"https:\/\/www.el-pan-alegre.org\/wordpress\/kategorie\/amaranth\/"},"img":{"alt_text":"","src":"https:\/\/i0.wp.com\/www.el-pan-alegre.org\/wordpress\/wp-content\/uploads\/2024\/09\/240702-Amaranthernte-2024.jpg?resize=350%2C200&ssl=1","width":350,"height":200,"srcset":"https:\/\/i0.wp.com\/www.el-pan-alegre.org\/wordpress\/wp-content\/uploads\/2024\/09\/240702-Amaranthernte-2024.jpg?resize=350%2C200&ssl=1 1x, https:\/\/i0.wp.com\/www.el-pan-alegre.org\/wordpress\/wp-content\/uploads\/2024\/09\/240702-Amaranthernte-2024.jpg?resize=525%2C300&ssl=1 1.5x, https:\/\/i0.wp.com\/www.el-pan-alegre.org\/wordpress\/wp-content\/uploads\/2024\/09\/240702-Amaranthernte-2024.jpg?resize=700%2C400&ssl=1 2x, https:\/\/i0.wp.com\/www.el-pan-alegre.org\/wordpress\/wp-content\/uploads\/2024\/09\/240702-Amaranthernte-2024.jpg?resize=1050%2C600&ssl=1 3x, https:\/\/i0.wp.com\/www.el-pan-alegre.org\/wordpress\/wp-content\/uploads\/2024\/09\/240702-Amaranthernte-2024.jpg?resize=1400%2C800&ssl=1 4x"},"classes":[]},{"id":3155,"url":"https:\/\/www.el-pan-alegre.org\/wordpress\/3155-am-8-november-findet-endlich-die-diesjaehrige-amaranthernte-im-menschenskindergarten-statt\/","url_meta":{"origin":2960,"position":2},"title":"Am 8. November findet endlich die diesj\u00e4hrige Amaranthernte im MenschenskinderGarten statt","author":"Anja Mocker","date":"5. November 2025","format":false,"excerpt":"Amaranthpops im M\u00fcsli kennt ihr wahrscheinlich. Wollt ihr wissen, wie die Pflanze aussieht, an der das kleinste Popcorn der Welt w\u00e4chst? Wann wei\u00df man, wann man die Samen ernten kann? Was kann man noch von der Pflanze essen? Und wie schmeckt Amaranthmehl? Diese und viele andere Fragen k\u00f6nnen beim Workshop\u2026","rel":"","context":"In &quot;Allgemein&quot;","block_context":{"text":"Allgemein","link":"https:\/\/www.el-pan-alegre.org\/wordpress\/kategorie\/allgemein\/"},"img":{"alt_text":"","src":"https:\/\/i0.wp.com\/www.el-pan-alegre.org\/wordpress\/wp-content\/uploads\/2025\/11\/251103-Amaranthernte.jpg?resize=350%2C200&ssl=1","width":350,"height":200,"srcset":"https:\/\/i0.wp.com\/www.el-pan-alegre.org\/wordpress\/wp-content\/uploads\/2025\/11\/251103-Amaranthernte.jpg?resize=350%2C200&ssl=1 1x, https:\/\/i0.wp.com\/www.el-pan-alegre.org\/wordpress\/wp-content\/uploads\/2025\/11\/251103-Amaranthernte.jpg?resize=525%2C300&ssl=1 1.5x, https:\/\/i0.wp.com\/www.el-pan-alegre.org\/wordpress\/wp-content\/uploads\/2025\/11\/251103-Amaranthernte.jpg?resize=700%2C400&ssl=1 2x, https:\/\/i0.wp.com\/www.el-pan-alegre.org\/wordpress\/wp-content\/uploads\/2025\/11\/251103-Amaranthernte.jpg?resize=1050%2C600&ssl=1 3x, https:\/\/i0.wp.com\/www.el-pan-alegre.org\/wordpress\/wp-content\/uploads\/2025\/11\/251103-Amaranthernte.jpg?resize=1400%2C800&ssl=1 4x"},"classes":[]},{"id":2966,"url":"https:\/\/www.el-pan-alegre.org\/wordpress\/2966-ein-amaranth-fest-fuer-alle-sinne\/","url_meta":{"origin":2960,"position":3},"title":"Ein Amaranth-Fest f\u00fcr alle Sinne","author":"Madeleine Porr","date":"25. Oktober 2023","format":false,"excerpt":"War das ein bunter und genussvoller Auftakt f\u00fcr die neue Kooperation unseres Vereins mit dem MenschenskinderGarten (MKG) in Berlin-Friedrichshain! In allen Farben leuchteten an diesem strahlendsch\u00f6nen Samstag Ende September die Amaranthpflanzen in ihren Schaubeeten - und in allen m\u00f6glichen Kombinationen konnten die Erntefest-G\u00e4ste die Verwendung der Bl\u00e4tter und K\u00f6rner probieren:\u2026","rel":"","context":"In &quot;Allgemein&quot;","block_context":{"text":"Allgemein","link":"https:\/\/www.el-pan-alegre.org\/wordpress\/kategorie\/allgemein\/"},"img":{"alt_text":"","src":"https:\/\/i0.wp.com\/www.el-pan-alegre.org\/wordpress\/wp-content\/uploads\/2023\/10\/IMG_3788-1.png?resize=350%2C200&ssl=1","width":350,"height":200,"srcset":"https:\/\/i0.wp.com\/www.el-pan-alegre.org\/wordpress\/wp-content\/uploads\/2023\/10\/IMG_3788-1.png?resize=350%2C200&ssl=1 1x, https:\/\/i0.wp.com\/www.el-pan-alegre.org\/wordpress\/wp-content\/uploads\/2023\/10\/IMG_3788-1.png?resize=525%2C300&ssl=1 1.5x, https:\/\/i0.wp.com\/www.el-pan-alegre.org\/wordpress\/wp-content\/uploads\/2023\/10\/IMG_3788-1.png?resize=700%2C400&ssl=1 2x"},"classes":[]},{"id":2981,"url":"https:\/\/www.el-pan-alegre.org\/wordpress\/2981-kinder-kochen-fuer-ihre-eltern-ein-voller-erfolg\/","url_meta":{"origin":2960,"position":4},"title":"Kinder kochen f\u00fcr ihre Eltern &#8211; ein voller Erfolg!!!","author":"Anja Mocker","date":"4. M\u00e4rz 2024","format":false,"excerpt":"Beim Kochprozess sind die Kinder alle notwendigen Schritte f\u00fcr das Herstellen eines 3-G\u00e4nge Men\u00fcs durchlaufen. Nur um einige zu nennen: Wie sieht der Arbeitsplatz aus, was brauchen wir f\u00fcr Zutaten, wie beachten wir die Lebensmittelhygiene, so dass keine:r krank wird, wie verarbeiten wir die Zutaten incl. Messerf\u00fchrerschein, wie werden die\u2026","rel":"","context":"In &quot;Allgemein&quot;","block_context":{"text":"Allgemein","link":"https:\/\/www.el-pan-alegre.org\/wordpress\/kategorie\/allgemein\/"},"img":{"alt_text":"","src":"https:\/\/i0.wp.com\/www.el-pan-alegre.org\/wordpress\/wp-content\/uploads\/2024\/03\/1.jpg?resize=350%2C200&ssl=1","width":350,"height":200,"srcset":"https:\/\/i0.wp.com\/www.el-pan-alegre.org\/wordpress\/wp-content\/uploads\/2024\/03\/1.jpg?resize=350%2C200&ssl=1 1x, https:\/\/i0.wp.com\/www.el-pan-alegre.org\/wordpress\/wp-content\/uploads\/2024\/03\/1.jpg?resize=525%2C300&ssl=1 1.5x, https:\/\/i0.wp.com\/www.el-pan-alegre.org\/wordpress\/wp-content\/uploads\/2024\/03\/1.jpg?resize=700%2C400&ssl=1 2x, https:\/\/i0.wp.com\/www.el-pan-alegre.org\/wordpress\/wp-content\/uploads\/2024\/03\/1.jpg?resize=1050%2C600&ssl=1 3x"},"classes":[]},{"id":109,"url":"https:\/\/www.el-pan-alegre.org\/wordpress\/109-die-powerkoerner-des-amaranth-von-mal-zu-mal-willkommener-in-der-kubanischen-erde\/","url_meta":{"origin":2960,"position":5},"title":"Die POWERK\u00d6RNER DES AMARANTH &#8211; von Mal zu Mal willkommener in der kubanischen Erde &#8230;","author":"Anja Mocker","date":"11. M\u00e4rz 2010","format":false,"excerpt":"von Madeleine Porr Nachdem die offiziellen Pr\u00e4sentationen auf der Buchmesse beendet waren, war ich noch zwei Wochen lang kreuz und quer in der Stadt unterwegs - bis an ihre s\u00fcdlichen und \u00f6stlichen R\u00e4nder -, zu Besuch bei all meinen FreundInnen und Bekannten, mit jeder Menge Amaranth und allen wichtigen Informationen\u2026","rel":"","context":"In &quot;Amaranth&quot;","block_context":{"text":"Amaranth","link":"https:\/\/www.el-pan-alegre.org\/wordpress\/kategorie\/amaranth\/"},"img":{"alt_text":"","src":"https:\/\/i0.wp.com\/www.el-pan-alegre.org\/wordpress\/wp-content\/uploads\/2010\/03\/2520von-2520Havanna-252C-2520....jpg?resize=350%2C200&ssl=1","width":350,"height":200,"srcset":"https:\/\/i0.wp.com\/www.el-pan-alegre.org\/wordpress\/wp-content\/uploads\/2010\/03\/2520von-2520Havanna-252C-2520....jpg?resize=350%2C200&ssl=1 1x, https:\/\/i0.wp.com\/www.el-pan-alegre.org\/wordpress\/wp-content\/uploads\/2010\/03\/2520von-2520Havanna-252C-2520....jpg?resize=525%2C300&ssl=1 1.5x, https:\/\/i0.wp.com\/www.el-pan-alegre.org\/wordpress\/wp-content\/uploads\/2010\/03\/2520von-2520Havanna-252C-2520....jpg?resize=700%2C400&ssl=1 2x"},"classes":[]}],"_links":{"self":[{"href":"https:\/\/www.el-pan-alegre.org\/wordpress\/wp-json\/wp\/v2\/posts\/2960","targetHints":{"allow":["GET"]}}],"collection":[{"href":"https:\/\/www.el-pan-alegre.org\/wordpress\/wp-json\/wp\/v2\/posts"}],"about":[{"href":"https:\/\/www.el-pan-alegre.org\/wordpress\/wp-json\/wp\/v2\/types\/post"}],"author":[{"embeddable":true,"href":"https:\/\/www.el-pan-alegre.org\/wordpress\/wp-json\/wp\/v2\/users\/1"}],"replies":[{"embeddable":true,"href":"https:\/\/www.el-pan-alegre.org\/wordpress\/wp-json\/wp\/v2\/comments?post=2960"}],"version-history":[{"count":2,"href":"https:\/\/www.el-pan-alegre.org\/wordpress\/wp-json\/wp\/v2\/posts\/2960\/revisions"}],"predecessor-version":[{"id":2964,"href":"https:\/\/www.el-pan-alegre.org\/wordpress\/wp-json\/wp\/v2\/posts\/2960\/revisions\/2964"}],"wp:attachment":[{"href":"https:\/\/www.el-pan-alegre.org\/wordpress\/wp-json\/wp\/v2\/media?parent=2960"}],"wp:term":[{"taxonomy":"category","embeddable":true,"href":"https:\/\/www.el-pan-alegre.org\/wordpress\/wp-json\/wp\/v2\/categories?post=2960"},{"taxonomy":"post_tag","embeddable":true,"href":"https:\/\/www.el-pan-alegre.org\/wordpress\/wp-json\/wp\/v2\/tags?post=2960"}],"curies":[{"name":"wp","href":"https:\/\/api.w.org\/{rel}","templated":true}]}}