{"id":2847,"date":"2023-03-01T20:10:44","date_gmt":"2023-03-01T19:10:44","guid":{"rendered":"https:\/\/www.el-pan-alegre.org\/wordpress\/?p=2847"},"modified":"2025-01-10T21:47:08","modified_gmt":"2025-01-10T20:47:08","slug":"muy-bienvenidxs-en-la-habana","status":"publish","type":"post","link":"https:\/\/www.el-pan-alegre.org\/wordpress\/2847-muy-bienvenidxs-en-la-habana\/","title":{"rendered":"\u00a1\u00a1Muy bienvenidxs en La Habana!!"},"content":{"rendered":"\n<figure class=\"wp-block-image size-large\"><a href=\"https:\/\/www.el-pan-alegre.org\/wordpress\/wp-content\/uploads\/2023\/03\/2023-TITELBILD_VIDEOGRUSS-ALEMANIA_esp.jpg\"><img loading=\"lazy\" decoding=\"async\" width=\"1024\" height=\"576\" src=\"https:\/\/www.el-pan-alegre.org\/wordpress\/wp-content\/uploads\/2023\/03\/2023-TITELBILD_VIDEOGRUSS-ALEMANIA_esp-1024x576.jpg\" alt=\"\" class=\"wp-image-2848\" srcset=\"https:\/\/www.el-pan-alegre.org\/wordpress\/wp-content\/uploads\/2023\/03\/2023-TITELBILD_VIDEOGRUSS-ALEMANIA_esp-1024x576.jpg 1024w, https:\/\/www.el-pan-alegre.org\/wordpress\/wp-content\/uploads\/2023\/03\/2023-TITELBILD_VIDEOGRUSS-ALEMANIA_esp-300x169.jpg 300w, https:\/\/www.el-pan-alegre.org\/wordpress\/wp-content\/uploads\/2023\/03\/2023-TITELBILD_VIDEOGRUSS-ALEMANIA_esp-768x432.jpg 768w, https:\/\/www.el-pan-alegre.org\/wordpress\/wp-content\/uploads\/2023\/03\/2023-TITELBILD_VIDEOGRUSS-ALEMANIA_esp-1536x865.jpg 1536w, https:\/\/www.el-pan-alegre.org\/wordpress\/wp-content\/uploads\/2023\/03\/2023-TITELBILD_VIDEOGRUSS-ALEMANIA_esp-500x281.jpg 500w, https:\/\/www.el-pan-alegre.org\/wordpress\/wp-content\/uploads\/2023\/03\/2023-TITELBILD_VIDEOGRUSS-ALEMANIA_esp.jpg 1581w\" sizes=\"auto, (max-width: 1024px) 100vw, 1024px\" \/><\/a><\/figure>\n\n\n\n<p>Despu\u00e9s de la corta, pero exitosa recaudaci\u00f3n de fondos a finales de a\u00f1o, en Alemania, (2.000,- \u20ac pudieron ser aportados \u00edntegramente a las organizadoras) y despu\u00e9s de muchas horas de trabajo no remunerado, para nuestra gran alegr\u00eda ha comenzado hoy el primer proyecto de cooperaci\u00f3n cubano-mexicano-alem\u00e1n de nuestra asociaci\u00f3n En Buenas Manos e.V. junto con la asociaci\u00f3n germano-cubana <a href=\"https:\/\/www.ecomujer.org\/category\/espanol\/\" target=\"_blank\" rel=\"noreferrer noopener\">EcoMujer e.V.<\/a>: CUATRO JORNADAS DE TRABAJO SOBRE MODELOS PR\u00c1CTICOS DE DESARROLLO LOCAL en La Habana, Cuba.<\/p>\n\n\n\n<p class=\"has-text-align-center has-light-gray-background-color has-background has-medium-font-size\"><strong><a href=\"https:\/\/www.el-pan-alegre.org\/2023-EVENTO-CUBA_VIDEOSALUDO-ALEMANIA-esp.mp4\">SALUDO EN V\u00cdDEO de<br>EN BUENAS MANOS y ECOMUJER<br>a LA HABANA (haga clic aqu\u00ed)<\/a><\/strong><\/p>\n\n\n\n<p>Este evento es conducido por nuestra socia cubana <a href=\"https:\/\/www.cibercuba.com\/noticias\/2013\/01\/30\/comunidades-cubanas-apuestan-la-reforestacion\" target=\"_blank\" rel=\"noreferrer noopener\">Sandra Rodr\u00edguez Ribalta, coordinadora de nuestra red socia Ando Reforestando<\/a> all\u00ed, miembro honorario de la asociaci\u00f3n y &#8211; al igual que la co-organizadora mexicana <a href=\"http:\/\/mujeresluchadoras.iica.int\/seccion1-NuriaCostaLeonardo.html\" target=\"_blank\" rel=\"noreferrer noopener\">Nuria Costa Leonardo<\/a> (Red Mexicana de Mujeres Rurales \/ Econom\u00eda Azul) &#8211; tambi\u00e9n socia de cooperaci\u00f3n y amiga desde hace mucho tiempo.<\/p>\n\n\n\n<!--more-->\n\n\n\n<p>Tras las devastadoras tormentas de los \u00faltimos a\u00f1os, ser\u00e1n muy importantes tambi\u00e9n los impulsos que dar\u00e1 la otra tallerista mexicana, Mar\u00eda del Carmen D\u00edaz Dom\u00ednguez (Bio-Construcci\u00f3n). Ambas mexicanas son socias fundadoras y protagonistas del <a href=\"https:\/\/www.youtube.com\/watch?v=7P60KbxZKlc\" target=\"_blank\" rel=\"noreferrer noopener\">Colectivo EcoAldea Bosque de Agua en Morelos\/M\u00e9xico<\/a>.<\/p>\n\n\n\n<p>Y por \u00faltimo, pero no por ello menos importante, estamos muy contentxs de que con la participaci\u00f3n de las EcoMujeres cubanas de la vecina provincia de Pinar del R\u00edo, ahora tambi\u00e9n pueda iniciarse la cooperaci\u00f3n entre ellas y la red de Sandra en Habana, y que expertas con los m\u00e1s diversos conocimientos y experiencia en los \u00e1mbitos del desarrollo local sostenible, trabajen juntas durante los pr\u00f3ximos cuatro d\u00edas &#8211; y a partir de ahora ojal\u00e1 igual fruct\u00edfero tambi\u00e9n en el futuro.<\/p>\n\n\n\n<p>\u00a1Les deseamos unos talleres muy exitosos!<\/p>\n\n\n\n<figure class=\"wp-block-image size-large is-resized\"><a href=\"https:\/\/www.el-pan-alegre.org\/wordpress\/wp-content\/uploads\/2023\/03\/Programa_Taller-Cuba-Mexico_2023.jpg\"><img loading=\"lazy\" decoding=\"async\" width=\"724\" height=\"1024\" src=\"https:\/\/www.el-pan-alegre.org\/wordpress\/wp-content\/uploads\/2023\/03\/Programa_Taller-Cuba-Mexico_2023-724x1024.jpg\" alt=\"\" class=\"wp-image-2863\" style=\"width:553px;height:782px\" srcset=\"https:\/\/www.el-pan-alegre.org\/wordpress\/wp-content\/uploads\/2023\/03\/Programa_Taller-Cuba-Mexico_2023-724x1024.jpg 724w, https:\/\/www.el-pan-alegre.org\/wordpress\/wp-content\/uploads\/2023\/03\/Programa_Taller-Cuba-Mexico_2023-212x300.jpg 212w, https:\/\/www.el-pan-alegre.org\/wordpress\/wp-content\/uploads\/2023\/03\/Programa_Taller-Cuba-Mexico_2023-768x1086.jpg 768w, https:\/\/www.el-pan-alegre.org\/wordpress\/wp-content\/uploads\/2023\/03\/Programa_Taller-Cuba-Mexico_2023-1086x1536.jpg 1086w, https:\/\/www.el-pan-alegre.org\/wordpress\/wp-content\/uploads\/2023\/03\/Programa_Taller-Cuba-Mexico_2023.jpg 1414w\" sizes=\"auto, (max-width: 724px) 100vw, 724px\" \/><\/a><\/figure>\n","protected":false},"excerpt":{"rendered":"<p>Despu\u00e9s de la corta, pero exitosa recaudaci\u00f3n de fondos a finales de a\u00f1o, en Alemania, (2.000,- \u20ac pudieron ser aportados \u00edntegramente a las organizadoras) y despu\u00e9s de muchas horas de trabajo no remunerado, para nuestra gran alegr\u00eda ha comenzado hoy &hellip; <a href=\"https:\/\/www.el-pan-alegre.org\/wordpress\/2847-muy-bienvenidxs-en-la-habana\/\">Weiterlesen <span class=\"meta-nav\">&rarr;<\/span><\/a><\/p>\n","protected":false},"author":2,"featured_media":0,"comment_status":"closed","ping_status":"closed","sticky":false,"template":"","format":"standard","meta":{"jetpack_post_was_ever_published":false,"_jetpack_newsletter_access":"","_jetpack_dont_email_post_to_subs":false,"_jetpack_newsletter_tier_id":0,"_jetpack_memberships_contains_paywalled_content":false,"_jetpack_memberships_contains_paid_content":false,"footnotes":"","jetpack_publicize_message":"","jetpack_publicize_feature_enabled":true,"jetpack_social_post_already_shared":true,"jetpack_social_options":{"image_generator_settings":{"template":"highway","default_image_id":0,"font":"","enabled":false},"version":2}},"categories":[1,56,62,3,111,70,66,13,39,23,50,6,5,54,2,57,8],"tags":[],"class_list":["post-2847","post","type-post","status-publish","format-standard","hentry","category-allgemein","category-buen-vivir","category-coloquio","category-cuba","category-ecomujer","category-economia-solidaria","category-educacion-para-el-desarrollo-sostenible-eds","category-espanol","category-film","category-fotos","category-gender","category-information","category-kommunikation","category-mexiko","category-oeffentlichkeitsarbeit","category-sdg-nachhaltigkeitsziele","category-verein"],"yoast_head":"<!-- This site is optimized with the Yoast SEO plugin v27.5 - https:\/\/yoast.com\/product\/yoast-seo-wordpress\/ -->\n<title>\u00a1\u00a1Muy bienvenidxs en La Habana!! - El Pan Alegre<\/title>\n<meta name=\"robots\" content=\"index, follow, max-snippet:-1, max-image-preview:large, max-video-preview:-1\" \/>\n<link rel=\"canonical\" href=\"https:\/\/www.el-pan-alegre.org\/wordpress\/2847-muy-bienvenidxs-en-la-habana\/\" \/>\n<meta property=\"og:locale\" content=\"de_DE\" \/>\n<meta property=\"og:type\" content=\"article\" \/>\n<meta property=\"og:title\" content=\"\u00a1\u00a1Muy bienvenidxs en La Habana!! - El Pan Alegre\" \/>\n<meta property=\"og:description\" content=\"Despu\u00e9s de la corta, pero exitosa recaudaci\u00f3n de fondos a finales de a\u00f1o, en Alemania, (2.000,- \u20ac pudieron ser aportados \u00edntegramente a las organizadoras) y despu\u00e9s de muchas horas de trabajo no remunerado, para nuestra gran alegr\u00eda ha comenzado hoy &hellip; Weiterlesen &rarr;\" \/>\n<meta property=\"og:url\" content=\"https:\/\/www.el-pan-alegre.org\/wordpress\/2847-muy-bienvenidxs-en-la-habana\/\" \/>\n<meta property=\"og:site_name\" content=\"El Pan Alegre\" \/>\n<meta property=\"article:published_time\" content=\"2023-03-01T19:10:44+00:00\" \/>\n<meta property=\"article:modified_time\" content=\"2025-01-10T20:47:08+00:00\" \/>\n<meta property=\"og:image\" content=\"https:\/\/www.el-pan-alegre.org\/wordpress\/wp-content\/uploads\/2023\/03\/2023-TITELBILD_VIDEOGRUSS-ALEMANIA_esp-1024x576.jpg\" \/>\n<meta name=\"author\" content=\"Madeleine Porr\" \/>\n<meta name=\"twitter:card\" content=\"summary_large_image\" \/>\n<meta name=\"twitter:label1\" content=\"Verfasst von\" \/>\n\t<meta name=\"twitter:data1\" content=\"Madeleine Porr\" \/>\n\t<meta name=\"twitter:label2\" content=\"Gesch\u00e4tzte Lesezeit\" \/>\n\t<meta name=\"twitter:data2\" content=\"2\u00a0Minuten\" \/>\n<script type=\"application\/ld+json\" class=\"yoast-schema-graph\">{\"@context\":\"https:\\\/\\\/schema.org\",\"@graph\":[{\"@type\":\"Article\",\"@id\":\"https:\\\/\\\/www.el-pan-alegre.org\\\/wordpress\\\/2847-muy-bienvenidxs-en-la-habana\\\/#article\",\"isPartOf\":{\"@id\":\"https:\\\/\\\/www.el-pan-alegre.org\\\/wordpress\\\/2847-muy-bienvenidxs-en-la-habana\\\/\"},\"author\":{\"name\":\"Madeleine Porr\",\"@id\":\"https:\\\/\\\/www.el-pan-alegre.org\\\/wordpress\\\/#\\\/schema\\\/person\\\/39b853679289f55293e37b53abdfb35e\"},\"headline\":\"\u00a1\u00a1Muy bienvenidxs en La Habana!!\",\"datePublished\":\"2023-03-01T19:10:44+00:00\",\"dateModified\":\"2025-01-10T20:47:08+00:00\",\"mainEntityOfPage\":{\"@id\":\"https:\\\/\\\/www.el-pan-alegre.org\\\/wordpress\\\/2847-muy-bienvenidxs-en-la-habana\\\/\"},\"wordCount\":308,\"image\":{\"@id\":\"https:\\\/\\\/www.el-pan-alegre.org\\\/wordpress\\\/2847-muy-bienvenidxs-en-la-habana\\\/#primaryimage\"},\"thumbnailUrl\":\"https:\\\/\\\/www.el-pan-alegre.org\\\/wordpress\\\/wp-content\\\/uploads\\\/2023\\\/03\\\/2023-TITELBILD_VIDEOGRUSS-ALEMANIA_esp-1024x576.jpg\",\"articleSection\":{\"1\":\"Buen Vivir\",\"2\":\"coloquio\",\"3\":\"Cuba\",\"4\":\"EcoMujer\",\"5\":\"Econom\u00eda solidaria\",\"6\":\"Educaci\u00f3n para el desarrollo sostenible (EDS)\",\"7\":\"espa\u00f1ol\",\"8\":\"Film\",\"9\":\"Fotos\",\"10\":\"Gender\",\"11\":\"Information\",\"12\":\"Kommunikation\",\"13\":\"Mexiko\",\"14\":\"\u00d6ffentlichkeitsarbeit\",\"15\":\"SDG - Nachhaltigkeitsziele\",\"16\":\"Verein\"},\"inLanguage\":\"de\"},{\"@type\":\"WebPage\",\"@id\":\"https:\\\/\\\/www.el-pan-alegre.org\\\/wordpress\\\/2847-muy-bienvenidxs-en-la-habana\\\/\",\"url\":\"https:\\\/\\\/www.el-pan-alegre.org\\\/wordpress\\\/2847-muy-bienvenidxs-en-la-habana\\\/\",\"name\":\"\u00a1\u00a1Muy bienvenidxs en La Habana!! - El Pan Alegre\",\"isPartOf\":{\"@id\":\"https:\\\/\\\/www.el-pan-alegre.org\\\/wordpress\\\/#website\"},\"primaryImageOfPage\":{\"@id\":\"https:\\\/\\\/www.el-pan-alegre.org\\\/wordpress\\\/2847-muy-bienvenidxs-en-la-habana\\\/#primaryimage\"},\"image\":{\"@id\":\"https:\\\/\\\/www.el-pan-alegre.org\\\/wordpress\\\/2847-muy-bienvenidxs-en-la-habana\\\/#primaryimage\"},\"thumbnailUrl\":\"https:\\\/\\\/www.el-pan-alegre.org\\\/wordpress\\\/wp-content\\\/uploads\\\/2023\\\/03\\\/2023-TITELBILD_VIDEOGRUSS-ALEMANIA_esp-1024x576.jpg\",\"datePublished\":\"2023-03-01T19:10:44+00:00\",\"dateModified\":\"2025-01-10T20:47:08+00:00\",\"author\":{\"@id\":\"https:\\\/\\\/www.el-pan-alegre.org\\\/wordpress\\\/#\\\/schema\\\/person\\\/39b853679289f55293e37b53abdfb35e\"},\"breadcrumb\":{\"@id\":\"https:\\\/\\\/www.el-pan-alegre.org\\\/wordpress\\\/2847-muy-bienvenidxs-en-la-habana\\\/#breadcrumb\"},\"inLanguage\":\"de\",\"potentialAction\":[{\"@type\":\"ReadAction\",\"target\":[\"https:\\\/\\\/www.el-pan-alegre.org\\\/wordpress\\\/2847-muy-bienvenidxs-en-la-habana\\\/\"]}]},{\"@type\":\"ImageObject\",\"inLanguage\":\"de\",\"@id\":\"https:\\\/\\\/www.el-pan-alegre.org\\\/wordpress\\\/2847-muy-bienvenidxs-en-la-habana\\\/#primaryimage\",\"url\":\"https:\\\/\\\/www.el-pan-alegre.org\\\/wordpress\\\/wp-content\\\/uploads\\\/2023\\\/03\\\/2023-TITELBILD_VIDEOGRUSS-ALEMANIA_esp.jpg\",\"contentUrl\":\"https:\\\/\\\/www.el-pan-alegre.org\\\/wordpress\\\/wp-content\\\/uploads\\\/2023\\\/03\\\/2023-TITELBILD_VIDEOGRUSS-ALEMANIA_esp.jpg\",\"width\":1581,\"height\":890},{\"@type\":\"BreadcrumbList\",\"@id\":\"https:\\\/\\\/www.el-pan-alegre.org\\\/wordpress\\\/2847-muy-bienvenidxs-en-la-habana\\\/#breadcrumb\",\"itemListElement\":[{\"@type\":\"ListItem\",\"position\":1,\"name\":\"Home\",\"item\":\"https:\\\/\\\/www.el-pan-alegre.org\\\/wordpress\\\/\"},{\"@type\":\"ListItem\",\"position\":2,\"name\":\"\u00a1\u00a1Muy bienvenidxs en La Habana!!\"}]},{\"@type\":\"WebSite\",\"@id\":\"https:\\\/\\\/www.el-pan-alegre.org\\\/wordpress\\\/#website\",\"url\":\"https:\\\/\\\/www.el-pan-alegre.org\\\/wordpress\\\/\",\"name\":\"El Pan Alegre\",\"description\":\"Das Fr\u00f6hliche Brot\",\"potentialAction\":[{\"@type\":\"SearchAction\",\"target\":{\"@type\":\"EntryPoint\",\"urlTemplate\":\"https:\\\/\\\/www.el-pan-alegre.org\\\/wordpress\\\/?s={search_term_string}\"},\"query-input\":{\"@type\":\"PropertyValueSpecification\",\"valueRequired\":true,\"valueName\":\"search_term_string\"}}],\"inLanguage\":\"de\"},{\"@type\":\"Person\",\"@id\":\"https:\\\/\\\/www.el-pan-alegre.org\\\/wordpress\\\/#\\\/schema\\\/person\\\/39b853679289f55293e37b53abdfb35e\",\"name\":\"Madeleine Porr\",\"image\":{\"@type\":\"ImageObject\",\"inLanguage\":\"de\",\"@id\":\"https:\\\/\\\/secure.gravatar.com\\\/avatar\\\/220f262381e6da1a53e3f4626f455dc2c5f03e3a01d49b4ee64a83051cd54bb1?s=96&d=identicon&r=g\",\"url\":\"https:\\\/\\\/secure.gravatar.com\\\/avatar\\\/220f262381e6da1a53e3f4626f455dc2c5f03e3a01d49b4ee64a83051cd54bb1?s=96&d=identicon&r=g\",\"contentUrl\":\"https:\\\/\\\/secure.gravatar.com\\\/avatar\\\/220f262381e6da1a53e3f4626f455dc2c5f03e3a01d49b4ee64a83051cd54bb1?s=96&d=identicon&r=g\",\"caption\":\"Madeleine Porr\"},\"url\":\"https:\\\/\\\/www.el-pan-alegre.org\\\/wordpress\\\/author\\\/madeleine\\\/\"}]}<\/script>\n<!-- \/ Yoast SEO plugin. -->","yoast_head_json":{"title":"\u00a1\u00a1Muy bienvenidxs en La Habana!! - El Pan Alegre","robots":{"index":"index","follow":"follow","max-snippet":"max-snippet:-1","max-image-preview":"max-image-preview:large","max-video-preview":"max-video-preview:-1"},"canonical":"https:\/\/www.el-pan-alegre.org\/wordpress\/2847-muy-bienvenidxs-en-la-habana\/","og_locale":"de_DE","og_type":"article","og_title":"\u00a1\u00a1Muy bienvenidxs en La Habana!! - El Pan Alegre","og_description":"Despu\u00e9s de la corta, pero exitosa recaudaci\u00f3n de fondos a finales de a\u00f1o, en Alemania, (2.000,- \u20ac pudieron ser aportados \u00edntegramente a las organizadoras) y despu\u00e9s de muchas horas de trabajo no remunerado, para nuestra gran alegr\u00eda ha comenzado hoy &hellip; Weiterlesen &rarr;","og_url":"https:\/\/www.el-pan-alegre.org\/wordpress\/2847-muy-bienvenidxs-en-la-habana\/","og_site_name":"El Pan Alegre","article_published_time":"2023-03-01T19:10:44+00:00","article_modified_time":"2025-01-10T20:47:08+00:00","og_image":[{"url":"https:\/\/www.el-pan-alegre.org\/wordpress\/wp-content\/uploads\/2023\/03\/2023-TITELBILD_VIDEOGRUSS-ALEMANIA_esp-1024x576.jpg","type":"","width":"","height":""}],"author":"Madeleine Porr","twitter_card":"summary_large_image","twitter_misc":{"Verfasst von":"Madeleine Porr","Gesch\u00e4tzte Lesezeit":"2\u00a0Minuten"},"schema":{"@context":"https:\/\/schema.org","@graph":[{"@type":"Article","@id":"https:\/\/www.el-pan-alegre.org\/wordpress\/2847-muy-bienvenidxs-en-la-habana\/#article","isPartOf":{"@id":"https:\/\/www.el-pan-alegre.org\/wordpress\/2847-muy-bienvenidxs-en-la-habana\/"},"author":{"name":"Madeleine Porr","@id":"https:\/\/www.el-pan-alegre.org\/wordpress\/#\/schema\/person\/39b853679289f55293e37b53abdfb35e"},"headline":"\u00a1\u00a1Muy bienvenidxs en La Habana!!","datePublished":"2023-03-01T19:10:44+00:00","dateModified":"2025-01-10T20:47:08+00:00","mainEntityOfPage":{"@id":"https:\/\/www.el-pan-alegre.org\/wordpress\/2847-muy-bienvenidxs-en-la-habana\/"},"wordCount":308,"image":{"@id":"https:\/\/www.el-pan-alegre.org\/wordpress\/2847-muy-bienvenidxs-en-la-habana\/#primaryimage"},"thumbnailUrl":"https:\/\/www.el-pan-alegre.org\/wordpress\/wp-content\/uploads\/2023\/03\/2023-TITELBILD_VIDEOGRUSS-ALEMANIA_esp-1024x576.jpg","articleSection":{"1":"Buen Vivir","2":"coloquio","3":"Cuba","4":"EcoMujer","5":"Econom\u00eda solidaria","6":"Educaci\u00f3n para el desarrollo sostenible (EDS)","7":"espa\u00f1ol","8":"Film","9":"Fotos","10":"Gender","11":"Information","12":"Kommunikation","13":"Mexiko","14":"\u00d6ffentlichkeitsarbeit","15":"SDG - Nachhaltigkeitsziele","16":"Verein"},"inLanguage":"de"},{"@type":"WebPage","@id":"https:\/\/www.el-pan-alegre.org\/wordpress\/2847-muy-bienvenidxs-en-la-habana\/","url":"https:\/\/www.el-pan-alegre.org\/wordpress\/2847-muy-bienvenidxs-en-la-habana\/","name":"\u00a1\u00a1Muy bienvenidxs en La Habana!! - El Pan Alegre","isPartOf":{"@id":"https:\/\/www.el-pan-alegre.org\/wordpress\/#website"},"primaryImageOfPage":{"@id":"https:\/\/www.el-pan-alegre.org\/wordpress\/2847-muy-bienvenidxs-en-la-habana\/#primaryimage"},"image":{"@id":"https:\/\/www.el-pan-alegre.org\/wordpress\/2847-muy-bienvenidxs-en-la-habana\/#primaryimage"},"thumbnailUrl":"https:\/\/www.el-pan-alegre.org\/wordpress\/wp-content\/uploads\/2023\/03\/2023-TITELBILD_VIDEOGRUSS-ALEMANIA_esp-1024x576.jpg","datePublished":"2023-03-01T19:10:44+00:00","dateModified":"2025-01-10T20:47:08+00:00","author":{"@id":"https:\/\/www.el-pan-alegre.org\/wordpress\/#\/schema\/person\/39b853679289f55293e37b53abdfb35e"},"breadcrumb":{"@id":"https:\/\/www.el-pan-alegre.org\/wordpress\/2847-muy-bienvenidxs-en-la-habana\/#breadcrumb"},"inLanguage":"de","potentialAction":[{"@type":"ReadAction","target":["https:\/\/www.el-pan-alegre.org\/wordpress\/2847-muy-bienvenidxs-en-la-habana\/"]}]},{"@type":"ImageObject","inLanguage":"de","@id":"https:\/\/www.el-pan-alegre.org\/wordpress\/2847-muy-bienvenidxs-en-la-habana\/#primaryimage","url":"https:\/\/www.el-pan-alegre.org\/wordpress\/wp-content\/uploads\/2023\/03\/2023-TITELBILD_VIDEOGRUSS-ALEMANIA_esp.jpg","contentUrl":"https:\/\/www.el-pan-alegre.org\/wordpress\/wp-content\/uploads\/2023\/03\/2023-TITELBILD_VIDEOGRUSS-ALEMANIA_esp.jpg","width":1581,"height":890},{"@type":"BreadcrumbList","@id":"https:\/\/www.el-pan-alegre.org\/wordpress\/2847-muy-bienvenidxs-en-la-habana\/#breadcrumb","itemListElement":[{"@type":"ListItem","position":1,"name":"Home","item":"https:\/\/www.el-pan-alegre.org\/wordpress\/"},{"@type":"ListItem","position":2,"name":"\u00a1\u00a1Muy bienvenidxs en La Habana!!"}]},{"@type":"WebSite","@id":"https:\/\/www.el-pan-alegre.org\/wordpress\/#website","url":"https:\/\/www.el-pan-alegre.org\/wordpress\/","name":"El Pan Alegre","description":"Das Fr\u00f6hliche Brot","potentialAction":[{"@type":"SearchAction","target":{"@type":"EntryPoint","urlTemplate":"https:\/\/www.el-pan-alegre.org\/wordpress\/?s={search_term_string}"},"query-input":{"@type":"PropertyValueSpecification","valueRequired":true,"valueName":"search_term_string"}}],"inLanguage":"de"},{"@type":"Person","@id":"https:\/\/www.el-pan-alegre.org\/wordpress\/#\/schema\/person\/39b853679289f55293e37b53abdfb35e","name":"Madeleine Porr","image":{"@type":"ImageObject","inLanguage":"de","@id":"https:\/\/secure.gravatar.com\/avatar\/220f262381e6da1a53e3f4626f455dc2c5f03e3a01d49b4ee64a83051cd54bb1?s=96&d=identicon&r=g","url":"https:\/\/secure.gravatar.com\/avatar\/220f262381e6da1a53e3f4626f455dc2c5f03e3a01d49b4ee64a83051cd54bb1?s=96&d=identicon&r=g","contentUrl":"https:\/\/secure.gravatar.com\/avatar\/220f262381e6da1a53e3f4626f455dc2c5f03e3a01d49b4ee64a83051cd54bb1?s=96&d=identicon&r=g","caption":"Madeleine Porr"},"url":"https:\/\/www.el-pan-alegre.org\/wordpress\/author\/madeleine\/"}]}},"jetpack_publicize_connections":[],"jetpack_featured_media_url":"","jetpack_sharing_enabled":true,"jetpack_shortlink":"https:\/\/wp.me\/p62TDh-JV","jetpack-related-posts":[{"id":5,"url":"https:\/\/www.el-pan-alegre.org\/wordpress\/5-film-tipp-tierralismo-kuba-2013-so-18-01-15-11-uhr\/","url_meta":{"origin":2847,"position":0},"title":"Film-Tipp: &#8222;Tierralismo&#8220; \/ Kuba 2013 &#8211; So. 18.01.15, 11 Uhr","author":"Anja Mocker","date":"10. Januar 2015","format":false,"excerpt":"\"Tierralismo\" (Cuba 2013) - Alternativen zur industriellen Landwirtschaft von Alejandro Ram\u00edrez AndersonVielen Dank an EcoMujer e. V., Freundschaftsgesellschaft Berlin Kuba, Unterst\u00fctzung internationaler Kommunikation kritischer WissenschaftlerInnen und IngenieurInnen (Kriwi) e.V., Netzwerk Kuba e.V. und International Network of Engineers and Scientists for Global Responsibility (INES) daf\u00fcr, dass sie uns diesen Film zug\u00e4nglich\u2026","rel":"","context":"In &quot;Cuba&quot;","block_context":{"text":"Cuba","link":"https:\/\/www.el-pan-alegre.org\/wordpress\/kategorie\/cuba\/"},"img":{"alt_text":"","src":"","width":0,"height":0},"classes":[]},{"id":2809,"url":"https:\/\/www.el-pan-alegre.org\/wordpress\/2809-muy-bienvenidxs-herzlich-willkommen-in-havanna\/","url_meta":{"origin":2847,"position":1},"title":"\u00a1\u00a1Muy bienvenidxs \/ Herzlich willkommen in Havanna!!","author":"Madeleine Porr","date":"27. Februar 2023","format":false,"excerpt":"Nachhaltige Entwicklung f\u00e4llt nicht vom Himmel und kann auch nicht amtlich verordnet werden. Es sind die vielen kleinen und gro\u00dfen t\u00e4glichen Aktivit\u00e4ten in allen gesellschaftlichen Bereichen, die idealerweise gleich um die Ecke erlebbar sein m\u00fcssen und erst dann \u2013 wie der stete Tropfen \u2013 ihre transformatorische Wirkung entfalten k\u00f6nnen. Good-practice-Beispiele\u2026","rel":"","context":"In &quot;Allgemein&quot;","block_context":{"text":"Allgemein","link":"https:\/\/www.el-pan-alegre.org\/wordpress\/kategorie\/allgemein\/"},"img":{"alt_text":"","src":"https:\/\/i0.wp.com\/www.el-pan-alegre.org\/wordpress\/wp-content\/uploads\/2023\/02\/2023-TITELBILD_VIDEOGRUSS-ALEMANIA-1.jpg?resize=350%2C200&ssl=1","width":350,"height":200,"srcset":"https:\/\/i0.wp.com\/www.el-pan-alegre.org\/wordpress\/wp-content\/uploads\/2023\/02\/2023-TITELBILD_VIDEOGRUSS-ALEMANIA-1.jpg?resize=350%2C200&ssl=1 1x, https:\/\/i0.wp.com\/www.el-pan-alegre.org\/wordpress\/wp-content\/uploads\/2023\/02\/2023-TITELBILD_VIDEOGRUSS-ALEMANIA-1.jpg?resize=525%2C300&ssl=1 1.5x, https:\/\/i0.wp.com\/www.el-pan-alegre.org\/wordpress\/wp-content\/uploads\/2023\/02\/2023-TITELBILD_VIDEOGRUSS-ALEMANIA-1.jpg?resize=700%2C400&ssl=1 2x, https:\/\/i0.wp.com\/www.el-pan-alegre.org\/wordpress\/wp-content\/uploads\/2023\/02\/2023-TITELBILD_VIDEOGRUSS-ALEMANIA-1.jpg?resize=1050%2C600&ssl=1 3x, https:\/\/i0.wp.com\/www.el-pan-alegre.org\/wordpress\/wp-content\/uploads\/2023\/02\/2023-TITELBILD_VIDEOGRUSS-ALEMANIA-1.jpg?resize=1400%2C800&ssl=1 4x"},"classes":[]},{"id":2926,"url":"https:\/\/www.el-pan-alegre.org\/wordpress\/2926-dank-gruesse-bilder-vom-erfolgreichen-workshop-kuba-mexiko\/","url_meta":{"origin":2847,"position":2},"title":"Dank, Gr\u00fc\u00dfe &#038; Bilder vom erfolgreichen Workshop Kuba-Mexiko","author":"Madeleine Porr","date":"19. September 2023","format":false,"excerpt":"Es waren spannende Tage f\u00fcr die Teilnehmer*innen in Havanna (und sp\u00e4ter auch in Pinar del R\u00edo) - und f\u00fcr die engagierten Initiativen, die im Rahmen der vier Workshop-Tage besucht wurden (s. auch der 4-min\u00fctige Doku-Film). Sie lernten geniale M\u00f6glichkeiten zur lokalen Erzeugung erneuerbarer Energien kennen, zum Anbau alter lokaler Nahrungspflanzen\u2026","rel":"","context":"In &quot;Abfall&quot;","block_context":{"text":"Abfall","link":"https:\/\/www.el-pan-alegre.org\/wordpress\/kategorie\/abfall\/"},"img":{"alt_text":"","src":"https:\/\/i0.wp.com\/www.el-pan-alegre.org\/wordpress\/wp-content\/uploads\/2023\/09\/photo_2023-09-19_01-57-22.jpg?resize=350%2C200&ssl=1","width":350,"height":200,"srcset":"https:\/\/i0.wp.com\/www.el-pan-alegre.org\/wordpress\/wp-content\/uploads\/2023\/09\/photo_2023-09-19_01-57-22.jpg?resize=350%2C200&ssl=1 1x, https:\/\/i0.wp.com\/www.el-pan-alegre.org\/wordpress\/wp-content\/uploads\/2023\/09\/photo_2023-09-19_01-57-22.jpg?resize=525%2C300&ssl=1 1.5x, https:\/\/i0.wp.com\/www.el-pan-alegre.org\/wordpress\/wp-content\/uploads\/2023\/09\/photo_2023-09-19_01-57-22.jpg?resize=700%2C400&ssl=1 2x"},"classes":[]},{"id":28,"url":"https:\/\/www.el-pan-alegre.org\/wordpress\/28-el-proyecto-tahiti-se-convierte-en-el-proyecto-cuba-alegre\/","url_meta":{"origin":2847,"position":3},"title":"&#8222;El Proyecto Tahit\u00ed&#8220; &#038; &#8222;El Proyecto Cuba Alegre&#8220;","author":"Anja Mocker","date":"7. Februar 2013","format":false,"excerpt":"Habana-Cuba. Coloquio: \u201cHaciendo el futuro con fuerza local\u201d (\u201cEl Proyecto Tahit\u00ed\u201d se convierte en el \u201cProyecto Cuba Alegre\u201d) Invitaci\u00f3n a participar Del 19 al 21 de febrero de 2013, de 10 a.m. a 2 p.m., se realizar\u00e1, en la Asociaci\u00f3n Cubana de las Naciones Unidas (ACNU), 25 y J, El\u2026","rel":"","context":"In &quot;Abfall&quot;","block_context":{"text":"Abfall","link":"https:\/\/www.el-pan-alegre.org\/wordpress\/kategorie\/abfall\/"},"img":{"alt_text":"","src":"","width":0,"height":0},"classes":[]},{"id":1488,"url":"https:\/\/www.el-pan-alegre.org\/wordpress\/1488-visitas-alegres-entre-mexico-y-cuba\/","url_meta":{"origin":2847,"position":4},"title":"VISITAS ALEGRES entre M\u00e9xico y Cuba","author":"Madeleine Porr","date":"21. Juli 2016","format":false,"excerpt":"La semana pasada sigui\u00f3 con mucha alegr\u00eda, en Habana, el intercambio amistoso de Sandra Rodr\u00edguez Ribalta (Proyecto comunitario \u201cAndo Reforestando\u201d) \u00a0y yo (Prop\u00f3sito comunitario \u201cEl Pan Alegre\u201d) con la amiga Nuria Costa Leonardo (Red Mexicana de Mujeres \u2013 Rurales \u2013 y coordinadora en Am\u00e9rica Latina de las 1000 Mujeres de\u2026","rel":"","context":"In &quot;Allgemein&quot;","block_context":{"text":"Allgemein","link":"https:\/\/www.el-pan-alegre.org\/wordpress\/kategorie\/allgemein\/"},"img":{"alt_text":"2016-Sandra_Nuria_Madeleine_Alba","src":"https:\/\/i0.wp.com\/www.el-pan-alegre.org\/wordpress\/wp-content\/uploads\/2016\/07\/2016-Sandra_Nuria_Madeleine_Alba-300x186.jpg?resize=350%2C200","width":350,"height":200},"classes":[]},{"id":2058,"url":"https:\/\/www.el-pan-alegre.org\/wordpress\/2058-un-2019-muy-feliz-y-fuerte\/","url_meta":{"origin":2847,"position":5},"title":"Un 2019 muy feliz y fuerte  &#8230;","author":"Madeleine Porr","date":"14. Januar 2019","format":false,"excerpt":"Nuevos talleres de amaranto en Berl\u00edn, en estrecho v\u00ednculo con las actividades hermanas en Habana.","rel":"","context":"In &quot;Amaranth&quot;","block_context":{"text":"Amaranth","link":"https:\/\/www.el-pan-alegre.org\/wordpress\/kategorie\/amaranth\/"},"img":{"alt_text":"","src":"https:\/\/i0.wp.com\/www.el-pan-alegre.org\/wordpress\/wp-content\/uploads\/2019\/01\/Pensar_sostenible.jpg?resize=350%2C200&ssl=1","width":350,"height":200,"srcset":"https:\/\/i0.wp.com\/www.el-pan-alegre.org\/wordpress\/wp-content\/uploads\/2019\/01\/Pensar_sostenible.jpg?resize=350%2C200&ssl=1 1x, https:\/\/i0.wp.com\/www.el-pan-alegre.org\/wordpress\/wp-content\/uploads\/2019\/01\/Pensar_sostenible.jpg?resize=525%2C300&ssl=1 1.5x"},"classes":[]}],"_links":{"self":[{"href":"https:\/\/www.el-pan-alegre.org\/wordpress\/wp-json\/wp\/v2\/posts\/2847","targetHints":{"allow":["GET"]}}],"collection":[{"href":"https:\/\/www.el-pan-alegre.org\/wordpress\/wp-json\/wp\/v2\/posts"}],"about":[{"href":"https:\/\/www.el-pan-alegre.org\/wordpress\/wp-json\/wp\/v2\/types\/post"}],"author":[{"embeddable":true,"href":"https:\/\/www.el-pan-alegre.org\/wordpress\/wp-json\/wp\/v2\/users\/2"}],"replies":[{"embeddable":true,"href":"https:\/\/www.el-pan-alegre.org\/wordpress\/wp-json\/wp\/v2\/comments?post=2847"}],"version-history":[{"count":28,"href":"https:\/\/www.el-pan-alegre.org\/wordpress\/wp-json\/wp\/v2\/posts\/2847\/revisions"}],"predecessor-version":[{"id":3108,"href":"https:\/\/www.el-pan-alegre.org\/wordpress\/wp-json\/wp\/v2\/posts\/2847\/revisions\/3108"}],"wp:attachment":[{"href":"https:\/\/www.el-pan-alegre.org\/wordpress\/wp-json\/wp\/v2\/media?parent=2847"}],"wp:term":[{"taxonomy":"category","embeddable":true,"href":"https:\/\/www.el-pan-alegre.org\/wordpress\/wp-json\/wp\/v2\/categories?post=2847"},{"taxonomy":"post_tag","embeddable":true,"href":"https:\/\/www.el-pan-alegre.org\/wordpress\/wp-json\/wp\/v2\/tags?post=2847"}],"curies":[{"name":"wp","href":"https:\/\/api.w.org\/{rel}","templated":true}]}}