{"id":2809,"date":"2023-02-27T23:07:38","date_gmt":"2023-02-27T22:07:38","guid":{"rendered":"https:\/\/www.el-pan-alegre.org\/wordpress\/?p=2809"},"modified":"2025-01-10T21:49:28","modified_gmt":"2025-01-10T20:49:28","slug":"muy-bienvenidxs-herzlich-willkommen-in-havanna","status":"publish","type":"post","link":"https:\/\/www.el-pan-alegre.org\/wordpress\/2809-muy-bienvenidxs-herzlich-willkommen-in-havanna\/","title":{"rendered":"\u00a1\u00a1Muy bienvenidxs \/ Herzlich willkommen in Havanna!!"},"content":{"rendered":"\n<figure class=\"wp-block-image size-large\"><a href=\"https:\/\/www.el-pan-alegre.org\/wordpress\/wp-content\/uploads\/2023\/02\/2023-TITELBILD_VIDEOGRUSS-ALEMANIA-1.jpg\"><img loading=\"lazy\" decoding=\"async\" width=\"1024\" height=\"576\" src=\"https:\/\/www.el-pan-alegre.org\/wordpress\/wp-content\/uploads\/2023\/02\/2023-TITELBILD_VIDEOGRUSS-ALEMANIA-1-1024x576.jpg\" alt=\"\" class=\"wp-image-2812\" srcset=\"https:\/\/www.el-pan-alegre.org\/wordpress\/wp-content\/uploads\/2023\/02\/2023-TITELBILD_VIDEOGRUSS-ALEMANIA-1-1024x576.jpg 1024w, https:\/\/www.el-pan-alegre.org\/wordpress\/wp-content\/uploads\/2023\/02\/2023-TITELBILD_VIDEOGRUSS-ALEMANIA-1-300x169.jpg 300w, https:\/\/www.el-pan-alegre.org\/wordpress\/wp-content\/uploads\/2023\/02\/2023-TITELBILD_VIDEOGRUSS-ALEMANIA-1-768x432.jpg 768w, https:\/\/www.el-pan-alegre.org\/wordpress\/wp-content\/uploads\/2023\/02\/2023-TITELBILD_VIDEOGRUSS-ALEMANIA-1-1536x864.jpg 1536w, https:\/\/www.el-pan-alegre.org\/wordpress\/wp-content\/uploads\/2023\/02\/2023-TITELBILD_VIDEOGRUSS-ALEMANIA-1-500x281.jpg 500w, https:\/\/www.el-pan-alegre.org\/wordpress\/wp-content\/uploads\/2023\/02\/2023-TITELBILD_VIDEOGRUSS-ALEMANIA-1.jpg 1578w\" sizes=\"auto, (max-width: 1024px) 100vw, 1024px\" \/><\/a><\/figure>\n\n\n\n<p class=\"has-text-align-left\"><strong><a href=\"https:\/\/www.el-pan-alegre.org\/2023-EVENTO-CUBA_VIDEOSALUDO-ALEMANIA.mp4\"><mark><mark style=\"background-color:#1982d1\" class=\"has-inline-color has-white-color\"><\/mark><\/mark><\/a><\/strong>Nach der kurzen, aber erfolgreichen <a href=\"https:\/\/www.el-pan-alegre.org\/wordpress\/2787-weihnachtsspenden-aktion-kuba-workshop-2023-die-krise-ueberwinden-mit-lokaler-kraft\/\">Spendensammlung zum Jahresende<\/a> in Deutschland (2.000,- \u20ac konnten in voller H\u00f6he den Veranstalterinnen zur Verf\u00fcgung gestellt werden) und ganz viel unbezahlten Arbeitsstunden startet zu unserer gro\u00dfen Freude \u00fcbermorgen das erste kubanisch-mexikanisch-deutsche Kooperationsprojekt unseres Vereins <a href=\"https:\/\/www.el-pan-alegre.org\/wordpress\/en-buenas-manos-e-v\/zum-verein\/\">En Buenas Manos e.V.<\/a> zusammen mit dem deutsch-kubanischen Verein <a href=\"https:\/\/www.ecomujer.org\/\" target=\"_blank\" rel=\"noreferrer noopener\">EcoMujer e.V.<\/a>: VIER WORKSHOP-TAGE ZU PRAKTISCHEN MODELLEN LOKALER ENTWICKLUNG in Havanna, Kuba.<\/p>\n\n\n\n<p class=\"has-text-align-center has-light-gray-background-color has-background has-medium-font-size\"><strong><a href=\"https:\/\/www.el-pan-alegre.org\/2023-EVENTO-CUBA_VIDEOSALUDO-ALEMANIA.mp4\">VIDEO-GRU\u00dfBOTSCHAFT VON<\/a><\/strong><br><strong><a href=\"https:\/\/www.el-pan-alegre.org\/2023-EVENTO-CUBA_VIDEOSALUDO-ALEMANIA.mp4\">EN BUENAS MANOS UND ECOMUJER<br>NACH HAVANNA (HIER KLICKEN)<\/a><\/strong><\/p>\n\n\n\n<p>Geleitet wird diese Veranstaltung von unserer kubanischen Partnerin <a href=\"https:\/\/www.cibercuba.com\/noticias\/2013\/01\/30\/comunidades-cubanas-apuestan-la-reforestacion\" target=\"_blank\" rel=\"noreferrer noopener\">Sandra Rodr\u00edguez Ribalta, Koordinatorin unseres dortigen Partnernetzwerks Ando Reforestando<\/a>, Vereinsehrenmitglied und &#8211; ebenso wie die mexikanische Co-Organisatorin <a href=\"https:\/\/wikipeacewomen.org\/wpworg\/de\/?page_id=6921\" target=\"_blank\" rel=\"noreferrer noopener\">Nuria Costa Leonardo<\/a> (Mexikanisches Netzwerk der Landfrauen \/ Blue Economy) &#8211; unseren Followern unter anderem l\u00e4ngst bekannt von unserem <a href=\"https:\/\/www.el-pan-alegre.org\/wordpress\/2601-audio-el-buen-vivir-magie-des-wandels\/\">Audio &#8222;El Buen Vivir &#8211; von der Magie des Wandels&#8220;<\/a>.<\/p>\n\n\n\n<!--more-->\n\n\n\n<p>Wichtige Impulse wird den Workshop-Teilnehmer*innen nach den verheerenden St\u00fcrmen der letzten Jahre auch Nurias Kollegin Mar\u00eda del Carmen D\u00edaz Dom\u00ednguez (Bio-Konstruktion) geben. Beide Frauen sind Gr\u00fcndungsmitglieder und Protagonistinnen des <a href=\"https:\/\/www.youtube.com\/watch?v=7P60KbxZKlc\" target=\"_blank\" rel=\"noreferrer noopener\">Colectivo EcoAldea Bosque de Agua<\/a>. <\/p>\n\n\n\n<p>Und last but not least freuen wir uns riesig, dass mit der Anreise auch der kubanischen EcoMujeres aus der Nachbarprovinz Pinar del R\u00edo nun auch diese Vernetzung stattfinden kann und in den n\u00e4chsten vier Tagen &#8211; und hoffentlich auch in Zukunft &#8211; all diese Fachmenschen mit den unterschiedlichsten Expertisen und Erfahrungen in den Bereichen nachhaltiger lokaler Entwicklung zusammenarbeiten werden.<\/p>\n\n\n\n<p>Eine erfolgreiche Zeit euch allen!!!<\/p>\n\n\n\n<figure class=\"wp-block-image size-large is-resized\"><a href=\"https:\/\/www.el-pan-alegre.org\/wordpress\/wp-content\/uploads\/2023\/02\/2023-EVENTO-CUBA_PROGRAMM_dt.jpg\"><img loading=\"lazy\" decoding=\"async\" width=\"724\" height=\"1024\" src=\"https:\/\/www.el-pan-alegre.org\/wordpress\/wp-content\/uploads\/2023\/02\/2023-EVENTO-CUBA_PROGRAMM_dt-724x1024.jpg\" alt=\"\" class=\"wp-image-2817\" style=\"width:566px;height:801px\" srcset=\"https:\/\/www.el-pan-alegre.org\/wordpress\/wp-content\/uploads\/2023\/02\/2023-EVENTO-CUBA_PROGRAMM_dt-724x1024.jpg 724w, https:\/\/www.el-pan-alegre.org\/wordpress\/wp-content\/uploads\/2023\/02\/2023-EVENTO-CUBA_PROGRAMM_dt-212x300.jpg 212w, https:\/\/www.el-pan-alegre.org\/wordpress\/wp-content\/uploads\/2023\/02\/2023-EVENTO-CUBA_PROGRAMM_dt-768x1086.jpg 768w, https:\/\/www.el-pan-alegre.org\/wordpress\/wp-content\/uploads\/2023\/02\/2023-EVENTO-CUBA_PROGRAMM_dt-1086x1536.jpg 1086w, https:\/\/www.el-pan-alegre.org\/wordpress\/wp-content\/uploads\/2023\/02\/2023-EVENTO-CUBA_PROGRAMM_dt.jpg 1414w\" sizes=\"auto, (max-width: 724px) 100vw, 724px\" \/><\/a><\/figure>\n\n\n\n<p><strong><a href=\"https:\/\/www.el-pan-alegre.org\/2023-EVENTO-CUBA_VIDEOSALUDO-ALEMANIA.mp4\"><\/a><\/strong><\/p>\n","protected":false},"excerpt":{"rendered":"<p>Nachhaltige Entwicklung f\u00e4llt nicht vom Himmel und kann auch nicht amtlich verordnet werden. Es sind die vielen kleinen und gro\u00dfen t\u00e4glichen Aktivit\u00e4ten in allen gesellschaftlichen Bereichen, die idealerweise gleich um die Ecke erlebbar sein m\u00fcssen und erst dann \u2013 wie der stete Tropfen \u2013 ihre transformatorische Wirkung entfalten k\u00f6nnen. Good-practice-Beispiele zeigen, wie wir auch aus der Ferne aktiv sein k\u00f6nnen. En Buenas Manos e.V. und EcoMujer e.V. sowie unsere Netzwerke haben sich jetzt zusammengetan, um wirkm\u00e4chtiger f\u00fcr unsere Partner*innen an anderen Pl\u00e4tzen der Erde zu werden. <a href=\"https:\/\/www.el-pan-alegre.org\/wordpress\/2809-muy-bienvenidxs-herzlich-willkommen-in-havanna\/\">Weiterlesen <span class=\"meta-nav\">&rarr;<\/span><\/a><\/p>\n","protected":false},"author":2,"featured_media":0,"comment_status":"closed","ping_status":"closed","sticky":false,"template":"","format":"standard","meta":{"jetpack_post_was_ever_published":false,"_jetpack_newsletter_access":"","_jetpack_dont_email_post_to_subs":false,"_jetpack_newsletter_tier_id":0,"_jetpack_memberships_contains_paywalled_content":false,"_jetpack_memberships_contains_paid_content":false,"footnotes":"","jetpack_publicize_message":"","jetpack_publicize_feature_enabled":true,"jetpack_social_post_already_shared":true,"jetpack_social_options":{"image_generator_settings":{"template":"highway","default_image_id":0,"font":"","enabled":false},"version":2}},"categories":[1,60,56,3,111,70,14,39,23,50,6,63,5,54,2,57,4,8,22],"tags":[113,80,114,112,108],"class_list":["post-2809","post","type-post","status-publish","format-standard","hentry","category-allgemein","category-bildung-fuer-nachhaltige-entwicklung-bne","category-buen-vivir","category-cuba","category-ecomujer","category-economia-solidaria","category-energie","category-film","category-fotos","category-gender","category-information","category-kolloquium","category-kommunikation","category-mexiko","category-oeffentlichkeitsarbeit","category-sdg-nachhaltigkeitsziele","category-veranstaltung","category-verein","category-zukunftskolloquium","tag-colectivo-ecoaldea-bosque-de-agua","tag-en-buenas-manos-e-v","tag-maria-del-carmen-dominguez","tag-nuria-costa-leonardo","tag-transformation"],"yoast_head":"<!-- This site is optimized with the Yoast SEO plugin v27.5 - https:\/\/yoast.com\/product\/yoast-seo-wordpress\/ -->\n<title>\u00a1\u00a1Muy bienvenidxs \/ Herzlich willkommen in Havanna!! - El Pan Alegre<\/title>\n<meta name=\"robots\" content=\"index, follow, max-snippet:-1, max-image-preview:large, max-video-preview:-1\" \/>\n<link rel=\"canonical\" href=\"https:\/\/www.el-pan-alegre.org\/wordpress\/2809-muy-bienvenidxs-herzlich-willkommen-in-havanna\/\" \/>\n<meta property=\"og:locale\" content=\"de_DE\" \/>\n<meta property=\"og:type\" content=\"article\" \/>\n<meta property=\"og:title\" content=\"\u00a1\u00a1Muy bienvenidxs \/ Herzlich willkommen in Havanna!! - El Pan Alegre\" \/>\n<meta property=\"og:description\" content=\"Nachhaltige Entwicklung f\u00e4llt nicht vom Himmel und kann auch nicht amtlich verordnet werden. Es sind die vielen kleinen und gro\u00dfen t\u00e4glichen Aktivit\u00e4ten in allen gesellschaftlichen Bereichen, die idealerweise gleich um die Ecke erlebbar sein m\u00fcssen und erst dann \u2013 wie der stete Tropfen \u2013 ihre transformatorische Wirkung entfalten k\u00f6nnen. Good-practice-Beispiele zeigen, wie wir auch aus der Ferne aktiv sein k\u00f6nnen. En Buenas Manos e.V. und EcoMujer e.V. sowie unsere Netzwerke haben sich jetzt zusammengetan, um wirkm\u00e4chtiger f\u00fcr unsere Partner*innen an anderen Pl\u00e4tzen der Erde zu werden. Weiterlesen &rarr;\" \/>\n<meta property=\"og:url\" content=\"https:\/\/www.el-pan-alegre.org\/wordpress\/2809-muy-bienvenidxs-herzlich-willkommen-in-havanna\/\" \/>\n<meta property=\"og:site_name\" content=\"El Pan Alegre\" \/>\n<meta property=\"article:published_time\" content=\"2023-02-27T22:07:38+00:00\" \/>\n<meta property=\"article:modified_time\" content=\"2025-01-10T20:49:28+00:00\" \/>\n<meta property=\"og:image\" content=\"https:\/\/www.el-pan-alegre.org\/wordpress\/wp-content\/uploads\/2023\/02\/2023-TITELBILD_VIDEOGRUSS-ALEMANIA-1-1024x576.jpg\" \/>\n<meta name=\"author\" content=\"Madeleine Porr\" \/>\n<meta name=\"twitter:card\" content=\"summary_large_image\" \/>\n<meta name=\"twitter:label1\" content=\"Verfasst von\" \/>\n\t<meta name=\"twitter:data1\" content=\"Madeleine Porr\" \/>\n\t<meta name=\"twitter:label2\" content=\"Gesch\u00e4tzte Lesezeit\" \/>\n\t<meta name=\"twitter:data2\" content=\"2\u00a0Minuten\" \/>\n<script type=\"application\/ld+json\" class=\"yoast-schema-graph\">{\"@context\":\"https:\\\/\\\/schema.org\",\"@graph\":[{\"@type\":\"Article\",\"@id\":\"https:\\\/\\\/www.el-pan-alegre.org\\\/wordpress\\\/2809-muy-bienvenidxs-herzlich-willkommen-in-havanna\\\/#article\",\"isPartOf\":{\"@id\":\"https:\\\/\\\/www.el-pan-alegre.org\\\/wordpress\\\/2809-muy-bienvenidxs-herzlich-willkommen-in-havanna\\\/\"},\"author\":{\"name\":\"Madeleine Porr\",\"@id\":\"https:\\\/\\\/www.el-pan-alegre.org\\\/wordpress\\\/#\\\/schema\\\/person\\\/39b853679289f55293e37b53abdfb35e\"},\"headline\":\"\u00a1\u00a1Muy bienvenidxs \\\/ Herzlich willkommen in Havanna!!\",\"datePublished\":\"2023-02-27T22:07:38+00:00\",\"dateModified\":\"2025-01-10T20:49:28+00:00\",\"mainEntityOfPage\":{\"@id\":\"https:\\\/\\\/www.el-pan-alegre.org\\\/wordpress\\\/2809-muy-bienvenidxs-herzlich-willkommen-in-havanna\\\/\"},\"wordCount\":242,\"image\":{\"@id\":\"https:\\\/\\\/www.el-pan-alegre.org\\\/wordpress\\\/2809-muy-bienvenidxs-herzlich-willkommen-in-havanna\\\/#primaryimage\"},\"thumbnailUrl\":\"https:\\\/\\\/www.el-pan-alegre.org\\\/wordpress\\\/wp-content\\\/uploads\\\/2023\\\/02\\\/2023-TITELBILD_VIDEOGRUSS-ALEMANIA-1-1024x576.jpg\",\"keywords\":[\"Colectivo EcoAldea Bosque de Agua\",\"En Buenas Manos e. V.\",\"Mar\u00eda del Carmen Dom\u00ednguez\",\"Nuria Costa Leonardo\",\"Transformation\"],\"articleSection\":{\"1\":\"Bildung f\u00fcr nachhaltige Entwicklung (BNE)\",\"2\":\"Buen Vivir\",\"3\":\"Cuba\",\"4\":\"EcoMujer\",\"5\":\"Econom\u00eda solidaria\",\"6\":\"Energie\",\"7\":\"Film\",\"8\":\"Fotos\",\"9\":\"Gender\",\"10\":\"Information\",\"11\":\"Kolloquium\",\"12\":\"Kommunikation\",\"13\":\"Mexiko\",\"14\":\"\u00d6ffentlichkeitsarbeit\",\"15\":\"SDG - Nachhaltigkeitsziele\",\"16\":\"Veranstaltung\",\"17\":\"Verein\",\"18\":\"Zukunftskolloquium\"},\"inLanguage\":\"de\"},{\"@type\":\"WebPage\",\"@id\":\"https:\\\/\\\/www.el-pan-alegre.org\\\/wordpress\\\/2809-muy-bienvenidxs-herzlich-willkommen-in-havanna\\\/\",\"url\":\"https:\\\/\\\/www.el-pan-alegre.org\\\/wordpress\\\/2809-muy-bienvenidxs-herzlich-willkommen-in-havanna\\\/\",\"name\":\"\u00a1\u00a1Muy bienvenidxs \\\/ Herzlich willkommen in Havanna!! - El Pan Alegre\",\"isPartOf\":{\"@id\":\"https:\\\/\\\/www.el-pan-alegre.org\\\/wordpress\\\/#website\"},\"primaryImageOfPage\":{\"@id\":\"https:\\\/\\\/www.el-pan-alegre.org\\\/wordpress\\\/2809-muy-bienvenidxs-herzlich-willkommen-in-havanna\\\/#primaryimage\"},\"image\":{\"@id\":\"https:\\\/\\\/www.el-pan-alegre.org\\\/wordpress\\\/2809-muy-bienvenidxs-herzlich-willkommen-in-havanna\\\/#primaryimage\"},\"thumbnailUrl\":\"https:\\\/\\\/www.el-pan-alegre.org\\\/wordpress\\\/wp-content\\\/uploads\\\/2023\\\/02\\\/2023-TITELBILD_VIDEOGRUSS-ALEMANIA-1-1024x576.jpg\",\"datePublished\":\"2023-02-27T22:07:38+00:00\",\"dateModified\":\"2025-01-10T20:49:28+00:00\",\"author\":{\"@id\":\"https:\\\/\\\/www.el-pan-alegre.org\\\/wordpress\\\/#\\\/schema\\\/person\\\/39b853679289f55293e37b53abdfb35e\"},\"breadcrumb\":{\"@id\":\"https:\\\/\\\/www.el-pan-alegre.org\\\/wordpress\\\/2809-muy-bienvenidxs-herzlich-willkommen-in-havanna\\\/#breadcrumb\"},\"inLanguage\":\"de\",\"potentialAction\":[{\"@type\":\"ReadAction\",\"target\":[\"https:\\\/\\\/www.el-pan-alegre.org\\\/wordpress\\\/2809-muy-bienvenidxs-herzlich-willkommen-in-havanna\\\/\"]}]},{\"@type\":\"ImageObject\",\"inLanguage\":\"de\",\"@id\":\"https:\\\/\\\/www.el-pan-alegre.org\\\/wordpress\\\/2809-muy-bienvenidxs-herzlich-willkommen-in-havanna\\\/#primaryimage\",\"url\":\"https:\\\/\\\/www.el-pan-alegre.org\\\/wordpress\\\/wp-content\\\/uploads\\\/2023\\\/02\\\/2023-TITELBILD_VIDEOGRUSS-ALEMANIA-1.jpg\",\"contentUrl\":\"https:\\\/\\\/www.el-pan-alegre.org\\\/wordpress\\\/wp-content\\\/uploads\\\/2023\\\/02\\\/2023-TITELBILD_VIDEOGRUSS-ALEMANIA-1.jpg\",\"width\":1578,\"height\":888},{\"@type\":\"BreadcrumbList\",\"@id\":\"https:\\\/\\\/www.el-pan-alegre.org\\\/wordpress\\\/2809-muy-bienvenidxs-herzlich-willkommen-in-havanna\\\/#breadcrumb\",\"itemListElement\":[{\"@type\":\"ListItem\",\"position\":1,\"name\":\"Home\",\"item\":\"https:\\\/\\\/www.el-pan-alegre.org\\\/wordpress\\\/\"},{\"@type\":\"ListItem\",\"position\":2,\"name\":\"\u00a1\u00a1Muy bienvenidxs \\\/ Herzlich willkommen in Havanna!!\"}]},{\"@type\":\"WebSite\",\"@id\":\"https:\\\/\\\/www.el-pan-alegre.org\\\/wordpress\\\/#website\",\"url\":\"https:\\\/\\\/www.el-pan-alegre.org\\\/wordpress\\\/\",\"name\":\"El Pan Alegre\",\"description\":\"Das Fr\u00f6hliche Brot\",\"potentialAction\":[{\"@type\":\"SearchAction\",\"target\":{\"@type\":\"EntryPoint\",\"urlTemplate\":\"https:\\\/\\\/www.el-pan-alegre.org\\\/wordpress\\\/?s={search_term_string}\"},\"query-input\":{\"@type\":\"PropertyValueSpecification\",\"valueRequired\":true,\"valueName\":\"search_term_string\"}}],\"inLanguage\":\"de\"},{\"@type\":\"Person\",\"@id\":\"https:\\\/\\\/www.el-pan-alegre.org\\\/wordpress\\\/#\\\/schema\\\/person\\\/39b853679289f55293e37b53abdfb35e\",\"name\":\"Madeleine Porr\",\"image\":{\"@type\":\"ImageObject\",\"inLanguage\":\"de\",\"@id\":\"https:\\\/\\\/secure.gravatar.com\\\/avatar\\\/220f262381e6da1a53e3f4626f455dc2c5f03e3a01d49b4ee64a83051cd54bb1?s=96&d=identicon&r=g\",\"url\":\"https:\\\/\\\/secure.gravatar.com\\\/avatar\\\/220f262381e6da1a53e3f4626f455dc2c5f03e3a01d49b4ee64a83051cd54bb1?s=96&d=identicon&r=g\",\"contentUrl\":\"https:\\\/\\\/secure.gravatar.com\\\/avatar\\\/220f262381e6da1a53e3f4626f455dc2c5f03e3a01d49b4ee64a83051cd54bb1?s=96&d=identicon&r=g\",\"caption\":\"Madeleine Porr\"},\"url\":\"https:\\\/\\\/www.el-pan-alegre.org\\\/wordpress\\\/author\\\/madeleine\\\/\"}]}<\/script>\n<!-- \/ Yoast SEO plugin. -->","yoast_head_json":{"title":"\u00a1\u00a1Muy bienvenidxs \/ Herzlich willkommen in Havanna!! - El Pan Alegre","robots":{"index":"index","follow":"follow","max-snippet":"max-snippet:-1","max-image-preview":"max-image-preview:large","max-video-preview":"max-video-preview:-1"},"canonical":"https:\/\/www.el-pan-alegre.org\/wordpress\/2809-muy-bienvenidxs-herzlich-willkommen-in-havanna\/","og_locale":"de_DE","og_type":"article","og_title":"\u00a1\u00a1Muy bienvenidxs \/ Herzlich willkommen in Havanna!! - El Pan Alegre","og_description":"Nachhaltige Entwicklung f\u00e4llt nicht vom Himmel und kann auch nicht amtlich verordnet werden. Es sind die vielen kleinen und gro\u00dfen t\u00e4glichen Aktivit\u00e4ten in allen gesellschaftlichen Bereichen, die idealerweise gleich um die Ecke erlebbar sein m\u00fcssen und erst dann \u2013 wie der stete Tropfen \u2013 ihre transformatorische Wirkung entfalten k\u00f6nnen. Good-practice-Beispiele zeigen, wie wir auch aus der Ferne aktiv sein k\u00f6nnen. En Buenas Manos e.V. und EcoMujer e.V. sowie unsere Netzwerke haben sich jetzt zusammengetan, um wirkm\u00e4chtiger f\u00fcr unsere Partner*innen an anderen Pl\u00e4tzen der Erde zu werden. Weiterlesen &rarr;","og_url":"https:\/\/www.el-pan-alegre.org\/wordpress\/2809-muy-bienvenidxs-herzlich-willkommen-in-havanna\/","og_site_name":"El Pan Alegre","article_published_time":"2023-02-27T22:07:38+00:00","article_modified_time":"2025-01-10T20:49:28+00:00","og_image":[{"url":"https:\/\/www.el-pan-alegre.org\/wordpress\/wp-content\/uploads\/2023\/02\/2023-TITELBILD_VIDEOGRUSS-ALEMANIA-1-1024x576.jpg","type":"","width":"","height":""}],"author":"Madeleine Porr","twitter_card":"summary_large_image","twitter_misc":{"Verfasst von":"Madeleine Porr","Gesch\u00e4tzte Lesezeit":"2\u00a0Minuten"},"schema":{"@context":"https:\/\/schema.org","@graph":[{"@type":"Article","@id":"https:\/\/www.el-pan-alegre.org\/wordpress\/2809-muy-bienvenidxs-herzlich-willkommen-in-havanna\/#article","isPartOf":{"@id":"https:\/\/www.el-pan-alegre.org\/wordpress\/2809-muy-bienvenidxs-herzlich-willkommen-in-havanna\/"},"author":{"name":"Madeleine Porr","@id":"https:\/\/www.el-pan-alegre.org\/wordpress\/#\/schema\/person\/39b853679289f55293e37b53abdfb35e"},"headline":"\u00a1\u00a1Muy bienvenidxs \/ Herzlich willkommen in Havanna!!","datePublished":"2023-02-27T22:07:38+00:00","dateModified":"2025-01-10T20:49:28+00:00","mainEntityOfPage":{"@id":"https:\/\/www.el-pan-alegre.org\/wordpress\/2809-muy-bienvenidxs-herzlich-willkommen-in-havanna\/"},"wordCount":242,"image":{"@id":"https:\/\/www.el-pan-alegre.org\/wordpress\/2809-muy-bienvenidxs-herzlich-willkommen-in-havanna\/#primaryimage"},"thumbnailUrl":"https:\/\/www.el-pan-alegre.org\/wordpress\/wp-content\/uploads\/2023\/02\/2023-TITELBILD_VIDEOGRUSS-ALEMANIA-1-1024x576.jpg","keywords":["Colectivo EcoAldea Bosque de Agua","En Buenas Manos e. V.","Mar\u00eda del Carmen Dom\u00ednguez","Nuria Costa Leonardo","Transformation"],"articleSection":{"1":"Bildung f\u00fcr nachhaltige Entwicklung (BNE)","2":"Buen Vivir","3":"Cuba","4":"EcoMujer","5":"Econom\u00eda solidaria","6":"Energie","7":"Film","8":"Fotos","9":"Gender","10":"Information","11":"Kolloquium","12":"Kommunikation","13":"Mexiko","14":"\u00d6ffentlichkeitsarbeit","15":"SDG - Nachhaltigkeitsziele","16":"Veranstaltung","17":"Verein","18":"Zukunftskolloquium"},"inLanguage":"de"},{"@type":"WebPage","@id":"https:\/\/www.el-pan-alegre.org\/wordpress\/2809-muy-bienvenidxs-herzlich-willkommen-in-havanna\/","url":"https:\/\/www.el-pan-alegre.org\/wordpress\/2809-muy-bienvenidxs-herzlich-willkommen-in-havanna\/","name":"\u00a1\u00a1Muy bienvenidxs \/ Herzlich willkommen in Havanna!! - El Pan Alegre","isPartOf":{"@id":"https:\/\/www.el-pan-alegre.org\/wordpress\/#website"},"primaryImageOfPage":{"@id":"https:\/\/www.el-pan-alegre.org\/wordpress\/2809-muy-bienvenidxs-herzlich-willkommen-in-havanna\/#primaryimage"},"image":{"@id":"https:\/\/www.el-pan-alegre.org\/wordpress\/2809-muy-bienvenidxs-herzlich-willkommen-in-havanna\/#primaryimage"},"thumbnailUrl":"https:\/\/www.el-pan-alegre.org\/wordpress\/wp-content\/uploads\/2023\/02\/2023-TITELBILD_VIDEOGRUSS-ALEMANIA-1-1024x576.jpg","datePublished":"2023-02-27T22:07:38+00:00","dateModified":"2025-01-10T20:49:28+00:00","author":{"@id":"https:\/\/www.el-pan-alegre.org\/wordpress\/#\/schema\/person\/39b853679289f55293e37b53abdfb35e"},"breadcrumb":{"@id":"https:\/\/www.el-pan-alegre.org\/wordpress\/2809-muy-bienvenidxs-herzlich-willkommen-in-havanna\/#breadcrumb"},"inLanguage":"de","potentialAction":[{"@type":"ReadAction","target":["https:\/\/www.el-pan-alegre.org\/wordpress\/2809-muy-bienvenidxs-herzlich-willkommen-in-havanna\/"]}]},{"@type":"ImageObject","inLanguage":"de","@id":"https:\/\/www.el-pan-alegre.org\/wordpress\/2809-muy-bienvenidxs-herzlich-willkommen-in-havanna\/#primaryimage","url":"https:\/\/www.el-pan-alegre.org\/wordpress\/wp-content\/uploads\/2023\/02\/2023-TITELBILD_VIDEOGRUSS-ALEMANIA-1.jpg","contentUrl":"https:\/\/www.el-pan-alegre.org\/wordpress\/wp-content\/uploads\/2023\/02\/2023-TITELBILD_VIDEOGRUSS-ALEMANIA-1.jpg","width":1578,"height":888},{"@type":"BreadcrumbList","@id":"https:\/\/www.el-pan-alegre.org\/wordpress\/2809-muy-bienvenidxs-herzlich-willkommen-in-havanna\/#breadcrumb","itemListElement":[{"@type":"ListItem","position":1,"name":"Home","item":"https:\/\/www.el-pan-alegre.org\/wordpress\/"},{"@type":"ListItem","position":2,"name":"\u00a1\u00a1Muy bienvenidxs \/ Herzlich willkommen in Havanna!!"}]},{"@type":"WebSite","@id":"https:\/\/www.el-pan-alegre.org\/wordpress\/#website","url":"https:\/\/www.el-pan-alegre.org\/wordpress\/","name":"El Pan Alegre","description":"Das Fr\u00f6hliche Brot","potentialAction":[{"@type":"SearchAction","target":{"@type":"EntryPoint","urlTemplate":"https:\/\/www.el-pan-alegre.org\/wordpress\/?s={search_term_string}"},"query-input":{"@type":"PropertyValueSpecification","valueRequired":true,"valueName":"search_term_string"}}],"inLanguage":"de"},{"@type":"Person","@id":"https:\/\/www.el-pan-alegre.org\/wordpress\/#\/schema\/person\/39b853679289f55293e37b53abdfb35e","name":"Madeleine Porr","image":{"@type":"ImageObject","inLanguage":"de","@id":"https:\/\/secure.gravatar.com\/avatar\/220f262381e6da1a53e3f4626f455dc2c5f03e3a01d49b4ee64a83051cd54bb1?s=96&d=identicon&r=g","url":"https:\/\/secure.gravatar.com\/avatar\/220f262381e6da1a53e3f4626f455dc2c5f03e3a01d49b4ee64a83051cd54bb1?s=96&d=identicon&r=g","contentUrl":"https:\/\/secure.gravatar.com\/avatar\/220f262381e6da1a53e3f4626f455dc2c5f03e3a01d49b4ee64a83051cd54bb1?s=96&d=identicon&r=g","caption":"Madeleine Porr"},"url":"https:\/\/www.el-pan-alegre.org\/wordpress\/author\/madeleine\/"}]}},"jetpack_publicize_connections":[],"jetpack_featured_media_url":"","jetpack_sharing_enabled":true,"jetpack_shortlink":"https:\/\/wp.me\/p62TDh-Jj","jetpack-related-posts":[{"id":2623,"url":"https:\/\/www.el-pan-alegre.org\/wordpress\/2623-1-milliarde-euro-fuer-die-zukunftsbildung\/","url_meta":{"origin":2809,"position":0},"title":"1 MILLIARDE EURO f\u00fcr die Zukunftsbildung!","author":"Madeleine Porr","date":"26. August 2021","format":false,"excerpt":"Quelle: pixabay; Collage: M. Porr Heute ist die Petition gestartet, die die Au\u00dferschulischen Aktiven in der Bildung f\u00fcr Nachhaltige Entwicklung dabei unterst\u00fctzen will, sich aus der Abh\u00e4ngigkeit vom JobCenter, von mageren F\u00f6rderprogrammen und von prek\u00e4ren Honoraren zu befreien und statt dessen eine dauerhaft-stabile berufliche Basis aufzubauen. * * * Bitte\u2026","rel":"","context":"In &quot;Allgemein&quot;","block_context":{"text":"Allgemein","link":"https:\/\/www.el-pan-alegre.org\/wordpress\/kategorie\/allgemein\/"},"img":{"alt_text":"","src":"https:\/\/i0.wp.com\/www.el-pan-alegre.org\/wordpress\/wp-content\/uploads\/2021\/08\/Petitionsbild_final.jpg?resize=350%2C200&ssl=1","width":350,"height":200,"srcset":"https:\/\/i0.wp.com\/www.el-pan-alegre.org\/wordpress\/wp-content\/uploads\/2021\/08\/Petitionsbild_final.jpg?resize=350%2C200&ssl=1 1x, https:\/\/i0.wp.com\/www.el-pan-alegre.org\/wordpress\/wp-content\/uploads\/2021\/08\/Petitionsbild_final.jpg?resize=525%2C300&ssl=1 1.5x, https:\/\/i0.wp.com\/www.el-pan-alegre.org\/wordpress\/wp-content\/uploads\/2021\/08\/Petitionsbild_final.jpg?resize=700%2C400&ssl=1 2x, https:\/\/i0.wp.com\/www.el-pan-alegre.org\/wordpress\/wp-content\/uploads\/2021\/08\/Petitionsbild_final.jpg?resize=1050%2C600&ssl=1 3x, https:\/\/i0.wp.com\/www.el-pan-alegre.org\/wordpress\/wp-content\/uploads\/2021\/08\/Petitionsbild_final.jpg?resize=1400%2C800&ssl=1 4x"},"classes":[]},{"id":2683,"url":"https:\/\/www.el-pan-alegre.org\/wordpress\/2683-zeitenwende-auch-fuer-die-bildungspolitik-der-zukunftsfonds\/","url_meta":{"origin":2809,"position":1},"title":"Zeitenwende (auch) f\u00fcr die Bildungspolitik: der\u00a0ZUKUNFTSFONDS","author":"Madeleine Porr","date":"26. April 2022","format":false,"excerpt":"Auf allen Ebenen wird der Druck sp\u00fcrbarer und werden die Stimmen lauter & nachdr\u00fccklicher: DAS BILDUNGSSYSTEM MUSS ZUKUNFTSF\u00c4HIG WERDEN! \u2013 Der 1-Mrd.-\u20ac-Zukunftsfonds gibt dazu die Initialz\u00fcndung. So schnell, wie es gebraucht wird, ist das staatliche Bildungssystem nicht reformierbar (trotz wunderbarer Intitiativen wie Schule im Aufbruch u.a., siehe auch der letzte\u2026","rel":"","context":"In &quot;Allgemein&quot;","block_context":{"text":"Allgemein","link":"https:\/\/www.el-pan-alegre.org\/wordpress\/kategorie\/allgemein\/"},"img":{"alt_text":"","src":"https:\/\/i0.wp.com\/www.el-pan-alegre.org\/wordpress\/wp-content\/uploads\/2022\/04\/Petitionsbild2.jpg?resize=350%2C200&ssl=1","width":350,"height":200,"srcset":"https:\/\/i0.wp.com\/www.el-pan-alegre.org\/wordpress\/wp-content\/uploads\/2022\/04\/Petitionsbild2.jpg?resize=350%2C200&ssl=1 1x, https:\/\/i0.wp.com\/www.el-pan-alegre.org\/wordpress\/wp-content\/uploads\/2022\/04\/Petitionsbild2.jpg?resize=525%2C300&ssl=1 1.5x, https:\/\/i0.wp.com\/www.el-pan-alegre.org\/wordpress\/wp-content\/uploads\/2022\/04\/Petitionsbild2.jpg?resize=700%2C400&ssl=1 2x, https:\/\/i0.wp.com\/www.el-pan-alegre.org\/wordpress\/wp-content\/uploads\/2022\/04\/Petitionsbild2.jpg?resize=1050%2C600&ssl=1 3x, https:\/\/i0.wp.com\/www.el-pan-alegre.org\/wordpress\/wp-content\/uploads\/2022\/04\/Petitionsbild2.jpg?resize=1400%2C800&ssl=1 4x"},"classes":[]},{"id":2387,"url":"https:\/\/www.el-pan-alegre.org\/wordpress\/2387-fuer-die-zukunft-bilden-bne-esd-2030\/","url_meta":{"origin":2809,"position":2},"title":"F\u00fcr die Zukunft bilden: BNE\/ESD 2030","author":"Madeleine Porr","date":"25. Mai 2020","format":false,"excerpt":"Was auf den ersten Blick wie ein neuer Virusname aussieht, hat ungebrochen das Potenzial, die Welt zu ver\u00e4ndern: Bildung f\u00fcr Nachhaltige Entwicklung (BNE). 2020 ist das UN-Programm \u201eESD for 2030\u201c gestartet.","rel":"","context":"In &quot;Allgemein&quot;","block_context":{"text":"Allgemein","link":"https:\/\/www.el-pan-alegre.org\/wordpress\/kategorie\/allgemein\/"},"img":{"alt_text":"","src":"https:\/\/i0.wp.com\/www.el-pan-alegre.org\/wordpress\/wp-content\/uploads\/2020\/05\/tim-mossholder-WE_Kv_ZB1l0-unsplash_WEB-1.jpg?resize=350%2C200&ssl=1","width":350,"height":200,"srcset":"https:\/\/i0.wp.com\/www.el-pan-alegre.org\/wordpress\/wp-content\/uploads\/2020\/05\/tim-mossholder-WE_Kv_ZB1l0-unsplash_WEB-1.jpg?resize=350%2C200&ssl=1 1x, https:\/\/i0.wp.com\/www.el-pan-alegre.org\/wordpress\/wp-content\/uploads\/2020\/05\/tim-mossholder-WE_Kv_ZB1l0-unsplash_WEB-1.jpg?resize=525%2C300&ssl=1 1.5x"},"classes":[]},{"id":1611,"url":"https:\/\/www.el-pan-alegre.org\/wordpress\/1611-der-amaranth-auf-der-iga-2017\/","url_meta":{"origin":2809,"position":3},"title":"Der Amaranth auf der IGA 2017","author":"Madeleine Porr","date":"3. Oktober 2017","format":false,"excerpt":"Amaranth war \u00fcberall auf der IGA 2017: Ob gleich am Haupteingang oder entlang aller gro\u00dfen Wege - er lachte den BesucherInnen in den verschiedensten Farben und Formen entgegen ... \u00a0\u00a0 \u00a0 \u00a0 \u00a0 So traf es sich wunderbar, dass auf dem IGA-Campus, zentral am Zugang zu den G\u00e4rten der Welt\u2026","rel":"","context":"In &quot;Amaranth&quot;","block_context":{"text":"Amaranth","link":"https:\/\/www.el-pan-alegre.org\/wordpress\/kategorie\/amaranth\/"},"img":{"alt_text":"","src":"https:\/\/i0.wp.com\/www.el-pan-alegre.org\/wordpress\/wp-content\/uploads\/2017\/10\/01-Ankuendigung-300x282.jpg?resize=350%2C200","width":350,"height":200},"classes":[]},{"id":2209,"url":"https:\/\/www.el-pan-alegre.org\/wordpress\/2209-das-amaranth-workshopkonzept\/","url_meta":{"origin":2809,"position":4},"title":"Das Amaranth-Bildungskonzept","author":"Madeleine Porr","date":"14. September 2019","format":false,"excerpt":"Pr\u00e4sentation eines mehrfach ausgezeichneten Bildungskonzepts","rel":"","context":"In &quot;Allgemein&quot;","block_context":{"text":"Allgemein","link":"https:\/\/www.el-pan-alegre.org\/wordpress\/kategorie\/allgemein\/"},"img":{"alt_text":"","src":"https:\/\/i0.wp.com\/www.el-pan-alegre.org\/wordpress\/wp-content\/uploads\/2019\/09\/Amaranth_BNE-Konzept-Titel.jpg?resize=350%2C200&ssl=1","width":350,"height":200,"srcset":"https:\/\/i0.wp.com\/www.el-pan-alegre.org\/wordpress\/wp-content\/uploads\/2019\/09\/Amaranth_BNE-Konzept-Titel.jpg?resize=350%2C200&ssl=1 1x, https:\/\/i0.wp.com\/www.el-pan-alegre.org\/wordpress\/wp-content\/uploads\/2019\/09\/Amaranth_BNE-Konzept-Titel.jpg?resize=525%2C300&ssl=1 1.5x, https:\/\/i0.wp.com\/www.el-pan-alegre.org\/wordpress\/wp-content\/uploads\/2019\/09\/Amaranth_BNE-Konzept-Titel.jpg?resize=700%2C400&ssl=1 2x, https:\/\/i0.wp.com\/www.el-pan-alegre.org\/wordpress\/wp-content\/uploads\/2019\/09\/Amaranth_BNE-Konzept-Titel.jpg?resize=1050%2C600&ssl=1 3x, https:\/\/i0.wp.com\/www.el-pan-alegre.org\/wordpress\/wp-content\/uploads\/2019\/09\/Amaranth_BNE-Konzept-Titel.jpg?resize=1400%2C800&ssl=1 4x"},"classes":[]},{"id":79,"url":"https:\/\/www.el-pan-alegre.org\/wordpress\/79-el-pan-alegre-ist-werkstatt-n-projekt-2011-auszeichnung-durch-den-deutschen-rat-fuer-nachhaltige-entwicklung\/","url_meta":{"origin":2809,"position":5},"title":"EL PAN ALEGRE ist Werkstatt-N-Projekt 2011: Auszeichnung durch den Deutschen Rat f\u00fcr Nachhaltige Entwicklung","author":"Anja Mocker","date":"18. Oktober 2010","format":false,"excerpt":"von Madeleine Porr \"Seien wir optimistisch, couragiert und offensiv! ... So kommen wir auf die H\u00f6he der Zeit!\" Hermann Scheers Worte werden \u00fcberall auf der Erde noch viele Generationen lang nachklingen, \u00fcber seine B\u00fccher (wie \"Energieautonomie\", 2005, oder \"Der energETHISCHE Imperativ\", 2010) genauso wie \u00fcber Filme mit ihm (z.B. \"Die\u2026","rel":"","context":"In &quot;Auszeichnung&quot;","block_context":{"text":"Auszeichnung","link":"https:\/\/www.el-pan-alegre.org\/wordpress\/kategorie\/auszeichnung\/"},"img":{"alt_text":"","src":"https:\/\/i0.wp.com\/www.el-pan-alegre.org\/wordpress\/wp-content\/uploads\/2010\/10\/logo_EPA.jpg?resize=350%2C200&ssl=1","width":350,"height":200,"srcset":"https:\/\/i0.wp.com\/www.el-pan-alegre.org\/wordpress\/wp-content\/uploads\/2010\/10\/logo_EPA.jpg?resize=350%2C200&ssl=1 1x, https:\/\/i0.wp.com\/www.el-pan-alegre.org\/wordpress\/wp-content\/uploads\/2010\/10\/logo_EPA.jpg?resize=525%2C300&ssl=1 1.5x"},"classes":[]}],"_links":{"self":[{"href":"https:\/\/www.el-pan-alegre.org\/wordpress\/wp-json\/wp\/v2\/posts\/2809","targetHints":{"allow":["GET"]}}],"collection":[{"href":"https:\/\/www.el-pan-alegre.org\/wordpress\/wp-json\/wp\/v2\/posts"}],"about":[{"href":"https:\/\/www.el-pan-alegre.org\/wordpress\/wp-json\/wp\/v2\/types\/post"}],"author":[{"embeddable":true,"href":"https:\/\/www.el-pan-alegre.org\/wordpress\/wp-json\/wp\/v2\/users\/2"}],"replies":[{"embeddable":true,"href":"https:\/\/www.el-pan-alegre.org\/wordpress\/wp-json\/wp\/v2\/comments?post=2809"}],"version-history":[{"count":35,"href":"https:\/\/www.el-pan-alegre.org\/wordpress\/wp-json\/wp\/v2\/posts\/2809\/revisions"}],"predecessor-version":[{"id":3109,"href":"https:\/\/www.el-pan-alegre.org\/wordpress\/wp-json\/wp\/v2\/posts\/2809\/revisions\/3109"}],"wp:attachment":[{"href":"https:\/\/www.el-pan-alegre.org\/wordpress\/wp-json\/wp\/v2\/media?parent=2809"}],"wp:term":[{"taxonomy":"category","embeddable":true,"href":"https:\/\/www.el-pan-alegre.org\/wordpress\/wp-json\/wp\/v2\/categories?post=2809"},{"taxonomy":"post_tag","embeddable":true,"href":"https:\/\/www.el-pan-alegre.org\/wordpress\/wp-json\/wp\/v2\/tags?post=2809"}],"curies":[{"name":"wp","href":"https:\/\/api.w.org\/{rel}","templated":true}]}}