{"id":2728,"date":"2022-09-30T12:04:58","date_gmt":"2022-09-30T10:04:58","guid":{"rendered":"https:\/\/www.el-pan-alegre.org\/wordpress\/?p=2728"},"modified":"2022-10-02T21:12:03","modified_gmt":"2022-10-02T19:12:03","slug":"wonne-workshop-wochenende","status":"publish","type":"post","link":"https:\/\/www.el-pan-alegre.org\/wordpress\/2728-wonne-workshop-wochenende\/","title":{"rendered":"Wonne-Workshop-Wochenende :-)"},"content":{"rendered":"\n<figure class=\"wp-block-image size-large\"><a href=\"https:\/\/www.el-pan-alegre.org\/wordpress\/wp-content\/uploads\/2022\/09\/2022_09_17-18.-Ankuendigung.jpg\"><img loading=\"lazy\" decoding=\"async\" width=\"1024\" height=\"758\" src=\"https:\/\/www.el-pan-alegre.org\/wordpress\/wp-content\/uploads\/2022\/09\/2022_09_17-18.-Ankuendigung-1024x758.jpg\" alt=\"\" class=\"wp-image-2731\" srcset=\"https:\/\/www.el-pan-alegre.org\/wordpress\/wp-content\/uploads\/2022\/09\/2022_09_17-18.-Ankuendigung-1024x758.jpg 1024w, https:\/\/www.el-pan-alegre.org\/wordpress\/wp-content\/uploads\/2022\/09\/2022_09_17-18.-Ankuendigung-300x222.jpg 300w, https:\/\/www.el-pan-alegre.org\/wordpress\/wp-content\/uploads\/2022\/09\/2022_09_17-18.-Ankuendigung-768x569.jpg 768w, https:\/\/www.el-pan-alegre.org\/wordpress\/wp-content\/uploads\/2022\/09\/2022_09_17-18.-Ankuendigung-405x300.jpg 405w, https:\/\/www.el-pan-alegre.org\/wordpress\/wp-content\/uploads\/2022\/09\/2022_09_17-18.-Ankuendigung.jpg 1299w\" sizes=\"auto, (max-width: 1024px) 100vw, 1024px\" \/><\/a><figcaption>Screenshots: A. Mocker<\/figcaption><\/figure>\n\n\n\n<p>Lustvolle gesunde Ern\u00e4hrung f\u00e4ngt bei den Kleinsten an! <\/p>\n\n\n\n<p>Und so wurde auch an diesem Workshop-Wochenende wieder viel <a href=\"https:\/\/www.el-pan-alegre.org\/wordpress\/wissen\/themen\/amaranth\/\" target=\"_blank\" rel=\"noreferrer noopener\">Amaranth<\/a>-Leckeres produziert und dabei gr\u00fcndlich nachgedacht \u00fcber unsere Ern\u00e4hrungs-Denkmuster und das eigene Verhalten mit all seinen Auswirkungen:<\/p>\n\n\n\n<ul class=\"wp-block-list\"><li>auf den eigenen K\u00f6rper und seine Gesundheit<\/li><li>auf den eigenen Geldbeutel sowie <\/li><li>auf das Leben anderer und <\/li><li>auf die Ressourcen der Erde. <\/li><\/ul>\n\n\n\n<figure class=\"wp-block-image size-large is-resized\"><a href=\"https:\/\/www.el-pan-alegre.org\/wordpress\/wp-content\/uploads\/2022\/09\/2022_09_17.-VA5.jpg\"><img loading=\"lazy\" decoding=\"async\" src=\"https:\/\/www.el-pan-alegre.org\/wordpress\/wp-content\/uploads\/2022\/09\/2022_09_17.-VA5-1024x1024.jpg\" alt=\"\" class=\"wp-image-2749\" width=\"583\" height=\"583\" srcset=\"https:\/\/www.el-pan-alegre.org\/wordpress\/wp-content\/uploads\/2022\/09\/2022_09_17.-VA5-1024x1024.jpg 1024w, https:\/\/www.el-pan-alegre.org\/wordpress\/wp-content\/uploads\/2022\/09\/2022_09_17.-VA5-300x300.jpg 300w, https:\/\/www.el-pan-alegre.org\/wordpress\/wp-content\/uploads\/2022\/09\/2022_09_17.-VA5-150x150.jpg 150w, https:\/\/www.el-pan-alegre.org\/wordpress\/wp-content\/uploads\/2022\/09\/2022_09_17.-VA5-768x768.jpg 768w, https:\/\/www.el-pan-alegre.org\/wordpress\/wp-content\/uploads\/2022\/09\/2022_09_17.-VA5.jpg 1200w\" sizes=\"auto, (max-width: 583px) 100vw, 583px\" \/><\/a><figcaption>Foto: En Buenas Manos e. V.<\/figcaption><\/figure>\n\n\n\n<p>An die 70 kleine und gro\u00dfe Menschen waren diesmal bei uns zu Gast und haben diese hochwertige Alternative zum Eiwei\u00dflieferanten Fleisch mit ihren vielf\u00e4ltigen Verwendungsm\u00f6glichkeiten kennengelernt. Sehr \u00fcberzeugend war dabei nat\u00fcrlich auch wieder die ALEGR\u00cdA \ud83d\ude09, die kraftvoll-gesunde &#8222;fr\u00f6hliche&#8220; S\u00fc\u00dfigkeit aus Amaranth-Poppkorn und Honig, die die Kinder selbst herstellen konnten (s. auch <a href=\"https:\/\/www.el-pan-alegre.org\/Rezepte.pdf\"><em>Rezepte, S. 23<\/em><\/a>).<\/p>\n\n\n\n<!--more-->\n\n\n\n<p>Dazu haben die kleinen G\u00e4ste ganze 2 T\u00fcten Poppkorn vernascht (die T\u00fcten gibt&#8217;s \u00fcbrigens f\u00fcr wenig Geld in jedem Drogeriemarkt). Sogar eine ganze Wohngruppe (6 Kids im Alter von 4-12 Jahren) war mit ihrer Betreuerin dabei. Es war toll, wie begeistert sie alle mit der Handm\u00fchle Amaranth-Mehl gemahlen und jede Menge ALEGR\u00cdA fabriziert haben!! <\/p>\n\n\n\n<p>Wie spannend f\u00fcr Kinder nicht nur all die genialen Eigenschaften dieser winzig kleinen und doch so b\u00e4renstarken K\u00f6rnchen sind, sondern auch die <a href=\"http:\/\/www.amaranth-infos.de\/geschichte.html\" target=\"_blank\" rel=\"noreferrer noopener\">Geschichte dieser au\u00dfergew\u00f6hnlichen Pflanze<\/a><strong><mark style=\"background-color:#1982d1\" class=\"has-inline-color\"><\/mark><\/strong>, merken wir \u00fcbrigens auch immer wieder daran, wie schnell unsere Quizzettel ausgef\u00fcllt werden \ud83d\ude42 &#8230; <strong><mark style=\"background-color:#1982d1\" class=\"has-inline-color\"><\/mark><\/strong><\/p>\n\n\n\n<figure class=\"wp-block-image size-large is-resized\"><a href=\"https:\/\/www.el-pan-alegre.org\/wordpress\/wp-content\/uploads\/2022\/09\/2022_09_17.-VA2-Amaranthpflanze-2.jpg\"><img loading=\"lazy\" decoding=\"async\" src=\"https:\/\/www.el-pan-alegre.org\/wordpress\/wp-content\/uploads\/2022\/09\/2022_09_17.-VA2-Amaranthpflanze-2-1024x1024.jpg\" alt=\"\" class=\"wp-image-2751\" width=\"596\" height=\"596\" srcset=\"https:\/\/www.el-pan-alegre.org\/wordpress\/wp-content\/uploads\/2022\/09\/2022_09_17.-VA2-Amaranthpflanze-2-1024x1024.jpg 1024w, https:\/\/www.el-pan-alegre.org\/wordpress\/wp-content\/uploads\/2022\/09\/2022_09_17.-VA2-Amaranthpflanze-2-300x300.jpg 300w, https:\/\/www.el-pan-alegre.org\/wordpress\/wp-content\/uploads\/2022\/09\/2022_09_17.-VA2-Amaranthpflanze-2-150x150.jpg 150w, https:\/\/www.el-pan-alegre.org\/wordpress\/wp-content\/uploads\/2022\/09\/2022_09_17.-VA2-Amaranthpflanze-2-768x768.jpg 768w, https:\/\/www.el-pan-alegre.org\/wordpress\/wp-content\/uploads\/2022\/09\/2022_09_17.-VA2-Amaranthpflanze-2.jpg 1200w\" sizes=\"auto, (max-width: 596px) 100vw, 596px\" \/><\/a><figcaption>Foto: En Buenas Manos e. V.<\/figcaption><\/figure>\n\n\n\n<p>Aber auch &#8222;die Gro\u00dfen&#8220; waren fasziniert. Einige unserer G\u00e4ste aus dem Iran und S\u00fcdosteuropa haben im Amaranth staunend eine Pflanze wiedergetroffen, die sie in ihrer Heimat bisher immer aus den G\u00e4rten entfernt oder an die Schweine verf\u00fcttert haben.<\/p>\n\n\n\n<p class=\"has-text-align-center\">* * *<\/p>\n\n\n\n<p>Also wir fanden das Wochenende im <a href=\"https:\/\/www.campus-stadt-natur.berlin\/parks-erfahrungsraeume\/kienbergpark\/umweltbildungszentrum-kienbergpark\/\" target=\"_blank\" rel=\"noreferrer noopener\">UBZ Kienbergpark<\/a> wieder herrlich!! Es hat richtig viel Spa\u00df gemacht und war ganz erf\u00fcllend &#8211; wir freuen uns jetzt schon auf das n\u00e4chste Mal hier!!! <\/p>\n\n\n\n<p class=\"has-light-gray-background-color has-background\">Und bis dahin: <strong>St\u00e4rkt Euch mit dem kraftvollen Amaranth<\/strong> f\u00fcr den Winter und holt Euch dazu mit der S\u00fc\u00dfigkeit ALEGR\u00cdA eine fr\u00f6hliche und starke Begleiterin an Eure Seite!!<\/p>\n\n\n\n<figure class=\"wp-block-image size-large is-resized\"><a href=\"https:\/\/www.el-pan-alegre.org\/wordpress\/wp-content\/uploads\/2022\/09\/Anja-Monika-2.jpg\"><img loading=\"lazy\" decoding=\"async\" src=\"https:\/\/www.el-pan-alegre.org\/wordpress\/wp-content\/uploads\/2022\/09\/Anja-Monika-2-1024x895.jpg\" alt=\"\" class=\"wp-image-2752\" width=\"597\" height=\"521\" srcset=\"https:\/\/www.el-pan-alegre.org\/wordpress\/wp-content\/uploads\/2022\/09\/Anja-Monika-2-1024x895.jpg 1024w, https:\/\/www.el-pan-alegre.org\/wordpress\/wp-content\/uploads\/2022\/09\/Anja-Monika-2-300x262.jpg 300w, https:\/\/www.el-pan-alegre.org\/wordpress\/wp-content\/uploads\/2022\/09\/Anja-Monika-2-768x671.jpg 768w, https:\/\/www.el-pan-alegre.org\/wordpress\/wp-content\/uploads\/2022\/09\/Anja-Monika-2-343x300.jpg 343w, https:\/\/www.el-pan-alegre.org\/wordpress\/wp-content\/uploads\/2022\/09\/Anja-Monika-2.jpg 1047w\" sizes=\"auto, (max-width: 597px) 100vw, 597px\" \/><\/a><figcaption>Foto: En Buenas Manos e. V.<\/figcaption><\/figure>\n\n\n\n<p>PS.: Ganz herzlich bedanken wir uns auch wieder bei unserem Logistik-Sponsor <a href=\"https:\/\/www.general-overnight.com\/deu_de\/unternehmen\/stationen\/berlin\/go-team-berlin.html\" target=\"_blank\" rel=\"noreferrer noopener\">GO! General Overnight Berlin<\/a>, der zwischen den verschiedenen Veranstaltungen unsere Workshopkisten mit allen Arbeitsmaterialien so sorgf\u00e4ltig unter seinem Dach aufbewahrt und sie zu den jeweiligen Terminen immer so zuverl\u00e4ssig anliefert und wieder abholt!!!<\/p>\n\n\n\n<figure class=\"wp-block-image size-full is-resized\"><a href=\"https:\/\/www.el-pan-alegre.org\/wordpress\/wp-content\/uploads\/2022\/09\/GO_General_Overnight.png\"><img loading=\"lazy\" decoding=\"async\" src=\"https:\/\/www.el-pan-alegre.org\/wordpress\/wp-content\/uploads\/2022\/09\/GO_General_Overnight.png\" alt=\"\" class=\"wp-image-2762\" width=\"115\" height=\"71\"\/><\/a><\/figure>\n","protected":false},"excerpt":{"rendered":"<p>Lustvolle gesunde Ern\u00e4hrung f\u00e4ngt bei den Kleinsten an! Und so wurde auch an diesem Workshop-Wochenende wieder viel Amaranth-Leckeres produziert und dabei gr\u00fcndlich nachgedacht \u00fcber unsere Ern\u00e4hrungs-Denkmuster und das eigene Verhalten mit all seinen Auswirkungen: auf den eigenen K\u00f6rper und seine &hellip; <a href=\"https:\/\/www.el-pan-alegre.org\/wordpress\/2728-wonne-workshop-wochenende\/\">Weiterlesen <span class=\"meta-nav\">&rarr;<\/span><\/a><\/p>\n","protected":false},"author":2,"featured_media":0,"comment_status":"closed","ping_status":"closed","sticky":false,"template":"","format":"standard","meta":{"jetpack_post_was_ever_published":false,"_jetpack_newsletter_access":"","_jetpack_dont_email_post_to_subs":false,"_jetpack_newsletter_tier_id":0,"_jetpack_memberships_contains_paywalled_content":false,"_jetpack_memberships_contains_paid_content":false,"footnotes":"","jetpack_publicize_message":"","jetpack_publicize_feature_enabled":true,"jetpack_social_post_already_shared":true,"jetpack_social_options":{"image_generator_settings":{"template":"highway","default_image_id":0,"font":"","enabled":false},"version":2}},"categories":[1,16,25,58,60,14,23,6,5,2,57,67,4],"tags":[80,96],"class_list":["post-2728","post","type-post","status-publish","format-standard","hentry","category-allgemein","category-amaranth","category-anja","category-berlin-21-e-v","category-bildung-fuer-nachhaltige-entwicklung-bne","category-energie","category-fotos","category-information","category-kommunikation","category-oeffentlichkeitsarbeit","category-sdg-nachhaltigkeitsziele","category-umweltbildungszentrum-ubz-kienbergpark","category-veranstaltung","tag-en-buenas-manos-e-v","tag-workshop"],"yoast_head":"<!-- This site is optimized with the Yoast SEO plugin v27.5 - https:\/\/yoast.com\/product\/yoast-seo-wordpress\/ -->\n<title>Wonne-Workshop-Wochenende :-) - El Pan Alegre<\/title>\n<meta name=\"robots\" content=\"index, follow, max-snippet:-1, max-image-preview:large, max-video-preview:-1\" \/>\n<link rel=\"canonical\" href=\"https:\/\/www.el-pan-alegre.org\/wordpress\/2728-wonne-workshop-wochenende\/\" \/>\n<meta property=\"og:locale\" content=\"de_DE\" \/>\n<meta property=\"og:type\" content=\"article\" \/>\n<meta property=\"og:title\" content=\"Wonne-Workshop-Wochenende :-)\" \/>\n<meta property=\"og:description\" content=\"Lustvolle gesunde Ern\u00e4hrung f\u00e4ngt bei den Kleinsten an! Und so wurde auch an diesem Workshop-Wochenende wieder viel Amaranth-Leckeres produziert und dabei gr\u00fcndlich nachgedacht \u00fcber unsere Ern\u00e4hrungs-Denkmuster und das eigene Verhalten mit all seinen Auswirkungen:auf den eigenen K\u00f6rper und seine Gesundheitauf den eigenen Geldbeutel sowie auf das Leben anderer und auf die Ressourcen der Erde.\" \/>\n<meta property=\"og:url\" content=\"https:\/\/www.el-pan-alegre.org\/wordpress\/2728-wonne-workshop-wochenende\/\" \/>\n<meta property=\"og:site_name\" content=\"El Pan Alegre\" \/>\n<meta property=\"article:published_time\" content=\"2022-09-30T10:04:58+00:00\" \/>\n<meta property=\"article:modified_time\" content=\"2022-10-02T19:12:03+00:00\" \/>\n<meta property=\"og:image\" content=\"https:\/\/www.el-pan-alegre.org\/wordpress\/wp-content\/uploads\/2022\/09\/2022_09_17-18.-Ankuendigung.jpg\" \/>\n\t<meta property=\"og:image:width\" content=\"1299\" \/>\n\t<meta property=\"og:image:height\" content=\"962\" \/>\n\t<meta property=\"og:image:type\" content=\"image\/jpeg\" \/>\n<meta name=\"author\" content=\"Madeleine Porr\" \/>\n<meta name=\"twitter:card\" content=\"summary_large_image\" \/>\n<meta name=\"twitter:label1\" content=\"Verfasst von\" \/>\n\t<meta name=\"twitter:data1\" content=\"Madeleine Porr\" \/>\n\t<meta name=\"twitter:label2\" content=\"Gesch\u00e4tzte Lesezeit\" \/>\n\t<meta name=\"twitter:data2\" content=\"4\u00a0Minuten\" \/>\n<script type=\"application\/ld+json\" class=\"yoast-schema-graph\">{\"@context\":\"https:\\\/\\\/schema.org\",\"@graph\":[{\"@type\":\"Article\",\"@id\":\"https:\\\/\\\/www.el-pan-alegre.org\\\/wordpress\\\/2728-wonne-workshop-wochenende\\\/#article\",\"isPartOf\":{\"@id\":\"https:\\\/\\\/www.el-pan-alegre.org\\\/wordpress\\\/2728-wonne-workshop-wochenende\\\/\"},\"author\":{\"name\":\"Madeleine Porr\",\"@id\":\"https:\\\/\\\/www.el-pan-alegre.org\\\/wordpress\\\/#\\\/schema\\\/person\\\/39b853679289f55293e37b53abdfb35e\"},\"headline\":\"Wonne-Workshop-Wochenende :-)\",\"datePublished\":\"2022-09-30T10:04:58+00:00\",\"dateModified\":\"2022-10-02T19:12:03+00:00\",\"mainEntityOfPage\":{\"@id\":\"https:\\\/\\\/www.el-pan-alegre.org\\\/wordpress\\\/2728-wonne-workshop-wochenende\\\/\"},\"wordCount\":403,\"image\":{\"@id\":\"https:\\\/\\\/www.el-pan-alegre.org\\\/wordpress\\\/2728-wonne-workshop-wochenende\\\/#primaryimage\"},\"thumbnailUrl\":\"https:\\\/\\\/www.el-pan-alegre.org\\\/wordpress\\\/wp-content\\\/uploads\\\/2022\\\/09\\\/2022_09_17-18.-Ankuendigung-1024x758.jpg\",\"keywords\":[\"En Buenas Manos e. V.\",\"Workshop\"],\"articleSection\":{\"1\":\"Amaranth\",\"2\":\"Anja\",\"3\":\"Berlin 21 e.V.\",\"4\":\"Bildung f\u00fcr nachhaltige Entwicklung (BNE)\",\"5\":\"Energie\",\"6\":\"Fotos\",\"7\":\"Information\",\"8\":\"Kommunikation\",\"9\":\"\u00d6ffentlichkeitsarbeit\",\"10\":\"SDG - Nachhaltigkeitsziele\",\"11\":\"Umweltbildungszentrum (UBZ) Kienbergpark\",\"12\":\"Veranstaltung\"},\"inLanguage\":\"de\"},{\"@type\":\"WebPage\",\"@id\":\"https:\\\/\\\/www.el-pan-alegre.org\\\/wordpress\\\/2728-wonne-workshop-wochenende\\\/\",\"url\":\"https:\\\/\\\/www.el-pan-alegre.org\\\/wordpress\\\/2728-wonne-workshop-wochenende\\\/\",\"name\":\"Wonne-Workshop-Wochenende :-) - El Pan Alegre\",\"isPartOf\":{\"@id\":\"https:\\\/\\\/www.el-pan-alegre.org\\\/wordpress\\\/#website\"},\"primaryImageOfPage\":{\"@id\":\"https:\\\/\\\/www.el-pan-alegre.org\\\/wordpress\\\/2728-wonne-workshop-wochenende\\\/#primaryimage\"},\"image\":{\"@id\":\"https:\\\/\\\/www.el-pan-alegre.org\\\/wordpress\\\/2728-wonne-workshop-wochenende\\\/#primaryimage\"},\"thumbnailUrl\":\"https:\\\/\\\/www.el-pan-alegre.org\\\/wordpress\\\/wp-content\\\/uploads\\\/2022\\\/09\\\/2022_09_17-18.-Ankuendigung-1024x758.jpg\",\"datePublished\":\"2022-09-30T10:04:58+00:00\",\"dateModified\":\"2022-10-02T19:12:03+00:00\",\"author\":{\"@id\":\"https:\\\/\\\/www.el-pan-alegre.org\\\/wordpress\\\/#\\\/schema\\\/person\\\/39b853679289f55293e37b53abdfb35e\"},\"breadcrumb\":{\"@id\":\"https:\\\/\\\/www.el-pan-alegre.org\\\/wordpress\\\/2728-wonne-workshop-wochenende\\\/#breadcrumb\"},\"inLanguage\":\"de\",\"potentialAction\":[{\"@type\":\"ReadAction\",\"target\":[\"https:\\\/\\\/www.el-pan-alegre.org\\\/wordpress\\\/2728-wonne-workshop-wochenende\\\/\"]}]},{\"@type\":\"ImageObject\",\"inLanguage\":\"de\",\"@id\":\"https:\\\/\\\/www.el-pan-alegre.org\\\/wordpress\\\/2728-wonne-workshop-wochenende\\\/#primaryimage\",\"url\":\"https:\\\/\\\/www.el-pan-alegre.org\\\/wordpress\\\/wp-content\\\/uploads\\\/2022\\\/09\\\/2022_09_17-18.-Ankuendigung.jpg\",\"contentUrl\":\"https:\\\/\\\/www.el-pan-alegre.org\\\/wordpress\\\/wp-content\\\/uploads\\\/2022\\\/09\\\/2022_09_17-18.-Ankuendigung.jpg\",\"width\":1299,\"height\":962},{\"@type\":\"BreadcrumbList\",\"@id\":\"https:\\\/\\\/www.el-pan-alegre.org\\\/wordpress\\\/2728-wonne-workshop-wochenende\\\/#breadcrumb\",\"itemListElement\":[{\"@type\":\"ListItem\",\"position\":1,\"name\":\"Home\",\"item\":\"https:\\\/\\\/www.el-pan-alegre.org\\\/wordpress\\\/\"},{\"@type\":\"ListItem\",\"position\":2,\"name\":\"Wonne-Workshop-Wochenende :-)\"}]},{\"@type\":\"WebSite\",\"@id\":\"https:\\\/\\\/www.el-pan-alegre.org\\\/wordpress\\\/#website\",\"url\":\"https:\\\/\\\/www.el-pan-alegre.org\\\/wordpress\\\/\",\"name\":\"El Pan Alegre\",\"description\":\"Das Fr\u00f6hliche Brot\",\"potentialAction\":[{\"@type\":\"SearchAction\",\"target\":{\"@type\":\"EntryPoint\",\"urlTemplate\":\"https:\\\/\\\/www.el-pan-alegre.org\\\/wordpress\\\/?s={search_term_string}\"},\"query-input\":{\"@type\":\"PropertyValueSpecification\",\"valueRequired\":true,\"valueName\":\"search_term_string\"}}],\"inLanguage\":\"de\"},{\"@type\":\"Person\",\"@id\":\"https:\\\/\\\/www.el-pan-alegre.org\\\/wordpress\\\/#\\\/schema\\\/person\\\/39b853679289f55293e37b53abdfb35e\",\"name\":\"Madeleine Porr\",\"image\":{\"@type\":\"ImageObject\",\"inLanguage\":\"de\",\"@id\":\"https:\\\/\\\/secure.gravatar.com\\\/avatar\\\/220f262381e6da1a53e3f4626f455dc2c5f03e3a01d49b4ee64a83051cd54bb1?s=96&d=identicon&r=g\",\"url\":\"https:\\\/\\\/secure.gravatar.com\\\/avatar\\\/220f262381e6da1a53e3f4626f455dc2c5f03e3a01d49b4ee64a83051cd54bb1?s=96&d=identicon&r=g\",\"contentUrl\":\"https:\\\/\\\/secure.gravatar.com\\\/avatar\\\/220f262381e6da1a53e3f4626f455dc2c5f03e3a01d49b4ee64a83051cd54bb1?s=96&d=identicon&r=g\",\"caption\":\"Madeleine Porr\"},\"url\":\"https:\\\/\\\/www.el-pan-alegre.org\\\/wordpress\\\/author\\\/madeleine\\\/\"}]}<\/script>\n<!-- \/ Yoast SEO plugin. -->","yoast_head_json":{"title":"Wonne-Workshop-Wochenende :-) - El Pan Alegre","robots":{"index":"index","follow":"follow","max-snippet":"max-snippet:-1","max-image-preview":"max-image-preview:large","max-video-preview":"max-video-preview:-1"},"canonical":"https:\/\/www.el-pan-alegre.org\/wordpress\/2728-wonne-workshop-wochenende\/","og_locale":"de_DE","og_type":"article","og_title":"Wonne-Workshop-Wochenende :-)","og_description":"Lustvolle gesunde Ern\u00e4hrung f\u00e4ngt bei den Kleinsten an! Und so wurde auch an diesem Workshop-Wochenende wieder viel Amaranth-Leckeres produziert und dabei gr\u00fcndlich nachgedacht \u00fcber unsere Ern\u00e4hrungs-Denkmuster und das eigene Verhalten mit all seinen Auswirkungen:auf den eigenen K\u00f6rper und seine Gesundheitauf den eigenen Geldbeutel sowie auf das Leben anderer und auf die Ressourcen der Erde.","og_url":"https:\/\/www.el-pan-alegre.org\/wordpress\/2728-wonne-workshop-wochenende\/","og_site_name":"El Pan Alegre","article_published_time":"2022-09-30T10:04:58+00:00","article_modified_time":"2022-10-02T19:12:03+00:00","og_image":[{"width":1299,"height":962,"url":"https:\/\/www.el-pan-alegre.org\/wordpress\/wp-content\/uploads\/2022\/09\/2022_09_17-18.-Ankuendigung.jpg","type":"image\/jpeg"}],"author":"Madeleine Porr","twitter_card":"summary_large_image","twitter_misc":{"Verfasst von":"Madeleine Porr","Gesch\u00e4tzte Lesezeit":"4\u00a0Minuten"},"schema":{"@context":"https:\/\/schema.org","@graph":[{"@type":"Article","@id":"https:\/\/www.el-pan-alegre.org\/wordpress\/2728-wonne-workshop-wochenende\/#article","isPartOf":{"@id":"https:\/\/www.el-pan-alegre.org\/wordpress\/2728-wonne-workshop-wochenende\/"},"author":{"name":"Madeleine Porr","@id":"https:\/\/www.el-pan-alegre.org\/wordpress\/#\/schema\/person\/39b853679289f55293e37b53abdfb35e"},"headline":"Wonne-Workshop-Wochenende :-)","datePublished":"2022-09-30T10:04:58+00:00","dateModified":"2022-10-02T19:12:03+00:00","mainEntityOfPage":{"@id":"https:\/\/www.el-pan-alegre.org\/wordpress\/2728-wonne-workshop-wochenende\/"},"wordCount":403,"image":{"@id":"https:\/\/www.el-pan-alegre.org\/wordpress\/2728-wonne-workshop-wochenende\/#primaryimage"},"thumbnailUrl":"https:\/\/www.el-pan-alegre.org\/wordpress\/wp-content\/uploads\/2022\/09\/2022_09_17-18.-Ankuendigung-1024x758.jpg","keywords":["En Buenas Manos e. V.","Workshop"],"articleSection":{"1":"Amaranth","2":"Anja","3":"Berlin 21 e.V.","4":"Bildung f\u00fcr nachhaltige Entwicklung (BNE)","5":"Energie","6":"Fotos","7":"Information","8":"Kommunikation","9":"\u00d6ffentlichkeitsarbeit","10":"SDG - Nachhaltigkeitsziele","11":"Umweltbildungszentrum (UBZ) Kienbergpark","12":"Veranstaltung"},"inLanguage":"de"},{"@type":"WebPage","@id":"https:\/\/www.el-pan-alegre.org\/wordpress\/2728-wonne-workshop-wochenende\/","url":"https:\/\/www.el-pan-alegre.org\/wordpress\/2728-wonne-workshop-wochenende\/","name":"Wonne-Workshop-Wochenende :-) - El Pan Alegre","isPartOf":{"@id":"https:\/\/www.el-pan-alegre.org\/wordpress\/#website"},"primaryImageOfPage":{"@id":"https:\/\/www.el-pan-alegre.org\/wordpress\/2728-wonne-workshop-wochenende\/#primaryimage"},"image":{"@id":"https:\/\/www.el-pan-alegre.org\/wordpress\/2728-wonne-workshop-wochenende\/#primaryimage"},"thumbnailUrl":"https:\/\/www.el-pan-alegre.org\/wordpress\/wp-content\/uploads\/2022\/09\/2022_09_17-18.-Ankuendigung-1024x758.jpg","datePublished":"2022-09-30T10:04:58+00:00","dateModified":"2022-10-02T19:12:03+00:00","author":{"@id":"https:\/\/www.el-pan-alegre.org\/wordpress\/#\/schema\/person\/39b853679289f55293e37b53abdfb35e"},"breadcrumb":{"@id":"https:\/\/www.el-pan-alegre.org\/wordpress\/2728-wonne-workshop-wochenende\/#breadcrumb"},"inLanguage":"de","potentialAction":[{"@type":"ReadAction","target":["https:\/\/www.el-pan-alegre.org\/wordpress\/2728-wonne-workshop-wochenende\/"]}]},{"@type":"ImageObject","inLanguage":"de","@id":"https:\/\/www.el-pan-alegre.org\/wordpress\/2728-wonne-workshop-wochenende\/#primaryimage","url":"https:\/\/www.el-pan-alegre.org\/wordpress\/wp-content\/uploads\/2022\/09\/2022_09_17-18.-Ankuendigung.jpg","contentUrl":"https:\/\/www.el-pan-alegre.org\/wordpress\/wp-content\/uploads\/2022\/09\/2022_09_17-18.-Ankuendigung.jpg","width":1299,"height":962},{"@type":"BreadcrumbList","@id":"https:\/\/www.el-pan-alegre.org\/wordpress\/2728-wonne-workshop-wochenende\/#breadcrumb","itemListElement":[{"@type":"ListItem","position":1,"name":"Home","item":"https:\/\/www.el-pan-alegre.org\/wordpress\/"},{"@type":"ListItem","position":2,"name":"Wonne-Workshop-Wochenende :-)"}]},{"@type":"WebSite","@id":"https:\/\/www.el-pan-alegre.org\/wordpress\/#website","url":"https:\/\/www.el-pan-alegre.org\/wordpress\/","name":"El Pan Alegre","description":"Das Fr\u00f6hliche Brot","potentialAction":[{"@type":"SearchAction","target":{"@type":"EntryPoint","urlTemplate":"https:\/\/www.el-pan-alegre.org\/wordpress\/?s={search_term_string}"},"query-input":{"@type":"PropertyValueSpecification","valueRequired":true,"valueName":"search_term_string"}}],"inLanguage":"de"},{"@type":"Person","@id":"https:\/\/www.el-pan-alegre.org\/wordpress\/#\/schema\/person\/39b853679289f55293e37b53abdfb35e","name":"Madeleine Porr","image":{"@type":"ImageObject","inLanguage":"de","@id":"https:\/\/secure.gravatar.com\/avatar\/220f262381e6da1a53e3f4626f455dc2c5f03e3a01d49b4ee64a83051cd54bb1?s=96&d=identicon&r=g","url":"https:\/\/secure.gravatar.com\/avatar\/220f262381e6da1a53e3f4626f455dc2c5f03e3a01d49b4ee64a83051cd54bb1?s=96&d=identicon&r=g","contentUrl":"https:\/\/secure.gravatar.com\/avatar\/220f262381e6da1a53e3f4626f455dc2c5f03e3a01d49b4ee64a83051cd54bb1?s=96&d=identicon&r=g","caption":"Madeleine Porr"},"url":"https:\/\/www.el-pan-alegre.org\/wordpress\/author\/madeleine\/"}]}},"jetpack_publicize_connections":[],"jetpack_featured_media_url":"","jetpack_sharing_enabled":true,"jetpack_shortlink":"https:\/\/wp.me\/p62TDh-I0","jetpack-related-posts":[{"id":2710,"url":"https:\/\/www.el-pan-alegre.org\/wordpress\/2710-staerkung-fuer-den-herbst-workshop-wochenende-mit-dem-amaranth\/","url_meta":{"origin":2728,"position":0},"title":"St\u00e4rkung f\u00fcr den Herbst: Workshop-Wochenende mit dem Amaranth!!","author":"Madeleine Porr","date":"16. September 2022","format":false,"excerpt":"Gleich an 2 Tagen hintereinander findet an diesem Wochenende - wieder in Zusammenarbeit mit Berlin 21 - im Umweltbildungszentrum (UBZ) Kienbergpark unser Workshopangebot f\u00fcr Familien rund um das Powerkorn Amaranth statt: Samstag, 17.9., 12:30-18:00 Uhr: \"Amaranth - das starke Korn f\u00fcr starke Familien\" Sonntag, 18.9., 12:30-18:00 Uhr: \"Nachhaltigkeit im Alltag:\u2026","rel":"","context":"In &quot;Allgemein&quot;","block_context":{"text":"Allgemein","link":"https:\/\/www.el-pan-alegre.org\/wordpress\/kategorie\/allgemein\/"},"img":{"alt_text":"","src":"https:\/\/i0.wp.com\/www.el-pan-alegre.org\/wordpress\/wp-content\/uploads\/2022\/09\/Lage-UBZ.jpg?resize=350%2C200&ssl=1","width":350,"height":200},"classes":[]},{"id":31,"url":"https:\/\/www.el-pan-alegre.org\/wordpress\/31-einladung-zum-erntefest-29-30-09-12\/","url_meta":{"origin":2728,"position":1},"title":"EINLADUNG ZUM ERNTEFEST 29.+30.09.12","author":"Anja Mocker","date":"30. August 2012","format":false,"excerpt":"Am Wochenende des 29. und 30.09.12 wird in der \"Fr\u00f6hlichen Amaranth-Kinderb\u00e4ckerei\" noch einmal die lange Zeit vergessene alte Kulturpflanze Amaranth mit all ihren Qualit\u00e4ten und kulinarischen Verwendungsm\u00f6glichkeiten im Mittelpunkt stehen. \u00a0 Mit ihren Familien lernen die Kinder die spannende Geschichte des kleinen Amaranthkorns kennen und finden heraus, woher seine Riesenkr\u00e4fte\u2026","rel":"","context":"In &quot;Amaranth&quot;","block_context":{"text":"Amaranth","link":"https:\/\/www.el-pan-alegre.org\/wordpress\/kategorie\/amaranth\/"},"img":{"alt_text":"","src":"https:\/\/i0.wp.com\/www.el-pan-alegre.org\/wordpress\/wp-content\/uploads\/2012\/08\/Die_Froehliche_Amaranthkinderbaeckerei.jpg?resize=350%2C200&ssl=1","width":350,"height":200,"srcset":"https:\/\/i0.wp.com\/www.el-pan-alegre.org\/wordpress\/wp-content\/uploads\/2012\/08\/Die_Froehliche_Amaranthkinderbaeckerei.jpg?resize=350%2C200&ssl=1 1x, https:\/\/i0.wp.com\/www.el-pan-alegre.org\/wordpress\/wp-content\/uploads\/2012\/08\/Die_Froehliche_Amaranthkinderbaeckerei.jpg?resize=525%2C300&ssl=1 1.5x"},"classes":[]},{"id":1898,"url":"https:\/\/www.el-pan-alegre.org\/wordpress\/1898-amaranth-gehoert-zur-stadtgesundheit\/","url_meta":{"origin":2728,"position":2},"title":"Amaranth geh\u00f6rt zur Stadtgesundheit","author":"Madeleine Porr","date":"15. Juli 2018","format":false,"excerpt":"Umweltbildungszentrum Kienbergpark \u201eGesundheit und Stadtgr\u00fcn - Gutes Leben im Kiez\" Ein Bildungsangebot von Berlin 21 7. und 8. Juli 2018 Wie kann ich in einer Gro\u00dfstadt gesund leben? Und was geh\u00f6rt \u00fcberhaupt dazu zum Rundum-Gesundsein? Auch in diesem Jahr hat am Beginn der Sommerferien Berlin 21, das Netzwerk f\u00fcr nachhaltige\u2026","rel":"","context":"In &quot;Amaranth&quot;","block_context":{"text":"Amaranth","link":"https:\/\/www.el-pan-alegre.org\/wordpress\/kategorie\/amaranth\/"},"img":{"alt_text":"","src":"https:\/\/i0.wp.com\/www.el-pan-alegre.org\/wordpress\/wp-content\/uploads\/2018\/08\/Amaranth-BNE-1-300x207.jpg?resize=350%2C200","width":350,"height":200},"classes":[]},{"id":917,"url":"https:\/\/www.el-pan-alegre.org\/wordpress\/917-letzter-workshop-im-fez-berlin\/","url_meta":{"origin":2728,"position":3},"title":"Letzter Workshop im FEZ-Berlin","author":"Madeleine Porr","date":"4. Oktober 2015","format":false,"excerpt":"Zum 30.09.15 hat En Buenas Manos e. V. seine Kooperation mit dem FEZ-Berlin beendet. Deshalb hatten wir f\u00fcr den 01.10. zu einem Abschieds-\/Ernte-Workshop diejenigen Schulklassen eingeladen, die in diesem Fr\u00fchjahr auf der \u00d6koinsel mit uns den Amaranth kennengelernt und ausges\u00e4t hatten. Leider konnten die Kinder der Sophie-Brahe-Schule nicht kommen (\"...\u2026","rel":"","context":"In &quot;Allgemein&quot;","block_context":{"text":"Allgemein","link":"https:\/\/www.el-pan-alegre.org\/wordpress\/kategorie\/allgemein\/"},"img":{"alt_text":"?","src":"https:\/\/i0.wp.com\/www.el-pan-alegre.org\/wordpress\/wp-content\/uploads\/2015\/10\/2015_06_05.-Sophie-Brahe-Schule_Web-253x300.jpg?resize=350%2C200","width":350,"height":200},"classes":[]},{"id":3030,"url":"https:\/\/www.el-pan-alegre.org\/wordpress\/3030-amaranth-ernte-am-14-september-2024-im-menschenskindergarten\/","url_meta":{"origin":2728,"position":4},"title":"Amaranth-Ernte am 14. September 2024 im MenschenskinderGarten","author":"Anja Mocker","date":"5. September 2024","format":false,"excerpt":"Amaranthpops im M\u00fcsli kennt ihr wahrscheinlich. Wollt ihr wissen, wie die Pflanze aussieht, an der das kleinste Popcorn der Welt w\u00e4chst? Wann wei\u00df man, wann man die Samen ernten kann? Was kann man noch von der Pflanze essen? Und wie schmeckt Amaranthmehl? Diese und viele andere Fragen k\u00f6nnen beim Workshop\u2026","rel":"","context":"In &quot;Amaranth&quot;","block_context":{"text":"Amaranth","link":"https:\/\/www.el-pan-alegre.org\/wordpress\/kategorie\/amaranth\/"},"img":{"alt_text":"","src":"https:\/\/i0.wp.com\/www.el-pan-alegre.org\/wordpress\/wp-content\/uploads\/2024\/09\/240702-Amaranthernte-2024.jpg?resize=350%2C200&ssl=1","width":350,"height":200,"srcset":"https:\/\/i0.wp.com\/www.el-pan-alegre.org\/wordpress\/wp-content\/uploads\/2024\/09\/240702-Amaranthernte-2024.jpg?resize=350%2C200&ssl=1 1x, https:\/\/i0.wp.com\/www.el-pan-alegre.org\/wordpress\/wp-content\/uploads\/2024\/09\/240702-Amaranthernte-2024.jpg?resize=525%2C300&ssl=1 1.5x, https:\/\/i0.wp.com\/www.el-pan-alegre.org\/wordpress\/wp-content\/uploads\/2024\/09\/240702-Amaranthernte-2024.jpg?resize=700%2C400&ssl=1 2x, https:\/\/i0.wp.com\/www.el-pan-alegre.org\/wordpress\/wp-content\/uploads\/2024\/09\/240702-Amaranthernte-2024.jpg?resize=1050%2C600&ssl=1 3x, https:\/\/i0.wp.com\/www.el-pan-alegre.org\/wordpress\/wp-content\/uploads\/2024\/09\/240702-Amaranthernte-2024.jpg?resize=1400%2C800&ssl=1 4x"},"classes":[]},{"id":1611,"url":"https:\/\/www.el-pan-alegre.org\/wordpress\/1611-der-amaranth-auf-der-iga-2017\/","url_meta":{"origin":2728,"position":5},"title":"Der Amaranth auf der IGA 2017","author":"Madeleine Porr","date":"3. Oktober 2017","format":false,"excerpt":"Amaranth war \u00fcberall auf der IGA 2017: Ob gleich am Haupteingang oder entlang aller gro\u00dfen Wege - er lachte den BesucherInnen in den verschiedensten Farben und Formen entgegen ... \u00a0\u00a0 \u00a0 \u00a0 \u00a0 So traf es sich wunderbar, dass auf dem IGA-Campus, zentral am Zugang zu den G\u00e4rten der Welt\u2026","rel":"","context":"In &quot;Amaranth&quot;","block_context":{"text":"Amaranth","link":"https:\/\/www.el-pan-alegre.org\/wordpress\/kategorie\/amaranth\/"},"img":{"alt_text":"","src":"https:\/\/i0.wp.com\/www.el-pan-alegre.org\/wordpress\/wp-content\/uploads\/2017\/10\/01-Ankuendigung-300x282.jpg?resize=350%2C200","width":350,"height":200},"classes":[]}],"_links":{"self":[{"href":"https:\/\/www.el-pan-alegre.org\/wordpress\/wp-json\/wp\/v2\/posts\/2728","targetHints":{"allow":["GET"]}}],"collection":[{"href":"https:\/\/www.el-pan-alegre.org\/wordpress\/wp-json\/wp\/v2\/posts"}],"about":[{"href":"https:\/\/www.el-pan-alegre.org\/wordpress\/wp-json\/wp\/v2\/types\/post"}],"author":[{"embeddable":true,"href":"https:\/\/www.el-pan-alegre.org\/wordpress\/wp-json\/wp\/v2\/users\/2"}],"replies":[{"embeddable":true,"href":"https:\/\/www.el-pan-alegre.org\/wordpress\/wp-json\/wp\/v2\/comments?post=2728"}],"version-history":[{"count":25,"href":"https:\/\/www.el-pan-alegre.org\/wordpress\/wp-json\/wp\/v2\/posts\/2728\/revisions"}],"predecessor-version":[{"id":2764,"href":"https:\/\/www.el-pan-alegre.org\/wordpress\/wp-json\/wp\/v2\/posts\/2728\/revisions\/2764"}],"wp:attachment":[{"href":"https:\/\/www.el-pan-alegre.org\/wordpress\/wp-json\/wp\/v2\/media?parent=2728"}],"wp:term":[{"taxonomy":"category","embeddable":true,"href":"https:\/\/www.el-pan-alegre.org\/wordpress\/wp-json\/wp\/v2\/categories?post=2728"},{"taxonomy":"post_tag","embeddable":true,"href":"https:\/\/www.el-pan-alegre.org\/wordpress\/wp-json\/wp\/v2\/tags?post=2728"}],"curies":[{"name":"wp","href":"https:\/\/api.w.org\/{rel}","templated":true}]}}