{"id":2683,"date":"2022-04-26T12:17:58","date_gmt":"2022-04-26T10:17:58","guid":{"rendered":"https:\/\/www.el-pan-alegre.org\/wordpress\/?p=2683"},"modified":"2022-04-26T12:18:01","modified_gmt":"2022-04-26T10:18:01","slug":"zeitenwende-auch-fuer-die-bildungspolitik-der-zukunftsfonds","status":"publish","type":"post","link":"https:\/\/www.el-pan-alegre.org\/wordpress\/2683-zeitenwende-auch-fuer-die-bildungspolitik-der-zukunftsfonds\/","title":{"rendered":"Zeitenwende (auch) f\u00fcr die Bildungspolitik: der\u00a0ZUKUNFTSFONDS"},"content":{"rendered":"\n<figure class=\"wp-block-image size-large\"><a href=\"https:\/\/www.el-pan-alegre.org\/wordpress\/wp-content\/uploads\/2022\/04\/Petitionsbild2.jpg\"><img loading=\"lazy\" decoding=\"async\" width=\"1024\" height=\"724\" src=\"https:\/\/www.el-pan-alegre.org\/wordpress\/wp-content\/uploads\/2022\/04\/Petitionsbild2-1024x724.jpg\" alt=\"\" class=\"wp-image-2684\" srcset=\"https:\/\/www.el-pan-alegre.org\/wordpress\/wp-content\/uploads\/2022\/04\/Petitionsbild2-1024x724.jpg 1024w, https:\/\/www.el-pan-alegre.org\/wordpress\/wp-content\/uploads\/2022\/04\/Petitionsbild2-300x212.jpg 300w, https:\/\/www.el-pan-alegre.org\/wordpress\/wp-content\/uploads\/2022\/04\/Petitionsbild2-768x543.jpg 768w, https:\/\/www.el-pan-alegre.org\/wordpress\/wp-content\/uploads\/2022\/04\/Petitionsbild2-1536x1086.jpg 1536w, https:\/\/www.el-pan-alegre.org\/wordpress\/wp-content\/uploads\/2022\/04\/Petitionsbild2-2048x1448.jpg 2048w, https:\/\/www.el-pan-alegre.org\/wordpress\/wp-content\/uploads\/2022\/04\/Petitionsbild2-424x300.jpg 424w\" sizes=\"auto, (max-width: 1024px) 100vw, 1024px\" \/><\/a><\/figure>\n\n\n\n<p><mark style=\"background-color:#1982d1\" class=\"has-inline-color has-white-color\"><strong>Auf allen Ebenen wird der Druck sp\u00fcrbarer und werden die Stimmen lauter &amp; nachdr\u00fccklicher: DAS BILDUNGSSYSTEM MUSS ZUKUNFTSF\u00c4HIG WERDEN! \u2013 Der 1-Mrd.-\u20ac-Zukunftsfonds gibt dazu die Initialz\u00fcndung.<\/strong><\/mark><\/p>\n\n\n\n<p>So schnell, wie es gebraucht wird, ist das staatliche Bildungssystem nicht reformierbar (trotz wunderbarer Intitiativen wie <em><a rel=\"noreferrer noopener\" href=\"https:\/\/schule-im-aufbruch.de\/\" target=\"_blank\">Schule im Aufbruch<\/a><\/em> u.a., siehe auch der letzte <a href=\"https:\/\/www.el-pan-alegre.org\/wordpress\/2676-hoechst-sehens-lesens-und-anwendenswert-3-tipps-fuer-die-zukunftsbildung\/\">Blogbeitrag<\/a> hier).<\/p>\n\n\n\n<p>Gl\u00fccklicherweise wissen aber Kitas &amp; Schulen, Kieze &amp; Betriebe schon l\u00e4ngst ein gro\u00dfes Netzwerk an <a rel=\"noreferrer noopener\" href=\"https:\/\/www.bne-portal.de\/bne\/de\/einstieg\/bildungsbereiche\/non-formale-informelle-bildung\/non-formale-informelle-bildung.html\" target=\"_blank\">AU\u00dfERSCHULISCHEN BILDUNGSFACHLEUTEN<\/a> an ihrer Seite, mit denen sie passgenau und auf vielf\u00e4ltige Weise die thematischen und sozialen Herausforderungen der Gegenwart und der Zukunft angehen k\u00f6nnen.<\/p>\n\n\n\n<p>Das umfasst nicht nur die Umweltbildung, sondern die Sensibilisierung und Wissensvermittlung in allen gesellschaftlichen Bildungsbereichen, einschlie\u00dflich der Demokratief\u00f6rderung, der Gesundheitsbildung, der <a rel=\"noreferrer noopener\" href=\"https:\/\/www.bpb.de\/lernen\/kulturelle-bildung\/60034\/soziokultur-und-kulturelle-bildung\/\" target=\"_blank\">Soziokulturellen Bildung<\/a> und des <a rel=\"noreferrer noopener\" href=\"https:\/\/www.bmbwf.gv.at\/Themen\/schule\/schulpraxis\/uek\/globales_lernen.html\" target=\"_blank\">Globalen Lernens<\/a>.<\/p>\n\n\n\n<p>Bislang funktioniert das aber nur mit angezogener Handbremse. Denn es gibt keine verl\u00e4ssliche Finanzierung dieser sogenannten Au\u00dferschulischen Bildungsarbeit f\u00fcr Nachhaltige Entwicklung (BNE). Hier setzt die <a rel=\"noreferrer noopener\" href=\"https:\/\/www.openpetition.de\/petition\/online\/endlich-geld-fuer-wertvolle-arbeit-1-mrd-euro-fuer-die-ausserschulische-zukunftsbildung-2021-2030#petition-main\" target=\"_blank\"><strong>PETITION \u201eEndlich Geld f\u00fcr wertvolle Arbeit\u201c<\/strong><\/a> an.<\/p>\n\n\n\n<!--more-->\n\n\n\n<p>Sie fordert von der Bundesregierung <strong>mit h\u00f6chster Dringlichkeit<\/strong> eine kontinuierliche, bundesl\u00e4nder\u00fcbergreifende, niedrigschwellig abrufbare Finanzierung der Kooperation zwischen staatlichem Bildungssystem und au\u00dferschulischen Netzwerken \u2013 und als Grundstock daf\u00fcr den <strong>\u201eZUKUNFTSFONDS Au\u00dferschulische Bildung f\u00fcr Nachhaltige Entwicklung\u201c in H\u00f6he von 1 Milliarde EURO<\/strong>!<\/p>\n\n\n\n<p><strong><a rel=\"noreferrer noopener\" href=\"https:\/\/www.openpetition.de\/petition\/online\/endlich-geld-fuer-wertvolle-arbeit-1-mrd-euro-fuer-die-ausserschulische-zukunftsbildung-2021-2030\" target=\"_blank\">Die PETITION l\u00e4uft bis August 2022.<\/a><\/strong> F\u00fcr ihren Erfolg braucht sie noch viele Unterschriften: von Fachleuten ebenso wie von all denjenigen, die sich f\u00fcr ihre Unternehmen, aber auch f\u00fcr ihre (Paten-)Kinder &amp; Enkel*innen &amp; Nichten &amp; Neffen und nicht zuletzt f\u00fcr sich selbst zuverl\u00e4ssig-kompetente alltagsnahe und praxistaugliche Information, Begleitung und Unterst\u00fctzung beim \u00dcbergang in ein nachhaltiges Leben w\u00fcnschen!<\/p>\n\n\n\n<p><strong><a rel=\"noreferrer noopener\" href=\"https:\/\/videos.simpleshow.com\/2QrqKCnK0M\" target=\"_blank\">ERKL\u00c4RVIDEO <\/a><\/strong>(2,5 Min.)<\/p>\n\n\n\n<p><strong><a href=\"https:\/\/madeleine-porr.blog\/2021\/08\/26\/1-milliarde-euro-fur-die-zukunftsbildung\/\">DETAILS ZUM FONDS<\/a><\/strong><\/p>\n","protected":false},"excerpt":{"rendered":"<p>Auf allen Ebenen wird der Druck sp\u00fcrbarer und werden die Stimmen lauter &amp; nachdr\u00fccklicher: DAS BILDUNGSSYSTEM MUSS ZUKUNFTSF\u00c4HIG WERDEN! \u2013 Der 1-Mrd.-\u20ac-Zukunftsfonds gibt dazu die Initialz\u00fcndung. So schnell, wie es gebraucht wird, ist das staatliche Bildungssystem nicht reformierbar (trotz wunderbarer &hellip; <a href=\"https:\/\/www.el-pan-alegre.org\/wordpress\/2683-zeitenwende-auch-fuer-die-bildungspolitik-der-zukunftsfonds\/\">Weiterlesen <span class=\"meta-nav\">&rarr;<\/span><\/a><\/p>\n","protected":false},"author":2,"featured_media":0,"comment_status":"closed","ping_status":"closed","sticky":false,"template":"","format":"standard","meta":{"jetpack_post_was_ever_published":false,"_jetpack_newsletter_access":"","_jetpack_dont_email_post_to_subs":false,"_jetpack_newsletter_tier_id":0,"_jetpack_memberships_contains_paywalled_content":false,"_jetpack_memberships_contains_paid_content":false,"footnotes":"","jetpack_publicize_message":"","jetpack_publicize_feature_enabled":true,"jetpack_social_post_already_shared":true,"jetpack_social_options":{"image_generator_settings":{"template":"highway","default_image_id":0,"font":"","enabled":false},"version":2}},"categories":[1,60,18,23,6,55,5,2,15,57],"tags":[106,95,108,110,109],"class_list":["post-2683","post","type-post","status-publish","format-standard","hentry","category-allgemein","category-bildung-fuer-nachhaltige-entwicklung-bne","category-foerderung","category-fotos","category-information","category-jugend","category-kommunikation","category-oeffentlichkeitsarbeit","category-schulen","category-sdg-nachhaltigkeitsziele","tag-bildungssystem","tag-petition-bne-zukunftsfonds","tag-transformation","tag-zivilgesellschaft","tag-zukunftsbildung"],"yoast_head":"<!-- This site is optimized with the Yoast SEO plugin v27.5 - https:\/\/yoast.com\/product\/yoast-seo-wordpress\/ -->\n<title>Zeitenwende (auch) f\u00fcr die Bildungspolitik: der\u00a0ZUKUNFTSFONDS - El Pan Alegre<\/title>\n<meta name=\"robots\" content=\"index, follow, max-snippet:-1, max-image-preview:large, max-video-preview:-1\" \/>\n<link rel=\"canonical\" href=\"https:\/\/www.el-pan-alegre.org\/wordpress\/2683-zeitenwende-auch-fuer-die-bildungspolitik-der-zukunftsfonds\/\" \/>\n<meta property=\"og:locale\" content=\"de_DE\" \/>\n<meta property=\"og:type\" content=\"article\" \/>\n<meta property=\"og:title\" content=\"Zeitenwende (auch) f\u00fcr die Bildungspolitik: der\u00a0ZUKUNFTSFONDS - El Pan Alegre\" \/>\n<meta property=\"og:description\" content=\"Auf allen Ebenen wird der Druck sp\u00fcrbarer und werden die Stimmen lauter &amp; nachdr\u00fccklicher: DAS BILDUNGSSYSTEM MUSS ZUKUNFTSF\u00c4HIG WERDEN! \u2013 Der 1-Mrd.-\u20ac-Zukunftsfonds gibt dazu die Initialz\u00fcndung. So schnell, wie es gebraucht wird, ist das staatliche Bildungssystem nicht reformierbar (trotz wunderbarer &hellip; Weiterlesen &rarr;\" \/>\n<meta property=\"og:url\" content=\"https:\/\/www.el-pan-alegre.org\/wordpress\/2683-zeitenwende-auch-fuer-die-bildungspolitik-der-zukunftsfonds\/\" \/>\n<meta property=\"og:site_name\" content=\"El Pan Alegre\" \/>\n<meta property=\"article:published_time\" content=\"2022-04-26T10:17:58+00:00\" \/>\n<meta property=\"article:modified_time\" content=\"2022-04-26T10:18:01+00:00\" \/>\n<meta property=\"og:image\" content=\"https:\/\/www.el-pan-alegre.org\/wordpress\/wp-content\/uploads\/2022\/04\/Petitionsbild2.jpg\" \/>\n\t<meta property=\"og:image:width\" content=\"2435\" \/>\n\t<meta property=\"og:image:height\" content=\"1722\" \/>\n\t<meta property=\"og:image:type\" content=\"image\/jpeg\" \/>\n<meta name=\"author\" content=\"Madeleine Porr\" \/>\n<meta name=\"twitter:card\" content=\"summary_large_image\" \/>\n<meta name=\"twitter:label1\" content=\"Verfasst von\" \/>\n\t<meta name=\"twitter:data1\" content=\"Madeleine Porr\" \/>\n\t<meta name=\"twitter:label2\" content=\"Gesch\u00e4tzte Lesezeit\" \/>\n\t<meta name=\"twitter:data2\" content=\"1\u00a0Minute\" \/>\n<script type=\"application\/ld+json\" class=\"yoast-schema-graph\">{\"@context\":\"https:\\\/\\\/schema.org\",\"@graph\":[{\"@type\":\"Article\",\"@id\":\"https:\\\/\\\/www.el-pan-alegre.org\\\/wordpress\\\/2683-zeitenwende-auch-fuer-die-bildungspolitik-der-zukunftsfonds\\\/#article\",\"isPartOf\":{\"@id\":\"https:\\\/\\\/www.el-pan-alegre.org\\\/wordpress\\\/2683-zeitenwende-auch-fuer-die-bildungspolitik-der-zukunftsfonds\\\/\"},\"author\":{\"name\":\"Madeleine Porr\",\"@id\":\"https:\\\/\\\/www.el-pan-alegre.org\\\/wordpress\\\/#\\\/schema\\\/person\\\/39b853679289f55293e37b53abdfb35e\"},\"headline\":\"Zeitenwende (auch) f\u00fcr die Bildungspolitik: der\u00a0ZUKUNFTSFONDS\",\"datePublished\":\"2022-04-26T10:17:58+00:00\",\"dateModified\":\"2022-04-26T10:18:01+00:00\",\"mainEntityOfPage\":{\"@id\":\"https:\\\/\\\/www.el-pan-alegre.org\\\/wordpress\\\/2683-zeitenwende-auch-fuer-die-bildungspolitik-der-zukunftsfonds\\\/\"},\"wordCount\":296,\"image\":{\"@id\":\"https:\\\/\\\/www.el-pan-alegre.org\\\/wordpress\\\/2683-zeitenwende-auch-fuer-die-bildungspolitik-der-zukunftsfonds\\\/#primaryimage\"},\"thumbnailUrl\":\"https:\\\/\\\/www.el-pan-alegre.org\\\/wordpress\\\/wp-content\\\/uploads\\\/2022\\\/04\\\/Petitionsbild2-1024x724.jpg\",\"keywords\":[\"Bildungssystem\",\"Petition BNE-Zukunftsfonds\",\"Transformation\",\"Zivilgesellschaft\",\"Zukunftsbildung\"],\"articleSection\":{\"1\":\"Bildung f\u00fcr nachhaltige Entwicklung (BNE)\",\"2\":\"F\u00f6rderung\",\"3\":\"Fotos\",\"4\":\"Information\",\"5\":\"Jugend\",\"6\":\"Kommunikation\",\"7\":\"\u00d6ffentlichkeitsarbeit\",\"8\":\"Schulen\",\"9\":\"SDG - Nachhaltigkeitsziele\"},\"inLanguage\":\"de\"},{\"@type\":\"WebPage\",\"@id\":\"https:\\\/\\\/www.el-pan-alegre.org\\\/wordpress\\\/2683-zeitenwende-auch-fuer-die-bildungspolitik-der-zukunftsfonds\\\/\",\"url\":\"https:\\\/\\\/www.el-pan-alegre.org\\\/wordpress\\\/2683-zeitenwende-auch-fuer-die-bildungspolitik-der-zukunftsfonds\\\/\",\"name\":\"Zeitenwende (auch) f\u00fcr die Bildungspolitik: der\u00a0ZUKUNFTSFONDS - El Pan Alegre\",\"isPartOf\":{\"@id\":\"https:\\\/\\\/www.el-pan-alegre.org\\\/wordpress\\\/#website\"},\"primaryImageOfPage\":{\"@id\":\"https:\\\/\\\/www.el-pan-alegre.org\\\/wordpress\\\/2683-zeitenwende-auch-fuer-die-bildungspolitik-der-zukunftsfonds\\\/#primaryimage\"},\"image\":{\"@id\":\"https:\\\/\\\/www.el-pan-alegre.org\\\/wordpress\\\/2683-zeitenwende-auch-fuer-die-bildungspolitik-der-zukunftsfonds\\\/#primaryimage\"},\"thumbnailUrl\":\"https:\\\/\\\/www.el-pan-alegre.org\\\/wordpress\\\/wp-content\\\/uploads\\\/2022\\\/04\\\/Petitionsbild2-1024x724.jpg\",\"datePublished\":\"2022-04-26T10:17:58+00:00\",\"dateModified\":\"2022-04-26T10:18:01+00:00\",\"author\":{\"@id\":\"https:\\\/\\\/www.el-pan-alegre.org\\\/wordpress\\\/#\\\/schema\\\/person\\\/39b853679289f55293e37b53abdfb35e\"},\"breadcrumb\":{\"@id\":\"https:\\\/\\\/www.el-pan-alegre.org\\\/wordpress\\\/2683-zeitenwende-auch-fuer-die-bildungspolitik-der-zukunftsfonds\\\/#breadcrumb\"},\"inLanguage\":\"de\",\"potentialAction\":[{\"@type\":\"ReadAction\",\"target\":[\"https:\\\/\\\/www.el-pan-alegre.org\\\/wordpress\\\/2683-zeitenwende-auch-fuer-die-bildungspolitik-der-zukunftsfonds\\\/\"]}]},{\"@type\":\"ImageObject\",\"inLanguage\":\"de\",\"@id\":\"https:\\\/\\\/www.el-pan-alegre.org\\\/wordpress\\\/2683-zeitenwende-auch-fuer-die-bildungspolitik-der-zukunftsfonds\\\/#primaryimage\",\"url\":\"https:\\\/\\\/www.el-pan-alegre.org\\\/wordpress\\\/wp-content\\\/uploads\\\/2022\\\/04\\\/Petitionsbild2.jpg\",\"contentUrl\":\"https:\\\/\\\/www.el-pan-alegre.org\\\/wordpress\\\/wp-content\\\/uploads\\\/2022\\\/04\\\/Petitionsbild2.jpg\",\"width\":2435,\"height\":1722},{\"@type\":\"BreadcrumbList\",\"@id\":\"https:\\\/\\\/www.el-pan-alegre.org\\\/wordpress\\\/2683-zeitenwende-auch-fuer-die-bildungspolitik-der-zukunftsfonds\\\/#breadcrumb\",\"itemListElement\":[{\"@type\":\"ListItem\",\"position\":1,\"name\":\"Home\",\"item\":\"https:\\\/\\\/www.el-pan-alegre.org\\\/wordpress\\\/\"},{\"@type\":\"ListItem\",\"position\":2,\"name\":\"Zeitenwende (auch) f\u00fcr die Bildungspolitik: der\u00a0ZUKUNFTSFONDS\"}]},{\"@type\":\"WebSite\",\"@id\":\"https:\\\/\\\/www.el-pan-alegre.org\\\/wordpress\\\/#website\",\"url\":\"https:\\\/\\\/www.el-pan-alegre.org\\\/wordpress\\\/\",\"name\":\"El Pan Alegre\",\"description\":\"Das Fr\u00f6hliche Brot\",\"potentialAction\":[{\"@type\":\"SearchAction\",\"target\":{\"@type\":\"EntryPoint\",\"urlTemplate\":\"https:\\\/\\\/www.el-pan-alegre.org\\\/wordpress\\\/?s={search_term_string}\"},\"query-input\":{\"@type\":\"PropertyValueSpecification\",\"valueRequired\":true,\"valueName\":\"search_term_string\"}}],\"inLanguage\":\"de\"},{\"@type\":\"Person\",\"@id\":\"https:\\\/\\\/www.el-pan-alegre.org\\\/wordpress\\\/#\\\/schema\\\/person\\\/39b853679289f55293e37b53abdfb35e\",\"name\":\"Madeleine Porr\",\"image\":{\"@type\":\"ImageObject\",\"inLanguage\":\"de\",\"@id\":\"https:\\\/\\\/secure.gravatar.com\\\/avatar\\\/220f262381e6da1a53e3f4626f455dc2c5f03e3a01d49b4ee64a83051cd54bb1?s=96&d=identicon&r=g\",\"url\":\"https:\\\/\\\/secure.gravatar.com\\\/avatar\\\/220f262381e6da1a53e3f4626f455dc2c5f03e3a01d49b4ee64a83051cd54bb1?s=96&d=identicon&r=g\",\"contentUrl\":\"https:\\\/\\\/secure.gravatar.com\\\/avatar\\\/220f262381e6da1a53e3f4626f455dc2c5f03e3a01d49b4ee64a83051cd54bb1?s=96&d=identicon&r=g\",\"caption\":\"Madeleine Porr\"},\"url\":\"https:\\\/\\\/www.el-pan-alegre.org\\\/wordpress\\\/author\\\/madeleine\\\/\"}]}<\/script>\n<!-- \/ Yoast SEO plugin. -->","yoast_head_json":{"title":"Zeitenwende (auch) f\u00fcr die Bildungspolitik: der\u00a0ZUKUNFTSFONDS - El Pan Alegre","robots":{"index":"index","follow":"follow","max-snippet":"max-snippet:-1","max-image-preview":"max-image-preview:large","max-video-preview":"max-video-preview:-1"},"canonical":"https:\/\/www.el-pan-alegre.org\/wordpress\/2683-zeitenwende-auch-fuer-die-bildungspolitik-der-zukunftsfonds\/","og_locale":"de_DE","og_type":"article","og_title":"Zeitenwende (auch) f\u00fcr die Bildungspolitik: der\u00a0ZUKUNFTSFONDS - El Pan Alegre","og_description":"Auf allen Ebenen wird der Druck sp\u00fcrbarer und werden die Stimmen lauter &amp; nachdr\u00fccklicher: DAS BILDUNGSSYSTEM MUSS ZUKUNFTSF\u00c4HIG WERDEN! \u2013 Der 1-Mrd.-\u20ac-Zukunftsfonds gibt dazu die Initialz\u00fcndung. So schnell, wie es gebraucht wird, ist das staatliche Bildungssystem nicht reformierbar (trotz wunderbarer &hellip; Weiterlesen &rarr;","og_url":"https:\/\/www.el-pan-alegre.org\/wordpress\/2683-zeitenwende-auch-fuer-die-bildungspolitik-der-zukunftsfonds\/","og_site_name":"El Pan Alegre","article_published_time":"2022-04-26T10:17:58+00:00","article_modified_time":"2022-04-26T10:18:01+00:00","og_image":[{"width":2435,"height":1722,"url":"https:\/\/www.el-pan-alegre.org\/wordpress\/wp-content\/uploads\/2022\/04\/Petitionsbild2.jpg","type":"image\/jpeg"}],"author":"Madeleine Porr","twitter_card":"summary_large_image","twitter_misc":{"Verfasst von":"Madeleine Porr","Gesch\u00e4tzte Lesezeit":"1\u00a0Minute"},"schema":{"@context":"https:\/\/schema.org","@graph":[{"@type":"Article","@id":"https:\/\/www.el-pan-alegre.org\/wordpress\/2683-zeitenwende-auch-fuer-die-bildungspolitik-der-zukunftsfonds\/#article","isPartOf":{"@id":"https:\/\/www.el-pan-alegre.org\/wordpress\/2683-zeitenwende-auch-fuer-die-bildungspolitik-der-zukunftsfonds\/"},"author":{"name":"Madeleine Porr","@id":"https:\/\/www.el-pan-alegre.org\/wordpress\/#\/schema\/person\/39b853679289f55293e37b53abdfb35e"},"headline":"Zeitenwende (auch) f\u00fcr die Bildungspolitik: der\u00a0ZUKUNFTSFONDS","datePublished":"2022-04-26T10:17:58+00:00","dateModified":"2022-04-26T10:18:01+00:00","mainEntityOfPage":{"@id":"https:\/\/www.el-pan-alegre.org\/wordpress\/2683-zeitenwende-auch-fuer-die-bildungspolitik-der-zukunftsfonds\/"},"wordCount":296,"image":{"@id":"https:\/\/www.el-pan-alegre.org\/wordpress\/2683-zeitenwende-auch-fuer-die-bildungspolitik-der-zukunftsfonds\/#primaryimage"},"thumbnailUrl":"https:\/\/www.el-pan-alegre.org\/wordpress\/wp-content\/uploads\/2022\/04\/Petitionsbild2-1024x724.jpg","keywords":["Bildungssystem","Petition BNE-Zukunftsfonds","Transformation","Zivilgesellschaft","Zukunftsbildung"],"articleSection":{"1":"Bildung f\u00fcr nachhaltige Entwicklung (BNE)","2":"F\u00f6rderung","3":"Fotos","4":"Information","5":"Jugend","6":"Kommunikation","7":"\u00d6ffentlichkeitsarbeit","8":"Schulen","9":"SDG - Nachhaltigkeitsziele"},"inLanguage":"de"},{"@type":"WebPage","@id":"https:\/\/www.el-pan-alegre.org\/wordpress\/2683-zeitenwende-auch-fuer-die-bildungspolitik-der-zukunftsfonds\/","url":"https:\/\/www.el-pan-alegre.org\/wordpress\/2683-zeitenwende-auch-fuer-die-bildungspolitik-der-zukunftsfonds\/","name":"Zeitenwende (auch) f\u00fcr die Bildungspolitik: der\u00a0ZUKUNFTSFONDS - El Pan Alegre","isPartOf":{"@id":"https:\/\/www.el-pan-alegre.org\/wordpress\/#website"},"primaryImageOfPage":{"@id":"https:\/\/www.el-pan-alegre.org\/wordpress\/2683-zeitenwende-auch-fuer-die-bildungspolitik-der-zukunftsfonds\/#primaryimage"},"image":{"@id":"https:\/\/www.el-pan-alegre.org\/wordpress\/2683-zeitenwende-auch-fuer-die-bildungspolitik-der-zukunftsfonds\/#primaryimage"},"thumbnailUrl":"https:\/\/www.el-pan-alegre.org\/wordpress\/wp-content\/uploads\/2022\/04\/Petitionsbild2-1024x724.jpg","datePublished":"2022-04-26T10:17:58+00:00","dateModified":"2022-04-26T10:18:01+00:00","author":{"@id":"https:\/\/www.el-pan-alegre.org\/wordpress\/#\/schema\/person\/39b853679289f55293e37b53abdfb35e"},"breadcrumb":{"@id":"https:\/\/www.el-pan-alegre.org\/wordpress\/2683-zeitenwende-auch-fuer-die-bildungspolitik-der-zukunftsfonds\/#breadcrumb"},"inLanguage":"de","potentialAction":[{"@type":"ReadAction","target":["https:\/\/www.el-pan-alegre.org\/wordpress\/2683-zeitenwende-auch-fuer-die-bildungspolitik-der-zukunftsfonds\/"]}]},{"@type":"ImageObject","inLanguage":"de","@id":"https:\/\/www.el-pan-alegre.org\/wordpress\/2683-zeitenwende-auch-fuer-die-bildungspolitik-der-zukunftsfonds\/#primaryimage","url":"https:\/\/www.el-pan-alegre.org\/wordpress\/wp-content\/uploads\/2022\/04\/Petitionsbild2.jpg","contentUrl":"https:\/\/www.el-pan-alegre.org\/wordpress\/wp-content\/uploads\/2022\/04\/Petitionsbild2.jpg","width":2435,"height":1722},{"@type":"BreadcrumbList","@id":"https:\/\/www.el-pan-alegre.org\/wordpress\/2683-zeitenwende-auch-fuer-die-bildungspolitik-der-zukunftsfonds\/#breadcrumb","itemListElement":[{"@type":"ListItem","position":1,"name":"Home","item":"https:\/\/www.el-pan-alegre.org\/wordpress\/"},{"@type":"ListItem","position":2,"name":"Zeitenwende (auch) f\u00fcr die Bildungspolitik: der\u00a0ZUKUNFTSFONDS"}]},{"@type":"WebSite","@id":"https:\/\/www.el-pan-alegre.org\/wordpress\/#website","url":"https:\/\/www.el-pan-alegre.org\/wordpress\/","name":"El Pan Alegre","description":"Das Fr\u00f6hliche Brot","potentialAction":[{"@type":"SearchAction","target":{"@type":"EntryPoint","urlTemplate":"https:\/\/www.el-pan-alegre.org\/wordpress\/?s={search_term_string}"},"query-input":{"@type":"PropertyValueSpecification","valueRequired":true,"valueName":"search_term_string"}}],"inLanguage":"de"},{"@type":"Person","@id":"https:\/\/www.el-pan-alegre.org\/wordpress\/#\/schema\/person\/39b853679289f55293e37b53abdfb35e","name":"Madeleine Porr","image":{"@type":"ImageObject","inLanguage":"de","@id":"https:\/\/secure.gravatar.com\/avatar\/220f262381e6da1a53e3f4626f455dc2c5f03e3a01d49b4ee64a83051cd54bb1?s=96&d=identicon&r=g","url":"https:\/\/secure.gravatar.com\/avatar\/220f262381e6da1a53e3f4626f455dc2c5f03e3a01d49b4ee64a83051cd54bb1?s=96&d=identicon&r=g","contentUrl":"https:\/\/secure.gravatar.com\/avatar\/220f262381e6da1a53e3f4626f455dc2c5f03e3a01d49b4ee64a83051cd54bb1?s=96&d=identicon&r=g","caption":"Madeleine Porr"},"url":"https:\/\/www.el-pan-alegre.org\/wordpress\/author\/madeleine\/"}]}},"jetpack_publicize_connections":[],"jetpack_featured_media_url":"","jetpack_sharing_enabled":true,"jetpack_shortlink":"https:\/\/wp.me\/p62TDh-Hh","jetpack-related-posts":[{"id":2883,"url":"https:\/\/www.el-pan-alegre.org\/wordpress\/2883-schule-feiert-zukunft-am-17-und-18-6-23-im-fez-berlin\/","url_meta":{"origin":2683,"position":0},"title":"&#8222;Schule feiert Zukunft!&#8220; am 17. und 18.6.23 im FEZ-Berlin","author":"Madeleine Porr","date":"1. Juni 2023","format":false,"excerpt":"\"Bildungsnotstand\", \"Bildungsdesaster\", \"Schul-Chaos\", \"Kinder ohne Lehrer*innen\": F\u00fcrwahr, unser wilhelminisches Bildungssystem bricht krachend auseinander. Und das ist auch nur folgerichtig, denn es taugt nicht f\u00fcr die Herausforderungen der Zukunft. Wie gut, dass sich unter dem weiten Horizont der Zukunftsbildung, der Bildung f\u00fcr Nachhaltige Entwicklung (BNE), schon l\u00e4ngst deutschlandweit eine Vielzahl hochmotivierter\u2026","rel":"","context":"In &quot;Bildung f\u00fcr nachhaltige Entwicklung (BNE)&quot;","block_context":{"text":"Bildung f\u00fcr nachhaltige Entwicklung (BNE)","link":"https:\/\/www.el-pan-alegre.org\/wordpress\/kategorie\/bildung-fuer-nachhaltige-entwicklung-bne\/"},"img":{"alt_text":"","src":"https:\/\/i0.wp.com\/www.el-pan-alegre.org\/wordpress\/wp-content\/uploads\/2023\/06\/2023PxP-Festival_HERO-logo-1024x679-1.png?resize=350%2C200&ssl=1","width":350,"height":200,"srcset":"https:\/\/i0.wp.com\/www.el-pan-alegre.org\/wordpress\/wp-content\/uploads\/2023\/06\/2023PxP-Festival_HERO-logo-1024x679-1.png?resize=350%2C200&ssl=1 1x, https:\/\/i0.wp.com\/www.el-pan-alegre.org\/wordpress\/wp-content\/uploads\/2023\/06\/2023PxP-Festival_HERO-logo-1024x679-1.png?resize=525%2C300&ssl=1 1.5x, https:\/\/i0.wp.com\/www.el-pan-alegre.org\/wordpress\/wp-content\/uploads\/2023\/06\/2023PxP-Festival_HERO-logo-1024x679-1.png?resize=700%2C400&ssl=1 2x"},"classes":[]},{"id":2676,"url":"https:\/\/www.el-pan-alegre.org\/wordpress\/2676-hoechst-sehens-lesens-und-anwendenswert-3-tipps-fuer-die-zukunftsbildung\/","url_meta":{"origin":2683,"position":1},"title":"H\u00f6chst sehens-, lesens- und anwendenswert: 3 Tipps f\u00fcr die Zukunftsbildung!","author":"Madeleine Porr","date":"25. April 2022","format":false,"excerpt":"Spannende und inspirierende Infos & Materialien f\u00fcr SCHULEN und AU\u00dfERSCHULISCHE BILDUNGSREFERENT*INNEN: Bildungsinitiative FREI DAY mit Starterbox f\u00fcr Lernformat und Schulentwicklungsprozess(Initiative eines Netzwerks an au\u00dferschulischen Partnerorganisationen, Unterst\u00fctzer*innen aus Zivilgesellschaft und Politik sowie eines wachsenden Schulnetzwerks und des Teams von Schule im Aufbruch)\u201eDie Sch\u00fcler*innen von heute sind die Gestalter*innen von morgen. Damit\u2026","rel":"","context":"In &quot;Allgemein&quot;","block_context":{"text":"Allgemein","link":"https:\/\/www.el-pan-alegre.org\/wordpress\/kategorie\/allgemein\/"},"img":{"alt_text":"","src":"https:\/\/i0.wp.com\/www.el-pan-alegre.org\/wordpress\/wp-content\/uploads\/2022\/04\/Tipps-Material.jpg?resize=350%2C200&ssl=1","width":350,"height":200,"srcset":"https:\/\/i0.wp.com\/www.el-pan-alegre.org\/wordpress\/wp-content\/uploads\/2022\/04\/Tipps-Material.jpg?resize=350%2C200&ssl=1 1x, https:\/\/i0.wp.com\/www.el-pan-alegre.org\/wordpress\/wp-content\/uploads\/2022\/04\/Tipps-Material.jpg?resize=525%2C300&ssl=1 1.5x, https:\/\/i0.wp.com\/www.el-pan-alegre.org\/wordpress\/wp-content\/uploads\/2022\/04\/Tipps-Material.jpg?resize=700%2C400&ssl=1 2x, https:\/\/i0.wp.com\/www.el-pan-alegre.org\/wordpress\/wp-content\/uploads\/2022\/04\/Tipps-Material.jpg?resize=1050%2C600&ssl=1 3x, https:\/\/i0.wp.com\/www.el-pan-alegre.org\/wordpress\/wp-content\/uploads\/2022\/04\/Tipps-Material.jpg?resize=1400%2C800&ssl=1 4x"},"classes":[]},{"id":2387,"url":"https:\/\/www.el-pan-alegre.org\/wordpress\/2387-fuer-die-zukunft-bilden-bne-esd-2030\/","url_meta":{"origin":2683,"position":2},"title":"F\u00fcr die Zukunft bilden: BNE\/ESD 2030","author":"Madeleine Porr","date":"25. Mai 2020","format":false,"excerpt":"Was auf den ersten Blick wie ein neuer Virusname aussieht, hat ungebrochen das Potenzial, die Welt zu ver\u00e4ndern: Bildung f\u00fcr Nachhaltige Entwicklung (BNE). 2020 ist das UN-Programm \u201eESD for 2030\u201c gestartet.","rel":"","context":"In &quot;Allgemein&quot;","block_context":{"text":"Allgemein","link":"https:\/\/www.el-pan-alegre.org\/wordpress\/kategorie\/allgemein\/"},"img":{"alt_text":"","src":"https:\/\/i0.wp.com\/www.el-pan-alegre.org\/wordpress\/wp-content\/uploads\/2020\/05\/tim-mossholder-WE_Kv_ZB1l0-unsplash_WEB-1.jpg?resize=350%2C200&ssl=1","width":350,"height":200,"srcset":"https:\/\/i0.wp.com\/www.el-pan-alegre.org\/wordpress\/wp-content\/uploads\/2020\/05\/tim-mossholder-WE_Kv_ZB1l0-unsplash_WEB-1.jpg?resize=350%2C200&ssl=1 1x, https:\/\/i0.wp.com\/www.el-pan-alegre.org\/wordpress\/wp-content\/uploads\/2020\/05\/tim-mossholder-WE_Kv_ZB1l0-unsplash_WEB-1.jpg?resize=525%2C300&ssl=1 1.5x"},"classes":[]},{"id":2623,"url":"https:\/\/www.el-pan-alegre.org\/wordpress\/2623-1-milliarde-euro-fuer-die-zukunftsbildung\/","url_meta":{"origin":2683,"position":3},"title":"1 MILLIARDE EURO f\u00fcr die Zukunftsbildung!","author":"Madeleine Porr","date":"26. August 2021","format":false,"excerpt":"Quelle: pixabay; Collage: M. Porr Heute ist die Petition gestartet, die die Au\u00dferschulischen Aktiven in der Bildung f\u00fcr Nachhaltige Entwicklung dabei unterst\u00fctzen will, sich aus der Abh\u00e4ngigkeit vom JobCenter, von mageren F\u00f6rderprogrammen und von prek\u00e4ren Honoraren zu befreien und statt dessen eine dauerhaft-stabile berufliche Basis aufzubauen. * * * Bitte\u2026","rel":"","context":"In &quot;Allgemein&quot;","block_context":{"text":"Allgemein","link":"https:\/\/www.el-pan-alegre.org\/wordpress\/kategorie\/allgemein\/"},"img":{"alt_text":"","src":"https:\/\/i0.wp.com\/www.el-pan-alegre.org\/wordpress\/wp-content\/uploads\/2021\/08\/Petitionsbild_final.jpg?resize=350%2C200&ssl=1","width":350,"height":200,"srcset":"https:\/\/i0.wp.com\/www.el-pan-alegre.org\/wordpress\/wp-content\/uploads\/2021\/08\/Petitionsbild_final.jpg?resize=350%2C200&ssl=1 1x, https:\/\/i0.wp.com\/www.el-pan-alegre.org\/wordpress\/wp-content\/uploads\/2021\/08\/Petitionsbild_final.jpg?resize=525%2C300&ssl=1 1.5x, https:\/\/i0.wp.com\/www.el-pan-alegre.org\/wordpress\/wp-content\/uploads\/2021\/08\/Petitionsbild_final.jpg?resize=700%2C400&ssl=1 2x, https:\/\/i0.wp.com\/www.el-pan-alegre.org\/wordpress\/wp-content\/uploads\/2021\/08\/Petitionsbild_final.jpg?resize=1050%2C600&ssl=1 3x, https:\/\/i0.wp.com\/www.el-pan-alegre.org\/wordpress\/wp-content\/uploads\/2021\/08\/Petitionsbild_final.jpg?resize=1400%2C800&ssl=1 4x"},"classes":[]},{"id":2981,"url":"https:\/\/www.el-pan-alegre.org\/wordpress\/2981-kinder-kochen-fuer-ihre-eltern-ein-voller-erfolg\/","url_meta":{"origin":2683,"position":4},"title":"Kinder kochen f\u00fcr ihre Eltern &#8211; ein voller Erfolg!!!","author":"Anja Mocker","date":"4. M\u00e4rz 2024","format":false,"excerpt":"Beim Kochprozess sind die Kinder alle notwendigen Schritte f\u00fcr das Herstellen eines 3-G\u00e4nge Men\u00fcs durchlaufen. Nur um einige zu nennen: Wie sieht der Arbeitsplatz aus, was brauchen wir f\u00fcr Zutaten, wie beachten wir die Lebensmittelhygiene, so dass keine:r krank wird, wie verarbeiten wir die Zutaten incl. Messerf\u00fchrerschein, wie werden die\u2026","rel":"","context":"In &quot;Allgemein&quot;","block_context":{"text":"Allgemein","link":"https:\/\/www.el-pan-alegre.org\/wordpress\/kategorie\/allgemein\/"},"img":{"alt_text":"","src":"https:\/\/i0.wp.com\/www.el-pan-alegre.org\/wordpress\/wp-content\/uploads\/2024\/03\/1.jpg?resize=350%2C200&ssl=1","width":350,"height":200,"srcset":"https:\/\/i0.wp.com\/www.el-pan-alegre.org\/wordpress\/wp-content\/uploads\/2024\/03\/1.jpg?resize=350%2C200&ssl=1 1x, https:\/\/i0.wp.com\/www.el-pan-alegre.org\/wordpress\/wp-content\/uploads\/2024\/03\/1.jpg?resize=525%2C300&ssl=1 1.5x, https:\/\/i0.wp.com\/www.el-pan-alegre.org\/wordpress\/wp-content\/uploads\/2024\/03\/1.jpg?resize=700%2C400&ssl=1 2x, https:\/\/i0.wp.com\/www.el-pan-alegre.org\/wordpress\/wp-content\/uploads\/2024\/03\/1.jpg?resize=1050%2C600&ssl=1 3x"},"classes":[]},{"id":3111,"url":"https:\/\/www.el-pan-alegre.org\/wordpress\/3111-kinder-kochen-fuer-ihre-eltern-ein-genussvoller-perspektivwechsel-im-sinne-nachhaltiger-bildung\/","url_meta":{"origin":2683,"position":5},"title":"\u201eKinder kochen f\u00fcr ihre Eltern\u201c \u2013 Ein genussvoller Perspektivwechsel im Sinne nachhaltiger Bildung","author":"Anja Mocker","date":"9. Mai 2025","format":false,"excerpt":"Am 18. Mai 2025 verwandelt sich das Familienzentrum Menschenskinder in Berlin in eine kreative Kinderk\u00fcche: Der Verein En Buenas Manos e.V. l\u00e4dt im Rahmen der Bildung f\u00fcr nachhaltige Entwicklung (BNE) zu einem besonderen Workshop ein. Unter dem Motto \u201eKinder kochen f\u00fcr ihre Eltern\u201c \u00fcbernehmen f\u00fcr einen Tag die J\u00fcngsten die\u2026","rel":"","context":"In &quot;Anja&quot;","block_context":{"text":"Anja","link":"https:\/\/www.el-pan-alegre.org\/wordpress\/kategorie\/anja\/"},"img":{"alt_text":"","src":"https:\/\/i0.wp.com\/www.el-pan-alegre.org\/wordpress\/wp-content\/uploads\/2025\/05\/Poster-A4-Kinder-kochen-fuer-ihre-Eltern.jpg?resize=350%2C200&ssl=1","width":350,"height":200,"srcset":"https:\/\/i0.wp.com\/www.el-pan-alegre.org\/wordpress\/wp-content\/uploads\/2025\/05\/Poster-A4-Kinder-kochen-fuer-ihre-Eltern.jpg?resize=350%2C200&ssl=1 1x, https:\/\/i0.wp.com\/www.el-pan-alegre.org\/wordpress\/wp-content\/uploads\/2025\/05\/Poster-A4-Kinder-kochen-fuer-ihre-Eltern.jpg?resize=525%2C300&ssl=1 1.5x, https:\/\/i0.wp.com\/www.el-pan-alegre.org\/wordpress\/wp-content\/uploads\/2025\/05\/Poster-A4-Kinder-kochen-fuer-ihre-Eltern.jpg?resize=700%2C400&ssl=1 2x, https:\/\/i0.wp.com\/www.el-pan-alegre.org\/wordpress\/wp-content\/uploads\/2025\/05\/Poster-A4-Kinder-kochen-fuer-ihre-Eltern.jpg?resize=1050%2C600&ssl=1 3x, https:\/\/i0.wp.com\/www.el-pan-alegre.org\/wordpress\/wp-content\/uploads\/2025\/05\/Poster-A4-Kinder-kochen-fuer-ihre-Eltern.jpg?resize=1400%2C800&ssl=1 4x"},"classes":[]}],"_links":{"self":[{"href":"https:\/\/www.el-pan-alegre.org\/wordpress\/wp-json\/wp\/v2\/posts\/2683","targetHints":{"allow":["GET"]}}],"collection":[{"href":"https:\/\/www.el-pan-alegre.org\/wordpress\/wp-json\/wp\/v2\/posts"}],"about":[{"href":"https:\/\/www.el-pan-alegre.org\/wordpress\/wp-json\/wp\/v2\/types\/post"}],"author":[{"embeddable":true,"href":"https:\/\/www.el-pan-alegre.org\/wordpress\/wp-json\/wp\/v2\/users\/2"}],"replies":[{"embeddable":true,"href":"https:\/\/www.el-pan-alegre.org\/wordpress\/wp-json\/wp\/v2\/comments?post=2683"}],"version-history":[{"count":4,"href":"https:\/\/www.el-pan-alegre.org\/wordpress\/wp-json\/wp\/v2\/posts\/2683\/revisions"}],"predecessor-version":[{"id":2688,"href":"https:\/\/www.el-pan-alegre.org\/wordpress\/wp-json\/wp\/v2\/posts\/2683\/revisions\/2688"}],"wp:attachment":[{"href":"https:\/\/www.el-pan-alegre.org\/wordpress\/wp-json\/wp\/v2\/media?parent=2683"}],"wp:term":[{"taxonomy":"category","embeddable":true,"href":"https:\/\/www.el-pan-alegre.org\/wordpress\/wp-json\/wp\/v2\/categories?post=2683"},{"taxonomy":"post_tag","embeddable":true,"href":"https:\/\/www.el-pan-alegre.org\/wordpress\/wp-json\/wp\/v2\/tags?post=2683"}],"curies":[{"name":"wp","href":"https:\/\/api.w.org\/{rel}","templated":true}]}}