{"id":2411,"date":"2020-07-25T22:00:24","date_gmt":"2020-07-25T20:00:24","guid":{"rendered":"https:\/\/www.el-pan-alegre.org\/wordpress\/?p=2411"},"modified":"2024-10-01T12:41:56","modified_gmt":"2024-10-01T10:41:56","slug":"amaranth-eine-powerpflanze-fur-alle-lebenslagen","status":"publish","type":"post","link":"https:\/\/www.el-pan-alegre.org\/wordpress\/2411-amaranth-eine-powerpflanze-fur-alle-lebenslagen\/","title":{"rendered":"Amaranth-Pr\u00e4sentation: eine Powerpflanze f\u00fcr alle Lebenslagen"},"content":{"rendered":"\n<figure class=\"wp-block-image\"><a href=\"https:\/\/www.el-pan-alegre.org\/Amaranth_Praesentation-dt.pdf\"><img loading=\"lazy\" decoding=\"async\" width=\"1024\" height=\"577\" src=\"https:\/\/www.el-pan-alegre.org\/wordpress\/wp-content\/uploads\/2020\/07\/TITEL-Praes-1024x577.jpg\" alt=\"\" class=\"wp-image-2419\" srcset=\"https:\/\/www.el-pan-alegre.org\/wordpress\/wp-content\/uploads\/2020\/07\/TITEL-Praes-1024x577.jpg 1024w, https:\/\/www.el-pan-alegre.org\/wordpress\/wp-content\/uploads\/2020\/07\/TITEL-Praes-300x169.jpg 300w, https:\/\/www.el-pan-alegre.org\/wordpress\/wp-content\/uploads\/2020\/07\/TITEL-Praes-768x433.jpg 768w, https:\/\/www.el-pan-alegre.org\/wordpress\/wp-content\/uploads\/2020\/07\/TITEL-Praes-500x282.jpg 500w, https:\/\/www.el-pan-alegre.org\/wordpress\/wp-content\/uploads\/2020\/07\/TITEL-Praes.jpg 1598w\" sizes=\"auto, (max-width: 1024px) 100vw, 1024px\" \/><\/a><\/figure>\n\n\n\n<p>&#8222;Resilient&#8220; und &#8222;zukunftsf\u00e4hig&#8220; sollen wir Erdenb\u00fcrger*innen sein bzw. werden, damit wir &#8211; idealerweise &#8211; alle kommenden Krisen meistern k\u00f6nnen. Eine alte und neue Kraftquelle aus der Natur kann uns dabei unterst\u00fctzen.<\/p>\n\n\n\n<p>Die aktualisierte Pr\u00e4sentation mit einem Einblick in die vielf\u00e4ltigen Nutzungsm\u00f6glichkeiten dieser au\u00dfergew\u00f6hnlichen Pflanze ist jetzt auch auf Deutsch mit einem <strong><em>Klick auf das Bild<\/em><\/strong> bzw. <strong><a href=\"https:\/\/www.el-pan-alegre.org\/Amaranth_Praesentation-dt.pdf\">HIER<\/a><\/strong> zu sehen.<\/p>\n\n\n\n<p><\/p>\n","protected":false},"excerpt":{"rendered":"<p>&#8222;Resilient&#8220; und &#8222;zukunftsf\u00e4hig&#8220; sollen wir Erdenb\u00fcrger*innen sein bzw. werden, damit wir &#8211; idealerweise &#8211; alle kommenden Krisen meistern k\u00f6nnen. Eine alte und neue Kraftquelle aus der Natur kann uns dabei unterst\u00fctzen. Die aktualisierte Pr\u00e4sentation mit einem Einblick in die vielf\u00e4ltigen &hellip; <a href=\"https:\/\/www.el-pan-alegre.org\/wordpress\/2411-amaranth-eine-powerpflanze-fur-alle-lebenslagen\/\">Weiterlesen <span class=\"meta-nav\">&rarr;<\/span><\/a><\/p>\n","protected":false},"author":2,"featured_media":0,"comment_status":"closed","ping_status":"closed","sticky":false,"template":"","format":"standard","meta":{"jetpack_post_was_ever_published":false,"_jetpack_newsletter_access":"","_jetpack_dont_email_post_to_subs":false,"_jetpack_newsletter_tier_id":0,"_jetpack_memberships_contains_paywalled_content":false,"_jetpack_memberships_contains_paid_content":false,"footnotes":"","jetpack_publicize_message":"","jetpack_publicize_feature_enabled":true,"jetpack_social_post_already_shared":true,"jetpack_social_options":{"image_generator_settings":{"template":"highway","default_image_id":0,"font":"","enabled":false},"version":2}},"categories":[1,16,60,56,6,5,83,57],"tags":[],"class_list":["post-2411","post","type-post","status-publish","format-standard","hentry","category-allgemein","category-amaranth","category-bildung-fuer-nachhaltige-entwicklung-bne","category-buen-vivir","category-information","category-kommunikation","category-praesentation","category-sdg-nachhaltigkeitsziele"],"yoast_head":"<!-- This site is optimized with the Yoast SEO plugin v27.5 - https:\/\/yoast.com\/product\/yoast-seo-wordpress\/ -->\n<title>Amaranth-Pr\u00e4sentation: eine Powerpflanze f\u00fcr alle Lebenslagen - El Pan Alegre<\/title>\n<meta name=\"robots\" content=\"index, follow, max-snippet:-1, max-image-preview:large, max-video-preview:-1\" \/>\n<link rel=\"canonical\" href=\"https:\/\/www.el-pan-alegre.org\/wordpress\/2411-amaranth-eine-powerpflanze-fur-alle-lebenslagen\/\" \/>\n<meta property=\"og:locale\" content=\"de_DE\" \/>\n<meta property=\"og:type\" content=\"article\" \/>\n<meta property=\"og:title\" content=\"Amaranth-Pr\u00e4sentation: eine Powerpflanze f\u00fcr alle Lebenslagen - El Pan Alegre\" \/>\n<meta property=\"og:description\" content=\"&#8222;Resilient&#8220; und &#8222;zukunftsf\u00e4hig&#8220; sollen wir Erdenb\u00fcrger*innen sein bzw. werden, damit wir &#8211; idealerweise &#8211; alle kommenden Krisen meistern k\u00f6nnen. Eine alte und neue Kraftquelle aus der Natur kann uns dabei unterst\u00fctzen. Die aktualisierte Pr\u00e4sentation mit einem Einblick in die vielf\u00e4ltigen &hellip; Weiterlesen &rarr;\" \/>\n<meta property=\"og:url\" content=\"https:\/\/www.el-pan-alegre.org\/wordpress\/2411-amaranth-eine-powerpflanze-fur-alle-lebenslagen\/\" \/>\n<meta property=\"og:site_name\" content=\"El Pan Alegre\" \/>\n<meta property=\"article:published_time\" content=\"2020-07-25T20:00:24+00:00\" \/>\n<meta property=\"article:modified_time\" content=\"2024-10-01T10:41:56+00:00\" \/>\n<meta property=\"og:image\" content=\"https:\/\/www.el-pan-alegre.org\/wordpress\/wp-content\/uploads\/2020\/07\/TITEL-Praes-1024x577.jpg\" \/>\n<meta name=\"author\" content=\"Madeleine Porr\" \/>\n<meta name=\"twitter:card\" content=\"summary_large_image\" \/>\n<meta name=\"twitter:label1\" content=\"Verfasst von\" \/>\n\t<meta name=\"twitter:data1\" content=\"Madeleine Porr\" \/>\n\t<meta name=\"twitter:label2\" content=\"Gesch\u00e4tzte Lesezeit\" \/>\n\t<meta name=\"twitter:data2\" content=\"1\u00a0Minute\" \/>\n<script type=\"application\/ld+json\" class=\"yoast-schema-graph\">{\"@context\":\"https:\\\/\\\/schema.org\",\"@graph\":[{\"@type\":\"Article\",\"@id\":\"https:\\\/\\\/www.el-pan-alegre.org\\\/wordpress\\\/2411-amaranth-eine-powerpflanze-fur-alle-lebenslagen\\\/#article\",\"isPartOf\":{\"@id\":\"https:\\\/\\\/www.el-pan-alegre.org\\\/wordpress\\\/2411-amaranth-eine-powerpflanze-fur-alle-lebenslagen\\\/\"},\"author\":{\"name\":\"Madeleine Porr\",\"@id\":\"https:\\\/\\\/www.el-pan-alegre.org\\\/wordpress\\\/#\\\/schema\\\/person\\\/39b853679289f55293e37b53abdfb35e\"},\"headline\":\"Amaranth-Pr\u00e4sentation: eine Powerpflanze f\u00fcr alle Lebenslagen\",\"datePublished\":\"2020-07-25T20:00:24+00:00\",\"dateModified\":\"2024-10-01T10:41:56+00:00\",\"mainEntityOfPage\":{\"@id\":\"https:\\\/\\\/www.el-pan-alegre.org\\\/wordpress\\\/2411-amaranth-eine-powerpflanze-fur-alle-lebenslagen\\\/\"},\"wordCount\":77,\"image\":{\"@id\":\"https:\\\/\\\/www.el-pan-alegre.org\\\/wordpress\\\/2411-amaranth-eine-powerpflanze-fur-alle-lebenslagen\\\/#primaryimage\"},\"thumbnailUrl\":\"https:\\\/\\\/www.el-pan-alegre.org\\\/wordpress\\\/wp-content\\\/uploads\\\/2020\\\/07\\\/TITEL-Praes-1024x577.jpg\",\"articleSection\":{\"1\":\"Amaranth\",\"2\":\"Bildung f\u00fcr nachhaltige Entwicklung (BNE)\",\"3\":\"Buen Vivir\",\"4\":\"Information\",\"5\":\"Kommunikation\",\"6\":\"Pr\u00e4sentation\",\"7\":\"SDG - Nachhaltigkeitsziele\"},\"inLanguage\":\"de\"},{\"@type\":\"WebPage\",\"@id\":\"https:\\\/\\\/www.el-pan-alegre.org\\\/wordpress\\\/2411-amaranth-eine-powerpflanze-fur-alle-lebenslagen\\\/\",\"url\":\"https:\\\/\\\/www.el-pan-alegre.org\\\/wordpress\\\/2411-amaranth-eine-powerpflanze-fur-alle-lebenslagen\\\/\",\"name\":\"Amaranth-Pr\u00e4sentation: eine Powerpflanze f\u00fcr alle Lebenslagen - El Pan Alegre\",\"isPartOf\":{\"@id\":\"https:\\\/\\\/www.el-pan-alegre.org\\\/wordpress\\\/#website\"},\"primaryImageOfPage\":{\"@id\":\"https:\\\/\\\/www.el-pan-alegre.org\\\/wordpress\\\/2411-amaranth-eine-powerpflanze-fur-alle-lebenslagen\\\/#primaryimage\"},\"image\":{\"@id\":\"https:\\\/\\\/www.el-pan-alegre.org\\\/wordpress\\\/2411-amaranth-eine-powerpflanze-fur-alle-lebenslagen\\\/#primaryimage\"},\"thumbnailUrl\":\"https:\\\/\\\/www.el-pan-alegre.org\\\/wordpress\\\/wp-content\\\/uploads\\\/2020\\\/07\\\/TITEL-Praes-1024x577.jpg\",\"datePublished\":\"2020-07-25T20:00:24+00:00\",\"dateModified\":\"2024-10-01T10:41:56+00:00\",\"author\":{\"@id\":\"https:\\\/\\\/www.el-pan-alegre.org\\\/wordpress\\\/#\\\/schema\\\/person\\\/39b853679289f55293e37b53abdfb35e\"},\"breadcrumb\":{\"@id\":\"https:\\\/\\\/www.el-pan-alegre.org\\\/wordpress\\\/2411-amaranth-eine-powerpflanze-fur-alle-lebenslagen\\\/#breadcrumb\"},\"inLanguage\":\"de\",\"potentialAction\":[{\"@type\":\"ReadAction\",\"target\":[\"https:\\\/\\\/www.el-pan-alegre.org\\\/wordpress\\\/2411-amaranth-eine-powerpflanze-fur-alle-lebenslagen\\\/\"]}]},{\"@type\":\"ImageObject\",\"inLanguage\":\"de\",\"@id\":\"https:\\\/\\\/www.el-pan-alegre.org\\\/wordpress\\\/2411-amaranth-eine-powerpflanze-fur-alle-lebenslagen\\\/#primaryimage\",\"url\":\"https:\\\/\\\/www.el-pan-alegre.org\\\/wordpress\\\/wp-content\\\/uploads\\\/2020\\\/07\\\/TITEL-Praes.jpg\",\"contentUrl\":\"https:\\\/\\\/www.el-pan-alegre.org\\\/wordpress\\\/wp-content\\\/uploads\\\/2020\\\/07\\\/TITEL-Praes.jpg\",\"width\":1598,\"height\":900},{\"@type\":\"BreadcrumbList\",\"@id\":\"https:\\\/\\\/www.el-pan-alegre.org\\\/wordpress\\\/2411-amaranth-eine-powerpflanze-fur-alle-lebenslagen\\\/#breadcrumb\",\"itemListElement\":[{\"@type\":\"ListItem\",\"position\":1,\"name\":\"Home\",\"item\":\"https:\\\/\\\/www.el-pan-alegre.org\\\/wordpress\\\/\"},{\"@type\":\"ListItem\",\"position\":2,\"name\":\"Amaranth-Pr\u00e4sentation: eine Powerpflanze f\u00fcr alle Lebenslagen\"}]},{\"@type\":\"WebSite\",\"@id\":\"https:\\\/\\\/www.el-pan-alegre.org\\\/wordpress\\\/#website\",\"url\":\"https:\\\/\\\/www.el-pan-alegre.org\\\/wordpress\\\/\",\"name\":\"El Pan Alegre\",\"description\":\"Das Fr\u00f6hliche Brot\",\"potentialAction\":[{\"@type\":\"SearchAction\",\"target\":{\"@type\":\"EntryPoint\",\"urlTemplate\":\"https:\\\/\\\/www.el-pan-alegre.org\\\/wordpress\\\/?s={search_term_string}\"},\"query-input\":{\"@type\":\"PropertyValueSpecification\",\"valueRequired\":true,\"valueName\":\"search_term_string\"}}],\"inLanguage\":\"de\"},{\"@type\":\"Person\",\"@id\":\"https:\\\/\\\/www.el-pan-alegre.org\\\/wordpress\\\/#\\\/schema\\\/person\\\/39b853679289f55293e37b53abdfb35e\",\"name\":\"Madeleine Porr\",\"image\":{\"@type\":\"ImageObject\",\"inLanguage\":\"de\",\"@id\":\"https:\\\/\\\/secure.gravatar.com\\\/avatar\\\/220f262381e6da1a53e3f4626f455dc2c5f03e3a01d49b4ee64a83051cd54bb1?s=96&d=identicon&r=g\",\"url\":\"https:\\\/\\\/secure.gravatar.com\\\/avatar\\\/220f262381e6da1a53e3f4626f455dc2c5f03e3a01d49b4ee64a83051cd54bb1?s=96&d=identicon&r=g\",\"contentUrl\":\"https:\\\/\\\/secure.gravatar.com\\\/avatar\\\/220f262381e6da1a53e3f4626f455dc2c5f03e3a01d49b4ee64a83051cd54bb1?s=96&d=identicon&r=g\",\"caption\":\"Madeleine Porr\"},\"url\":\"https:\\\/\\\/www.el-pan-alegre.org\\\/wordpress\\\/author\\\/madeleine\\\/\"}]}<\/script>\n<!-- \/ Yoast SEO plugin. -->","yoast_head_json":{"title":"Amaranth-Pr\u00e4sentation: eine Powerpflanze f\u00fcr alle Lebenslagen - El Pan Alegre","robots":{"index":"index","follow":"follow","max-snippet":"max-snippet:-1","max-image-preview":"max-image-preview:large","max-video-preview":"max-video-preview:-1"},"canonical":"https:\/\/www.el-pan-alegre.org\/wordpress\/2411-amaranth-eine-powerpflanze-fur-alle-lebenslagen\/","og_locale":"de_DE","og_type":"article","og_title":"Amaranth-Pr\u00e4sentation: eine Powerpflanze f\u00fcr alle Lebenslagen - El Pan Alegre","og_description":"&#8222;Resilient&#8220; und &#8222;zukunftsf\u00e4hig&#8220; sollen wir Erdenb\u00fcrger*innen sein bzw. werden, damit wir &#8211; idealerweise &#8211; alle kommenden Krisen meistern k\u00f6nnen. Eine alte und neue Kraftquelle aus der Natur kann uns dabei unterst\u00fctzen. Die aktualisierte Pr\u00e4sentation mit einem Einblick in die vielf\u00e4ltigen &hellip; Weiterlesen &rarr;","og_url":"https:\/\/www.el-pan-alegre.org\/wordpress\/2411-amaranth-eine-powerpflanze-fur-alle-lebenslagen\/","og_site_name":"El Pan Alegre","article_published_time":"2020-07-25T20:00:24+00:00","article_modified_time":"2024-10-01T10:41:56+00:00","og_image":[{"url":"https:\/\/www.el-pan-alegre.org\/wordpress\/wp-content\/uploads\/2020\/07\/TITEL-Praes-1024x577.jpg","type":"","width":"","height":""}],"author":"Madeleine Porr","twitter_card":"summary_large_image","twitter_misc":{"Verfasst von":"Madeleine Porr","Gesch\u00e4tzte Lesezeit":"1\u00a0Minute"},"schema":{"@context":"https:\/\/schema.org","@graph":[{"@type":"Article","@id":"https:\/\/www.el-pan-alegre.org\/wordpress\/2411-amaranth-eine-powerpflanze-fur-alle-lebenslagen\/#article","isPartOf":{"@id":"https:\/\/www.el-pan-alegre.org\/wordpress\/2411-amaranth-eine-powerpflanze-fur-alle-lebenslagen\/"},"author":{"name":"Madeleine Porr","@id":"https:\/\/www.el-pan-alegre.org\/wordpress\/#\/schema\/person\/39b853679289f55293e37b53abdfb35e"},"headline":"Amaranth-Pr\u00e4sentation: eine Powerpflanze f\u00fcr alle Lebenslagen","datePublished":"2020-07-25T20:00:24+00:00","dateModified":"2024-10-01T10:41:56+00:00","mainEntityOfPage":{"@id":"https:\/\/www.el-pan-alegre.org\/wordpress\/2411-amaranth-eine-powerpflanze-fur-alle-lebenslagen\/"},"wordCount":77,"image":{"@id":"https:\/\/www.el-pan-alegre.org\/wordpress\/2411-amaranth-eine-powerpflanze-fur-alle-lebenslagen\/#primaryimage"},"thumbnailUrl":"https:\/\/www.el-pan-alegre.org\/wordpress\/wp-content\/uploads\/2020\/07\/TITEL-Praes-1024x577.jpg","articleSection":{"1":"Amaranth","2":"Bildung f\u00fcr nachhaltige Entwicklung (BNE)","3":"Buen Vivir","4":"Information","5":"Kommunikation","6":"Pr\u00e4sentation","7":"SDG - Nachhaltigkeitsziele"},"inLanguage":"de"},{"@type":"WebPage","@id":"https:\/\/www.el-pan-alegre.org\/wordpress\/2411-amaranth-eine-powerpflanze-fur-alle-lebenslagen\/","url":"https:\/\/www.el-pan-alegre.org\/wordpress\/2411-amaranth-eine-powerpflanze-fur-alle-lebenslagen\/","name":"Amaranth-Pr\u00e4sentation: eine Powerpflanze f\u00fcr alle Lebenslagen - El Pan Alegre","isPartOf":{"@id":"https:\/\/www.el-pan-alegre.org\/wordpress\/#website"},"primaryImageOfPage":{"@id":"https:\/\/www.el-pan-alegre.org\/wordpress\/2411-amaranth-eine-powerpflanze-fur-alle-lebenslagen\/#primaryimage"},"image":{"@id":"https:\/\/www.el-pan-alegre.org\/wordpress\/2411-amaranth-eine-powerpflanze-fur-alle-lebenslagen\/#primaryimage"},"thumbnailUrl":"https:\/\/www.el-pan-alegre.org\/wordpress\/wp-content\/uploads\/2020\/07\/TITEL-Praes-1024x577.jpg","datePublished":"2020-07-25T20:00:24+00:00","dateModified":"2024-10-01T10:41:56+00:00","author":{"@id":"https:\/\/www.el-pan-alegre.org\/wordpress\/#\/schema\/person\/39b853679289f55293e37b53abdfb35e"},"breadcrumb":{"@id":"https:\/\/www.el-pan-alegre.org\/wordpress\/2411-amaranth-eine-powerpflanze-fur-alle-lebenslagen\/#breadcrumb"},"inLanguage":"de","potentialAction":[{"@type":"ReadAction","target":["https:\/\/www.el-pan-alegre.org\/wordpress\/2411-amaranth-eine-powerpflanze-fur-alle-lebenslagen\/"]}]},{"@type":"ImageObject","inLanguage":"de","@id":"https:\/\/www.el-pan-alegre.org\/wordpress\/2411-amaranth-eine-powerpflanze-fur-alle-lebenslagen\/#primaryimage","url":"https:\/\/www.el-pan-alegre.org\/wordpress\/wp-content\/uploads\/2020\/07\/TITEL-Praes.jpg","contentUrl":"https:\/\/www.el-pan-alegre.org\/wordpress\/wp-content\/uploads\/2020\/07\/TITEL-Praes.jpg","width":1598,"height":900},{"@type":"BreadcrumbList","@id":"https:\/\/www.el-pan-alegre.org\/wordpress\/2411-amaranth-eine-powerpflanze-fur-alle-lebenslagen\/#breadcrumb","itemListElement":[{"@type":"ListItem","position":1,"name":"Home","item":"https:\/\/www.el-pan-alegre.org\/wordpress\/"},{"@type":"ListItem","position":2,"name":"Amaranth-Pr\u00e4sentation: eine Powerpflanze f\u00fcr alle Lebenslagen"}]},{"@type":"WebSite","@id":"https:\/\/www.el-pan-alegre.org\/wordpress\/#website","url":"https:\/\/www.el-pan-alegre.org\/wordpress\/","name":"El Pan Alegre","description":"Das Fr\u00f6hliche Brot","potentialAction":[{"@type":"SearchAction","target":{"@type":"EntryPoint","urlTemplate":"https:\/\/www.el-pan-alegre.org\/wordpress\/?s={search_term_string}"},"query-input":{"@type":"PropertyValueSpecification","valueRequired":true,"valueName":"search_term_string"}}],"inLanguage":"de"},{"@type":"Person","@id":"https:\/\/www.el-pan-alegre.org\/wordpress\/#\/schema\/person\/39b853679289f55293e37b53abdfb35e","name":"Madeleine Porr","image":{"@type":"ImageObject","inLanguage":"de","@id":"https:\/\/secure.gravatar.com\/avatar\/220f262381e6da1a53e3f4626f455dc2c5f03e3a01d49b4ee64a83051cd54bb1?s=96&d=identicon&r=g","url":"https:\/\/secure.gravatar.com\/avatar\/220f262381e6da1a53e3f4626f455dc2c5f03e3a01d49b4ee64a83051cd54bb1?s=96&d=identicon&r=g","contentUrl":"https:\/\/secure.gravatar.com\/avatar\/220f262381e6da1a53e3f4626f455dc2c5f03e3a01d49b4ee64a83051cd54bb1?s=96&d=identicon&r=g","caption":"Madeleine Porr"},"url":"https:\/\/www.el-pan-alegre.org\/wordpress\/author\/madeleine\/"}]}},"jetpack_publicize_connections":[],"jetpack_featured_media_url":"","jetpack_sharing_enabled":true,"jetpack_shortlink":"https:\/\/wp.me\/p62TDh-CT","jetpack-related-posts":[{"id":2545,"url":"https:\/\/www.el-pan-alegre.org\/wordpress\/2545-jetzt-auch-als-video-fur-kinder-die-zauberpflanze-amaranth\/","url_meta":{"origin":2411,"position":0},"title":"Jetzt auch als Video f\u00fcr Kinder: die Zauberpflanze Amaranth","author":"Madeleine Porr","date":"6. Januar 2021","format":false,"excerpt":"(Vorab-Ver\u00f6ffentlichung der Videos mit freundlicher Genehmigung von UBZ-digital\/Gr\u00fcn Berlin) Wollt Ihr herausfinden, warum der Amaranth eine echte Zauberpflanze mit Riiiesenkr\u00e4ften ist? - Wie die Amaranth-Zauberkraft in unseren K\u00f6rper gelangt und uns stark und schlau und fr\u00f6hlich machen kann? - Und warum eine gesunde Ern\u00e4hrung nicht nur uns Menschen gut tut,\u2026","rel":"","context":"In &quot;Allgemein&quot;","block_context":{"text":"Allgemein","link":"https:\/\/www.el-pan-alegre.org\/wordpress\/kategorie\/allgemein\/"},"img":{"alt_text":"","src":"https:\/\/i0.wp.com\/www.el-pan-alegre.org\/wordpress\/wp-content\/uploads\/2021\/01\/UBZdigital_Youtube-Thumbnail_mUBZ.jpg?resize=350%2C200&ssl=1","width":350,"height":200,"srcset":"https:\/\/i0.wp.com\/www.el-pan-alegre.org\/wordpress\/wp-content\/uploads\/2021\/01\/UBZdigital_Youtube-Thumbnail_mUBZ.jpg?resize=350%2C200&ssl=1 1x, https:\/\/i0.wp.com\/www.el-pan-alegre.org\/wordpress\/wp-content\/uploads\/2021\/01\/UBZdigital_Youtube-Thumbnail_mUBZ.jpg?resize=525%2C300&ssl=1 1.5x, https:\/\/i0.wp.com\/www.el-pan-alegre.org\/wordpress\/wp-content\/uploads\/2021\/01\/UBZdigital_Youtube-Thumbnail_mUBZ.jpg?resize=700%2C400&ssl=1 2x, https:\/\/i0.wp.com\/www.el-pan-alegre.org\/wordpress\/wp-content\/uploads\/2021\/01\/UBZdigital_Youtube-Thumbnail_mUBZ.jpg?resize=1050%2C600&ssl=1 3x, https:\/\/i0.wp.com\/www.el-pan-alegre.org\/wordpress\/wp-content\/uploads\/2021\/01\/UBZdigital_Youtube-Thumbnail_mUBZ.jpg?resize=1400%2C800&ssl=1 4x"},"classes":[]},{"id":156,"url":"https:\/\/www.el-pan-alegre.org\/wordpress\/156-156\/","url_meta":{"origin":2411,"position":1},"title":"Kreislaufkonzept \"El Pan Alegre\" auch\u2026","author":"Anja Mocker","date":"2. Januar 2009","format":false,"excerpt":"Kreislaufkonzept \"El Pan Alegre\" auch auf \u00d6kohof Worpswede?Am selben Abend war ich eingeladen, den PlanerInnen des Artlantica-\u00d6kohofs und anderen Interessierten den Energie- und Ern\u00e4hrungskreislauf des \"Fr\u00f6hlichen Brots\" vorzustellen.\"... wir wollen diesmal die Pr\u00e4sentation eines Wohnprojektes in Worpswede (in Planung) nicht wie \u00fcblich als Vortrag oder Power-Point-Pr\u00e4sentation darstellen, sondern in Form\u2026","rel":"","context":"In &quot;Amaranth&quot;","block_context":{"text":"Amaranth","link":"https:\/\/www.el-pan-alegre.org\/wordpress\/kategorie\/amaranth\/"},"img":{"alt_text":"","src":"https:\/\/i0.wp.com\/www.el-pan-alegre.org\/wordpress\/wp-content\/uploads\/2009\/01\/artlantica-worpswede.jpg?resize=350%2C200&ssl=1","width":350,"height":200},"classes":[]},{"id":14,"url":"https:\/\/www.el-pan-alegre.org\/wordpress\/14-el-proyecto-tahiti-wird-zu-el-proyecto-cuba-alegre-kuba-kolloquium-die-zukunft-gestalten-mit-lokaler-kraft\/","url_meta":{"origin":2411,"position":2},"title":"&#8222;El Proyecto Tahit\u00ed&#8220; wird zu &#8222;El Proyecto Cuba Alegre&#8220;: Kuba-Kolloquium &#8222;Die Zukunft gestalten mit lokaler Kraft!&#8220;","author":"Anja Mocker","date":"15. M\u00e4rz 2013","format":false,"excerpt":"(Bericht in Anlehnung an den spanischen Eintrag von M. Porr mit Fotos auf diesem Blog v. 08.03.13 und dessen \u00dcbersetzung durch den Equilibrismus e. V.) Der deutsche Science-Fiction-Roman \u201eDas Tahiti-Projekt\u201c von Dirk C. Fleck handelt von einer Insel, die sich inmitten der bewegten Zeiten, in denen wir gerade in allen\u2026","rel":"","context":"In &quot;Amaranth&quot;","block_context":{"text":"Amaranth","link":"https:\/\/www.el-pan-alegre.org\/wordpress\/kategorie\/amaranth\/"},"img":{"alt_text":"","src":"","width":0,"height":0},"classes":[]},{"id":61,"url":"https:\/\/www.el-pan-alegre.org\/wordpress\/61-der-amaranth-und-seine-3-schwestern-das-milpa-landwirtschaftssystem\/","url_meta":{"origin":2411,"position":3},"title":"Der Amaranth und seine \u201e3 Schwestern\u201c: das Milpa-Landwirtschaftssystem","author":"Anja Mocker","date":"31. Juli 2011","format":false,"excerpt":"von Madeleine Porr Im FEZ-Berlin, dem Sitz von El Pan Alegre in Deutschland, ist das kleine Powerkorn Amaranth bereits festes \u201eFamilienmitglied\u201c. Die bis zu drei Meter hohen Pflanzen haben im letzten Jahr viele kleine und gro\u00dfe BesucherInnen, aber auch FEZ-MitarbeiterInnen zum Staunen gebracht. In diesem Jahr weitet unser Verein die\u2026","rel":"","context":"In &quot;Amaranth&quot;","block_context":{"text":"Amaranth","link":"https:\/\/www.el-pan-alegre.org\/wordpress\/kategorie\/amaranth\/"},"img":{"alt_text":"","src":"https:\/\/i0.wp.com\/www.el-pan-alegre.org\/wordpress\/wp-content\/uploads\/2011\/07\/01.jpg?resize=350%2C200&ssl=1","width":350,"height":200,"srcset":"https:\/\/i0.wp.com\/www.el-pan-alegre.org\/wordpress\/wp-content\/uploads\/2011\/07\/01.jpg?resize=350%2C200&ssl=1 1x, https:\/\/i0.wp.com\/www.el-pan-alegre.org\/wordpress\/wp-content\/uploads\/2011\/07\/01.jpg?resize=525%2C300&ssl=1 1.5x, https:\/\/i0.wp.com\/www.el-pan-alegre.org\/wordpress\/wp-content\/uploads\/2011\/07\/01.jpg?resize=700%2C400&ssl=1 2x"},"classes":[]},{"id":2918,"url":"https:\/\/www.el-pan-alegre.org\/wordpress\/2918-amaranth-ernte-am-23-09-im-gemeinschaftsgarten-menschenskindergarten\/","url_meta":{"origin":2411,"position":4},"title":"AMARANTH-ERNTE am 23.09. im Gemeinschaftsgarten MenschenskinderGarten","author":"Anja Mocker","date":"31. August 2023","format":false,"excerpt":"Der Amaranth w\u00e4chst jetzt auch im MenschenskinderGarten!!! Seit diesem Jahr ist \"El Pan Alegre\" ein Kooperationsprojekt von menschenskinder-berlin gGmbH. Die Samen wurden Anfang Juni 2023 auf dem Schaubeet ausgebracht. Nach anf\u00e4nglicher Trockenheit sind einige S\u00e4mlinge verschwunden. Doch die, die es \u00fcberstanden haben wurden mit reichlich Regen in den Ferienwochen belohnt\u2026","rel":"","context":"In &quot;Amaranth&quot;","block_context":{"text":"Amaranth","link":"https:\/\/www.el-pan-alegre.org\/wordpress\/kategorie\/amaranth\/"},"img":{"alt_text":"","src":"https:\/\/i0.wp.com\/www.el-pan-alegre.org\/wordpress\/wp-content\/uploads\/2023\/08\/230831-EBM_Amaranthernte-23-09-2023_V2.jpg?resize=350%2C200&ssl=1","width":350,"height":200,"srcset":"https:\/\/i0.wp.com\/www.el-pan-alegre.org\/wordpress\/wp-content\/uploads\/2023\/08\/230831-EBM_Amaranthernte-23-09-2023_V2.jpg?resize=350%2C200&ssl=1 1x, https:\/\/i0.wp.com\/www.el-pan-alegre.org\/wordpress\/wp-content\/uploads\/2023\/08\/230831-EBM_Amaranthernte-23-09-2023_V2.jpg?resize=525%2C300&ssl=1 1.5x, https:\/\/i0.wp.com\/www.el-pan-alegre.org\/wordpress\/wp-content\/uploads\/2023\/08\/230831-EBM_Amaranthernte-23-09-2023_V2.jpg?resize=700%2C400&ssl=1 2x, https:\/\/i0.wp.com\/www.el-pan-alegre.org\/wordpress\/wp-content\/uploads\/2023\/08\/230831-EBM_Amaranthernte-23-09-2023_V2.jpg?resize=1050%2C600&ssl=1 3x"},"classes":[]},{"id":1410,"url":"https:\/\/www.el-pan-alegre.org\/wordpress\/1410-zum-geburtstag-amaranth\/","url_meta":{"origin":2411,"position":5},"title":"Zum Geburtstag AMARANTH","author":"Madeleine Porr","date":"11. Mai 2016","format":false,"excerpt":"9. Mai 2016 \u2013 4. Treffen des Sozialen Netzwerks Haciendo Almas Gleich nachdem ich beim 3. Treffen des Sozialen Netzwerks Haciendo Almas im April (s. dort) vom aktuellen Stand von EL PAN ALEGRE \u2013 DAS FR\u00d6HLICHE BROT erz\u00e4hlt hatte, hatte mich Celia, seine Koordinatorin, eingeladen, ein ganzes Treffen rund um\u2026","rel":"","context":"In &quot;Amaranth&quot;","block_context":{"text":"Amaranth","link":"https:\/\/www.el-pan-alegre.org\/wordpress\/kategorie\/amaranth\/"},"img":{"alt_text":"01","src":"https:\/\/i0.wp.com\/www.el-pan-alegre.org\/wordpress\/wp-content\/uploads\/2016\/05\/01-300x232.jpg?resize=350%2C200","width":350,"height":200},"classes":[]}],"_links":{"self":[{"href":"https:\/\/www.el-pan-alegre.org\/wordpress\/wp-json\/wp\/v2\/posts\/2411","targetHints":{"allow":["GET"]}}],"collection":[{"href":"https:\/\/www.el-pan-alegre.org\/wordpress\/wp-json\/wp\/v2\/posts"}],"about":[{"href":"https:\/\/www.el-pan-alegre.org\/wordpress\/wp-json\/wp\/v2\/types\/post"}],"author":[{"embeddable":true,"href":"https:\/\/www.el-pan-alegre.org\/wordpress\/wp-json\/wp\/v2\/users\/2"}],"replies":[{"embeddable":true,"href":"https:\/\/www.el-pan-alegre.org\/wordpress\/wp-json\/wp\/v2\/comments?post=2411"}],"version-history":[{"count":9,"href":"https:\/\/www.el-pan-alegre.org\/wordpress\/wp-json\/wp\/v2\/posts\/2411\/revisions"}],"predecessor-version":[{"id":3043,"href":"https:\/\/www.el-pan-alegre.org\/wordpress\/wp-json\/wp\/v2\/posts\/2411\/revisions\/3043"}],"wp:attachment":[{"href":"https:\/\/www.el-pan-alegre.org\/wordpress\/wp-json\/wp\/v2\/media?parent=2411"}],"wp:term":[{"taxonomy":"category","embeddable":true,"href":"https:\/\/www.el-pan-alegre.org\/wordpress\/wp-json\/wp\/v2\/categories?post=2411"},{"taxonomy":"post_tag","embeddable":true,"href":"https:\/\/www.el-pan-alegre.org\/wordpress\/wp-json\/wp\/v2\/tags?post=2411"}],"curies":[{"name":"wp","href":"https:\/\/api.w.org\/{rel}","templated":true}]}}