{"id":2257,"date":"2019-10-06T20:12:22","date_gmt":"2019-10-06T18:12:22","guid":{"rendered":"https:\/\/www.el-pan-alegre.org\/wordpress\/?p=2257"},"modified":"2019-10-06T20:31:54","modified_gmt":"2019-10-06T18:31:54","slug":"koernerdetektive-im-kienbergpark","status":"publish","type":"post","link":"https:\/\/www.el-pan-alegre.org\/wordpress\/2257-koernerdetektive-im-kienbergpark\/","title":{"rendered":"K\u00f6rnerdetektive im Kienbergpark"},"content":{"rendered":"\n<p><\/p>\n\n\n\n<div class=\"wp-block-image\"><figure class=\"alignleft is-resized\"><img loading=\"lazy\" decoding=\"async\" src=\"https:\/\/www.el-pan-alegre.org\/wordpress\/wp-content\/uploads\/2019\/10\/02-649x1024.jpg\" alt=\"\" class=\"wp-image-2262\" width=\"216\" height=\"338\"\/><\/figure><\/div>\n\n\n\n<div class=\"wp-block-image\"><figure class=\"aligncenter is-resized\"><img loading=\"lazy\" decoding=\"async\" src=\"https:\/\/www.el-pan-alegre.org\/wordpress\/wp-content\/uploads\/2019\/10\/01-1.jpg\" alt=\"\" class=\"wp-image-2266\" width=\"262\" height=\"340\" srcset=\"https:\/\/www.el-pan-alegre.org\/wordpress\/wp-content\/uploads\/2019\/10\/01-1.jpg 493w, https:\/\/www.el-pan-alegre.org\/wordpress\/wp-content\/uploads\/2019\/10\/01-1-231x300.jpg 231w\" sizes=\"auto, (max-width: 262px) 100vw, 262px\" \/><\/figure><\/div>\n\n\n\n<p><\/p>\n\n\n\n<p><\/p>\n\n\n\n<p>Kaum hatte die Sonne gestern zum Erntedankwochenende die Regenwolken weggeschoben und begonnen, kleine und gro\u00dfe Menschen in den <a rel=\"noreferrer noopener\" aria-label=\"Kienbergpark (\u00f6ffnet in neuem Tab)\" href=\"https:\/\/gruen-berlin.de\/kienbergpark\" target=\"_blank\">Kienbergpark<\/a> mit seinen vielf\u00e4ltigen Anziehungspunkten zu locken, da bekam auch das <a rel=\"noreferrer noopener\" aria-label=\"UBZ (Umweltbildungszentrum) (\u00f6ffnet in neuem Tab)\" href=\"https:\/\/gruen-berlin.de\/kienbergpark\/umweltbildungszentrum\" target=\"_blank\">UBZ (Umweltbildungszentrum)<\/a> Besuch.<\/p>\n\n\n\n<div class=\"wp-block-image\"><figure class=\"alignleft is-resized\"><img loading=\"lazy\" decoding=\"async\" src=\"https:\/\/www.el-pan-alegre.org\/wordpress\/wp-content\/uploads\/2019\/10\/04-1.jpg\" alt=\"\" class=\"wp-image-2274\" width=\"289\" height=\"159\" srcset=\"https:\/\/www.el-pan-alegre.org\/wordpress\/wp-content\/uploads\/2019\/10\/04-1.jpg 972w, https:\/\/www.el-pan-alegre.org\/wordpress\/wp-content\/uploads\/2019\/10\/04-1-300x165.jpg 300w, https:\/\/www.el-pan-alegre.org\/wordpress\/wp-content\/uploads\/2019\/10\/04-1-768x421.jpg 768w, https:\/\/www.el-pan-alegre.org\/wordpress\/wp-content\/uploads\/2019\/10\/04-1-500x274.jpg 500w\" sizes=\"auto, (max-width: 289px) 100vw, 289px\" \/><\/figure><\/div>\n\n\n\n<div class=\"wp-block-image\"><figure class=\"aligncenter is-resized\"><img loading=\"lazy\" decoding=\"async\" src=\"https:\/\/www.el-pan-alegre.org\/wordpress\/wp-content\/uploads\/2019\/10\/06-2.jpg\" alt=\"\" class=\"wp-image-2276\" width=\"256\" height=\"159\" srcset=\"https:\/\/www.el-pan-alegre.org\/wordpress\/wp-content\/uploads\/2019\/10\/06-2.jpg 971w, https:\/\/www.el-pan-alegre.org\/wordpress\/wp-content\/uploads\/2019\/10\/06-2-300x186.jpg 300w, https:\/\/www.el-pan-alegre.org\/wordpress\/wp-content\/uploads\/2019\/10\/06-2-768x477.jpg 768w, https:\/\/www.el-pan-alegre.org\/wordpress\/wp-content\/uploads\/2019\/10\/06-2-483x300.jpg 483w\" sizes=\"auto, (max-width: 256px) 100vw, 256px\" \/><\/figure><\/div>\n\n\n\n<p style=\"text-align:left\">Vom anderen Ende Berlins, aus Lankwitz, kam ein Ehepaar, das schon im Fr\u00fchjahr bei uns den <a href=\"https:\/\/www.el-pan-alegre.org\/wordpress\/wissen\/themen\/amaranth\/\">Amaranth<\/a> kennenlernen wollte, es damals aber nicht geschafft hatte. Jetzt steuerten sie uns ganz gezielt an und wir genossen miteinander ein wunderbar inspirierendes Gespr\u00e4ch &#8211; nat\u00fcrlich unterst\u00fctzt von ein paar leckeren St\u00fcckchen <a rel=\"noreferrer noopener\" aria-label=\"Alegr\u00eda (\u00f6ffnet in neuem Tab)\" href=\"https:\/\/www.chefkoch.de\/rezepte\/drucken\/2412271381079145\/Alegria-Pop-Amaranth-Riegel.html\" target=\"_blank\">Alegr\u00eda<\/a> (dt.: &#8222;Freude&#8220;), der kraftvollen einfachen Amaranth-S\u00fc\u00dfigkeit.<\/p>\n\n\n\n<div class=\"wp-block-image\"><figure class=\"alignleft is-resized\"><img loading=\"lazy\" decoding=\"async\" src=\"https:\/\/www.el-pan-alegre.org\/wordpress\/wp-content\/uploads\/2019\/10\/05.jpg\" alt=\"\" class=\"wp-image-2279\" width=\"571\" height=\"464\"\/><\/figure><\/div>\n\n\n\n<p>Die produzierten wir gestern in gro\u00dfen Mengen, nicht zuletzt auch mit ganz besonderen kleinen G\u00e4sten: den K\u00f6rnerdetektiven!<\/p>\n\n\n\n<figure class=\"wp-block-image\"><img loading=\"lazy\" decoding=\"async\" width=\"793\" height=\"837\" src=\"https:\/\/www.el-pan-alegre.org\/wordpress\/wp-content\/uploads\/2019\/10\/Amaranth2.jpg\" alt=\"\" class=\"wp-image-2289\" srcset=\"https:\/\/www.el-pan-alegre.org\/wordpress\/wp-content\/uploads\/2019\/10\/Amaranth2.jpg 793w, https:\/\/www.el-pan-alegre.org\/wordpress\/wp-content\/uploads\/2019\/10\/Amaranth2-284x300.jpg 284w, https:\/\/www.el-pan-alegre.org\/wordpress\/wp-content\/uploads\/2019\/10\/Amaranth2-768x811.jpg 768w\" sizes=\"auto, (max-width: 793px) 100vw, 793px\" \/><\/figure>\n\n\n\n<figure class=\"wp-block-image\"><img loading=\"lazy\" decoding=\"async\" width=\"610\" height=\"477\" src=\"https:\/\/www.el-pan-alegre.org\/wordpress\/wp-content\/uploads\/2019\/10\/07-2.jpg\" alt=\"\" class=\"wp-image-2309\" srcset=\"https:\/\/www.el-pan-alegre.org\/wordpress\/wp-content\/uploads\/2019\/10\/07-2.jpg 610w, https:\/\/www.el-pan-alegre.org\/wordpress\/wp-content\/uploads\/2019\/10\/07-2-300x235.jpg 300w, https:\/\/www.el-pan-alegre.org\/wordpress\/wp-content\/uploads\/2019\/10\/07-2-384x300.jpg 384w\" sizes=\"auto, (max-width: 610px) 100vw, 610px\" \/><\/figure>\n\n\n\n<p>Sie haben ganz genau erforscht, wie die Riiiesenkraft der winzigkleinen, aber hoch n\u00e4hrstoffreichen Amaranth-K\u00f6rnchen erst in die Pflanzen (sie werden bis zu 3 Meter hoch!) und dann in uns Menschen \u00fcbergeht, wenn wir sie zu Mehl mahlen, im Topf zu Poppkorn aufploppen lassen oder wie Hirsebrei zu Brotaufstrich und anderen herzhaften oder s\u00fc\u00dfen K\u00f6stlichkeiten weiterverarbeiten (s. auch <strong><a href=\"https:\/\/www.el-pan-alegre.org\/wordpress\/galerie\/2012-abschlussfest-amaranth-kinderbaeckerei\/\">HIER<\/a><\/strong>).<\/p>\n\n\n\n<figure class=\"wp-block-image\"><img loading=\"lazy\" decoding=\"async\" width=\"1024\" height=\"671\" src=\"https:\/\/www.el-pan-alegre.org\/wordpress\/wp-content\/uploads\/2019\/10\/08-1-1024x671.jpg\" alt=\"\" class=\"wp-image-2290\" srcset=\"https:\/\/www.el-pan-alegre.org\/wordpress\/wp-content\/uploads\/2019\/10\/08-1-1024x671.jpg 1024w, https:\/\/www.el-pan-alegre.org\/wordpress\/wp-content\/uploads\/2019\/10\/08-1-300x197.jpg 300w, https:\/\/www.el-pan-alegre.org\/wordpress\/wp-content\/uploads\/2019\/10\/08-1-768x503.jpg 768w, https:\/\/www.el-pan-alegre.org\/wordpress\/wp-content\/uploads\/2019\/10\/08-1-458x300.jpg 458w, https:\/\/www.el-pan-alegre.org\/wordpress\/wp-content\/uploads\/2019\/10\/08-1.jpg 1862w\" sizes=\"auto, (max-width: 1024px) 100vw, 1024px\" \/><\/figure>\n\n\n\n<p><br><\/p>\n","protected":false},"excerpt":{"rendered":"<p>Kaum hatte die Sonne gestern zum Erntedankwochenende die Regenwolken weggeschoben und begonnen, kleine und gro\u00dfe Menschen in den Kienbergpark mit seinen vielf\u00e4ltigen Anziehungspunkten zu locken, da bekam auch das UBZ (Umweltbildungszentrum) Besuch. Vom anderen Ende Berlins, aus Lankwitz, kam ein &hellip; <a href=\"https:\/\/www.el-pan-alegre.org\/wordpress\/2257-koernerdetektive-im-kienbergpark\/\">Weiterlesen <span class=\"meta-nav\">&rarr;<\/span><\/a><\/p>\n","protected":false},"author":2,"featured_media":0,"comment_status":"closed","ping_status":"closed","sticky":false,"template":"","format":"standard","meta":{"jetpack_post_was_ever_published":false,"_jetpack_newsletter_access":"","_jetpack_dont_email_post_to_subs":false,"_jetpack_newsletter_tier_id":0,"_jetpack_memberships_contains_paywalled_content":false,"_jetpack_memberships_contains_paid_content":false,"footnotes":"","jetpack_publicize_message":"","jetpack_publicize_feature_enabled":true,"jetpack_social_post_already_shared":true,"jetpack_social_options":{"image_generator_settings":{"template":"highway","default_image_id":0,"font":"","enabled":false},"version":2}},"categories":[16,58,60,23,6,5,2,84,57,67,4],"tags":[],"class_list":["post-2257","post","type-post","status-publish","format-standard","hentry","category-amaranth","category-berlin-21-e-v","category-bildung-fuer-nachhaltige-entwicklung-bne","category-fotos","category-information","category-kommunikation","category-oeffentlichkeitsarbeit","category-renn","category-sdg-nachhaltigkeitsziele","category-umweltbildungszentrum-ubz-kienbergpark","category-veranstaltung"],"yoast_head":"<!-- This site is optimized with the Yoast SEO plugin v27.5 - https:\/\/yoast.com\/product\/yoast-seo-wordpress\/ -->\n<title>K\u00f6rnerdetektive im Kienbergpark - El Pan Alegre<\/title>\n<meta name=\"robots\" content=\"index, follow, max-snippet:-1, max-image-preview:large, max-video-preview:-1\" \/>\n<link rel=\"canonical\" href=\"https:\/\/www.el-pan-alegre.org\/wordpress\/2257-koernerdetektive-im-kienbergpark\/\" \/>\n<meta property=\"og:locale\" content=\"de_DE\" \/>\n<meta property=\"og:type\" content=\"article\" \/>\n<meta property=\"og:title\" content=\"K\u00f6rnerdetektive im Kienbergpark - El Pan Alegre\" \/>\n<meta property=\"og:description\" content=\"Kaum hatte die Sonne gestern zum Erntedankwochenende die Regenwolken weggeschoben und begonnen, kleine und gro\u00dfe Menschen in den Kienbergpark mit seinen vielf\u00e4ltigen Anziehungspunkten zu locken, da bekam auch das UBZ (Umweltbildungszentrum) Besuch. Vom anderen Ende Berlins, aus Lankwitz, kam ein &hellip; Weiterlesen &rarr;\" \/>\n<meta property=\"og:url\" content=\"https:\/\/www.el-pan-alegre.org\/wordpress\/2257-koernerdetektive-im-kienbergpark\/\" \/>\n<meta property=\"og:site_name\" content=\"El Pan Alegre\" \/>\n<meta property=\"article:published_time\" content=\"2019-10-06T18:12:22+00:00\" \/>\n<meta property=\"article:modified_time\" content=\"2019-10-06T18:31:54+00:00\" \/>\n<meta property=\"og:image\" content=\"https:\/\/www.el-pan-alegre.org\/wordpress\/wp-content\/uploads\/2019\/10\/02.jpg\" \/>\n\t<meta property=\"og:image:width\" content=\"828\" \/>\n\t<meta property=\"og:image:height\" content=\"1306\" \/>\n\t<meta property=\"og:image:type\" content=\"image\/jpeg\" \/>\n<meta name=\"author\" content=\"Madeleine Porr\" \/>\n<meta name=\"twitter:card\" content=\"summary_large_image\" \/>\n<meta name=\"twitter:label1\" content=\"Verfasst von\" \/>\n\t<meta name=\"twitter:data1\" content=\"Madeleine Porr\" \/>\n\t<meta name=\"twitter:label2\" content=\"Gesch\u00e4tzte Lesezeit\" \/>\n\t<meta name=\"twitter:data2\" content=\"1\u00a0Minute\" \/>\n<script type=\"application\/ld+json\" class=\"yoast-schema-graph\">{\"@context\":\"https:\\\/\\\/schema.org\",\"@graph\":[{\"@type\":\"Article\",\"@id\":\"https:\\\/\\\/www.el-pan-alegre.org\\\/wordpress\\\/2257-koernerdetektive-im-kienbergpark\\\/#article\",\"isPartOf\":{\"@id\":\"https:\\\/\\\/www.el-pan-alegre.org\\\/wordpress\\\/2257-koernerdetektive-im-kienbergpark\\\/\"},\"author\":{\"name\":\"Madeleine Porr\",\"@id\":\"https:\\\/\\\/www.el-pan-alegre.org\\\/wordpress\\\/#\\\/schema\\\/person\\\/39b853679289f55293e37b53abdfb35e\"},\"headline\":\"K\u00f6rnerdetektive im Kienbergpark\",\"datePublished\":\"2019-10-06T18:12:22+00:00\",\"dateModified\":\"2019-10-06T18:31:54+00:00\",\"mainEntityOfPage\":{\"@id\":\"https:\\\/\\\/www.el-pan-alegre.org\\\/wordpress\\\/2257-koernerdetektive-im-kienbergpark\\\/\"},\"wordCount\":181,\"image\":{\"@id\":\"https:\\\/\\\/www.el-pan-alegre.org\\\/wordpress\\\/2257-koernerdetektive-im-kienbergpark\\\/#primaryimage\"},\"thumbnailUrl\":\"https:\\\/\\\/www.el-pan-alegre.org\\\/wordpress\\\/wp-content\\\/uploads\\\/2019\\\/10\\\/02-649x1024.jpg\",\"articleSection\":[\"Amaranth\",\"Berlin 21 e.V.\",\"Bildung f\u00fcr nachhaltige Entwicklung (BNE)\",\"Fotos\",\"Information\",\"Kommunikation\",\"\u00d6ffentlichkeitsarbeit\",\"RENN\",\"SDG - Nachhaltigkeitsziele\",\"Umweltbildungszentrum (UBZ) Kienbergpark\",\"Veranstaltung\"],\"inLanguage\":\"de\"},{\"@type\":\"WebPage\",\"@id\":\"https:\\\/\\\/www.el-pan-alegre.org\\\/wordpress\\\/2257-koernerdetektive-im-kienbergpark\\\/\",\"url\":\"https:\\\/\\\/www.el-pan-alegre.org\\\/wordpress\\\/2257-koernerdetektive-im-kienbergpark\\\/\",\"name\":\"K\u00f6rnerdetektive im Kienbergpark - El Pan Alegre\",\"isPartOf\":{\"@id\":\"https:\\\/\\\/www.el-pan-alegre.org\\\/wordpress\\\/#website\"},\"primaryImageOfPage\":{\"@id\":\"https:\\\/\\\/www.el-pan-alegre.org\\\/wordpress\\\/2257-koernerdetektive-im-kienbergpark\\\/#primaryimage\"},\"image\":{\"@id\":\"https:\\\/\\\/www.el-pan-alegre.org\\\/wordpress\\\/2257-koernerdetektive-im-kienbergpark\\\/#primaryimage\"},\"thumbnailUrl\":\"https:\\\/\\\/www.el-pan-alegre.org\\\/wordpress\\\/wp-content\\\/uploads\\\/2019\\\/10\\\/02-649x1024.jpg\",\"datePublished\":\"2019-10-06T18:12:22+00:00\",\"dateModified\":\"2019-10-06T18:31:54+00:00\",\"author\":{\"@id\":\"https:\\\/\\\/www.el-pan-alegre.org\\\/wordpress\\\/#\\\/schema\\\/person\\\/39b853679289f55293e37b53abdfb35e\"},\"breadcrumb\":{\"@id\":\"https:\\\/\\\/www.el-pan-alegre.org\\\/wordpress\\\/2257-koernerdetektive-im-kienbergpark\\\/#breadcrumb\"},\"inLanguage\":\"de\",\"potentialAction\":[{\"@type\":\"ReadAction\",\"target\":[\"https:\\\/\\\/www.el-pan-alegre.org\\\/wordpress\\\/2257-koernerdetektive-im-kienbergpark\\\/\"]}]},{\"@type\":\"ImageObject\",\"inLanguage\":\"de\",\"@id\":\"https:\\\/\\\/www.el-pan-alegre.org\\\/wordpress\\\/2257-koernerdetektive-im-kienbergpark\\\/#primaryimage\",\"url\":\"https:\\\/\\\/www.el-pan-alegre.org\\\/wordpress\\\/wp-content\\\/uploads\\\/2019\\\/10\\\/02.jpg\",\"contentUrl\":\"https:\\\/\\\/www.el-pan-alegre.org\\\/wordpress\\\/wp-content\\\/uploads\\\/2019\\\/10\\\/02.jpg\",\"width\":828,\"height\":1306},{\"@type\":\"BreadcrumbList\",\"@id\":\"https:\\\/\\\/www.el-pan-alegre.org\\\/wordpress\\\/2257-koernerdetektive-im-kienbergpark\\\/#breadcrumb\",\"itemListElement\":[{\"@type\":\"ListItem\",\"position\":1,\"name\":\"Home\",\"item\":\"https:\\\/\\\/www.el-pan-alegre.org\\\/wordpress\\\/\"},{\"@type\":\"ListItem\",\"position\":2,\"name\":\"K\u00f6rnerdetektive im Kienbergpark\"}]},{\"@type\":\"WebSite\",\"@id\":\"https:\\\/\\\/www.el-pan-alegre.org\\\/wordpress\\\/#website\",\"url\":\"https:\\\/\\\/www.el-pan-alegre.org\\\/wordpress\\\/\",\"name\":\"El Pan Alegre\",\"description\":\"Das Fr\u00f6hliche Brot\",\"potentialAction\":[{\"@type\":\"SearchAction\",\"target\":{\"@type\":\"EntryPoint\",\"urlTemplate\":\"https:\\\/\\\/www.el-pan-alegre.org\\\/wordpress\\\/?s={search_term_string}\"},\"query-input\":{\"@type\":\"PropertyValueSpecification\",\"valueRequired\":true,\"valueName\":\"search_term_string\"}}],\"inLanguage\":\"de\"},{\"@type\":\"Person\",\"@id\":\"https:\\\/\\\/www.el-pan-alegre.org\\\/wordpress\\\/#\\\/schema\\\/person\\\/39b853679289f55293e37b53abdfb35e\",\"name\":\"Madeleine Porr\",\"image\":{\"@type\":\"ImageObject\",\"inLanguage\":\"de\",\"@id\":\"https:\\\/\\\/secure.gravatar.com\\\/avatar\\\/220f262381e6da1a53e3f4626f455dc2c5f03e3a01d49b4ee64a83051cd54bb1?s=96&d=identicon&r=g\",\"url\":\"https:\\\/\\\/secure.gravatar.com\\\/avatar\\\/220f262381e6da1a53e3f4626f455dc2c5f03e3a01d49b4ee64a83051cd54bb1?s=96&d=identicon&r=g\",\"contentUrl\":\"https:\\\/\\\/secure.gravatar.com\\\/avatar\\\/220f262381e6da1a53e3f4626f455dc2c5f03e3a01d49b4ee64a83051cd54bb1?s=96&d=identicon&r=g\",\"caption\":\"Madeleine Porr\"},\"url\":\"https:\\\/\\\/www.el-pan-alegre.org\\\/wordpress\\\/author\\\/madeleine\\\/\"}]}<\/script>\n<!-- \/ Yoast SEO plugin. -->","yoast_head_json":{"title":"K\u00f6rnerdetektive im Kienbergpark - El Pan Alegre","robots":{"index":"index","follow":"follow","max-snippet":"max-snippet:-1","max-image-preview":"max-image-preview:large","max-video-preview":"max-video-preview:-1"},"canonical":"https:\/\/www.el-pan-alegre.org\/wordpress\/2257-koernerdetektive-im-kienbergpark\/","og_locale":"de_DE","og_type":"article","og_title":"K\u00f6rnerdetektive im Kienbergpark - El Pan Alegre","og_description":"Kaum hatte die Sonne gestern zum Erntedankwochenende die Regenwolken weggeschoben und begonnen, kleine und gro\u00dfe Menschen in den Kienbergpark mit seinen vielf\u00e4ltigen Anziehungspunkten zu locken, da bekam auch das UBZ (Umweltbildungszentrum) Besuch. Vom anderen Ende Berlins, aus Lankwitz, kam ein &hellip; Weiterlesen &rarr;","og_url":"https:\/\/www.el-pan-alegre.org\/wordpress\/2257-koernerdetektive-im-kienbergpark\/","og_site_name":"El Pan Alegre","article_published_time":"2019-10-06T18:12:22+00:00","article_modified_time":"2019-10-06T18:31:54+00:00","og_image":[{"width":828,"height":1306,"url":"https:\/\/www.el-pan-alegre.org\/wordpress\/wp-content\/uploads\/2019\/10\/02.jpg","type":"image\/jpeg"}],"author":"Madeleine Porr","twitter_card":"summary_large_image","twitter_misc":{"Verfasst von":"Madeleine Porr","Gesch\u00e4tzte Lesezeit":"1\u00a0Minute"},"schema":{"@context":"https:\/\/schema.org","@graph":[{"@type":"Article","@id":"https:\/\/www.el-pan-alegre.org\/wordpress\/2257-koernerdetektive-im-kienbergpark\/#article","isPartOf":{"@id":"https:\/\/www.el-pan-alegre.org\/wordpress\/2257-koernerdetektive-im-kienbergpark\/"},"author":{"name":"Madeleine Porr","@id":"https:\/\/www.el-pan-alegre.org\/wordpress\/#\/schema\/person\/39b853679289f55293e37b53abdfb35e"},"headline":"K\u00f6rnerdetektive im Kienbergpark","datePublished":"2019-10-06T18:12:22+00:00","dateModified":"2019-10-06T18:31:54+00:00","mainEntityOfPage":{"@id":"https:\/\/www.el-pan-alegre.org\/wordpress\/2257-koernerdetektive-im-kienbergpark\/"},"wordCount":181,"image":{"@id":"https:\/\/www.el-pan-alegre.org\/wordpress\/2257-koernerdetektive-im-kienbergpark\/#primaryimage"},"thumbnailUrl":"https:\/\/www.el-pan-alegre.org\/wordpress\/wp-content\/uploads\/2019\/10\/02-649x1024.jpg","articleSection":["Amaranth","Berlin 21 e.V.","Bildung f\u00fcr nachhaltige Entwicklung (BNE)","Fotos","Information","Kommunikation","\u00d6ffentlichkeitsarbeit","RENN","SDG - Nachhaltigkeitsziele","Umweltbildungszentrum (UBZ) Kienbergpark","Veranstaltung"],"inLanguage":"de"},{"@type":"WebPage","@id":"https:\/\/www.el-pan-alegre.org\/wordpress\/2257-koernerdetektive-im-kienbergpark\/","url":"https:\/\/www.el-pan-alegre.org\/wordpress\/2257-koernerdetektive-im-kienbergpark\/","name":"K\u00f6rnerdetektive im Kienbergpark - El Pan Alegre","isPartOf":{"@id":"https:\/\/www.el-pan-alegre.org\/wordpress\/#website"},"primaryImageOfPage":{"@id":"https:\/\/www.el-pan-alegre.org\/wordpress\/2257-koernerdetektive-im-kienbergpark\/#primaryimage"},"image":{"@id":"https:\/\/www.el-pan-alegre.org\/wordpress\/2257-koernerdetektive-im-kienbergpark\/#primaryimage"},"thumbnailUrl":"https:\/\/www.el-pan-alegre.org\/wordpress\/wp-content\/uploads\/2019\/10\/02-649x1024.jpg","datePublished":"2019-10-06T18:12:22+00:00","dateModified":"2019-10-06T18:31:54+00:00","author":{"@id":"https:\/\/www.el-pan-alegre.org\/wordpress\/#\/schema\/person\/39b853679289f55293e37b53abdfb35e"},"breadcrumb":{"@id":"https:\/\/www.el-pan-alegre.org\/wordpress\/2257-koernerdetektive-im-kienbergpark\/#breadcrumb"},"inLanguage":"de","potentialAction":[{"@type":"ReadAction","target":["https:\/\/www.el-pan-alegre.org\/wordpress\/2257-koernerdetektive-im-kienbergpark\/"]}]},{"@type":"ImageObject","inLanguage":"de","@id":"https:\/\/www.el-pan-alegre.org\/wordpress\/2257-koernerdetektive-im-kienbergpark\/#primaryimage","url":"https:\/\/www.el-pan-alegre.org\/wordpress\/wp-content\/uploads\/2019\/10\/02.jpg","contentUrl":"https:\/\/www.el-pan-alegre.org\/wordpress\/wp-content\/uploads\/2019\/10\/02.jpg","width":828,"height":1306},{"@type":"BreadcrumbList","@id":"https:\/\/www.el-pan-alegre.org\/wordpress\/2257-koernerdetektive-im-kienbergpark\/#breadcrumb","itemListElement":[{"@type":"ListItem","position":1,"name":"Home","item":"https:\/\/www.el-pan-alegre.org\/wordpress\/"},{"@type":"ListItem","position":2,"name":"K\u00f6rnerdetektive im Kienbergpark"}]},{"@type":"WebSite","@id":"https:\/\/www.el-pan-alegre.org\/wordpress\/#website","url":"https:\/\/www.el-pan-alegre.org\/wordpress\/","name":"El Pan Alegre","description":"Das Fr\u00f6hliche Brot","potentialAction":[{"@type":"SearchAction","target":{"@type":"EntryPoint","urlTemplate":"https:\/\/www.el-pan-alegre.org\/wordpress\/?s={search_term_string}"},"query-input":{"@type":"PropertyValueSpecification","valueRequired":true,"valueName":"search_term_string"}}],"inLanguage":"de"},{"@type":"Person","@id":"https:\/\/www.el-pan-alegre.org\/wordpress\/#\/schema\/person\/39b853679289f55293e37b53abdfb35e","name":"Madeleine Porr","image":{"@type":"ImageObject","inLanguage":"de","@id":"https:\/\/secure.gravatar.com\/avatar\/220f262381e6da1a53e3f4626f455dc2c5f03e3a01d49b4ee64a83051cd54bb1?s=96&d=identicon&r=g","url":"https:\/\/secure.gravatar.com\/avatar\/220f262381e6da1a53e3f4626f455dc2c5f03e3a01d49b4ee64a83051cd54bb1?s=96&d=identicon&r=g","contentUrl":"https:\/\/secure.gravatar.com\/avatar\/220f262381e6da1a53e3f4626f455dc2c5f03e3a01d49b4ee64a83051cd54bb1?s=96&d=identicon&r=g","caption":"Madeleine Porr"},"url":"https:\/\/www.el-pan-alegre.org\/wordpress\/author\/madeleine\/"}]}},"jetpack_publicize_connections":[],"jetpack_featured_media_url":"","jetpack_sharing_enabled":true,"jetpack_shortlink":"https:\/\/wp.me\/p62TDh-Ap","jetpack-related-posts":[{"id":2900,"url":"https:\/\/www.el-pan-alegre.org\/wordpress\/2900-sommer-erlebnistag-im-kienbergpark-am-1-7-natuerlich-auch-mit-dem-amaranth\/","url_meta":{"origin":2257,"position":0},"title":"Sommer-Erlebnistag im Kienbergpark am 1.7. &#8211; nat\u00fcrlich auch mit dem Amaranth!","author":"Madeleine Porr","date":"25. Juni 2023","format":false,"excerpt":"Campus Stadt Natur - Umweltbildungszentrum (UBZ) Kienbergpark \"Starke Stadtnatur erleben mit Angeboten f\u00fcr Gro\u00df und Klein\" - so l\u00e4dt das Umweltbildungszentrum (UBZ) Kienbergpark f\u00fcr n\u00e4chsten Samstag von 11-17 Uhr wieder die Familien und (andere) Stadt-G\u00e4rtner*innen zu sich ein. Und nat\u00fcrlich werden sie da auch alle den AMARANTH wiedertreffen k\u00f6nnen ...\u2026","rel":"","context":"In &quot;Allgemein&quot;","block_context":{"text":"Allgemein","link":"https:\/\/www.el-pan-alegre.org\/wordpress\/kategorie\/allgemein\/"},"img":{"alt_text":"","src":"https:\/\/i0.wp.com\/www.el-pan-alegre.org\/wordpress\/wp-content\/uploads\/2023\/06\/UBZ-Campus-Stadtnatur.jpg?resize=350%2C200&ssl=1","width":350,"height":200},"classes":[]},{"id":2657,"url":"https:\/\/www.el-pan-alegre.org\/wordpress\/2657-amaranth-endlich-wieder-live\/","url_meta":{"origin":2257,"position":1},"title":"Amaranth endlich wieder live!","author":"Madeleine Porr","date":"31. Oktober 2021","format":false,"excerpt":"Im September und Oktober konnten kleine und gro\u00dfe Besucher*innen im Berliner Umweltbildungszentrum (UBZ) Kienbergpark endlich wieder die Power-Pflanze Amaranth treffen - und die kraftvollen S\u00fc\u00dfigkeiten knuspern, die sich aus einfachen Zutaten aus ihr herstellen lassen. Die Rezepte dazu und was die Kinder auch mit den Amaranth-Bl\u00e4ttern anstellen k\u00f6nnen, seht Ihr\u2026","rel":"","context":"In &quot;Allgemein&quot;","block_context":{"text":"Allgemein","link":"https:\/\/www.el-pan-alegre.org\/wordpress\/kategorie\/allgemein\/"},"img":{"alt_text":"","src":"https:\/\/i0.wp.com\/www.el-pan-alegre.org\/wordpress\/wp-content\/uploads\/2021\/12\/20.jpg?resize=350%2C200&ssl=1","width":350,"height":200,"srcset":"https:\/\/i0.wp.com\/www.el-pan-alegre.org\/wordpress\/wp-content\/uploads\/2021\/12\/20.jpg?resize=350%2C200&ssl=1 1x, https:\/\/i0.wp.com\/www.el-pan-alegre.org\/wordpress\/wp-content\/uploads\/2021\/12\/20.jpg?resize=525%2C300&ssl=1 1.5x, https:\/\/i0.wp.com\/www.el-pan-alegre.org\/wordpress\/wp-content\/uploads\/2021\/12\/20.jpg?resize=700%2C400&ssl=1 2x, https:\/\/i0.wp.com\/www.el-pan-alegre.org\/wordpress\/wp-content\/uploads\/2021\/12\/20.jpg?resize=1050%2C600&ssl=1 3x, https:\/\/i0.wp.com\/www.el-pan-alegre.org\/wordpress\/wp-content\/uploads\/2021\/12\/20.jpg?resize=1400%2C800&ssl=1 4x"},"classes":[]},{"id":2105,"url":"https:\/\/www.el-pan-alegre.org\/wordpress\/2105-fruehlings-erwachen\/","url_meta":{"origin":2257,"position":2},"title":"Fr\u00fchlings Erwachen &#8230;","author":"Madeleine Porr","date":"23. Mai 2019","format":false,"excerpt":"Am Pfingstsamstag, 8.6.19, ist der Amaranth wieder im Kienbergpark!","rel":"","context":"In &quot;Allgemein&quot;","block_context":{"text":"Allgemein","link":"https:\/\/www.el-pan-alegre.org\/wordpress\/kategorie\/allgemein\/"},"img":{"alt_text":"","src":"https:\/\/i0.wp.com\/www.el-pan-alegre.org\/wordpress\/wp-content\/uploads\/2019\/06\/ubz_banner_neu_0.jpg?resize=350%2C200&ssl=1","width":350,"height":200,"srcset":"https:\/\/i0.wp.com\/www.el-pan-alegre.org\/wordpress\/wp-content\/uploads\/2019\/06\/ubz_banner_neu_0.jpg?resize=350%2C200&ssl=1 1x, https:\/\/i0.wp.com\/www.el-pan-alegre.org\/wordpress\/wp-content\/uploads\/2019\/06\/ubz_banner_neu_0.jpg?resize=525%2C300&ssl=1 1.5x, https:\/\/i0.wp.com\/www.el-pan-alegre.org\/wordpress\/wp-content\/uploads\/2019\/06\/ubz_banner_neu_0.jpg?resize=700%2C400&ssl=1 2x, https:\/\/i0.wp.com\/www.el-pan-alegre.org\/wordpress\/wp-content\/uploads\/2019\/06\/ubz_banner_neu_0.jpg?resize=1050%2C600&ssl=1 3x, https:\/\/i0.wp.com\/www.el-pan-alegre.org\/wordpress\/wp-content\/uploads\/2019\/06\/ubz_banner_neu_0.jpg?resize=1400%2C800&ssl=1 4x"},"classes":[]},{"id":2250,"url":"https:\/\/www.el-pan-alegre.org\/wordpress\/2250-erntedankzeit\/","url_meta":{"origin":2257,"position":3},"title":"Erntedankzeit","author":"Madeleine Porr","date":"1. Oktober 2019","format":false,"excerpt":"Die Pflanzen sind geerntet, die K\u00f6rner getrocknet: Es ist Zeit f\u00fcr neue ALEGR\u00cdA, die AMARANTH-S\u00fc\u00dfigkeit mit der Riiiesenkraft f\u00fcr winterstarke und schlaue Kinder & Familien! Am kommenden Samstag, dem 5.10.19, 11.30-17 Uhr, findet Ihr uns wieder im Umweltbildungszentrum (UBZ) Kienbergpark und k\u00f6nnt mit uns herausfinden, warum und wie Euch dieses\u2026","rel":"","context":"In &quot;Amaranth&quot;","block_context":{"text":"Amaranth","link":"https:\/\/www.el-pan-alegre.org\/wordpress\/kategorie\/amaranth\/"},"img":{"alt_text":"","src":"https:\/\/i0.wp.com\/www.el-pan-alegre.org\/wordpress\/wp-content\/uploads\/2019\/10\/Amaranth-1-150x150.jpg?resize=350%2C200&ssl=1","width":350,"height":200},"classes":[]},{"id":2710,"url":"https:\/\/www.el-pan-alegre.org\/wordpress\/2710-staerkung-fuer-den-herbst-workshop-wochenende-mit-dem-amaranth\/","url_meta":{"origin":2257,"position":4},"title":"St\u00e4rkung f\u00fcr den Herbst: Workshop-Wochenende mit dem Amaranth!!","author":"Madeleine Porr","date":"16. September 2022","format":false,"excerpt":"Gleich an 2 Tagen hintereinander findet an diesem Wochenende - wieder in Zusammenarbeit mit Berlin 21 - im Umweltbildungszentrum (UBZ) Kienbergpark unser Workshopangebot f\u00fcr Familien rund um das Powerkorn Amaranth statt: Samstag, 17.9., 12:30-18:00 Uhr: \"Amaranth - das starke Korn f\u00fcr starke Familien\" Sonntag, 18.9., 12:30-18:00 Uhr: \"Nachhaltigkeit im Alltag:\u2026","rel":"","context":"In &quot;Allgemein&quot;","block_context":{"text":"Allgemein","link":"https:\/\/www.el-pan-alegre.org\/wordpress\/kategorie\/allgemein\/"},"img":{"alt_text":"","src":"https:\/\/i0.wp.com\/www.el-pan-alegre.org\/wordpress\/wp-content\/uploads\/2022\/09\/Lage-UBZ.jpg?resize=350%2C200&ssl=1","width":350,"height":200},"classes":[]},{"id":2545,"url":"https:\/\/www.el-pan-alegre.org\/wordpress\/2545-jetzt-auch-als-video-fur-kinder-die-zauberpflanze-amaranth\/","url_meta":{"origin":2257,"position":5},"title":"Jetzt auch als Video f\u00fcr Kinder: die Zauberpflanze Amaranth","author":"Madeleine Porr","date":"6. Januar 2021","format":false,"excerpt":"(Vorab-Ver\u00f6ffentlichung der Videos mit freundlicher Genehmigung von UBZ-digital\/Gr\u00fcn Berlin) Wollt Ihr herausfinden, warum der Amaranth eine echte Zauberpflanze mit Riiiesenkr\u00e4ften ist? - Wie die Amaranth-Zauberkraft in unseren K\u00f6rper gelangt und uns stark und schlau und fr\u00f6hlich machen kann? - Und warum eine gesunde Ern\u00e4hrung nicht nur uns Menschen gut tut,\u2026","rel":"","context":"In &quot;Allgemein&quot;","block_context":{"text":"Allgemein","link":"https:\/\/www.el-pan-alegre.org\/wordpress\/kategorie\/allgemein\/"},"img":{"alt_text":"","src":"https:\/\/i0.wp.com\/www.el-pan-alegre.org\/wordpress\/wp-content\/uploads\/2021\/01\/UBZdigital_Youtube-Thumbnail_mUBZ.jpg?resize=350%2C200&ssl=1","width":350,"height":200,"srcset":"https:\/\/i0.wp.com\/www.el-pan-alegre.org\/wordpress\/wp-content\/uploads\/2021\/01\/UBZdigital_Youtube-Thumbnail_mUBZ.jpg?resize=350%2C200&ssl=1 1x, https:\/\/i0.wp.com\/www.el-pan-alegre.org\/wordpress\/wp-content\/uploads\/2021\/01\/UBZdigital_Youtube-Thumbnail_mUBZ.jpg?resize=525%2C300&ssl=1 1.5x, https:\/\/i0.wp.com\/www.el-pan-alegre.org\/wordpress\/wp-content\/uploads\/2021\/01\/UBZdigital_Youtube-Thumbnail_mUBZ.jpg?resize=700%2C400&ssl=1 2x, https:\/\/i0.wp.com\/www.el-pan-alegre.org\/wordpress\/wp-content\/uploads\/2021\/01\/UBZdigital_Youtube-Thumbnail_mUBZ.jpg?resize=1050%2C600&ssl=1 3x, https:\/\/i0.wp.com\/www.el-pan-alegre.org\/wordpress\/wp-content\/uploads\/2021\/01\/UBZdigital_Youtube-Thumbnail_mUBZ.jpg?resize=1400%2C800&ssl=1 4x"},"classes":[]}],"_links":{"self":[{"href":"https:\/\/www.el-pan-alegre.org\/wordpress\/wp-json\/wp\/v2\/posts\/2257","targetHints":{"allow":["GET"]}}],"collection":[{"href":"https:\/\/www.el-pan-alegre.org\/wordpress\/wp-json\/wp\/v2\/posts"}],"about":[{"href":"https:\/\/www.el-pan-alegre.org\/wordpress\/wp-json\/wp\/v2\/types\/post"}],"author":[{"embeddable":true,"href":"https:\/\/www.el-pan-alegre.org\/wordpress\/wp-json\/wp\/v2\/users\/2"}],"replies":[{"embeddable":true,"href":"https:\/\/www.el-pan-alegre.org\/wordpress\/wp-json\/wp\/v2\/comments?post=2257"}],"version-history":[{"count":35,"href":"https:\/\/www.el-pan-alegre.org\/wordpress\/wp-json\/wp\/v2\/posts\/2257\/revisions"}],"predecessor-version":[{"id":2310,"href":"https:\/\/www.el-pan-alegre.org\/wordpress\/wp-json\/wp\/v2\/posts\/2257\/revisions\/2310"}],"wp:attachment":[{"href":"https:\/\/www.el-pan-alegre.org\/wordpress\/wp-json\/wp\/v2\/media?parent=2257"}],"wp:term":[{"taxonomy":"category","embeddable":true,"href":"https:\/\/www.el-pan-alegre.org\/wordpress\/wp-json\/wp\/v2\/categories?post=2257"},{"taxonomy":"post_tag","embeddable":true,"href":"https:\/\/www.el-pan-alegre.org\/wordpress\/wp-json\/wp\/v2\/tags?post=2257"}],"curies":[{"name":"wp","href":"https:\/\/api.w.org\/{rel}","templated":true}]}}