{"id":2250,"date":"2019-10-01T09:12:05","date_gmt":"2019-10-01T07:12:05","guid":{"rendered":"https:\/\/www.el-pan-alegre.org\/wordpress\/?p=2250"},"modified":"2019-10-01T09:12:10","modified_gmt":"2019-10-01T07:12:10","slug":"erntedankzeit","status":"publish","type":"post","link":"https:\/\/www.el-pan-alegre.org\/wordpress\/2250-erntedankzeit\/","title":{"rendered":"Erntedankzeit"},"content":{"rendered":"\n<ul class=\"wp-block-gallery columns-2 is-cropped wp-block-gallery-1 is-layout-flex wp-block-gallery-is-layout-flex\"><li class=\"blocks-gallery-item\"><figure><img loading=\"lazy\" decoding=\"async\" width=\"381\" height=\"323\" src=\"https:\/\/www.el-pan-alegre.org\/wordpress\/wp-content\/uploads\/2019\/10\/Amaranth-1.jpg\" alt=\"\" data-id=\"2251\" class=\"wp-image-2251\" srcset=\"https:\/\/www.el-pan-alegre.org\/wordpress\/wp-content\/uploads\/2019\/10\/Amaranth-1.jpg 381w, https:\/\/www.el-pan-alegre.org\/wordpress\/wp-content\/uploads\/2019\/10\/Amaranth-1-300x254.jpg 300w, https:\/\/www.el-pan-alegre.org\/wordpress\/wp-content\/uploads\/2019\/10\/Amaranth-1-354x300.jpg 354w\" sizes=\"auto, (max-width: 381px) 100vw, 381px\" \/><\/figure><\/li><li class=\"blocks-gallery-item\"><figure><img loading=\"lazy\" decoding=\"async\" width=\"569\" height=\"432\" src=\"https:\/\/www.el-pan-alegre.org\/wordpress\/wp-content\/uploads\/2019\/10\/Alegria-2.jpg\" alt=\"\" data-id=\"2253\" data-link=\"https:\/\/www.el-pan-alegre.org\/wordpress\/?attachment_id=2253\" class=\"wp-image-2253\" srcset=\"https:\/\/www.el-pan-alegre.org\/wordpress\/wp-content\/uploads\/2019\/10\/Alegria-2.jpg 569w, https:\/\/www.el-pan-alegre.org\/wordpress\/wp-content\/uploads\/2019\/10\/Alegria-2-300x228.jpg 300w, https:\/\/www.el-pan-alegre.org\/wordpress\/wp-content\/uploads\/2019\/10\/Alegria-2-395x300.jpg 395w\" sizes=\"auto, (max-width: 569px) 100vw, 569px\" \/><\/figure><\/li><\/ul>\n\n\n\n<p>Die Pflanzen sind geerntet, die K\u00f6rner getrocknet: Es ist Zeit f\u00fcr neue <a rel=\"noreferrer noopener\" aria-label=\"ALEGR\u00cdA (\u00f6ffnet in neuem Tab)\" href=\"https:\/\/gruen-berlin.de\/veranstaltung\/amaranth-das-globale-powerkorn-0\" target=\"_blank\">ALEGR\u00cdA<\/a>, die AMARANTH-S\u00fc\u00dfigkeit mit der Riiiesenkraft f\u00fcr winterstarke und schlaue Kinder &amp; Familien!<\/p>\n\n\n\n<p>Am kommenden Samstag, dem 5.10.19, 11.30-17 Uhr, findet Ihr uns wieder im <a rel=\"noreferrer noopener\" aria-label=\"Umweltbildungszentrum (UBZ) Kienbergpark (\u00f6ffnet in neuem Tab)\" href=\"https:\/\/gruen-berlin.de\/kienbergpark\/umweltbildungszentrum\" target=\"_blank\">Umweltbildungszentrum (UBZ) Kienbergpark<\/a> und k\u00f6nnt mit uns herausfinden, warum und wie Euch dieses einzigartige Nahrungsmittel Kraft f\u00fcr den Alltag, die Schule und die Arbeit schenken kann.<\/p>\n\n\n\n<p>Wir freuen uns auf Euch!<\/p>\n","protected":false},"excerpt":{"rendered":"<p>Die Pflanzen sind geerntet, die K\u00f6rner getrocknet: Es ist Zeit f\u00fcr neue ALEGR\u00cdA, die AMARANTH-S\u00fc\u00dfigkeit mit der Riiiesenkraft f\u00fcr winterstarke und schlaue Kinder &amp; Familien! Am kommenden Samstag, dem 5.10.19, 11.30-17 Uhr, findet Ihr uns wieder im Umweltbildungszentrum (UBZ) Kienbergpark &hellip; <a href=\"https:\/\/www.el-pan-alegre.org\/wordpress\/2250-erntedankzeit\/\">Weiterlesen <span class=\"meta-nav\">&rarr;<\/span><\/a><\/p>\n","protected":false},"author":2,"featured_media":0,"comment_status":"closed","ping_status":"closed","sticky":false,"template":"","format":"standard","meta":{"jetpack_post_was_ever_published":false,"_jetpack_newsletter_access":"","_jetpack_dont_email_post_to_subs":false,"_jetpack_newsletter_tier_id":0,"_jetpack_memberships_contains_paywalled_content":false,"_jetpack_memberships_contains_paid_content":false,"footnotes":"","jetpack_publicize_message":"","jetpack_publicize_feature_enabled":true,"jetpack_social_post_already_shared":true,"jetpack_social_options":{"image_generator_settings":{"template":"highway","default_image_id":0,"font":"","enabled":false},"version":2}},"categories":[16,58,60,14,6,5,2,57,67,4],"tags":[],"class_list":["post-2250","post","type-post","status-publish","format-standard","hentry","category-amaranth","category-berlin-21-e-v","category-bildung-fuer-nachhaltige-entwicklung-bne","category-energie","category-information","category-kommunikation","category-oeffentlichkeitsarbeit","category-sdg-nachhaltigkeitsziele","category-umweltbildungszentrum-ubz-kienbergpark","category-veranstaltung"],"yoast_head":"<!-- This site is optimized with the Yoast SEO plugin v27.5 - https:\/\/yoast.com\/product\/yoast-seo-wordpress\/ -->\n<title>Erntedankzeit - El Pan Alegre<\/title>\n<meta name=\"robots\" content=\"index, follow, max-snippet:-1, max-image-preview:large, max-video-preview:-1\" \/>\n<link rel=\"canonical\" href=\"https:\/\/www.el-pan-alegre.org\/wordpress\/2250-erntedankzeit\/\" \/>\n<meta property=\"og:locale\" content=\"de_DE\" \/>\n<meta property=\"og:type\" content=\"article\" \/>\n<meta property=\"og:title\" content=\"Erntedankzeit - El Pan Alegre\" \/>\n<meta property=\"og:description\" content=\"Die Pflanzen sind geerntet, die K\u00f6rner getrocknet: Es ist Zeit f\u00fcr neue ALEGR\u00cdA, die AMARANTH-S\u00fc\u00dfigkeit mit der Riiiesenkraft f\u00fcr winterstarke und schlaue Kinder &amp; Familien! Am kommenden Samstag, dem 5.10.19, 11.30-17 Uhr, findet Ihr uns wieder im Umweltbildungszentrum (UBZ) Kienbergpark &hellip; Weiterlesen &rarr;\" \/>\n<meta property=\"og:url\" content=\"https:\/\/www.el-pan-alegre.org\/wordpress\/2250-erntedankzeit\/\" \/>\n<meta property=\"og:site_name\" content=\"El Pan Alegre\" \/>\n<meta property=\"article:published_time\" content=\"2019-10-01T07:12:05+00:00\" \/>\n<meta property=\"article:modified_time\" content=\"2019-10-01T07:12:10+00:00\" \/>\n<meta property=\"og:image\" content=\"https:\/\/www.el-pan-alegre.org\/wordpress\/wp-content\/uploads\/2019\/10\/Amaranth-1.jpg\" \/>\n\t<meta property=\"og:image:width\" content=\"381\" \/>\n\t<meta property=\"og:image:height\" content=\"323\" \/>\n\t<meta property=\"og:image:type\" content=\"image\/jpeg\" \/>\n<meta name=\"author\" content=\"Madeleine Porr\" \/>\n<meta name=\"twitter:card\" content=\"summary_large_image\" \/>\n<meta name=\"twitter:label1\" content=\"Verfasst von\" \/>\n\t<meta name=\"twitter:data1\" content=\"Madeleine Porr\" \/>\n<script type=\"application\/ld+json\" class=\"yoast-schema-graph\">{\"@context\":\"https:\\\/\\\/schema.org\",\"@graph\":[{\"@type\":\"Article\",\"@id\":\"https:\\\/\\\/www.el-pan-alegre.org\\\/wordpress\\\/2250-erntedankzeit\\\/#article\",\"isPartOf\":{\"@id\":\"https:\\\/\\\/www.el-pan-alegre.org\\\/wordpress\\\/2250-erntedankzeit\\\/\"},\"author\":{\"name\":\"Madeleine Porr\",\"@id\":\"https:\\\/\\\/www.el-pan-alegre.org\\\/wordpress\\\/#\\\/schema\\\/person\\\/39b853679289f55293e37b53abdfb35e\"},\"headline\":\"Erntedankzeit\",\"datePublished\":\"2019-10-01T07:12:05+00:00\",\"dateModified\":\"2019-10-01T07:12:10+00:00\",\"mainEntityOfPage\":{\"@id\":\"https:\\\/\\\/www.el-pan-alegre.org\\\/wordpress\\\/2250-erntedankzeit\\\/\"},\"wordCount\":75,\"image\":{\"@id\":\"https:\\\/\\\/www.el-pan-alegre.org\\\/wordpress\\\/2250-erntedankzeit\\\/#primaryimage\"},\"thumbnailUrl\":\"https:\\\/\\\/www.el-pan-alegre.org\\\/wordpress\\\/wp-content\\\/uploads\\\/2019\\\/10\\\/Amaranth-1.jpg\",\"articleSection\":[\"Amaranth\",\"Berlin 21 e.V.\",\"Bildung f\u00fcr nachhaltige Entwicklung (BNE)\",\"Energie\",\"Information\",\"Kommunikation\",\"\u00d6ffentlichkeitsarbeit\",\"SDG - Nachhaltigkeitsziele\",\"Umweltbildungszentrum (UBZ) Kienbergpark\",\"Veranstaltung\"],\"inLanguage\":\"de\"},{\"@type\":\"WebPage\",\"@id\":\"https:\\\/\\\/www.el-pan-alegre.org\\\/wordpress\\\/2250-erntedankzeit\\\/\",\"url\":\"https:\\\/\\\/www.el-pan-alegre.org\\\/wordpress\\\/2250-erntedankzeit\\\/\",\"name\":\"Erntedankzeit - El Pan Alegre\",\"isPartOf\":{\"@id\":\"https:\\\/\\\/www.el-pan-alegre.org\\\/wordpress\\\/#website\"},\"primaryImageOfPage\":{\"@id\":\"https:\\\/\\\/www.el-pan-alegre.org\\\/wordpress\\\/2250-erntedankzeit\\\/#primaryimage\"},\"image\":{\"@id\":\"https:\\\/\\\/www.el-pan-alegre.org\\\/wordpress\\\/2250-erntedankzeit\\\/#primaryimage\"},\"thumbnailUrl\":\"https:\\\/\\\/www.el-pan-alegre.org\\\/wordpress\\\/wp-content\\\/uploads\\\/2019\\\/10\\\/Amaranth-1.jpg\",\"datePublished\":\"2019-10-01T07:12:05+00:00\",\"dateModified\":\"2019-10-01T07:12:10+00:00\",\"author\":{\"@id\":\"https:\\\/\\\/www.el-pan-alegre.org\\\/wordpress\\\/#\\\/schema\\\/person\\\/39b853679289f55293e37b53abdfb35e\"},\"breadcrumb\":{\"@id\":\"https:\\\/\\\/www.el-pan-alegre.org\\\/wordpress\\\/2250-erntedankzeit\\\/#breadcrumb\"},\"inLanguage\":\"de\",\"potentialAction\":[{\"@type\":\"ReadAction\",\"target\":[\"https:\\\/\\\/www.el-pan-alegre.org\\\/wordpress\\\/2250-erntedankzeit\\\/\"]}]},{\"@type\":\"ImageObject\",\"inLanguage\":\"de\",\"@id\":\"https:\\\/\\\/www.el-pan-alegre.org\\\/wordpress\\\/2250-erntedankzeit\\\/#primaryimage\",\"url\":\"https:\\\/\\\/www.el-pan-alegre.org\\\/wordpress\\\/wp-content\\\/uploads\\\/2019\\\/10\\\/Amaranth-1.jpg\",\"contentUrl\":\"https:\\\/\\\/www.el-pan-alegre.org\\\/wordpress\\\/wp-content\\\/uploads\\\/2019\\\/10\\\/Amaranth-1.jpg\",\"width\":381,\"height\":323},{\"@type\":\"BreadcrumbList\",\"@id\":\"https:\\\/\\\/www.el-pan-alegre.org\\\/wordpress\\\/2250-erntedankzeit\\\/#breadcrumb\",\"itemListElement\":[{\"@type\":\"ListItem\",\"position\":1,\"name\":\"Home\",\"item\":\"https:\\\/\\\/www.el-pan-alegre.org\\\/wordpress\\\/\"},{\"@type\":\"ListItem\",\"position\":2,\"name\":\"Erntedankzeit\"}]},{\"@type\":\"WebSite\",\"@id\":\"https:\\\/\\\/www.el-pan-alegre.org\\\/wordpress\\\/#website\",\"url\":\"https:\\\/\\\/www.el-pan-alegre.org\\\/wordpress\\\/\",\"name\":\"El Pan Alegre\",\"description\":\"Das Fr\u00f6hliche Brot\",\"potentialAction\":[{\"@type\":\"SearchAction\",\"target\":{\"@type\":\"EntryPoint\",\"urlTemplate\":\"https:\\\/\\\/www.el-pan-alegre.org\\\/wordpress\\\/?s={search_term_string}\"},\"query-input\":{\"@type\":\"PropertyValueSpecification\",\"valueRequired\":true,\"valueName\":\"search_term_string\"}}],\"inLanguage\":\"de\"},{\"@type\":\"Person\",\"@id\":\"https:\\\/\\\/www.el-pan-alegre.org\\\/wordpress\\\/#\\\/schema\\\/person\\\/39b853679289f55293e37b53abdfb35e\",\"name\":\"Madeleine Porr\",\"image\":{\"@type\":\"ImageObject\",\"inLanguage\":\"de\",\"@id\":\"https:\\\/\\\/secure.gravatar.com\\\/avatar\\\/220f262381e6da1a53e3f4626f455dc2c5f03e3a01d49b4ee64a83051cd54bb1?s=96&d=identicon&r=g\",\"url\":\"https:\\\/\\\/secure.gravatar.com\\\/avatar\\\/220f262381e6da1a53e3f4626f455dc2c5f03e3a01d49b4ee64a83051cd54bb1?s=96&d=identicon&r=g\",\"contentUrl\":\"https:\\\/\\\/secure.gravatar.com\\\/avatar\\\/220f262381e6da1a53e3f4626f455dc2c5f03e3a01d49b4ee64a83051cd54bb1?s=96&d=identicon&r=g\",\"caption\":\"Madeleine Porr\"},\"url\":\"https:\\\/\\\/www.el-pan-alegre.org\\\/wordpress\\\/author\\\/madeleine\\\/\"}]}<\/script>\n<!-- \/ Yoast SEO plugin. -->","yoast_head_json":{"title":"Erntedankzeit - El Pan Alegre","robots":{"index":"index","follow":"follow","max-snippet":"max-snippet:-1","max-image-preview":"max-image-preview:large","max-video-preview":"max-video-preview:-1"},"canonical":"https:\/\/www.el-pan-alegre.org\/wordpress\/2250-erntedankzeit\/","og_locale":"de_DE","og_type":"article","og_title":"Erntedankzeit - El Pan Alegre","og_description":"Die Pflanzen sind geerntet, die K\u00f6rner getrocknet: Es ist Zeit f\u00fcr neue ALEGR\u00cdA, die AMARANTH-S\u00fc\u00dfigkeit mit der Riiiesenkraft f\u00fcr winterstarke und schlaue Kinder &amp; Familien! Am kommenden Samstag, dem 5.10.19, 11.30-17 Uhr, findet Ihr uns wieder im Umweltbildungszentrum (UBZ) Kienbergpark &hellip; Weiterlesen &rarr;","og_url":"https:\/\/www.el-pan-alegre.org\/wordpress\/2250-erntedankzeit\/","og_site_name":"El Pan Alegre","article_published_time":"2019-10-01T07:12:05+00:00","article_modified_time":"2019-10-01T07:12:10+00:00","og_image":[{"width":381,"height":323,"url":"https:\/\/www.el-pan-alegre.org\/wordpress\/wp-content\/uploads\/2019\/10\/Amaranth-1.jpg","type":"image\/jpeg"}],"author":"Madeleine Porr","twitter_card":"summary_large_image","twitter_misc":{"Verfasst von":"Madeleine Porr"},"schema":{"@context":"https:\/\/schema.org","@graph":[{"@type":"Article","@id":"https:\/\/www.el-pan-alegre.org\/wordpress\/2250-erntedankzeit\/#article","isPartOf":{"@id":"https:\/\/www.el-pan-alegre.org\/wordpress\/2250-erntedankzeit\/"},"author":{"name":"Madeleine Porr","@id":"https:\/\/www.el-pan-alegre.org\/wordpress\/#\/schema\/person\/39b853679289f55293e37b53abdfb35e"},"headline":"Erntedankzeit","datePublished":"2019-10-01T07:12:05+00:00","dateModified":"2019-10-01T07:12:10+00:00","mainEntityOfPage":{"@id":"https:\/\/www.el-pan-alegre.org\/wordpress\/2250-erntedankzeit\/"},"wordCount":75,"image":{"@id":"https:\/\/www.el-pan-alegre.org\/wordpress\/2250-erntedankzeit\/#primaryimage"},"thumbnailUrl":"https:\/\/www.el-pan-alegre.org\/wordpress\/wp-content\/uploads\/2019\/10\/Amaranth-1.jpg","articleSection":["Amaranth","Berlin 21 e.V.","Bildung f\u00fcr nachhaltige Entwicklung (BNE)","Energie","Information","Kommunikation","\u00d6ffentlichkeitsarbeit","SDG - Nachhaltigkeitsziele","Umweltbildungszentrum (UBZ) Kienbergpark","Veranstaltung"],"inLanguage":"de"},{"@type":"WebPage","@id":"https:\/\/www.el-pan-alegre.org\/wordpress\/2250-erntedankzeit\/","url":"https:\/\/www.el-pan-alegre.org\/wordpress\/2250-erntedankzeit\/","name":"Erntedankzeit - El Pan Alegre","isPartOf":{"@id":"https:\/\/www.el-pan-alegre.org\/wordpress\/#website"},"primaryImageOfPage":{"@id":"https:\/\/www.el-pan-alegre.org\/wordpress\/2250-erntedankzeit\/#primaryimage"},"image":{"@id":"https:\/\/www.el-pan-alegre.org\/wordpress\/2250-erntedankzeit\/#primaryimage"},"thumbnailUrl":"https:\/\/www.el-pan-alegre.org\/wordpress\/wp-content\/uploads\/2019\/10\/Amaranth-1.jpg","datePublished":"2019-10-01T07:12:05+00:00","dateModified":"2019-10-01T07:12:10+00:00","author":{"@id":"https:\/\/www.el-pan-alegre.org\/wordpress\/#\/schema\/person\/39b853679289f55293e37b53abdfb35e"},"breadcrumb":{"@id":"https:\/\/www.el-pan-alegre.org\/wordpress\/2250-erntedankzeit\/#breadcrumb"},"inLanguage":"de","potentialAction":[{"@type":"ReadAction","target":["https:\/\/www.el-pan-alegre.org\/wordpress\/2250-erntedankzeit\/"]}]},{"@type":"ImageObject","inLanguage":"de","@id":"https:\/\/www.el-pan-alegre.org\/wordpress\/2250-erntedankzeit\/#primaryimage","url":"https:\/\/www.el-pan-alegre.org\/wordpress\/wp-content\/uploads\/2019\/10\/Amaranth-1.jpg","contentUrl":"https:\/\/www.el-pan-alegre.org\/wordpress\/wp-content\/uploads\/2019\/10\/Amaranth-1.jpg","width":381,"height":323},{"@type":"BreadcrumbList","@id":"https:\/\/www.el-pan-alegre.org\/wordpress\/2250-erntedankzeit\/#breadcrumb","itemListElement":[{"@type":"ListItem","position":1,"name":"Home","item":"https:\/\/www.el-pan-alegre.org\/wordpress\/"},{"@type":"ListItem","position":2,"name":"Erntedankzeit"}]},{"@type":"WebSite","@id":"https:\/\/www.el-pan-alegre.org\/wordpress\/#website","url":"https:\/\/www.el-pan-alegre.org\/wordpress\/","name":"El Pan Alegre","description":"Das Fr\u00f6hliche Brot","potentialAction":[{"@type":"SearchAction","target":{"@type":"EntryPoint","urlTemplate":"https:\/\/www.el-pan-alegre.org\/wordpress\/?s={search_term_string}"},"query-input":{"@type":"PropertyValueSpecification","valueRequired":true,"valueName":"search_term_string"}}],"inLanguage":"de"},{"@type":"Person","@id":"https:\/\/www.el-pan-alegre.org\/wordpress\/#\/schema\/person\/39b853679289f55293e37b53abdfb35e","name":"Madeleine Porr","image":{"@type":"ImageObject","inLanguage":"de","@id":"https:\/\/secure.gravatar.com\/avatar\/220f262381e6da1a53e3f4626f455dc2c5f03e3a01d49b4ee64a83051cd54bb1?s=96&d=identicon&r=g","url":"https:\/\/secure.gravatar.com\/avatar\/220f262381e6da1a53e3f4626f455dc2c5f03e3a01d49b4ee64a83051cd54bb1?s=96&d=identicon&r=g","contentUrl":"https:\/\/secure.gravatar.com\/avatar\/220f262381e6da1a53e3f4626f455dc2c5f03e3a01d49b4ee64a83051cd54bb1?s=96&d=identicon&r=g","caption":"Madeleine Porr"},"url":"https:\/\/www.el-pan-alegre.org\/wordpress\/author\/madeleine\/"}]}},"jetpack_publicize_connections":[],"jetpack_featured_media_url":"","jetpack_sharing_enabled":true,"jetpack_shortlink":"https:\/\/wp.me\/p62TDh-Ai","jetpack-related-posts":[{"id":2545,"url":"https:\/\/www.el-pan-alegre.org\/wordpress\/2545-jetzt-auch-als-video-fur-kinder-die-zauberpflanze-amaranth\/","url_meta":{"origin":2250,"position":0},"title":"Jetzt auch als Video f\u00fcr Kinder: die Zauberpflanze Amaranth","author":"Madeleine Porr","date":"6. Januar 2021","format":false,"excerpt":"(Vorab-Ver\u00f6ffentlichung der Videos mit freundlicher Genehmigung von UBZ-digital\/Gr\u00fcn Berlin) Wollt Ihr herausfinden, warum der Amaranth eine echte Zauberpflanze mit Riiiesenkr\u00e4ften ist? - Wie die Amaranth-Zauberkraft in unseren K\u00f6rper gelangt und uns stark und schlau und fr\u00f6hlich machen kann? - Und warum eine gesunde Ern\u00e4hrung nicht nur uns Menschen gut tut,\u2026","rel":"","context":"In &quot;Allgemein&quot;","block_context":{"text":"Allgemein","link":"https:\/\/www.el-pan-alegre.org\/wordpress\/kategorie\/allgemein\/"},"img":{"alt_text":"","src":"https:\/\/i0.wp.com\/www.el-pan-alegre.org\/wordpress\/wp-content\/uploads\/2021\/01\/UBZdigital_Youtube-Thumbnail_mUBZ.jpg?resize=350%2C200&ssl=1","width":350,"height":200,"srcset":"https:\/\/i0.wp.com\/www.el-pan-alegre.org\/wordpress\/wp-content\/uploads\/2021\/01\/UBZdigital_Youtube-Thumbnail_mUBZ.jpg?resize=350%2C200&ssl=1 1x, https:\/\/i0.wp.com\/www.el-pan-alegre.org\/wordpress\/wp-content\/uploads\/2021\/01\/UBZdigital_Youtube-Thumbnail_mUBZ.jpg?resize=525%2C300&ssl=1 1.5x, https:\/\/i0.wp.com\/www.el-pan-alegre.org\/wordpress\/wp-content\/uploads\/2021\/01\/UBZdigital_Youtube-Thumbnail_mUBZ.jpg?resize=700%2C400&ssl=1 2x, https:\/\/i0.wp.com\/www.el-pan-alegre.org\/wordpress\/wp-content\/uploads\/2021\/01\/UBZdigital_Youtube-Thumbnail_mUBZ.jpg?resize=1050%2C600&ssl=1 3x, https:\/\/i0.wp.com\/www.el-pan-alegre.org\/wordpress\/wp-content\/uploads\/2021\/01\/UBZdigital_Youtube-Thumbnail_mUBZ.jpg?resize=1400%2C800&ssl=1 4x"},"classes":[]},{"id":2966,"url":"https:\/\/www.el-pan-alegre.org\/wordpress\/2966-ein-amaranth-fest-fuer-alle-sinne\/","url_meta":{"origin":2250,"position":1},"title":"Ein Amaranth-Fest f\u00fcr alle Sinne","author":"Madeleine Porr","date":"25. Oktober 2023","format":false,"excerpt":"War das ein bunter und genussvoller Auftakt f\u00fcr die neue Kooperation unseres Vereins mit dem MenschenskinderGarten (MKG) in Berlin-Friedrichshain! In allen Farben leuchteten an diesem strahlendsch\u00f6nen Samstag Ende September die Amaranthpflanzen in ihren Schaubeeten - und in allen m\u00f6glichen Kombinationen konnten die Erntefest-G\u00e4ste die Verwendung der Bl\u00e4tter und K\u00f6rner probieren:\u2026","rel":"","context":"In &quot;Allgemein&quot;","block_context":{"text":"Allgemein","link":"https:\/\/www.el-pan-alegre.org\/wordpress\/kategorie\/allgemein\/"},"img":{"alt_text":"","src":"https:\/\/i0.wp.com\/www.el-pan-alegre.org\/wordpress\/wp-content\/uploads\/2023\/10\/IMG_3788-1.png?resize=350%2C200&ssl=1","width":350,"height":200,"srcset":"https:\/\/i0.wp.com\/www.el-pan-alegre.org\/wordpress\/wp-content\/uploads\/2023\/10\/IMG_3788-1.png?resize=350%2C200&ssl=1 1x, https:\/\/i0.wp.com\/www.el-pan-alegre.org\/wordpress\/wp-content\/uploads\/2023\/10\/IMG_3788-1.png?resize=525%2C300&ssl=1 1.5x, https:\/\/i0.wp.com\/www.el-pan-alegre.org\/wordpress\/wp-content\/uploads\/2023\/10\/IMG_3788-1.png?resize=700%2C400&ssl=1 2x"},"classes":[]},{"id":39,"url":"https:\/\/www.el-pan-alegre.org\/wordpress\/39-offener-brief-zur-eroeffnung-der-froehlichen-amaranth-kinderbaeckerei\/","url_meta":{"origin":2250,"position":2},"title":"Offener Brief zur Er\u00f6ffnung der &#8222;Fr\u00f6hlichen Amaranth-Kinderb\u00e4ckerei&#8220;","author":"Anja Mocker","date":"29. Mai 2012","format":false,"excerpt":"FR\u00d6HLICH, STARK UND SCHLAU MIT AMARANTH! Zum Internationalen Kindertag \u00f6ffnet sie ihre T\u00fcren: \"Die Fr\u00f6hliche Amaranth-Kinderb\u00e4ckerei\" im FEZ-Berlin, Europas gr\u00f6\u00dftem Freizeit- und Bildungszentrum f\u00fcr Kinder, Jugendliche und Familien! Von Juni bis September in einem Solar-Container (gesponsert von der Firma Solar Lifestyle), jedoch schon ab 2013 fest mit einer zentralen baulichen\u2026","rel":"","context":"In &quot;F\u00f6rderung&quot;","block_context":{"text":"F\u00f6rderung","link":"https:\/\/www.el-pan-alegre.org\/wordpress\/kategorie\/foerderung\/"},"img":{"alt_text":"01","src":"https:\/\/i0.wp.com\/www.el-pan-alegre.org\/wordpress\/wp-content\/uploads\/2012\/05\/01-261x300.jpg?resize=350%2C200","width":350,"height":200},"classes":[]},{"id":2411,"url":"https:\/\/www.el-pan-alegre.org\/wordpress\/2411-amaranth-eine-powerpflanze-fur-alle-lebenslagen\/","url_meta":{"origin":2250,"position":3},"title":"Amaranth-Pr\u00e4sentation: eine Powerpflanze f\u00fcr alle Lebenslagen","author":"Madeleine Porr","date":"25. Juli 2020","format":false,"excerpt":"\"Resilient\" und \"zukunftsf\u00e4hig\" sollen wir Erdenb\u00fcrger*innen sein bzw. werden, damit wir - idealerweise - alle kommenden Krisen meistern k\u00f6nnen. Eine alte und neue Kraftquelle aus der Natur kann uns dabei unterst\u00fctzen. Die aktualisierte Pr\u00e4sentation mit einem Einblick in die vielf\u00e4ltigen Nutzungsm\u00f6glichkeiten dieser au\u00dfergew\u00f6hnlichen Pflanze ist jetzt auch auf Deutsch mit\u2026","rel":"","context":"In &quot;Allgemein&quot;","block_context":{"text":"Allgemein","link":"https:\/\/www.el-pan-alegre.org\/wordpress\/kategorie\/allgemein\/"},"img":{"alt_text":"","src":"https:\/\/i0.wp.com\/www.el-pan-alegre.org\/wordpress\/wp-content\/uploads\/2020\/07\/TITEL-Praes.jpg?resize=350%2C200&ssl=1","width":350,"height":200,"srcset":"https:\/\/i0.wp.com\/www.el-pan-alegre.org\/wordpress\/wp-content\/uploads\/2020\/07\/TITEL-Praes.jpg?resize=350%2C200&ssl=1 1x, https:\/\/i0.wp.com\/www.el-pan-alegre.org\/wordpress\/wp-content\/uploads\/2020\/07\/TITEL-Praes.jpg?resize=525%2C300&ssl=1 1.5x, https:\/\/i0.wp.com\/www.el-pan-alegre.org\/wordpress\/wp-content\/uploads\/2020\/07\/TITEL-Praes.jpg?resize=700%2C400&ssl=1 2x, https:\/\/i0.wp.com\/www.el-pan-alegre.org\/wordpress\/wp-content\/uploads\/2020\/07\/TITEL-Praes.jpg?resize=1050%2C600&ssl=1 3x, https:\/\/i0.wp.com\/www.el-pan-alegre.org\/wordpress\/wp-content\/uploads\/2020\/07\/TITEL-Praes.jpg?resize=1400%2C800&ssl=1 4x"},"classes":[]},{"id":89,"url":"https:\/\/www.el-pan-alegre.org\/wordpress\/89-trickfilm-die-geschichte-vom-amaranth\/","url_meta":{"origin":2250,"position":4},"title":"TRICKFILM &#8222;Die Geschichte vom Amaranth&#8220;","author":"Anja Mocker","date":"7. August 2010","format":false,"excerpt":"Was f\u00fcr eine Freude!!! Zum FEZitty-Thementag AMARANTH (s. Blogeintrag v. 02.08.10) haben die RADIJOJO-KinderredakteurInnen Max, Niklas, Kenneth, Maya und S\u00f6ren - angeleitet von Radijojo-Mitarbeiter Michael Schmacke - den ersten Trickfilm der Welt \u00fcber das Kinderpowerkorn produziert:* * *","rel":"","context":"In &quot;Amaranth&quot;","block_context":{"text":"Amaranth","link":"https:\/\/www.el-pan-alegre.org\/wordpress\/kategorie\/amaranth\/"},"img":{"alt_text":"","src":"","width":0,"height":0},"classes":[]},{"id":32,"url":"https:\/\/www.el-pan-alegre.org\/wordpress\/32-amaranth-tag-in-der-fezitty\/","url_meta":{"origin":2250,"position":5},"title":"AMARANTH-TAG in der FEZitty!","author":"Anja Mocker","date":"3. August 2012","format":false,"excerpt":"Wie schon bei unserem Einstand in der FEZitty 2010 (Trickfilm \/ Fotos) gab es auch diesmal wieder - unterst\u00fctzt vom Deutschen Kinderhilfswerk - einen ganzen Thementag rund um die Powerpflanze Amaranth. ... \u00a0 Dabei gleich erst mal vorweg ein dickes herzliches Dankesch\u00f6n an die FEZitty-Arbeitsbereiche \"Sonderanfertigungen\" (f\u00fcr den Bau der\u2026","rel":"","context":"In &quot;Amaranth&quot;","block_context":{"text":"Amaranth","link":"https:\/\/www.el-pan-alegre.org\/wordpress\/kategorie\/amaranth\/"},"img":{"alt_text":"","src":"https:\/\/i0.wp.com\/www.el-pan-alegre.org\/wordpress\/wp-content\/uploads\/2012\/08\/04.jpg?resize=350%2C200&ssl=1","width":350,"height":200,"srcset":"https:\/\/i0.wp.com\/www.el-pan-alegre.org\/wordpress\/wp-content\/uploads\/2012\/08\/04.jpg?resize=350%2C200&ssl=1 1x, https:\/\/i0.wp.com\/www.el-pan-alegre.org\/wordpress\/wp-content\/uploads\/2012\/08\/04.jpg?resize=525%2C300&ssl=1 1.5x, https:\/\/i0.wp.com\/www.el-pan-alegre.org\/wordpress\/wp-content\/uploads\/2012\/08\/04.jpg?resize=700%2C400&ssl=1 2x"},"classes":[]}],"_links":{"self":[{"href":"https:\/\/www.el-pan-alegre.org\/wordpress\/wp-json\/wp\/v2\/posts\/2250","targetHints":{"allow":["GET"]}}],"collection":[{"href":"https:\/\/www.el-pan-alegre.org\/wordpress\/wp-json\/wp\/v2\/posts"}],"about":[{"href":"https:\/\/www.el-pan-alegre.org\/wordpress\/wp-json\/wp\/v2\/types\/post"}],"author":[{"embeddable":true,"href":"https:\/\/www.el-pan-alegre.org\/wordpress\/wp-json\/wp\/v2\/users\/2"}],"replies":[{"embeddable":true,"href":"https:\/\/www.el-pan-alegre.org\/wordpress\/wp-json\/wp\/v2\/comments?post=2250"}],"version-history":[{"count":2,"href":"https:\/\/www.el-pan-alegre.org\/wordpress\/wp-json\/wp\/v2\/posts\/2250\/revisions"}],"predecessor-version":[{"id":2255,"href":"https:\/\/www.el-pan-alegre.org\/wordpress\/wp-json\/wp\/v2\/posts\/2250\/revisions\/2255"}],"wp:attachment":[{"href":"https:\/\/www.el-pan-alegre.org\/wordpress\/wp-json\/wp\/v2\/media?parent=2250"}],"wp:term":[{"taxonomy":"category","embeddable":true,"href":"https:\/\/www.el-pan-alegre.org\/wordpress\/wp-json\/wp\/v2\/categories?post=2250"},{"taxonomy":"post_tag","embeddable":true,"href":"https:\/\/www.el-pan-alegre.org\/wordpress\/wp-json\/wp\/v2\/tags?post=2250"}],"curies":[{"name":"wp","href":"https:\/\/api.w.org\/{rel}","templated":true}]}}