{"id":2131,"date":"2019-06-15T22:48:26","date_gmt":"2019-06-15T20:48:26","guid":{"rendered":"http:\/\/www.el-pan-alegre.org\/wordpress\/?p=2131"},"modified":"2019-06-16T02:04:00","modified_gmt":"2019-06-16T00:04:00","slug":"ich-denk-mal-nach-haltig","status":"publish","type":"post","link":"https:\/\/www.el-pan-alegre.org\/wordpress\/2131-ich-denk-mal-nach-haltig\/","title":{"rendered":"Ich denk mal nach&#8230;haltig!"},"content":{"rendered":"\n<figure class=\"wp-block-image\"><img loading=\"lazy\" decoding=\"async\" width=\"908\" height=\"487\" src=\"http:\/\/www.el-pan-alegre.org\/wordpress\/wp-content\/uploads\/2019\/06\/UBZ-Tafel.jpg\" alt=\"\" class=\"wp-image-2133\" srcset=\"https:\/\/www.el-pan-alegre.org\/wordpress\/wp-content\/uploads\/2019\/06\/UBZ-Tafel.jpg 908w, https:\/\/www.el-pan-alegre.org\/wordpress\/wp-content\/uploads\/2019\/06\/UBZ-Tafel-300x161.jpg 300w, https:\/\/www.el-pan-alegre.org\/wordpress\/wp-content\/uploads\/2019\/06\/UBZ-Tafel-768x412.jpg 768w, https:\/\/www.el-pan-alegre.org\/wordpress\/wp-content\/uploads\/2019\/06\/UBZ-Tafel-500x268.jpg 500w\" sizes=\"auto, (max-width: 908px) 100vw, 908px\" \/><\/figure>\n\n\n\n<p>Immer mehr Familien verstehen, wie die verschiedenen Bereiche ihres Alltags miteinander zusammenh\u00e4ngen: Ern\u00e4hrung, Konsumgewohnheiten, Mobilit\u00e4t, Wirtschaften u.v.m. <\/p>\n\n\n\n<p>Und sie sorgen sich um die beschleunigten globalen Auswirkungen unseres derzeitigen Verhaltens &#8211; wie z. B. das umfangreiche Artensterben, der Klimawandel, die sozialen Verwerfungen &#8230;<\/p>\n\n\n\n<p>Wie sie Schritt f\u00fcr Schritt ihr t\u00e4gliches Leben in ein &#8222;<a rel=\"noreferrer noopener\" aria-label=\"Buen Vivir\/Gutes Leben (\u00f6ffnet in neuem Tab)\" href=\"https:\/\/www.nachhaltigkeit.info\/artikel\/buen_vivir_1852.htm\" target=\"_blank\">Buen Vivir\/Gutes Leben<\/a>&#8220; umwandeln k\u00f6nnen und wie sie dies zusammen mit anderen gestalten k\u00f6nnen anstatt auf Kosten anderer, das ist immer wieder Thema der Veranstaltungsangebote von <a rel=\"noreferrer noopener\" aria-label=\"Berlin 21 (\u00f6ffnet in neuem Tab)\" href=\"https:\/\/berlin21.net\/\" target=\"_blank\">Berlin 21<\/a> im <a rel=\"noreferrer noopener\" aria-label=\"Umweltbildungszentrum (UBZ) Kienbergpark Berlin (\u00f6ffnet in neuem Tab)\" href=\"https:\/\/gruen-berlin.de\/kienbergpark\/umweltbildungszentrum\" target=\"_blank\">Umweltbildungszentrum (UBZ) Kienbergpark Berlin<\/a> (vielen Dank auch dieses Mal wieder f\u00fcr die Einladung!).<\/p>\n\n\n\n<!--more-->\n\n\n\n<figure class=\"wp-block-image\"><img loading=\"lazy\" decoding=\"async\" width=\"769\" height=\"576\" src=\"http:\/\/www.el-pan-alegre.org\/wordpress\/wp-content\/uploads\/2019\/06\/UBZ.jpg\" alt=\"\" class=\"wp-image-2149\" srcset=\"https:\/\/www.el-pan-alegre.org\/wordpress\/wp-content\/uploads\/2019\/06\/UBZ.jpg 769w, https:\/\/www.el-pan-alegre.org\/wordpress\/wp-content\/uploads\/2019\/06\/UBZ-300x225.jpg 300w, https:\/\/www.el-pan-alegre.org\/wordpress\/wp-content\/uploads\/2019\/06\/UBZ-768x575.jpg 768w, https:\/\/www.el-pan-alegre.org\/wordpress\/wp-content\/uploads\/2019\/06\/UBZ-401x300.jpg 401w\" sizes=\"auto, (max-width: 769px) 100vw, 769px\" \/><\/figure>\n\n\n\n<p>Und so entdeckten auch am Pfingstsamstag wieder viele kleine und gro\u00dfe Menschen das <a rel=\"noreferrer noopener\" aria-label=\"Kinder-Powerkorns Amaranth (\u00f6ffnet in neuem Tab)\" href=\"https:\/\/gruen-berlin.de\/veranstaltung\/amaranth-das-globale-powerkorn\" target=\"_blank\">Kinder-Powerkorn Amaranth<\/a> aus der auch bei uns heimischen Pflanzenfamilie der Fuchsschwanzgew\u00e4chse. <\/p>\n\n\n\n<figure class=\"wp-block-image\"><img loading=\"lazy\" decoding=\"async\" width=\"648\" height=\"573\" src=\"http:\/\/www.el-pan-alegre.org\/wordpress\/wp-content\/uploads\/2019\/06\/UBZ-Angebot_Amaranth1-1.jpg\" alt=\"\" class=\"wp-image-2153\" srcset=\"https:\/\/www.el-pan-alegre.org\/wordpress\/wp-content\/uploads\/2019\/06\/UBZ-Angebot_Amaranth1-1.jpg 648w, https:\/\/www.el-pan-alegre.org\/wordpress\/wp-content\/uploads\/2019\/06\/UBZ-Angebot_Amaranth1-1-300x265.jpg 300w, https:\/\/www.el-pan-alegre.org\/wordpress\/wp-content\/uploads\/2019\/06\/UBZ-Angebot_Amaranth1-1-339x300.jpg 339w\" sizes=\"auto, (max-width: 648px) 100vw, 648px\" \/><\/figure>\n\n\n\n<p>Bei strahlendem Sonnenschein st\u00e4rkten sie sich mit der leckeren S\u00fc\u00dfigkeit &#8222;Alegr\u00eda&#8220; (auf Deutsch: &#8222;Freude&#8220;), die die Kinder nach einem einfachen Rezept  selbst herstellten. Die Zutaten: Honig, etwas Butter und gepuffter Amaranth (das kleinste Poppkorn der Welt) mit seiner <a href=\"http:\/\/www.el-pan-alegre.org\/AMARANTH.pdf\" target=\"_blank\" rel=\"noreferrer noopener\" aria-label=\"Riiiesenmenge an allen f\u00fcr den Menschen wichtigen N\u00e4hrstoffen (\u00f6ffnet in neuem Tab)\">Riiiesenmenge an allen f\u00fcr den Menschen wichtigen N\u00e4hrstoffen<\/a>.<\/p>\n\n\n\n<figure class=\"wp-block-image\"><img loading=\"lazy\" decoding=\"async\" width=\"687\" height=\"601\" src=\"http:\/\/www.el-pan-alegre.org\/wordpress\/wp-content\/uploads\/2019\/06\/UBZ-Angebot_Amaranth2-1.jpg\" alt=\"\" class=\"wp-image-2154\" srcset=\"https:\/\/www.el-pan-alegre.org\/wordpress\/wp-content\/uploads\/2019\/06\/UBZ-Angebot_Amaranth2-1.jpg 687w, https:\/\/www.el-pan-alegre.org\/wordpress\/wp-content\/uploads\/2019\/06\/UBZ-Angebot_Amaranth2-1-300x262.jpg 300w, https:\/\/www.el-pan-alegre.org\/wordpress\/wp-content\/uploads\/2019\/06\/UBZ-Angebot_Amaranth2-1-343x300.jpg 343w\" sizes=\"auto, (max-width: 687px) 100vw, 687px\" \/><\/figure>\n\n\n\n<p>Amaranth ist au\u00dferdem ein kraftvolles Beispiel daf\u00fcr, wie eine Ern\u00e4hrung mit regional angebautem Obst und Gem\u00fcse nicht nur die eigene Gesundheit unterst\u00fctzt, sondern auch den pers\u00f6nlichen <a rel=\"noreferrer noopener\" aria-label=\"CO2-Fu\u00dfabdruck  (\u00f6ffnet in neuem Tab)\" href=\"https:\/\/www.nachhaltigkeit.info\/artikel\/co2_fussabdruck_1568.htm\" target=\"_blank\">CO2-Fu\u00dfabdruck <\/a>verringert.<\/p>\n\n\n\n<p><strong>Nachhaltig denken und handeln kann eben echt m\u00e4chtig spannend sein und himmlisch gut schmecken !!!<\/strong><\/p>\n\n\n\n<div class=\"wp-block-image\"><figure class=\"aligncenter is-resized\"><img loading=\"lazy\" decoding=\"async\" src=\"http:\/\/www.el-pan-alegre.org\/wordpress\/wp-content\/uploads\/2019\/06\/noun_smileys_1457388.png\" alt=\"\" class=\"wp-image-2159\" width=\"78\" height=\"78\" srcset=\"https:\/\/www.el-pan-alegre.org\/wordpress\/wp-content\/uploads\/2019\/06\/noun_smileys_1457388.png 700w, https:\/\/www.el-pan-alegre.org\/wordpress\/wp-content\/uploads\/2019\/06\/noun_smileys_1457388-150x150.png 150w, https:\/\/www.el-pan-alegre.org\/wordpress\/wp-content\/uploads\/2019\/06\/noun_smileys_1457388-300x300.png 300w\" sizes=\"auto, (max-width: 78px) 100vw, 78px\" \/><\/figure><\/div>\n\n\n\n<figure class=\"wp-block-image\"><img loading=\"lazy\" decoding=\"async\" width=\"854\" height=\"631\" src=\"http:\/\/www.el-pan-alegre.org\/wordpress\/wp-content\/uploads\/2019\/06\/MP.jpg\" alt=\"\" class=\"wp-image-2156\" srcset=\"https:\/\/www.el-pan-alegre.org\/wordpress\/wp-content\/uploads\/2019\/06\/MP.jpg 854w, https:\/\/www.el-pan-alegre.org\/wordpress\/wp-content\/uploads\/2019\/06\/MP-300x222.jpg 300w, https:\/\/www.el-pan-alegre.org\/wordpress\/wp-content\/uploads\/2019\/06\/MP-768x567.jpg 768w, https:\/\/www.el-pan-alegre.org\/wordpress\/wp-content\/uploads\/2019\/06\/MP-406x300.jpg 406w\" sizes=\"auto, (max-width: 854px) 100vw, 854px\" \/><\/figure>\n","protected":false},"excerpt":{"rendered":"<p>Immer mehr Familien verstehen, wie die verschiedenen Bereiche ihres Alltags miteinander zusammenh\u00e4ngen: Ern\u00e4hrung, Konsumgewohnheiten, Mobilit\u00e4t, Wirtschaften u.v.m. Und sie sorgen sich um die beschleunigten globalen Auswirkungen unseres derzeitigen Verhaltens &#8211; wie z. B. das umfangreiche Artensterben, der Klimawandel, die sozialen &hellip; <a href=\"https:\/\/www.el-pan-alegre.org\/wordpress\/2131-ich-denk-mal-nach-haltig\/\">Weiterlesen <span class=\"meta-nav\">&rarr;<\/span><\/a><\/p>\n","protected":false},"author":2,"featured_media":0,"comment_status":"closed","ping_status":"closed","sticky":false,"template":"","format":"standard","meta":{"jetpack_post_was_ever_published":false,"_jetpack_newsletter_access":"","_jetpack_dont_email_post_to_subs":false,"_jetpack_newsletter_tier_id":0,"_jetpack_memberships_contains_paywalled_content":false,"_jetpack_memberships_contains_paid_content":false,"footnotes":"","jetpack_publicize_message":"","jetpack_publicize_feature_enabled":true,"jetpack_social_post_already_shared":true,"jetpack_social_options":{"image_generator_settings":{"template":"highway","default_image_id":0,"font":"","enabled":false},"version":2}},"categories":[1,16,58,60,56,23,6,5,2,57,67,4],"tags":[],"class_list":["post-2131","post","type-post","status-publish","format-standard","hentry","category-allgemein","category-amaranth","category-berlin-21-e-v","category-bildung-fuer-nachhaltige-entwicklung-bne","category-buen-vivir","category-fotos","category-information","category-kommunikation","category-oeffentlichkeitsarbeit","category-sdg-nachhaltigkeitsziele","category-umweltbildungszentrum-ubz-kienbergpark","category-veranstaltung"],"yoast_head":"<!-- This site is optimized with the Yoast SEO plugin v27.5 - https:\/\/yoast.com\/product\/yoast-seo-wordpress\/ -->\n<title>Ich denk mal nach...haltig! - El Pan Alegre<\/title>\n<meta name=\"robots\" content=\"index, follow, max-snippet:-1, max-image-preview:large, max-video-preview:-1\" \/>\n<link rel=\"canonical\" href=\"https:\/\/www.el-pan-alegre.org\/wordpress\/2131-ich-denk-mal-nach-haltig\/\" \/>\n<meta property=\"og:locale\" content=\"de_DE\" \/>\n<meta property=\"og:type\" content=\"article\" \/>\n<meta property=\"og:title\" content=\"Ich denk mal nach...haltig! - El Pan Alegre\" \/>\n<meta property=\"og:description\" content=\"Immer mehr Familien verstehen, wie die verschiedenen Bereiche ihres Alltags miteinander zusammenh\u00e4ngen: Ern\u00e4hrung, Konsumgewohnheiten, Mobilit\u00e4t, Wirtschaften u.v.m. Und sie sorgen sich um die beschleunigten globalen Auswirkungen unseres derzeitigen Verhaltens &#8211; wie z. B. das umfangreiche Artensterben, der Klimawandel, die sozialen &hellip; Weiterlesen &rarr;\" \/>\n<meta property=\"og:url\" content=\"https:\/\/www.el-pan-alegre.org\/wordpress\/2131-ich-denk-mal-nach-haltig\/\" \/>\n<meta property=\"og:site_name\" content=\"El Pan Alegre\" \/>\n<meta property=\"article:published_time\" content=\"2019-06-15T20:48:26+00:00\" \/>\n<meta property=\"article:modified_time\" content=\"2019-06-16T00:04:00+00:00\" \/>\n<meta property=\"og:image\" content=\"https:\/\/www.el-pan-alegre.org\/wordpress\/wp-content\/uploads\/2019\/06\/UBZ-Tafel.jpg\" \/>\n\t<meta property=\"og:image:width\" content=\"908\" \/>\n\t<meta property=\"og:image:height\" content=\"487\" \/>\n\t<meta property=\"og:image:type\" content=\"image\/jpeg\" \/>\n<meta name=\"author\" content=\"Madeleine Porr\" \/>\n<meta name=\"twitter:card\" content=\"summary_large_image\" \/>\n<meta name=\"twitter:label1\" content=\"Verfasst von\" \/>\n\t<meta name=\"twitter:data1\" content=\"Madeleine Porr\" \/>\n\t<meta name=\"twitter:label2\" content=\"Gesch\u00e4tzte Lesezeit\" \/>\n\t<meta name=\"twitter:data2\" content=\"1\u00a0Minute\" \/>\n<script type=\"application\/ld+json\" class=\"yoast-schema-graph\">{\"@context\":\"https:\\\/\\\/schema.org\",\"@graph\":[{\"@type\":\"Article\",\"@id\":\"https:\\\/\\\/www.el-pan-alegre.org\\\/wordpress\\\/2131-ich-denk-mal-nach-haltig\\\/#article\",\"isPartOf\":{\"@id\":\"https:\\\/\\\/www.el-pan-alegre.org\\\/wordpress\\\/2131-ich-denk-mal-nach-haltig\\\/\"},\"author\":{\"name\":\"Madeleine Porr\",\"@id\":\"https:\\\/\\\/www.el-pan-alegre.org\\\/wordpress\\\/#\\\/schema\\\/person\\\/39b853679289f55293e37b53abdfb35e\"},\"headline\":\"Ich denk mal nach&#8230;haltig!\",\"datePublished\":\"2019-06-15T20:48:26+00:00\",\"dateModified\":\"2019-06-16T00:04:00+00:00\",\"mainEntityOfPage\":{\"@id\":\"https:\\\/\\\/www.el-pan-alegre.org\\\/wordpress\\\/2131-ich-denk-mal-nach-haltig\\\/\"},\"wordCount\":236,\"image\":{\"@id\":\"https:\\\/\\\/www.el-pan-alegre.org\\\/wordpress\\\/2131-ich-denk-mal-nach-haltig\\\/#primaryimage\"},\"thumbnailUrl\":\"http:\\\/\\\/www.el-pan-alegre.org\\\/wordpress\\\/wp-content\\\/uploads\\\/2019\\\/06\\\/UBZ-Tafel.jpg\",\"articleSection\":{\"1\":\"Amaranth\",\"2\":\"Berlin 21 e.V.\",\"3\":\"Bildung f\u00fcr nachhaltige Entwicklung (BNE)\",\"4\":\"Buen Vivir\",\"5\":\"Fotos\",\"6\":\"Information\",\"7\":\"Kommunikation\",\"8\":\"\u00d6ffentlichkeitsarbeit\",\"9\":\"SDG - Nachhaltigkeitsziele\",\"10\":\"Umweltbildungszentrum (UBZ) Kienbergpark\",\"11\":\"Veranstaltung\"},\"inLanguage\":\"de\"},{\"@type\":\"WebPage\",\"@id\":\"https:\\\/\\\/www.el-pan-alegre.org\\\/wordpress\\\/2131-ich-denk-mal-nach-haltig\\\/\",\"url\":\"https:\\\/\\\/www.el-pan-alegre.org\\\/wordpress\\\/2131-ich-denk-mal-nach-haltig\\\/\",\"name\":\"Ich denk mal nach...haltig! - El Pan Alegre\",\"isPartOf\":{\"@id\":\"https:\\\/\\\/www.el-pan-alegre.org\\\/wordpress\\\/#website\"},\"primaryImageOfPage\":{\"@id\":\"https:\\\/\\\/www.el-pan-alegre.org\\\/wordpress\\\/2131-ich-denk-mal-nach-haltig\\\/#primaryimage\"},\"image\":{\"@id\":\"https:\\\/\\\/www.el-pan-alegre.org\\\/wordpress\\\/2131-ich-denk-mal-nach-haltig\\\/#primaryimage\"},\"thumbnailUrl\":\"http:\\\/\\\/www.el-pan-alegre.org\\\/wordpress\\\/wp-content\\\/uploads\\\/2019\\\/06\\\/UBZ-Tafel.jpg\",\"datePublished\":\"2019-06-15T20:48:26+00:00\",\"dateModified\":\"2019-06-16T00:04:00+00:00\",\"author\":{\"@id\":\"https:\\\/\\\/www.el-pan-alegre.org\\\/wordpress\\\/#\\\/schema\\\/person\\\/39b853679289f55293e37b53abdfb35e\"},\"breadcrumb\":{\"@id\":\"https:\\\/\\\/www.el-pan-alegre.org\\\/wordpress\\\/2131-ich-denk-mal-nach-haltig\\\/#breadcrumb\"},\"inLanguage\":\"de\",\"potentialAction\":[{\"@type\":\"ReadAction\",\"target\":[\"https:\\\/\\\/www.el-pan-alegre.org\\\/wordpress\\\/2131-ich-denk-mal-nach-haltig\\\/\"]}]},{\"@type\":\"ImageObject\",\"inLanguage\":\"de\",\"@id\":\"https:\\\/\\\/www.el-pan-alegre.org\\\/wordpress\\\/2131-ich-denk-mal-nach-haltig\\\/#primaryimage\",\"url\":\"http:\\\/\\\/www.el-pan-alegre.org\\\/wordpress\\\/wp-content\\\/uploads\\\/2019\\\/06\\\/UBZ-Tafel.jpg\",\"contentUrl\":\"http:\\\/\\\/www.el-pan-alegre.org\\\/wordpress\\\/wp-content\\\/uploads\\\/2019\\\/06\\\/UBZ-Tafel.jpg\"},{\"@type\":\"BreadcrumbList\",\"@id\":\"https:\\\/\\\/www.el-pan-alegre.org\\\/wordpress\\\/2131-ich-denk-mal-nach-haltig\\\/#breadcrumb\",\"itemListElement\":[{\"@type\":\"ListItem\",\"position\":1,\"name\":\"Home\",\"item\":\"https:\\\/\\\/www.el-pan-alegre.org\\\/wordpress\\\/\"},{\"@type\":\"ListItem\",\"position\":2,\"name\":\"Ich denk mal nach&#8230;haltig!\"}]},{\"@type\":\"WebSite\",\"@id\":\"https:\\\/\\\/www.el-pan-alegre.org\\\/wordpress\\\/#website\",\"url\":\"https:\\\/\\\/www.el-pan-alegre.org\\\/wordpress\\\/\",\"name\":\"El Pan Alegre\",\"description\":\"Das Fr\u00f6hliche Brot\",\"potentialAction\":[{\"@type\":\"SearchAction\",\"target\":{\"@type\":\"EntryPoint\",\"urlTemplate\":\"https:\\\/\\\/www.el-pan-alegre.org\\\/wordpress\\\/?s={search_term_string}\"},\"query-input\":{\"@type\":\"PropertyValueSpecification\",\"valueRequired\":true,\"valueName\":\"search_term_string\"}}],\"inLanguage\":\"de\"},{\"@type\":\"Person\",\"@id\":\"https:\\\/\\\/www.el-pan-alegre.org\\\/wordpress\\\/#\\\/schema\\\/person\\\/39b853679289f55293e37b53abdfb35e\",\"name\":\"Madeleine Porr\",\"image\":{\"@type\":\"ImageObject\",\"inLanguage\":\"de\",\"@id\":\"https:\\\/\\\/secure.gravatar.com\\\/avatar\\\/220f262381e6da1a53e3f4626f455dc2c5f03e3a01d49b4ee64a83051cd54bb1?s=96&d=identicon&r=g\",\"url\":\"https:\\\/\\\/secure.gravatar.com\\\/avatar\\\/220f262381e6da1a53e3f4626f455dc2c5f03e3a01d49b4ee64a83051cd54bb1?s=96&d=identicon&r=g\",\"contentUrl\":\"https:\\\/\\\/secure.gravatar.com\\\/avatar\\\/220f262381e6da1a53e3f4626f455dc2c5f03e3a01d49b4ee64a83051cd54bb1?s=96&d=identicon&r=g\",\"caption\":\"Madeleine Porr\"},\"url\":\"https:\\\/\\\/www.el-pan-alegre.org\\\/wordpress\\\/author\\\/madeleine\\\/\"}]}<\/script>\n<!-- \/ Yoast SEO plugin. -->","yoast_head_json":{"title":"Ich denk mal nach...haltig! - El Pan Alegre","robots":{"index":"index","follow":"follow","max-snippet":"max-snippet:-1","max-image-preview":"max-image-preview:large","max-video-preview":"max-video-preview:-1"},"canonical":"https:\/\/www.el-pan-alegre.org\/wordpress\/2131-ich-denk-mal-nach-haltig\/","og_locale":"de_DE","og_type":"article","og_title":"Ich denk mal nach...haltig! - El Pan Alegre","og_description":"Immer mehr Familien verstehen, wie die verschiedenen Bereiche ihres Alltags miteinander zusammenh\u00e4ngen: Ern\u00e4hrung, Konsumgewohnheiten, Mobilit\u00e4t, Wirtschaften u.v.m. Und sie sorgen sich um die beschleunigten globalen Auswirkungen unseres derzeitigen Verhaltens &#8211; wie z. B. das umfangreiche Artensterben, der Klimawandel, die sozialen &hellip; Weiterlesen &rarr;","og_url":"https:\/\/www.el-pan-alegre.org\/wordpress\/2131-ich-denk-mal-nach-haltig\/","og_site_name":"El Pan Alegre","article_published_time":"2019-06-15T20:48:26+00:00","article_modified_time":"2019-06-16T00:04:00+00:00","og_image":[{"width":908,"height":487,"url":"https:\/\/www.el-pan-alegre.org\/wordpress\/wp-content\/uploads\/2019\/06\/UBZ-Tafel.jpg","type":"image\/jpeg"}],"author":"Madeleine Porr","twitter_card":"summary_large_image","twitter_misc":{"Verfasst von":"Madeleine Porr","Gesch\u00e4tzte Lesezeit":"1\u00a0Minute"},"schema":{"@context":"https:\/\/schema.org","@graph":[{"@type":"Article","@id":"https:\/\/www.el-pan-alegre.org\/wordpress\/2131-ich-denk-mal-nach-haltig\/#article","isPartOf":{"@id":"https:\/\/www.el-pan-alegre.org\/wordpress\/2131-ich-denk-mal-nach-haltig\/"},"author":{"name":"Madeleine Porr","@id":"https:\/\/www.el-pan-alegre.org\/wordpress\/#\/schema\/person\/39b853679289f55293e37b53abdfb35e"},"headline":"Ich denk mal nach&#8230;haltig!","datePublished":"2019-06-15T20:48:26+00:00","dateModified":"2019-06-16T00:04:00+00:00","mainEntityOfPage":{"@id":"https:\/\/www.el-pan-alegre.org\/wordpress\/2131-ich-denk-mal-nach-haltig\/"},"wordCount":236,"image":{"@id":"https:\/\/www.el-pan-alegre.org\/wordpress\/2131-ich-denk-mal-nach-haltig\/#primaryimage"},"thumbnailUrl":"http:\/\/www.el-pan-alegre.org\/wordpress\/wp-content\/uploads\/2019\/06\/UBZ-Tafel.jpg","articleSection":{"1":"Amaranth","2":"Berlin 21 e.V.","3":"Bildung f\u00fcr nachhaltige Entwicklung (BNE)","4":"Buen Vivir","5":"Fotos","6":"Information","7":"Kommunikation","8":"\u00d6ffentlichkeitsarbeit","9":"SDG - Nachhaltigkeitsziele","10":"Umweltbildungszentrum (UBZ) Kienbergpark","11":"Veranstaltung"},"inLanguage":"de"},{"@type":"WebPage","@id":"https:\/\/www.el-pan-alegre.org\/wordpress\/2131-ich-denk-mal-nach-haltig\/","url":"https:\/\/www.el-pan-alegre.org\/wordpress\/2131-ich-denk-mal-nach-haltig\/","name":"Ich denk mal nach...haltig! - El Pan Alegre","isPartOf":{"@id":"https:\/\/www.el-pan-alegre.org\/wordpress\/#website"},"primaryImageOfPage":{"@id":"https:\/\/www.el-pan-alegre.org\/wordpress\/2131-ich-denk-mal-nach-haltig\/#primaryimage"},"image":{"@id":"https:\/\/www.el-pan-alegre.org\/wordpress\/2131-ich-denk-mal-nach-haltig\/#primaryimage"},"thumbnailUrl":"http:\/\/www.el-pan-alegre.org\/wordpress\/wp-content\/uploads\/2019\/06\/UBZ-Tafel.jpg","datePublished":"2019-06-15T20:48:26+00:00","dateModified":"2019-06-16T00:04:00+00:00","author":{"@id":"https:\/\/www.el-pan-alegre.org\/wordpress\/#\/schema\/person\/39b853679289f55293e37b53abdfb35e"},"breadcrumb":{"@id":"https:\/\/www.el-pan-alegre.org\/wordpress\/2131-ich-denk-mal-nach-haltig\/#breadcrumb"},"inLanguage":"de","potentialAction":[{"@type":"ReadAction","target":["https:\/\/www.el-pan-alegre.org\/wordpress\/2131-ich-denk-mal-nach-haltig\/"]}]},{"@type":"ImageObject","inLanguage":"de","@id":"https:\/\/www.el-pan-alegre.org\/wordpress\/2131-ich-denk-mal-nach-haltig\/#primaryimage","url":"http:\/\/www.el-pan-alegre.org\/wordpress\/wp-content\/uploads\/2019\/06\/UBZ-Tafel.jpg","contentUrl":"http:\/\/www.el-pan-alegre.org\/wordpress\/wp-content\/uploads\/2019\/06\/UBZ-Tafel.jpg"},{"@type":"BreadcrumbList","@id":"https:\/\/www.el-pan-alegre.org\/wordpress\/2131-ich-denk-mal-nach-haltig\/#breadcrumb","itemListElement":[{"@type":"ListItem","position":1,"name":"Home","item":"https:\/\/www.el-pan-alegre.org\/wordpress\/"},{"@type":"ListItem","position":2,"name":"Ich denk mal nach&#8230;haltig!"}]},{"@type":"WebSite","@id":"https:\/\/www.el-pan-alegre.org\/wordpress\/#website","url":"https:\/\/www.el-pan-alegre.org\/wordpress\/","name":"El Pan Alegre","description":"Das Fr\u00f6hliche Brot","potentialAction":[{"@type":"SearchAction","target":{"@type":"EntryPoint","urlTemplate":"https:\/\/www.el-pan-alegre.org\/wordpress\/?s={search_term_string}"},"query-input":{"@type":"PropertyValueSpecification","valueRequired":true,"valueName":"search_term_string"}}],"inLanguage":"de"},{"@type":"Person","@id":"https:\/\/www.el-pan-alegre.org\/wordpress\/#\/schema\/person\/39b853679289f55293e37b53abdfb35e","name":"Madeleine Porr","image":{"@type":"ImageObject","inLanguage":"de","@id":"https:\/\/secure.gravatar.com\/avatar\/220f262381e6da1a53e3f4626f455dc2c5f03e3a01d49b4ee64a83051cd54bb1?s=96&d=identicon&r=g","url":"https:\/\/secure.gravatar.com\/avatar\/220f262381e6da1a53e3f4626f455dc2c5f03e3a01d49b4ee64a83051cd54bb1?s=96&d=identicon&r=g","contentUrl":"https:\/\/secure.gravatar.com\/avatar\/220f262381e6da1a53e3f4626f455dc2c5f03e3a01d49b4ee64a83051cd54bb1?s=96&d=identicon&r=g","caption":"Madeleine Porr"},"url":"https:\/\/www.el-pan-alegre.org\/wordpress\/author\/madeleine\/"}]}},"jetpack_publicize_connections":[],"jetpack_featured_media_url":"","jetpack_sharing_enabled":true,"jetpack_shortlink":"https:\/\/wp.me\/p62TDh-yn","jetpack-related-posts":[{"id":1594,"url":"https:\/\/www.el-pan-alegre.org\/wordpress\/1594-buen-vivir-das-nachhaltig-gute-leben\/","url_meta":{"origin":2131,"position":0},"title":"&#8222;Buen Vivir&#8220; &#038; das nachhaltig gute Leben","author":"Madeleine Porr","date":"1. August 2017","format":false,"excerpt":"Kurz, klar und ansprechend sollten wir TeilnehmerInnen an der Sommer-Universit\u00e4t \"Transmedia Storytelling | Kultur des Klimawandels\" gerade die Lebensphilosophie des \"Sumak kawsay\" (spanisch: Buen Vivir) vorstellen und zwei Vorschl\u00e4ge machen, wie sie mit den 17 UN-Zielen f\u00fcr nachhaltige Entwicklung verkn\u00fcpft werden k\u00f6nnte. HIER geht's zu meinem Beitrag.","rel":"","context":"In &quot;Buen Vivir&quot;","block_context":{"text":"Buen Vivir","link":"https:\/\/www.el-pan-alegre.org\/wordpress\/kategorie\/buen-vivir\/"},"img":{"alt_text":"","src":"https:\/\/i0.wp.com\/www.el-pan-alegre.org\/wordpress\/wp-content\/uploads\/2017\/08\/Praes_BUENVIVIR-Startseite-300x214.jpg?resize=350%2C200","width":350,"height":200},"classes":[]},{"id":2569,"url":"https:\/\/www.el-pan-alegre.org\/wordpress\/2569-el-buen-vivir-der-mensch-lebt-nicht-vom-brot-allein\/","url_meta":{"origin":2131,"position":1},"title":"El Buen Vivir &#8211; der Mensch lebt nicht vom Brot allein","author":"Madeleine Porr","date":"24. M\u00e4rz 2021","format":false,"excerpt":"Bild von Gerd Altmann auf Pixabay Aus immer mehr \"Fortschritt\" wird noch keine Zukunft. Wo wollen wir denn \u00fcberhaupt hin, als Menschheit auf diesem einzigartigen Planeten Erde? Mit seinem Audio-Projekt El Buen Vivir - die Magie des Wandels (zu h\u00f6ren ab Fr\u00fchjahr 2021) baut En Buenas Manos e. V. zusammen\u2026","rel":"","context":"In &quot;Allgemein&quot;","block_context":{"text":"Allgemein","link":"https:\/\/www.el-pan-alegre.org\/wordpress\/kategorie\/allgemein\/"},"img":{"alt_text":"","src":"https:\/\/i0.wp.com\/www.el-pan-alegre.org\/wordpress\/wp-content\/uploads\/2021\/03\/BV.jpg?resize=350%2C200&ssl=1","width":350,"height":200,"srcset":"https:\/\/i0.wp.com\/www.el-pan-alegre.org\/wordpress\/wp-content\/uploads\/2021\/03\/BV.jpg?resize=350%2C200&ssl=1 1x, https:\/\/i0.wp.com\/www.el-pan-alegre.org\/wordpress\/wp-content\/uploads\/2021\/03\/BV.jpg?resize=525%2C300&ssl=1 1.5x, https:\/\/i0.wp.com\/www.el-pan-alegre.org\/wordpress\/wp-content\/uploads\/2021\/03\/BV.jpg?resize=700%2C400&ssl=1 2x, https:\/\/i0.wp.com\/www.el-pan-alegre.org\/wordpress\/wp-content\/uploads\/2021\/03\/BV.jpg?resize=1050%2C600&ssl=1 3x"},"classes":[]},{"id":1932,"url":"https:\/\/www.el-pan-alegre.org\/wordpress\/1932-gutes-gesundes-und-nachhaltiges-leben-wie-geht-das\/","url_meta":{"origin":2131,"position":2},"title":"Gutes, gesundes und nachhaltiges Leben \u2013 wie geht das?","author":"Madeleine Porr","date":"20. November 2018","format":false,"excerpt":"Ende Oktober waren wir mit unserem Bildungsangebot f\u00fcr nachhaltige Entwicklung (BNE) Amaranth - das globale Powerkorn noch einmal in diesem Jahr in das Umweltbildungszentrum Kienbergpark (ehem. IGA-Umweltcampus 2017, s. Blog-Eintr\u00e4ge) eingeladen. Auf Initiative von Dagmar Krawczik (fr\u00fcher \"Gr\u00fcne Liga Berlin\") und in Kooperation mit Ulrich Nowikow bei Gr\u00fcn Berlin etabliert\u2026","rel":"","context":"In &quot;Allgemein&quot;","block_context":{"text":"Allgemein","link":"https:\/\/www.el-pan-alegre.org\/wordpress\/kategorie\/allgemein\/"},"img":{"alt_text":"","src":"https:\/\/i0.wp.com\/www.el-pan-alegre.org\/wordpress\/wp-content\/uploads\/2018\/12\/Ich_denk_mal_nachhaltig-1-300x240.jpg?resize=350%2C200","width":350,"height":200},"classes":[]},{"id":1583,"url":"https:\/\/www.el-pan-alegre.org\/wordpress\/1583-zukunftsgeschichten-erzaehlen\/","url_meta":{"origin":2131,"position":3},"title":"Zukunftsgeschichten erz\u00e4hlen &#8230;","author":"Madeleine Porr","date":"23. Juli 2017","format":false,"excerpt":"Nachhaltig zu leben hei\u00dft, reicher zu sein, ohne dass es daf\u00fcr (mehr) Geld braucht. Das Gegenteil von \"G\u00fcrtel enger schnallen\". Was das bedeutet und wie das gehen kann, ist vor allem eine Frage der Kommunikation. Fr\u00fcher haben wir Menschen daf\u00fcr am Feuer oder in der \"guten Stube\" zusammen gesessen und\u2026","rel":"","context":"In &quot;Allgemein&quot;","block_context":{"text":"Allgemein","link":"https:\/\/www.el-pan-alegre.org\/wordpress\/kategorie\/allgemein\/"},"img":{"alt_text":"","src":"","width":0,"height":0},"classes":[]},{"id":2981,"url":"https:\/\/www.el-pan-alegre.org\/wordpress\/2981-kinder-kochen-fuer-ihre-eltern-ein-voller-erfolg\/","url_meta":{"origin":2131,"position":4},"title":"Kinder kochen f\u00fcr ihre Eltern &#8211; ein voller Erfolg!!!","author":"Anja Mocker","date":"4. M\u00e4rz 2024","format":false,"excerpt":"Beim Kochprozess sind die Kinder alle notwendigen Schritte f\u00fcr das Herstellen eines 3-G\u00e4nge Men\u00fcs durchlaufen. Nur um einige zu nennen: Wie sieht der Arbeitsplatz aus, was brauchen wir f\u00fcr Zutaten, wie beachten wir die Lebensmittelhygiene, so dass keine:r krank wird, wie verarbeiten wir die Zutaten incl. Messerf\u00fchrerschein, wie werden die\u2026","rel":"","context":"In &quot;Allgemein&quot;","block_context":{"text":"Allgemein","link":"https:\/\/www.el-pan-alegre.org\/wordpress\/kategorie\/allgemein\/"},"img":{"alt_text":"","src":"https:\/\/i0.wp.com\/www.el-pan-alegre.org\/wordpress\/wp-content\/uploads\/2024\/03\/1.jpg?resize=350%2C200&ssl=1","width":350,"height":200,"srcset":"https:\/\/i0.wp.com\/www.el-pan-alegre.org\/wordpress\/wp-content\/uploads\/2024\/03\/1.jpg?resize=350%2C200&ssl=1 1x, https:\/\/i0.wp.com\/www.el-pan-alegre.org\/wordpress\/wp-content\/uploads\/2024\/03\/1.jpg?resize=525%2C300&ssl=1 1.5x, https:\/\/i0.wp.com\/www.el-pan-alegre.org\/wordpress\/wp-content\/uploads\/2024\/03\/1.jpg?resize=700%2C400&ssl=1 2x, https:\/\/i0.wp.com\/www.el-pan-alegre.org\/wordpress\/wp-content\/uploads\/2024\/03\/1.jpg?resize=1050%2C600&ssl=1 3x"},"classes":[]},{"id":2683,"url":"https:\/\/www.el-pan-alegre.org\/wordpress\/2683-zeitenwende-auch-fuer-die-bildungspolitik-der-zukunftsfonds\/","url_meta":{"origin":2131,"position":5},"title":"Zeitenwende (auch) f\u00fcr die Bildungspolitik: der\u00a0ZUKUNFTSFONDS","author":"Madeleine Porr","date":"26. April 2022","format":false,"excerpt":"Auf allen Ebenen wird der Druck sp\u00fcrbarer und werden die Stimmen lauter & nachdr\u00fccklicher: DAS BILDUNGSSYSTEM MUSS ZUKUNFTSF\u00c4HIG WERDEN! \u2013 Der 1-Mrd.-\u20ac-Zukunftsfonds gibt dazu die Initialz\u00fcndung. So schnell, wie es gebraucht wird, ist das staatliche Bildungssystem nicht reformierbar (trotz wunderbarer Intitiativen wie Schule im Aufbruch u.a., siehe auch der letzte\u2026","rel":"","context":"In &quot;Allgemein&quot;","block_context":{"text":"Allgemein","link":"https:\/\/www.el-pan-alegre.org\/wordpress\/kategorie\/allgemein\/"},"img":{"alt_text":"","src":"https:\/\/i0.wp.com\/www.el-pan-alegre.org\/wordpress\/wp-content\/uploads\/2022\/04\/Petitionsbild2.jpg?resize=350%2C200&ssl=1","width":350,"height":200,"srcset":"https:\/\/i0.wp.com\/www.el-pan-alegre.org\/wordpress\/wp-content\/uploads\/2022\/04\/Petitionsbild2.jpg?resize=350%2C200&ssl=1 1x, https:\/\/i0.wp.com\/www.el-pan-alegre.org\/wordpress\/wp-content\/uploads\/2022\/04\/Petitionsbild2.jpg?resize=525%2C300&ssl=1 1.5x, https:\/\/i0.wp.com\/www.el-pan-alegre.org\/wordpress\/wp-content\/uploads\/2022\/04\/Petitionsbild2.jpg?resize=700%2C400&ssl=1 2x, https:\/\/i0.wp.com\/www.el-pan-alegre.org\/wordpress\/wp-content\/uploads\/2022\/04\/Petitionsbild2.jpg?resize=1050%2C600&ssl=1 3x, https:\/\/i0.wp.com\/www.el-pan-alegre.org\/wordpress\/wp-content\/uploads\/2022\/04\/Petitionsbild2.jpg?resize=1400%2C800&ssl=1 4x"},"classes":[]}],"_links":{"self":[{"href":"https:\/\/www.el-pan-alegre.org\/wordpress\/wp-json\/wp\/v2\/posts\/2131","targetHints":{"allow":["GET"]}}],"collection":[{"href":"https:\/\/www.el-pan-alegre.org\/wordpress\/wp-json\/wp\/v2\/posts"}],"about":[{"href":"https:\/\/www.el-pan-alegre.org\/wordpress\/wp-json\/wp\/v2\/types\/post"}],"author":[{"embeddable":true,"href":"https:\/\/www.el-pan-alegre.org\/wordpress\/wp-json\/wp\/v2\/users\/2"}],"replies":[{"embeddable":true,"href":"https:\/\/www.el-pan-alegre.org\/wordpress\/wp-json\/wp\/v2\/comments?post=2131"}],"version-history":[{"count":19,"href":"https:\/\/www.el-pan-alegre.org\/wordpress\/wp-json\/wp\/v2\/posts\/2131\/revisions"}],"predecessor-version":[{"id":2161,"href":"https:\/\/www.el-pan-alegre.org\/wordpress\/wp-json\/wp\/v2\/posts\/2131\/revisions\/2161"}],"wp:attachment":[{"href":"https:\/\/www.el-pan-alegre.org\/wordpress\/wp-json\/wp\/v2\/media?parent=2131"}],"wp:term":[{"taxonomy":"category","embeddable":true,"href":"https:\/\/www.el-pan-alegre.org\/wordpress\/wp-json\/wp\/v2\/categories?post=2131"},{"taxonomy":"post_tag","embeddable":true,"href":"https:\/\/www.el-pan-alegre.org\/wordpress\/wp-json\/wp\/v2\/tags?post=2131"}],"curies":[{"name":"wp","href":"https:\/\/api.w.org\/{rel}","templated":true}]}}