{"id":2078,"date":"2019-01-27T01:21:44","date_gmt":"2019-01-27T00:21:44","guid":{"rendered":"http:\/\/www.el-pan-alegre.org\/wordpress\/?p=2078"},"modified":"2019-01-27T12:12:10","modified_gmt":"2019-01-27T11:12:10","slug":"nueva-presentacion-amaranto","status":"publish","type":"post","link":"https:\/\/www.el-pan-alegre.org\/wordpress\/2078-nueva-presentacion-amaranto\/","title":{"rendered":"Nueva presentaci\u00f3n: amaranto"},"content":{"rendered":"\n<figure class=\"wp-block-image is-resized\"><img loading=\"lazy\" decoding=\"async\" src=\"http:\/\/www.el-pan-alegre.org\/wordpress\/wp-content\/uploads\/2019\/01\/Titelbild-1-1024x575.jpg\" alt=\"\" class=\"wp-image-2097\" width=\"622\" height=\"349\" srcset=\"https:\/\/www.el-pan-alegre.org\/wordpress\/wp-content\/uploads\/2019\/01\/Titelbild-1-1024x575.jpg 1024w, https:\/\/www.el-pan-alegre.org\/wordpress\/wp-content\/uploads\/2019\/01\/Titelbild-1-300x168.jpg 300w, https:\/\/www.el-pan-alegre.org\/wordpress\/wp-content\/uploads\/2019\/01\/Titelbild-1-768x431.jpg 768w, https:\/\/www.el-pan-alegre.org\/wordpress\/wp-content\/uploads\/2019\/01\/Titelbild-1-500x281.jpg 500w, https:\/\/www.el-pan-alegre.org\/wordpress\/wp-content\/uploads\/2019\/01\/Titelbild-1.jpg 1593w\" sizes=\"auto, (max-width: 622px) 100vw, 622px\" \/><figcaption>V\u00c9ASE PRESENTACI\u00d3N <strong><a rel=\"noreferrer noopener\" href=\"https:\/\/prezi.com\/p\/zopjcjs2xi9f\/amaranto\/\" target=\"_blank\">AQU\u00cd<\/a><\/strong> <\/figcaption><\/figure>\n\n\n\n<!--more-->\n\n\n\n<p>Ya no podemos esperar otra cosa: El cambio clim\u00e1tico extremadamente forzado por el ser humano, est\u00e1 afectando la agricultura de todos los pa\u00edses en la tierra y la seguridad alimentaria de sus poblaciones.<\/p>\n\n\n\n<p>Una gran oportunidad entonces para redescubrir y reactivar tesoros naturales tradicionales que hemos descuidado por la prepotencia del hombre de la era industrial.<\/p>\n\n\n\n<p>As\u00ed que a redescubrir y reactivar -entre otros- tambi\u00e9n el <strong><a href=\"http:\/\/www.el-pan-alegre.org\/wordpress\/wissen\/themen\/amaranth\/\">AMARANTO<\/a><\/strong>, el llamado &#8222;alimento del futuro&#8220;: mejor alimento de origen vegetal para el consumo humano por la composici\u00f3n y concentraci\u00f3n de sus componentes y por eso recomendado para combatir el hambre en el mundo; capaz de crecer en suelos secos y salinos y mejorarlos tambi\u00e9n para otros cultivos; modelo de buenas pr\u00e1cticas en lo que se refiere a ciclos cerrados econ\u00f3micos locales y regionales, base de una econom\u00eda solidaria y soberan\u00eda alimentaria duraderas.<\/p>\n\n\n\n<p>Parece que todo ello fue motivo porque las antiguas civilizaciones altas al dulce de amaranto le pusieron el nombre &#8222;alegr\u00eda&#8220;. Y no por \u00faltimo: La esencia estilo flores de Bach de la flor de amaranto ayuda a personas en estados mentales alterados, de profundo dolor y de melancol\u00eda, m\u00e1s levanta el sistema imunol\u00f3gico.<\/p>\n\n\n\n<p>Vamos, pues &#8230; \u00a1a producir y consumir fuerza y alegr\u00eda!<\/p>\n\n\n\n<p><\/p>\n","protected":false},"excerpt":{"rendered":"","protected":false},"author":2,"featured_media":0,"comment_status":"closed","ping_status":"closed","sticky":false,"template":"","format":"standard","meta":{"jetpack_post_was_ever_published":false,"_jetpack_newsletter_access":"","_jetpack_dont_email_post_to_subs":false,"_jetpack_newsletter_tier_id":0,"_jetpack_memberships_contains_paywalled_content":false,"_jetpack_memberships_contains_paid_content":false,"footnotes":"","jetpack_publicize_message":"","jetpack_publicize_feature_enabled":true,"jetpack_social_post_already_shared":true,"jetpack_social_options":{"image_generator_settings":{"template":"highway","default_image_id":0,"font":"","enabled":false},"version":2}},"categories":[1,16,56,3,70,69,66,13,23,7,6,5,54,2,65,61,68,57],"tags":[73,71,72,74,76,75],"class_list":["post-2078","post","type-post","status-publish","format-standard","hentry","category-allgemein","category-amaranth","category-buen-vivir","category-cuba","category-economia-solidaria","category-ecuador","category-educacion-para-el-desarrollo-sostenible-eds","category-espanol","category-fotos","category-gemeinwohlorientiertes-wirtschaften","category-information","category-kommunikation","category-mexiko","category-oeffentlichkeitsarbeit","category-peru","category-porr","category-presentacion","category-sdg-nachhaltigkeitsziele","tag-agricultura-sostenible","tag-amaranto","tag-cambio-climatico","tag-economia-solidaria","tag-seguridad-alimentaria","tag-soberania-alimentaria"],"yoast_head":"<!-- This site is optimized with the Yoast SEO plugin v27.4 - https:\/\/yoast.com\/product\/yoast-seo-wordpress\/ -->\n<title>Nueva presentaci\u00f3n: amaranto - El Pan Alegre<\/title>\n<meta name=\"robots\" content=\"index, follow, max-snippet:-1, max-image-preview:large, max-video-preview:-1\" \/>\n<link rel=\"canonical\" href=\"https:\/\/www.el-pan-alegre.org\/wordpress\/2078-nueva-presentacion-amaranto\/\" \/>\n<meta property=\"og:locale\" content=\"de_DE\" \/>\n<meta property=\"og:type\" content=\"article\" \/>\n<meta property=\"og:title\" content=\"Nueva presentaci\u00f3n: amaranto - El Pan Alegre\" \/>\n<meta property=\"og:url\" content=\"https:\/\/www.el-pan-alegre.org\/wordpress\/2078-nueva-presentacion-amaranto\/\" \/>\n<meta property=\"og:site_name\" content=\"El Pan Alegre\" \/>\n<meta property=\"article:published_time\" content=\"2019-01-27T00:21:44+00:00\" \/>\n<meta property=\"article:modified_time\" content=\"2019-01-27T11:12:10+00:00\" \/>\n<meta property=\"og:image\" content=\"https:\/\/www.el-pan-alegre.org\/wordpress\/wp-content\/uploads\/2019\/01\/Titelbild-1.jpg\" \/>\n\t<meta property=\"og:image:width\" content=\"1593\" \/>\n\t<meta property=\"og:image:height\" content=\"894\" \/>\n\t<meta property=\"og:image:type\" content=\"image\/jpeg\" \/>\n<meta name=\"author\" content=\"Madeleine Porr\" \/>\n<meta name=\"twitter:card\" content=\"summary_large_image\" \/>\n<meta name=\"twitter:label1\" content=\"Verfasst von\" \/>\n\t<meta name=\"twitter:data1\" content=\"Madeleine Porr\" \/>\n\t<meta name=\"twitter:label2\" content=\"Gesch\u00e4tzte Lesezeit\" \/>\n\t<meta name=\"twitter:data2\" content=\"1\u00a0Minute\" \/>\n<script type=\"application\/ld+json\" class=\"yoast-schema-graph\">{\"@context\":\"https:\\\/\\\/schema.org\",\"@graph\":[{\"@type\":\"Article\",\"@id\":\"https:\\\/\\\/www.el-pan-alegre.org\\\/wordpress\\\/2078-nueva-presentacion-amaranto\\\/#article\",\"isPartOf\":{\"@id\":\"https:\\\/\\\/www.el-pan-alegre.org\\\/wordpress\\\/2078-nueva-presentacion-amaranto\\\/\"},\"author\":{\"name\":\"Madeleine Porr\",\"@id\":\"https:\\\/\\\/www.el-pan-alegre.org\\\/wordpress\\\/#\\\/schema\\\/person\\\/39b853679289f55293e37b53abdfb35e\"},\"headline\":\"Nueva presentaci\u00f3n: amaranto\",\"datePublished\":\"2019-01-27T00:21:44+00:00\",\"dateModified\":\"2019-01-27T11:12:10+00:00\",\"mainEntityOfPage\":{\"@id\":\"https:\\\/\\\/www.el-pan-alegre.org\\\/wordpress\\\/2078-nueva-presentacion-amaranto\\\/\"},\"wordCount\":225,\"image\":{\"@id\":\"https:\\\/\\\/www.el-pan-alegre.org\\\/wordpress\\\/2078-nueva-presentacion-amaranto\\\/#primaryimage\"},\"thumbnailUrl\":\"http:\\\/\\\/www.el-pan-alegre.org\\\/wordpress\\\/wp-content\\\/uploads\\\/2019\\\/01\\\/Titelbild-1-1024x575.jpg\",\"keywords\":[\"agricultura sostenible\",\"amaranto\",\"cambio clim\u00e1tico\",\"econom\u00eda solidaria\",\"seguridad alimentaria\",\"soberan\u00eda alimentaria\"],\"articleSection\":{\"1\":\"Amaranth\",\"2\":\"Buen Vivir\",\"3\":\"Cuba\",\"4\":\"Econom\u00eda solidaria\",\"5\":\"Ecuador\",\"6\":\"Educaci\u00f3n para el desarrollo sostenible (EDS)\",\"7\":\"espa\u00f1ol\",\"8\":\"Fotos\",\"9\":\"gemeinwohlorientiertes Wirtschaften\",\"10\":\"Information\",\"11\":\"Kommunikation\",\"12\":\"Mexiko\",\"13\":\"\u00d6ffentlichkeitsarbeit\",\"14\":\"Peru\",\"15\":\"Porr\",\"16\":\"Presentaci\u00f3n\",\"17\":\"SDG - Nachhaltigkeitsziele\"},\"inLanguage\":\"de\"},{\"@type\":\"WebPage\",\"@id\":\"https:\\\/\\\/www.el-pan-alegre.org\\\/wordpress\\\/2078-nueva-presentacion-amaranto\\\/\",\"url\":\"https:\\\/\\\/www.el-pan-alegre.org\\\/wordpress\\\/2078-nueva-presentacion-amaranto\\\/\",\"name\":\"Nueva presentaci\u00f3n: amaranto - El Pan Alegre\",\"isPartOf\":{\"@id\":\"https:\\\/\\\/www.el-pan-alegre.org\\\/wordpress\\\/#website\"},\"primaryImageOfPage\":{\"@id\":\"https:\\\/\\\/www.el-pan-alegre.org\\\/wordpress\\\/2078-nueva-presentacion-amaranto\\\/#primaryimage\"},\"image\":{\"@id\":\"https:\\\/\\\/www.el-pan-alegre.org\\\/wordpress\\\/2078-nueva-presentacion-amaranto\\\/#primaryimage\"},\"thumbnailUrl\":\"http:\\\/\\\/www.el-pan-alegre.org\\\/wordpress\\\/wp-content\\\/uploads\\\/2019\\\/01\\\/Titelbild-1-1024x575.jpg\",\"datePublished\":\"2019-01-27T00:21:44+00:00\",\"dateModified\":\"2019-01-27T11:12:10+00:00\",\"author\":{\"@id\":\"https:\\\/\\\/www.el-pan-alegre.org\\\/wordpress\\\/#\\\/schema\\\/person\\\/39b853679289f55293e37b53abdfb35e\"},\"breadcrumb\":{\"@id\":\"https:\\\/\\\/www.el-pan-alegre.org\\\/wordpress\\\/2078-nueva-presentacion-amaranto\\\/#breadcrumb\"},\"inLanguage\":\"de\",\"potentialAction\":[{\"@type\":\"ReadAction\",\"target\":[\"https:\\\/\\\/www.el-pan-alegre.org\\\/wordpress\\\/2078-nueva-presentacion-amaranto\\\/\"]}]},{\"@type\":\"ImageObject\",\"inLanguage\":\"de\",\"@id\":\"https:\\\/\\\/www.el-pan-alegre.org\\\/wordpress\\\/2078-nueva-presentacion-amaranto\\\/#primaryimage\",\"url\":\"http:\\\/\\\/www.el-pan-alegre.org\\\/wordpress\\\/wp-content\\\/uploads\\\/2019\\\/01\\\/Titelbild-1-1024x575.jpg\",\"contentUrl\":\"http:\\\/\\\/www.el-pan-alegre.org\\\/wordpress\\\/wp-content\\\/uploads\\\/2019\\\/01\\\/Titelbild-1-1024x575.jpg\"},{\"@type\":\"BreadcrumbList\",\"@id\":\"https:\\\/\\\/www.el-pan-alegre.org\\\/wordpress\\\/2078-nueva-presentacion-amaranto\\\/#breadcrumb\",\"itemListElement\":[{\"@type\":\"ListItem\",\"position\":1,\"name\":\"Home\",\"item\":\"https:\\\/\\\/www.el-pan-alegre.org\\\/wordpress\\\/\"},{\"@type\":\"ListItem\",\"position\":2,\"name\":\"Nueva presentaci\u00f3n: amaranto\"}]},{\"@type\":\"WebSite\",\"@id\":\"https:\\\/\\\/www.el-pan-alegre.org\\\/wordpress\\\/#website\",\"url\":\"https:\\\/\\\/www.el-pan-alegre.org\\\/wordpress\\\/\",\"name\":\"El Pan Alegre\",\"description\":\"Das Fr\u00f6hliche Brot\",\"potentialAction\":[{\"@type\":\"SearchAction\",\"target\":{\"@type\":\"EntryPoint\",\"urlTemplate\":\"https:\\\/\\\/www.el-pan-alegre.org\\\/wordpress\\\/?s={search_term_string}\"},\"query-input\":{\"@type\":\"PropertyValueSpecification\",\"valueRequired\":true,\"valueName\":\"search_term_string\"}}],\"inLanguage\":\"de\"},{\"@type\":\"Person\",\"@id\":\"https:\\\/\\\/www.el-pan-alegre.org\\\/wordpress\\\/#\\\/schema\\\/person\\\/39b853679289f55293e37b53abdfb35e\",\"name\":\"Madeleine Porr\",\"image\":{\"@type\":\"ImageObject\",\"inLanguage\":\"de\",\"@id\":\"https:\\\/\\\/secure.gravatar.com\\\/avatar\\\/220f262381e6da1a53e3f4626f455dc2c5f03e3a01d49b4ee64a83051cd54bb1?s=96&d=identicon&r=g\",\"url\":\"https:\\\/\\\/secure.gravatar.com\\\/avatar\\\/220f262381e6da1a53e3f4626f455dc2c5f03e3a01d49b4ee64a83051cd54bb1?s=96&d=identicon&r=g\",\"contentUrl\":\"https:\\\/\\\/secure.gravatar.com\\\/avatar\\\/220f262381e6da1a53e3f4626f455dc2c5f03e3a01d49b4ee64a83051cd54bb1?s=96&d=identicon&r=g\",\"caption\":\"Madeleine Porr\"},\"url\":\"https:\\\/\\\/www.el-pan-alegre.org\\\/wordpress\\\/author\\\/madeleine\\\/\"}]}<\/script>\n<!-- \/ Yoast SEO plugin. -->","yoast_head_json":{"title":"Nueva presentaci\u00f3n: amaranto - El Pan Alegre","robots":{"index":"index","follow":"follow","max-snippet":"max-snippet:-1","max-image-preview":"max-image-preview:large","max-video-preview":"max-video-preview:-1"},"canonical":"https:\/\/www.el-pan-alegre.org\/wordpress\/2078-nueva-presentacion-amaranto\/","og_locale":"de_DE","og_type":"article","og_title":"Nueva presentaci\u00f3n: amaranto - El Pan Alegre","og_url":"https:\/\/www.el-pan-alegre.org\/wordpress\/2078-nueva-presentacion-amaranto\/","og_site_name":"El Pan Alegre","article_published_time":"2019-01-27T00:21:44+00:00","article_modified_time":"2019-01-27T11:12:10+00:00","og_image":[{"width":1593,"height":894,"url":"https:\/\/www.el-pan-alegre.org\/wordpress\/wp-content\/uploads\/2019\/01\/Titelbild-1.jpg","type":"image\/jpeg"}],"author":"Madeleine Porr","twitter_card":"summary_large_image","twitter_misc":{"Verfasst von":"Madeleine Porr","Gesch\u00e4tzte Lesezeit":"1\u00a0Minute"},"schema":{"@context":"https:\/\/schema.org","@graph":[{"@type":"Article","@id":"https:\/\/www.el-pan-alegre.org\/wordpress\/2078-nueva-presentacion-amaranto\/#article","isPartOf":{"@id":"https:\/\/www.el-pan-alegre.org\/wordpress\/2078-nueva-presentacion-amaranto\/"},"author":{"name":"Madeleine Porr","@id":"https:\/\/www.el-pan-alegre.org\/wordpress\/#\/schema\/person\/39b853679289f55293e37b53abdfb35e"},"headline":"Nueva presentaci\u00f3n: amaranto","datePublished":"2019-01-27T00:21:44+00:00","dateModified":"2019-01-27T11:12:10+00:00","mainEntityOfPage":{"@id":"https:\/\/www.el-pan-alegre.org\/wordpress\/2078-nueva-presentacion-amaranto\/"},"wordCount":225,"image":{"@id":"https:\/\/www.el-pan-alegre.org\/wordpress\/2078-nueva-presentacion-amaranto\/#primaryimage"},"thumbnailUrl":"http:\/\/www.el-pan-alegre.org\/wordpress\/wp-content\/uploads\/2019\/01\/Titelbild-1-1024x575.jpg","keywords":["agricultura sostenible","amaranto","cambio clim\u00e1tico","econom\u00eda solidaria","seguridad alimentaria","soberan\u00eda alimentaria"],"articleSection":{"1":"Amaranth","2":"Buen Vivir","3":"Cuba","4":"Econom\u00eda solidaria","5":"Ecuador","6":"Educaci\u00f3n para el desarrollo sostenible (EDS)","7":"espa\u00f1ol","8":"Fotos","9":"gemeinwohlorientiertes Wirtschaften","10":"Information","11":"Kommunikation","12":"Mexiko","13":"\u00d6ffentlichkeitsarbeit","14":"Peru","15":"Porr","16":"Presentaci\u00f3n","17":"SDG - Nachhaltigkeitsziele"},"inLanguage":"de"},{"@type":"WebPage","@id":"https:\/\/www.el-pan-alegre.org\/wordpress\/2078-nueva-presentacion-amaranto\/","url":"https:\/\/www.el-pan-alegre.org\/wordpress\/2078-nueva-presentacion-amaranto\/","name":"Nueva presentaci\u00f3n: amaranto - El Pan Alegre","isPartOf":{"@id":"https:\/\/www.el-pan-alegre.org\/wordpress\/#website"},"primaryImageOfPage":{"@id":"https:\/\/www.el-pan-alegre.org\/wordpress\/2078-nueva-presentacion-amaranto\/#primaryimage"},"image":{"@id":"https:\/\/www.el-pan-alegre.org\/wordpress\/2078-nueva-presentacion-amaranto\/#primaryimage"},"thumbnailUrl":"http:\/\/www.el-pan-alegre.org\/wordpress\/wp-content\/uploads\/2019\/01\/Titelbild-1-1024x575.jpg","datePublished":"2019-01-27T00:21:44+00:00","dateModified":"2019-01-27T11:12:10+00:00","author":{"@id":"https:\/\/www.el-pan-alegre.org\/wordpress\/#\/schema\/person\/39b853679289f55293e37b53abdfb35e"},"breadcrumb":{"@id":"https:\/\/www.el-pan-alegre.org\/wordpress\/2078-nueva-presentacion-amaranto\/#breadcrumb"},"inLanguage":"de","potentialAction":[{"@type":"ReadAction","target":["https:\/\/www.el-pan-alegre.org\/wordpress\/2078-nueva-presentacion-amaranto\/"]}]},{"@type":"ImageObject","inLanguage":"de","@id":"https:\/\/www.el-pan-alegre.org\/wordpress\/2078-nueva-presentacion-amaranto\/#primaryimage","url":"http:\/\/www.el-pan-alegre.org\/wordpress\/wp-content\/uploads\/2019\/01\/Titelbild-1-1024x575.jpg","contentUrl":"http:\/\/www.el-pan-alegre.org\/wordpress\/wp-content\/uploads\/2019\/01\/Titelbild-1-1024x575.jpg"},{"@type":"BreadcrumbList","@id":"https:\/\/www.el-pan-alegre.org\/wordpress\/2078-nueva-presentacion-amaranto\/#breadcrumb","itemListElement":[{"@type":"ListItem","position":1,"name":"Home","item":"https:\/\/www.el-pan-alegre.org\/wordpress\/"},{"@type":"ListItem","position":2,"name":"Nueva presentaci\u00f3n: amaranto"}]},{"@type":"WebSite","@id":"https:\/\/www.el-pan-alegre.org\/wordpress\/#website","url":"https:\/\/www.el-pan-alegre.org\/wordpress\/","name":"El Pan Alegre","description":"Das Fr\u00f6hliche Brot","potentialAction":[{"@type":"SearchAction","target":{"@type":"EntryPoint","urlTemplate":"https:\/\/www.el-pan-alegre.org\/wordpress\/?s={search_term_string}"},"query-input":{"@type":"PropertyValueSpecification","valueRequired":true,"valueName":"search_term_string"}}],"inLanguage":"de"},{"@type":"Person","@id":"https:\/\/www.el-pan-alegre.org\/wordpress\/#\/schema\/person\/39b853679289f55293e37b53abdfb35e","name":"Madeleine Porr","image":{"@type":"ImageObject","inLanguage":"de","@id":"https:\/\/secure.gravatar.com\/avatar\/220f262381e6da1a53e3f4626f455dc2c5f03e3a01d49b4ee64a83051cd54bb1?s=96&d=identicon&r=g","url":"https:\/\/secure.gravatar.com\/avatar\/220f262381e6da1a53e3f4626f455dc2c5f03e3a01d49b4ee64a83051cd54bb1?s=96&d=identicon&r=g","contentUrl":"https:\/\/secure.gravatar.com\/avatar\/220f262381e6da1a53e3f4626f455dc2c5f03e3a01d49b4ee64a83051cd54bb1?s=96&d=identicon&r=g","caption":"Madeleine Porr"},"url":"https:\/\/www.el-pan-alegre.org\/wordpress\/author\/madeleine\/"}]}},"jetpack_publicize_connections":[],"jetpack_featured_media_url":"","jetpack_sharing_enabled":true,"jetpack_shortlink":"https:\/\/wp.me\/p62TDh-xw","jetpack-related-posts":[{"id":25,"url":"https:\/\/www.el-pan-alegre.org\/wordpress\/25-haciendo-el-futuro-con-fuerza-local\/","url_meta":{"origin":2078,"position":0},"title":"\u00a1Haciendo el futuro con fuerza local!","author":"Anja Mocker","date":"8. M\u00e4rz 2013","format":false,"excerpt":"\"El Proyecto Tahit\u00ed\" se convierte en \"El Proyecto Cuba Alegre\" (M. Porr) Una novela alemana de ciencia ficci\u00f3n del autor alem\u00e1n Dirk C. Fleck, acerca de una isla que en medio de los tiempos revueltos que vivimos actualmente en todos los pa\u00edses del planeta, se decide por querer vivir un\u2026","rel":"","context":"In &quot;Amaranth&quot;","block_context":{"text":"Amaranth","link":"https:\/\/www.el-pan-alegre.org\/wordpress\/kategorie\/amaranth\/"},"img":{"alt_text":"","src":"","width":0,"height":0},"classes":[]},{"id":26,"url":"https:\/\/www.el-pan-alegre.org\/wordpress\/26-proyecto-tahiti-una-utopia-necesaria-y-perfectamente-realizable\/","url_meta":{"origin":2078,"position":1},"title":"Proyecto Tahit\u00ed: Una utop\u00eda necesaria y perfectamente realizable","author":"Anja Mocker","date":"21. Februar 2013","format":false,"excerpt":"Proyecto Tahit\u00ed: Una utop\u00eda necesaria y perfectamente realizable Por Jos\u00e9 Miguel Rodr\u00edguez Ortiz\/ Cubarte Desde ayer y hasta el pr\u00f3ximo jueves tiene lugar en la Asociaci\u00f3n Cubana de las Naciones Unidas (ACNU) el coloquio Haciendo el futuro con fuerza local, un encuentro de intercambio que se inserta en el programa\u2026","rel":"","context":"In &quot;Amaranth&quot;","block_context":{"text":"Amaranth","link":"https:\/\/www.el-pan-alegre.org\/wordpress\/kategorie\/amaranth\/"},"img":{"alt_text":"","src":"https:\/\/i0.wp.com\/www.el-pan-alegre.org\/wordpress\/wp-content\/uploads\/2013\/02\/DSCF1038-799768-195x300.jpg?resize=350%2C200","width":350,"height":200},"classes":[]},{"id":1431,"url":"https:\/\/www.el-pan-alegre.org\/wordpress\/1431-para-el-cumple-amaranto\/","url_meta":{"origin":2078,"position":2},"title":"Para el cumple: AMARANTO","author":"Madeleine Porr","date":"11. Mai 2016","format":false,"excerpt":"Inmediatamente despu\u00e9s del 3er Encuentro de la Red Social Haciendo Almas en abril donde al final yo hab\u00eda comentado algunas novedades acerca de EL PAN ALEGRE, Celia, la coordinadora, me hab\u00eda invitado a refrescar los conocimientos de la \u201cfamilia\u201d y hacer nuevamente una presentaci\u00f3n del Amaranto en el pr\u00f3ximo encuentro.\u2026","rel":"","context":"In &quot;Amaranth&quot;","block_context":{"text":"Amaranth","link":"https:\/\/www.el-pan-alegre.org\/wordpress\/kategorie\/amaranth\/"},"img":{"alt_text":"01","src":"https:\/\/i0.wp.com\/www.haciendo-almas.org\/wp-content\/uploads\/2016\/05\/01-300x232.jpg?resize=350%2C200&ssl=1","width":350,"height":200},"classes":[]},{"id":16,"url":"https:\/\/www.el-pan-alegre.org\/wordpress\/16-i-desde-arbol-de-vida-coloquio-haciendo-el-futuro-con-fuerza-local-en-el-camino-hacia-la-sostenibilidad\/","url_meta":{"origin":2078,"position":3},"title":"(I) &#8211; Desde \u00c1rbol de Vida- Coloquio \u201cHaciendo el futuro con fuerza local\u201d en el camino hacia la sostenibilidad &#8230;","author":"Anja Mocker","date":"11. M\u00e4rz 2013","format":false,"excerpt":"Entre los d\u00edas 19 y 21 de febrero, la Asociaci\u00f3n Cubana de Naciones Unidas, (ACNU) en su casona del Vedado habanero, sirvi\u00f3 de Sede a un evento de singular importancia: el Coloquio \u201cHaciendo el futuro con fuerza local\u201d. Este encuentro, organizado por\u00a0 la ONG de Alemania\u00a0 \u201cEn Buenas Manos\u201d y\u2026","rel":"","context":"In &quot;Amaranth&quot;","block_context":{"text":"Amaranth","link":"https:\/\/www.el-pan-alegre.org\/wordpress\/kategorie\/amaranth\/"},"img":{"alt_text":"","src":"","width":0,"height":0},"classes":[]},{"id":15,"url":"https:\/\/www.el-pan-alegre.org\/wordpress\/15-ii-desde-arbol-de-vida-coloquio-haciendo-el-futuro-con-fuerza-local-en-el-camino-hacia-la-sostenibilidad\/","url_meta":{"origin":2078,"position":4},"title":"(II) &#8211; Desde \u00c1rbol de Vida- Coloquio \u201cHaciendo el futuro con fuerza local\u201d en el camino hacia la sostenibilidad &#8230;","author":"Anja Mocker","date":"12. M\u00e4rz 2013","format":false,"excerpt":"El Coloquio \u201cHaciendo el futuro con fuerza local\u201d comenz\u00f3 sus sesiones de trabajo una vez concluida la presentaci\u00f3n del libro El Proyecto Tahit\u00ed. Los panelistas fueron: - En \u201cSeguridad Alimentaria\u201d, 19 de febrero: Roland Hoffmann-Bahnsen (Alemania), Eduardo Ortega Delgado (Cuba), Francisco Bonilla (M\u00e9xico), Nuria Costa Leonardo (M\u00e9xico). - En \u201cAbastecimiento\u2026","rel":"","context":"In &quot;Amaranth&quot;","block_context":{"text":"Amaranth","link":"https:\/\/www.el-pan-alegre.org\/wordpress\/kategorie\/amaranth\/"},"img":{"alt_text":"","src":"","width":0,"height":0},"classes":[]},{"id":28,"url":"https:\/\/www.el-pan-alegre.org\/wordpress\/28-el-proyecto-tahiti-se-convierte-en-el-proyecto-cuba-alegre\/","url_meta":{"origin":2078,"position":5},"title":"&#8222;El Proyecto Tahit\u00ed&#8220; &#038; &#8222;El Proyecto Cuba Alegre&#8220;","author":"Anja Mocker","date":"7. Februar 2013","format":false,"excerpt":"Habana-Cuba. Coloquio: \u201cHaciendo el futuro con fuerza local\u201d (\u201cEl Proyecto Tahit\u00ed\u201d se convierte en el \u201cProyecto Cuba Alegre\u201d) Invitaci\u00f3n a participar Del 19 al 21 de febrero de 2013, de 10 a.m. a 2 p.m., se realizar\u00e1, en la Asociaci\u00f3n Cubana de las Naciones Unidas (ACNU), 25 y J, El\u2026","rel":"","context":"In &quot;Abfall&quot;","block_context":{"text":"Abfall","link":"https:\/\/www.el-pan-alegre.org\/wordpress\/kategorie\/abfall\/"},"img":{"alt_text":"","src":"","width":0,"height":0},"classes":[]}],"_links":{"self":[{"href":"https:\/\/www.el-pan-alegre.org\/wordpress\/wp-json\/wp\/v2\/posts\/2078","targetHints":{"allow":["GET"]}}],"collection":[{"href":"https:\/\/www.el-pan-alegre.org\/wordpress\/wp-json\/wp\/v2\/posts"}],"about":[{"href":"https:\/\/www.el-pan-alegre.org\/wordpress\/wp-json\/wp\/v2\/types\/post"}],"author":[{"embeddable":true,"href":"https:\/\/www.el-pan-alegre.org\/wordpress\/wp-json\/wp\/v2\/users\/2"}],"replies":[{"embeddable":true,"href":"https:\/\/www.el-pan-alegre.org\/wordpress\/wp-json\/wp\/v2\/comments?post=2078"}],"version-history":[{"count":16,"href":"https:\/\/www.el-pan-alegre.org\/wordpress\/wp-json\/wp\/v2\/posts\/2078\/revisions"}],"predecessor-version":[{"id":2099,"href":"https:\/\/www.el-pan-alegre.org\/wordpress\/wp-json\/wp\/v2\/posts\/2078\/revisions\/2099"}],"wp:attachment":[{"href":"https:\/\/www.el-pan-alegre.org\/wordpress\/wp-json\/wp\/v2\/media?parent=2078"}],"wp:term":[{"taxonomy":"category","embeddable":true,"href":"https:\/\/www.el-pan-alegre.org\/wordpress\/wp-json\/wp\/v2\/categories?post=2078"},{"taxonomy":"post_tag","embeddable":true,"href":"https:\/\/www.el-pan-alegre.org\/wordpress\/wp-json\/wp\/v2\/tags?post=2078"}],"curies":[{"name":"wp","href":"https:\/\/api.w.org\/{rel}","templated":true}]}}