{"id":2058,"date":"2019-01-14T01:44:00","date_gmt":"2019-01-14T00:44:00","guid":{"rendered":"http:\/\/www.el-pan-alegre.org\/wordpress\/?p=2058"},"modified":"2019-01-14T09:03:16","modified_gmt":"2019-01-14T08:03:16","slug":"un-2019-muy-feliz-y-fuerte","status":"publish","type":"post","link":"https:\/\/www.el-pan-alegre.org\/wordpress\/2058-un-2019-muy-feliz-y-fuerte\/","title":{"rendered":"Un 2019 muy feliz y fuerte  &#8230;"},"content":{"rendered":"<p>&#8230; con <a href=\"http:\/\/www.el-pan-alegre.org\/wordpress\/wissen\/konzepte\/el-pan-alegre\/\">El Pan Alegre<\/a> le deseamos a toda nuestra familia de <a href=\"https:\/\/www.halmas.org\/\">Haciendo Almas<\/a> lxs integrantes de la ONG En Buenas Manos.<\/p>\n<p><img loading=\"lazy\" decoding=\"async\" class=\"alignnone wp-image-45773\" src=\"https:\/\/www.halmas.org\/wp-content\/uploads\/2019\/01\/Pensar_sostenible-300x240.jpg\" alt=\"\" width=\"282\" height=\"225\" \/> \u00a0\u00a0 <img loading=\"lazy\" decoding=\"async\" class=\"alignnone wp-image-45723\" src=\"https:\/\/www.halmas.org\/wp-content\/uploads\/2018\/12\/2018-MPorr-219x300.jpg\" alt=\"\" width=\"164\" height=\"224\" \/><br \/>\n<i>El <a href=\"http:\/\/www.el-pan-alegre.org\/wordpress\/wissen\/themen\/amaranth\/\" target=\"_blank\" rel=\"noopener\">amaranto<\/a> en el mundo: la semilla de las mil bondades <\/i>\u2013 es verdad que nosotrxs del Pan Alegre no nos cansamos de los tantos encantos de este tesoro culinario, alimenticio y agr\u00edcola que no en vano sigue siendo recomendado para combatir el hambre a nivel global.<\/p>\n<p><!--more--><\/p>\n<p><!--more--><\/p>\n<p><img loading=\"lazy\" decoding=\"async\" class=\"alignnone wp-image-45774\" src=\"https:\/\/www.halmas.org\/wp-content\/uploads\/2019\/01\/Dibujo_infantil2-300x216.jpg\" alt=\"\" width=\"250\" height=\"180\" \/> <img loading=\"lazy\" decoding=\"async\" class=\"alignnone wp-image-45775\" src=\"https:\/\/www.halmas.org\/wp-content\/uploads\/2019\/01\/Dibujo_infantil1-300x263.jpg\" alt=\"\" width=\"211\" height=\"185\" \/><\/p>\n<p>A finales del a\u00f1o 2018, nuestra ONG En Buenas Manos cumpli\u00f3 dos a\u00f1os dando nuevos talleres, en el Centro de la Educaci\u00f3n Medioambiental <a href=\"https:\/\/gruen-berlin.de\/en\/kienbergpark\" target=\"_blank\" rel=\"noopener\">Kienbergpark<\/a>, antiguo terreno de la Exposici\u00f3n internacional de jardiner\u00eda 2017.<\/p>\n<p><img loading=\"lazy\" decoding=\"async\" class=\"alignnone wp-image-45776\" src=\"https:\/\/www.halmas.org\/wp-content\/uploads\/2019\/01\/Talleres_El-Pan-Alegre-300x70.jpg\" alt=\"\" width=\"441\" height=\"103\" \/><\/p>\n<p>Dos veces al a\u00f1o nos invitan ac\u00e1 para ense\u00f1ar, a trav\u00e9s del manejo del amaranto, c\u00f3mo practicar una alimentaci\u00f3n sana sostenible \u2013 \u00a1y muuuy rica!<\/p>\n<p><img loading=\"lazy\" decoding=\"async\" class=\"alignnone wp-image-45777\" src=\"https:\/\/www.halmas.org\/wp-content\/uploads\/2019\/01\/Taller_El-Pan-Alegre2-282x300.jpg\" alt=\"\" width=\"183\" height=\"195\" \/> <img loading=\"lazy\" decoding=\"async\" class=\"alignnone wp-image-45778\" src=\"https:\/\/www.halmas.org\/wp-content\/uploads\/2019\/01\/Talleres_El-Pan-Alegre3-300x225.jpg\" alt=\"\" width=\"260\" height=\"195\" \/><\/p>\n<p>Y no solamente esto: La producci\u00f3n y elaboraci\u00f3n de amaranto permite -de manera ejemplar\u2012 explicar el principio m\u00e1s b\u00e1sico de la sostenibilidad, el pensar y actuar en ciclos cerrados. Este principio forma el eje central de todos nuestros talleres como oferta educativa para el desarrollo sostenible (EDS).<\/p>\n<p>Desde la semillita chiquitita y la fuerza que contiene hasta la planta con sus casi 50.000 semillas nuevas y los dulces sabrosos en base de ellas (\u201calegr\u00eda\u201d) \u2013 as\u00ed las familias entienden perfectamente qu\u00e9 cosa es la sustentabilidad o sostenibilidad y cu\u00e1l es la importancia que tiene para sus vidas cotidianas. \u2012<\/p>\n<p>Y lo que complementa nuestra alegr\u00eda: el saber de que Berl\u00edn y Habana, desde hace rato, son ciudades hermanas de amaranto (v\u00e9ase tambi\u00e9n Sandra Rodr\u00edguez Ribalta y el <a href=\"https:\/\/www.halmas.org\/etiquetas\/ando-reforestando\/\" target=\"_blank\" rel=\"noopener\">Proyecto Ando Reforestando<\/a>). \u00a1Un abrazo grande y fuerte para nuestrxs hermanxs!<\/p>\n<p><img loading=\"lazy\" decoding=\"async\" class=\"alignnone  wp-image-44944\" src=\"https:\/\/www.halmas.org\/wp-content\/uploads\/2018\/06\/Seguimos-trabajando-por-el-amaranto-300x225.jpg\" alt=\"\" width=\"262\" height=\"196\" \/>\u00a0\u00a0 <img loading=\"lazy\" decoding=\"async\" class=\"alignnone  wp-image-45779\" src=\"https:\/\/www.halmas.org\/wp-content\/uploads\/2019\/01\/2017_05_31.-SANDRA_certificado-INAF_Web-300x224.jpg\" alt=\"\" width=\"264\" height=\"197\" \/><\/p>\n","protected":false},"excerpt":{"rendered":"<p>Nuevos talleres de amaranto en Berl\u00edn, en estrecho v\u00ednculo con las actividades hermanas en Habana. <a href=\"https:\/\/www.el-pan-alegre.org\/wordpress\/2058-un-2019-muy-feliz-y-fuerte\/\">Weiterlesen <span class=\"meta-nav\">&rarr;<\/span><\/a><\/p>\n","protected":false},"author":2,"featured_media":2059,"comment_status":"closed","ping_status":"closed","sticky":false,"template":"","format":"standard","meta":{"jetpack_post_was_ever_published":false,"_jetpack_newsletter_access":"","_jetpack_dont_email_post_to_subs":false,"_jetpack_newsletter_tier_id":0,"_jetpack_memberships_contains_paywalled_content":false,"_jetpack_memberships_contains_paid_content":false,"footnotes":"","jetpack_publicize_message":"","jetpack_publicize_feature_enabled":true,"jetpack_social_post_already_shared":true,"jetpack_social_options":{"image_generator_settings":{"template":"highway","default_image_id":0,"font":"","enabled":false},"version":2}},"categories":[16,60,56,3,66,13,23,6,5,2,67,4],"tags":[],"class_list":["post-2058","post","type-post","status-publish","format-standard","has-post-thumbnail","hentry","category-amaranth","category-bildung-fuer-nachhaltige-entwicklung-bne","category-buen-vivir","category-cuba","category-educacion-para-el-desarrollo-sostenible-eds","category-espanol","category-fotos","category-information","category-kommunikation","category-oeffentlichkeitsarbeit","category-umweltbildungszentrum-ubz-kienbergpark","category-veranstaltung"],"yoast_head":"<!-- This site is optimized with the Yoast SEO plugin v27.4 - https:\/\/yoast.com\/product\/yoast-seo-wordpress\/ -->\n<title>Un 2019 muy feliz y fuerte ... - El Pan Alegre<\/title>\n<meta name=\"robots\" content=\"index, follow, max-snippet:-1, max-image-preview:large, max-video-preview:-1\" \/>\n<link rel=\"canonical\" href=\"https:\/\/www.el-pan-alegre.org\/wordpress\/2058-un-2019-muy-feliz-y-fuerte\/\" \/>\n<meta property=\"og:locale\" content=\"de_DE\" \/>\n<meta property=\"og:type\" content=\"article\" \/>\n<meta property=\"og:title\" content=\"Un 2019 muy feliz y fuerte ... - El Pan Alegre\" \/>\n<meta property=\"og:description\" content=\"Nuevos talleres de amaranto en Berl\u00edn, en estrecho v\u00ednculo con las actividades hermanas en Habana. Weiterlesen &rarr;\" \/>\n<meta property=\"og:url\" content=\"https:\/\/www.el-pan-alegre.org\/wordpress\/2058-un-2019-muy-feliz-y-fuerte\/\" \/>\n<meta property=\"og:site_name\" content=\"El Pan Alegre\" \/>\n<meta property=\"article:published_time\" content=\"2019-01-14T00:44:00+00:00\" \/>\n<meta property=\"article:modified_time\" content=\"2019-01-14T08:03:16+00:00\" \/>\n<meta property=\"og:image\" content=\"https:\/\/www.el-pan-alegre.org\/wordpress\/wp-content\/uploads\/2019\/01\/Pensar_sostenible.jpg\" \/>\n\t<meta property=\"og:image:width\" content=\"591\" \/>\n\t<meta property=\"og:image:height\" content=\"473\" \/>\n\t<meta property=\"og:image:type\" content=\"image\/jpeg\" \/>\n<meta name=\"author\" content=\"Madeleine Porr\" \/>\n<meta name=\"twitter:card\" content=\"summary_large_image\" \/>\n<meta name=\"twitter:label1\" content=\"Verfasst von\" \/>\n\t<meta name=\"twitter:data1\" content=\"Madeleine Porr\" \/>\n\t<meta name=\"twitter:label2\" content=\"Gesch\u00e4tzte Lesezeit\" \/>\n\t<meta name=\"twitter:data2\" content=\"1\u00a0Minute\" \/>\n<script type=\"application\/ld+json\" class=\"yoast-schema-graph\">{\"@context\":\"https:\\\/\\\/schema.org\",\"@graph\":[{\"@type\":\"Article\",\"@id\":\"https:\\\/\\\/www.el-pan-alegre.org\\\/wordpress\\\/2058-un-2019-muy-feliz-y-fuerte\\\/#article\",\"isPartOf\":{\"@id\":\"https:\\\/\\\/www.el-pan-alegre.org\\\/wordpress\\\/2058-un-2019-muy-feliz-y-fuerte\\\/\"},\"author\":{\"name\":\"Madeleine Porr\",\"@id\":\"https:\\\/\\\/www.el-pan-alegre.org\\\/wordpress\\\/#\\\/schema\\\/person\\\/39b853679289f55293e37b53abdfb35e\"},\"headline\":\"Un 2019 muy feliz y fuerte &#8230;\",\"datePublished\":\"2019-01-14T00:44:00+00:00\",\"dateModified\":\"2019-01-14T08:03:16+00:00\",\"mainEntityOfPage\":{\"@id\":\"https:\\\/\\\/www.el-pan-alegre.org\\\/wordpress\\\/2058-un-2019-muy-feliz-y-fuerte\\\/\"},\"wordCount\":284,\"image\":{\"@id\":\"https:\\\/\\\/www.el-pan-alegre.org\\\/wordpress\\\/2058-un-2019-muy-feliz-y-fuerte\\\/#primaryimage\"},\"thumbnailUrl\":\"https:\\\/\\\/www.el-pan-alegre.org\\\/wordpress\\\/wp-content\\\/uploads\\\/2019\\\/01\\\/Pensar_sostenible.jpg\",\"articleSection\":[\"Amaranth\",\"Bildung f\u00fcr nachhaltige Entwicklung (BNE)\",\"Buen Vivir\",\"Cuba\",\"Educaci\u00f3n para el desarrollo sostenible (EDS)\",\"espa\u00f1ol\",\"Fotos\",\"Information\",\"Kommunikation\",\"\u00d6ffentlichkeitsarbeit\",\"Umweltbildungszentrum (UBZ) Kienbergpark\",\"Veranstaltung\"],\"inLanguage\":\"de\"},{\"@type\":\"WebPage\",\"@id\":\"https:\\\/\\\/www.el-pan-alegre.org\\\/wordpress\\\/2058-un-2019-muy-feliz-y-fuerte\\\/\",\"url\":\"https:\\\/\\\/www.el-pan-alegre.org\\\/wordpress\\\/2058-un-2019-muy-feliz-y-fuerte\\\/\",\"name\":\"Un 2019 muy feliz y fuerte ... - El Pan Alegre\",\"isPartOf\":{\"@id\":\"https:\\\/\\\/www.el-pan-alegre.org\\\/wordpress\\\/#website\"},\"primaryImageOfPage\":{\"@id\":\"https:\\\/\\\/www.el-pan-alegre.org\\\/wordpress\\\/2058-un-2019-muy-feliz-y-fuerte\\\/#primaryimage\"},\"image\":{\"@id\":\"https:\\\/\\\/www.el-pan-alegre.org\\\/wordpress\\\/2058-un-2019-muy-feliz-y-fuerte\\\/#primaryimage\"},\"thumbnailUrl\":\"https:\\\/\\\/www.el-pan-alegre.org\\\/wordpress\\\/wp-content\\\/uploads\\\/2019\\\/01\\\/Pensar_sostenible.jpg\",\"datePublished\":\"2019-01-14T00:44:00+00:00\",\"dateModified\":\"2019-01-14T08:03:16+00:00\",\"author\":{\"@id\":\"https:\\\/\\\/www.el-pan-alegre.org\\\/wordpress\\\/#\\\/schema\\\/person\\\/39b853679289f55293e37b53abdfb35e\"},\"breadcrumb\":{\"@id\":\"https:\\\/\\\/www.el-pan-alegre.org\\\/wordpress\\\/2058-un-2019-muy-feliz-y-fuerte\\\/#breadcrumb\"},\"inLanguage\":\"de\",\"potentialAction\":[{\"@type\":\"ReadAction\",\"target\":[\"https:\\\/\\\/www.el-pan-alegre.org\\\/wordpress\\\/2058-un-2019-muy-feliz-y-fuerte\\\/\"]}]},{\"@type\":\"ImageObject\",\"inLanguage\":\"de\",\"@id\":\"https:\\\/\\\/www.el-pan-alegre.org\\\/wordpress\\\/2058-un-2019-muy-feliz-y-fuerte\\\/#primaryimage\",\"url\":\"https:\\\/\\\/www.el-pan-alegre.org\\\/wordpress\\\/wp-content\\\/uploads\\\/2019\\\/01\\\/Pensar_sostenible.jpg\",\"contentUrl\":\"https:\\\/\\\/www.el-pan-alegre.org\\\/wordpress\\\/wp-content\\\/uploads\\\/2019\\\/01\\\/Pensar_sostenible.jpg\",\"width\":591,\"height\":473},{\"@type\":\"BreadcrumbList\",\"@id\":\"https:\\\/\\\/www.el-pan-alegre.org\\\/wordpress\\\/2058-un-2019-muy-feliz-y-fuerte\\\/#breadcrumb\",\"itemListElement\":[{\"@type\":\"ListItem\",\"position\":1,\"name\":\"Home\",\"item\":\"https:\\\/\\\/www.el-pan-alegre.org\\\/wordpress\\\/\"},{\"@type\":\"ListItem\",\"position\":2,\"name\":\"Un 2019 muy feliz y fuerte &#8230;\"}]},{\"@type\":\"WebSite\",\"@id\":\"https:\\\/\\\/www.el-pan-alegre.org\\\/wordpress\\\/#website\",\"url\":\"https:\\\/\\\/www.el-pan-alegre.org\\\/wordpress\\\/\",\"name\":\"El Pan Alegre\",\"description\":\"Das Fr\u00f6hliche Brot\",\"potentialAction\":[{\"@type\":\"SearchAction\",\"target\":{\"@type\":\"EntryPoint\",\"urlTemplate\":\"https:\\\/\\\/www.el-pan-alegre.org\\\/wordpress\\\/?s={search_term_string}\"},\"query-input\":{\"@type\":\"PropertyValueSpecification\",\"valueRequired\":true,\"valueName\":\"search_term_string\"}}],\"inLanguage\":\"de\"},{\"@type\":\"Person\",\"@id\":\"https:\\\/\\\/www.el-pan-alegre.org\\\/wordpress\\\/#\\\/schema\\\/person\\\/39b853679289f55293e37b53abdfb35e\",\"name\":\"Madeleine Porr\",\"image\":{\"@type\":\"ImageObject\",\"inLanguage\":\"de\",\"@id\":\"https:\\\/\\\/secure.gravatar.com\\\/avatar\\\/220f262381e6da1a53e3f4626f455dc2c5f03e3a01d49b4ee64a83051cd54bb1?s=96&d=identicon&r=g\",\"url\":\"https:\\\/\\\/secure.gravatar.com\\\/avatar\\\/220f262381e6da1a53e3f4626f455dc2c5f03e3a01d49b4ee64a83051cd54bb1?s=96&d=identicon&r=g\",\"contentUrl\":\"https:\\\/\\\/secure.gravatar.com\\\/avatar\\\/220f262381e6da1a53e3f4626f455dc2c5f03e3a01d49b4ee64a83051cd54bb1?s=96&d=identicon&r=g\",\"caption\":\"Madeleine Porr\"},\"url\":\"https:\\\/\\\/www.el-pan-alegre.org\\\/wordpress\\\/author\\\/madeleine\\\/\"}]}<\/script>\n<!-- \/ Yoast SEO plugin. -->","yoast_head_json":{"title":"Un 2019 muy feliz y fuerte ... - El Pan Alegre","robots":{"index":"index","follow":"follow","max-snippet":"max-snippet:-1","max-image-preview":"max-image-preview:large","max-video-preview":"max-video-preview:-1"},"canonical":"https:\/\/www.el-pan-alegre.org\/wordpress\/2058-un-2019-muy-feliz-y-fuerte\/","og_locale":"de_DE","og_type":"article","og_title":"Un 2019 muy feliz y fuerte ... - El Pan Alegre","og_description":"Nuevos talleres de amaranto en Berl\u00edn, en estrecho v\u00ednculo con las actividades hermanas en Habana. Weiterlesen &rarr;","og_url":"https:\/\/www.el-pan-alegre.org\/wordpress\/2058-un-2019-muy-feliz-y-fuerte\/","og_site_name":"El Pan Alegre","article_published_time":"2019-01-14T00:44:00+00:00","article_modified_time":"2019-01-14T08:03:16+00:00","og_image":[{"width":591,"height":473,"url":"https:\/\/www.el-pan-alegre.org\/wordpress\/wp-content\/uploads\/2019\/01\/Pensar_sostenible.jpg","type":"image\/jpeg"}],"author":"Madeleine Porr","twitter_card":"summary_large_image","twitter_misc":{"Verfasst von":"Madeleine Porr","Gesch\u00e4tzte Lesezeit":"1\u00a0Minute"},"schema":{"@context":"https:\/\/schema.org","@graph":[{"@type":"Article","@id":"https:\/\/www.el-pan-alegre.org\/wordpress\/2058-un-2019-muy-feliz-y-fuerte\/#article","isPartOf":{"@id":"https:\/\/www.el-pan-alegre.org\/wordpress\/2058-un-2019-muy-feliz-y-fuerte\/"},"author":{"name":"Madeleine Porr","@id":"https:\/\/www.el-pan-alegre.org\/wordpress\/#\/schema\/person\/39b853679289f55293e37b53abdfb35e"},"headline":"Un 2019 muy feliz y fuerte &#8230;","datePublished":"2019-01-14T00:44:00+00:00","dateModified":"2019-01-14T08:03:16+00:00","mainEntityOfPage":{"@id":"https:\/\/www.el-pan-alegre.org\/wordpress\/2058-un-2019-muy-feliz-y-fuerte\/"},"wordCount":284,"image":{"@id":"https:\/\/www.el-pan-alegre.org\/wordpress\/2058-un-2019-muy-feliz-y-fuerte\/#primaryimage"},"thumbnailUrl":"https:\/\/www.el-pan-alegre.org\/wordpress\/wp-content\/uploads\/2019\/01\/Pensar_sostenible.jpg","articleSection":["Amaranth","Bildung f\u00fcr nachhaltige Entwicklung (BNE)","Buen Vivir","Cuba","Educaci\u00f3n para el desarrollo sostenible (EDS)","espa\u00f1ol","Fotos","Information","Kommunikation","\u00d6ffentlichkeitsarbeit","Umweltbildungszentrum (UBZ) Kienbergpark","Veranstaltung"],"inLanguage":"de"},{"@type":"WebPage","@id":"https:\/\/www.el-pan-alegre.org\/wordpress\/2058-un-2019-muy-feliz-y-fuerte\/","url":"https:\/\/www.el-pan-alegre.org\/wordpress\/2058-un-2019-muy-feliz-y-fuerte\/","name":"Un 2019 muy feliz y fuerte ... - El Pan Alegre","isPartOf":{"@id":"https:\/\/www.el-pan-alegre.org\/wordpress\/#website"},"primaryImageOfPage":{"@id":"https:\/\/www.el-pan-alegre.org\/wordpress\/2058-un-2019-muy-feliz-y-fuerte\/#primaryimage"},"image":{"@id":"https:\/\/www.el-pan-alegre.org\/wordpress\/2058-un-2019-muy-feliz-y-fuerte\/#primaryimage"},"thumbnailUrl":"https:\/\/www.el-pan-alegre.org\/wordpress\/wp-content\/uploads\/2019\/01\/Pensar_sostenible.jpg","datePublished":"2019-01-14T00:44:00+00:00","dateModified":"2019-01-14T08:03:16+00:00","author":{"@id":"https:\/\/www.el-pan-alegre.org\/wordpress\/#\/schema\/person\/39b853679289f55293e37b53abdfb35e"},"breadcrumb":{"@id":"https:\/\/www.el-pan-alegre.org\/wordpress\/2058-un-2019-muy-feliz-y-fuerte\/#breadcrumb"},"inLanguage":"de","potentialAction":[{"@type":"ReadAction","target":["https:\/\/www.el-pan-alegre.org\/wordpress\/2058-un-2019-muy-feliz-y-fuerte\/"]}]},{"@type":"ImageObject","inLanguage":"de","@id":"https:\/\/www.el-pan-alegre.org\/wordpress\/2058-un-2019-muy-feliz-y-fuerte\/#primaryimage","url":"https:\/\/www.el-pan-alegre.org\/wordpress\/wp-content\/uploads\/2019\/01\/Pensar_sostenible.jpg","contentUrl":"https:\/\/www.el-pan-alegre.org\/wordpress\/wp-content\/uploads\/2019\/01\/Pensar_sostenible.jpg","width":591,"height":473},{"@type":"BreadcrumbList","@id":"https:\/\/www.el-pan-alegre.org\/wordpress\/2058-un-2019-muy-feliz-y-fuerte\/#breadcrumb","itemListElement":[{"@type":"ListItem","position":1,"name":"Home","item":"https:\/\/www.el-pan-alegre.org\/wordpress\/"},{"@type":"ListItem","position":2,"name":"Un 2019 muy feliz y fuerte &#8230;"}]},{"@type":"WebSite","@id":"https:\/\/www.el-pan-alegre.org\/wordpress\/#website","url":"https:\/\/www.el-pan-alegre.org\/wordpress\/","name":"El Pan Alegre","description":"Das Fr\u00f6hliche Brot","potentialAction":[{"@type":"SearchAction","target":{"@type":"EntryPoint","urlTemplate":"https:\/\/www.el-pan-alegre.org\/wordpress\/?s={search_term_string}"},"query-input":{"@type":"PropertyValueSpecification","valueRequired":true,"valueName":"search_term_string"}}],"inLanguage":"de"},{"@type":"Person","@id":"https:\/\/www.el-pan-alegre.org\/wordpress\/#\/schema\/person\/39b853679289f55293e37b53abdfb35e","name":"Madeleine Porr","image":{"@type":"ImageObject","inLanguage":"de","@id":"https:\/\/secure.gravatar.com\/avatar\/220f262381e6da1a53e3f4626f455dc2c5f03e3a01d49b4ee64a83051cd54bb1?s=96&d=identicon&r=g","url":"https:\/\/secure.gravatar.com\/avatar\/220f262381e6da1a53e3f4626f455dc2c5f03e3a01d49b4ee64a83051cd54bb1?s=96&d=identicon&r=g","contentUrl":"https:\/\/secure.gravatar.com\/avatar\/220f262381e6da1a53e3f4626f455dc2c5f03e3a01d49b4ee64a83051cd54bb1?s=96&d=identicon&r=g","caption":"Madeleine Porr"},"url":"https:\/\/www.el-pan-alegre.org\/wordpress\/author\/madeleine\/"}]}},"jetpack_publicize_connections":[],"jetpack_featured_media_url":"https:\/\/www.el-pan-alegre.org\/wordpress\/wp-content\/uploads\/2019\/01\/Pensar_sostenible.jpg","jetpack_sharing_enabled":true,"jetpack_shortlink":"https:\/\/wp.me\/p62TDh-xc","jetpack-related-posts":[{"id":87,"url":"https:\/\/www.el-pan-alegre.org\/wordpress\/87-a-fortalecerse-con-el-amaranto-para-el-nuevo-ano-escolar\/","url_meta":{"origin":2058,"position":0},"title":"A fortalecerse con el amaranto para el nuevo a\u00f1o escolar","author":"Anja Mocker","date":"23. August 2010","format":false,"excerpt":"Hoy se acaban aqu\u00ed las vacaciones. Es tambi\u00e9n el \u00faltimo d\u00eda de FEZitty, oferta estival del FEZ, el mayor centro de recreaci\u00f3n y formaci\u00f3n infantil y juvenil europeo sin fines de lucro, donde se estableci\u00f3 El Pan Alegre en mayo pasado. Cada dos a\u00f1os este centro durante las vacaciones de\u2026","rel":"","context":"In &quot;Amaranth&quot;","block_context":{"text":"Amaranth","link":"https:\/\/www.el-pan-alegre.org\/wordpress\/kategorie\/amaranth\/"},"img":{"alt_text":"","src":"","width":0,"height":0},"classes":[]},{"id":1529,"url":"https:\/\/www.el-pan-alegre.org\/wordpress\/1529-estrechando-los-vinculos-de-amaranto-entre-cuba-y-mexico\/","url_meta":{"origin":2058,"position":1},"title":"Estrechando los v\u00ednculos de amaranto entre Cuba y M\u00e9xico","author":"Madeleine Porr","date":"25. August 2016","format":false,"excerpt":"Una vez m\u00e1s en este verano de \u201cSumando Alegr\u00edas\u201d (lema para las vacaciones en Cuba) tuve el gran placer de visitar a nuestra amiga Nuria Costa, en su EcoAldea Bosque de Agua\/Cuernavaca, en la tierra hermana mexicana que para El Pan Alegre guarda el tan precioso legado de las altas\u2026","rel":"","context":"In &quot;Allgemein&quot;","block_context":{"text":"Allgemein","link":"https:\/\/www.el-pan-alegre.org\/wordpress\/kategorie\/allgemein\/"},"img":{"alt_text":"01","src":"https:\/\/i0.wp.com\/www.el-pan-alegre.org\/wordpress\/wp-content\/uploads\/2016\/08\/01-300x243.jpg?resize=350%2C200","width":350,"height":200},"classes":[]},{"id":1431,"url":"https:\/\/www.el-pan-alegre.org\/wordpress\/1431-para-el-cumple-amaranto\/","url_meta":{"origin":2058,"position":2},"title":"Para el cumple: AMARANTO","author":"Madeleine Porr","date":"11. Mai 2016","format":false,"excerpt":"Inmediatamente despu\u00e9s del 3er Encuentro de la Red Social Haciendo Almas en abril donde al final yo hab\u00eda comentado algunas novedades acerca de EL PAN ALEGRE, Celia, la coordinadora, me hab\u00eda invitado a refrescar los conocimientos de la \u201cfamilia\u201d y hacer nuevamente una presentaci\u00f3n del Amaranto en el pr\u00f3ximo encuentro.\u2026","rel":"","context":"In &quot;Amaranth&quot;","block_context":{"text":"Amaranth","link":"https:\/\/www.el-pan-alegre.org\/wordpress\/kategorie\/amaranth\/"},"img":{"alt_text":"01","src":"https:\/\/i0.wp.com\/www.haciendo-almas.org\/wp-content\/uploads\/2016\/05\/01-300x232.jpg?resize=350%2C200&ssl=1","width":350,"height":200},"classes":[]},{"id":25,"url":"https:\/\/www.el-pan-alegre.org\/wordpress\/25-haciendo-el-futuro-con-fuerza-local\/","url_meta":{"origin":2058,"position":3},"title":"\u00a1Haciendo el futuro con fuerza local!","author":"Anja Mocker","date":"8. M\u00e4rz 2013","format":false,"excerpt":"\"El Proyecto Tahit\u00ed\" se convierte en \"El Proyecto Cuba Alegre\" (M. Porr) Una novela alemana de ciencia ficci\u00f3n del autor alem\u00e1n Dirk C. Fleck, acerca de una isla que en medio de los tiempos revueltos que vivimos actualmente en todos los pa\u00edses del planeta, se decide por querer vivir un\u2026","rel":"","context":"In &quot;Amaranth&quot;","block_context":{"text":"Amaranth","link":"https:\/\/www.el-pan-alegre.org\/wordpress\/kategorie\/amaranth\/"},"img":{"alt_text":"","src":"","width":0,"height":0},"classes":[]},{"id":2078,"url":"https:\/\/www.el-pan-alegre.org\/wordpress\/2078-nueva-presentacion-amaranto\/","url_meta":{"origin":2058,"position":4},"title":"Nueva presentaci\u00f3n: amaranto","author":"Madeleine Porr","date":"27. Januar 2019","format":false,"excerpt":"V\u00c9ASE PRESENTACI\u00d3N AQU\u00cd Ya no podemos esperar otra cosa: El cambio clim\u00e1tico extremadamente forzado por el ser humano, est\u00e1 afectando la agricultura de todos los pa\u00edses en la tierra y la seguridad alimentaria de sus poblaciones. Una gran oportunidad entonces para redescubrir y reactivar tesoros naturales tradicionales que hemos descuidado\u2026","rel":"","context":"In &quot;Allgemein&quot;","block_context":{"text":"Allgemein","link":"https:\/\/www.el-pan-alegre.org\/wordpress\/kategorie\/allgemein\/"},"img":{"alt_text":"","src":"https:\/\/i0.wp.com\/www.el-pan-alegre.org\/wordpress\/wp-content\/uploads\/2019\/01\/Titelbild-1.jpg?resize=350%2C200&ssl=1","width":350,"height":200,"srcset":"https:\/\/i0.wp.com\/www.el-pan-alegre.org\/wordpress\/wp-content\/uploads\/2019\/01\/Titelbild-1.jpg?resize=350%2C200&ssl=1 1x, https:\/\/i0.wp.com\/www.el-pan-alegre.org\/wordpress\/wp-content\/uploads\/2019\/01\/Titelbild-1.jpg?resize=525%2C300&ssl=1 1.5x, https:\/\/i0.wp.com\/www.el-pan-alegre.org\/wordpress\/wp-content\/uploads\/2019\/01\/Titelbild-1.jpg?resize=700%2C400&ssl=1 2x, https:\/\/i0.wp.com\/www.el-pan-alegre.org\/wordpress\/wp-content\/uploads\/2019\/01\/Titelbild-1.jpg?resize=1050%2C600&ssl=1 3x, https:\/\/i0.wp.com\/www.el-pan-alegre.org\/wordpress\/wp-content\/uploads\/2019\/01\/Titelbild-1.jpg?resize=1400%2C800&ssl=1 4x"},"classes":[]},{"id":20,"url":"https:\/\/www.el-pan-alegre.org\/wordpress\/20-4-praesentation-el-proyecto-tahiti-kolloquium-die-zukunft-gestalten-mit-lokaler-kraft\/","url_meta":{"origin":2058,"position":5},"title":"1. Tag: &#8222;Die Zukunft gestalten mit lokaler Kraft!&#8220;","author":"Anja Mocker","date":"8. M\u00e4rz 2013","format":false,"excerpt":"KOLLOQUIUM-THEMA 1. Tag: AMARANTH als Beispiel f\u00fcr eine hochwertige lokal-regionale Nahrungsquelle Zu den Fotos von den Vortr\u00e4gen ... \u00a0 \u00a0 \u00a0 \u00a0","rel":"","context":"In &quot;Cuba&quot;","block_context":{"text":"Cuba","link":"https:\/\/www.el-pan-alegre.org\/wordpress\/kategorie\/cuba\/"},"img":{"alt_text":"","src":"https:\/\/i0.wp.com\/www.el-pan-alegre.org\/wordpress\/wp-content\/uploads\/2013\/03\/10-748859.jpg?resize=350%2C200&ssl=1","width":350,"height":200,"srcset":"https:\/\/i0.wp.com\/www.el-pan-alegre.org\/wordpress\/wp-content\/uploads\/2013\/03\/10-748859.jpg?resize=350%2C200&ssl=1 1x, https:\/\/i0.wp.com\/www.el-pan-alegre.org\/wordpress\/wp-content\/uploads\/2013\/03\/10-748859.jpg?resize=525%2C300&ssl=1 1.5x"},"classes":[]}],"_links":{"self":[{"href":"https:\/\/www.el-pan-alegre.org\/wordpress\/wp-json\/wp\/v2\/posts\/2058","targetHints":{"allow":["GET"]}}],"collection":[{"href":"https:\/\/www.el-pan-alegre.org\/wordpress\/wp-json\/wp\/v2\/posts"}],"about":[{"href":"https:\/\/www.el-pan-alegre.org\/wordpress\/wp-json\/wp\/v2\/types\/post"}],"author":[{"embeddable":true,"href":"https:\/\/www.el-pan-alegre.org\/wordpress\/wp-json\/wp\/v2\/users\/2"}],"replies":[{"embeddable":true,"href":"https:\/\/www.el-pan-alegre.org\/wordpress\/wp-json\/wp\/v2\/comments?post=2058"}],"version-history":[{"count":11,"href":"https:\/\/www.el-pan-alegre.org\/wordpress\/wp-json\/wp\/v2\/posts\/2058\/revisions"}],"predecessor-version":[{"id":2072,"href":"https:\/\/www.el-pan-alegre.org\/wordpress\/wp-json\/wp\/v2\/posts\/2058\/revisions\/2072"}],"wp:featuredmedia":[{"embeddable":true,"href":"https:\/\/www.el-pan-alegre.org\/wordpress\/wp-json\/wp\/v2\/media\/2059"}],"wp:attachment":[{"href":"https:\/\/www.el-pan-alegre.org\/wordpress\/wp-json\/wp\/v2\/media?parent=2058"}],"wp:term":[{"taxonomy":"category","embeddable":true,"href":"https:\/\/www.el-pan-alegre.org\/wordpress\/wp-json\/wp\/v2\/categories?post=2058"},{"taxonomy":"post_tag","embeddable":true,"href":"https:\/\/www.el-pan-alegre.org\/wordpress\/wp-json\/wp\/v2\/tags?post=2058"}],"curies":[{"name":"wp","href":"https:\/\/api.w.org\/{rel}","templated":true}]}}