{"id":1898,"date":"2018-07-15T16:22:15","date_gmt":"2018-07-15T14:22:15","guid":{"rendered":"http:\/\/www.el-pan-alegre.org\/wordpress\/?p=1898"},"modified":"2018-08-02T17:48:25","modified_gmt":"2018-08-02T15:48:25","slug":"amaranth-gehoert-zur-stadtgesundheit","status":"publish","type":"post","link":"https:\/\/www.el-pan-alegre.org\/wordpress\/1898-amaranth-gehoert-zur-stadtgesundheit\/","title":{"rendered":"Amaranth geh\u00f6rt zur Stadtgesundheit"},"content":{"rendered":"<h4><strong><span style=\"font-size: medium;\">Umweltbildungszentrum Kienbergpark<br \/>\n<\/span><a href=\"https:\/\/gruen-berlin.de\/veranstaltung\/gesundheit-und-stadtgruen\">\u201e<span style=\"font-size: medium;\">Gesundheit und Stadtgr\u00fcn &#8211; Gutes Leben im Kiez&#8220;<\/span><\/a><\/strong><br \/>\n<span style=\"font-size: medium;\"><strong> Ein Bildungsangebot von Berlin 21<br \/>\n7. und 8. Juli 2018<\/strong><\/span><\/h4>\n<p><a href=\"http:\/\/www.el-pan-alegre.org\/wordpress\/wp-content\/uploads\/2018\/08\/Amaranth-BNE-1.jpg\"><img loading=\"lazy\" decoding=\"async\" class=\"alignnone size-medium wp-image-1927\" src=\"http:\/\/www.el-pan-alegre.org\/wordpress\/wp-content\/uploads\/2018\/08\/Amaranth-BNE-1-300x207.jpg\" alt=\"\" width=\"300\" height=\"207\" srcset=\"https:\/\/www.el-pan-alegre.org\/wordpress\/wp-content\/uploads\/2018\/08\/Amaranth-BNE-1-300x207.jpg 300w, https:\/\/www.el-pan-alegre.org\/wordpress\/wp-content\/uploads\/2018\/08\/Amaranth-BNE-1-768x530.jpg 768w, https:\/\/www.el-pan-alegre.org\/wordpress\/wp-content\/uploads\/2018\/08\/Amaranth-BNE-1-1024x707.jpg 1024w, https:\/\/www.el-pan-alegre.org\/wordpress\/wp-content\/uploads\/2018\/08\/Amaranth-BNE-1-434x300.jpg 434w, https:\/\/www.el-pan-alegre.org\/wordpress\/wp-content\/uploads\/2018\/08\/Amaranth-BNE-1.jpg 1086w\" sizes=\"auto, (max-width: 300px) 100vw, 300px\" \/><\/a><\/p>\n<p>Wie kann ich in einer Gro\u00dfstadt gesund leben? Und was geh\u00f6rt \u00fcberhaupt dazu zum Rundum-Gesundsein? Auch in diesem Jahr hat am Beginn der Sommerferien <a href=\"http:\/\/berlin21.net\/\" target=\"_blank\" rel=\"noopener\">Berlin 21<\/a>, das Netzwerk f\u00fcr nachhaltige Entwicklung in der deutschen Hauptstadt, wieder kleine und gro\u00dfe Menschen auf das Gel\u00e4nde der IGA 2017 eingeladen zum Entdecken &amp; Ausprobieren, Nachdenken &amp; Naschen.<\/p>\n<p><!--more--><\/p>\n<p><a href=\"http:\/\/www.el-pan-alegre.org\/wordpress\/wp-content\/uploads\/2018\/07\/GGE-Amaranth.jpg\"><img loading=\"lazy\" decoding=\"async\" class=\"alignnone wp-image-1918\" src=\"http:\/\/www.el-pan-alegre.org\/wordpress\/wp-content\/uploads\/2018\/07\/GGE-Amaranth-248x300.jpg\" alt=\"\" width=\"339\" height=\"405\" \/><br \/>\n<\/a><a href=\"http:\/\/www.el-pan-alegre.org\/wordpress\/wp-content\/uploads\/2018\/08\/Amaranthforscher.jpg\"><img loading=\"lazy\" decoding=\"async\" class=\"alignnone size-medium wp-image-1905\" src=\"http:\/\/www.el-pan-alegre.org\/wordpress\/wp-content\/uploads\/2018\/08\/Amaranthforscher-300x225.jpg\" alt=\"\" width=\"300\" height=\"225\" srcset=\"https:\/\/www.el-pan-alegre.org\/wordpress\/wp-content\/uploads\/2018\/08\/Amaranthforscher-300x225.jpg 300w, https:\/\/www.el-pan-alegre.org\/wordpress\/wp-content\/uploads\/2018\/08\/Amaranthforscher-400x300.jpg 400w, https:\/\/www.el-pan-alegre.org\/wordpress\/wp-content\/uploads\/2018\/08\/Amaranthforscher.jpg 653w\" sizes=\"auto, (max-width: 300px) 100vw, 300px\" \/><\/a> <a href=\"http:\/\/www.el-pan-alegre.org\/wordpress\/wp-content\/uploads\/2018\/08\/Alegria.jpg\"><img loading=\"lazy\" decoding=\"async\" class=\"alignnone wp-image-1903\" src=\"http:\/\/www.el-pan-alegre.org\/wordpress\/wp-content\/uploads\/2018\/08\/Alegria-210x300.jpg\" alt=\"\" width=\"158\" height=\"222\" \/><\/a><\/p>\n<p><span style=\"font-size: small;\">Auf der idyllischen Seeterrasse im Kienbergpark wurde das IGA-Umweltbildungszentrum (UBZ) erhalten. Nicht nur unter der Woche ist das UBZ ein vielf\u00e4ltiger Erlebnisort f\u00fcr Kitagruppen und Schulklassen; es bietet ganzj\u00e4hrig auch an den Wochenenden und in den Ferien umfangreiche, altersspezifische Bildungsangebote (s. auch <a href=\"https:\/\/gruen-berlin.de\/kienbergpark\/umweltbildungszentrum\" target=\"_blank\" rel=\"noopener\">UBZ-Webseite<\/a>).<\/span><\/p>\n<p><span style=\"font-size: small;\">Klar, dass also auch an diesem Wochenende die kleinen Powerk\u00f6rner des Fuchsschwanzgew\u00e4chses <a href=\"http:\/\/www.el-pan-alegre.org\/wordpress\/wissen\/themen\/amaranth\/\">Amaranth<\/a> nicht fehlen durften! Und nat\u00fcrlich brachte Berlin21-Mitglied <a href=\"http:\/\/www.el-pan-alegre.org\/wordpress\/verein\/was-machen-wir\/\" target=\"_self\">En Buenas Manos<\/a> e. V., seit vielen Jahren engagiert in der Bildung f\u00fcr nachhaltige Entwicklung am Beispiel dieser hochwertigen Nahrungspflanze, neben seinen Anschauungsmaterialien auch wieder den Kochtopf mit :-).<\/span><\/p>\n<p><a href=\"http:\/\/www.el-pan-alegre.org\/wordpress\/wp-content\/uploads\/2018\/08\/UBZ1.jpg\"><img loading=\"lazy\" decoding=\"async\" class=\"alignnone wp-image-1908\" src=\"http:\/\/www.el-pan-alegre.org\/wordpress\/wp-content\/uploads\/2018\/08\/UBZ1-255x300.jpg\" alt=\"\" width=\"206\" height=\"240\" \/><\/a> <a href=\"http:\/\/www.el-pan-alegre.org\/wordpress\/wp-content\/uploads\/2018\/08\/UBZ2.jpg\"><img loading=\"lazy\" decoding=\"async\" class=\"alignnone wp-image-1909\" src=\"http:\/\/www.el-pan-alegre.org\/wordpress\/wp-content\/uploads\/2018\/08\/UBZ2-282x300.jpg\" alt=\"\" width=\"226\" height=\"240\" srcset=\"https:\/\/www.el-pan-alegre.org\/wordpress\/wp-content\/uploads\/2018\/08\/UBZ2-282x300.jpg 282w, https:\/\/www.el-pan-alegre.org\/wordpress\/wp-content\/uploads\/2018\/08\/UBZ2.jpg 672w\" sizes=\"auto, (max-width: 226px) 100vw, 226px\" \/><\/a><br \/>\n<a href=\"http:\/\/www.el-pan-alegre.org\/wordpress\/wp-content\/uploads\/2018\/08\/Rezept_Alegria.jpg\"><img loading=\"lazy\" decoding=\"async\" class=\"alignnone size-medium wp-image-1907\" src=\"http:\/\/www.el-pan-alegre.org\/wordpress\/wp-content\/uploads\/2018\/08\/Rezept_Alegria-300x212.jpg\" alt=\"\" width=\"300\" height=\"212\" srcset=\"https:\/\/www.el-pan-alegre.org\/wordpress\/wp-content\/uploads\/2018\/08\/Rezept_Alegria-300x212.jpg 300w, https:\/\/www.el-pan-alegre.org\/wordpress\/wp-content\/uploads\/2018\/08\/Rezept_Alegria-768x543.jpg 768w, https:\/\/www.el-pan-alegre.org\/wordpress\/wp-content\/uploads\/2018\/08\/Rezept_Alegria-424x300.jpg 424w, https:\/\/www.el-pan-alegre.org\/wordpress\/wp-content\/uploads\/2018\/08\/Rezept_Alegria.jpg 827w\" sizes=\"auto, (max-width: 300px) 100vw, 300px\" \/><\/a><\/p>\n<p><span style=\"font-size: small;\">Rund 50 Kinder und Erwachsene kamen, kochten und kosteten \u2013 und staunten auch diesmal wieder \u00fcber die Riiiesenkraft aus dem heimischen Blumentopf &#8230;<\/span><\/p>\n<div id=\"attachment_1906\" style=\"width: 204px\" class=\"wp-caption alignnone\"><a href=\"http:\/\/www.el-pan-alegre.org\/wordpress\/wp-content\/uploads\/2018\/08\/Doris_Madeleine.jpg\"><img loading=\"lazy\" decoding=\"async\" aria-describedby=\"caption-attachment-1906\" class=\"wp-image-1906\" src=\"http:\/\/www.el-pan-alegre.org\/wordpress\/wp-content\/uploads\/2018\/08\/Doris_Madeleine-243x300.jpg\" alt=\"\" width=\"194\" height=\"236\" \/><\/a><p id=\"caption-attachment-1906\" class=\"wp-caption-text\">das Team von En Buenas Manos e. V.<\/p><\/div>\n<div id=\"attachment_1910\" style=\"width: 258px\" class=\"wp-caption alignnone\"><a href=\"http:\/\/www.el-pan-alegre.org\/wordpress\/wp-content\/uploads\/2018\/08\/Ulrich_Dagmar.jpg\"><img loading=\"lazy\" decoding=\"async\" aria-describedby=\"caption-attachment-1910\" class=\"wp-image-1910 \" src=\"http:\/\/www.el-pan-alegre.org\/wordpress\/wp-content\/uploads\/2018\/08\/Ulrich_Dagmar-300x170.jpg\" alt=\"\" width=\"248\" height=\"145\" \/><\/a><p id=\"caption-attachment-1910\" class=\"wp-caption-text\">Vielen Dank f\u00fcr die Einladung an Ulrich Nowikow und Dagmar Krawczik!<\/p><\/div>\n<p>&nbsp;<\/p>\n","protected":false},"excerpt":{"rendered":"<p>Umweltbildungszentrum Kienbergpark \u201eGesundheit und Stadtgr\u00fcn &#8211; Gutes Leben im Kiez&#8220; Ein Bildungsangebot von Berlin 21 7. und 8. Juli 2018 Wie kann ich in einer Gro\u00dfstadt gesund leben? Und was geh\u00f6rt \u00fcberhaupt dazu zum Rundum-Gesundsein? Auch in diesem Jahr hat &hellip; <a href=\"https:\/\/www.el-pan-alegre.org\/wordpress\/1898-amaranth-gehoert-zur-stadtgesundheit\/\">Weiterlesen <span class=\"meta-nav\">&rarr;<\/span><\/a><\/p>\n","protected":false},"author":2,"featured_media":0,"comment_status":"closed","ping_status":"closed","sticky":false,"template":"","format":"standard","meta":{"jetpack_post_was_ever_published":false,"_jetpack_newsletter_access":"","_jetpack_dont_email_post_to_subs":false,"_jetpack_newsletter_tier_id":0,"_jetpack_memberships_contains_paywalled_content":false,"_jetpack_memberships_contains_paid_content":false,"footnotes":"","jetpack_publicize_message":"","jetpack_publicize_feature_enabled":true,"jetpack_social_post_already_shared":true,"jetpack_social_options":{"image_generator_settings":{"template":"highway","default_image_id":0,"font":"","enabled":false},"version":2}},"categories":[16,58,60,23,59,6,5,2,57,4],"tags":[],"class_list":["post-1898","post","type-post","status-publish","format-standard","hentry","category-amaranth","category-berlin-21-e-v","category-bildung-fuer-nachhaltige-entwicklung-bne","category-fotos","category-gruene-liga","category-information","category-kommunikation","category-oeffentlichkeitsarbeit","category-sdg-nachhaltigkeitsziele","category-veranstaltung"],"yoast_head":"<!-- This site is optimized with the Yoast SEO plugin v27.4 - https:\/\/yoast.com\/product\/yoast-seo-wordpress\/ -->\n<title>Amaranth geh\u00f6rt zur Stadtgesundheit - El Pan Alegre<\/title>\n<meta name=\"robots\" content=\"index, follow, max-snippet:-1, max-image-preview:large, max-video-preview:-1\" \/>\n<link rel=\"canonical\" href=\"https:\/\/www.el-pan-alegre.org\/wordpress\/1898-amaranth-gehoert-zur-stadtgesundheit\/\" \/>\n<meta property=\"og:locale\" content=\"de_DE\" \/>\n<meta property=\"og:type\" content=\"article\" \/>\n<meta property=\"og:title\" content=\"Amaranth geh\u00f6rt zur Stadtgesundheit - El Pan Alegre\" \/>\n<meta property=\"og:description\" content=\"Umweltbildungszentrum Kienbergpark \u201eGesundheit und Stadtgr\u00fcn &#8211; Gutes Leben im Kiez&#8220; Ein Bildungsangebot von Berlin 21 7. und 8. Juli 2018 Wie kann ich in einer Gro\u00dfstadt gesund leben? Und was geh\u00f6rt \u00fcberhaupt dazu zum Rundum-Gesundsein? Auch in diesem Jahr hat &hellip; Weiterlesen &rarr;\" \/>\n<meta property=\"og:url\" content=\"https:\/\/www.el-pan-alegre.org\/wordpress\/1898-amaranth-gehoert-zur-stadtgesundheit\/\" \/>\n<meta property=\"og:site_name\" content=\"El Pan Alegre\" \/>\n<meta property=\"article:published_time\" content=\"2018-07-15T14:22:15+00:00\" \/>\n<meta property=\"article:modified_time\" content=\"2018-08-02T15:48:25+00:00\" \/>\n<meta property=\"og:image\" content=\"https:\/\/www.el-pan-alegre.org\/wordpress\/wp-content\/uploads\/2018\/08\/Amaranth-BNE-1.jpg\" \/>\n\t<meta property=\"og:image:width\" content=\"1086\" \/>\n\t<meta property=\"og:image:height\" content=\"750\" \/>\n\t<meta property=\"og:image:type\" content=\"image\/jpeg\" \/>\n<meta name=\"author\" content=\"Madeleine Porr\" \/>\n<meta name=\"twitter:card\" content=\"summary_large_image\" \/>\n<meta name=\"twitter:label1\" content=\"Verfasst von\" \/>\n\t<meta name=\"twitter:data1\" content=\"Madeleine Porr\" \/>\n\t<meta name=\"twitter:label2\" content=\"Gesch\u00e4tzte Lesezeit\" \/>\n\t<meta name=\"twitter:data2\" content=\"1\u00a0Minute\" \/>\n<script type=\"application\/ld+json\" class=\"yoast-schema-graph\">{\"@context\":\"https:\\\/\\\/schema.org\",\"@graph\":[{\"@type\":\"Article\",\"@id\":\"https:\\\/\\\/www.el-pan-alegre.org\\\/wordpress\\\/1898-amaranth-gehoert-zur-stadtgesundheit\\\/#article\",\"isPartOf\":{\"@id\":\"https:\\\/\\\/www.el-pan-alegre.org\\\/wordpress\\\/1898-amaranth-gehoert-zur-stadtgesundheit\\\/\"},\"author\":{\"name\":\"Madeleine Porr\",\"@id\":\"https:\\\/\\\/www.el-pan-alegre.org\\\/wordpress\\\/#\\\/schema\\\/person\\\/39b853679289f55293e37b53abdfb35e\"},\"headline\":\"Amaranth geh\u00f6rt zur Stadtgesundheit\",\"datePublished\":\"2018-07-15T14:22:15+00:00\",\"dateModified\":\"2018-08-02T15:48:25+00:00\",\"mainEntityOfPage\":{\"@id\":\"https:\\\/\\\/www.el-pan-alegre.org\\\/wordpress\\\/1898-amaranth-gehoert-zur-stadtgesundheit\\\/\"},\"wordCount\":234,\"image\":{\"@id\":\"https:\\\/\\\/www.el-pan-alegre.org\\\/wordpress\\\/1898-amaranth-gehoert-zur-stadtgesundheit\\\/#primaryimage\"},\"thumbnailUrl\":\"http:\\\/\\\/www.el-pan-alegre.org\\\/wordpress\\\/wp-content\\\/uploads\\\/2018\\\/08\\\/Amaranth-BNE-1-300x207.jpg\",\"articleSection\":[\"Amaranth\",\"Berlin 21 e.V.\",\"Bildung f\u00fcr nachhaltige Entwicklung (BNE)\",\"Fotos\",\"Gr\u00fcne Liga\",\"Information\",\"Kommunikation\",\"\u00d6ffentlichkeitsarbeit\",\"SDG - Nachhaltigkeitsziele\",\"Veranstaltung\"],\"inLanguage\":\"de\"},{\"@type\":\"WebPage\",\"@id\":\"https:\\\/\\\/www.el-pan-alegre.org\\\/wordpress\\\/1898-amaranth-gehoert-zur-stadtgesundheit\\\/\",\"url\":\"https:\\\/\\\/www.el-pan-alegre.org\\\/wordpress\\\/1898-amaranth-gehoert-zur-stadtgesundheit\\\/\",\"name\":\"Amaranth geh\u00f6rt zur Stadtgesundheit - El Pan Alegre\",\"isPartOf\":{\"@id\":\"https:\\\/\\\/www.el-pan-alegre.org\\\/wordpress\\\/#website\"},\"primaryImageOfPage\":{\"@id\":\"https:\\\/\\\/www.el-pan-alegre.org\\\/wordpress\\\/1898-amaranth-gehoert-zur-stadtgesundheit\\\/#primaryimage\"},\"image\":{\"@id\":\"https:\\\/\\\/www.el-pan-alegre.org\\\/wordpress\\\/1898-amaranth-gehoert-zur-stadtgesundheit\\\/#primaryimage\"},\"thumbnailUrl\":\"http:\\\/\\\/www.el-pan-alegre.org\\\/wordpress\\\/wp-content\\\/uploads\\\/2018\\\/08\\\/Amaranth-BNE-1-300x207.jpg\",\"datePublished\":\"2018-07-15T14:22:15+00:00\",\"dateModified\":\"2018-08-02T15:48:25+00:00\",\"author\":{\"@id\":\"https:\\\/\\\/www.el-pan-alegre.org\\\/wordpress\\\/#\\\/schema\\\/person\\\/39b853679289f55293e37b53abdfb35e\"},\"breadcrumb\":{\"@id\":\"https:\\\/\\\/www.el-pan-alegre.org\\\/wordpress\\\/1898-amaranth-gehoert-zur-stadtgesundheit\\\/#breadcrumb\"},\"inLanguage\":\"de\",\"potentialAction\":[{\"@type\":\"ReadAction\",\"target\":[\"https:\\\/\\\/www.el-pan-alegre.org\\\/wordpress\\\/1898-amaranth-gehoert-zur-stadtgesundheit\\\/\"]}]},{\"@type\":\"ImageObject\",\"inLanguage\":\"de\",\"@id\":\"https:\\\/\\\/www.el-pan-alegre.org\\\/wordpress\\\/1898-amaranth-gehoert-zur-stadtgesundheit\\\/#primaryimage\",\"url\":\"http:\\\/\\\/www.el-pan-alegre.org\\\/wordpress\\\/wp-content\\\/uploads\\\/2018\\\/08\\\/Amaranth-BNE-1-300x207.jpg\",\"contentUrl\":\"http:\\\/\\\/www.el-pan-alegre.org\\\/wordpress\\\/wp-content\\\/uploads\\\/2018\\\/08\\\/Amaranth-BNE-1-300x207.jpg\"},{\"@type\":\"BreadcrumbList\",\"@id\":\"https:\\\/\\\/www.el-pan-alegre.org\\\/wordpress\\\/1898-amaranth-gehoert-zur-stadtgesundheit\\\/#breadcrumb\",\"itemListElement\":[{\"@type\":\"ListItem\",\"position\":1,\"name\":\"Home\",\"item\":\"https:\\\/\\\/www.el-pan-alegre.org\\\/wordpress\\\/\"},{\"@type\":\"ListItem\",\"position\":2,\"name\":\"Amaranth geh\u00f6rt zur Stadtgesundheit\"}]},{\"@type\":\"WebSite\",\"@id\":\"https:\\\/\\\/www.el-pan-alegre.org\\\/wordpress\\\/#website\",\"url\":\"https:\\\/\\\/www.el-pan-alegre.org\\\/wordpress\\\/\",\"name\":\"El Pan Alegre\",\"description\":\"Das Fr\u00f6hliche Brot\",\"potentialAction\":[{\"@type\":\"SearchAction\",\"target\":{\"@type\":\"EntryPoint\",\"urlTemplate\":\"https:\\\/\\\/www.el-pan-alegre.org\\\/wordpress\\\/?s={search_term_string}\"},\"query-input\":{\"@type\":\"PropertyValueSpecification\",\"valueRequired\":true,\"valueName\":\"search_term_string\"}}],\"inLanguage\":\"de\"},{\"@type\":\"Person\",\"@id\":\"https:\\\/\\\/www.el-pan-alegre.org\\\/wordpress\\\/#\\\/schema\\\/person\\\/39b853679289f55293e37b53abdfb35e\",\"name\":\"Madeleine Porr\",\"image\":{\"@type\":\"ImageObject\",\"inLanguage\":\"de\",\"@id\":\"https:\\\/\\\/secure.gravatar.com\\\/avatar\\\/220f262381e6da1a53e3f4626f455dc2c5f03e3a01d49b4ee64a83051cd54bb1?s=96&d=identicon&r=g\",\"url\":\"https:\\\/\\\/secure.gravatar.com\\\/avatar\\\/220f262381e6da1a53e3f4626f455dc2c5f03e3a01d49b4ee64a83051cd54bb1?s=96&d=identicon&r=g\",\"contentUrl\":\"https:\\\/\\\/secure.gravatar.com\\\/avatar\\\/220f262381e6da1a53e3f4626f455dc2c5f03e3a01d49b4ee64a83051cd54bb1?s=96&d=identicon&r=g\",\"caption\":\"Madeleine Porr\"},\"url\":\"https:\\\/\\\/www.el-pan-alegre.org\\\/wordpress\\\/author\\\/madeleine\\\/\"}]}<\/script>\n<!-- \/ Yoast SEO plugin. -->","yoast_head_json":{"title":"Amaranth geh\u00f6rt zur Stadtgesundheit - El Pan Alegre","robots":{"index":"index","follow":"follow","max-snippet":"max-snippet:-1","max-image-preview":"max-image-preview:large","max-video-preview":"max-video-preview:-1"},"canonical":"https:\/\/www.el-pan-alegre.org\/wordpress\/1898-amaranth-gehoert-zur-stadtgesundheit\/","og_locale":"de_DE","og_type":"article","og_title":"Amaranth geh\u00f6rt zur Stadtgesundheit - El Pan Alegre","og_description":"Umweltbildungszentrum Kienbergpark \u201eGesundheit und Stadtgr\u00fcn &#8211; Gutes Leben im Kiez&#8220; Ein Bildungsangebot von Berlin 21 7. und 8. Juli 2018 Wie kann ich in einer Gro\u00dfstadt gesund leben? Und was geh\u00f6rt \u00fcberhaupt dazu zum Rundum-Gesundsein? Auch in diesem Jahr hat &hellip; Weiterlesen &rarr;","og_url":"https:\/\/www.el-pan-alegre.org\/wordpress\/1898-amaranth-gehoert-zur-stadtgesundheit\/","og_site_name":"El Pan Alegre","article_published_time":"2018-07-15T14:22:15+00:00","article_modified_time":"2018-08-02T15:48:25+00:00","og_image":[{"width":1086,"height":750,"url":"https:\/\/www.el-pan-alegre.org\/wordpress\/wp-content\/uploads\/2018\/08\/Amaranth-BNE-1.jpg","type":"image\/jpeg"}],"author":"Madeleine Porr","twitter_card":"summary_large_image","twitter_misc":{"Verfasst von":"Madeleine Porr","Gesch\u00e4tzte Lesezeit":"1\u00a0Minute"},"schema":{"@context":"https:\/\/schema.org","@graph":[{"@type":"Article","@id":"https:\/\/www.el-pan-alegre.org\/wordpress\/1898-amaranth-gehoert-zur-stadtgesundheit\/#article","isPartOf":{"@id":"https:\/\/www.el-pan-alegre.org\/wordpress\/1898-amaranth-gehoert-zur-stadtgesundheit\/"},"author":{"name":"Madeleine Porr","@id":"https:\/\/www.el-pan-alegre.org\/wordpress\/#\/schema\/person\/39b853679289f55293e37b53abdfb35e"},"headline":"Amaranth geh\u00f6rt zur Stadtgesundheit","datePublished":"2018-07-15T14:22:15+00:00","dateModified":"2018-08-02T15:48:25+00:00","mainEntityOfPage":{"@id":"https:\/\/www.el-pan-alegre.org\/wordpress\/1898-amaranth-gehoert-zur-stadtgesundheit\/"},"wordCount":234,"image":{"@id":"https:\/\/www.el-pan-alegre.org\/wordpress\/1898-amaranth-gehoert-zur-stadtgesundheit\/#primaryimage"},"thumbnailUrl":"http:\/\/www.el-pan-alegre.org\/wordpress\/wp-content\/uploads\/2018\/08\/Amaranth-BNE-1-300x207.jpg","articleSection":["Amaranth","Berlin 21 e.V.","Bildung f\u00fcr nachhaltige Entwicklung (BNE)","Fotos","Gr\u00fcne Liga","Information","Kommunikation","\u00d6ffentlichkeitsarbeit","SDG - Nachhaltigkeitsziele","Veranstaltung"],"inLanguage":"de"},{"@type":"WebPage","@id":"https:\/\/www.el-pan-alegre.org\/wordpress\/1898-amaranth-gehoert-zur-stadtgesundheit\/","url":"https:\/\/www.el-pan-alegre.org\/wordpress\/1898-amaranth-gehoert-zur-stadtgesundheit\/","name":"Amaranth geh\u00f6rt zur Stadtgesundheit - El Pan Alegre","isPartOf":{"@id":"https:\/\/www.el-pan-alegre.org\/wordpress\/#website"},"primaryImageOfPage":{"@id":"https:\/\/www.el-pan-alegre.org\/wordpress\/1898-amaranth-gehoert-zur-stadtgesundheit\/#primaryimage"},"image":{"@id":"https:\/\/www.el-pan-alegre.org\/wordpress\/1898-amaranth-gehoert-zur-stadtgesundheit\/#primaryimage"},"thumbnailUrl":"http:\/\/www.el-pan-alegre.org\/wordpress\/wp-content\/uploads\/2018\/08\/Amaranth-BNE-1-300x207.jpg","datePublished":"2018-07-15T14:22:15+00:00","dateModified":"2018-08-02T15:48:25+00:00","author":{"@id":"https:\/\/www.el-pan-alegre.org\/wordpress\/#\/schema\/person\/39b853679289f55293e37b53abdfb35e"},"breadcrumb":{"@id":"https:\/\/www.el-pan-alegre.org\/wordpress\/1898-amaranth-gehoert-zur-stadtgesundheit\/#breadcrumb"},"inLanguage":"de","potentialAction":[{"@type":"ReadAction","target":["https:\/\/www.el-pan-alegre.org\/wordpress\/1898-amaranth-gehoert-zur-stadtgesundheit\/"]}]},{"@type":"ImageObject","inLanguage":"de","@id":"https:\/\/www.el-pan-alegre.org\/wordpress\/1898-amaranth-gehoert-zur-stadtgesundheit\/#primaryimage","url":"http:\/\/www.el-pan-alegre.org\/wordpress\/wp-content\/uploads\/2018\/08\/Amaranth-BNE-1-300x207.jpg","contentUrl":"http:\/\/www.el-pan-alegre.org\/wordpress\/wp-content\/uploads\/2018\/08\/Amaranth-BNE-1-300x207.jpg"},{"@type":"BreadcrumbList","@id":"https:\/\/www.el-pan-alegre.org\/wordpress\/1898-amaranth-gehoert-zur-stadtgesundheit\/#breadcrumb","itemListElement":[{"@type":"ListItem","position":1,"name":"Home","item":"https:\/\/www.el-pan-alegre.org\/wordpress\/"},{"@type":"ListItem","position":2,"name":"Amaranth geh\u00f6rt zur Stadtgesundheit"}]},{"@type":"WebSite","@id":"https:\/\/www.el-pan-alegre.org\/wordpress\/#website","url":"https:\/\/www.el-pan-alegre.org\/wordpress\/","name":"El Pan Alegre","description":"Das Fr\u00f6hliche Brot","potentialAction":[{"@type":"SearchAction","target":{"@type":"EntryPoint","urlTemplate":"https:\/\/www.el-pan-alegre.org\/wordpress\/?s={search_term_string}"},"query-input":{"@type":"PropertyValueSpecification","valueRequired":true,"valueName":"search_term_string"}}],"inLanguage":"de"},{"@type":"Person","@id":"https:\/\/www.el-pan-alegre.org\/wordpress\/#\/schema\/person\/39b853679289f55293e37b53abdfb35e","name":"Madeleine Porr","image":{"@type":"ImageObject","inLanguage":"de","@id":"https:\/\/secure.gravatar.com\/avatar\/220f262381e6da1a53e3f4626f455dc2c5f03e3a01d49b4ee64a83051cd54bb1?s=96&d=identicon&r=g","url":"https:\/\/secure.gravatar.com\/avatar\/220f262381e6da1a53e3f4626f455dc2c5f03e3a01d49b4ee64a83051cd54bb1?s=96&d=identicon&r=g","contentUrl":"https:\/\/secure.gravatar.com\/avatar\/220f262381e6da1a53e3f4626f455dc2c5f03e3a01d49b4ee64a83051cd54bb1?s=96&d=identicon&r=g","caption":"Madeleine Porr"},"url":"https:\/\/www.el-pan-alegre.org\/wordpress\/author\/madeleine\/"}]}},"jetpack_publicize_connections":[],"jetpack_featured_media_url":"","jetpack_sharing_enabled":true,"jetpack_shortlink":"https:\/\/wp.me\/p62TDh-uC","jetpack-related-posts":[{"id":1932,"url":"https:\/\/www.el-pan-alegre.org\/wordpress\/1932-gutes-gesundes-und-nachhaltiges-leben-wie-geht-das\/","url_meta":{"origin":1898,"position":0},"title":"Gutes, gesundes und nachhaltiges Leben \u2013 wie geht das?","author":"Madeleine Porr","date":"20. November 2018","format":false,"excerpt":"Ende Oktober waren wir mit unserem Bildungsangebot f\u00fcr nachhaltige Entwicklung (BNE) Amaranth - das globale Powerkorn noch einmal in diesem Jahr in das Umweltbildungszentrum Kienbergpark (ehem. IGA-Umweltcampus 2017, s. Blog-Eintr\u00e4ge) eingeladen. Auf Initiative von Dagmar Krawczik (fr\u00fcher \"Gr\u00fcne Liga Berlin\") und in Kooperation mit Ulrich Nowikow bei Gr\u00fcn Berlin etabliert\u2026","rel":"","context":"In &quot;Allgemein&quot;","block_context":{"text":"Allgemein","link":"https:\/\/www.el-pan-alegre.org\/wordpress\/kategorie\/allgemein\/"},"img":{"alt_text":"","src":"https:\/\/i0.wp.com\/www.el-pan-alegre.org\/wordpress\/wp-content\/uploads\/2018\/12\/Ich_denk_mal_nachhaltig-1-300x240.jpg?resize=350%2C200","width":350,"height":200},"classes":[]},{"id":2209,"url":"https:\/\/www.el-pan-alegre.org\/wordpress\/2209-das-amaranth-workshopkonzept\/","url_meta":{"origin":1898,"position":1},"title":"Das Amaranth-Bildungskonzept","author":"Madeleine Porr","date":"14. September 2019","format":false,"excerpt":"Pr\u00e4sentation eines mehrfach ausgezeichneten Bildungskonzepts","rel":"","context":"In &quot;Allgemein&quot;","block_context":{"text":"Allgemein","link":"https:\/\/www.el-pan-alegre.org\/wordpress\/kategorie\/allgemein\/"},"img":{"alt_text":"","src":"https:\/\/i0.wp.com\/www.el-pan-alegre.org\/wordpress\/wp-content\/uploads\/2019\/09\/Amaranth_BNE-Konzept-Titel.jpg?resize=350%2C200&ssl=1","width":350,"height":200,"srcset":"https:\/\/i0.wp.com\/www.el-pan-alegre.org\/wordpress\/wp-content\/uploads\/2019\/09\/Amaranth_BNE-Konzept-Titel.jpg?resize=350%2C200&ssl=1 1x, https:\/\/i0.wp.com\/www.el-pan-alegre.org\/wordpress\/wp-content\/uploads\/2019\/09\/Amaranth_BNE-Konzept-Titel.jpg?resize=525%2C300&ssl=1 1.5x, https:\/\/i0.wp.com\/www.el-pan-alegre.org\/wordpress\/wp-content\/uploads\/2019\/09\/Amaranth_BNE-Konzept-Titel.jpg?resize=700%2C400&ssl=1 2x, https:\/\/i0.wp.com\/www.el-pan-alegre.org\/wordpress\/wp-content\/uploads\/2019\/09\/Amaranth_BNE-Konzept-Titel.jpg?resize=1050%2C600&ssl=1 3x, https:\/\/i0.wp.com\/www.el-pan-alegre.org\/wordpress\/wp-content\/uploads\/2019\/09\/Amaranth_BNE-Konzept-Titel.jpg?resize=1400%2C800&ssl=1 4x"},"classes":[]},{"id":78,"url":"https:\/\/www.el-pan-alegre.org\/wordpress\/78-weitere-auszeichnung-offizielles-projekt-der-un-dekade-bildung-fuer-nachhaltige-entwicklung\/","url_meta":{"origin":1898,"position":2},"title":"Weitere Auszeichnung: &#8222;Offizielles Projekt der UN-Dekade BILDUNG F\u00dcR NACHHALTIGE ENTWICKLUNG&#8220;","author":"Anja Mocker","date":"5. November 2010","format":false,"excerpt":"Dieser Herbst ist wirklich reich an Fr\u00fcchten unserer Vereinsarbeit!Nach einem erfolgreichen ersten Jahr im FEZ-Berlin, unserer ersten Amaranth-Ernte und der Auszeichnung des Deutschen Nachhaltigkeitsrates (s. Beitrag v. 18.10.10) kam vor zwei Tagen auch noch die Entscheidung der Deutschen UNESCO-Kommission, EL PAN ALEGRE - DAS FR\u00d6HLICHE BROT f\u00fcr seine \"vorbildliche Bildungsarbeit\u2026","rel":"","context":"In &quot;Auszeichnung&quot;","block_context":{"text":"Auszeichnung","link":"https:\/\/www.el-pan-alegre.org\/wordpress\/kategorie\/auszeichnung\/"},"img":{"alt_text":"","src":"https:\/\/i0.wp.com\/www.el-pan-alegre.org\/wordpress\/wp-content\/uploads\/2010\/11\/Logo_UN-Dekade_Offizielles-Projekt_2011_2012_rgb.jpg?resize=350%2C200&ssl=1","width":350,"height":200},"classes":[]},{"id":34,"url":"https:\/\/www.el-pan-alegre.org\/wordpress\/34-1-fez-schulprojektwoche-nachhaltig-stark-und-schlau-bildung-fuer-nachhaltige-entwicklung\/","url_meta":{"origin":1898,"position":3},"title":"1. FEZ-Schulprojektwoche &#8222;NACHHALTIG STARK UND SCHLAU!&#8220; (Bildung f\u00fcr nachhaltige Entwicklung)","author":"Anja Mocker","date":"6. Juli 2012","format":false,"excerpt":"Vom 5. bis 7.6.12 hat im FEZ-Berlin zum ersten Mal eine Schulprojektwoche im Bereich Bildung f\u00fcr nachhaltige Entwicklung (BNE) stattgefunden: \"NACHHALTIG STARK UND SCHLAU!\", auch das erste gemeinsame Produkt der BNE-Fachgruppe im FEZ - unter Leitung der langj\u00e4hrig erfahrenen Eva Kulla - und unseres Vereins En Buenas Manos e.V. Die\u2026","rel":"","context":"In &quot;Abfall&quot;","block_context":{"text":"Abfall","link":"https:\/\/www.el-pan-alegre.org\/wordpress\/kategorie\/abfall\/"},"img":{"alt_text":"","src":"https:\/\/i0.wp.com\/www.el-pan-alegre.org\/wordpress\/wp-content\/uploads\/2012\/07\/03.jpg?resize=350%2C200&ssl=1","width":350,"height":200,"srcset":"https:\/\/i0.wp.com\/www.el-pan-alegre.org\/wordpress\/wp-content\/uploads\/2012\/07\/03.jpg?resize=350%2C200&ssl=1 1x, https:\/\/i0.wp.com\/www.el-pan-alegre.org\/wordpress\/wp-content\/uploads\/2012\/07\/03.jpg?resize=525%2C300&ssl=1 1.5x, https:\/\/i0.wp.com\/www.el-pan-alegre.org\/wordpress\/wp-content\/uploads\/2012\/07\/03.jpg?resize=700%2C400&ssl=1 2x"},"classes":[]},{"id":1611,"url":"https:\/\/www.el-pan-alegre.org\/wordpress\/1611-der-amaranth-auf-der-iga-2017\/","url_meta":{"origin":1898,"position":4},"title":"Der Amaranth auf der IGA 2017","author":"Madeleine Porr","date":"3. Oktober 2017","format":false,"excerpt":"Amaranth war \u00fcberall auf der IGA 2017: Ob gleich am Haupteingang oder entlang aller gro\u00dfen Wege - er lachte den BesucherInnen in den verschiedensten Farben und Formen entgegen ... \u00a0\u00a0 \u00a0 \u00a0 \u00a0 So traf es sich wunderbar, dass auf dem IGA-Campus, zentral am Zugang zu den G\u00e4rten der Welt\u2026","rel":"","context":"In &quot;Amaranth&quot;","block_context":{"text":"Amaranth","link":"https:\/\/www.el-pan-alegre.org\/wordpress\/kategorie\/amaranth\/"},"img":{"alt_text":"","src":"https:\/\/i0.wp.com\/www.el-pan-alegre.org\/wordpress\/wp-content\/uploads\/2017\/10\/01-Ankuendigung-300x282.jpg?resize=350%2C200","width":350,"height":200},"classes":[]},{"id":2545,"url":"https:\/\/www.el-pan-alegre.org\/wordpress\/2545-jetzt-auch-als-video-fur-kinder-die-zauberpflanze-amaranth\/","url_meta":{"origin":1898,"position":5},"title":"Jetzt auch als Video f\u00fcr Kinder: die Zauberpflanze Amaranth","author":"Madeleine Porr","date":"6. Januar 2021","format":false,"excerpt":"(Vorab-Ver\u00f6ffentlichung der Videos mit freundlicher Genehmigung von UBZ-digital\/Gr\u00fcn Berlin) Wollt Ihr herausfinden, warum der Amaranth eine echte Zauberpflanze mit Riiiesenkr\u00e4ften ist? - Wie die Amaranth-Zauberkraft in unseren K\u00f6rper gelangt und uns stark und schlau und fr\u00f6hlich machen kann? - Und warum eine gesunde Ern\u00e4hrung nicht nur uns Menschen gut tut,\u2026","rel":"","context":"In &quot;Allgemein&quot;","block_context":{"text":"Allgemein","link":"https:\/\/www.el-pan-alegre.org\/wordpress\/kategorie\/allgemein\/"},"img":{"alt_text":"","src":"https:\/\/i0.wp.com\/www.el-pan-alegre.org\/wordpress\/wp-content\/uploads\/2021\/01\/UBZdigital_Youtube-Thumbnail_mUBZ.jpg?resize=350%2C200&ssl=1","width":350,"height":200,"srcset":"https:\/\/i0.wp.com\/www.el-pan-alegre.org\/wordpress\/wp-content\/uploads\/2021\/01\/UBZdigital_Youtube-Thumbnail_mUBZ.jpg?resize=350%2C200&ssl=1 1x, https:\/\/i0.wp.com\/www.el-pan-alegre.org\/wordpress\/wp-content\/uploads\/2021\/01\/UBZdigital_Youtube-Thumbnail_mUBZ.jpg?resize=525%2C300&ssl=1 1.5x, https:\/\/i0.wp.com\/www.el-pan-alegre.org\/wordpress\/wp-content\/uploads\/2021\/01\/UBZdigital_Youtube-Thumbnail_mUBZ.jpg?resize=700%2C400&ssl=1 2x, https:\/\/i0.wp.com\/www.el-pan-alegre.org\/wordpress\/wp-content\/uploads\/2021\/01\/UBZdigital_Youtube-Thumbnail_mUBZ.jpg?resize=1050%2C600&ssl=1 3x, https:\/\/i0.wp.com\/www.el-pan-alegre.org\/wordpress\/wp-content\/uploads\/2021\/01\/UBZdigital_Youtube-Thumbnail_mUBZ.jpg?resize=1400%2C800&ssl=1 4x"},"classes":[]}],"_links":{"self":[{"href":"https:\/\/www.el-pan-alegre.org\/wordpress\/wp-json\/wp\/v2\/posts\/1898","targetHints":{"allow":["GET"]}}],"collection":[{"href":"https:\/\/www.el-pan-alegre.org\/wordpress\/wp-json\/wp\/v2\/posts"}],"about":[{"href":"https:\/\/www.el-pan-alegre.org\/wordpress\/wp-json\/wp\/v2\/types\/post"}],"author":[{"embeddable":true,"href":"https:\/\/www.el-pan-alegre.org\/wordpress\/wp-json\/wp\/v2\/users\/2"}],"replies":[{"embeddable":true,"href":"https:\/\/www.el-pan-alegre.org\/wordpress\/wp-json\/wp\/v2\/comments?post=1898"}],"version-history":[{"count":19,"href":"https:\/\/www.el-pan-alegre.org\/wordpress\/wp-json\/wp\/v2\/posts\/1898\/revisions"}],"predecessor-version":[{"id":1928,"href":"https:\/\/www.el-pan-alegre.org\/wordpress\/wp-json\/wp\/v2\/posts\/1898\/revisions\/1928"}],"wp:attachment":[{"href":"https:\/\/www.el-pan-alegre.org\/wordpress\/wp-json\/wp\/v2\/media?parent=1898"}],"wp:term":[{"taxonomy":"category","embeddable":true,"href":"https:\/\/www.el-pan-alegre.org\/wordpress\/wp-json\/wp\/v2\/categories?post=1898"},{"taxonomy":"post_tag","embeddable":true,"href":"https:\/\/www.el-pan-alegre.org\/wordpress\/wp-json\/wp\/v2\/tags?post=1898"}],"curies":[{"name":"wp","href":"https:\/\/api.w.org\/{rel}","templated":true}]}}