{"id":1895,"date":"2018-05-23T10:37:34","date_gmt":"2018-05-23T08:37:34","guid":{"rendered":"http:\/\/www.el-pan-alegre.org\/wordpress\/?p=1895"},"modified":"2018-05-23T10:37:34","modified_gmt":"2018-05-23T08:37:34","slug":"neue-datenschutzverordnung","status":"publish","type":"post","link":"https:\/\/www.el-pan-alegre.org\/wordpress\/1895-neue-datenschutzverordnung\/","title":{"rendered":"Neue Datenschutzverordnung"},"content":{"rendered":"<p>Liebe*r &#8222;El Pan Alegre&#8220; Freund*in und Follower,<\/p>\n<p>du hast lange nichts mehr von uns geh\u00f6rt. Wir melden uns jetzt aufgrund der Datenschutzgrundverordnung (DSGVO) bei dir. Ab dem 25. Mai 2018 wird die DSGVO verbindlich sein, deshalb m\u00f6chten wir unseren Newsletter-Verteiler \u00fcberpr\u00fcfen und aktualisieren.<\/p>\n<p>Du bist bei uns \u201efollower\u201c und deine Emailadresse wird ausschlie\u00dflich f\u00fcr Informationen \u00fcber die Aktivit\u00e4ten von \u201eEl Pan Alegre\u201c verwendet. F\u00fcr den Email Kontakt zu dir brauchen wir dein Einverst\u00e4ndnis. Wir hoffen nat\u00fcrlich, dass dir \u201eEl Pan Alegre\u201c gef\u00e4llt und du unseren Blogbeitr\u00e4gen treu bleibst.<\/p>\n<p>Wenn Du weiterhin Nachrichten von uns bekommen m\u00f6chtest, sende bis zum 25. Mai 2018 ein \u201eJa, ich m\u00f6chte bitte weiterhin Neuigkeiten von El Pan Alegre per Mail bekommen.\u201c an <a href=\"mailto:kontakt@el-pan-alegre.org\">kontakt@el-pan-alegre.org<\/a>.<\/p>\n<p>Wenn Du keine Neuigkeiten mehr erhalten m\u00f6chtest, kannst Du unten bei diesem Newsletter dich abmelden bzw. Deine Nutzerdaten aktualisieren.<\/p>\n<p>Danke f\u00fcr deine Unterst\u00fctzung!<\/p>\n<p>Hab einen sch\u00f6nen sonnigen Fr\u00fchlingstag, bis bald<\/p>\n<p>Herzliche Gr\u00fc\u00dfe<\/p>\n<p>Anja Mocker<\/p>\n","protected":false},"excerpt":{"rendered":"<p>Liebe*r &#8222;El Pan Alegre&#8220; Freund*in und Follower, du hast lange nichts mehr von uns geh\u00f6rt. Wir melden uns jetzt aufgrund der Datenschutzgrundverordnung (DSGVO) bei dir. Ab dem 25. Mai 2018 wird die DSGVO verbindlich sein, deshalb m\u00f6chten wir unseren Newsletter-Verteiler &hellip; <a href=\"https:\/\/www.el-pan-alegre.org\/wordpress\/1895-neue-datenschutzverordnung\/\">Weiterlesen <span class=\"meta-nav\">&rarr;<\/span><\/a><\/p>\n","protected":false},"author":1,"featured_media":0,"comment_status":"closed","ping_status":"closed","sticky":false,"template":"","format":"standard","meta":{"jetpack_post_was_ever_published":false,"_jetpack_newsletter_access":"","_jetpack_dont_email_post_to_subs":false,"_jetpack_newsletter_tier_id":0,"_jetpack_memberships_contains_paywalled_content":false,"_jetpack_memberships_contains_paid_content":false,"footnotes":"","jetpack_publicize_message":"","jetpack_publicize_feature_enabled":true,"jetpack_social_post_already_shared":true,"jetpack_social_options":{"image_generator_settings":{"template":"highway","default_image_id":0,"font":"","enabled":false},"version":2}},"categories":[1],"tags":[],"class_list":["post-1895","post","type-post","status-publish","format-standard","hentry","category-allgemein"],"yoast_head":"<!-- This site is optimized with the Yoast SEO plugin v27.4 - https:\/\/yoast.com\/product\/yoast-seo-wordpress\/ -->\n<title>Neue Datenschutzverordnung - El Pan Alegre<\/title>\n<meta name=\"robots\" content=\"index, follow, max-snippet:-1, max-image-preview:large, max-video-preview:-1\" \/>\n<link rel=\"canonical\" href=\"https:\/\/www.el-pan-alegre.org\/wordpress\/1895-neue-datenschutzverordnung\/\" \/>\n<meta property=\"og:locale\" content=\"de_DE\" \/>\n<meta property=\"og:type\" content=\"article\" \/>\n<meta property=\"og:title\" content=\"Neue Datenschutzverordnung - El Pan Alegre\" \/>\n<meta property=\"og:description\" content=\"Liebe*r &#8222;El Pan Alegre&#8220; Freund*in und Follower, du hast lange nichts mehr von uns geh\u00f6rt. Wir melden uns jetzt aufgrund der Datenschutzgrundverordnung (DSGVO) bei dir. Ab dem 25. Mai 2018 wird die DSGVO verbindlich sein, deshalb m\u00f6chten wir unseren Newsletter-Verteiler &hellip; Weiterlesen &rarr;\" \/>\n<meta property=\"og:url\" content=\"https:\/\/www.el-pan-alegre.org\/wordpress\/1895-neue-datenschutzverordnung\/\" \/>\n<meta property=\"og:site_name\" content=\"El Pan Alegre\" \/>\n<meta property=\"article:published_time\" content=\"2018-05-23T08:37:34+00:00\" \/>\n<meta name=\"author\" content=\"Anja Mocker\" \/>\n<meta name=\"twitter:card\" content=\"summary_large_image\" \/>\n<meta name=\"twitter:label1\" content=\"Verfasst von\" \/>\n\t<meta name=\"twitter:data1\" content=\"Anja Mocker\" \/>\n\t<meta name=\"twitter:label2\" content=\"Gesch\u00e4tzte Lesezeit\" \/>\n\t<meta name=\"twitter:data2\" content=\"1\u00a0Minute\" \/>\n<script type=\"application\/ld+json\" class=\"yoast-schema-graph\">{\"@context\":\"https:\\\/\\\/schema.org\",\"@graph\":[{\"@type\":\"Article\",\"@id\":\"https:\\\/\\\/www.el-pan-alegre.org\\\/wordpress\\\/1895-neue-datenschutzverordnung\\\/#article\",\"isPartOf\":{\"@id\":\"https:\\\/\\\/www.el-pan-alegre.org\\\/wordpress\\\/1895-neue-datenschutzverordnung\\\/\"},\"author\":{\"name\":\"Anja Mocker\",\"@id\":\"https:\\\/\\\/www.el-pan-alegre.org\\\/wordpress\\\/#\\\/schema\\\/person\\\/a61ba0bec6094c61dbf9da4e4e4e5bfe\"},\"headline\":\"Neue Datenschutzverordnung\",\"datePublished\":\"2018-05-23T08:37:34+00:00\",\"mainEntityOfPage\":{\"@id\":\"https:\\\/\\\/www.el-pan-alegre.org\\\/wordpress\\\/1895-neue-datenschutzverordnung\\\/\"},\"wordCount\":173,\"inLanguage\":\"de\"},{\"@type\":\"WebPage\",\"@id\":\"https:\\\/\\\/www.el-pan-alegre.org\\\/wordpress\\\/1895-neue-datenschutzverordnung\\\/\",\"url\":\"https:\\\/\\\/www.el-pan-alegre.org\\\/wordpress\\\/1895-neue-datenschutzverordnung\\\/\",\"name\":\"Neue Datenschutzverordnung - El Pan Alegre\",\"isPartOf\":{\"@id\":\"https:\\\/\\\/www.el-pan-alegre.org\\\/wordpress\\\/#website\"},\"datePublished\":\"2018-05-23T08:37:34+00:00\",\"author\":{\"@id\":\"https:\\\/\\\/www.el-pan-alegre.org\\\/wordpress\\\/#\\\/schema\\\/person\\\/a61ba0bec6094c61dbf9da4e4e4e5bfe\"},\"breadcrumb\":{\"@id\":\"https:\\\/\\\/www.el-pan-alegre.org\\\/wordpress\\\/1895-neue-datenschutzverordnung\\\/#breadcrumb\"},\"inLanguage\":\"de\",\"potentialAction\":[{\"@type\":\"ReadAction\",\"target\":[\"https:\\\/\\\/www.el-pan-alegre.org\\\/wordpress\\\/1895-neue-datenschutzverordnung\\\/\"]}]},{\"@type\":\"BreadcrumbList\",\"@id\":\"https:\\\/\\\/www.el-pan-alegre.org\\\/wordpress\\\/1895-neue-datenschutzverordnung\\\/#breadcrumb\",\"itemListElement\":[{\"@type\":\"ListItem\",\"position\":1,\"name\":\"Home\",\"item\":\"https:\\\/\\\/www.el-pan-alegre.org\\\/wordpress\\\/\"},{\"@type\":\"ListItem\",\"position\":2,\"name\":\"Neue Datenschutzverordnung\"}]},{\"@type\":\"WebSite\",\"@id\":\"https:\\\/\\\/www.el-pan-alegre.org\\\/wordpress\\\/#website\",\"url\":\"https:\\\/\\\/www.el-pan-alegre.org\\\/wordpress\\\/\",\"name\":\"El Pan Alegre\",\"description\":\"Das Fr\u00f6hliche Brot\",\"potentialAction\":[{\"@type\":\"SearchAction\",\"target\":{\"@type\":\"EntryPoint\",\"urlTemplate\":\"https:\\\/\\\/www.el-pan-alegre.org\\\/wordpress\\\/?s={search_term_string}\"},\"query-input\":{\"@type\":\"PropertyValueSpecification\",\"valueRequired\":true,\"valueName\":\"search_term_string\"}}],\"inLanguage\":\"de\"},{\"@type\":\"Person\",\"@id\":\"https:\\\/\\\/www.el-pan-alegre.org\\\/wordpress\\\/#\\\/schema\\\/person\\\/a61ba0bec6094c61dbf9da4e4e4e5bfe\",\"name\":\"Anja Mocker\",\"image\":{\"@type\":\"ImageObject\",\"inLanguage\":\"de\",\"@id\":\"https:\\\/\\\/secure.gravatar.com\\\/avatar\\\/c283b0b556471cdaac4be59c661b13c1e141f08ca0dd2eb8f8d587262d7f04bb?s=96&d=identicon&r=g\",\"url\":\"https:\\\/\\\/secure.gravatar.com\\\/avatar\\\/c283b0b556471cdaac4be59c661b13c1e141f08ca0dd2eb8f8d587262d7f04bb?s=96&d=identicon&r=g\",\"contentUrl\":\"https:\\\/\\\/secure.gravatar.com\\\/avatar\\\/c283b0b556471cdaac4be59c661b13c1e141f08ca0dd2eb8f8d587262d7f04bb?s=96&d=identicon&r=g\",\"caption\":\"Anja Mocker\"},\"url\":\"https:\\\/\\\/www.el-pan-alegre.org\\\/wordpress\\\/author\\\/admin\\\/\"}]}<\/script>\n<!-- \/ Yoast SEO plugin. -->","yoast_head_json":{"title":"Neue Datenschutzverordnung - El Pan Alegre","robots":{"index":"index","follow":"follow","max-snippet":"max-snippet:-1","max-image-preview":"max-image-preview:large","max-video-preview":"max-video-preview:-1"},"canonical":"https:\/\/www.el-pan-alegre.org\/wordpress\/1895-neue-datenschutzverordnung\/","og_locale":"de_DE","og_type":"article","og_title":"Neue Datenschutzverordnung - El Pan Alegre","og_description":"Liebe*r &#8222;El Pan Alegre&#8220; Freund*in und Follower, du hast lange nichts mehr von uns geh\u00f6rt. Wir melden uns jetzt aufgrund der Datenschutzgrundverordnung (DSGVO) bei dir. Ab dem 25. Mai 2018 wird die DSGVO verbindlich sein, deshalb m\u00f6chten wir unseren Newsletter-Verteiler &hellip; Weiterlesen &rarr;","og_url":"https:\/\/www.el-pan-alegre.org\/wordpress\/1895-neue-datenschutzverordnung\/","og_site_name":"El Pan Alegre","article_published_time":"2018-05-23T08:37:34+00:00","author":"Anja Mocker","twitter_card":"summary_large_image","twitter_misc":{"Verfasst von":"Anja Mocker","Gesch\u00e4tzte Lesezeit":"1\u00a0Minute"},"schema":{"@context":"https:\/\/schema.org","@graph":[{"@type":"Article","@id":"https:\/\/www.el-pan-alegre.org\/wordpress\/1895-neue-datenschutzverordnung\/#article","isPartOf":{"@id":"https:\/\/www.el-pan-alegre.org\/wordpress\/1895-neue-datenschutzverordnung\/"},"author":{"name":"Anja Mocker","@id":"https:\/\/www.el-pan-alegre.org\/wordpress\/#\/schema\/person\/a61ba0bec6094c61dbf9da4e4e4e5bfe"},"headline":"Neue Datenschutzverordnung","datePublished":"2018-05-23T08:37:34+00:00","mainEntityOfPage":{"@id":"https:\/\/www.el-pan-alegre.org\/wordpress\/1895-neue-datenschutzverordnung\/"},"wordCount":173,"inLanguage":"de"},{"@type":"WebPage","@id":"https:\/\/www.el-pan-alegre.org\/wordpress\/1895-neue-datenschutzverordnung\/","url":"https:\/\/www.el-pan-alegre.org\/wordpress\/1895-neue-datenschutzverordnung\/","name":"Neue Datenschutzverordnung - El Pan Alegre","isPartOf":{"@id":"https:\/\/www.el-pan-alegre.org\/wordpress\/#website"},"datePublished":"2018-05-23T08:37:34+00:00","author":{"@id":"https:\/\/www.el-pan-alegre.org\/wordpress\/#\/schema\/person\/a61ba0bec6094c61dbf9da4e4e4e5bfe"},"breadcrumb":{"@id":"https:\/\/www.el-pan-alegre.org\/wordpress\/1895-neue-datenschutzverordnung\/#breadcrumb"},"inLanguage":"de","potentialAction":[{"@type":"ReadAction","target":["https:\/\/www.el-pan-alegre.org\/wordpress\/1895-neue-datenschutzverordnung\/"]}]},{"@type":"BreadcrumbList","@id":"https:\/\/www.el-pan-alegre.org\/wordpress\/1895-neue-datenschutzverordnung\/#breadcrumb","itemListElement":[{"@type":"ListItem","position":1,"name":"Home","item":"https:\/\/www.el-pan-alegre.org\/wordpress\/"},{"@type":"ListItem","position":2,"name":"Neue Datenschutzverordnung"}]},{"@type":"WebSite","@id":"https:\/\/www.el-pan-alegre.org\/wordpress\/#website","url":"https:\/\/www.el-pan-alegre.org\/wordpress\/","name":"El Pan Alegre","description":"Das Fr\u00f6hliche Brot","potentialAction":[{"@type":"SearchAction","target":{"@type":"EntryPoint","urlTemplate":"https:\/\/www.el-pan-alegre.org\/wordpress\/?s={search_term_string}"},"query-input":{"@type":"PropertyValueSpecification","valueRequired":true,"valueName":"search_term_string"}}],"inLanguage":"de"},{"@type":"Person","@id":"https:\/\/www.el-pan-alegre.org\/wordpress\/#\/schema\/person\/a61ba0bec6094c61dbf9da4e4e4e5bfe","name":"Anja Mocker","image":{"@type":"ImageObject","inLanguage":"de","@id":"https:\/\/secure.gravatar.com\/avatar\/c283b0b556471cdaac4be59c661b13c1e141f08ca0dd2eb8f8d587262d7f04bb?s=96&d=identicon&r=g","url":"https:\/\/secure.gravatar.com\/avatar\/c283b0b556471cdaac4be59c661b13c1e141f08ca0dd2eb8f8d587262d7f04bb?s=96&d=identicon&r=g","contentUrl":"https:\/\/secure.gravatar.com\/avatar\/c283b0b556471cdaac4be59c661b13c1e141f08ca0dd2eb8f8d587262d7f04bb?s=96&d=identicon&r=g","caption":"Anja Mocker"},"url":"https:\/\/www.el-pan-alegre.org\/wordpress\/author\/admin\/"}]}},"jetpack_publicize_connections":[],"jetpack_featured_media_url":"","jetpack_sharing_enabled":true,"jetpack_shortlink":"https:\/\/wp.me\/p62TDh-uz","jetpack-related-posts":[{"id":64,"url":"https:\/\/www.el-pan-alegre.org\/wordpress\/64-foerderung-unserer-arbeit\/","url_meta":{"origin":1895,"position":0},"title":"F\u00f6rderung unserer Arbeit","author":"Anja Mocker","date":"16. Juni 2011","format":false,"excerpt":"von Madeleine Porr Abseits der etablierten Wege ist es f\u00fcr jeden gemeinn\u00fctzigen Verein schwer, die Anliegen umzusetzen, deretwegen er sich gebildet hat. Vor allem das Thema \"Finanzierung\" nimmt stets einen gro\u00dfen Raum ein, denn von ihr h\u00e4ngt ab, wie pr\u00e4sent die Arbeit in der Gemeinschaft sein kann, derem Nutzen sie\u2026","rel":"","context":"In &quot;Auszeichnung&quot;","block_context":{"text":"Auszeichnung","link":"https:\/\/www.el-pan-alegre.org\/wordpress\/kategorie\/auszeichnung\/"},"img":{"alt_text":"","src":"https:\/\/i0.wp.com\/www.el-pan-alegre.org\/wordpress\/wp-content\/uploads\/2011\/06\/EPA_Foerd-Spons-Ausz.jpg?resize=350%2C200&ssl=1","width":350,"height":200,"srcset":"https:\/\/i0.wp.com\/www.el-pan-alegre.org\/wordpress\/wp-content\/uploads\/2011\/06\/EPA_Foerd-Spons-Ausz.jpg?resize=350%2C200&ssl=1 1x, https:\/\/i0.wp.com\/www.el-pan-alegre.org\/wordpress\/wp-content\/uploads\/2011\/06\/EPA_Foerd-Spons-Ausz.jpg?resize=525%2C300&ssl=1 1.5x"},"classes":[]},{"id":80,"url":"https:\/\/www.el-pan-alegre.org\/wordpress\/80-wir-trauern-um-unseren-schirmherren-dr-hermann-scheer\/","url_meta":{"origin":1895,"position":1},"title":"WIR TRAUERN UM UNSEREN SCHIRMHERREN DR. HERMANN SCHEER","author":"Anja Mocker","date":"15. Oktober 2010","format":false,"excerpt":"von Madeleine Porr HERMANN SCHEER, unbeirrbarer und unbequemer Vor- und Querdenker eines Zeitalters friedlicher Nutzung all unserer nat\u00fcrlichen St\u00e4rken und Kr\u00e4fte zum Wohl der ganzen Weltgemeinschaft, ist tot. Aber seine kraftvollen und inspirierenden Gedanken sowie die Erinnerung an sein leidenschaftliches Beispiel daf\u00fcr, dass der Einsatz f\u00fcr die pers\u00f6nliche \u00dcberzeugung von\u2026","rel":"","context":"In &quot;espa\u00f1ol&quot;","block_context":{"text":"espa\u00f1ol","link":"https:\/\/www.el-pan-alegre.org\/wordpress\/kategorie\/espanol\/"},"img":{"alt_text":"","src":"https:\/\/i0.wp.com\/www.el-pan-alegre.org\/wordpress\/wp-content\/uploads\/2010\/10\/scheer108_v-gross16x9.jpg?resize=350%2C200&ssl=1","width":350,"height":200},"classes":[]},{"id":116,"url":"https:\/\/www.el-pan-alegre.org\/wordpress\/116-116\/","url_meta":{"origin":1895,"position":2},"title":"Nachrichten von unserem Schirmherren &#8230;","author":"Anja Mocker","date":"18. September 2009","format":false,"excerpt":"von Madeleine Porr Hermann Scheer und sein dicksch\u00e4deliges, vision\u00e4res und rebellisches Engagement f\u00fcr den weltweiten Umstieg auf erneuerbare Energien (s. Laudatio Mai '09\/USA) brauchen wahrlich keine Werbung. Aber uns als Verein, dessen Projekt El Pan Alegre seit Mai diesen Jahres unter seiner Schirmherrschaft steht, freut es doch immer wieder m\u00e4chtig,\u2026","rel":"","context":"In &quot;Anja&quot;","block_context":{"text":"Anja","link":"https:\/\/www.el-pan-alegre.org\/wordpress\/kategorie\/anja\/"},"img":{"alt_text":"","src":"","width":0,"height":0},"classes":[]},{"id":30,"url":"https:\/\/www.el-pan-alegre.org\/wordpress\/30-fantastisches-2012-willkommen-2013\/","url_meta":{"origin":1895,"position":3},"title":"Fantastisches 2012 \/ Willkommen 2013!","author":"Anja Mocker","date":"31. Dezember 2012","format":false,"excerpt":"Fr\u00f6hliche Gr\u00fc\u00dfe f\u00fcr das neue Jahr voller Wunder, Gl\u00fcck, Zufriedenheit, Gesundheit und Erfolg auf allen Ebenen! Ein spannendes Jahr liegt hinter uns. Die Fr\u00f6hliche Amaranth-Kinderb\u00e4ckerei wird jedem Kind, das in die Wuhlheide gekommen ist, in freudiger Erinnerung bleiben. Das Paradies Wuhlheide f\u00e4ngt an sich zu regen und zu entwickeln. Viele\u2026","rel":"","context":"In &quot;Information&quot;","block_context":{"text":"Information","link":"https:\/\/www.el-pan-alegre.org\/wordpress\/kategorie\/information\/"},"img":{"alt_text":"","src":"https:\/\/i0.wp.com\/www.el-pan-alegre.org\/wordpress\/wp-content\/uploads\/2012\/12\/das_froehliche_brot.jpg?resize=350%2C200&ssl=1","width":350,"height":200,"srcset":"https:\/\/i0.wp.com\/www.el-pan-alegre.org\/wordpress\/wp-content\/uploads\/2012\/12\/das_froehliche_brot.jpg?resize=350%2C200&ssl=1 1x, https:\/\/i0.wp.com\/www.el-pan-alegre.org\/wordpress\/wp-content\/uploads\/2012\/12\/das_froehliche_brot.jpg?resize=525%2C300&ssl=1 1.5x"},"classes":[]},{"id":63,"url":"https:\/\/www.el-pan-alegre.org\/wordpress\/63-starke-nahrung-fuer-starke-kinder\/","url_meta":{"origin":1895,"position":4},"title":"STARKE NAHRUNG F\u00dcR STARKE KINDER!","author":"Anja Mocker","date":"21. Juni 2011","format":false,"excerpt":"(aus der Presse-Information:) Das Kinderrecht auf starke Nahrung geht unter, wenn mit allen Mitteln Konzernprofite gesteigert werden sollen. Da ist es gut zu wissen, wie man Kr\u00e4fte direkt aus der Natur f\u00fcr sich nutzbar machen kann. Der Berliner Verein En Buenas Manos e.V. wird nun erneut vom Deutschen Kinderhilfswerk daf\u00fcr\u2026","rel":"","context":"In &quot;Amaranth&quot;","block_context":{"text":"Amaranth","link":"https:\/\/www.el-pan-alegre.org\/wordpress\/kategorie\/amaranth\/"},"img":{"alt_text":"","src":"https:\/\/i0.wp.com\/www.el-pan-alegre.org\/wordpress\/wp-content\/uploads\/2011\/06\/Scheckuebergabe.jpg?resize=350%2C200&ssl=1","width":350,"height":200,"srcset":"https:\/\/i0.wp.com\/www.el-pan-alegre.org\/wordpress\/wp-content\/uploads\/2011\/06\/Scheckuebergabe.jpg?resize=350%2C200&ssl=1 1x, https:\/\/i0.wp.com\/www.el-pan-alegre.org\/wordpress\/wp-content\/uploads\/2011\/06\/Scheckuebergabe.jpg?resize=525%2C300&ssl=1 1.5x, https:\/\/i0.wp.com\/www.el-pan-alegre.org\/wordpress\/wp-content\/uploads\/2011\/06\/Scheckuebergabe.jpg?resize=700%2C400&ssl=1 2x"},"classes":[]},{"id":79,"url":"https:\/\/www.el-pan-alegre.org\/wordpress\/79-el-pan-alegre-ist-werkstatt-n-projekt-2011-auszeichnung-durch-den-deutschen-rat-fuer-nachhaltige-entwicklung\/","url_meta":{"origin":1895,"position":5},"title":"EL PAN ALEGRE ist Werkstatt-N-Projekt 2011: Auszeichnung durch den Deutschen Rat f\u00fcr Nachhaltige Entwicklung","author":"Anja Mocker","date":"18. Oktober 2010","format":false,"excerpt":"von Madeleine Porr \"Seien wir optimistisch, couragiert und offensiv! ... So kommen wir auf die H\u00f6he der Zeit!\" Hermann Scheers Worte werden \u00fcberall auf der Erde noch viele Generationen lang nachklingen, \u00fcber seine B\u00fccher (wie \"Energieautonomie\", 2005, oder \"Der energETHISCHE Imperativ\", 2010) genauso wie \u00fcber Filme mit ihm (z.B. \"Die\u2026","rel":"","context":"In &quot;Auszeichnung&quot;","block_context":{"text":"Auszeichnung","link":"https:\/\/www.el-pan-alegre.org\/wordpress\/kategorie\/auszeichnung\/"},"img":{"alt_text":"","src":"https:\/\/i0.wp.com\/www.el-pan-alegre.org\/wordpress\/wp-content\/uploads\/2010\/10\/logo_EPA.jpg?resize=350%2C200&ssl=1","width":350,"height":200,"srcset":"https:\/\/i0.wp.com\/www.el-pan-alegre.org\/wordpress\/wp-content\/uploads\/2010\/10\/logo_EPA.jpg?resize=350%2C200&ssl=1 1x, https:\/\/i0.wp.com\/www.el-pan-alegre.org\/wordpress\/wp-content\/uploads\/2010\/10\/logo_EPA.jpg?resize=525%2C300&ssl=1 1.5x"},"classes":[]}],"_links":{"self":[{"href":"https:\/\/www.el-pan-alegre.org\/wordpress\/wp-json\/wp\/v2\/posts\/1895","targetHints":{"allow":["GET"]}}],"collection":[{"href":"https:\/\/www.el-pan-alegre.org\/wordpress\/wp-json\/wp\/v2\/posts"}],"about":[{"href":"https:\/\/www.el-pan-alegre.org\/wordpress\/wp-json\/wp\/v2\/types\/post"}],"author":[{"embeddable":true,"href":"https:\/\/www.el-pan-alegre.org\/wordpress\/wp-json\/wp\/v2\/users\/1"}],"replies":[{"embeddable":true,"href":"https:\/\/www.el-pan-alegre.org\/wordpress\/wp-json\/wp\/v2\/comments?post=1895"}],"version-history":[{"count":1,"href":"https:\/\/www.el-pan-alegre.org\/wordpress\/wp-json\/wp\/v2\/posts\/1895\/revisions"}],"predecessor-version":[{"id":1896,"href":"https:\/\/www.el-pan-alegre.org\/wordpress\/wp-json\/wp\/v2\/posts\/1895\/revisions\/1896"}],"wp:attachment":[{"href":"https:\/\/www.el-pan-alegre.org\/wordpress\/wp-json\/wp\/v2\/media?parent=1895"}],"wp:term":[{"taxonomy":"category","embeddable":true,"href":"https:\/\/www.el-pan-alegre.org\/wordpress\/wp-json\/wp\/v2\/categories?post=1895"},{"taxonomy":"post_tag","embeddable":true,"href":"https:\/\/www.el-pan-alegre.org\/wordpress\/wp-json\/wp\/v2\/tags?post=1895"}],"curies":[{"name":"wp","href":"https:\/\/api.w.org\/{rel}","templated":true}]}}