{"id":16,"date":"2013-03-11T22:00:00","date_gmt":"2013-03-11T21:00:00","guid":{"rendered":"http:\/\/www.el-pan-alegre.org\/wordpress\/16-i-desde-arbol-de-vida-coloquio-haciendo-el-futuro-con-fuerza-local-en-el-camino-hacia-la-sostenibilidad\/"},"modified":"2018-01-05T12:01:05","modified_gmt":"2018-01-05T11:01:05","slug":"i-desde-arbol-de-vida-coloquio-haciendo-el-futuro-con-fuerza-local-en-el-camino-hacia-la-sostenibilidad","status":"publish","type":"post","link":"https:\/\/www.el-pan-alegre.org\/wordpress\/16-i-desde-arbol-de-vida-coloquio-haciendo-el-futuro-con-fuerza-local-en-el-camino-hacia-la-sostenibilidad\/","title":{"rendered":"(I) &#8211; Desde \u00c1rbol de Vida- Coloquio \u201cHaciendo el futuro con fuerza local\u201d en el camino hacia la sostenibilidad &#8230;"},"content":{"rendered":"<div style=\"text-align: justify;\"><span lang=\"ES\" style=\"font-family: 'Helvetica','sans-serif';\">Entre los d\u00edas 19 y 21 de febrero, la <b>Asociaci\u00f3n Cubana de Naciones Unidas<\/b>, <b>(ACNU)<\/b> en su casona del Vedado habanero, sirvi\u00f3 de Sede a un evento de singular importancia: el Coloquio <\/span><b><span lang=\"ES\" style=\"font-family: 'Arial','sans-serif';\">\u201cHaciendo el futuro con fuerza local\u201d. <\/span><\/b><span lang=\"ES\" style=\"font-family: 'Arial','sans-serif';\">Este encuentro, organizado por\u00a0 la ONG de Alemania\u00a0 \u201cEn Buenas Manos\u201d y por Cuba la ONG CUBASOLAR y el Instituto Cubano del Libro. Los temas programados para los tres d\u00edas fueron:<br \/>\n<\/span><\/div>\n<p><!--more--><\/p>\n<div style=\"text-align: justify;\"><span lang=\"ES\" style=\"font-family: 'Arial','sans-serif';\">En el primer d\u00eda<\/span><span lang=\"ES\" style=\"font-family: Helvetica-Bold;\">:<\/span><\/div>\n<ul style=\"margin-top: 0in;\" type=\"disc\">\n<li style=\"mso-list: l0 level1 lfo1; text-align: justify;\"><span lang=\"ES\" style=\"font-family: 'Arial','sans-serif';\">Presentaci\u00f3n (dentro de la 22 Feria del Libro del libro) de la novela de Ciencia Ficci\u00f3n, premiada en Alemania, <b>\u201cEl Proyecto Tahit\u00ed<\/b>\u201d, del escritor alem\u00e1n <\/span><span lang=\"ES\" style=\"font-family: 'Arial','sans-serif';\">Dirk C. Fleck en una versi\u00f3n realizada por la <b>Editorial Arte y Literatura<\/b> y prologada por notable investigador Pedro Pablo Rodr\u00edguez, quien coment\u00f3 el libro para todos los presentes.<\/span><\/li>\n<li style=\"mso-list: l0 level1 lfo1; text-align: justify;\"><span lang=\"ES\" style=\"font-family: 'Arial','sans-serif';\">Panel \u201cSeguridad alimentaria: El amaranto &#8211; peque\u00f1a semilla con fuerza tit\u00e1nica.<\/span><\/li>\n<\/ul>\n<div style=\"text-align: justify;\"><span lang=\"ES\" style=\"font-family: 'Arial','sans-serif';\">El segundo d\u00eda:<\/span><\/div>\n<ul style=\"margin-top: 0in;\" type=\"disc\">\n<li style=\"mso-list: l0 level1 lfo1; text-align: justify;\"><span lang=\"ES\" style=\"font-family: 'Arial','sans-serif';\">Panel \u201cAbastecimiento energ\u00e9tico en base del Camino del Sol\u201d. <\/span><\/li>\n<\/ul>\n<div style=\"text-align: justify;\"><span lang=\"ES\" style=\"font-family: 'Arial','sans-serif';\">El tercer d\u00eda:<\/span><\/div>\n<ul style=\"margin-top: 0in;\" type=\"disc\">\n<li style=\"mso-list: l0 level1 lfo1; text-align: justify;\"><span lang=\"ES\" style=\"font-family: 'Arial','sans-serif';\">Panel: \u201cParticipaci\u00f3n ciudadana en la gesti\u00f3n de residuos: experiencias e innovaciones\u201d.<\/span><\/li>\n<\/ul>\n<div style=\"text-align: justify;\"><\/div>\n<div style=\"text-align: justify;\"><span lang=\"ES\" style=\"font-family: 'Arial','sans-serif';\">\u201cEl Proyecto Tahit\u00ed\u201d, es una novela de especial inter\u00e9s ya que narra en su trama de excelente ritmo e im\u00e1genes casi cinematogr\u00e1ficas, las experiencias de un periodista occidental en <\/span><span lang=\"ES\" style=\"font-family: 'Arial','sans-serif';\">el ficticio Tahit\u00ed del 2022, territorio que asumi\u00f3 desde algunos a\u00f1os antes un modo de vida ecol\u00f3gico y sustentable. En el texto las soluciones presentadas y los modelos descritos como forma de implementar un modo de vida alternativo, basado en valores ecol\u00f3gicos y \u00e9ticos, vinculan conocimientos antiguos probados con tecnolog\u00edas innovadoras modernas, todas ya experimentadas en la actualidad. Su aplicaci\u00f3n en nuestros d\u00edas en la mayor\u00eda de los casos se ve limitada por factores subjetivos de diferente tipo. El libro contiene adem\u00e1s un glosario que re\u00fane todos esos conceptos con explicaciones y hasta enlaces hacia sus p\u00e1ginas web.<\/span><\/div>\n<div style=\"text-align: justify;\"><\/div>\n<div style=\"line-height: 115%; text-align: justify;\"><span lang=\"ES-CO\" style=\"font-family: 'Arial','sans-serif';\">La presentaci\u00f3n fue excelente y sirvi\u00f3 como apertura a un intercambio de saberes importante para el desarrollo y la sostenibilidad, que contribuye a <b><i>hacer mejor nuestro pedacito&#8230;.<\/i><\/b><\/span><\/div>\n<div style=\"line-height: 115%; text-align: center;\"><\/div>\n<div style=\"line-height: 115%; text-align: center;\"><b><span lang=\"ES-CO\" style=\"font-family: 'Arial','sans-serif'; font-size: 9pt; line-height: 115%;\">&#8212;&#8212;&#8212;&#8212;&#8212;&#8212;&#8212;&#8212;&#8212;&#8212;&#8212;&#8212;&#8212;&#8212;&#8212;&#8212;&#8212;&#8212;<\/span><\/b><\/div>\n<div style=\"line-height: 115%; text-align: center;\"><\/div>\n<div style=\"line-height: 115%; text-align: center;\"><b><span lang=\"ES-CO\" style=\"font-family: 'Arial','sans-serif'; font-size: 9pt; line-height: 115%;\">Enviado por: Ing. Alba Camejo<\/span><\/b><br \/>\n<b><span lang=\"ES-CO\" style=\"font-family: 'Arial','sans-serif'; font-size: 9pt; line-height: 115%;\"><a href=\"http:\/\/www.haciendoalmas.cult.cu\/etiquetas\/arbol-de-vida\/\" target=\"_blank\" rel=\"noopener\">\u00c1RBOL DE VIDA<\/a> <\/span><\/b><\/div>\n<div style=\"line-height: 115%; text-align: center;\"><b><u><span lang=\"ES-CO\" style=\"color: #3333ff; font-family: 'Arial','sans-serif'; font-size: 9pt; line-height: 115%;\"><a href=\"mailto:eladevida@yahoo.com\">eladevida@yahoo.com<\/a><\/span><\/u><\/b><\/div>\n<div style=\"text-align: center;\"><b><span lang=\"ES-CO\" style=\"font-family: 'Arial','sans-serif'; font-size: 9pt; line-height: 115%;\">Tel\u00e9fono: 2028061<\/span><\/b><\/div>\n<div style=\"text-align: center;\"><\/div>\n<div style=\"text-align: center;\"><b><span lang=\"ES-CO\" style=\"font-family: 'Arial','sans-serif'; font-size: 9pt; line-height: 115%;\"><span style=\"color: red;\"><span style=\"font-size: large;\">* * * * *<\/span><\/span><\/span><\/b><\/div>\n<p><b><span lang=\"ES-CO\" style=\"font-family: 'Arial','sans-serif'; font-size: 9pt; line-height: 115%;\"><span style=\"color: red;\"><span style=\"font-size: large;\">\u00a0<\/span><\/span> <\/span><\/b><\/p>\n","protected":false},"excerpt":{"rendered":"<p>Entre los d\u00edas 19 y 21 de febrero, la Asociaci\u00f3n Cubana de Naciones Unidas, (ACNU) en su casona del Vedado habanero, sirvi\u00f3 de Sede a un evento de singular importancia: el Coloquio \u201cHaciendo el futuro con fuerza local\u201d. Este encuentro, &hellip; <a href=\"https:\/\/www.el-pan-alegre.org\/wordpress\/16-i-desde-arbol-de-vida-coloquio-haciendo-el-futuro-con-fuerza-local-en-el-camino-hacia-la-sostenibilidad\/\">Weiterlesen <span class=\"meta-nav\">&rarr;<\/span><\/a><\/p>\n","protected":false},"author":1,"featured_media":0,"comment_status":"open","ping_status":"open","sticky":false,"template":"","format":"standard","meta":{"jetpack_post_was_ever_published":false,"_jetpack_newsletter_access":"","_jetpack_dont_email_post_to_subs":false,"_jetpack_newsletter_tier_id":0,"_jetpack_memberships_contains_paywalled_content":false,"_jetpack_memberships_contains_paid_content":false,"footnotes":"","jetpack_publicize_message":"","jetpack_publicize_feature_enabled":true,"jetpack_social_post_already_shared":false,"jetpack_social_options":{"image_generator_settings":{"template":"highway","default_image_id":0,"font":"","enabled":false},"version":2}},"categories":[16,28,62,3,27,13,6,2,4],"tags":[],"class_list":["post-16","post","type-post","status-publish","format-standard","hentry","category-amaranth","category-buecher","category-coloquio","category-cuba","category-el-proyecto-tahiti","category-espanol","category-information","category-oeffentlichkeitsarbeit","category-veranstaltung"],"yoast_head":"<!-- This site is optimized with the Yoast SEO plugin v27.5 - https:\/\/yoast.com\/product\/yoast-seo-wordpress\/ -->\n<title>(I) - Desde \u00c1rbol de Vida- Coloquio \u201cHaciendo el futuro con fuerza local\u201d en el camino hacia la sostenibilidad ... - El Pan Alegre<\/title>\n<meta name=\"robots\" content=\"index, follow, max-snippet:-1, max-image-preview:large, max-video-preview:-1\" \/>\n<link rel=\"canonical\" href=\"https:\/\/www.el-pan-alegre.org\/wordpress\/16-i-desde-arbol-de-vida-coloquio-haciendo-el-futuro-con-fuerza-local-en-el-camino-hacia-la-sostenibilidad\/\" \/>\n<meta property=\"og:locale\" content=\"de_DE\" \/>\n<meta property=\"og:type\" content=\"article\" \/>\n<meta property=\"og:title\" content=\"(I) - Desde \u00c1rbol de Vida- Coloquio \u201cHaciendo el futuro con fuerza local\u201d en el camino hacia la sostenibilidad ... - El Pan Alegre\" \/>\n<meta property=\"og:description\" content=\"Entre los d\u00edas 19 y 21 de febrero, la Asociaci\u00f3n Cubana de Naciones Unidas, (ACNU) en su casona del Vedado habanero, sirvi\u00f3 de Sede a un evento de singular importancia: el Coloquio \u201cHaciendo el futuro con fuerza local\u201d. Este encuentro, &hellip; Weiterlesen &rarr;\" \/>\n<meta property=\"og:url\" content=\"https:\/\/www.el-pan-alegre.org\/wordpress\/16-i-desde-arbol-de-vida-coloquio-haciendo-el-futuro-con-fuerza-local-en-el-camino-hacia-la-sostenibilidad\/\" \/>\n<meta property=\"og:site_name\" content=\"El Pan Alegre\" \/>\n<meta property=\"article:published_time\" content=\"2013-03-11T21:00:00+00:00\" \/>\n<meta property=\"article:modified_time\" content=\"2018-01-05T11:01:05+00:00\" \/>\n<meta name=\"author\" content=\"Anja Mocker\" \/>\n<meta name=\"twitter:card\" content=\"summary_large_image\" \/>\n<meta name=\"twitter:label1\" content=\"Verfasst von\" \/>\n\t<meta name=\"twitter:data1\" content=\"Anja Mocker\" \/>\n\t<meta name=\"twitter:label2\" content=\"Gesch\u00e4tzte Lesezeit\" \/>\n\t<meta name=\"twitter:data2\" content=\"2\u00a0Minuten\" \/>\n<script type=\"application\/ld+json\" class=\"yoast-schema-graph\">{\"@context\":\"https:\\\/\\\/schema.org\",\"@graph\":[{\"@type\":\"Article\",\"@id\":\"https:\\\/\\\/www.el-pan-alegre.org\\\/wordpress\\\/16-i-desde-arbol-de-vida-coloquio-haciendo-el-futuro-con-fuerza-local-en-el-camino-hacia-la-sostenibilidad\\\/#article\",\"isPartOf\":{\"@id\":\"https:\\\/\\\/www.el-pan-alegre.org\\\/wordpress\\\/16-i-desde-arbol-de-vida-coloquio-haciendo-el-futuro-con-fuerza-local-en-el-camino-hacia-la-sostenibilidad\\\/\"},\"author\":{\"name\":\"Anja Mocker\",\"@id\":\"https:\\\/\\\/www.el-pan-alegre.org\\\/wordpress\\\/#\\\/schema\\\/person\\\/a61ba0bec6094c61dbf9da4e4e4e5bfe\"},\"headline\":\"(I) &#8211; Desde \u00c1rbol de Vida- Coloquio \u201cHaciendo el futuro con fuerza local\u201d en el camino hacia la sostenibilidad &#8230;\",\"datePublished\":\"2013-03-11T21:00:00+00:00\",\"dateModified\":\"2018-01-05T11:01:05+00:00\",\"mainEntityOfPage\":{\"@id\":\"https:\\\/\\\/www.el-pan-alegre.org\\\/wordpress\\\/16-i-desde-arbol-de-vida-coloquio-haciendo-el-futuro-con-fuerza-local-en-el-camino-hacia-la-sostenibilidad\\\/\"},\"wordCount\":377,\"commentCount\":0,\"articleSection\":[\"Amaranth\",\"B\u00fccher\",\"coloquio\",\"Cuba\",\"El Proyecto Tahit\u00ed\",\"espa\u00f1ol\",\"Information\",\"\u00d6ffentlichkeitsarbeit\",\"Veranstaltung\"],\"inLanguage\":\"de\",\"potentialAction\":[{\"@type\":\"CommentAction\",\"name\":\"Comment\",\"target\":[\"https:\\\/\\\/www.el-pan-alegre.org\\\/wordpress\\\/16-i-desde-arbol-de-vida-coloquio-haciendo-el-futuro-con-fuerza-local-en-el-camino-hacia-la-sostenibilidad\\\/#respond\"]}]},{\"@type\":\"WebPage\",\"@id\":\"https:\\\/\\\/www.el-pan-alegre.org\\\/wordpress\\\/16-i-desde-arbol-de-vida-coloquio-haciendo-el-futuro-con-fuerza-local-en-el-camino-hacia-la-sostenibilidad\\\/\",\"url\":\"https:\\\/\\\/www.el-pan-alegre.org\\\/wordpress\\\/16-i-desde-arbol-de-vida-coloquio-haciendo-el-futuro-con-fuerza-local-en-el-camino-hacia-la-sostenibilidad\\\/\",\"name\":\"(I) - Desde \u00c1rbol de Vida- Coloquio \u201cHaciendo el futuro con fuerza local\u201d en el camino hacia la sostenibilidad ... - El Pan Alegre\",\"isPartOf\":{\"@id\":\"https:\\\/\\\/www.el-pan-alegre.org\\\/wordpress\\\/#website\"},\"datePublished\":\"2013-03-11T21:00:00+00:00\",\"dateModified\":\"2018-01-05T11:01:05+00:00\",\"author\":{\"@id\":\"https:\\\/\\\/www.el-pan-alegre.org\\\/wordpress\\\/#\\\/schema\\\/person\\\/a61ba0bec6094c61dbf9da4e4e4e5bfe\"},\"breadcrumb\":{\"@id\":\"https:\\\/\\\/www.el-pan-alegre.org\\\/wordpress\\\/16-i-desde-arbol-de-vida-coloquio-haciendo-el-futuro-con-fuerza-local-en-el-camino-hacia-la-sostenibilidad\\\/#breadcrumb\"},\"inLanguage\":\"de\",\"potentialAction\":[{\"@type\":\"ReadAction\",\"target\":[\"https:\\\/\\\/www.el-pan-alegre.org\\\/wordpress\\\/16-i-desde-arbol-de-vida-coloquio-haciendo-el-futuro-con-fuerza-local-en-el-camino-hacia-la-sostenibilidad\\\/\"]}]},{\"@type\":\"BreadcrumbList\",\"@id\":\"https:\\\/\\\/www.el-pan-alegre.org\\\/wordpress\\\/16-i-desde-arbol-de-vida-coloquio-haciendo-el-futuro-con-fuerza-local-en-el-camino-hacia-la-sostenibilidad\\\/#breadcrumb\",\"itemListElement\":[{\"@type\":\"ListItem\",\"position\":1,\"name\":\"Home\",\"item\":\"https:\\\/\\\/www.el-pan-alegre.org\\\/wordpress\\\/\"},{\"@type\":\"ListItem\",\"position\":2,\"name\":\"(I) &#8211; Desde \u00c1rbol de Vida- Coloquio \u201cHaciendo el futuro con fuerza local\u201d en el camino hacia la sostenibilidad &#8230;\"}]},{\"@type\":\"WebSite\",\"@id\":\"https:\\\/\\\/www.el-pan-alegre.org\\\/wordpress\\\/#website\",\"url\":\"https:\\\/\\\/www.el-pan-alegre.org\\\/wordpress\\\/\",\"name\":\"El Pan Alegre\",\"description\":\"Das Fr\u00f6hliche Brot\",\"potentialAction\":[{\"@type\":\"SearchAction\",\"target\":{\"@type\":\"EntryPoint\",\"urlTemplate\":\"https:\\\/\\\/www.el-pan-alegre.org\\\/wordpress\\\/?s={search_term_string}\"},\"query-input\":{\"@type\":\"PropertyValueSpecification\",\"valueRequired\":true,\"valueName\":\"search_term_string\"}}],\"inLanguage\":\"de\"},{\"@type\":\"Person\",\"@id\":\"https:\\\/\\\/www.el-pan-alegre.org\\\/wordpress\\\/#\\\/schema\\\/person\\\/a61ba0bec6094c61dbf9da4e4e4e5bfe\",\"name\":\"Anja Mocker\",\"image\":{\"@type\":\"ImageObject\",\"inLanguage\":\"de\",\"@id\":\"https:\\\/\\\/secure.gravatar.com\\\/avatar\\\/c283b0b556471cdaac4be59c661b13c1e141f08ca0dd2eb8f8d587262d7f04bb?s=96&d=identicon&r=g\",\"url\":\"https:\\\/\\\/secure.gravatar.com\\\/avatar\\\/c283b0b556471cdaac4be59c661b13c1e141f08ca0dd2eb8f8d587262d7f04bb?s=96&d=identicon&r=g\",\"contentUrl\":\"https:\\\/\\\/secure.gravatar.com\\\/avatar\\\/c283b0b556471cdaac4be59c661b13c1e141f08ca0dd2eb8f8d587262d7f04bb?s=96&d=identicon&r=g\",\"caption\":\"Anja Mocker\"},\"url\":\"https:\\\/\\\/www.el-pan-alegre.org\\\/wordpress\\\/author\\\/admin\\\/\"}]}<\/script>\n<!-- \/ Yoast SEO plugin. -->","yoast_head_json":{"title":"(I) - Desde \u00c1rbol de Vida- Coloquio \u201cHaciendo el futuro con fuerza local\u201d en el camino hacia la sostenibilidad ... - El Pan Alegre","robots":{"index":"index","follow":"follow","max-snippet":"max-snippet:-1","max-image-preview":"max-image-preview:large","max-video-preview":"max-video-preview:-1"},"canonical":"https:\/\/www.el-pan-alegre.org\/wordpress\/16-i-desde-arbol-de-vida-coloquio-haciendo-el-futuro-con-fuerza-local-en-el-camino-hacia-la-sostenibilidad\/","og_locale":"de_DE","og_type":"article","og_title":"(I) - Desde \u00c1rbol de Vida- Coloquio \u201cHaciendo el futuro con fuerza local\u201d en el camino hacia la sostenibilidad ... - El Pan Alegre","og_description":"Entre los d\u00edas 19 y 21 de febrero, la Asociaci\u00f3n Cubana de Naciones Unidas, (ACNU) en su casona del Vedado habanero, sirvi\u00f3 de Sede a un evento de singular importancia: el Coloquio \u201cHaciendo el futuro con fuerza local\u201d. Este encuentro, &hellip; Weiterlesen &rarr;","og_url":"https:\/\/www.el-pan-alegre.org\/wordpress\/16-i-desde-arbol-de-vida-coloquio-haciendo-el-futuro-con-fuerza-local-en-el-camino-hacia-la-sostenibilidad\/","og_site_name":"El Pan Alegre","article_published_time":"2013-03-11T21:00:00+00:00","article_modified_time":"2018-01-05T11:01:05+00:00","author":"Anja Mocker","twitter_card":"summary_large_image","twitter_misc":{"Verfasst von":"Anja Mocker","Gesch\u00e4tzte Lesezeit":"2\u00a0Minuten"},"schema":{"@context":"https:\/\/schema.org","@graph":[{"@type":"Article","@id":"https:\/\/www.el-pan-alegre.org\/wordpress\/16-i-desde-arbol-de-vida-coloquio-haciendo-el-futuro-con-fuerza-local-en-el-camino-hacia-la-sostenibilidad\/#article","isPartOf":{"@id":"https:\/\/www.el-pan-alegre.org\/wordpress\/16-i-desde-arbol-de-vida-coloquio-haciendo-el-futuro-con-fuerza-local-en-el-camino-hacia-la-sostenibilidad\/"},"author":{"name":"Anja Mocker","@id":"https:\/\/www.el-pan-alegre.org\/wordpress\/#\/schema\/person\/a61ba0bec6094c61dbf9da4e4e4e5bfe"},"headline":"(I) &#8211; Desde \u00c1rbol de Vida- Coloquio \u201cHaciendo el futuro con fuerza local\u201d en el camino hacia la sostenibilidad &#8230;","datePublished":"2013-03-11T21:00:00+00:00","dateModified":"2018-01-05T11:01:05+00:00","mainEntityOfPage":{"@id":"https:\/\/www.el-pan-alegre.org\/wordpress\/16-i-desde-arbol-de-vida-coloquio-haciendo-el-futuro-con-fuerza-local-en-el-camino-hacia-la-sostenibilidad\/"},"wordCount":377,"commentCount":0,"articleSection":["Amaranth","B\u00fccher","coloquio","Cuba","El Proyecto Tahit\u00ed","espa\u00f1ol","Information","\u00d6ffentlichkeitsarbeit","Veranstaltung"],"inLanguage":"de","potentialAction":[{"@type":"CommentAction","name":"Comment","target":["https:\/\/www.el-pan-alegre.org\/wordpress\/16-i-desde-arbol-de-vida-coloquio-haciendo-el-futuro-con-fuerza-local-en-el-camino-hacia-la-sostenibilidad\/#respond"]}]},{"@type":"WebPage","@id":"https:\/\/www.el-pan-alegre.org\/wordpress\/16-i-desde-arbol-de-vida-coloquio-haciendo-el-futuro-con-fuerza-local-en-el-camino-hacia-la-sostenibilidad\/","url":"https:\/\/www.el-pan-alegre.org\/wordpress\/16-i-desde-arbol-de-vida-coloquio-haciendo-el-futuro-con-fuerza-local-en-el-camino-hacia-la-sostenibilidad\/","name":"(I) - Desde \u00c1rbol de Vida- Coloquio \u201cHaciendo el futuro con fuerza local\u201d en el camino hacia la sostenibilidad ... - El Pan Alegre","isPartOf":{"@id":"https:\/\/www.el-pan-alegre.org\/wordpress\/#website"},"datePublished":"2013-03-11T21:00:00+00:00","dateModified":"2018-01-05T11:01:05+00:00","author":{"@id":"https:\/\/www.el-pan-alegre.org\/wordpress\/#\/schema\/person\/a61ba0bec6094c61dbf9da4e4e4e5bfe"},"breadcrumb":{"@id":"https:\/\/www.el-pan-alegre.org\/wordpress\/16-i-desde-arbol-de-vida-coloquio-haciendo-el-futuro-con-fuerza-local-en-el-camino-hacia-la-sostenibilidad\/#breadcrumb"},"inLanguage":"de","potentialAction":[{"@type":"ReadAction","target":["https:\/\/www.el-pan-alegre.org\/wordpress\/16-i-desde-arbol-de-vida-coloquio-haciendo-el-futuro-con-fuerza-local-en-el-camino-hacia-la-sostenibilidad\/"]}]},{"@type":"BreadcrumbList","@id":"https:\/\/www.el-pan-alegre.org\/wordpress\/16-i-desde-arbol-de-vida-coloquio-haciendo-el-futuro-con-fuerza-local-en-el-camino-hacia-la-sostenibilidad\/#breadcrumb","itemListElement":[{"@type":"ListItem","position":1,"name":"Home","item":"https:\/\/www.el-pan-alegre.org\/wordpress\/"},{"@type":"ListItem","position":2,"name":"(I) &#8211; Desde \u00c1rbol de Vida- Coloquio \u201cHaciendo el futuro con fuerza local\u201d en el camino hacia la sostenibilidad &#8230;"}]},{"@type":"WebSite","@id":"https:\/\/www.el-pan-alegre.org\/wordpress\/#website","url":"https:\/\/www.el-pan-alegre.org\/wordpress\/","name":"El Pan Alegre","description":"Das Fr\u00f6hliche Brot","potentialAction":[{"@type":"SearchAction","target":{"@type":"EntryPoint","urlTemplate":"https:\/\/www.el-pan-alegre.org\/wordpress\/?s={search_term_string}"},"query-input":{"@type":"PropertyValueSpecification","valueRequired":true,"valueName":"search_term_string"}}],"inLanguage":"de"},{"@type":"Person","@id":"https:\/\/www.el-pan-alegre.org\/wordpress\/#\/schema\/person\/a61ba0bec6094c61dbf9da4e4e4e5bfe","name":"Anja Mocker","image":{"@type":"ImageObject","inLanguage":"de","@id":"https:\/\/secure.gravatar.com\/avatar\/c283b0b556471cdaac4be59c661b13c1e141f08ca0dd2eb8f8d587262d7f04bb?s=96&d=identicon&r=g","url":"https:\/\/secure.gravatar.com\/avatar\/c283b0b556471cdaac4be59c661b13c1e141f08ca0dd2eb8f8d587262d7f04bb?s=96&d=identicon&r=g","contentUrl":"https:\/\/secure.gravatar.com\/avatar\/c283b0b556471cdaac4be59c661b13c1e141f08ca0dd2eb8f8d587262d7f04bb?s=96&d=identicon&r=g","caption":"Anja Mocker"},"url":"https:\/\/www.el-pan-alegre.org\/wordpress\/author\/admin\/"}]}},"jetpack_publicize_connections":[],"jetpack_featured_media_url":"","jetpack_sharing_enabled":true,"jetpack_shortlink":"https:\/\/wp.me\/p62TDh-g","jetpack-related-posts":[{"id":28,"url":"https:\/\/www.el-pan-alegre.org\/wordpress\/28-el-proyecto-tahiti-se-convierte-en-el-proyecto-cuba-alegre\/","url_meta":{"origin":16,"position":0},"title":"&#8222;El Proyecto Tahit\u00ed&#8220; &#038; &#8222;El Proyecto Cuba Alegre&#8220;","author":"Anja Mocker","date":"7. Februar 2013","format":false,"excerpt":"Habana-Cuba. Coloquio: \u201cHaciendo el futuro con fuerza local\u201d (\u201cEl Proyecto Tahit\u00ed\u201d se convierte en el \u201cProyecto Cuba Alegre\u201d) Invitaci\u00f3n a participar Del 19 al 21 de febrero de 2013, de 10 a.m. a 2 p.m., se realizar\u00e1, en la Asociaci\u00f3n Cubana de las Naciones Unidas (ACNU), 25 y J, El\u2026","rel":"","context":"In &quot;Abfall&quot;","block_context":{"text":"Abfall","link":"https:\/\/www.el-pan-alegre.org\/wordpress\/kategorie\/abfall\/"},"img":{"alt_text":"","src":"","width":0,"height":0},"classes":[]},{"id":15,"url":"https:\/\/www.el-pan-alegre.org\/wordpress\/15-ii-desde-arbol-de-vida-coloquio-haciendo-el-futuro-con-fuerza-local-en-el-camino-hacia-la-sostenibilidad\/","url_meta":{"origin":16,"position":1},"title":"(II) &#8211; Desde \u00c1rbol de Vida- Coloquio \u201cHaciendo el futuro con fuerza local\u201d en el camino hacia la sostenibilidad &#8230;","author":"Anja Mocker","date":"12. M\u00e4rz 2013","format":false,"excerpt":"El Coloquio \u201cHaciendo el futuro con fuerza local\u201d comenz\u00f3 sus sesiones de trabajo una vez concluida la presentaci\u00f3n del libro El Proyecto Tahit\u00ed. Los panelistas fueron: - En \u201cSeguridad Alimentaria\u201d, 19 de febrero: Roland Hoffmann-Bahnsen (Alemania), Eduardo Ortega Delgado (Cuba), Francisco Bonilla (M\u00e9xico), Nuria Costa Leonardo (M\u00e9xico). - En \u201cAbastecimiento\u2026","rel":"","context":"In &quot;Amaranth&quot;","block_context":{"text":"Amaranth","link":"https:\/\/www.el-pan-alegre.org\/wordpress\/kategorie\/amaranth\/"},"img":{"alt_text":"","src":"","width":0,"height":0},"classes":[]},{"id":26,"url":"https:\/\/www.el-pan-alegre.org\/wordpress\/26-proyecto-tahiti-una-utopia-necesaria-y-perfectamente-realizable\/","url_meta":{"origin":16,"position":2},"title":"Proyecto Tahit\u00ed: Una utop\u00eda necesaria y perfectamente realizable","author":"Anja Mocker","date":"21. Februar 2013","format":false,"excerpt":"Proyecto Tahit\u00ed: Una utop\u00eda necesaria y perfectamente realizable Por Jos\u00e9 Miguel Rodr\u00edguez Ortiz\/ Cubarte Desde ayer y hasta el pr\u00f3ximo jueves tiene lugar en la Asociaci\u00f3n Cubana de las Naciones Unidas (ACNU) el coloquio Haciendo el futuro con fuerza local, un encuentro de intercambio que se inserta en el programa\u2026","rel":"","context":"In &quot;Amaranth&quot;","block_context":{"text":"Amaranth","link":"https:\/\/www.el-pan-alegre.org\/wordpress\/kategorie\/amaranth\/"},"img":{"alt_text":"","src":"https:\/\/i0.wp.com\/www.el-pan-alegre.org\/wordpress\/wp-content\/uploads\/2013\/02\/DSCF1038-799768-195x300.jpg?resize=350%2C200","width":350,"height":200},"classes":[]},{"id":25,"url":"https:\/\/www.el-pan-alegre.org\/wordpress\/25-haciendo-el-futuro-con-fuerza-local\/","url_meta":{"origin":16,"position":3},"title":"\u00a1Haciendo el futuro con fuerza local!","author":"Anja Mocker","date":"8. M\u00e4rz 2013","format":false,"excerpt":"\"El Proyecto Tahit\u00ed\" se convierte en \"El Proyecto Cuba Alegre\" (M. Porr) Una novela alemana de ciencia ficci\u00f3n del autor alem\u00e1n Dirk C. Fleck, acerca de una isla que en medio de los tiempos revueltos que vivimos actualmente en todos los pa\u00edses del planeta, se decide por querer vivir un\u2026","rel":"","context":"In &quot;Amaranth&quot;","block_context":{"text":"Amaranth","link":"https:\/\/www.el-pan-alegre.org\/wordpress\/kategorie\/amaranth\/"},"img":{"alt_text":"","src":"","width":0,"height":0},"classes":[]},{"id":1504,"url":"https:\/\/www.el-pan-alegre.org\/wordpress\/1504-encuentro-alegre-especial-rememur-mexico-inca-cuba\/","url_meta":{"origin":16,"position":4},"title":"ENCUENTRO ALEGRE ESPECIAL: REMEMUR (M\u00e9xico) &#8211; INCA (Cuba)","author":"Madeleine Porr","date":"27. Juli 2016","format":false,"excerpt":"\u00a1Qu\u00e9 alegr\u00eda sent\u00ed a volver a ver a B\u00e1rbara Ben\u00edtez, \u201cBaby\u201d, coordinadora nacional del Eje de G\u00e9nero en el Instituto Nacional de Ciencias Agr\u00edcolas (INCA)\/Cuba y responsable del \u201cConvenio Marco interinstitucional de colaboraci\u00f3n entre el INCA y la Red Mexicana de Mujeres S.C. (representada por su directora general, nuestra amiga\u2026","rel":"","context":"In &quot;Allgemein&quot;","block_context":{"text":"Allgemein","link":"https:\/\/www.el-pan-alegre.org\/wordpress\/kategorie\/allgemein\/"},"img":{"alt_text":"2016-Baby_Nuria_Sandra_Madeleine","src":"https:\/\/i0.wp.com\/www.el-pan-alegre.org\/wordpress\/wp-content\/uploads\/2016\/07\/2016-Baby_Nuria_Sandra_Madeleine-300x186.jpg?resize=350%2C200","width":350,"height":200},"classes":[]},{"id":1529,"url":"https:\/\/www.el-pan-alegre.org\/wordpress\/1529-estrechando-los-vinculos-de-amaranto-entre-cuba-y-mexico\/","url_meta":{"origin":16,"position":5},"title":"Estrechando los v\u00ednculos de amaranto entre Cuba y M\u00e9xico","author":"Madeleine Porr","date":"25. August 2016","format":false,"excerpt":"Una vez m\u00e1s en este verano de \u201cSumando Alegr\u00edas\u201d (lema para las vacaciones en Cuba) tuve el gran placer de visitar a nuestra amiga Nuria Costa, en su EcoAldea Bosque de Agua\/Cuernavaca, en la tierra hermana mexicana que para El Pan Alegre guarda el tan precioso legado de las altas\u2026","rel":"","context":"In &quot;Allgemein&quot;","block_context":{"text":"Allgemein","link":"https:\/\/www.el-pan-alegre.org\/wordpress\/kategorie\/allgemein\/"},"img":{"alt_text":"01","src":"https:\/\/i0.wp.com\/www.el-pan-alegre.org\/wordpress\/wp-content\/uploads\/2016\/08\/01-300x243.jpg?resize=350%2C200","width":350,"height":200},"classes":[]}],"_links":{"self":[{"href":"https:\/\/www.el-pan-alegre.org\/wordpress\/wp-json\/wp\/v2\/posts\/16","targetHints":{"allow":["GET"]}}],"collection":[{"href":"https:\/\/www.el-pan-alegre.org\/wordpress\/wp-json\/wp\/v2\/posts"}],"about":[{"href":"https:\/\/www.el-pan-alegre.org\/wordpress\/wp-json\/wp\/v2\/types\/post"}],"author":[{"embeddable":true,"href":"https:\/\/www.el-pan-alegre.org\/wordpress\/wp-json\/wp\/v2\/users\/1"}],"replies":[{"embeddable":true,"href":"https:\/\/www.el-pan-alegre.org\/wordpress\/wp-json\/wp\/v2\/comments?post=16"}],"version-history":[{"count":2,"href":"https:\/\/www.el-pan-alegre.org\/wordpress\/wp-json\/wp\/v2\/posts\/16\/revisions"}],"predecessor-version":[{"id":1840,"href":"https:\/\/www.el-pan-alegre.org\/wordpress\/wp-json\/wp\/v2\/posts\/16\/revisions\/1840"}],"wp:attachment":[{"href":"https:\/\/www.el-pan-alegre.org\/wordpress\/wp-json\/wp\/v2\/media?parent=16"}],"wp:term":[{"taxonomy":"category","embeddable":true,"href":"https:\/\/www.el-pan-alegre.org\/wordpress\/wp-json\/wp\/v2\/categories?post=16"},{"taxonomy":"post_tag","embeddable":true,"href":"https:\/\/www.el-pan-alegre.org\/wordpress\/wp-json\/wp\/v2\/tags?post=16"}],"curies":[{"name":"wp","href":"https:\/\/api.w.org\/{rel}","templated":true}]}}