{"id":1557,"date":"2017-01-17T20:35:49","date_gmt":"2017-01-17T19:35:49","guid":{"rendered":"http:\/\/www.el-pan-alegre.org\/wordpress\/?p=1557"},"modified":"2017-01-17T20:35:49","modified_gmt":"2017-01-17T19:35:49","slug":"bokashi-workshop-am-20-01-2017-im-familienzentrum-menschenskinder-berlin","status":"publish","type":"post","link":"https:\/\/www.el-pan-alegre.org\/wordpress\/1557-bokashi-workshop-am-20-01-2017-im-familienzentrum-menschenskinder-berlin\/","title":{"rendered":"Bokashi Workshop am 20.01.2017 im Familienzentrum &#8222;Menschenskinder&#8220; Berlin"},"content":{"rendered":"<p>Bokashi ist eine japanische Variante der Kompostierung von organischen Abf\u00e4llen aller Art (auch Gekochtes oder Windelinhalte&#8230;)<\/p>\n<p>Wer lernen m\u00f6chte wie Bokashi gemacht wird, ist am Freitag 16 Uhr herzlich eingeladen. Dieser Workshop bildet den Start der Reihe &#8222;BodenLeben&#8220; und besch\u00e4ftigt sich mit der Kunst der Bokashi-Herstellung. Das Was, Wie und Warum gibt es im ersten Teil und im zweiten Teil k\u00f6nnen praktische Erfahrungen ausgetauscht werden. Im zweiten Teil werde ich von meinen 6 Jahren &#8222;Bokashi herstellen&#8220; berichten.\u00a0 Und unser Verein En Buenas Manos e.V. spendet ein EM*-Starterpaket von Triaterra zur Verwendung im Gemeinschaftsgarten Menschenskinder e.V.<\/p>\n<p><strong>Wann: Freitag, 20. Januar 2017, 16 Uhr &#8211; 18 Uhr<\/strong><\/p>\n<p><strong>Wo: Familienzentrum Menschenskinder, F\u00fcrstenwalder Str. 25, 10243 Berlin, Tel. 030 \u2013 545 949 06<\/strong><\/p>\n<p>* Effektive Miroorganismen &#8211; Startermaterial f\u00fcr Bokashi<\/p>\n<p><strong><a href=\"http:\/\/www.el-pan-alegre.org\/wordpress\/wp-content\/uploads\/2017\/01\/BodenLeben-2017.pdf\">BodenLeben-2017<\/a><\/strong><\/p>\n<p>&nbsp;<\/p>\n","protected":false},"excerpt":{"rendered":"<p>Bokashi ist eine japanische Variante der Kompostierung von organischen Abf\u00e4llen aller Art (auch Gekochtes oder Windelinhalte&#8230;) Wer lernen m\u00f6chte wie Bokashi gemacht wird, ist am Freitag 16 Uhr herzlich eingeladen. Dieser Workshop bildet den Start der Reihe &#8222;BodenLeben&#8220; und besch\u00e4ftigt &hellip; <a href=\"https:\/\/www.el-pan-alegre.org\/wordpress\/1557-bokashi-workshop-am-20-01-2017-im-familienzentrum-menschenskinder-berlin\/\">Weiterlesen <span class=\"meta-nav\">&rarr;<\/span><\/a><\/p>\n","protected":false},"author":1,"featured_media":0,"comment_status":"open","ping_status":"open","sticky":false,"template":"","format":"standard","meta":{"jetpack_post_was_ever_published":false,"_jetpack_newsletter_access":"","_jetpack_dont_email_post_to_subs":false,"_jetpack_newsletter_tier_id":0,"_jetpack_memberships_contains_paywalled_content":false,"_jetpack_memberships_contains_paid_content":false,"footnotes":"","jetpack_publicize_message":"","jetpack_publicize_feature_enabled":true,"jetpack_social_post_already_shared":true,"jetpack_social_options":{"image_generator_settings":{"template":"highway","default_image_id":0,"font":"","enabled":false},"version":2}},"categories":[12,25,31,6,4,8],"tags":[],"class_list":["post-1557","post","type-post","status-publish","format-standard","hentry","category-abfall","category-anja","category-effektive-mikroorganismen","category-information","category-veranstaltung","category-verein"],"yoast_head":"<!-- This site is optimized with the Yoast SEO plugin v27.5 - https:\/\/yoast.com\/product\/yoast-seo-wordpress\/ -->\n<title>Bokashi Workshop am 20.01.2017 im Familienzentrum &quot;Menschenskinder&quot; Berlin - El Pan Alegre<\/title>\n<meta name=\"robots\" content=\"index, follow, max-snippet:-1, max-image-preview:large, max-video-preview:-1\" \/>\n<link rel=\"canonical\" href=\"https:\/\/www.el-pan-alegre.org\/wordpress\/1557-bokashi-workshop-am-20-01-2017-im-familienzentrum-menschenskinder-berlin\/\" \/>\n<meta property=\"og:locale\" content=\"de_DE\" \/>\n<meta property=\"og:type\" content=\"article\" \/>\n<meta property=\"og:title\" content=\"Bokashi Workshop am 20.01.2017 im Familienzentrum &quot;Menschenskinder&quot; Berlin - El Pan Alegre\" \/>\n<meta property=\"og:description\" content=\"Bokashi ist eine japanische Variante der Kompostierung von organischen Abf\u00e4llen aller Art (auch Gekochtes oder Windelinhalte&#8230;) Wer lernen m\u00f6chte wie Bokashi gemacht wird, ist am Freitag 16 Uhr herzlich eingeladen. Dieser Workshop bildet den Start der Reihe &#8222;BodenLeben&#8220; und besch\u00e4ftigt &hellip; Weiterlesen &rarr;\" \/>\n<meta property=\"og:url\" content=\"https:\/\/www.el-pan-alegre.org\/wordpress\/1557-bokashi-workshop-am-20-01-2017-im-familienzentrum-menschenskinder-berlin\/\" \/>\n<meta property=\"og:site_name\" content=\"El Pan Alegre\" \/>\n<meta property=\"article:published_time\" content=\"2017-01-17T19:35:49+00:00\" \/>\n<meta name=\"author\" content=\"Anja Mocker\" \/>\n<meta name=\"twitter:card\" content=\"summary_large_image\" \/>\n<meta name=\"twitter:label1\" content=\"Verfasst von\" \/>\n\t<meta name=\"twitter:data1\" content=\"Anja Mocker\" \/>\n\t<meta name=\"twitter:label2\" content=\"Gesch\u00e4tzte Lesezeit\" \/>\n\t<meta name=\"twitter:data2\" content=\"1\u00a0Minute\" \/>\n<script type=\"application\/ld+json\" class=\"yoast-schema-graph\">{\"@context\":\"https:\\\/\\\/schema.org\",\"@graph\":[{\"@type\":\"Article\",\"@id\":\"https:\\\/\\\/www.el-pan-alegre.org\\\/wordpress\\\/1557-bokashi-workshop-am-20-01-2017-im-familienzentrum-menschenskinder-berlin\\\/#article\",\"isPartOf\":{\"@id\":\"https:\\\/\\\/www.el-pan-alegre.org\\\/wordpress\\\/1557-bokashi-workshop-am-20-01-2017-im-familienzentrum-menschenskinder-berlin\\\/\"},\"author\":{\"name\":\"Anja Mocker\",\"@id\":\"https:\\\/\\\/www.el-pan-alegre.org\\\/wordpress\\\/#\\\/schema\\\/person\\\/a61ba0bec6094c61dbf9da4e4e4e5bfe\"},\"headline\":\"Bokashi Workshop am 20.01.2017 im Familienzentrum &#8222;Menschenskinder&#8220; Berlin\",\"datePublished\":\"2017-01-17T19:35:49+00:00\",\"mainEntityOfPage\":{\"@id\":\"https:\\\/\\\/www.el-pan-alegre.org\\\/wordpress\\\/1557-bokashi-workshop-am-20-01-2017-im-familienzentrum-menschenskinder-berlin\\\/\"},\"wordCount\":130,\"commentCount\":1,\"articleSection\":[\"Abfall\",\"Anja\",\"Effektive Mikroorganismen\",\"Information\",\"Veranstaltung\",\"Verein\"],\"inLanguage\":\"de\",\"potentialAction\":[{\"@type\":\"CommentAction\",\"name\":\"Comment\",\"target\":[\"https:\\\/\\\/www.el-pan-alegre.org\\\/wordpress\\\/1557-bokashi-workshop-am-20-01-2017-im-familienzentrum-menschenskinder-berlin\\\/#respond\"]}]},{\"@type\":\"WebPage\",\"@id\":\"https:\\\/\\\/www.el-pan-alegre.org\\\/wordpress\\\/1557-bokashi-workshop-am-20-01-2017-im-familienzentrum-menschenskinder-berlin\\\/\",\"url\":\"https:\\\/\\\/www.el-pan-alegre.org\\\/wordpress\\\/1557-bokashi-workshop-am-20-01-2017-im-familienzentrum-menschenskinder-berlin\\\/\",\"name\":\"Bokashi Workshop am 20.01.2017 im Familienzentrum \\\"Menschenskinder\\\" Berlin - El Pan Alegre\",\"isPartOf\":{\"@id\":\"https:\\\/\\\/www.el-pan-alegre.org\\\/wordpress\\\/#website\"},\"datePublished\":\"2017-01-17T19:35:49+00:00\",\"author\":{\"@id\":\"https:\\\/\\\/www.el-pan-alegre.org\\\/wordpress\\\/#\\\/schema\\\/person\\\/a61ba0bec6094c61dbf9da4e4e4e5bfe\"},\"breadcrumb\":{\"@id\":\"https:\\\/\\\/www.el-pan-alegre.org\\\/wordpress\\\/1557-bokashi-workshop-am-20-01-2017-im-familienzentrum-menschenskinder-berlin\\\/#breadcrumb\"},\"inLanguage\":\"de\",\"potentialAction\":[{\"@type\":\"ReadAction\",\"target\":[\"https:\\\/\\\/www.el-pan-alegre.org\\\/wordpress\\\/1557-bokashi-workshop-am-20-01-2017-im-familienzentrum-menschenskinder-berlin\\\/\"]}]},{\"@type\":\"BreadcrumbList\",\"@id\":\"https:\\\/\\\/www.el-pan-alegre.org\\\/wordpress\\\/1557-bokashi-workshop-am-20-01-2017-im-familienzentrum-menschenskinder-berlin\\\/#breadcrumb\",\"itemListElement\":[{\"@type\":\"ListItem\",\"position\":1,\"name\":\"Home\",\"item\":\"https:\\\/\\\/www.el-pan-alegre.org\\\/wordpress\\\/\"},{\"@type\":\"ListItem\",\"position\":2,\"name\":\"Bokashi Workshop am 20.01.2017 im Familienzentrum &#8222;Menschenskinder&#8220; Berlin\"}]},{\"@type\":\"WebSite\",\"@id\":\"https:\\\/\\\/www.el-pan-alegre.org\\\/wordpress\\\/#website\",\"url\":\"https:\\\/\\\/www.el-pan-alegre.org\\\/wordpress\\\/\",\"name\":\"El Pan Alegre\",\"description\":\"Das Fr\u00f6hliche Brot\",\"potentialAction\":[{\"@type\":\"SearchAction\",\"target\":{\"@type\":\"EntryPoint\",\"urlTemplate\":\"https:\\\/\\\/www.el-pan-alegre.org\\\/wordpress\\\/?s={search_term_string}\"},\"query-input\":{\"@type\":\"PropertyValueSpecification\",\"valueRequired\":true,\"valueName\":\"search_term_string\"}}],\"inLanguage\":\"de\"},{\"@type\":\"Person\",\"@id\":\"https:\\\/\\\/www.el-pan-alegre.org\\\/wordpress\\\/#\\\/schema\\\/person\\\/a61ba0bec6094c61dbf9da4e4e4e5bfe\",\"name\":\"Anja Mocker\",\"image\":{\"@type\":\"ImageObject\",\"inLanguage\":\"de\",\"@id\":\"https:\\\/\\\/secure.gravatar.com\\\/avatar\\\/c283b0b556471cdaac4be59c661b13c1e141f08ca0dd2eb8f8d587262d7f04bb?s=96&d=identicon&r=g\",\"url\":\"https:\\\/\\\/secure.gravatar.com\\\/avatar\\\/c283b0b556471cdaac4be59c661b13c1e141f08ca0dd2eb8f8d587262d7f04bb?s=96&d=identicon&r=g\",\"contentUrl\":\"https:\\\/\\\/secure.gravatar.com\\\/avatar\\\/c283b0b556471cdaac4be59c661b13c1e141f08ca0dd2eb8f8d587262d7f04bb?s=96&d=identicon&r=g\",\"caption\":\"Anja Mocker\"},\"url\":\"https:\\\/\\\/www.el-pan-alegre.org\\\/wordpress\\\/author\\\/admin\\\/\"}]}<\/script>\n<!-- \/ Yoast SEO plugin. -->","yoast_head_json":{"title":"Bokashi Workshop am 20.01.2017 im Familienzentrum \"Menschenskinder\" Berlin - El Pan Alegre","robots":{"index":"index","follow":"follow","max-snippet":"max-snippet:-1","max-image-preview":"max-image-preview:large","max-video-preview":"max-video-preview:-1"},"canonical":"https:\/\/www.el-pan-alegre.org\/wordpress\/1557-bokashi-workshop-am-20-01-2017-im-familienzentrum-menschenskinder-berlin\/","og_locale":"de_DE","og_type":"article","og_title":"Bokashi Workshop am 20.01.2017 im Familienzentrum \"Menschenskinder\" Berlin - El Pan Alegre","og_description":"Bokashi ist eine japanische Variante der Kompostierung von organischen Abf\u00e4llen aller Art (auch Gekochtes oder Windelinhalte&#8230;) Wer lernen m\u00f6chte wie Bokashi gemacht wird, ist am Freitag 16 Uhr herzlich eingeladen. Dieser Workshop bildet den Start der Reihe &#8222;BodenLeben&#8220; und besch\u00e4ftigt &hellip; Weiterlesen &rarr;","og_url":"https:\/\/www.el-pan-alegre.org\/wordpress\/1557-bokashi-workshop-am-20-01-2017-im-familienzentrum-menschenskinder-berlin\/","og_site_name":"El Pan Alegre","article_published_time":"2017-01-17T19:35:49+00:00","author":"Anja Mocker","twitter_card":"summary_large_image","twitter_misc":{"Verfasst von":"Anja Mocker","Gesch\u00e4tzte Lesezeit":"1\u00a0Minute"},"schema":{"@context":"https:\/\/schema.org","@graph":[{"@type":"Article","@id":"https:\/\/www.el-pan-alegre.org\/wordpress\/1557-bokashi-workshop-am-20-01-2017-im-familienzentrum-menschenskinder-berlin\/#article","isPartOf":{"@id":"https:\/\/www.el-pan-alegre.org\/wordpress\/1557-bokashi-workshop-am-20-01-2017-im-familienzentrum-menschenskinder-berlin\/"},"author":{"name":"Anja Mocker","@id":"https:\/\/www.el-pan-alegre.org\/wordpress\/#\/schema\/person\/a61ba0bec6094c61dbf9da4e4e4e5bfe"},"headline":"Bokashi Workshop am 20.01.2017 im Familienzentrum &#8222;Menschenskinder&#8220; Berlin","datePublished":"2017-01-17T19:35:49+00:00","mainEntityOfPage":{"@id":"https:\/\/www.el-pan-alegre.org\/wordpress\/1557-bokashi-workshop-am-20-01-2017-im-familienzentrum-menschenskinder-berlin\/"},"wordCount":130,"commentCount":1,"articleSection":["Abfall","Anja","Effektive Mikroorganismen","Information","Veranstaltung","Verein"],"inLanguage":"de","potentialAction":[{"@type":"CommentAction","name":"Comment","target":["https:\/\/www.el-pan-alegre.org\/wordpress\/1557-bokashi-workshop-am-20-01-2017-im-familienzentrum-menschenskinder-berlin\/#respond"]}]},{"@type":"WebPage","@id":"https:\/\/www.el-pan-alegre.org\/wordpress\/1557-bokashi-workshop-am-20-01-2017-im-familienzentrum-menschenskinder-berlin\/","url":"https:\/\/www.el-pan-alegre.org\/wordpress\/1557-bokashi-workshop-am-20-01-2017-im-familienzentrum-menschenskinder-berlin\/","name":"Bokashi Workshop am 20.01.2017 im Familienzentrum \"Menschenskinder\" Berlin - El Pan Alegre","isPartOf":{"@id":"https:\/\/www.el-pan-alegre.org\/wordpress\/#website"},"datePublished":"2017-01-17T19:35:49+00:00","author":{"@id":"https:\/\/www.el-pan-alegre.org\/wordpress\/#\/schema\/person\/a61ba0bec6094c61dbf9da4e4e4e5bfe"},"breadcrumb":{"@id":"https:\/\/www.el-pan-alegre.org\/wordpress\/1557-bokashi-workshop-am-20-01-2017-im-familienzentrum-menschenskinder-berlin\/#breadcrumb"},"inLanguage":"de","potentialAction":[{"@type":"ReadAction","target":["https:\/\/www.el-pan-alegre.org\/wordpress\/1557-bokashi-workshop-am-20-01-2017-im-familienzentrum-menschenskinder-berlin\/"]}]},{"@type":"BreadcrumbList","@id":"https:\/\/www.el-pan-alegre.org\/wordpress\/1557-bokashi-workshop-am-20-01-2017-im-familienzentrum-menschenskinder-berlin\/#breadcrumb","itemListElement":[{"@type":"ListItem","position":1,"name":"Home","item":"https:\/\/www.el-pan-alegre.org\/wordpress\/"},{"@type":"ListItem","position":2,"name":"Bokashi Workshop am 20.01.2017 im Familienzentrum &#8222;Menschenskinder&#8220; Berlin"}]},{"@type":"WebSite","@id":"https:\/\/www.el-pan-alegre.org\/wordpress\/#website","url":"https:\/\/www.el-pan-alegre.org\/wordpress\/","name":"El Pan Alegre","description":"Das Fr\u00f6hliche Brot","potentialAction":[{"@type":"SearchAction","target":{"@type":"EntryPoint","urlTemplate":"https:\/\/www.el-pan-alegre.org\/wordpress\/?s={search_term_string}"},"query-input":{"@type":"PropertyValueSpecification","valueRequired":true,"valueName":"search_term_string"}}],"inLanguage":"de"},{"@type":"Person","@id":"https:\/\/www.el-pan-alegre.org\/wordpress\/#\/schema\/person\/a61ba0bec6094c61dbf9da4e4e4e5bfe","name":"Anja Mocker","image":{"@type":"ImageObject","inLanguage":"de","@id":"https:\/\/secure.gravatar.com\/avatar\/c283b0b556471cdaac4be59c661b13c1e141f08ca0dd2eb8f8d587262d7f04bb?s=96&d=identicon&r=g","url":"https:\/\/secure.gravatar.com\/avatar\/c283b0b556471cdaac4be59c661b13c1e141f08ca0dd2eb8f8d587262d7f04bb?s=96&d=identicon&r=g","contentUrl":"https:\/\/secure.gravatar.com\/avatar\/c283b0b556471cdaac4be59c661b13c1e141f08ca0dd2eb8f8d587262d7f04bb?s=96&d=identicon&r=g","caption":"Anja Mocker"},"url":"https:\/\/www.el-pan-alegre.org\/wordpress\/author\/admin\/"}]}},"jetpack_publicize_connections":[],"jetpack_featured_media_url":"","jetpack_sharing_enabled":true,"jetpack_shortlink":"https:\/\/wp.me\/p62TDh-p7","jetpack-related-posts":[{"id":3137,"url":"https:\/\/www.el-pan-alegre.org\/wordpress\/3137-am-23-november-2025-heisst-es-wieder-im-familienzentrum-menschenskinder-in-berlin-kinder-kochen-fuer-ihre-eltern\/","url_meta":{"origin":1557,"position":0},"title":"Am 23. November 2025 hei\u00dft es wieder im Familienzentrum Menschenskinder in Berlin: \u201eKinder kochen f\u00fcr ihre Eltern\u201c!","author":"Anja Mocker","date":"27. Oktober 2025","format":false,"excerpt":"Wir freuen uns sehr, dass der Workshop auch jetzt im Herbst wieder stattfinden kann. Hier \u00fcbernehmen Kinder von 6 bis 12 Jahren das Kommando am Herd \u2013 und zeigen, wie viel Kreativit\u00e4t, Teamgeist und Nachhaltigkeit in ihnen steckt. F\u00fcnf Stunden lang wird geschnippelt, ger\u00fchrt und dekoriert: Die kleinen K\u00fcchenchefs planen\u2026","rel":"","context":"In &quot;Anja&quot;","block_context":{"text":"Anja","link":"https:\/\/www.el-pan-alegre.org\/wordpress\/kategorie\/anja\/"},"img":{"alt_text":"","src":"https:\/\/i0.wp.com\/www.el-pan-alegre.org\/wordpress\/wp-content\/uploads\/2025\/10\/251017-Kinder-kochen-fuer-ihre-Eltern-Poster-A4.jpg?resize=350%2C200&ssl=1","width":350,"height":200,"srcset":"https:\/\/i0.wp.com\/www.el-pan-alegre.org\/wordpress\/wp-content\/uploads\/2025\/10\/251017-Kinder-kochen-fuer-ihre-Eltern-Poster-A4.jpg?resize=350%2C200&ssl=1 1x, https:\/\/i0.wp.com\/www.el-pan-alegre.org\/wordpress\/wp-content\/uploads\/2025\/10\/251017-Kinder-kochen-fuer-ihre-Eltern-Poster-A4.jpg?resize=525%2C300&ssl=1 1.5x, https:\/\/i0.wp.com\/www.el-pan-alegre.org\/wordpress\/wp-content\/uploads\/2025\/10\/251017-Kinder-kochen-fuer-ihre-Eltern-Poster-A4.jpg?resize=700%2C400&ssl=1 2x, https:\/\/i0.wp.com\/www.el-pan-alegre.org\/wordpress\/wp-content\/uploads\/2025\/10\/251017-Kinder-kochen-fuer-ihre-Eltern-Poster-A4.jpg?resize=1050%2C600&ssl=1 3x, https:\/\/i0.wp.com\/www.el-pan-alegre.org\/wordpress\/wp-content\/uploads\/2025\/10\/251017-Kinder-kochen-fuer-ihre-Eltern-Poster-A4.jpg?resize=1400%2C800&ssl=1 4x"},"classes":[]},{"id":3111,"url":"https:\/\/www.el-pan-alegre.org\/wordpress\/3111-kinder-kochen-fuer-ihre-eltern-ein-genussvoller-perspektivwechsel-im-sinne-nachhaltiger-bildung\/","url_meta":{"origin":1557,"position":1},"title":"\u201eKinder kochen f\u00fcr ihre Eltern\u201c \u2013 Ein genussvoller Perspektivwechsel im Sinne nachhaltiger Bildung","author":"Anja Mocker","date":"9. Mai 2025","format":false,"excerpt":"Am 18. Mai 2025 verwandelt sich das Familienzentrum Menschenskinder in Berlin in eine kreative Kinderk\u00fcche: Der Verein En Buenas Manos e.V. l\u00e4dt im Rahmen der Bildung f\u00fcr nachhaltige Entwicklung (BNE) zu einem besonderen Workshop ein. Unter dem Motto \u201eKinder kochen f\u00fcr ihre Eltern\u201c \u00fcbernehmen f\u00fcr einen Tag die J\u00fcngsten die\u2026","rel":"","context":"In &quot;Anja&quot;","block_context":{"text":"Anja","link":"https:\/\/www.el-pan-alegre.org\/wordpress\/kategorie\/anja\/"},"img":{"alt_text":"","src":"https:\/\/i0.wp.com\/www.el-pan-alegre.org\/wordpress\/wp-content\/uploads\/2025\/05\/Poster-A4-Kinder-kochen-fuer-ihre-Eltern.jpg?resize=350%2C200&ssl=1","width":350,"height":200,"srcset":"https:\/\/i0.wp.com\/www.el-pan-alegre.org\/wordpress\/wp-content\/uploads\/2025\/05\/Poster-A4-Kinder-kochen-fuer-ihre-Eltern.jpg?resize=350%2C200&ssl=1 1x, https:\/\/i0.wp.com\/www.el-pan-alegre.org\/wordpress\/wp-content\/uploads\/2025\/05\/Poster-A4-Kinder-kochen-fuer-ihre-Eltern.jpg?resize=525%2C300&ssl=1 1.5x, https:\/\/i0.wp.com\/www.el-pan-alegre.org\/wordpress\/wp-content\/uploads\/2025\/05\/Poster-A4-Kinder-kochen-fuer-ihre-Eltern.jpg?resize=700%2C400&ssl=1 2x, https:\/\/i0.wp.com\/www.el-pan-alegre.org\/wordpress\/wp-content\/uploads\/2025\/05\/Poster-A4-Kinder-kochen-fuer-ihre-Eltern.jpg?resize=1050%2C600&ssl=1 3x, https:\/\/i0.wp.com\/www.el-pan-alegre.org\/wordpress\/wp-content\/uploads\/2025\/05\/Poster-A4-Kinder-kochen-fuer-ihre-Eltern.jpg?resize=1400%2C800&ssl=1 4x"},"classes":[]},{"id":2918,"url":"https:\/\/www.el-pan-alegre.org\/wordpress\/2918-amaranth-ernte-am-23-09-im-gemeinschaftsgarten-menschenskindergarten\/","url_meta":{"origin":1557,"position":2},"title":"AMARANTH-ERNTE am 23.09. im Gemeinschaftsgarten MenschenskinderGarten","author":"Anja Mocker","date":"31. August 2023","format":false,"excerpt":"Der Amaranth w\u00e4chst jetzt auch im MenschenskinderGarten!!! Seit diesem Jahr ist \"El Pan Alegre\" ein Kooperationsprojekt von menschenskinder-berlin gGmbH. Die Samen wurden Anfang Juni 2023 auf dem Schaubeet ausgebracht. Nach anf\u00e4nglicher Trockenheit sind einige S\u00e4mlinge verschwunden. Doch die, die es \u00fcberstanden haben wurden mit reichlich Regen in den Ferienwochen belohnt\u2026","rel":"","context":"In &quot;Amaranth&quot;","block_context":{"text":"Amaranth","link":"https:\/\/www.el-pan-alegre.org\/wordpress\/kategorie\/amaranth\/"},"img":{"alt_text":"","src":"https:\/\/i0.wp.com\/www.el-pan-alegre.org\/wordpress\/wp-content\/uploads\/2023\/08\/230831-EBM_Amaranthernte-23-09-2023_V2.jpg?resize=350%2C200&ssl=1","width":350,"height":200,"srcset":"https:\/\/i0.wp.com\/www.el-pan-alegre.org\/wordpress\/wp-content\/uploads\/2023\/08\/230831-EBM_Amaranthernte-23-09-2023_V2.jpg?resize=350%2C200&ssl=1 1x, https:\/\/i0.wp.com\/www.el-pan-alegre.org\/wordpress\/wp-content\/uploads\/2023\/08\/230831-EBM_Amaranthernte-23-09-2023_V2.jpg?resize=525%2C300&ssl=1 1.5x, https:\/\/i0.wp.com\/www.el-pan-alegre.org\/wordpress\/wp-content\/uploads\/2023\/08\/230831-EBM_Amaranthernte-23-09-2023_V2.jpg?resize=700%2C400&ssl=1 2x, https:\/\/i0.wp.com\/www.el-pan-alegre.org\/wordpress\/wp-content\/uploads\/2023\/08\/230831-EBM_Amaranthernte-23-09-2023_V2.jpg?resize=1050%2C600&ssl=1 3x"},"classes":[]},{"id":3117,"url":"https:\/\/www.el-pan-alegre.org\/wordpress\/3117-ein-menue-das-verbindet-elfensalat-ofen-pommes-und-schoko-kokospudding-ein-besonderes-koch-event-mit-kindern\/","url_meta":{"origin":1557,"position":3},"title":"Ein Men\u00fc, das verbindet: Elfensalat, Ofen-Pommes und Schoko-Kokospudding \u2013 Ein besonderes Koch-Event mit Kindern","author":"Anja Mocker","date":"6. Juni 2025","format":false,"excerpt":"Wenn Kinder gemeinsam f\u00fcr ihre Familien kochen, entsteht weit mehr als nur ein leckeres Essen: Es wachsen Gemeinschaft, Kreativit\u00e4t und ein neues Bewusstsein f\u00fcr gesunde Ern\u00e4hrung. Genau das wurde beim besonderen Koch-Event von En Buenas Manos e.V. in Kooperation mit dem Familienzentrum Menschenskinder erlebbar \u2013 ein Tag, der Kindern nicht\u2026","rel":"","context":"In &quot;Allgemein&quot;","block_context":{"text":"Allgemein","link":"https:\/\/www.el-pan-alegre.org\/wordpress\/kategorie\/allgemein\/"},"img":{"alt_text":"","src":"https:\/\/i0.wp.com\/www.el-pan-alegre.org\/wordpress\/wp-content\/uploads\/2025\/06\/Kinder-kochen-fuer-ihre-Eltern-18.05.2025-1.jpg?resize=350%2C200&ssl=1","width":350,"height":200,"srcset":"https:\/\/i0.wp.com\/www.el-pan-alegre.org\/wordpress\/wp-content\/uploads\/2025\/06\/Kinder-kochen-fuer-ihre-Eltern-18.05.2025-1.jpg?resize=350%2C200&ssl=1 1x, https:\/\/i0.wp.com\/www.el-pan-alegre.org\/wordpress\/wp-content\/uploads\/2025\/06\/Kinder-kochen-fuer-ihre-Eltern-18.05.2025-1.jpg?resize=525%2C300&ssl=1 1.5x, https:\/\/i0.wp.com\/www.el-pan-alegre.org\/wordpress\/wp-content\/uploads\/2025\/06\/Kinder-kochen-fuer-ihre-Eltern-18.05.2025-1.jpg?resize=700%2C400&ssl=1 2x, https:\/\/i0.wp.com\/www.el-pan-alegre.org\/wordpress\/wp-content\/uploads\/2025\/06\/Kinder-kochen-fuer-ihre-Eltern-18.05.2025-1.jpg?resize=1050%2C600&ssl=1 3x"},"classes":[]},{"id":3155,"url":"https:\/\/www.el-pan-alegre.org\/wordpress\/3155-am-8-november-findet-endlich-die-diesjaehrige-amaranthernte-im-menschenskindergarten-statt\/","url_meta":{"origin":1557,"position":4},"title":"Am 8. November findet endlich die diesj\u00e4hrige Amaranthernte im MenschenskinderGarten statt","author":"Anja Mocker","date":"5. November 2025","format":false,"excerpt":"Amaranthpops im M\u00fcsli kennt ihr wahrscheinlich. Wollt ihr wissen, wie die Pflanze aussieht, an der das kleinste Popcorn der Welt w\u00e4chst? Wann wei\u00df man, wann man die Samen ernten kann? Was kann man noch von der Pflanze essen? Und wie schmeckt Amaranthmehl? Diese und viele andere Fragen k\u00f6nnen beim Workshop\u2026","rel":"","context":"In &quot;Allgemein&quot;","block_context":{"text":"Allgemein","link":"https:\/\/www.el-pan-alegre.org\/wordpress\/kategorie\/allgemein\/"},"img":{"alt_text":"","src":"https:\/\/i0.wp.com\/www.el-pan-alegre.org\/wordpress\/wp-content\/uploads\/2025\/11\/251103-Amaranthernte.jpg?resize=350%2C200&ssl=1","width":350,"height":200,"srcset":"https:\/\/i0.wp.com\/www.el-pan-alegre.org\/wordpress\/wp-content\/uploads\/2025\/11\/251103-Amaranthernte.jpg?resize=350%2C200&ssl=1 1x, https:\/\/i0.wp.com\/www.el-pan-alegre.org\/wordpress\/wp-content\/uploads\/2025\/11\/251103-Amaranthernte.jpg?resize=525%2C300&ssl=1 1.5x, https:\/\/i0.wp.com\/www.el-pan-alegre.org\/wordpress\/wp-content\/uploads\/2025\/11\/251103-Amaranthernte.jpg?resize=700%2C400&ssl=1 2x, https:\/\/i0.wp.com\/www.el-pan-alegre.org\/wordpress\/wp-content\/uploads\/2025\/11\/251103-Amaranthernte.jpg?resize=1050%2C600&ssl=1 3x, https:\/\/i0.wp.com\/www.el-pan-alegre.org\/wordpress\/wp-content\/uploads\/2025\/11\/251103-Amaranthernte.jpg?resize=1400%2C800&ssl=1 4x"},"classes":[]},{"id":3030,"url":"https:\/\/www.el-pan-alegre.org\/wordpress\/3030-amaranth-ernte-am-14-september-2024-im-menschenskindergarten\/","url_meta":{"origin":1557,"position":5},"title":"Amaranth-Ernte am 14. September 2024 im MenschenskinderGarten","author":"Anja Mocker","date":"5. September 2024","format":false,"excerpt":"Amaranthpops im M\u00fcsli kennt ihr wahrscheinlich. Wollt ihr wissen, wie die Pflanze aussieht, an der das kleinste Popcorn der Welt w\u00e4chst? Wann wei\u00df man, wann man die Samen ernten kann? Was kann man noch von der Pflanze essen? Und wie schmeckt Amaranthmehl? Diese und viele andere Fragen k\u00f6nnen beim Workshop\u2026","rel":"","context":"In &quot;Amaranth&quot;","block_context":{"text":"Amaranth","link":"https:\/\/www.el-pan-alegre.org\/wordpress\/kategorie\/amaranth\/"},"img":{"alt_text":"","src":"https:\/\/i0.wp.com\/www.el-pan-alegre.org\/wordpress\/wp-content\/uploads\/2024\/09\/240702-Amaranthernte-2024.jpg?resize=350%2C200&ssl=1","width":350,"height":200,"srcset":"https:\/\/i0.wp.com\/www.el-pan-alegre.org\/wordpress\/wp-content\/uploads\/2024\/09\/240702-Amaranthernte-2024.jpg?resize=350%2C200&ssl=1 1x, https:\/\/i0.wp.com\/www.el-pan-alegre.org\/wordpress\/wp-content\/uploads\/2024\/09\/240702-Amaranthernte-2024.jpg?resize=525%2C300&ssl=1 1.5x, https:\/\/i0.wp.com\/www.el-pan-alegre.org\/wordpress\/wp-content\/uploads\/2024\/09\/240702-Amaranthernte-2024.jpg?resize=700%2C400&ssl=1 2x, https:\/\/i0.wp.com\/www.el-pan-alegre.org\/wordpress\/wp-content\/uploads\/2024\/09\/240702-Amaranthernte-2024.jpg?resize=1050%2C600&ssl=1 3x, https:\/\/i0.wp.com\/www.el-pan-alegre.org\/wordpress\/wp-content\/uploads\/2024\/09\/240702-Amaranthernte-2024.jpg?resize=1400%2C800&ssl=1 4x"},"classes":[]}],"_links":{"self":[{"href":"https:\/\/www.el-pan-alegre.org\/wordpress\/wp-json\/wp\/v2\/posts\/1557","targetHints":{"allow":["GET"]}}],"collection":[{"href":"https:\/\/www.el-pan-alegre.org\/wordpress\/wp-json\/wp\/v2\/posts"}],"about":[{"href":"https:\/\/www.el-pan-alegre.org\/wordpress\/wp-json\/wp\/v2\/types\/post"}],"author":[{"embeddable":true,"href":"https:\/\/www.el-pan-alegre.org\/wordpress\/wp-json\/wp\/v2\/users\/1"}],"replies":[{"embeddable":true,"href":"https:\/\/www.el-pan-alegre.org\/wordpress\/wp-json\/wp\/v2\/comments?post=1557"}],"version-history":[{"count":1,"href":"https:\/\/www.el-pan-alegre.org\/wordpress\/wp-json\/wp\/v2\/posts\/1557\/revisions"}],"predecessor-version":[{"id":1559,"href":"https:\/\/www.el-pan-alegre.org\/wordpress\/wp-json\/wp\/v2\/posts\/1557\/revisions\/1559"}],"wp:attachment":[{"href":"https:\/\/www.el-pan-alegre.org\/wordpress\/wp-json\/wp\/v2\/media?parent=1557"}],"wp:term":[{"taxonomy":"category","embeddable":true,"href":"https:\/\/www.el-pan-alegre.org\/wordpress\/wp-json\/wp\/v2\/categories?post=1557"},{"taxonomy":"post_tag","embeddable":true,"href":"https:\/\/www.el-pan-alegre.org\/wordpress\/wp-json\/wp\/v2\/tags?post=1557"}],"curies":[{"name":"wp","href":"https:\/\/api.w.org\/{rel}","templated":true}]}}