{"id":1504,"date":"2016-07-27T23:08:58","date_gmt":"2016-07-27T21:08:58","guid":{"rendered":"http:\/\/www.el-pan-alegre.org\/wordpress\/?p=1504"},"modified":"2016-07-27T23:09:53","modified_gmt":"2016-07-27T21:09:53","slug":"encuentro-alegre-especial-rememur-mexico-inca-cuba","status":"publish","type":"post","link":"https:\/\/www.el-pan-alegre.org\/wordpress\/1504-encuentro-alegre-especial-rememur-mexico-inca-cuba\/","title":{"rendered":"ENCUENTRO ALEGRE ESPECIAL: REMEMUR (M\u00e9xico) &#8211; INCA (Cuba)"},"content":{"rendered":"<p><a href=\"http:\/\/www.el-pan-alegre.org\/wordpress\/wp-content\/uploads\/2016\/07\/2016-Baby_Nuria_Sandra_Madeleine.jpg\"><img loading=\"lazy\" decoding=\"async\" class=\"alignnone size-medium wp-image-1500\" src=\"http:\/\/www.el-pan-alegre.org\/wordpress\/wp-content\/uploads\/2016\/07\/2016-Baby_Nuria_Sandra_Madeleine-300x186.jpg\" alt=\"2016-Baby_Nuria_Sandra_Madeleine\" width=\"300\" height=\"186\" srcset=\"https:\/\/www.el-pan-alegre.org\/wordpress\/wp-content\/uploads\/2016\/07\/2016-Baby_Nuria_Sandra_Madeleine-300x186.jpg 300w, https:\/\/www.el-pan-alegre.org\/wordpress\/wp-content\/uploads\/2016\/07\/2016-Baby_Nuria_Sandra_Madeleine-1024x634.jpg 1024w, https:\/\/www.el-pan-alegre.org\/wordpress\/wp-content\/uploads\/2016\/07\/2016-Baby_Nuria_Sandra_Madeleine-484x300.jpg 484w, https:\/\/www.el-pan-alegre.org\/wordpress\/wp-content\/uploads\/2016\/07\/2016-Baby_Nuria_Sandra_Madeleine.jpg 1280w\" sizes=\"auto, (max-width: 300px) 100vw, 300px\" \/><\/a><\/p>\n<p>\u00a1Qu\u00e9 alegr\u00eda sent\u00ed a volver a ver a B\u00e1rbara Ben\u00edtez, \u201cBaby\u201d, coordinadora nacional del Eje de G\u00e9nero en el <a href=\"http:\/\/www.altillo.com\/universidades\/cuba\/Instituto_Nacional_de_Ciencias_Agricolas.asp\" target=\"_blank\">Instituto Nacional de Ciencias Agr\u00edcolas (INCA)\/Cuba<\/a> y responsable del \u201cConvenio Marco interinstitucional de colaboraci\u00f3n entre el INCA y la Red Mexicana de Mujeres S.C. (representada por su directora general, nuestra amiga Nuria)\u201d, firmado en el 2014.<\/p>\n<p><!--more-->Hab\u00eda sido en los preparatorios del coloquio internacional de nuestra ONG En Buenas Manos, junto con la ONG cubana <a href=\"http:\/\/www.cubasolar.cu\/\" target=\"_blank\">CUBASOLAR<\/a>, \u201c<a href=\"http:\/\/www.el-pan-alegre.org\/wordpress\/15-ii-desde-arbol-de-vida-coloquio-haciendo-el-futuro-con-fuerza-local-en-el-camino-hacia-la-sostenibilidad\/\" target=\"_blank\">Haciendo el futuro con fuerza local<\/a>\u201d, en febrero de 2013 en la Habana, que las dos mujeres se hab\u00edan conocido; entonces estaba yo ahora muy curiosa por saber c\u00f3mo iba a seguir la cooperaci\u00f3n, tras un primer taller de capacitaci\u00f3n que Nuria hab\u00eda dado en junio de 2015.<\/p>\n<p>As\u00ed que por supuesto aprovechamos la visita de Nuria a mediados de julio (v\u00e9ase tambi\u00e9n comentario <a href=\"http:\/\/www.el-pan-alegre.org\/wordpress\/1488-visitas-alegres-entre-mexico-y-cuba\/\" target=\"_blank\">aqu\u00ed<\/a>) para reunirnos las tres, y mucho nos agrad\u00f3 que pod\u00edamos contar tambi\u00e9n con la presencia valiosa de nuestra amiga <a href=\"http:\/\/www.ipsnoticias.net\/2012\/10\/comunidades-cubanas-apuestan-a-la-reforestacion\/\" target=\"_blank\">Sandra Rodr\u00edguez Ribalta<\/a> (Proyecto comunitario \u201cAndo Reforestando\u201d).<\/p>\n<p>Se multiplic\u00f3 mi alegr\u00eda cuando escuch\u00e9 decir a Baby que, en los \u00faltimos tres a\u00f1os, se hab\u00eda <strong>extendido el<\/strong> <strong>cultivo de amaranto<\/strong> por parte del INCA y que ya se familiarizaron con \u00e9l 3 fincas en Mayabeque. Para colmo ella nos cont\u00f3 que hasta se realiz\u00f3, en el 2014, un <strong>Festival Culinario dedicado al amaranto,<\/strong> con diversos platos y tan buena acceptaci\u00f3n que al finalizar el evento no qued\u00f3 ni una migaja.<\/p>\n<p>Tambi\u00e9n nos hizo saber que en la universidad de Holgu\u00edn, se termin\u00f3 un estudio acerca de esta planta tan prometedora para combatir el hambre en el mundo. Claro que me voy a poner en funci\u00f3n de buscar el contacto con la universidad y tratar de conseguir m\u00e1s detalles.<\/p>\n<p>Y no por \u00faltimo, comparti\u00f3 con nosotras un resultado muy importante de las experiencias, ya m\u00e1s amplias, acerca del cultivo de amaranto: la indiscutible necesidad de una m\u00e1quina cosechadora y procesadora. Bueno, teniendo los prototipos en el pa\u00eds hermano M\u00e9xico, esto deber\u00eda ser una tarea relativamente f\u00e1cil de resolver &#8230; Aprovechar\u00e9 mi pr\u00f3xima estancia all\u00e1 ahora en agosto para encontrarme con l@s ingenier@s constructor@s y apoyar a adelantar lo m\u00e1s posible este proyecto de intercambio de tecnolog\u00eda tan concreto.<\/p>\n<p>\u00a1Crucen los dedos, por favor, y des\u00e9ennos suerte!<\/p>\n<p style=\"text-align: center;\">* * *<\/p>\n","protected":false},"excerpt":{"rendered":"<p>\u00a1Qu\u00e9 alegr\u00eda sent\u00ed a volver a ver a B\u00e1rbara Ben\u00edtez, \u201cBaby\u201d, coordinadora nacional del Eje de G\u00e9nero en el Instituto Nacional de Ciencias Agr\u00edcolas (INCA)\/Cuba y responsable del \u201cConvenio Marco interinstitucional de colaboraci\u00f3n entre el INCA y la Red Mexicana &hellip; <a href=\"https:\/\/www.el-pan-alegre.org\/wordpress\/1504-encuentro-alegre-especial-rememur-mexico-inca-cuba\/\">Weiterlesen <span class=\"meta-nav\">&rarr;<\/span><\/a><\/p>\n","protected":false},"author":2,"featured_media":0,"comment_status":"open","ping_status":"open","sticky":false,"template":"","format":"standard","meta":{"jetpack_post_was_ever_published":false,"_jetpack_newsletter_access":"","_jetpack_dont_email_post_to_subs":false,"_jetpack_newsletter_tier_id":0,"_jetpack_memberships_contains_paywalled_content":false,"_jetpack_memberships_contains_paid_content":false,"footnotes":"","jetpack_publicize_message":"","jetpack_publicize_feature_enabled":true,"jetpack_social_post_already_shared":true,"jetpack_social_options":{"image_generator_settings":{"template":"highway","default_image_id":0,"font":"","enabled":false},"version":2}},"categories":[1,16,3,13,23,50,6,5,54,2,22],"tags":[],"class_list":["post-1504","post","type-post","status-publish","format-standard","hentry","category-allgemein","category-amaranth","category-cuba","category-espanol","category-fotos","category-gender","category-information","category-kommunikation","category-mexiko","category-oeffentlichkeitsarbeit","category-zukunftskolloquium"],"yoast_head":"<!-- This site is optimized with the Yoast SEO plugin v27.5 - https:\/\/yoast.com\/product\/yoast-seo-wordpress\/ -->\n<title>ENCUENTRO ALEGRE ESPECIAL: REMEMUR (M\u00e9xico) - INCA (Cuba) - El Pan Alegre<\/title>\n<meta name=\"robots\" content=\"index, follow, max-snippet:-1, max-image-preview:large, max-video-preview:-1\" \/>\n<link rel=\"canonical\" href=\"https:\/\/www.el-pan-alegre.org\/wordpress\/1504-encuentro-alegre-especial-rememur-mexico-inca-cuba\/\" \/>\n<meta property=\"og:locale\" content=\"de_DE\" \/>\n<meta property=\"og:type\" content=\"article\" \/>\n<meta property=\"og:title\" content=\"ENCUENTRO ALEGRE ESPECIAL: REMEMUR (M\u00e9xico) - INCA (Cuba) - El Pan Alegre\" \/>\n<meta property=\"og:description\" content=\"\u00a1Qu\u00e9 alegr\u00eda sent\u00ed a volver a ver a B\u00e1rbara Ben\u00edtez, \u201cBaby\u201d, coordinadora nacional del Eje de G\u00e9nero en el Instituto Nacional de Ciencias Agr\u00edcolas (INCA)\/Cuba y responsable del \u201cConvenio Marco interinstitucional de colaboraci\u00f3n entre el INCA y la Red Mexicana &hellip; Weiterlesen &rarr;\" \/>\n<meta property=\"og:url\" content=\"https:\/\/www.el-pan-alegre.org\/wordpress\/1504-encuentro-alegre-especial-rememur-mexico-inca-cuba\/\" \/>\n<meta property=\"og:site_name\" content=\"El Pan Alegre\" \/>\n<meta property=\"article:published_time\" content=\"2016-07-27T21:08:58+00:00\" \/>\n<meta property=\"article:modified_time\" content=\"2016-07-27T21:09:53+00:00\" \/>\n<meta property=\"og:image\" content=\"https:\/\/www.el-pan-alegre.org\/wordpress\/wp-content\/uploads\/2016\/07\/2016-Baby_Nuria_Sandra_Madeleine.jpg\" \/>\n\t<meta property=\"og:image:width\" content=\"1280\" \/>\n\t<meta property=\"og:image:height\" content=\"793\" \/>\n\t<meta property=\"og:image:type\" content=\"image\/jpeg\" \/>\n<meta name=\"author\" content=\"Madeleine Porr\" \/>\n<meta name=\"twitter:card\" content=\"summary_large_image\" \/>\n<meta name=\"twitter:label1\" content=\"Verfasst von\" \/>\n\t<meta name=\"twitter:data1\" content=\"Madeleine Porr\" \/>\n\t<meta name=\"twitter:label2\" content=\"Gesch\u00e4tzte Lesezeit\" \/>\n\t<meta name=\"twitter:data2\" content=\"2\u00a0Minuten\" \/>\n<script type=\"application\/ld+json\" class=\"yoast-schema-graph\">{\"@context\":\"https:\\\/\\\/schema.org\",\"@graph\":[{\"@type\":\"Article\",\"@id\":\"https:\\\/\\\/www.el-pan-alegre.org\\\/wordpress\\\/1504-encuentro-alegre-especial-rememur-mexico-inca-cuba\\\/#article\",\"isPartOf\":{\"@id\":\"https:\\\/\\\/www.el-pan-alegre.org\\\/wordpress\\\/1504-encuentro-alegre-especial-rememur-mexico-inca-cuba\\\/\"},\"author\":{\"name\":\"Madeleine Porr\",\"@id\":\"https:\\\/\\\/www.el-pan-alegre.org\\\/wordpress\\\/#\\\/schema\\\/person\\\/39b853679289f55293e37b53abdfb35e\"},\"headline\":\"ENCUENTRO ALEGRE ESPECIAL: REMEMUR (M\u00e9xico) &#8211; INCA (Cuba)\",\"datePublished\":\"2016-07-27T21:08:58+00:00\",\"dateModified\":\"2016-07-27T21:09:53+00:00\",\"mainEntityOfPage\":{\"@id\":\"https:\\\/\\\/www.el-pan-alegre.org\\\/wordpress\\\/1504-encuentro-alegre-especial-rememur-mexico-inca-cuba\\\/\"},\"wordCount\":416,\"commentCount\":0,\"image\":{\"@id\":\"https:\\\/\\\/www.el-pan-alegre.org\\\/wordpress\\\/1504-encuentro-alegre-especial-rememur-mexico-inca-cuba\\\/#primaryimage\"},\"thumbnailUrl\":\"http:\\\/\\\/www.el-pan-alegre.org\\\/wordpress\\\/wp-content\\\/uploads\\\/2016\\\/07\\\/2016-Baby_Nuria_Sandra_Madeleine-300x186.jpg\",\"articleSection\":{\"1\":\"Amaranth\",\"2\":\"Cuba\",\"3\":\"espa\u00f1ol\",\"4\":\"Fotos\",\"5\":\"Gender\",\"6\":\"Information\",\"7\":\"Kommunikation\",\"8\":\"Mexiko\",\"9\":\"\u00d6ffentlichkeitsarbeit\",\"10\":\"Zukunftskolloquium\"},\"inLanguage\":\"de\",\"potentialAction\":[{\"@type\":\"CommentAction\",\"name\":\"Comment\",\"target\":[\"https:\\\/\\\/www.el-pan-alegre.org\\\/wordpress\\\/1504-encuentro-alegre-especial-rememur-mexico-inca-cuba\\\/#respond\"]}]},{\"@type\":\"WebPage\",\"@id\":\"https:\\\/\\\/www.el-pan-alegre.org\\\/wordpress\\\/1504-encuentro-alegre-especial-rememur-mexico-inca-cuba\\\/\",\"url\":\"https:\\\/\\\/www.el-pan-alegre.org\\\/wordpress\\\/1504-encuentro-alegre-especial-rememur-mexico-inca-cuba\\\/\",\"name\":\"ENCUENTRO ALEGRE ESPECIAL: REMEMUR (M\u00e9xico) - INCA (Cuba) - El Pan Alegre\",\"isPartOf\":{\"@id\":\"https:\\\/\\\/www.el-pan-alegre.org\\\/wordpress\\\/#website\"},\"primaryImageOfPage\":{\"@id\":\"https:\\\/\\\/www.el-pan-alegre.org\\\/wordpress\\\/1504-encuentro-alegre-especial-rememur-mexico-inca-cuba\\\/#primaryimage\"},\"image\":{\"@id\":\"https:\\\/\\\/www.el-pan-alegre.org\\\/wordpress\\\/1504-encuentro-alegre-especial-rememur-mexico-inca-cuba\\\/#primaryimage\"},\"thumbnailUrl\":\"http:\\\/\\\/www.el-pan-alegre.org\\\/wordpress\\\/wp-content\\\/uploads\\\/2016\\\/07\\\/2016-Baby_Nuria_Sandra_Madeleine-300x186.jpg\",\"datePublished\":\"2016-07-27T21:08:58+00:00\",\"dateModified\":\"2016-07-27T21:09:53+00:00\",\"author\":{\"@id\":\"https:\\\/\\\/www.el-pan-alegre.org\\\/wordpress\\\/#\\\/schema\\\/person\\\/39b853679289f55293e37b53abdfb35e\"},\"breadcrumb\":{\"@id\":\"https:\\\/\\\/www.el-pan-alegre.org\\\/wordpress\\\/1504-encuentro-alegre-especial-rememur-mexico-inca-cuba\\\/#breadcrumb\"},\"inLanguage\":\"de\",\"potentialAction\":[{\"@type\":\"ReadAction\",\"target\":[\"https:\\\/\\\/www.el-pan-alegre.org\\\/wordpress\\\/1504-encuentro-alegre-especial-rememur-mexico-inca-cuba\\\/\"]}]},{\"@type\":\"ImageObject\",\"inLanguage\":\"de\",\"@id\":\"https:\\\/\\\/www.el-pan-alegre.org\\\/wordpress\\\/1504-encuentro-alegre-especial-rememur-mexico-inca-cuba\\\/#primaryimage\",\"url\":\"http:\\\/\\\/www.el-pan-alegre.org\\\/wordpress\\\/wp-content\\\/uploads\\\/2016\\\/07\\\/2016-Baby_Nuria_Sandra_Madeleine-300x186.jpg\",\"contentUrl\":\"http:\\\/\\\/www.el-pan-alegre.org\\\/wordpress\\\/wp-content\\\/uploads\\\/2016\\\/07\\\/2016-Baby_Nuria_Sandra_Madeleine-300x186.jpg\"},{\"@type\":\"BreadcrumbList\",\"@id\":\"https:\\\/\\\/www.el-pan-alegre.org\\\/wordpress\\\/1504-encuentro-alegre-especial-rememur-mexico-inca-cuba\\\/#breadcrumb\",\"itemListElement\":[{\"@type\":\"ListItem\",\"position\":1,\"name\":\"Home\",\"item\":\"https:\\\/\\\/www.el-pan-alegre.org\\\/wordpress\\\/\"},{\"@type\":\"ListItem\",\"position\":2,\"name\":\"ENCUENTRO ALEGRE ESPECIAL: REMEMUR (M\u00e9xico) &#8211; INCA (Cuba)\"}]},{\"@type\":\"WebSite\",\"@id\":\"https:\\\/\\\/www.el-pan-alegre.org\\\/wordpress\\\/#website\",\"url\":\"https:\\\/\\\/www.el-pan-alegre.org\\\/wordpress\\\/\",\"name\":\"El Pan Alegre\",\"description\":\"Das Fr\u00f6hliche Brot\",\"potentialAction\":[{\"@type\":\"SearchAction\",\"target\":{\"@type\":\"EntryPoint\",\"urlTemplate\":\"https:\\\/\\\/www.el-pan-alegre.org\\\/wordpress\\\/?s={search_term_string}\"},\"query-input\":{\"@type\":\"PropertyValueSpecification\",\"valueRequired\":true,\"valueName\":\"search_term_string\"}}],\"inLanguage\":\"de\"},{\"@type\":\"Person\",\"@id\":\"https:\\\/\\\/www.el-pan-alegre.org\\\/wordpress\\\/#\\\/schema\\\/person\\\/39b853679289f55293e37b53abdfb35e\",\"name\":\"Madeleine Porr\",\"image\":{\"@type\":\"ImageObject\",\"inLanguage\":\"de\",\"@id\":\"https:\\\/\\\/secure.gravatar.com\\\/avatar\\\/220f262381e6da1a53e3f4626f455dc2c5f03e3a01d49b4ee64a83051cd54bb1?s=96&d=identicon&r=g\",\"url\":\"https:\\\/\\\/secure.gravatar.com\\\/avatar\\\/220f262381e6da1a53e3f4626f455dc2c5f03e3a01d49b4ee64a83051cd54bb1?s=96&d=identicon&r=g\",\"contentUrl\":\"https:\\\/\\\/secure.gravatar.com\\\/avatar\\\/220f262381e6da1a53e3f4626f455dc2c5f03e3a01d49b4ee64a83051cd54bb1?s=96&d=identicon&r=g\",\"caption\":\"Madeleine Porr\"},\"url\":\"https:\\\/\\\/www.el-pan-alegre.org\\\/wordpress\\\/author\\\/madeleine\\\/\"}]}<\/script>\n<!-- \/ Yoast SEO plugin. -->","yoast_head_json":{"title":"ENCUENTRO ALEGRE ESPECIAL: REMEMUR (M\u00e9xico) - INCA (Cuba) - El Pan Alegre","robots":{"index":"index","follow":"follow","max-snippet":"max-snippet:-1","max-image-preview":"max-image-preview:large","max-video-preview":"max-video-preview:-1"},"canonical":"https:\/\/www.el-pan-alegre.org\/wordpress\/1504-encuentro-alegre-especial-rememur-mexico-inca-cuba\/","og_locale":"de_DE","og_type":"article","og_title":"ENCUENTRO ALEGRE ESPECIAL: REMEMUR (M\u00e9xico) - INCA (Cuba) - El Pan Alegre","og_description":"\u00a1Qu\u00e9 alegr\u00eda sent\u00ed a volver a ver a B\u00e1rbara Ben\u00edtez, \u201cBaby\u201d, coordinadora nacional del Eje de G\u00e9nero en el Instituto Nacional de Ciencias Agr\u00edcolas (INCA)\/Cuba y responsable del \u201cConvenio Marco interinstitucional de colaboraci\u00f3n entre el INCA y la Red Mexicana &hellip; Weiterlesen &rarr;","og_url":"https:\/\/www.el-pan-alegre.org\/wordpress\/1504-encuentro-alegre-especial-rememur-mexico-inca-cuba\/","og_site_name":"El Pan Alegre","article_published_time":"2016-07-27T21:08:58+00:00","article_modified_time":"2016-07-27T21:09:53+00:00","og_image":[{"width":1280,"height":793,"url":"https:\/\/www.el-pan-alegre.org\/wordpress\/wp-content\/uploads\/2016\/07\/2016-Baby_Nuria_Sandra_Madeleine.jpg","type":"image\/jpeg"}],"author":"Madeleine Porr","twitter_card":"summary_large_image","twitter_misc":{"Verfasst von":"Madeleine Porr","Gesch\u00e4tzte Lesezeit":"2\u00a0Minuten"},"schema":{"@context":"https:\/\/schema.org","@graph":[{"@type":"Article","@id":"https:\/\/www.el-pan-alegre.org\/wordpress\/1504-encuentro-alegre-especial-rememur-mexico-inca-cuba\/#article","isPartOf":{"@id":"https:\/\/www.el-pan-alegre.org\/wordpress\/1504-encuentro-alegre-especial-rememur-mexico-inca-cuba\/"},"author":{"name":"Madeleine Porr","@id":"https:\/\/www.el-pan-alegre.org\/wordpress\/#\/schema\/person\/39b853679289f55293e37b53abdfb35e"},"headline":"ENCUENTRO ALEGRE ESPECIAL: REMEMUR (M\u00e9xico) &#8211; INCA (Cuba)","datePublished":"2016-07-27T21:08:58+00:00","dateModified":"2016-07-27T21:09:53+00:00","mainEntityOfPage":{"@id":"https:\/\/www.el-pan-alegre.org\/wordpress\/1504-encuentro-alegre-especial-rememur-mexico-inca-cuba\/"},"wordCount":416,"commentCount":0,"image":{"@id":"https:\/\/www.el-pan-alegre.org\/wordpress\/1504-encuentro-alegre-especial-rememur-mexico-inca-cuba\/#primaryimage"},"thumbnailUrl":"http:\/\/www.el-pan-alegre.org\/wordpress\/wp-content\/uploads\/2016\/07\/2016-Baby_Nuria_Sandra_Madeleine-300x186.jpg","articleSection":{"1":"Amaranth","2":"Cuba","3":"espa\u00f1ol","4":"Fotos","5":"Gender","6":"Information","7":"Kommunikation","8":"Mexiko","9":"\u00d6ffentlichkeitsarbeit","10":"Zukunftskolloquium"},"inLanguage":"de","potentialAction":[{"@type":"CommentAction","name":"Comment","target":["https:\/\/www.el-pan-alegre.org\/wordpress\/1504-encuentro-alegre-especial-rememur-mexico-inca-cuba\/#respond"]}]},{"@type":"WebPage","@id":"https:\/\/www.el-pan-alegre.org\/wordpress\/1504-encuentro-alegre-especial-rememur-mexico-inca-cuba\/","url":"https:\/\/www.el-pan-alegre.org\/wordpress\/1504-encuentro-alegre-especial-rememur-mexico-inca-cuba\/","name":"ENCUENTRO ALEGRE ESPECIAL: REMEMUR (M\u00e9xico) - INCA (Cuba) - El Pan Alegre","isPartOf":{"@id":"https:\/\/www.el-pan-alegre.org\/wordpress\/#website"},"primaryImageOfPage":{"@id":"https:\/\/www.el-pan-alegre.org\/wordpress\/1504-encuentro-alegre-especial-rememur-mexico-inca-cuba\/#primaryimage"},"image":{"@id":"https:\/\/www.el-pan-alegre.org\/wordpress\/1504-encuentro-alegre-especial-rememur-mexico-inca-cuba\/#primaryimage"},"thumbnailUrl":"http:\/\/www.el-pan-alegre.org\/wordpress\/wp-content\/uploads\/2016\/07\/2016-Baby_Nuria_Sandra_Madeleine-300x186.jpg","datePublished":"2016-07-27T21:08:58+00:00","dateModified":"2016-07-27T21:09:53+00:00","author":{"@id":"https:\/\/www.el-pan-alegre.org\/wordpress\/#\/schema\/person\/39b853679289f55293e37b53abdfb35e"},"breadcrumb":{"@id":"https:\/\/www.el-pan-alegre.org\/wordpress\/1504-encuentro-alegre-especial-rememur-mexico-inca-cuba\/#breadcrumb"},"inLanguage":"de","potentialAction":[{"@type":"ReadAction","target":["https:\/\/www.el-pan-alegre.org\/wordpress\/1504-encuentro-alegre-especial-rememur-mexico-inca-cuba\/"]}]},{"@type":"ImageObject","inLanguage":"de","@id":"https:\/\/www.el-pan-alegre.org\/wordpress\/1504-encuentro-alegre-especial-rememur-mexico-inca-cuba\/#primaryimage","url":"http:\/\/www.el-pan-alegre.org\/wordpress\/wp-content\/uploads\/2016\/07\/2016-Baby_Nuria_Sandra_Madeleine-300x186.jpg","contentUrl":"http:\/\/www.el-pan-alegre.org\/wordpress\/wp-content\/uploads\/2016\/07\/2016-Baby_Nuria_Sandra_Madeleine-300x186.jpg"},{"@type":"BreadcrumbList","@id":"https:\/\/www.el-pan-alegre.org\/wordpress\/1504-encuentro-alegre-especial-rememur-mexico-inca-cuba\/#breadcrumb","itemListElement":[{"@type":"ListItem","position":1,"name":"Home","item":"https:\/\/www.el-pan-alegre.org\/wordpress\/"},{"@type":"ListItem","position":2,"name":"ENCUENTRO ALEGRE ESPECIAL: REMEMUR (M\u00e9xico) &#8211; INCA (Cuba)"}]},{"@type":"WebSite","@id":"https:\/\/www.el-pan-alegre.org\/wordpress\/#website","url":"https:\/\/www.el-pan-alegre.org\/wordpress\/","name":"El Pan Alegre","description":"Das Fr\u00f6hliche Brot","potentialAction":[{"@type":"SearchAction","target":{"@type":"EntryPoint","urlTemplate":"https:\/\/www.el-pan-alegre.org\/wordpress\/?s={search_term_string}"},"query-input":{"@type":"PropertyValueSpecification","valueRequired":true,"valueName":"search_term_string"}}],"inLanguage":"de"},{"@type":"Person","@id":"https:\/\/www.el-pan-alegre.org\/wordpress\/#\/schema\/person\/39b853679289f55293e37b53abdfb35e","name":"Madeleine Porr","image":{"@type":"ImageObject","inLanguage":"de","@id":"https:\/\/secure.gravatar.com\/avatar\/220f262381e6da1a53e3f4626f455dc2c5f03e3a01d49b4ee64a83051cd54bb1?s=96&d=identicon&r=g","url":"https:\/\/secure.gravatar.com\/avatar\/220f262381e6da1a53e3f4626f455dc2c5f03e3a01d49b4ee64a83051cd54bb1?s=96&d=identicon&r=g","contentUrl":"https:\/\/secure.gravatar.com\/avatar\/220f262381e6da1a53e3f4626f455dc2c5f03e3a01d49b4ee64a83051cd54bb1?s=96&d=identicon&r=g","caption":"Madeleine Porr"},"url":"https:\/\/www.el-pan-alegre.org\/wordpress\/author\/madeleine\/"}]}},"jetpack_publicize_connections":[],"jetpack_featured_media_url":"","jetpack_sharing_enabled":true,"jetpack_shortlink":"https:\/\/wp.me\/p62TDh-og","jetpack-related-posts":[{"id":2318,"url":"https:\/\/www.el-pan-alegre.org\/wordpress\/2318-el-2020-con-nueva-alegria\/","url_meta":{"origin":1504,"position":0},"title":"El 2020 con nueva Alegr\u00eda","author":"Madeleine Porr","date":"8. M\u00e4rz 2020","format":false,"excerpt":"As\u00ed como no cesan de crecer y germinar las semillitas de amaranto tan chiquiticas, pero tambi\u00e9n tan fuertes y multibeneficiosas, creando alegr\u00eda en todo su alrededor, as\u00ed mismo nos pasa a nosotras las activistas del Medioambiente y Desarrollo Sostenible, sus fieles aliadas. No podemos dejar de seguir multiplicando informaciones, conocimientos\u2026","rel":"","context":"In &quot;Amaranth&quot;","block_context":{"text":"Amaranth","link":"https:\/\/www.el-pan-alegre.org\/wordpress\/kategorie\/amaranth\/"},"img":{"alt_text":"","src":"https:\/\/i0.wp.com\/www.el-pan-alegre.org\/wordpress\/wp-content\/uploads\/2020\/03\/Amaranto_en_2020-2-150x150.jpg?resize=350%2C200&ssl=1","width":350,"height":200},"classes":[]},{"id":28,"url":"https:\/\/www.el-pan-alegre.org\/wordpress\/28-el-proyecto-tahiti-se-convierte-en-el-proyecto-cuba-alegre\/","url_meta":{"origin":1504,"position":1},"title":"&#8222;El Proyecto Tahit\u00ed&#8220; &#038; &#8222;El Proyecto Cuba Alegre&#8220;","author":"Anja Mocker","date":"7. Februar 2013","format":false,"excerpt":"Habana-Cuba. Coloquio: \u201cHaciendo el futuro con fuerza local\u201d (\u201cEl Proyecto Tahit\u00ed\u201d se convierte en el \u201cProyecto Cuba Alegre\u201d) Invitaci\u00f3n a participar Del 19 al 21 de febrero de 2013, de 10 a.m. a 2 p.m., se realizar\u00e1, en la Asociaci\u00f3n Cubana de las Naciones Unidas (ACNU), 25 y J, El\u2026","rel":"","context":"In &quot;Abfall&quot;","block_context":{"text":"Abfall","link":"https:\/\/www.el-pan-alegre.org\/wordpress\/kategorie\/abfall\/"},"img":{"alt_text":"","src":"","width":0,"height":0},"classes":[]},{"id":2058,"url":"https:\/\/www.el-pan-alegre.org\/wordpress\/2058-un-2019-muy-feliz-y-fuerte\/","url_meta":{"origin":1504,"position":2},"title":"Un 2019 muy feliz y fuerte  &#8230;","author":"Madeleine Porr","date":"14. Januar 2019","format":false,"excerpt":"Nuevos talleres de amaranto en Berl\u00edn, en estrecho v\u00ednculo con las actividades hermanas en Habana.","rel":"","context":"In &quot;Amaranth&quot;","block_context":{"text":"Amaranth","link":"https:\/\/www.el-pan-alegre.org\/wordpress\/kategorie\/amaranth\/"},"img":{"alt_text":"","src":"https:\/\/i0.wp.com\/www.el-pan-alegre.org\/wordpress\/wp-content\/uploads\/2019\/01\/Pensar_sostenible.jpg?resize=350%2C200&ssl=1","width":350,"height":200,"srcset":"https:\/\/i0.wp.com\/www.el-pan-alegre.org\/wordpress\/wp-content\/uploads\/2019\/01\/Pensar_sostenible.jpg?resize=350%2C200&ssl=1 1x, https:\/\/i0.wp.com\/www.el-pan-alegre.org\/wordpress\/wp-content\/uploads\/2019\/01\/Pensar_sostenible.jpg?resize=525%2C300&ssl=1 1.5x"},"classes":[]},{"id":15,"url":"https:\/\/www.el-pan-alegre.org\/wordpress\/15-ii-desde-arbol-de-vida-coloquio-haciendo-el-futuro-con-fuerza-local-en-el-camino-hacia-la-sostenibilidad\/","url_meta":{"origin":1504,"position":3},"title":"(II) &#8211; Desde \u00c1rbol de Vida- Coloquio \u201cHaciendo el futuro con fuerza local\u201d en el camino hacia la sostenibilidad &#8230;","author":"Anja Mocker","date":"12. M\u00e4rz 2013","format":false,"excerpt":"El Coloquio \u201cHaciendo el futuro con fuerza local\u201d comenz\u00f3 sus sesiones de trabajo una vez concluida la presentaci\u00f3n del libro El Proyecto Tahit\u00ed. Los panelistas fueron: - En \u201cSeguridad Alimentaria\u201d, 19 de febrero: Roland Hoffmann-Bahnsen (Alemania), Eduardo Ortega Delgado (Cuba), Francisco Bonilla (M\u00e9xico), Nuria Costa Leonardo (M\u00e9xico). - En \u201cAbastecimiento\u2026","rel":"","context":"In &quot;Amaranth&quot;","block_context":{"text":"Amaranth","link":"https:\/\/www.el-pan-alegre.org\/wordpress\/kategorie\/amaranth\/"},"img":{"alt_text":"","src":"","width":0,"height":0},"classes":[]},{"id":2015,"url":"https:\/\/www.el-pan-alegre.org\/wordpress\/2015-obsequio-valioso-desde-los-andes\/","url_meta":{"origin":1504,"position":4},"title":"Obsequio valioso desde los Andes","author":"Madeleine Porr","date":"16. Oktober 2018","format":false,"excerpt":"Domingo, 7 de octubre de 2018, 2 p.m., en el festival berlin\u00e9s \"Stadt Land Food\" (\"Ciudad Campo Comida\") alrededor del Mercado Nueve, en el municipio de Kreuzberg. Aqu\u00ed tengo un compromiso con el chef de cocina internacional, el peruano Frank M\u00e1laga\u00a0del \u00c1guila. En cooperaci\u00f3n con Slow Food, \u00e9l hab\u00eda viajado\u2026","rel":"","context":"In &quot;Allgemein&quot;","block_context":{"text":"Allgemein","link":"https:\/\/www.el-pan-alegre.org\/wordpress\/kategorie\/allgemein\/"},"img":{"alt_text":"","src":"https:\/\/i0.wp.com\/www.el-pan-alegre.org\/wordpress\/wp-content\/uploads\/2018\/12\/Frank_Malaga1-300x210.jpg?resize=350%2C200","width":350,"height":200},"classes":[]},{"id":62,"url":"https:\/\/www.el-pan-alegre.org\/wordpress\/62-1er-torneo-de-scrabble-medioambiental-en-cuba-y-alemania\/","url_meta":{"origin":1504,"position":5},"title":"1er Torneo de Scrabble Medioambiental en Cuba y Alemania","author":"Anja Mocker","date":"28. Juni 2011","format":false,"excerpt":"\u00a0 \u00a0 \u00a0 \u00a1Qu\u00e9 divertida ha sido para l@s ni\u00f1@s, sus maestras y nosotras de El Pan Alegre esa actividad en las v\u00edsperas del D\u00eda Internacional del Ni\u00f1o y del Medio Ambiente! \u00bfSe acuerdan? En nuestro art\u00edculo acerca del mayo europeo en el FEZ les hab\u00eda contado que iban a\u2026","rel":"","context":"In &quot;Amaranth&quot;","block_context":{"text":"Amaranth","link":"https:\/\/www.el-pan-alegre.org\/wordpress\/kategorie\/amaranth\/"},"img":{"alt_text":"","src":"https:\/\/i0.wp.com\/www.el-pan-alegre.org\/wordpress\/wp-content\/uploads\/2011\/06\/Scrabble_medioambiental.jpg?resize=350%2C200&ssl=1","width":350,"height":200,"srcset":"https:\/\/i0.wp.com\/www.el-pan-alegre.org\/wordpress\/wp-content\/uploads\/2011\/06\/Scrabble_medioambiental.jpg?resize=350%2C200&ssl=1 1x, https:\/\/i0.wp.com\/www.el-pan-alegre.org\/wordpress\/wp-content\/uploads\/2011\/06\/Scrabble_medioambiental.jpg?resize=525%2C300&ssl=1 1.5x, https:\/\/i0.wp.com\/www.el-pan-alegre.org\/wordpress\/wp-content\/uploads\/2011\/06\/Scrabble_medioambiental.jpg?resize=700%2C400&ssl=1 2x"},"classes":[]}],"_links":{"self":[{"href":"https:\/\/www.el-pan-alegre.org\/wordpress\/wp-json\/wp\/v2\/posts\/1504","targetHints":{"allow":["GET"]}}],"collection":[{"href":"https:\/\/www.el-pan-alegre.org\/wordpress\/wp-json\/wp\/v2\/posts"}],"about":[{"href":"https:\/\/www.el-pan-alegre.org\/wordpress\/wp-json\/wp\/v2\/types\/post"}],"author":[{"embeddable":true,"href":"https:\/\/www.el-pan-alegre.org\/wordpress\/wp-json\/wp\/v2\/users\/2"}],"replies":[{"embeddable":true,"href":"https:\/\/www.el-pan-alegre.org\/wordpress\/wp-json\/wp\/v2\/comments?post=1504"}],"version-history":[{"count":1,"href":"https:\/\/www.el-pan-alegre.org\/wordpress\/wp-json\/wp\/v2\/posts\/1504\/revisions"}],"predecessor-version":[{"id":1505,"href":"https:\/\/www.el-pan-alegre.org\/wordpress\/wp-json\/wp\/v2\/posts\/1504\/revisions\/1505"}],"wp:attachment":[{"href":"https:\/\/www.el-pan-alegre.org\/wordpress\/wp-json\/wp\/v2\/media?parent=1504"}],"wp:term":[{"taxonomy":"category","embeddable":true,"href":"https:\/\/www.el-pan-alegre.org\/wordpress\/wp-json\/wp\/v2\/categories?post=1504"},{"taxonomy":"post_tag","embeddable":true,"href":"https:\/\/www.el-pan-alegre.org\/wordpress\/wp-json\/wp\/v2\/tags?post=1504"}],"curies":[{"name":"wp","href":"https:\/\/api.w.org\/{rel}","templated":true}]}}