{"id":1379,"date":"2016-04-21T19:57:19","date_gmt":"2016-04-21T17:57:19","guid":{"rendered":"http:\/\/www.el-pan-alegre.org\/wordpress\/?p=1379"},"modified":"2016-04-21T20:34:17","modified_gmt":"2016-04-21T18:34:17","slug":"dicke-glueckwuensche-nach-kuba","status":"publish","type":"post","link":"https:\/\/www.el-pan-alegre.org\/wordpress\/1379-dicke-glueckwuensche-nach-kuba\/","title":{"rendered":"Dicke Gl\u00fcckw\u00fcnsche nach Kuba!"},"content":{"rendered":"<p><strong>18. April 2016 \u2013<\/strong><br \/>\n<strong> 3. Treffen des Sozialen Netzwerks Haciendo Almas<\/strong><\/p>\n<p><a href=\"http:\/\/www.el-pan-alegre.org\/wordpress\/wp-content\/uploads\/2016\/04\/03.jpg\"><img loading=\"lazy\" decoding=\"async\" class=\"  wp-image-1381 alignnone\" src=\"http:\/\/www.el-pan-alegre.org\/wordpress\/wp-content\/uploads\/2016\/04\/03-300x158.jpg\" alt=\"03\" width=\"425\" height=\"230\" \/><\/a><\/p>\n<p>Dieser Blogbeitrag ist allen Mitgliedern unserer Familie Haciendo Almas gewidmet, die dieses Jahr ihren 20. Geburtstag feiert; vor allem aber ist er Eugenio Blanco Rodr\u00edguez \u2013 LUDOVICO \u2013 gewidmet, der mit der Gr\u00fcndung der Banco de Ideas Z \/ Ideenbank Z von El Carmelo im Bezirk Vedado von Havanna aus 1995\/96 begann, \u201ezu f\u00f6rdern, zu unterst\u00fctzen, einzuladen und anzuregen: das Bed\u00fcrfnis zu arbeiten, zu helfen, sch\u00f6pferisch t\u00e4tig zu sein &#8230;\u201c.<\/p>\n<p>Ebenso m\u00f6chte ich Miguel \u201eIskra\u201c begl\u00fcckw\u00fcnschen zum 10. Geburtstag der Internetplattform Haciendo Almas, au\u00dferdem Celia (\u201eTeatro espont\u00e1neo terape\u00fatico\u201c) und Alba (\u201e\u00c1rbol de vida\u201c) \u2013 insbesondere zur Koordination und Organisation dieses wundervollen Treffens \u2013 und Alodia Su\u00e1rez, die Direktorin der Grundschule Ormani Arenado Llonch, Partnerschule der UNESCO, f\u00fcr ihr herzliches Willkommen in der Aula ihrer Schule!<\/p>\n<p><a href=\"http:\/\/www.el-pan-alegre.org\/wordpress\/wp-content\/uploads\/2016\/04\/02.jpg\"><img loading=\"lazy\" decoding=\"async\" class=\" size-medium wp-image-1382 alignnone\" src=\"http:\/\/www.el-pan-alegre.org\/wordpress\/wp-content\/uploads\/2016\/04\/02-300x193.jpg\" alt=\"02\" width=\"300\" height=\"193\" srcset=\"https:\/\/www.el-pan-alegre.org\/wordpress\/wp-content\/uploads\/2016\/04\/02-300x193.jpg 300w, https:\/\/www.el-pan-alegre.org\/wordpress\/wp-content\/uploads\/2016\/04\/02-467x300.jpg 467w, https:\/\/www.el-pan-alegre.org\/wordpress\/wp-content\/uploads\/2016\/04\/02.jpg 734w\" sizes=\"auto, (max-width: 300px) 100vw, 300px\" \/><\/a><\/p>\n<p><!--more-->Als Schwerpunkt dieses Treffens hatte Alba den Internationalen Tag der Erde gew\u00e4hlt (22. April) und zu einer Hommage an die Pachamama, die Erdg\u00f6ttin der indigenen V\u00f6lker Amerikas, aufgerufen. Wir diskutierten \u2013 inspiriert von einigen wundervoll detailreichen bildlichen Darstellungen der G\u00f6ttin \u2013 \u00fcber m\u00f6gliche Ratschl\u00e4ge, die die Pachamama f\u00fcr uns haben k\u00f6nnte hinsichtlich der fortschreitenden Zerst\u00f6rung unserer Lebensgrundlagen.<\/p>\n<p><a href=\"http:\/\/www.el-pan-alegre.org\/wordpress\/wp-content\/uploads\/2016\/04\/01.jpg\"><img loading=\"lazy\" decoding=\"async\" class=\"  wp-image-1384 alignnone\" src=\"http:\/\/www.el-pan-alegre.org\/wordpress\/wp-content\/uploads\/2016\/04\/01-300x300.jpg\" alt=\"01\" width=\"171\" height=\"171\" srcset=\"https:\/\/www.el-pan-alegre.org\/wordpress\/wp-content\/uploads\/2016\/04\/01-300x300.jpg 300w, https:\/\/www.el-pan-alegre.org\/wordpress\/wp-content\/uploads\/2016\/04\/01-150x150.jpg 150w, https:\/\/www.el-pan-alegre.org\/wordpress\/wp-content\/uploads\/2016\/04\/01-301x300.jpg 301w, https:\/\/www.el-pan-alegre.org\/wordpress\/wp-content\/uploads\/2016\/04\/01.jpg 313w\" sizes=\"auto, (max-width: 171px) 100vw, 171px\" \/><\/a><a href=\"http:\/\/www.el-pan-alegre.org\/wordpress\/wp-content\/uploads\/2016\/04\/05.jpg\"><img loading=\"lazy\" decoding=\"async\" class=\"  wp-image-1386 alignnone\" src=\"http:\/\/www.el-pan-alegre.org\/wordpress\/wp-content\/uploads\/2016\/04\/05-300x300.jpg\" alt=\"05\" width=\"170\" height=\"170\" srcset=\"https:\/\/www.el-pan-alegre.org\/wordpress\/wp-content\/uploads\/2016\/04\/05-300x300.jpg 300w, https:\/\/www.el-pan-alegre.org\/wordpress\/wp-content\/uploads\/2016\/04\/05-150x150.jpg 150w, https:\/\/www.el-pan-alegre.org\/wordpress\/wp-content\/uploads\/2016\/04\/05.jpg 769w\" sizes=\"auto, (max-width: 170px) 100vw, 170px\" \/><\/a><a href=\"http:\/\/www.el-pan-alegre.org\/wordpress\/wp-content\/uploads\/2016\/04\/04.jpg\"><img loading=\"lazy\" decoding=\"async\" class=\"  wp-image-1385 alignnone\" src=\"http:\/\/www.el-pan-alegre.org\/wordpress\/wp-content\/uploads\/2016\/04\/04-252x300.jpg\" alt=\"04\" width=\"143\" height=\"168\" \/><\/a><\/p>\n<p>Neben vielen Reflexionen und praktischen Ideen haben wir dann da die Spiritualit\u00e4t hervorgehoben, die die unabdingbare Partnerin der technischen bzw. materiellen Entwicklung im allgemeinen sein muss (wir sind schlie\u00dflich keine Roboter); und wir haben an die Weisheit der Vorfahren, der pr\u00e4kolumbischen Hochkulturen, erinnert, die in intelligenter Harmonie insbesondere mit der Natur lebten und nichts produzierten, was nicht hinterher auch auf nat\u00fcrlichem Weg \u201everdaut\u201c werden konnte (weshalb wir zum Beispiel dringend aufh\u00f6ren m\u00fcssen, Plastikprodukte herzustellen und zu verwenden: Schon ersticken die Fische im Meer an ihren Resten und bald werden auch wir das tun).<\/p>\n<p><a href=\"http:\/\/www.el-pan-alegre.org\/wordpress\/wp-content\/uploads\/2016\/04\/06.jpg\"><img loading=\"lazy\" decoding=\"async\" class=\"  wp-image-1389 alignnone\" src=\"http:\/\/www.el-pan-alegre.org\/wordpress\/wp-content\/uploads\/2016\/04\/06-300x203.jpg\" alt=\"06\" width=\"268\" height=\"185\" \/><\/a><a href=\"http:\/\/www.el-pan-alegre.org\/wordpress\/wp-content\/uploads\/2016\/04\/07.jpg\"><img loading=\"lazy\" decoding=\"async\" class=\"  wp-image-1388 alignnone\" src=\"http:\/\/www.el-pan-alegre.org\/wordpress\/wp-content\/uploads\/2016\/04\/07-300x198.jpg\" alt=\"07\" width=\"274\" height=\"184\" \/><\/a><\/p>\n<p>Nach einer Pause mit Geburtstagskuchen und leckerem Mangosaft (aus Mangomarmelade) hat dann Alba noch das Wort an mich weitergereicht, damit ich nach zweij\u00e4hriger Abwesenheit den Anwesenden den letzten Stand von <a href=\"http:\/\/www.el-pan-alegre.org\/wordpress\/verein\/was-wollen-wir\/unsere-werte-und-ziele\/\">EL PAN ALEGRE<\/a> erz\u00e4hlen und \u00fcber die vielf\u00e4ltigen Eigenschaften jener wunderbaren Pflanze sprechen konnte, die auf der ganzen Erde w\u00e4chst (auch auf kubanischem Boden) und von den Vereinten Nationen zur Bek\u00e4mpfung des Welthungers empfohlen ist: <a href=\"http:\/\/www.el-pan-alegre.org\/wordpress\/wissen\/themen\/amaranth\/\">Amaranth<\/a>.<\/p>\n<p><a href=\"http:\/\/www.el-pan-alegre.org\/wordpress\/wp-content\/uploads\/2016\/04\/09.jpg\"><img loading=\"lazy\" decoding=\"async\" class=\"  wp-image-1391 alignnone\" src=\"http:\/\/www.el-pan-alegre.org\/wordpress\/wp-content\/uploads\/2016\/04\/09-300x128.jpg\" alt=\"09\" width=\"380\" height=\"169\" \/><\/a> <a href=\"http:\/\/www.el-pan-alegre.org\/wordpress\/wp-content\/uploads\/2016\/04\/08.jpg\"><img loading=\"lazy\" decoding=\"async\" class=\"  wp-image-1392 alignnone\" src=\"http:\/\/www.el-pan-alegre.org\/wordpress\/wp-content\/uploads\/2016\/04\/08-226x300.jpg\" alt=\"08\" width=\"123\" height=\"160\" \/><\/a><\/p>\n<p>Naja, und wer mich kennt, wei\u00df, was ich f\u00fcr eine riesige Freude empfunden habe, wieder im Kreis meiner Haciendo-Almas-Familie zu sein und dann auch noch \u00fcber diesen Schatz reden zu k\u00f6nnen \u2026<\/p>\n<p>Wir hatten einen wundersch\u00f6nen Nachmittag!<\/p>\n<p>Seid herzlichst und wie immer voller Fr\u00f6hlichkeit gegr\u00fc\u00dft von:<br \/>\nMadeleine Porr \/ El Pan Alegre \u2013 Das Fr\u00f6hliche Brot<br \/>\nHavanna &#8211; Cuba<\/p>\n","protected":false},"excerpt":{"rendered":"<p>18. April 2016 \u2013 3. Treffen des Sozialen Netzwerks Haciendo Almas Dieser Blogbeitrag ist allen Mitgliedern unserer Familie Haciendo Almas gewidmet, die dieses Jahr ihren 20. Geburtstag feiert; vor allem aber ist er Eugenio Blanco Rodr\u00edguez \u2013 LUDOVICO \u2013 gewidmet, &hellip; <a href=\"https:\/\/www.el-pan-alegre.org\/wordpress\/1379-dicke-glueckwuensche-nach-kuba\/\">Weiterlesen <span class=\"meta-nav\">&rarr;<\/span><\/a><\/p>\n","protected":false},"author":2,"featured_media":1393,"comment_status":"open","ping_status":"open","sticky":false,"template":"","format":"standard","meta":{"jetpack_post_was_ever_published":false,"_jetpack_newsletter_access":"","_jetpack_dont_email_post_to_subs":false,"_jetpack_newsletter_tier_id":0,"_jetpack_memberships_contains_paywalled_content":false,"_jetpack_memberships_contains_paid_content":false,"footnotes":"","jetpack_publicize_message":"","jetpack_publicize_feature_enabled":true,"jetpack_social_post_already_shared":true,"jetpack_social_options":{"image_generator_settings":{"template":"highway","default_image_id":0,"font":"","enabled":false},"version":2}},"categories":[1,16,3,23,6,5,2,44,15,37,4],"tags":[],"class_list":["post-1379","post","type-post","status-publish","format-standard","has-post-thumbnail","hentry","category-allgemein","category-amaranth","category-cuba","category-fotos","category-information","category-kommunikation","category-oeffentlichkeitsarbeit","category-plastik","category-schulen","category-unesco","category-veranstaltung"],"yoast_head":"<!-- This site is optimized with the Yoast SEO plugin v27.5 - https:\/\/yoast.com\/product\/yoast-seo-wordpress\/ -->\n<title>Dicke Gl\u00fcckw\u00fcnsche nach Kuba! - El Pan Alegre<\/title>\n<meta name=\"robots\" content=\"index, follow, max-snippet:-1, max-image-preview:large, max-video-preview:-1\" \/>\n<link rel=\"canonical\" href=\"https:\/\/www.el-pan-alegre.org\/wordpress\/1379-dicke-glueckwuensche-nach-kuba\/\" \/>\n<meta property=\"og:locale\" content=\"de_DE\" \/>\n<meta property=\"og:type\" content=\"article\" \/>\n<meta property=\"og:title\" content=\"Dicke Gl\u00fcckw\u00fcnsche nach Kuba! - El Pan Alegre\" \/>\n<meta property=\"og:description\" content=\"18. April 2016 \u2013 3. Treffen des Sozialen Netzwerks Haciendo Almas Dieser Blogbeitrag ist allen Mitgliedern unserer Familie Haciendo Almas gewidmet, die dieses Jahr ihren 20. Geburtstag feiert; vor allem aber ist er Eugenio Blanco Rodr\u00edguez \u2013 LUDOVICO \u2013 gewidmet, &hellip; Weiterlesen &rarr;\" \/>\n<meta property=\"og:url\" content=\"https:\/\/www.el-pan-alegre.org\/wordpress\/1379-dicke-glueckwuensche-nach-kuba\/\" \/>\n<meta property=\"og:site_name\" content=\"El Pan Alegre\" \/>\n<meta property=\"article:published_time\" content=\"2016-04-21T17:57:19+00:00\" \/>\n<meta property=\"article:modified_time\" content=\"2016-04-21T18:34:17+00:00\" \/>\n<meta property=\"og:image\" content=\"https:\/\/www.el-pan-alegre.org\/wordpress\/wp-content\/uploads\/2016\/04\/031.jpg\" \/>\n\t<meta property=\"og:image:width\" content=\"1024\" \/>\n\t<meta property=\"og:image:height\" content=\"540\" \/>\n\t<meta property=\"og:image:type\" content=\"image\/jpeg\" \/>\n<meta name=\"author\" content=\"Madeleine Porr\" \/>\n<meta name=\"twitter:card\" content=\"summary_large_image\" \/>\n<meta name=\"twitter:label1\" content=\"Verfasst von\" \/>\n\t<meta name=\"twitter:data1\" content=\"Madeleine Porr\" \/>\n\t<meta name=\"twitter:label2\" content=\"Gesch\u00e4tzte Lesezeit\" \/>\n\t<meta name=\"twitter:data2\" content=\"2\u00a0Minuten\" \/>\n<script type=\"application\/ld+json\" class=\"yoast-schema-graph\">{\"@context\":\"https:\\\/\\\/schema.org\",\"@graph\":[{\"@type\":\"Article\",\"@id\":\"https:\\\/\\\/www.el-pan-alegre.org\\\/wordpress\\\/1379-dicke-glueckwuensche-nach-kuba\\\/#article\",\"isPartOf\":{\"@id\":\"https:\\\/\\\/www.el-pan-alegre.org\\\/wordpress\\\/1379-dicke-glueckwuensche-nach-kuba\\\/\"},\"author\":{\"name\":\"Madeleine Porr\",\"@id\":\"https:\\\/\\\/www.el-pan-alegre.org\\\/wordpress\\\/#\\\/schema\\\/person\\\/39b853679289f55293e37b53abdfb35e\"},\"headline\":\"Dicke Gl\u00fcckw\u00fcnsche nach Kuba!\",\"datePublished\":\"2016-04-21T17:57:19+00:00\",\"dateModified\":\"2016-04-21T18:34:17+00:00\",\"mainEntityOfPage\":{\"@id\":\"https:\\\/\\\/www.el-pan-alegre.org\\\/wordpress\\\/1379-dicke-glueckwuensche-nach-kuba\\\/\"},\"wordCount\":439,\"commentCount\":0,\"image\":{\"@id\":\"https:\\\/\\\/www.el-pan-alegre.org\\\/wordpress\\\/1379-dicke-glueckwuensche-nach-kuba\\\/#primaryimage\"},\"thumbnailUrl\":\"https:\\\/\\\/www.el-pan-alegre.org\\\/wordpress\\\/wp-content\\\/uploads\\\/2016\\\/04\\\/031.jpg\",\"articleSection\":{\"1\":\"Amaranth\",\"2\":\"Cuba\",\"3\":\"Fotos\",\"4\":\"Information\",\"5\":\"Kommunikation\",\"6\":\"\u00d6ffentlichkeitsarbeit\",\"7\":\"Plastik\",\"8\":\"Schulen\",\"9\":\"UNESCO\",\"10\":\"Veranstaltung\"},\"inLanguage\":\"de\",\"potentialAction\":[{\"@type\":\"CommentAction\",\"name\":\"Comment\",\"target\":[\"https:\\\/\\\/www.el-pan-alegre.org\\\/wordpress\\\/1379-dicke-glueckwuensche-nach-kuba\\\/#respond\"]}]},{\"@type\":\"WebPage\",\"@id\":\"https:\\\/\\\/www.el-pan-alegre.org\\\/wordpress\\\/1379-dicke-glueckwuensche-nach-kuba\\\/\",\"url\":\"https:\\\/\\\/www.el-pan-alegre.org\\\/wordpress\\\/1379-dicke-glueckwuensche-nach-kuba\\\/\",\"name\":\"Dicke Gl\u00fcckw\u00fcnsche nach Kuba! - El Pan Alegre\",\"isPartOf\":{\"@id\":\"https:\\\/\\\/www.el-pan-alegre.org\\\/wordpress\\\/#website\"},\"primaryImageOfPage\":{\"@id\":\"https:\\\/\\\/www.el-pan-alegre.org\\\/wordpress\\\/1379-dicke-glueckwuensche-nach-kuba\\\/#primaryimage\"},\"image\":{\"@id\":\"https:\\\/\\\/www.el-pan-alegre.org\\\/wordpress\\\/1379-dicke-glueckwuensche-nach-kuba\\\/#primaryimage\"},\"thumbnailUrl\":\"https:\\\/\\\/www.el-pan-alegre.org\\\/wordpress\\\/wp-content\\\/uploads\\\/2016\\\/04\\\/031.jpg\",\"datePublished\":\"2016-04-21T17:57:19+00:00\",\"dateModified\":\"2016-04-21T18:34:17+00:00\",\"author\":{\"@id\":\"https:\\\/\\\/www.el-pan-alegre.org\\\/wordpress\\\/#\\\/schema\\\/person\\\/39b853679289f55293e37b53abdfb35e\"},\"breadcrumb\":{\"@id\":\"https:\\\/\\\/www.el-pan-alegre.org\\\/wordpress\\\/1379-dicke-glueckwuensche-nach-kuba\\\/#breadcrumb\"},\"inLanguage\":\"de\",\"potentialAction\":[{\"@type\":\"ReadAction\",\"target\":[\"https:\\\/\\\/www.el-pan-alegre.org\\\/wordpress\\\/1379-dicke-glueckwuensche-nach-kuba\\\/\"]}]},{\"@type\":\"ImageObject\",\"inLanguage\":\"de\",\"@id\":\"https:\\\/\\\/www.el-pan-alegre.org\\\/wordpress\\\/1379-dicke-glueckwuensche-nach-kuba\\\/#primaryimage\",\"url\":\"https:\\\/\\\/www.el-pan-alegre.org\\\/wordpress\\\/wp-content\\\/uploads\\\/2016\\\/04\\\/031.jpg\",\"contentUrl\":\"https:\\\/\\\/www.el-pan-alegre.org\\\/wordpress\\\/wp-content\\\/uploads\\\/2016\\\/04\\\/031.jpg\",\"width\":1024,\"height\":540},{\"@type\":\"BreadcrumbList\",\"@id\":\"https:\\\/\\\/www.el-pan-alegre.org\\\/wordpress\\\/1379-dicke-glueckwuensche-nach-kuba\\\/#breadcrumb\",\"itemListElement\":[{\"@type\":\"ListItem\",\"position\":1,\"name\":\"Home\",\"item\":\"https:\\\/\\\/www.el-pan-alegre.org\\\/wordpress\\\/\"},{\"@type\":\"ListItem\",\"position\":2,\"name\":\"Dicke Gl\u00fcckw\u00fcnsche nach Kuba!\"}]},{\"@type\":\"WebSite\",\"@id\":\"https:\\\/\\\/www.el-pan-alegre.org\\\/wordpress\\\/#website\",\"url\":\"https:\\\/\\\/www.el-pan-alegre.org\\\/wordpress\\\/\",\"name\":\"El Pan Alegre\",\"description\":\"Das Fr\u00f6hliche Brot\",\"potentialAction\":[{\"@type\":\"SearchAction\",\"target\":{\"@type\":\"EntryPoint\",\"urlTemplate\":\"https:\\\/\\\/www.el-pan-alegre.org\\\/wordpress\\\/?s={search_term_string}\"},\"query-input\":{\"@type\":\"PropertyValueSpecification\",\"valueRequired\":true,\"valueName\":\"search_term_string\"}}],\"inLanguage\":\"de\"},{\"@type\":\"Person\",\"@id\":\"https:\\\/\\\/www.el-pan-alegre.org\\\/wordpress\\\/#\\\/schema\\\/person\\\/39b853679289f55293e37b53abdfb35e\",\"name\":\"Madeleine Porr\",\"image\":{\"@type\":\"ImageObject\",\"inLanguage\":\"de\",\"@id\":\"https:\\\/\\\/secure.gravatar.com\\\/avatar\\\/220f262381e6da1a53e3f4626f455dc2c5f03e3a01d49b4ee64a83051cd54bb1?s=96&d=identicon&r=g\",\"url\":\"https:\\\/\\\/secure.gravatar.com\\\/avatar\\\/220f262381e6da1a53e3f4626f455dc2c5f03e3a01d49b4ee64a83051cd54bb1?s=96&d=identicon&r=g\",\"contentUrl\":\"https:\\\/\\\/secure.gravatar.com\\\/avatar\\\/220f262381e6da1a53e3f4626f455dc2c5f03e3a01d49b4ee64a83051cd54bb1?s=96&d=identicon&r=g\",\"caption\":\"Madeleine Porr\"},\"url\":\"https:\\\/\\\/www.el-pan-alegre.org\\\/wordpress\\\/author\\\/madeleine\\\/\"}]}<\/script>\n<!-- \/ Yoast SEO plugin. -->","yoast_head_json":{"title":"Dicke Gl\u00fcckw\u00fcnsche nach Kuba! - El Pan Alegre","robots":{"index":"index","follow":"follow","max-snippet":"max-snippet:-1","max-image-preview":"max-image-preview:large","max-video-preview":"max-video-preview:-1"},"canonical":"https:\/\/www.el-pan-alegre.org\/wordpress\/1379-dicke-glueckwuensche-nach-kuba\/","og_locale":"de_DE","og_type":"article","og_title":"Dicke Gl\u00fcckw\u00fcnsche nach Kuba! - El Pan Alegre","og_description":"18. April 2016 \u2013 3. Treffen des Sozialen Netzwerks Haciendo Almas Dieser Blogbeitrag ist allen Mitgliedern unserer Familie Haciendo Almas gewidmet, die dieses Jahr ihren 20. Geburtstag feiert; vor allem aber ist er Eugenio Blanco Rodr\u00edguez \u2013 LUDOVICO \u2013 gewidmet, &hellip; Weiterlesen &rarr;","og_url":"https:\/\/www.el-pan-alegre.org\/wordpress\/1379-dicke-glueckwuensche-nach-kuba\/","og_site_name":"El Pan Alegre","article_published_time":"2016-04-21T17:57:19+00:00","article_modified_time":"2016-04-21T18:34:17+00:00","og_image":[{"width":1024,"height":540,"url":"https:\/\/www.el-pan-alegre.org\/wordpress\/wp-content\/uploads\/2016\/04\/031.jpg","type":"image\/jpeg"}],"author":"Madeleine Porr","twitter_card":"summary_large_image","twitter_misc":{"Verfasst von":"Madeleine Porr","Gesch\u00e4tzte Lesezeit":"2\u00a0Minuten"},"schema":{"@context":"https:\/\/schema.org","@graph":[{"@type":"Article","@id":"https:\/\/www.el-pan-alegre.org\/wordpress\/1379-dicke-glueckwuensche-nach-kuba\/#article","isPartOf":{"@id":"https:\/\/www.el-pan-alegre.org\/wordpress\/1379-dicke-glueckwuensche-nach-kuba\/"},"author":{"name":"Madeleine Porr","@id":"https:\/\/www.el-pan-alegre.org\/wordpress\/#\/schema\/person\/39b853679289f55293e37b53abdfb35e"},"headline":"Dicke Gl\u00fcckw\u00fcnsche nach Kuba!","datePublished":"2016-04-21T17:57:19+00:00","dateModified":"2016-04-21T18:34:17+00:00","mainEntityOfPage":{"@id":"https:\/\/www.el-pan-alegre.org\/wordpress\/1379-dicke-glueckwuensche-nach-kuba\/"},"wordCount":439,"commentCount":0,"image":{"@id":"https:\/\/www.el-pan-alegre.org\/wordpress\/1379-dicke-glueckwuensche-nach-kuba\/#primaryimage"},"thumbnailUrl":"https:\/\/www.el-pan-alegre.org\/wordpress\/wp-content\/uploads\/2016\/04\/031.jpg","articleSection":{"1":"Amaranth","2":"Cuba","3":"Fotos","4":"Information","5":"Kommunikation","6":"\u00d6ffentlichkeitsarbeit","7":"Plastik","8":"Schulen","9":"UNESCO","10":"Veranstaltung"},"inLanguage":"de","potentialAction":[{"@type":"CommentAction","name":"Comment","target":["https:\/\/www.el-pan-alegre.org\/wordpress\/1379-dicke-glueckwuensche-nach-kuba\/#respond"]}]},{"@type":"WebPage","@id":"https:\/\/www.el-pan-alegre.org\/wordpress\/1379-dicke-glueckwuensche-nach-kuba\/","url":"https:\/\/www.el-pan-alegre.org\/wordpress\/1379-dicke-glueckwuensche-nach-kuba\/","name":"Dicke Gl\u00fcckw\u00fcnsche nach Kuba! - El Pan Alegre","isPartOf":{"@id":"https:\/\/www.el-pan-alegre.org\/wordpress\/#website"},"primaryImageOfPage":{"@id":"https:\/\/www.el-pan-alegre.org\/wordpress\/1379-dicke-glueckwuensche-nach-kuba\/#primaryimage"},"image":{"@id":"https:\/\/www.el-pan-alegre.org\/wordpress\/1379-dicke-glueckwuensche-nach-kuba\/#primaryimage"},"thumbnailUrl":"https:\/\/www.el-pan-alegre.org\/wordpress\/wp-content\/uploads\/2016\/04\/031.jpg","datePublished":"2016-04-21T17:57:19+00:00","dateModified":"2016-04-21T18:34:17+00:00","author":{"@id":"https:\/\/www.el-pan-alegre.org\/wordpress\/#\/schema\/person\/39b853679289f55293e37b53abdfb35e"},"breadcrumb":{"@id":"https:\/\/www.el-pan-alegre.org\/wordpress\/1379-dicke-glueckwuensche-nach-kuba\/#breadcrumb"},"inLanguage":"de","potentialAction":[{"@type":"ReadAction","target":["https:\/\/www.el-pan-alegre.org\/wordpress\/1379-dicke-glueckwuensche-nach-kuba\/"]}]},{"@type":"ImageObject","inLanguage":"de","@id":"https:\/\/www.el-pan-alegre.org\/wordpress\/1379-dicke-glueckwuensche-nach-kuba\/#primaryimage","url":"https:\/\/www.el-pan-alegre.org\/wordpress\/wp-content\/uploads\/2016\/04\/031.jpg","contentUrl":"https:\/\/www.el-pan-alegre.org\/wordpress\/wp-content\/uploads\/2016\/04\/031.jpg","width":1024,"height":540},{"@type":"BreadcrumbList","@id":"https:\/\/www.el-pan-alegre.org\/wordpress\/1379-dicke-glueckwuensche-nach-kuba\/#breadcrumb","itemListElement":[{"@type":"ListItem","position":1,"name":"Home","item":"https:\/\/www.el-pan-alegre.org\/wordpress\/"},{"@type":"ListItem","position":2,"name":"Dicke Gl\u00fcckw\u00fcnsche nach Kuba!"}]},{"@type":"WebSite","@id":"https:\/\/www.el-pan-alegre.org\/wordpress\/#website","url":"https:\/\/www.el-pan-alegre.org\/wordpress\/","name":"El Pan Alegre","description":"Das Fr\u00f6hliche Brot","potentialAction":[{"@type":"SearchAction","target":{"@type":"EntryPoint","urlTemplate":"https:\/\/www.el-pan-alegre.org\/wordpress\/?s={search_term_string}"},"query-input":{"@type":"PropertyValueSpecification","valueRequired":true,"valueName":"search_term_string"}}],"inLanguage":"de"},{"@type":"Person","@id":"https:\/\/www.el-pan-alegre.org\/wordpress\/#\/schema\/person\/39b853679289f55293e37b53abdfb35e","name":"Madeleine Porr","image":{"@type":"ImageObject","inLanguage":"de","@id":"https:\/\/secure.gravatar.com\/avatar\/220f262381e6da1a53e3f4626f455dc2c5f03e3a01d49b4ee64a83051cd54bb1?s=96&d=identicon&r=g","url":"https:\/\/secure.gravatar.com\/avatar\/220f262381e6da1a53e3f4626f455dc2c5f03e3a01d49b4ee64a83051cd54bb1?s=96&d=identicon&r=g","contentUrl":"https:\/\/secure.gravatar.com\/avatar\/220f262381e6da1a53e3f4626f455dc2c5f03e3a01d49b4ee64a83051cd54bb1?s=96&d=identicon&r=g","caption":"Madeleine Porr"},"url":"https:\/\/www.el-pan-alegre.org\/wordpress\/author\/madeleine\/"}]}},"jetpack_publicize_connections":[],"jetpack_featured_media_url":"https:\/\/www.el-pan-alegre.org\/wordpress\/wp-content\/uploads\/2016\/04\/031.jpg","jetpack_sharing_enabled":true,"jetpack_shortlink":"https:\/\/wp.me\/p62TDh-mf","jetpack-related-posts":[{"id":1410,"url":"https:\/\/www.el-pan-alegre.org\/wordpress\/1410-zum-geburtstag-amaranth\/","url_meta":{"origin":1379,"position":0},"title":"Zum Geburtstag AMARANTH","author":"Madeleine Porr","date":"11. Mai 2016","format":false,"excerpt":"9. Mai 2016 \u2013 4. Treffen des Sozialen Netzwerks Haciendo Almas Gleich nachdem ich beim 3. Treffen des Sozialen Netzwerks Haciendo Almas im April (s. dort) vom aktuellen Stand von EL PAN ALEGRE \u2013 DAS FR\u00d6HLICHE BROT erz\u00e4hlt hatte, hatte mich Celia, seine Koordinatorin, eingeladen, ein ganzes Treffen rund um\u2026","rel":"","context":"In &quot;Amaranth&quot;","block_context":{"text":"Amaranth","link":"https:\/\/www.el-pan-alegre.org\/wordpress\/kategorie\/amaranth\/"},"img":{"alt_text":"01","src":"https:\/\/i0.wp.com\/www.el-pan-alegre.org\/wordpress\/wp-content\/uploads\/2016\/05\/01-300x232.jpg?resize=350%2C200","width":350,"height":200},"classes":[]},{"id":1535,"url":"https:\/\/www.el-pan-alegre.org\/wordpress\/1535-der-froehliche-imbiss\/","url_meta":{"origin":1379,"position":1},"title":"\u201cDer Fr\u00f6hliche Imbiss\u201d","author":"Madeleine Porr","date":"31. August 2016","format":false,"excerpt":"M\u00e4chtig fr\u00f6hlich hatten wir\u2019s letzten Samstag bei mir zu Hause: Ich hatte aus dem nachbarschaftlichen Umfeld meiner Familie Haciendo Almas zu einer kleinen Verkostung ausgesuchter mexikanischer Amaranthprodukte eingeladen (Fotos 1-7), die sich ganz wunderbar auch in Kuba herstellen lie\u00dfen. Zu probieren gab es \u00b7 \u201eBatido de Alegr\u00eda\u201d (eine Erfrischungsgetr\u00e4nk-Fertigmischung aus\u2026","rel":"","context":"In &quot;Amaranth&quot;","block_context":{"text":"Amaranth","link":"https:\/\/www.el-pan-alegre.org\/wordpress\/kategorie\/amaranth\/"},"img":{"alt_text":"Kiosco_Alegre-1","src":"https:\/\/i0.wp.com\/www.el-pan-alegre.org\/wordpress\/wp-content\/uploads\/2016\/08\/Kiosco_Alegre-1-300x240.jpg?resize=350%2C200","width":350,"height":200},"classes":[]},{"id":108,"url":"https:\/\/www.el-pan-alegre.org\/wordpress\/108-wiedersehen-voller-freude\/","url_meta":{"origin":1379,"position":2},"title":"Wiedersehen voller Freude &#8230;","author":"Anja Mocker","date":"11. M\u00e4rz 2010","format":false,"excerpt":"von Madeleine Porr ... auch mit alten Bekannten, z.B. mit Bernardo, seit Jahren mit seiner Frau engagiert im Permakultur-Projekt \"Patio Comunitario El Canal\" im Cerro, einem der \u00e4ltesten Stadtbezirke Havannas, ... \u00a0 \u00a0 \u00a0 \u00a0 \u00a0 \u00a0 ... oder mit Luis B\u00e9rriz, dem Vorsitzenden von CUBASOLAR (er war einer der\u2026","rel":"","context":"In &quot;Amaranth&quot;","block_context":{"text":"Amaranth","link":"https:\/\/www.el-pan-alegre.org\/wordpress\/kategorie\/amaranth\/"},"img":{"alt_text":"","src":"https:\/\/i0.wp.com\/www.el-pan-alegre.org\/wordpress\/wp-content\/uploads\/2010\/03\/Bernardo.jpg?resize=350%2C200&ssl=1","width":350,"height":200,"srcset":"https:\/\/i0.wp.com\/www.el-pan-alegre.org\/wordpress\/wp-content\/uploads\/2010\/03\/Bernardo.jpg?resize=350%2C200&ssl=1 1x, https:\/\/i0.wp.com\/www.el-pan-alegre.org\/wordpress\/wp-content\/uploads\/2010\/03\/Bernardo.jpg?resize=525%2C300&ssl=1 1.5x, https:\/\/i0.wp.com\/www.el-pan-alegre.org\/wordpress\/wp-content\/uploads\/2010\/03\/Bernardo.jpg?resize=700%2C400&ssl=1 2x"},"classes":[]},{"id":14,"url":"https:\/\/www.el-pan-alegre.org\/wordpress\/14-el-proyecto-tahiti-wird-zu-el-proyecto-cuba-alegre-kuba-kolloquium-die-zukunft-gestalten-mit-lokaler-kraft\/","url_meta":{"origin":1379,"position":3},"title":"&#8222;El Proyecto Tahit\u00ed&#8220; wird zu &#8222;El Proyecto Cuba Alegre&#8220;: Kuba-Kolloquium &#8222;Die Zukunft gestalten mit lokaler Kraft!&#8220;","author":"Anja Mocker","date":"15. M\u00e4rz 2013","format":false,"excerpt":"(Bericht in Anlehnung an den spanischen Eintrag von M. Porr mit Fotos auf diesem Blog v. 08.03.13 und dessen \u00dcbersetzung durch den Equilibrismus e. V.) Der deutsche Science-Fiction-Roman \u201eDas Tahiti-Projekt\u201c von Dirk C. Fleck handelt von einer Insel, die sich inmitten der bewegten Zeiten, in denen wir gerade in allen\u2026","rel":"","context":"In &quot;Amaranth&quot;","block_context":{"text":"Amaranth","link":"https:\/\/www.el-pan-alegre.org\/wordpress\/kategorie\/amaranth\/"},"img":{"alt_text":"","src":"","width":0,"height":0},"classes":[]},{"id":66,"url":"https:\/\/www.el-pan-alegre.org\/wordpress\/66-der-europaeische-mai-im-fez-berlin\/","url_meta":{"origin":1379,"position":4},"title":"Der &#8222;Europ\u00e4ische Mai&#8220; im FEZ-Berlin","author":"Anja Mocker","date":"24. Mai 2011","format":false,"excerpt":"Jetzt im Mai rund um den Europatag am 9.5. ist unser Kooperations-partner FEZ-Berlin ganz auf Europa und die Welt ausgerichtet: Es begann mit dem \u201eEuropafest\u201c am Wochenende des 7.+8.5., dann folgte am 21.+22.5. das Deutsch-T\u00fcrkische Jugend- und Familienfest, und heute startet die Schulprojektwoche \u201eGlobalisierung im Fokus\u201c, vom 24.-27.5. Den Abschluss\u2026","rel":"","context":"In &quot;Amaranth&quot;","block_context":{"text":"Amaranth","link":"https:\/\/www.el-pan-alegre.org\/wordpress\/kategorie\/amaranth\/"},"img":{"alt_text":"","src":"https:\/\/i0.wp.com\/www.el-pan-alegre.org\/wordpress\/wp-content\/uploads\/2011\/05\/HA-01.jpg?resize=350%2C200&ssl=1","width":350,"height":200,"srcset":"https:\/\/i0.wp.com\/www.el-pan-alegre.org\/wordpress\/wp-content\/uploads\/2011\/05\/HA-01.jpg?resize=350%2C200&ssl=1 1x, https:\/\/i0.wp.com\/www.el-pan-alegre.org\/wordpress\/wp-content\/uploads\/2011\/05\/HA-01.jpg?resize=525%2C300&ssl=1 1.5x, https:\/\/i0.wp.com\/www.el-pan-alegre.org\/wordpress\/wp-content\/uploads\/2011\/05\/HA-01.jpg?resize=700%2C400&ssl=1 2x"},"classes":[]},{"id":120,"url":"https:\/\/www.el-pan-alegre.org\/wordpress\/120-120\/","url_meta":{"origin":1379,"position":5},"title":"Herzlichen Gl\u00fcckwunsch zum Geburtstag!Am 5.9.,\u2026","author":"Anja Mocker","date":"2. September 2009","format":false,"excerpt":"Herzlichen Gl\u00fcckwunsch zum Geburtstag!Am 5.9., dem kommenden Samstag, gibt es noch einen Termin zum Vormerken: den 15. Geburtstag von mob e.V. - obdachlose machen mobil, der neben all der anderen engagierten Arbeit auch Herausgeber der besten Zeitung in\/aus Berlin ist: des \"strassenfeger\"(s. auch Post v. 18.7.09).Ohne einen Pfennig staatlicher Unterst\u00fctzung\u2026","rel":"","context":"In &quot;Fotos&quot;","block_context":{"text":"Fotos","link":"https:\/\/www.el-pan-alegre.org\/wordpress\/kategorie\/fotos\/"},"img":{"alt_text":"","src":"https:\/\/i0.wp.com\/www.el-pan-alegre.org\/wordpress\/wp-content\/uploads\/2009\/09\/stra-fe18.jpg?resize=350%2C200&ssl=1","width":350,"height":200},"classes":[]}],"_links":{"self":[{"href":"https:\/\/www.el-pan-alegre.org\/wordpress\/wp-json\/wp\/v2\/posts\/1379","targetHints":{"allow":["GET"]}}],"collection":[{"href":"https:\/\/www.el-pan-alegre.org\/wordpress\/wp-json\/wp\/v2\/posts"}],"about":[{"href":"https:\/\/www.el-pan-alegre.org\/wordpress\/wp-json\/wp\/v2\/types\/post"}],"author":[{"embeddable":true,"href":"https:\/\/www.el-pan-alegre.org\/wordpress\/wp-json\/wp\/v2\/users\/2"}],"replies":[{"embeddable":true,"href":"https:\/\/www.el-pan-alegre.org\/wordpress\/wp-json\/wp\/v2\/comments?post=1379"}],"version-history":[{"count":7,"href":"https:\/\/www.el-pan-alegre.org\/wordpress\/wp-json\/wp\/v2\/posts\/1379\/revisions"}],"predecessor-version":[{"id":1399,"href":"https:\/\/www.el-pan-alegre.org\/wordpress\/wp-json\/wp\/v2\/posts\/1379\/revisions\/1399"}],"wp:featuredmedia":[{"embeddable":true,"href":"https:\/\/www.el-pan-alegre.org\/wordpress\/wp-json\/wp\/v2\/media\/1393"}],"wp:attachment":[{"href":"https:\/\/www.el-pan-alegre.org\/wordpress\/wp-json\/wp\/v2\/media?parent=1379"}],"wp:term":[{"taxonomy":"category","embeddable":true,"href":"https:\/\/www.el-pan-alegre.org\/wordpress\/wp-json\/wp\/v2\/categories?post=1379"},{"taxonomy":"post_tag","embeddable":true,"href":"https:\/\/www.el-pan-alegre.org\/wordpress\/wp-json\/wp\/v2\/tags?post=1379"}],"curies":[{"name":"wp","href":"https:\/\/api.w.org\/{rel}","templated":true}]}}