{"id":122,"date":"2009-08-20T09:12:00","date_gmt":"2009-08-20T07:12:00","guid":{"rendered":"http:\/\/www.el-pan-alegre.org\/wordpress\/122-122\/"},"modified":"2015-04-14T10:06:17","modified_gmt":"2015-04-14T08:06:17","slug":"122","status":"publish","type":"post","link":"https:\/\/www.el-pan-alegre.org\/wordpress\/122-122\/","title":{"rendered":""},"content":{"rendered":"<p><span style=\"font-weight: bold; color: rgb(0, 102, 0);font-family:trebuchet ms;font-size:180%;\"  ><br \/><span style=\"color: rgb(51, 51, 255);\">JETZT IST SCHLUSS MIT PLASTIK !<\/span><\/span><\/p>\n<p><span style=\"color: rgb(204, 0, 0); font-weight: bold;font-size:130%;\" ><span style=\"font-family:arial;\">Jaaa, wir wissen es ja schon lange &#8230; und haben sie trotzdem weiter gekauft und benutzt. Mal ehrlich: Wieviele Plastikt\u00fcten habt Ihr im Schrank oder unter der Sp\u00fcle? Au weiah, ich hab eine ganze Kiste voll &#8230;<\/span><\/p>\n<p><span style=\"font-family:arial;\">Deshalb ein tief empfundenes <\/span><\/span><span style=\"font-weight: bold; color: rgb(204, 0, 0);font-family:arial;font-size:130%;\"  >DANKESCH\u00d6N<\/span><span style=\"color: rgb(0, 102, 0); font-weight: bold;font-size:130%;\" ><span style=\"color: rgb(204, 0, 0);font-family:arial;\" > an die MacherInnen des folgenden Filmchens, <\/span><\/span><span style=\"color: rgb(0, 102, 0); font-weight: bold;font-size:130%;\" ><span style=\"color: rgb(204, 0, 0);font-family:arial;\" >f\u00fcr den entscheidenden Tritt in meinen Allerwertesten<\/span><\/span><span style=\"color: rgb(0, 102, 0);font-size:130%;\" ><span style=\"color: rgb(204, 0, 0); font-weight: bold;font-family:arial;\" >!<\/p>\n<p>Ihr findet ihn zusammen mit vielen anderen Ideen, Konzepten, Kontakten, Einkaufshilfen, Unternehmens-<br \/>informationen und vertiefenden Anregungen f\u00fcr das Leben in der &#8222;Ander-Welt&#8220; auf<br \/><\/span><a href=\"http:\/\/www.utopia.de\/utopia\"><span style=\"color: rgb(204, 0, 0); font-weight: bold;font-family:arial;\" ><span style=\"font-size:180%;\"><span style=\"font-family:georgia;\">Utopia.de<\/span><\/span><\/span><\/a><span style=\"color: rgb(204, 0, 0); font-weight: bold;font-family:arial;\" >.<\/p>\n<p><object width=\"425\" height=\"344\"><param name=\"movie\" value=\"http:\/\/www.youtube.com\/v\/bZ14k4pSpjI&amp;color1=0xb1b1b1&amp;color2=0xcfcfcf&amp;hl=de&amp;feature=player_embedded&amp;fs=1\"><param name=\"allowFullScreen\" value=\"true\"><param name=\"allowScriptAccess\" value=\"always\"><\/object><\/span><\/span><\/p>\n","protected":false},"excerpt":{"rendered":"<p>JETZT IST SCHLUSS MIT PLASTIK ! Jaaa, wir wissen es ja schon lange &#8230; und haben sie trotzdem weiter gekauft und benutzt. Mal ehrlich: Wieviele Plastikt\u00fcten habt Ihr im Schrank oder unter der Sp\u00fcle? Au weiah, ich hab eine ganze &hellip; <a href=\"https:\/\/www.el-pan-alegre.org\/wordpress\/122-122\/\">Weiterlesen <span class=\"meta-nav\">&rarr;<\/span><\/a><\/p>\n","protected":false},"author":1,"featured_media":0,"comment_status":"open","ping_status":"open","sticky":false,"template":"","format":"standard","meta":{"jetpack_post_was_ever_published":false,"_jetpack_newsletter_access":"","_jetpack_dont_email_post_to_subs":false,"_jetpack_newsletter_tier_id":0,"_jetpack_memberships_contains_paywalled_content":false,"_jetpack_memberships_contains_paid_content":false,"footnotes":"","jetpack_publicize_message":"","jetpack_publicize_feature_enabled":true,"jetpack_social_post_already_shared":false,"jetpack_social_options":{"image_generator_settings":{"template":"highway","default_image_id":0,"font":"","enabled":false},"version":2}},"categories":[12,39,6,5,44,43],"tags":[],"class_list":["post-122","post","type-post","status-publish","format-standard","hentry","category-abfall","category-film","category-information","category-kommunikation","category-plastik","category-wirtschaften"],"yoast_head":"<!-- This site is optimized with the Yoast SEO plugin v27.5 - https:\/\/yoast.com\/product\/yoast-seo-wordpress\/ -->\n<title>- El Pan Alegre<\/title>\n<meta name=\"robots\" content=\"index, follow, max-snippet:-1, max-image-preview:large, max-video-preview:-1\" \/>\n<link rel=\"canonical\" href=\"https:\/\/www.el-pan-alegre.org\/wordpress\/122-122\/\" \/>\n<meta property=\"og:locale\" content=\"de_DE\" \/>\n<meta property=\"og:type\" content=\"article\" \/>\n<meta property=\"og:title\" content=\"- El Pan Alegre\" \/>\n<meta property=\"og:description\" content=\"JETZT IST SCHLUSS MIT PLASTIK ! Jaaa, wir wissen es ja schon lange &#8230; und haben sie trotzdem weiter gekauft und benutzt. Mal ehrlich: Wieviele Plastikt\u00fcten habt Ihr im Schrank oder unter der Sp\u00fcle? Au weiah, ich hab eine ganze &hellip; Weiterlesen &rarr;\" \/>\n<meta property=\"og:url\" content=\"https:\/\/www.el-pan-alegre.org\/wordpress\/122-122\/\" \/>\n<meta property=\"og:site_name\" content=\"El Pan Alegre\" \/>\n<meta property=\"article:published_time\" content=\"2009-08-20T07:12:00+00:00\" \/>\n<meta property=\"article:modified_time\" content=\"2015-04-14T08:06:17+00:00\" \/>\n<meta name=\"author\" content=\"Anja Mocker\" \/>\n<meta name=\"twitter:card\" content=\"summary_large_image\" \/>\n<meta name=\"twitter:label1\" content=\"Verfasst von\" \/>\n\t<meta name=\"twitter:data1\" content=\"Anja Mocker\" \/>\n<script type=\"application\/ld+json\" class=\"yoast-schema-graph\">{\"@context\":\"https:\\\/\\\/schema.org\",\"@graph\":[{\"@type\":\"Article\",\"@id\":\"https:\\\/\\\/www.el-pan-alegre.org\\\/wordpress\\\/122-122\\\/#article\",\"isPartOf\":{\"@id\":\"https:\\\/\\\/www.el-pan-alegre.org\\\/wordpress\\\/122-122\\\/\"},\"author\":{\"name\":\"Anja Mocker\",\"@id\":\"https:\\\/\\\/www.el-pan-alegre.org\\\/wordpress\\\/#\\\/schema\\\/person\\\/a61ba0bec6094c61dbf9da4e4e4e5bfe\"},\"headline\":\"Kein Titel\",\"datePublished\":\"2009-08-20T07:12:00+00:00\",\"dateModified\":\"2015-04-14T08:06:17+00:00\",\"mainEntityOfPage\":{\"@id\":\"https:\\\/\\\/www.el-pan-alegre.org\\\/wordpress\\\/122-122\\\/\"},\"wordCount\":87,\"commentCount\":0,\"articleSection\":[\"Abfall\",\"Film\",\"Information\",\"Kommunikation\",\"Plastik\",\"Wirtschaften\"],\"inLanguage\":\"de\",\"potentialAction\":[{\"@type\":\"CommentAction\",\"name\":\"Comment\",\"target\":[\"https:\\\/\\\/www.el-pan-alegre.org\\\/wordpress\\\/122-122\\\/#respond\"]}]},{\"@type\":\"WebPage\",\"@id\":\"https:\\\/\\\/www.el-pan-alegre.org\\\/wordpress\\\/122-122\\\/\",\"url\":\"https:\\\/\\\/www.el-pan-alegre.org\\\/wordpress\\\/122-122\\\/\",\"name\":\"- El Pan Alegre\",\"isPartOf\":{\"@id\":\"https:\\\/\\\/www.el-pan-alegre.org\\\/wordpress\\\/#website\"},\"datePublished\":\"2009-08-20T07:12:00+00:00\",\"dateModified\":\"2015-04-14T08:06:17+00:00\",\"author\":{\"@id\":\"https:\\\/\\\/www.el-pan-alegre.org\\\/wordpress\\\/#\\\/schema\\\/person\\\/a61ba0bec6094c61dbf9da4e4e4e5bfe\"},\"inLanguage\":\"de\",\"potentialAction\":[{\"@type\":\"ReadAction\",\"target\":[\"https:\\\/\\\/www.el-pan-alegre.org\\\/wordpress\\\/122-122\\\/\"]}]},{\"@type\":\"WebSite\",\"@id\":\"https:\\\/\\\/www.el-pan-alegre.org\\\/wordpress\\\/#website\",\"url\":\"https:\\\/\\\/www.el-pan-alegre.org\\\/wordpress\\\/\",\"name\":\"El Pan Alegre\",\"description\":\"Das Fr\u00f6hliche Brot\",\"potentialAction\":[{\"@type\":\"SearchAction\",\"target\":{\"@type\":\"EntryPoint\",\"urlTemplate\":\"https:\\\/\\\/www.el-pan-alegre.org\\\/wordpress\\\/?s={search_term_string}\"},\"query-input\":{\"@type\":\"PropertyValueSpecification\",\"valueRequired\":true,\"valueName\":\"search_term_string\"}}],\"inLanguage\":\"de\"},{\"@type\":\"Person\",\"@id\":\"https:\\\/\\\/www.el-pan-alegre.org\\\/wordpress\\\/#\\\/schema\\\/person\\\/a61ba0bec6094c61dbf9da4e4e4e5bfe\",\"name\":\"Anja Mocker\",\"image\":{\"@type\":\"ImageObject\",\"inLanguage\":\"de\",\"@id\":\"https:\\\/\\\/secure.gravatar.com\\\/avatar\\\/c283b0b556471cdaac4be59c661b13c1e141f08ca0dd2eb8f8d587262d7f04bb?s=96&d=identicon&r=g\",\"url\":\"https:\\\/\\\/secure.gravatar.com\\\/avatar\\\/c283b0b556471cdaac4be59c661b13c1e141f08ca0dd2eb8f8d587262d7f04bb?s=96&d=identicon&r=g\",\"contentUrl\":\"https:\\\/\\\/secure.gravatar.com\\\/avatar\\\/c283b0b556471cdaac4be59c661b13c1e141f08ca0dd2eb8f8d587262d7f04bb?s=96&d=identicon&r=g\",\"caption\":\"Anja Mocker\"},\"url\":\"https:\\\/\\\/www.el-pan-alegre.org\\\/wordpress\\\/author\\\/admin\\\/\"}]}<\/script>\n<!-- \/ Yoast SEO plugin. -->","yoast_head_json":{"title":"- El Pan Alegre","robots":{"index":"index","follow":"follow","max-snippet":"max-snippet:-1","max-image-preview":"max-image-preview:large","max-video-preview":"max-video-preview:-1"},"canonical":"https:\/\/www.el-pan-alegre.org\/wordpress\/122-122\/","og_locale":"de_DE","og_type":"article","og_title":"- El Pan Alegre","og_description":"JETZT IST SCHLUSS MIT PLASTIK ! Jaaa, wir wissen es ja schon lange &#8230; und haben sie trotzdem weiter gekauft und benutzt. Mal ehrlich: Wieviele Plastikt\u00fcten habt Ihr im Schrank oder unter der Sp\u00fcle? Au weiah, ich hab eine ganze &hellip; Weiterlesen &rarr;","og_url":"https:\/\/www.el-pan-alegre.org\/wordpress\/122-122\/","og_site_name":"El Pan Alegre","article_published_time":"2009-08-20T07:12:00+00:00","article_modified_time":"2015-04-14T08:06:17+00:00","author":"Anja Mocker","twitter_card":"summary_large_image","twitter_misc":{"Verfasst von":"Anja Mocker"},"schema":{"@context":"https:\/\/schema.org","@graph":[{"@type":"Article","@id":"https:\/\/www.el-pan-alegre.org\/wordpress\/122-122\/#article","isPartOf":{"@id":"https:\/\/www.el-pan-alegre.org\/wordpress\/122-122\/"},"author":{"name":"Anja Mocker","@id":"https:\/\/www.el-pan-alegre.org\/wordpress\/#\/schema\/person\/a61ba0bec6094c61dbf9da4e4e4e5bfe"},"headline":"Kein Titel","datePublished":"2009-08-20T07:12:00+00:00","dateModified":"2015-04-14T08:06:17+00:00","mainEntityOfPage":{"@id":"https:\/\/www.el-pan-alegre.org\/wordpress\/122-122\/"},"wordCount":87,"commentCount":0,"articleSection":["Abfall","Film","Information","Kommunikation","Plastik","Wirtschaften"],"inLanguage":"de","potentialAction":[{"@type":"CommentAction","name":"Comment","target":["https:\/\/www.el-pan-alegre.org\/wordpress\/122-122\/#respond"]}]},{"@type":"WebPage","@id":"https:\/\/www.el-pan-alegre.org\/wordpress\/122-122\/","url":"https:\/\/www.el-pan-alegre.org\/wordpress\/122-122\/","name":"- El Pan Alegre","isPartOf":{"@id":"https:\/\/www.el-pan-alegre.org\/wordpress\/#website"},"datePublished":"2009-08-20T07:12:00+00:00","dateModified":"2015-04-14T08:06:17+00:00","author":{"@id":"https:\/\/www.el-pan-alegre.org\/wordpress\/#\/schema\/person\/a61ba0bec6094c61dbf9da4e4e4e5bfe"},"inLanguage":"de","potentialAction":[{"@type":"ReadAction","target":["https:\/\/www.el-pan-alegre.org\/wordpress\/122-122\/"]}]},{"@type":"WebSite","@id":"https:\/\/www.el-pan-alegre.org\/wordpress\/#website","url":"https:\/\/www.el-pan-alegre.org\/wordpress\/","name":"El Pan Alegre","description":"Das Fr\u00f6hliche Brot","potentialAction":[{"@type":"SearchAction","target":{"@type":"EntryPoint","urlTemplate":"https:\/\/www.el-pan-alegre.org\/wordpress\/?s={search_term_string}"},"query-input":{"@type":"PropertyValueSpecification","valueRequired":true,"valueName":"search_term_string"}}],"inLanguage":"de"},{"@type":"Person","@id":"https:\/\/www.el-pan-alegre.org\/wordpress\/#\/schema\/person\/a61ba0bec6094c61dbf9da4e4e4e5bfe","name":"Anja Mocker","image":{"@type":"ImageObject","inLanguage":"de","@id":"https:\/\/secure.gravatar.com\/avatar\/c283b0b556471cdaac4be59c661b13c1e141f08ca0dd2eb8f8d587262d7f04bb?s=96&d=identicon&r=g","url":"https:\/\/secure.gravatar.com\/avatar\/c283b0b556471cdaac4be59c661b13c1e141f08ca0dd2eb8f8d587262d7f04bb?s=96&d=identicon&r=g","contentUrl":"https:\/\/secure.gravatar.com\/avatar\/c283b0b556471cdaac4be59c661b13c1e141f08ca0dd2eb8f8d587262d7f04bb?s=96&d=identicon&r=g","caption":"Anja Mocker"},"url":"https:\/\/www.el-pan-alegre.org\/wordpress\/author\/admin\/"}]}},"jetpack_publicize_connections":[],"jetpack_featured_media_url":"","jetpack_sharing_enabled":true,"jetpack_shortlink":"https:\/\/wp.me\/s62TDh-122","jetpack-related-posts":[{"id":76,"url":"https:\/\/www.el-pan-alegre.org\/wordpress\/76-tschuess-plastik-muell-pfiffige-ideen-rund-ums-upcycling-nicht-nur-zur-weihnachtszeit\/","url_meta":{"origin":122,"position":0},"title":"Tsch\u00fcss (Plastik-)M\u00fcll: pfiffige Ideen rund ums &#8222;Upcycling&#8220; nicht nur zur Weihnachtszeit","author":"Anja Mocker","date":"4. Dezember 2010","format":false,"excerpt":"Abfall vermeiden ist am besten. Aber wenn er schon mal entstanden ist, was dann? Neben Abfall trennen und \"Recyclen\" - also reinigen und wieder f\u00fcr dieselben Zwecke verwenden - breiten sich \u00fcberall auf der Welt immer mehr clevere Ideen zum so genannten \"Upcyclen\" aus: dem Aufwerten der Abfallstoffe.Z.B.:Upcycle it! -\u2026","rel":"","context":"In &quot;Abfall&quot;","block_context":{"text":"Abfall","link":"https:\/\/www.el-pan-alegre.org\/wordpress\/kategorie\/abfall\/"},"img":{"alt_text":"","src":"","width":0,"height":0},"classes":[]},{"id":112,"url":"https:\/\/www.el-pan-alegre.org\/wordpress\/112-112\/","url_meta":{"origin":122,"position":1},"title":"&#8222;El Pan Alegre&#8220; im  Regionalen Aufbruch","author":"Anja Mocker","date":"5. Dezember 2009","format":false,"excerpt":"von Madeleine Porr \u00a0 \u00a0 \u00a0 \u00a0 \u00a0 \u00a0 \u00a0 \u00a0 \u00a0 \u00a0 Dem \"Berliner Innovationskreis f\u00fcr Alternativen in Arbeit, Technik, Betrieben und Regionen\" von Udo Blum schon seit f\u00fcnf Jahren verbunden, war ich am 17. und 18.10.09 nun auch eingeladen, El Pan Alegre bei der aus dem Kreis hervorgegangenen\u2026","rel":"","context":"In &quot;Amaranth&quot;","block_context":{"text":"Amaranth","link":"https:\/\/www.el-pan-alegre.org\/wordpress\/kategorie\/amaranth\/"},"img":{"alt_text":"","src":"https:\/\/i0.wp.com\/www.el-pan-alegre.org\/wordpress\/wp-content\/uploads\/2009\/12\/AuszugSikoraBelzig.jpg?resize=350%2C200&ssl=1","width":350,"height":200,"srcset":"https:\/\/i0.wp.com\/www.el-pan-alegre.org\/wordpress\/wp-content\/uploads\/2009\/12\/AuszugSikoraBelzig.jpg?resize=350%2C200&ssl=1 1x, https:\/\/i0.wp.com\/www.el-pan-alegre.org\/wordpress\/wp-content\/uploads\/2009\/12\/AuszugSikoraBelzig.jpg?resize=525%2C300&ssl=1 1.5x, https:\/\/i0.wp.com\/www.el-pan-alegre.org\/wordpress\/wp-content\/uploads\/2009\/12\/AuszugSikoraBelzig.jpg?resize=700%2C400&ssl=1 2x"},"classes":[]},{"id":1379,"url":"https:\/\/www.el-pan-alegre.org\/wordpress\/1379-dicke-glueckwuensche-nach-kuba\/","url_meta":{"origin":122,"position":2},"title":"Dicke Gl\u00fcckw\u00fcnsche nach Kuba!","author":"Madeleine Porr","date":"21. April 2016","format":false,"excerpt":"18. April 2016 \u2013 3. Treffen des Sozialen Netzwerks Haciendo Almas Dieser Blogbeitrag ist allen Mitgliedern unserer Familie Haciendo Almas gewidmet, die dieses Jahr ihren 20. Geburtstag feiert; vor allem aber ist er Eugenio Blanco Rodr\u00edguez \u2013 LUDOVICO \u2013 gewidmet, der mit der Gr\u00fcndung der Banco de Ideas Z \/\u2026","rel":"","context":"In &quot;Allgemein&quot;","block_context":{"text":"Allgemein","link":"https:\/\/www.el-pan-alegre.org\/wordpress\/kategorie\/allgemein\/"},"img":{"alt_text":"","src":"https:\/\/i0.wp.com\/www.el-pan-alegre.org\/wordpress\/wp-content\/uploads\/2016\/04\/031.jpg?resize=350%2C200&ssl=1","width":350,"height":200,"srcset":"https:\/\/i0.wp.com\/www.el-pan-alegre.org\/wordpress\/wp-content\/uploads\/2016\/04\/031.jpg?resize=350%2C200&ssl=1 1x, https:\/\/i0.wp.com\/www.el-pan-alegre.org\/wordpress\/wp-content\/uploads\/2016\/04\/031.jpg?resize=525%2C300&ssl=1 1.5x, https:\/\/i0.wp.com\/www.el-pan-alegre.org\/wordpress\/wp-content\/uploads\/2016\/04\/031.jpg?resize=700%2C400&ssl=1 2x"},"classes":[]},{"id":1396,"url":"https:\/\/www.el-pan-alegre.org\/wordpress\/1396-muchas-felicidades\/","url_meta":{"origin":122,"position":3},"title":"\u00a1Muchas felicidades!","author":"Madeleine Porr","date":"21. April 2016","format":false,"excerpt":"18 de abril de 2016 \u2013 3er Encuentro de la Red Social Haciendo Almas Dedico este bolet\u00edn a tod@s l@s integrantes de nuestra familia de Haciendo Almas que este a\u00f1o cumple su 20mo aniversario, y ante todo a su facilitador Eugenio Blanco Rodr\u00edguez \u2013LUDOVICO- que con la fundaci\u00f3n del Banco\u2026","rel":"","context":"In &quot;Allgemein&quot;","block_context":{"text":"Allgemein","link":"https:\/\/www.el-pan-alegre.org\/wordpress\/kategorie\/allgemein\/"},"img":{"alt_text":"","src":"https:\/\/i0.wp.com\/www.el-pan-alegre.org\/wordpress\/wp-content\/uploads\/2016\/04\/03.jpg?resize=350%2C200&ssl=1","width":350,"height":200,"srcset":"https:\/\/i0.wp.com\/www.el-pan-alegre.org\/wordpress\/wp-content\/uploads\/2016\/04\/03.jpg?resize=350%2C200&ssl=1 1x, https:\/\/i0.wp.com\/www.el-pan-alegre.org\/wordpress\/wp-content\/uploads\/2016\/04\/03.jpg?resize=525%2C300&ssl=1 1.5x, https:\/\/i0.wp.com\/www.el-pan-alegre.org\/wordpress\/wp-content\/uploads\/2016\/04\/03.jpg?resize=700%2C400&ssl=1 2x"},"classes":[]},{"id":1113,"url":"https:\/\/www.el-pan-alegre.org\/wordpress\/1113-am-16-01-16-wieder-auf-der-strasse\/","url_meta":{"origin":122,"position":4},"title":"Am 16.01.16 (wieder) auf der Stra\u00dfe!","author":"Madeleine Porr","date":"7. Januar 2016","format":false,"excerpt":"WIR HABEN ES NACH WIE VOR SATT! Demo am 16.1.2016 um 12 Uhr in Berlin! \"Die Landwirtschaft steht am Scheideweg: Wird unser Essen zuk\u00fcnftig noch von B\u00e4uerinnen und Bauern erzeugt oder von Agrarkonzernen, die auf Agrogentechnik und Tierfabriken setzen und zu Dumpingpreisen f\u00fcr den Weltmarkt produzieren? Wir fordern einen anderen\u2026","rel":"","context":"In &quot;Allgemein&quot;","block_context":{"text":"Allgemein","link":"https:\/\/www.el-pan-alegre.org\/wordpress\/kategorie\/allgemein\/"},"img":{"alt_text":"","src":"","width":0,"height":0},"classes":[]},{"id":2330,"url":"https:\/\/www.el-pan-alegre.org\/wordpress\/2330-neue-alegria-freude-fuer-2020\/","url_meta":{"origin":122,"position":5},"title":"Neue &#8222;Alegr\u00eda\/Freude&#8220; f\u00fcr 2020","author":"Madeleine Porr","date":"9. M\u00e4rz 2020","format":false,"excerpt":"So wie die kleinen, aber sooo starken und vielseitigen Amaranthk\u00f6rnchen sich konstant weiterverbreiten und um sich herum Freude produzieren (s. auch die S\u00fc\u00dfigkeit \"Alegr\u00eda\/Freude\" in Rezepte, S. 23), so ging es auch uns wieder, den kubanisch-deutschen Expertinnen f\u00fcr Umwelt und Nachhaltige Entwicklung und treuen Amaranth-Alliierten (Fotos im spanischen Post): Wir\u2026","rel":"","context":"In &quot;Amaranth&quot;","block_context":{"text":"Amaranth","link":"https:\/\/www.el-pan-alegre.org\/wordpress\/kategorie\/amaranth\/"},"img":{"alt_text":"","src":"","width":0,"height":0},"classes":[]}],"_links":{"self":[{"href":"https:\/\/www.el-pan-alegre.org\/wordpress\/wp-json\/wp\/v2\/posts\/122","targetHints":{"allow":["GET"]}}],"collection":[{"href":"https:\/\/www.el-pan-alegre.org\/wordpress\/wp-json\/wp\/v2\/posts"}],"about":[{"href":"https:\/\/www.el-pan-alegre.org\/wordpress\/wp-json\/wp\/v2\/types\/post"}],"author":[{"embeddable":true,"href":"https:\/\/www.el-pan-alegre.org\/wordpress\/wp-json\/wp\/v2\/users\/1"}],"replies":[{"embeddable":true,"href":"https:\/\/www.el-pan-alegre.org\/wordpress\/wp-json\/wp\/v2\/comments?post=122"}],"version-history":[{"count":0,"href":"https:\/\/www.el-pan-alegre.org\/wordpress\/wp-json\/wp\/v2\/posts\/122\/revisions"}],"wp:attachment":[{"href":"https:\/\/www.el-pan-alegre.org\/wordpress\/wp-json\/wp\/v2\/media?parent=122"}],"wp:term":[{"taxonomy":"category","embeddable":true,"href":"https:\/\/www.el-pan-alegre.org\/wordpress\/wp-json\/wp\/v2\/categories?post=122"},{"taxonomy":"post_tag","embeddable":true,"href":"https:\/\/www.el-pan-alegre.org\/wordpress\/wp-json\/wp\/v2\/tags?post=122"}],"curies":[{"name":"wp","href":"https:\/\/api.w.org\/{rel}","templated":true}]}}