{"id":121,"date":"2009-08-20T20:29:00","date_gmt":"2009-08-20T18:29:00","guid":{"rendered":"http:\/\/www.el-pan-alegre.org\/wordpress\/121-121\/"},"modified":"2015-04-14T10:06:17","modified_gmt":"2015-04-14T08:06:17","slug":"121","status":"publish","type":"post","link":"https:\/\/www.el-pan-alegre.org\/wordpress\/121-121\/","title":{"rendered":""},"content":{"rendered":"<p><span style=\"font-weight: bold; color: rgb(204, 0, 0);font-family:georgia;font-size:180%;\"  ><span style=\"color: rgb(0, 102, 0);\"><br \/>Nicht nur in den Sommerferien:<\/span><br \/>&#8222;<span style=\"color: rgb(0, 153, 0);\">M<\/span><span style=\"color: rgb(255, 102, 0);\">a<\/span><span style=\"color: rgb(0, 0, 153);\">l<\/span> <span style=\"color: rgb(255, 0, 0);\">r<\/span><span style=\"color: rgb(0, 102, 0);\">i<\/span><span style=\"color: rgb(153, 0, 0);\">c<\/span><span style=\"color: rgb(51, 102, 255);\"><\/span><\/span><span style=\"font-weight: bold; color: rgb(204, 0, 0);font-family:georgia;font-size:180%;\"  ><span style=\"color: rgb(51, 102, 255);\">h<\/span><\/span><span style=\"font-weight: bold; color: rgb(204, 0, 0);font-family:georgia;font-size:180%;\"  >t<\/span><span style=\"font-weight: bold; color: rgb(204, 0, 0);font-family:georgia;font-size:180%;\"  ><span style=\"color: rgb(255, 204, 51);\">i<\/span><span style=\"color: rgb(153, 51, 153);\">g<\/span> <span style=\"color: rgb(204, 102, 0);\">a<\/span>b<span style=\"color: rgb(51, 51, 255);\">s<\/span><span style=\"color: rgb(255, 102, 102);\">c<\/span><span style=\"color: rgb(0, 102, 0);\">h<\/span><span style=\"color: rgb(51, 255, 51);\">a<\/span>l<span style=\"color: rgb(51, 204, 255);\">t<\/span><\/span><span style=\"font-weight: bold; color: rgb(204, 0, 0);font-family:georgia;font-size:180%;\"  ><span style=\"color: rgb(204, 102, 0);\">e<\/span><span style=\"color: rgb(51, 102, 102);\">n<\/span>!&#8220;<br \/><\/span><br \/><span style=\"color: rgb(255, 0, 0); font-weight: bold;font-family:arial;font-size:130%;\"  >Genauso wie der wachsende <\/span><span style=\"font-size:130%;\"><span style=\"color: rgb(51, 51, 255); font-weight: bold;font-family:arial;\" >Plastikt\u00fcten-Abfallteppich<\/span><\/span><span style=\"color: rgb(255, 0, 0); font-weight: bold;font-family:arial;font-size:130%;\"  ><span style=\"color: rgb(51, 51, 255);\"> auf den Ozeanen<\/span> (s. vorhergehenden Beitrag) ist auch die Nutzung der <a style=\"color: rgb(51, 51, 255);\" href=\"http:\/\/umweltinstitut.org\/radioaktivitat\/klimaretter-atomkraft\/flyer-535.html\">Atomkraft<\/a> mit dem anfallenden <a href=\"http:\/\/umweltinstitut.org\/radioaktivitat\/allgemeines\/asse_endlager-690.html\"><span style=\"color: rgb(51, 51, 255);\">Atom-<\/span><\/a><br \/><a href=\"http:\/\/umweltinstitut.org\/radioaktivitat\/allgemeines\/asse_endlager-690.html\"><span style=\"color: rgb(51, 51, 255);\">M\u00fcll<\/span><\/a> eine tickende Zeitbombe.<\/p>\n<p>Beides richtet jetzt schon ungeheure Sch\u00e4den an, wenn auch noch da, wo wir es nicht jeden Tag sehen (aber das ist ja wirklich nur noch eine Frage der Zeit).<\/p>\n<p>Wir wissen das, alles, und zwar seit langem.<\/span><span style=\"font-size:130%;\"><\/p>\n<p><\/span><span style=\"color: rgb(255, 0, 0); font-weight: bold;font-family:arial;font-size:130%;\"  >Daran erinnerte auch  &#8222;Frontal 21&#8220; im letzten Sommer und noch an etwas anderes, sehr Wichtiges gerade<br \/>im Hinblick auf die kommenden Bundestagswahlen: n\u00e4mlich daran, dass die CDU und ihre Kandidatin f\u00fcr eine neue KanzlerInnenschaft Angela Merkel gerade beim Thema Atomkraft gegen die Sicherheit der Menschen in ihrem Land und f\u00fcr die Atom-Industrie arbeiten. <\/span><span style=\"font-size:130%;\"><\/p>\n<p><\/span><span style=\"color: rgb(255, 0, 0); font-weight: bold;font-family:arial;font-size:130%;\"  >Es lohnt sich, die 8 Minuten 44 Sekunden noch mal in voller L\u00e4nge anzusehen &#8230;<\/span><span style=\"font-size:130%;\"><\/p>\n<p><object style=\"color: rgb(255, 0, 0); font-weight: bold; font-family: arial;\" width=\"445\" height=\"364\"><param name=\"movie\" value=\"http:\/\/www.youtube.com\/v\/ZPe4NNCWrO4&amp;hl=de&amp;fs=1&amp;color1=0xe1600f&amp;color2=0xfebd01&amp;border=1\"><param name=\"allowFullScreen\" value=\"true\"><param name=\"allowscriptaccess\" value=\"always\"><\/object><\/p>\n<p><\/span><span style=\"color: rgb(255, 0, 0); font-weight: bold;font-family:arial;font-size:130%;\"  >&#8230; und gleich einen oder mehrere der folgenden Termine vorzumerken:<\/span><\/p>\n<p><a href=\"http:\/\/www.campact.de\/atom2\/tour09\/tourinfo\"><img decoding=\"async\" style=\"margin: 0pt 10px 10px 0pt; float: left; cursor: pointer; width: 415px; height: 366px;\" src=\"http:\/\/www.el-pan-alegre.org\/wordpress\/wp-content\/uploads\/2009\/08\/endlagersuche-300x267.jpg\" alt=\"\" id=\"BLOGGER_PHOTO_ID_5372138088391618658\" border=\"0\" \/><\/a><\/p>\n<p><a href=\"http:\/\/www.campact.de\/atom2\/demo\"><img decoding=\"async\" style=\"margin: 0pt 10px 10px 0pt; float: left; cursor: pointer; width: 406px; height: 325px;\" src=\"http:\/\/www.el-pan-alegre.org\/wordpress\/wp-content\/uploads\/2009\/08\/abschalten-300x242.jpg\" alt=\"\" id=\"BLOGGER_PHOTO_ID_5372116936870148850\" border=\"0\" \/><\/a><\/p>\n<p><span style=\"color: rgb(255, 0, 0); font-weight: bold;font-family:arial;font-size:130%;\"  ><\/p>\n<p>Zus\u00e4tzlich k\u00f6nnen beim <a style=\"color: rgb(0, 102, 0);\" href=\"http:\/\/umweltinstitut.org\/pressemitteilungen\/presse\/selbstdarstellung-554.html\">Umweltinstitut M\u00fcnchen e.V.<\/a> auch <a style=\"color: rgb(0, 102, 0);\" href=\"http:\/\/umweltinstitut.org\/download\/Flyer_Atomkraft_abwaehlen.pdf\">Flyer<\/a> heruntergeladen bzw. bestellt werden, die die gebetsm\u00fchlenartig wiederholten L\u00fcgen der Atom-<br \/>Lobbyisten auf handliche Weise zusammenfassen und widerlegen.<\/p>\n<p>Und sowohl bei <a style=\"color: rgb(0, 102, 0);\" href=\"http:\/\/www.campact.de\/atom2\/sn3\/signer\">campact.de<\/a> als auch beim <a style=\"color: rgb(0, 102, 0);\" href=\"http:\/\/umweltinstitut.org\/muenchner_erklaerung\/Startseite.php\">Umwelt-<\/a><br \/><a style=\"color: rgb(0, 102, 0);\" href=\"http:\/\/umweltinstitut.org\/muenchner_erklaerung\/Startseite.php\">institut M\u00fcnchen e.V.<\/a> kann online &#8222;Gegen den Ausstieg aus dem Atomausstieg&#8220; unterschrieben werden.<\/p>\n<p>Vielleicht sehen wir uns alle am 5.9.09 um 13 Uhr am Berliner Hauptbahnhof? Ich werde da sein.<\/p>\n<p><\/span><\/p>\n","protected":false},"excerpt":{"rendered":"<p>Nicht nur in den Sommerferien:&#8222;Mal richtig abschalten!&#8220;Genauso wie der wachsende Plastikt\u00fcten-Abfallteppich auf den Ozeanen (s. vorhergehenden Beitrag) ist auch die Nutzung der Atomkraft mit dem anfallenden Atom-M\u00fcll eine tickende Zeitbombe. Beides richtet jetzt schon ungeheure Sch\u00e4den an, wenn auch noch &hellip; <a href=\"https:\/\/www.el-pan-alegre.org\/wordpress\/121-121\/\">Weiterlesen <span class=\"meta-nav\">&rarr;<\/span><\/a><\/p>\n","protected":false},"author":1,"featured_media":393,"comment_status":"open","ping_status":"open","sticky":false,"template":"","format":"standard","meta":{"jetpack_post_was_ever_published":false,"_jetpack_newsletter_access":"","_jetpack_dont_email_post_to_subs":false,"_jetpack_newsletter_tier_id":0,"_jetpack_memberships_contains_paywalled_content":false,"_jetpack_memberships_contains_paid_content":false,"footnotes":"","jetpack_publicize_message":"","jetpack_publicize_feature_enabled":true,"jetpack_social_post_already_shared":false,"jetpack_social_options":{"image_generator_settings":{"template":"highway","default_image_id":0,"font":"","enabled":false},"version":2}},"categories":[10,39,6,5,43],"tags":[],"class_list":["post-121","post","type-post","status-publish","format-standard","has-post-thumbnail","hentry","category-biogas","category-film","category-information","category-kommunikation","category-wirtschaften"],"yoast_head":"<!-- This site is optimized with the Yoast SEO plugin v27.5 - https:\/\/yoast.com\/product\/yoast-seo-wordpress\/ -->\n<title>- El Pan Alegre<\/title>\n<meta name=\"robots\" content=\"index, follow, max-snippet:-1, max-image-preview:large, max-video-preview:-1\" \/>\n<link rel=\"canonical\" href=\"https:\/\/www.el-pan-alegre.org\/wordpress\/121-121\/\" \/>\n<meta property=\"og:locale\" content=\"de_DE\" \/>\n<meta property=\"og:type\" content=\"article\" \/>\n<meta property=\"og:title\" content=\"- El Pan Alegre\" \/>\n<meta property=\"og:description\" content=\"Nicht nur in den Sommerferien:&#8222;Mal richtig abschalten!&#8220;Genauso wie der wachsende Plastikt\u00fcten-Abfallteppich auf den Ozeanen (s. vorhergehenden Beitrag) ist auch die Nutzung der Atomkraft mit dem anfallenden Atom-M\u00fcll eine tickende Zeitbombe. Beides richtet jetzt schon ungeheure Sch\u00e4den an, wenn auch noch &hellip; Weiterlesen &rarr;\" \/>\n<meta property=\"og:url\" content=\"https:\/\/www.el-pan-alegre.org\/wordpress\/121-121\/\" \/>\n<meta property=\"og:site_name\" content=\"El Pan Alegre\" \/>\n<meta property=\"article:published_time\" content=\"2009-08-20T18:29:00+00:00\" \/>\n<meta property=\"article:modified_time\" content=\"2015-04-14T08:06:17+00:00\" \/>\n<meta property=\"og:image\" content=\"https:\/\/www.el-pan-alegre.org\/wordpress\/wp-content\/uploads\/2009\/08\/endlagersuche.jpg\" \/>\n\t<meta property=\"og:image:width\" content=\"594\" \/>\n\t<meta property=\"og:image:height\" content=\"529\" \/>\n\t<meta property=\"og:image:type\" content=\"image\/jpeg\" \/>\n<meta name=\"author\" content=\"Anja Mocker\" \/>\n<meta name=\"twitter:card\" content=\"summary_large_image\" \/>\n<meta name=\"twitter:label1\" content=\"Verfasst von\" \/>\n\t<meta name=\"twitter:data1\" content=\"Anja Mocker\" \/>\n\t<meta name=\"twitter:label2\" content=\"Gesch\u00e4tzte Lesezeit\" \/>\n\t<meta name=\"twitter:data2\" content=\"1\u00a0Minute\" \/>\n<script type=\"application\/ld+json\" class=\"yoast-schema-graph\">{\"@context\":\"https:\\\/\\\/schema.org\",\"@graph\":[{\"@type\":\"Article\",\"@id\":\"https:\\\/\\\/www.el-pan-alegre.org\\\/wordpress\\\/121-121\\\/#article\",\"isPartOf\":{\"@id\":\"https:\\\/\\\/www.el-pan-alegre.org\\\/wordpress\\\/121-121\\\/\"},\"author\":{\"name\":\"Anja Mocker\",\"@id\":\"https:\\\/\\\/www.el-pan-alegre.org\\\/wordpress\\\/#\\\/schema\\\/person\\\/a61ba0bec6094c61dbf9da4e4e4e5bfe\"},\"headline\":\"Kein Titel\",\"datePublished\":\"2009-08-20T18:29:00+00:00\",\"dateModified\":\"2015-04-14T08:06:17+00:00\",\"mainEntityOfPage\":{\"@id\":\"https:\\\/\\\/www.el-pan-alegre.org\\\/wordpress\\\/121-121\\\/\"},\"wordCount\":232,\"commentCount\":0,\"image\":{\"@id\":\"https:\\\/\\\/www.el-pan-alegre.org\\\/wordpress\\\/121-121\\\/#primaryimage\"},\"thumbnailUrl\":\"https:\\\/\\\/www.el-pan-alegre.org\\\/wordpress\\\/wp-content\\\/uploads\\\/2009\\\/08\\\/endlagersuche.jpg\",\"articleSection\":[\"Biogas\",\"Film\",\"Information\",\"Kommunikation\",\"Wirtschaften\"],\"inLanguage\":\"de\",\"potentialAction\":[{\"@type\":\"CommentAction\",\"name\":\"Comment\",\"target\":[\"https:\\\/\\\/www.el-pan-alegre.org\\\/wordpress\\\/121-121\\\/#respond\"]}]},{\"@type\":\"WebPage\",\"@id\":\"https:\\\/\\\/www.el-pan-alegre.org\\\/wordpress\\\/121-121\\\/\",\"url\":\"https:\\\/\\\/www.el-pan-alegre.org\\\/wordpress\\\/121-121\\\/\",\"name\":\"- El Pan Alegre\",\"isPartOf\":{\"@id\":\"https:\\\/\\\/www.el-pan-alegre.org\\\/wordpress\\\/#website\"},\"primaryImageOfPage\":{\"@id\":\"https:\\\/\\\/www.el-pan-alegre.org\\\/wordpress\\\/121-121\\\/#primaryimage\"},\"image\":{\"@id\":\"https:\\\/\\\/www.el-pan-alegre.org\\\/wordpress\\\/121-121\\\/#primaryimage\"},\"thumbnailUrl\":\"https:\\\/\\\/www.el-pan-alegre.org\\\/wordpress\\\/wp-content\\\/uploads\\\/2009\\\/08\\\/endlagersuche.jpg\",\"datePublished\":\"2009-08-20T18:29:00+00:00\",\"dateModified\":\"2015-04-14T08:06:17+00:00\",\"author\":{\"@id\":\"https:\\\/\\\/www.el-pan-alegre.org\\\/wordpress\\\/#\\\/schema\\\/person\\\/a61ba0bec6094c61dbf9da4e4e4e5bfe\"},\"inLanguage\":\"de\",\"potentialAction\":[{\"@type\":\"ReadAction\",\"target\":[\"https:\\\/\\\/www.el-pan-alegre.org\\\/wordpress\\\/121-121\\\/\"]}]},{\"@type\":\"ImageObject\",\"inLanguage\":\"de\",\"@id\":\"https:\\\/\\\/www.el-pan-alegre.org\\\/wordpress\\\/121-121\\\/#primaryimage\",\"url\":\"https:\\\/\\\/www.el-pan-alegre.org\\\/wordpress\\\/wp-content\\\/uploads\\\/2009\\\/08\\\/endlagersuche.jpg\",\"contentUrl\":\"https:\\\/\\\/www.el-pan-alegre.org\\\/wordpress\\\/wp-content\\\/uploads\\\/2009\\\/08\\\/endlagersuche.jpg\",\"width\":594,\"height\":529},{\"@type\":\"WebSite\",\"@id\":\"https:\\\/\\\/www.el-pan-alegre.org\\\/wordpress\\\/#website\",\"url\":\"https:\\\/\\\/www.el-pan-alegre.org\\\/wordpress\\\/\",\"name\":\"El Pan Alegre\",\"description\":\"Das Fr\u00f6hliche Brot\",\"potentialAction\":[{\"@type\":\"SearchAction\",\"target\":{\"@type\":\"EntryPoint\",\"urlTemplate\":\"https:\\\/\\\/www.el-pan-alegre.org\\\/wordpress\\\/?s={search_term_string}\"},\"query-input\":{\"@type\":\"PropertyValueSpecification\",\"valueRequired\":true,\"valueName\":\"search_term_string\"}}],\"inLanguage\":\"de\"},{\"@type\":\"Person\",\"@id\":\"https:\\\/\\\/www.el-pan-alegre.org\\\/wordpress\\\/#\\\/schema\\\/person\\\/a61ba0bec6094c61dbf9da4e4e4e5bfe\",\"name\":\"Anja Mocker\",\"image\":{\"@type\":\"ImageObject\",\"inLanguage\":\"de\",\"@id\":\"https:\\\/\\\/secure.gravatar.com\\\/avatar\\\/c283b0b556471cdaac4be59c661b13c1e141f08ca0dd2eb8f8d587262d7f04bb?s=96&d=identicon&r=g\",\"url\":\"https:\\\/\\\/secure.gravatar.com\\\/avatar\\\/c283b0b556471cdaac4be59c661b13c1e141f08ca0dd2eb8f8d587262d7f04bb?s=96&d=identicon&r=g\",\"contentUrl\":\"https:\\\/\\\/secure.gravatar.com\\\/avatar\\\/c283b0b556471cdaac4be59c661b13c1e141f08ca0dd2eb8f8d587262d7f04bb?s=96&d=identicon&r=g\",\"caption\":\"Anja Mocker\"},\"url\":\"https:\\\/\\\/www.el-pan-alegre.org\\\/wordpress\\\/author\\\/admin\\\/\"}]}<\/script>\n<!-- \/ Yoast SEO plugin. -->","yoast_head_json":{"title":"- El Pan Alegre","robots":{"index":"index","follow":"follow","max-snippet":"max-snippet:-1","max-image-preview":"max-image-preview:large","max-video-preview":"max-video-preview:-1"},"canonical":"https:\/\/www.el-pan-alegre.org\/wordpress\/121-121\/","og_locale":"de_DE","og_type":"article","og_title":"- El Pan Alegre","og_description":"Nicht nur in den Sommerferien:&#8222;Mal richtig abschalten!&#8220;Genauso wie der wachsende Plastikt\u00fcten-Abfallteppich auf den Ozeanen (s. vorhergehenden Beitrag) ist auch die Nutzung der Atomkraft mit dem anfallenden Atom-M\u00fcll eine tickende Zeitbombe. Beides richtet jetzt schon ungeheure Sch\u00e4den an, wenn auch noch &hellip; Weiterlesen &rarr;","og_url":"https:\/\/www.el-pan-alegre.org\/wordpress\/121-121\/","og_site_name":"El Pan Alegre","article_published_time":"2009-08-20T18:29:00+00:00","article_modified_time":"2015-04-14T08:06:17+00:00","og_image":[{"width":594,"height":529,"url":"https:\/\/www.el-pan-alegre.org\/wordpress\/wp-content\/uploads\/2009\/08\/endlagersuche.jpg","type":"image\/jpeg"}],"author":"Anja Mocker","twitter_card":"summary_large_image","twitter_misc":{"Verfasst von":"Anja Mocker","Gesch\u00e4tzte Lesezeit":"1\u00a0Minute"},"schema":{"@context":"https:\/\/schema.org","@graph":[{"@type":"Article","@id":"https:\/\/www.el-pan-alegre.org\/wordpress\/121-121\/#article","isPartOf":{"@id":"https:\/\/www.el-pan-alegre.org\/wordpress\/121-121\/"},"author":{"name":"Anja Mocker","@id":"https:\/\/www.el-pan-alegre.org\/wordpress\/#\/schema\/person\/a61ba0bec6094c61dbf9da4e4e4e5bfe"},"headline":"Kein Titel","datePublished":"2009-08-20T18:29:00+00:00","dateModified":"2015-04-14T08:06:17+00:00","mainEntityOfPage":{"@id":"https:\/\/www.el-pan-alegre.org\/wordpress\/121-121\/"},"wordCount":232,"commentCount":0,"image":{"@id":"https:\/\/www.el-pan-alegre.org\/wordpress\/121-121\/#primaryimage"},"thumbnailUrl":"https:\/\/www.el-pan-alegre.org\/wordpress\/wp-content\/uploads\/2009\/08\/endlagersuche.jpg","articleSection":["Biogas","Film","Information","Kommunikation","Wirtschaften"],"inLanguage":"de","potentialAction":[{"@type":"CommentAction","name":"Comment","target":["https:\/\/www.el-pan-alegre.org\/wordpress\/121-121\/#respond"]}]},{"@type":"WebPage","@id":"https:\/\/www.el-pan-alegre.org\/wordpress\/121-121\/","url":"https:\/\/www.el-pan-alegre.org\/wordpress\/121-121\/","name":"- El Pan Alegre","isPartOf":{"@id":"https:\/\/www.el-pan-alegre.org\/wordpress\/#website"},"primaryImageOfPage":{"@id":"https:\/\/www.el-pan-alegre.org\/wordpress\/121-121\/#primaryimage"},"image":{"@id":"https:\/\/www.el-pan-alegre.org\/wordpress\/121-121\/#primaryimage"},"thumbnailUrl":"https:\/\/www.el-pan-alegre.org\/wordpress\/wp-content\/uploads\/2009\/08\/endlagersuche.jpg","datePublished":"2009-08-20T18:29:00+00:00","dateModified":"2015-04-14T08:06:17+00:00","author":{"@id":"https:\/\/www.el-pan-alegre.org\/wordpress\/#\/schema\/person\/a61ba0bec6094c61dbf9da4e4e4e5bfe"},"inLanguage":"de","potentialAction":[{"@type":"ReadAction","target":["https:\/\/www.el-pan-alegre.org\/wordpress\/121-121\/"]}]},{"@type":"ImageObject","inLanguage":"de","@id":"https:\/\/www.el-pan-alegre.org\/wordpress\/121-121\/#primaryimage","url":"https:\/\/www.el-pan-alegre.org\/wordpress\/wp-content\/uploads\/2009\/08\/endlagersuche.jpg","contentUrl":"https:\/\/www.el-pan-alegre.org\/wordpress\/wp-content\/uploads\/2009\/08\/endlagersuche.jpg","width":594,"height":529},{"@type":"WebSite","@id":"https:\/\/www.el-pan-alegre.org\/wordpress\/#website","url":"https:\/\/www.el-pan-alegre.org\/wordpress\/","name":"El Pan Alegre","description":"Das Fr\u00f6hliche Brot","potentialAction":[{"@type":"SearchAction","target":{"@type":"EntryPoint","urlTemplate":"https:\/\/www.el-pan-alegre.org\/wordpress\/?s={search_term_string}"},"query-input":{"@type":"PropertyValueSpecification","valueRequired":true,"valueName":"search_term_string"}}],"inLanguage":"de"},{"@type":"Person","@id":"https:\/\/www.el-pan-alegre.org\/wordpress\/#\/schema\/person\/a61ba0bec6094c61dbf9da4e4e4e5bfe","name":"Anja Mocker","image":{"@type":"ImageObject","inLanguage":"de","@id":"https:\/\/secure.gravatar.com\/avatar\/c283b0b556471cdaac4be59c661b13c1e141f08ca0dd2eb8f8d587262d7f04bb?s=96&d=identicon&r=g","url":"https:\/\/secure.gravatar.com\/avatar\/c283b0b556471cdaac4be59c661b13c1e141f08ca0dd2eb8f8d587262d7f04bb?s=96&d=identicon&r=g","contentUrl":"https:\/\/secure.gravatar.com\/avatar\/c283b0b556471cdaac4be59c661b13c1e141f08ca0dd2eb8f8d587262d7f04bb?s=96&d=identicon&r=g","caption":"Anja Mocker"},"url":"https:\/\/www.el-pan-alegre.org\/wordpress\/author\/admin\/"}]}},"jetpack_publicize_connections":[],"jetpack_featured_media_url":"https:\/\/www.el-pan-alegre.org\/wordpress\/wp-content\/uploads\/2009\/08\/endlagersuche.jpg","jetpack_sharing_enabled":true,"jetpack_shortlink":"https:\/\/wp.me\/s62TDh-121","jetpack-related-posts":[{"id":116,"url":"https:\/\/www.el-pan-alegre.org\/wordpress\/116-116\/","url_meta":{"origin":121,"position":0},"title":"Nachrichten von unserem Schirmherren &#8230;","author":"Anja Mocker","date":"18. September 2009","format":false,"excerpt":"von Madeleine Porr Hermann Scheer und sein dicksch\u00e4deliges, vision\u00e4res und rebellisches Engagement f\u00fcr den weltweiten Umstieg auf erneuerbare Energien (s. Laudatio Mai '09\/USA) brauchen wahrlich keine Werbung. Aber uns als Verein, dessen Projekt El Pan Alegre seit Mai diesen Jahres unter seiner Schirmherrschaft steht, freut es doch immer wieder m\u00e4chtig,\u2026","rel":"","context":"In &quot;Anja&quot;","block_context":{"text":"Anja","link":"https:\/\/www.el-pan-alegre.org\/wordpress\/kategorie\/anja\/"},"img":{"alt_text":"","src":"","width":0,"height":0},"classes":[]},{"id":129,"url":"https:\/\/www.el-pan-alegre.org\/wordpress\/129-129\/","url_meta":{"origin":121,"position":1},"title":"Hinter der Komplexit\u00e4t(s. auch Post\u2026","author":"Anja Mocker","date":"26. Juli 2009","format":false,"excerpt":"Hinter der Komplexit\u00e4t(s. auch Post vom 19.7.09)Von allen Seiten flie\u00dfen sie zusammen, die Konzept- und Aktionsstr\u00f6me f\u00fcr ein anderes gesellschaftliches Zusammen-leben. Immer auf festem (Fakten-)Untergrund, vielfach phantasievoll und fr\u00f6hlich (s. Post v. 4.7.09), bahnen sie sich kraftvoll und unaufhaltsam auch in Deutschland ihren Weg:\"Kr\u00f6nungswelle\" und Filme zum Grundeinkommen;\"Wasser unterm Hammer\"\u2026","rel":"","context":"In &quot;Biogas&quot;","block_context":{"text":"Biogas","link":"https:\/\/www.el-pan-alegre.org\/wordpress\/kategorie\/biogas\/"},"img":{"alt_text":"","src":"https:\/\/i0.wp.com\/www.el-pan-alegre.org\/wordpress\/wp-content\/uploads\/2009\/07\/eisler-old.jpg?resize=350%2C200&ssl=1","width":350,"height":200,"srcset":"https:\/\/i0.wp.com\/www.el-pan-alegre.org\/wordpress\/wp-content\/uploads\/2009\/07\/eisler-old.jpg?resize=350%2C200&ssl=1 1x, https:\/\/i0.wp.com\/www.el-pan-alegre.org\/wordpress\/wp-content\/uploads\/2009\/07\/eisler-old.jpg?resize=525%2C300&ssl=1 1.5x"},"classes":[]},{"id":7,"url":"https:\/\/www.el-pan-alegre.org\/wordpress\/7-zum-jahreswechsel\/","url_meta":{"origin":121,"position":2},"title":"Zum Jahreswechsel","author":"Anja Mocker","date":"26. Dezember 2014","format":false,"excerpt":"2014 scheint in einem Huii vergangen zu sein; die unterschiedlichsten Ereignisse - im eigenen Haus, im eigenen Umfeld, aber auch weiter entfernt - haben uns in Atem gehalten. En Buenas Manos e. V. freut sich deshalb um so mehr, trotz aller Schwierigkeiten im zu Ende gehenden Jahr nicht nur konstant\u2026","rel":"","context":"In &quot;Cuba&quot;","block_context":{"text":"Cuba","link":"https:\/\/www.el-pan-alegre.org\/wordpress\/kategorie\/cuba\/"},"img":{"alt_text":"","src":"","width":0,"height":0},"classes":[]},{"id":105,"url":"https:\/\/www.el-pan-alegre.org\/wordpress\/105-die-4-revolution-in-vollem-gange\/","url_meta":{"origin":121,"position":3},"title":"&#8222;Die 4. Revolution&#8220; in vollem Gange &#8230;","author":"Anja Mocker","date":"5. April 2010","format":false,"excerpt":"von Madeleine Porr ..., jetzt auch in den Kinos! \u00a0 \u00a0 \u00a0 \u00a0 \u00a0 \u00a0 Es kann gar nicht oft und laut genug gesagt werden: Die Sonne stellt - auf verschiedene Weise - mehr als genug Energie f\u00fcr alle Menschen auf der Erde zur Verf\u00fcgung. Ihre intelligente dezentrale, an die\u2026","rel":"","context":"In &quot;Biogas&quot;","block_context":{"text":"Biogas","link":"https:\/\/www.el-pan-alegre.org\/wordpress\/kategorie\/biogas\/"},"img":{"alt_text":"","src":"https:\/\/i0.wp.com\/www.el-pan-alegre.org\/wordpress\/wp-content\/uploads\/2010\/04\/4threvolution.jpg?resize=350%2C200&ssl=1","width":350,"height":200,"srcset":"https:\/\/i0.wp.com\/www.el-pan-alegre.org\/wordpress\/wp-content\/uploads\/2010\/04\/4threvolution.jpg?resize=350%2C200&ssl=1 1x, https:\/\/i0.wp.com\/www.el-pan-alegre.org\/wordpress\/wp-content\/uploads\/2010\/04\/4threvolution.jpg?resize=525%2C300&ssl=1 1.5x"},"classes":[]},{"id":2131,"url":"https:\/\/www.el-pan-alegre.org\/wordpress\/2131-ich-denk-mal-nach-haltig\/","url_meta":{"origin":121,"position":4},"title":"Ich denk mal nach&#8230;haltig!","author":"Madeleine Porr","date":"15. Juni 2019","format":false,"excerpt":"Immer mehr Familien verstehen, wie die verschiedenen Bereiche ihres Alltags miteinander zusammenh\u00e4ngen: Ern\u00e4hrung, Konsumgewohnheiten, Mobilit\u00e4t, Wirtschaften u.v.m. Und sie sorgen sich um die beschleunigten globalen Auswirkungen unseres derzeitigen Verhaltens - wie z. B. das umfangreiche Artensterben, der Klimawandel, die sozialen Verwerfungen ... Wie sie Schritt f\u00fcr Schritt ihr t\u00e4gliches Leben\u2026","rel":"","context":"In &quot;Allgemein&quot;","block_context":{"text":"Allgemein","link":"https:\/\/www.el-pan-alegre.org\/wordpress\/kategorie\/allgemein\/"},"img":{"alt_text":"","src":"https:\/\/i0.wp.com\/www.el-pan-alegre.org\/wordpress\/wp-content\/uploads\/2019\/06\/UBZ-Tafel.jpg?resize=350%2C200&ssl=1","width":350,"height":200,"srcset":"https:\/\/i0.wp.com\/www.el-pan-alegre.org\/wordpress\/wp-content\/uploads\/2019\/06\/UBZ-Tafel.jpg?resize=350%2C200&ssl=1 1x, https:\/\/i0.wp.com\/www.el-pan-alegre.org\/wordpress\/wp-content\/uploads\/2019\/06\/UBZ-Tafel.jpg?resize=525%2C300&ssl=1 1.5x, https:\/\/i0.wp.com\/www.el-pan-alegre.org\/wordpress\/wp-content\/uploads\/2019\/06\/UBZ-Tafel.jpg?resize=700%2C400&ssl=1 2x"},"classes":[]},{"id":76,"url":"https:\/\/www.el-pan-alegre.org\/wordpress\/76-tschuess-plastik-muell-pfiffige-ideen-rund-ums-upcycling-nicht-nur-zur-weihnachtszeit\/","url_meta":{"origin":121,"position":5},"title":"Tsch\u00fcss (Plastik-)M\u00fcll: pfiffige Ideen rund ums &#8222;Upcycling&#8220; nicht nur zur Weihnachtszeit","author":"Anja Mocker","date":"4. Dezember 2010","format":false,"excerpt":"Abfall vermeiden ist am besten. Aber wenn er schon mal entstanden ist, was dann? Neben Abfall trennen und \"Recyclen\" - also reinigen und wieder f\u00fcr dieselben Zwecke verwenden - breiten sich \u00fcberall auf der Welt immer mehr clevere Ideen zum so genannten \"Upcyclen\" aus: dem Aufwerten der Abfallstoffe.Z.B.:Upcycle it! -\u2026","rel":"","context":"In &quot;Abfall&quot;","block_context":{"text":"Abfall","link":"https:\/\/www.el-pan-alegre.org\/wordpress\/kategorie\/abfall\/"},"img":{"alt_text":"","src":"","width":0,"height":0},"classes":[]}],"_links":{"self":[{"href":"https:\/\/www.el-pan-alegre.org\/wordpress\/wp-json\/wp\/v2\/posts\/121","targetHints":{"allow":["GET"]}}],"collection":[{"href":"https:\/\/www.el-pan-alegre.org\/wordpress\/wp-json\/wp\/v2\/posts"}],"about":[{"href":"https:\/\/www.el-pan-alegre.org\/wordpress\/wp-json\/wp\/v2\/types\/post"}],"author":[{"embeddable":true,"href":"https:\/\/www.el-pan-alegre.org\/wordpress\/wp-json\/wp\/v2\/users\/1"}],"replies":[{"embeddable":true,"href":"https:\/\/www.el-pan-alegre.org\/wordpress\/wp-json\/wp\/v2\/comments?post=121"}],"version-history":[{"count":0,"href":"https:\/\/www.el-pan-alegre.org\/wordpress\/wp-json\/wp\/v2\/posts\/121\/revisions"}],"wp:featuredmedia":[{"embeddable":true,"href":"https:\/\/www.el-pan-alegre.org\/wordpress\/wp-json\/wp\/v2\/media\/393"}],"wp:attachment":[{"href":"https:\/\/www.el-pan-alegre.org\/wordpress\/wp-json\/wp\/v2\/media?parent=121"}],"wp:term":[{"taxonomy":"category","embeddable":true,"href":"https:\/\/www.el-pan-alegre.org\/wordpress\/wp-json\/wp\/v2\/categories?post=121"},{"taxonomy":"post_tag","embeddable":true,"href":"https:\/\/www.el-pan-alegre.org\/wordpress\/wp-json\/wp\/v2\/tags?post=121"}],"curies":[{"name":"wp","href":"https:\/\/api.w.org\/{rel}","templated":true}]}}