{"id":12,"date":"2014-02-13T21:50:00","date_gmt":"2014-02-13T20:50:00","guid":{"rendered":"http:\/\/www.el-pan-alegre.org\/wordpress\/12-feliz-ano-nuevo\/"},"modified":"2015-10-18T18:14:42","modified_gmt":"2015-10-18T16:14:42","slug":"feliz-ano-nuevo","status":"publish","type":"post","link":"https:\/\/www.el-pan-alegre.org\/wordpress\/12-feliz-ano-nuevo\/","title":{"rendered":"\u00a1Feliz a\u00f1o nuevo!"},"content":{"rendered":"<div style=\"text-align: justify;\">\n<p>Ha pasado casi un a\u00f1o desde el \u00faltimo bolet\u00edn donde compart\u00ed con ustedes informaciones e impresiones acerca de aquel coloquio tan lleno de alegr\u00eda \u201cHaciendo el futuro (sostenible) con fuerza local\u201d en la Asociaci\u00f3n Cubana de las Naciones Unidas, La Habana. \u00bfSe acuerdan?<\/p>\n<p>Desde all\u00e1 para ac\u00e1, este futuro con fuerza local, puso pie en tierra tambi\u00e9n en el parque berlin\u00e9s Wuhlheide donde nosotr@s del Pan Alegre y la ONG En Buenas Manos, desde hace cuatro a\u00f1os, cooperamos con el FEZ, mayor centro comunitario europeo sin fines de lucro, en el \u00e1rea de la Educaci\u00f3n para el desarrollo sostenible. <!--more--><\/p>\n<p>Con el objetivo de concretizar la visi\u00f3n de un \u201cPara\u00edso Wuhlheide\u201d, logr\u00e9 \u2013junto con una colega\u2014un financiamiento inicial, del Fondo Social de la Uni\u00f3n Europea. La meta es: formar una red de l@s actores principales en el parque y los municipios colindantes que dise\u00f1e conceptos para puestos de trabajo y modos de capacitaci\u00f3n en lo que se refiere a una recreaci\u00f3n sana y una oferta gastron\u00f3mica ecol\u00f3gicas sostenibles, para toda la familia; es decir, vincular la diversi\u00f3n con el experimentar de posibilidades c\u00f3mo se puede vivir sabroso y sostenible.<\/p>\n<p>Entonces estamos pensando en realizar recorridos y puntos de descubrimiento como por ejemplo: el \u201cCiclo de las energ\u00edas\u201d (agua, solar, etc.); el \u201cJard\u00edn Ed\u00e9n comunitario\u201d (de la producci\u00f3n de alimentos b\u00e1sicos nutritivos); el \u201cTaller de los tesoros\u201d (ense\u00f1anza en las artesan\u00edas y la construcci\u00f3n de casas, con materiales naturales locales y regionales o reciclados); la \u201cAventura a cuatro sentidos\u201d (descubrir el parque sin usar los ojos, guiad@s por especialistas invidentes); la \u201cV\u00eda deportiva\u201d (utilizando materiales naturales para los ejercicios), entre otros.<\/p>\n<p>Por lo que se refiere a la gastronom\u00eda sostenible, entre otras ofertas, por cierto no faltar\u00e1 una \u201cPanader\u00eda infantil alegre de amaranto\u201d donde l@s ni\u00f1@s pueden experimentar todos los beneficios de un alimento de alto valor nutritivo, conocer una fuente de energ\u00eda limpia y siempre a mano, el biog\u00e1s, y producir pancitos, galletas, empanadas, gofres y muchas delicias m\u00e1s.<\/p>\n<p>Dado, sin embargo, que l@s peque\u00f1@s panader@s no quer\u00edan esperar hasta que la pander\u00eda fija se haya terminado de construir, volvimos a abrir las puertas de nuestro contenedor-panader\u00eda una vez m\u00e1s desde el D\u00eda de l@s ni\u00f1@s, el 1ro de junio, hasta finales de septiembre.<\/p>\n<p>Bueno, familia, as\u00ed pas\u00f3 el 2013 y lleg\u00f3 el nuevo a\u00f1o. En nombre de tod@s nosotr@s del Pan Alegre y de En Buenas Manos, les deseo para \u00e9l todo lo mejor, m\u00e1s \u00a1una buena dosis de alegr\u00eda siempre!<\/p>\n<p>Un abrazo fuerte<br \/>\ndesde Madeleine Porr<\/p>\n<p>Coordinadora El Pan Alegre<br \/>\nAlemania \u2013 Cuba<br \/>\nCorreos: kontakt@madeleine-porr.de;<br \/>\nm.porr@el-pan-alegre.org<\/p>\n<\/div>\n<p>&nbsp;<\/p>\n","protected":false},"excerpt":{"rendered":"<p>Ha pasado casi un a\u00f1o desde el \u00faltimo bolet\u00edn donde compart\u00ed con ustedes informaciones e impresiones acerca de aquel coloquio tan lleno de alegr\u00eda \u201cHaciendo el futuro (sostenible) con fuerza local\u201d en la Asociaci\u00f3n Cubana de las Naciones Unidas, La &hellip; <a href=\"https:\/\/www.el-pan-alegre.org\/wordpress\/12-feliz-ano-nuevo\/\">Weiterlesen <span class=\"meta-nav\">&rarr;<\/span><\/a><\/p>\n","protected":false},"author":1,"featured_media":0,"comment_status":"open","ping_status":"open","sticky":false,"template":"","format":"standard","meta":{"jetpack_post_was_ever_published":false,"_jetpack_newsletter_access":"","_jetpack_dont_email_post_to_subs":false,"_jetpack_newsletter_tier_id":0,"_jetpack_memberships_contains_paywalled_content":false,"_jetpack_memberships_contains_paid_content":false,"footnotes":"","jetpack_publicize_message":"","jetpack_publicize_feature_enabled":true,"jetpack_social_post_already_shared":false,"jetpack_social_options":{"image_generator_settings":{"template":"highway","default_image_id":0,"font":"","enabled":false},"version":2}},"categories":[16,25,3,13,9,19,21,6,2,24,8,26,22],"tags":[],"class_list":["post-12","post","type-post","status-publish","format-standard","hentry","category-amaranth","category-anja","category-cuba","category-espanol","category-fez","category-fez-berlin-oeko-insel","category-froehliche-amaranth-kinderbaeckerei","category-information","category-oeffentlichkeitsarbeit","category-paradies-wuhlheide","category-verein","category-werkstatt-n","category-zukunftskolloquium"],"yoast_head":"<!-- This site is optimized with the Yoast SEO plugin v27.5 - https:\/\/yoast.com\/product\/yoast-seo-wordpress\/ -->\n<title>\u00a1Feliz a\u00f1o nuevo! - El Pan Alegre<\/title>\n<meta name=\"robots\" content=\"index, follow, max-snippet:-1, max-image-preview:large, max-video-preview:-1\" \/>\n<link rel=\"canonical\" href=\"https:\/\/www.el-pan-alegre.org\/wordpress\/12-feliz-ano-nuevo\/\" \/>\n<meta property=\"og:locale\" content=\"de_DE\" \/>\n<meta property=\"og:type\" content=\"article\" \/>\n<meta property=\"og:title\" content=\"\u00a1Feliz a\u00f1o nuevo! - El Pan Alegre\" \/>\n<meta property=\"og:description\" content=\"Ha pasado casi un a\u00f1o desde el \u00faltimo bolet\u00edn donde compart\u00ed con ustedes informaciones e impresiones acerca de aquel coloquio tan lleno de alegr\u00eda \u201cHaciendo el futuro (sostenible) con fuerza local\u201d en la Asociaci\u00f3n Cubana de las Naciones Unidas, La &hellip; Weiterlesen &rarr;\" \/>\n<meta property=\"og:url\" content=\"https:\/\/www.el-pan-alegre.org\/wordpress\/12-feliz-ano-nuevo\/\" \/>\n<meta property=\"og:site_name\" content=\"El Pan Alegre\" \/>\n<meta property=\"article:published_time\" content=\"2014-02-13T20:50:00+00:00\" \/>\n<meta property=\"article:modified_time\" content=\"2015-10-18T16:14:42+00:00\" \/>\n<meta name=\"author\" content=\"Anja Mocker\" \/>\n<meta name=\"twitter:card\" content=\"summary_large_image\" \/>\n<meta name=\"twitter:label1\" content=\"Verfasst von\" \/>\n\t<meta name=\"twitter:data1\" content=\"Anja Mocker\" \/>\n\t<meta name=\"twitter:label2\" content=\"Gesch\u00e4tzte Lesezeit\" \/>\n\t<meta name=\"twitter:data2\" content=\"2\u00a0Minuten\" \/>\n<script type=\"application\/ld+json\" class=\"yoast-schema-graph\">{\"@context\":\"https:\\\/\\\/schema.org\",\"@graph\":[{\"@type\":\"Article\",\"@id\":\"https:\\\/\\\/www.el-pan-alegre.org\\\/wordpress\\\/12-feliz-ano-nuevo\\\/#article\",\"isPartOf\":{\"@id\":\"https:\\\/\\\/www.el-pan-alegre.org\\\/wordpress\\\/12-feliz-ano-nuevo\\\/\"},\"author\":{\"name\":\"Anja Mocker\",\"@id\":\"https:\\\/\\\/www.el-pan-alegre.org\\\/wordpress\\\/#\\\/schema\\\/person\\\/a61ba0bec6094c61dbf9da4e4e4e5bfe\"},\"headline\":\"\u00a1Feliz a\u00f1o nuevo!\",\"datePublished\":\"2014-02-13T20:50:00+00:00\",\"dateModified\":\"2015-10-18T16:14:42+00:00\",\"mainEntityOfPage\":{\"@id\":\"https:\\\/\\\/www.el-pan-alegre.org\\\/wordpress\\\/12-feliz-ano-nuevo\\\/\"},\"wordCount\":488,\"commentCount\":0,\"articleSection\":[\"Amaranth\",\"Anja\",\"Cuba\",\"espa\u00f1ol\",\"FEZ\",\"FEZ-Berlin \u00d6ko-Insel\",\"Fr\u00f6hliche Amaranth-Kinderb\u00e4ckerei\",\"Information\",\"\u00d6ffentlichkeitsarbeit\",\"Paradies Wuhlheide\",\"Verein\",\"Werkstatt N\",\"Zukunftskolloquium\"],\"inLanguage\":\"de\",\"potentialAction\":[{\"@type\":\"CommentAction\",\"name\":\"Comment\",\"target\":[\"https:\\\/\\\/www.el-pan-alegre.org\\\/wordpress\\\/12-feliz-ano-nuevo\\\/#respond\"]}]},{\"@type\":\"WebPage\",\"@id\":\"https:\\\/\\\/www.el-pan-alegre.org\\\/wordpress\\\/12-feliz-ano-nuevo\\\/\",\"url\":\"https:\\\/\\\/www.el-pan-alegre.org\\\/wordpress\\\/12-feliz-ano-nuevo\\\/\",\"name\":\"\u00a1Feliz a\u00f1o nuevo! - El Pan Alegre\",\"isPartOf\":{\"@id\":\"https:\\\/\\\/www.el-pan-alegre.org\\\/wordpress\\\/#website\"},\"datePublished\":\"2014-02-13T20:50:00+00:00\",\"dateModified\":\"2015-10-18T16:14:42+00:00\",\"author\":{\"@id\":\"https:\\\/\\\/www.el-pan-alegre.org\\\/wordpress\\\/#\\\/schema\\\/person\\\/a61ba0bec6094c61dbf9da4e4e4e5bfe\"},\"breadcrumb\":{\"@id\":\"https:\\\/\\\/www.el-pan-alegre.org\\\/wordpress\\\/12-feliz-ano-nuevo\\\/#breadcrumb\"},\"inLanguage\":\"de\",\"potentialAction\":[{\"@type\":\"ReadAction\",\"target\":[\"https:\\\/\\\/www.el-pan-alegre.org\\\/wordpress\\\/12-feliz-ano-nuevo\\\/\"]}]},{\"@type\":\"BreadcrumbList\",\"@id\":\"https:\\\/\\\/www.el-pan-alegre.org\\\/wordpress\\\/12-feliz-ano-nuevo\\\/#breadcrumb\",\"itemListElement\":[{\"@type\":\"ListItem\",\"position\":1,\"name\":\"Home\",\"item\":\"https:\\\/\\\/www.el-pan-alegre.org\\\/wordpress\\\/\"},{\"@type\":\"ListItem\",\"position\":2,\"name\":\"\u00a1Feliz a\u00f1o nuevo!\"}]},{\"@type\":\"WebSite\",\"@id\":\"https:\\\/\\\/www.el-pan-alegre.org\\\/wordpress\\\/#website\",\"url\":\"https:\\\/\\\/www.el-pan-alegre.org\\\/wordpress\\\/\",\"name\":\"El Pan Alegre\",\"description\":\"Das Fr\u00f6hliche Brot\",\"potentialAction\":[{\"@type\":\"SearchAction\",\"target\":{\"@type\":\"EntryPoint\",\"urlTemplate\":\"https:\\\/\\\/www.el-pan-alegre.org\\\/wordpress\\\/?s={search_term_string}\"},\"query-input\":{\"@type\":\"PropertyValueSpecification\",\"valueRequired\":true,\"valueName\":\"search_term_string\"}}],\"inLanguage\":\"de\"},{\"@type\":\"Person\",\"@id\":\"https:\\\/\\\/www.el-pan-alegre.org\\\/wordpress\\\/#\\\/schema\\\/person\\\/a61ba0bec6094c61dbf9da4e4e4e5bfe\",\"name\":\"Anja Mocker\",\"image\":{\"@type\":\"ImageObject\",\"inLanguage\":\"de\",\"@id\":\"https:\\\/\\\/secure.gravatar.com\\\/avatar\\\/c283b0b556471cdaac4be59c661b13c1e141f08ca0dd2eb8f8d587262d7f04bb?s=96&d=identicon&r=g\",\"url\":\"https:\\\/\\\/secure.gravatar.com\\\/avatar\\\/c283b0b556471cdaac4be59c661b13c1e141f08ca0dd2eb8f8d587262d7f04bb?s=96&d=identicon&r=g\",\"contentUrl\":\"https:\\\/\\\/secure.gravatar.com\\\/avatar\\\/c283b0b556471cdaac4be59c661b13c1e141f08ca0dd2eb8f8d587262d7f04bb?s=96&d=identicon&r=g\",\"caption\":\"Anja Mocker\"},\"url\":\"https:\\\/\\\/www.el-pan-alegre.org\\\/wordpress\\\/author\\\/admin\\\/\"}]}<\/script>\n<!-- \/ Yoast SEO plugin. -->","yoast_head_json":{"title":"\u00a1Feliz a\u00f1o nuevo! - El Pan Alegre","robots":{"index":"index","follow":"follow","max-snippet":"max-snippet:-1","max-image-preview":"max-image-preview:large","max-video-preview":"max-video-preview:-1"},"canonical":"https:\/\/www.el-pan-alegre.org\/wordpress\/12-feliz-ano-nuevo\/","og_locale":"de_DE","og_type":"article","og_title":"\u00a1Feliz a\u00f1o nuevo! - El Pan Alegre","og_description":"Ha pasado casi un a\u00f1o desde el \u00faltimo bolet\u00edn donde compart\u00ed con ustedes informaciones e impresiones acerca de aquel coloquio tan lleno de alegr\u00eda \u201cHaciendo el futuro (sostenible) con fuerza local\u201d en la Asociaci\u00f3n Cubana de las Naciones Unidas, La &hellip; Weiterlesen &rarr;","og_url":"https:\/\/www.el-pan-alegre.org\/wordpress\/12-feliz-ano-nuevo\/","og_site_name":"El Pan Alegre","article_published_time":"2014-02-13T20:50:00+00:00","article_modified_time":"2015-10-18T16:14:42+00:00","author":"Anja Mocker","twitter_card":"summary_large_image","twitter_misc":{"Verfasst von":"Anja Mocker","Gesch\u00e4tzte Lesezeit":"2\u00a0Minuten"},"schema":{"@context":"https:\/\/schema.org","@graph":[{"@type":"Article","@id":"https:\/\/www.el-pan-alegre.org\/wordpress\/12-feliz-ano-nuevo\/#article","isPartOf":{"@id":"https:\/\/www.el-pan-alegre.org\/wordpress\/12-feliz-ano-nuevo\/"},"author":{"name":"Anja Mocker","@id":"https:\/\/www.el-pan-alegre.org\/wordpress\/#\/schema\/person\/a61ba0bec6094c61dbf9da4e4e4e5bfe"},"headline":"\u00a1Feliz a\u00f1o nuevo!","datePublished":"2014-02-13T20:50:00+00:00","dateModified":"2015-10-18T16:14:42+00:00","mainEntityOfPage":{"@id":"https:\/\/www.el-pan-alegre.org\/wordpress\/12-feliz-ano-nuevo\/"},"wordCount":488,"commentCount":0,"articleSection":["Amaranth","Anja","Cuba","espa\u00f1ol","FEZ","FEZ-Berlin \u00d6ko-Insel","Fr\u00f6hliche Amaranth-Kinderb\u00e4ckerei","Information","\u00d6ffentlichkeitsarbeit","Paradies Wuhlheide","Verein","Werkstatt N","Zukunftskolloquium"],"inLanguage":"de","potentialAction":[{"@type":"CommentAction","name":"Comment","target":["https:\/\/www.el-pan-alegre.org\/wordpress\/12-feliz-ano-nuevo\/#respond"]}]},{"@type":"WebPage","@id":"https:\/\/www.el-pan-alegre.org\/wordpress\/12-feliz-ano-nuevo\/","url":"https:\/\/www.el-pan-alegre.org\/wordpress\/12-feliz-ano-nuevo\/","name":"\u00a1Feliz a\u00f1o nuevo! - El Pan Alegre","isPartOf":{"@id":"https:\/\/www.el-pan-alegre.org\/wordpress\/#website"},"datePublished":"2014-02-13T20:50:00+00:00","dateModified":"2015-10-18T16:14:42+00:00","author":{"@id":"https:\/\/www.el-pan-alegre.org\/wordpress\/#\/schema\/person\/a61ba0bec6094c61dbf9da4e4e4e5bfe"},"breadcrumb":{"@id":"https:\/\/www.el-pan-alegre.org\/wordpress\/12-feliz-ano-nuevo\/#breadcrumb"},"inLanguage":"de","potentialAction":[{"@type":"ReadAction","target":["https:\/\/www.el-pan-alegre.org\/wordpress\/12-feliz-ano-nuevo\/"]}]},{"@type":"BreadcrumbList","@id":"https:\/\/www.el-pan-alegre.org\/wordpress\/12-feliz-ano-nuevo\/#breadcrumb","itemListElement":[{"@type":"ListItem","position":1,"name":"Home","item":"https:\/\/www.el-pan-alegre.org\/wordpress\/"},{"@type":"ListItem","position":2,"name":"\u00a1Feliz a\u00f1o nuevo!"}]},{"@type":"WebSite","@id":"https:\/\/www.el-pan-alegre.org\/wordpress\/#website","url":"https:\/\/www.el-pan-alegre.org\/wordpress\/","name":"El Pan Alegre","description":"Das Fr\u00f6hliche Brot","potentialAction":[{"@type":"SearchAction","target":{"@type":"EntryPoint","urlTemplate":"https:\/\/www.el-pan-alegre.org\/wordpress\/?s={search_term_string}"},"query-input":{"@type":"PropertyValueSpecification","valueRequired":true,"valueName":"search_term_string"}}],"inLanguage":"de"},{"@type":"Person","@id":"https:\/\/www.el-pan-alegre.org\/wordpress\/#\/schema\/person\/a61ba0bec6094c61dbf9da4e4e4e5bfe","name":"Anja Mocker","image":{"@type":"ImageObject","inLanguage":"de","@id":"https:\/\/secure.gravatar.com\/avatar\/c283b0b556471cdaac4be59c661b13c1e141f08ca0dd2eb8f8d587262d7f04bb?s=96&d=identicon&r=g","url":"https:\/\/secure.gravatar.com\/avatar\/c283b0b556471cdaac4be59c661b13c1e141f08ca0dd2eb8f8d587262d7f04bb?s=96&d=identicon&r=g","contentUrl":"https:\/\/secure.gravatar.com\/avatar\/c283b0b556471cdaac4be59c661b13c1e141f08ca0dd2eb8f8d587262d7f04bb?s=96&d=identicon&r=g","caption":"Anja Mocker"},"url":"https:\/\/www.el-pan-alegre.org\/wordpress\/author\/admin\/"}]}},"jetpack_publicize_connections":[],"jetpack_featured_media_url":"","jetpack_sharing_enabled":true,"jetpack_shortlink":"https:\/\/wp.me\/p62TDh-c","jetpack-related-posts":[{"id":38,"url":"https:\/\/www.el-pan-alegre.org\/wordpress\/38-newsticker-froehliche-amaranthkinderbaeckerei-vor-dem-fez-berlin-eroeffnet-voller-erfolg-bei-klein-und-gross\/","url_meta":{"origin":12,"position":0},"title":"+  +  +    NEWSTICKER: FR\u00d6HLICHE AMARANTHKINDERB\u00c4CKEREI VOR DEM FEZ-BERLIN ER\u00d6FFNET   +  +  +    VOLLER ERFOLG BEI KLEIN UND GRO\u00df +  +  +","author":"Anja Mocker","date":"1. Juni 2012","format":false,"excerpt":"Aus der Wuhlheide ein schneller - total ersch\u00f6pfter, aber superfr\u00f6hlicher - Gru\u00df von Madeleine, Anja, Robert und Claudia.\u00a0 Wir sind sehr gl\u00fccklich, unsere neuen Teammitglieder Karsten Schaale und \"Kater Cook\" bei uns zu haben, ein wunderbarer und supererfahrener Kinder-B\u00e4cker-Koch und sein Maskottchen; er hat unser neuestes Spezialprodukt entworfen: die k\u00f6stliche\u2026","rel":"","context":"In &quot;Amaranth&quot;","block_context":{"text":"Amaranth","link":"https:\/\/www.el-pan-alegre.org\/wordpress\/kategorie\/amaranth\/"},"img":{"alt_text":"","src":"https:\/\/i0.wp.com\/www.el-pan-alegre.org\/wordpress\/wp-content\/uploads\/2012\/06\/SAM_1724.jpg?resize=350%2C200&ssl=1","width":350,"height":200,"srcset":"https:\/\/i0.wp.com\/www.el-pan-alegre.org\/wordpress\/wp-content\/uploads\/2012\/06\/SAM_1724.jpg?resize=350%2C200&ssl=1 1x, https:\/\/i0.wp.com\/www.el-pan-alegre.org\/wordpress\/wp-content\/uploads\/2012\/06\/SAM_1724.jpg?resize=525%2C300&ssl=1 1.5x, https:\/\/i0.wp.com\/www.el-pan-alegre.org\/wordpress\/wp-content\/uploads\/2012\/06\/SAM_1724.jpg?resize=700%2C400&ssl=1 2x"},"classes":[]},{"id":35,"url":"https:\/\/www.el-pan-alegre.org\/wordpress\/35-neues-aus-der-froehlichen-amaranth-kinderbaeckerei-novedades-desde-la-panaderia-alegre-infantil-de-amaranto\/","url_meta":{"origin":12,"position":1},"title":"Neues aus der &#8222;Fr\u00f6hlichen Amaranth-Kinderb\u00e4ckerei&#8220; &#8211; Novedades desde la &#8222;Panader\u00eda Alegre Infantil de Amaranto&#8220;","author":"Anja Mocker","date":"5. Juli 2012","format":false,"excerpt":"\u00a0 Noch bis zum 30.09.12 wird samstags und sonntags (12-18 Uhr) sowie mittwochs (8-14 Uhr) kr\u00e4ftig geknetet, gerollt, ausgestochen und gebacken, w\u00e4hrend auf der paradiesischen FEZ-\u00d6koinsel bereits der Nachschub an Amaranthk\u00f6rnern heranw\u00e4chst. Mehr Fotos hier. -\u00a0 \u00a0 Hasta el 30 de septiembre, los s\u00e1bados y domingos (12 a.m.-6 p.m.) y\u2026","rel":"","context":"In &quot;Amaranth&quot;","block_context":{"text":"Amaranth","link":"https:\/\/www.el-pan-alegre.org\/wordpress\/kategorie\/amaranth\/"},"img":{"alt_text":"","src":"https:\/\/i0.wp.com\/www.el-pan-alegre.org\/wordpress\/wp-content\/uploads\/2012\/07\/11.jpg?resize=350%2C200&ssl=1","width":350,"height":200,"srcset":"https:\/\/i0.wp.com\/www.el-pan-alegre.org\/wordpress\/wp-content\/uploads\/2012\/07\/11.jpg?resize=350%2C200&ssl=1 1x, https:\/\/i0.wp.com\/www.el-pan-alegre.org\/wordpress\/wp-content\/uploads\/2012\/07\/11.jpg?resize=525%2C300&ssl=1 1.5x, https:\/\/i0.wp.com\/www.el-pan-alegre.org\/wordpress\/wp-content\/uploads\/2012\/07\/11.jpg?resize=700%2C400&ssl=1 2x"},"classes":[]},{"id":31,"url":"https:\/\/www.el-pan-alegre.org\/wordpress\/31-einladung-zum-erntefest-29-30-09-12\/","url_meta":{"origin":12,"position":2},"title":"EINLADUNG ZUM ERNTEFEST 29.+30.09.12","author":"Anja Mocker","date":"30. August 2012","format":false,"excerpt":"Am Wochenende des 29. und 30.09.12 wird in der \"Fr\u00f6hlichen Amaranth-Kinderb\u00e4ckerei\" noch einmal die lange Zeit vergessene alte Kulturpflanze Amaranth mit all ihren Qualit\u00e4ten und kulinarischen Verwendungsm\u00f6glichkeiten im Mittelpunkt stehen. \u00a0 Mit ihren Familien lernen die Kinder die spannende Geschichte des kleinen Amaranthkorns kennen und finden heraus, woher seine Riesenkr\u00e4fte\u2026","rel":"","context":"In &quot;Amaranth&quot;","block_context":{"text":"Amaranth","link":"https:\/\/www.el-pan-alegre.org\/wordpress\/kategorie\/amaranth\/"},"img":{"alt_text":"","src":"https:\/\/i0.wp.com\/www.el-pan-alegre.org\/wordpress\/wp-content\/uploads\/2012\/08\/Die_Froehliche_Amaranthkinderbaeckerei.jpg?resize=350%2C200&ssl=1","width":350,"height":200,"srcset":"https:\/\/i0.wp.com\/www.el-pan-alegre.org\/wordpress\/wp-content\/uploads\/2012\/08\/Die_Froehliche_Amaranthkinderbaeckerei.jpg?resize=350%2C200&ssl=1 1x, https:\/\/i0.wp.com\/www.el-pan-alegre.org\/wordpress\/wp-content\/uploads\/2012\/08\/Die_Froehliche_Amaranthkinderbaeckerei.jpg?resize=525%2C300&ssl=1 1.5x"},"classes":[]},{"id":30,"url":"https:\/\/www.el-pan-alegre.org\/wordpress\/30-fantastisches-2012-willkommen-2013\/","url_meta":{"origin":12,"position":3},"title":"Fantastisches 2012 \/ Willkommen 2013!","author":"Anja Mocker","date":"31. Dezember 2012","format":false,"excerpt":"Fr\u00f6hliche Gr\u00fc\u00dfe f\u00fcr das neue Jahr voller Wunder, Gl\u00fcck, Zufriedenheit, Gesundheit und Erfolg auf allen Ebenen! Ein spannendes Jahr liegt hinter uns. Die Fr\u00f6hliche Amaranth-Kinderb\u00e4ckerei wird jedem Kind, das in die Wuhlheide gekommen ist, in freudiger Erinnerung bleiben. Das Paradies Wuhlheide f\u00e4ngt an sich zu regen und zu entwickeln. Viele\u2026","rel":"","context":"In &quot;Information&quot;","block_context":{"text":"Information","link":"https:\/\/www.el-pan-alegre.org\/wordpress\/kategorie\/information\/"},"img":{"alt_text":"","src":"https:\/\/i0.wp.com\/www.el-pan-alegre.org\/wordpress\/wp-content\/uploads\/2012\/12\/das_froehliche_brot.jpg?resize=350%2C200&ssl=1","width":350,"height":200,"srcset":"https:\/\/i0.wp.com\/www.el-pan-alegre.org\/wordpress\/wp-content\/uploads\/2012\/12\/das_froehliche_brot.jpg?resize=350%2C200&ssl=1 1x, https:\/\/i0.wp.com\/www.el-pan-alegre.org\/wordpress\/wp-content\/uploads\/2012\/12\/das_froehliche_brot.jpg?resize=525%2C300&ssl=1 1.5x"},"classes":[]},{"id":44,"url":"https:\/\/www.el-pan-alegre.org\/wordpress\/44-froehliches-saubermachenherrichten-des-backcontainers-am-freitag\/","url_meta":{"origin":12,"position":4},"title":"Fr\u00f6hliches Saubermachen\/Herrichten des Backcontainers am Freitag","author":"Anja Mocker","date":"16. Mai 2012","format":false,"excerpt":"Ihr Lieben,\u00a0am Freitag, den 18. Mai 2012 gehts los mit der \"Fr\u00f6hlichen Putzaktion\" der neuen Amaranth-Kinderb\u00e4ckerei in der Wuhlheide. Yipiiiii.Wer mitmachen will bei der Putzparty kann gegen 10 Uhr in die Wuhlheide, vor dem FEZ-Berlin kommen. Gr\u00fcnspan wegb\u00fcrsten, Regale und Tische polieren, den Container baden und vieles andere mehr....\u00a0(Foto: M.\u2026","rel":"","context":"In &quot;Fr\u00f6hliche Amaranth-Kinderb\u00e4ckerei&quot;","block_context":{"text":"Fr\u00f6hliche Amaranth-Kinderb\u00e4ckerei","link":"https:\/\/www.el-pan-alegre.org\/wordpress\/kategorie\/froehliche-amaranth-kinderbaeckerei\/"},"img":{"alt_text":"","src":"https:\/\/i0.wp.com\/www.el-pan-alegre.org\/wordpress\/wp-content\/uploads\/2012\/05\/SAM_1398.jpg?resize=350%2C200&ssl=1","width":350,"height":200,"srcset":"https:\/\/i0.wp.com\/www.el-pan-alegre.org\/wordpress\/wp-content\/uploads\/2012\/05\/SAM_1398.jpg?resize=350%2C200&ssl=1 1x, https:\/\/i0.wp.com\/www.el-pan-alegre.org\/wordpress\/wp-content\/uploads\/2012\/05\/SAM_1398.jpg?resize=525%2C300&ssl=1 1.5x, https:\/\/i0.wp.com\/www.el-pan-alegre.org\/wordpress\/wp-content\/uploads\/2012\/05\/SAM_1398.jpg?resize=700%2C400&ssl=1 2x"},"classes":[]},{"id":33,"url":"https:\/\/www.el-pan-alegre.org\/wordpress\/33-neu-in-fezitty-die-amaranth-keksbaeckerei\/","url_meta":{"origin":12,"position":5},"title":"NEU IN FEZITTY: Die Amaranth-Keksb\u00e4ckerei!","author":"Anja Mocker","date":"17. Juli 2012","format":false,"excerpt":"Noch zweieinhalb Wochen lang regieren in der Wuhlheide die Kinder in ihrer Hauptstadt: das FEZ hat sich wieder in die FEZitty verwandelt, die Sommerferien-Spielstadt! In diesem Jahr gibt es - dank einer F\u00f6rderung des Deutschen Kinderhilfswerks und der Unterst\u00fctzung der K\u00f6penicker B\u00e4ckerei und Konditorei Jaenichen - zwei neue Berufe, f\u00fcr\u2026","rel":"","context":"In &quot;Amaranth&quot;","block_context":{"text":"Amaranth","link":"https:\/\/www.el-pan-alegre.org\/wordpress\/kategorie\/amaranth\/"},"img":{"alt_text":"","src":"https:\/\/i0.wp.com\/www.el-pan-alegre.org\/wordpress\/wp-content\/uploads\/2012\/07\/01.jpg?resize=350%2C200&ssl=1","width":350,"height":200,"srcset":"https:\/\/i0.wp.com\/www.el-pan-alegre.org\/wordpress\/wp-content\/uploads\/2012\/07\/01.jpg?resize=350%2C200&ssl=1 1x, https:\/\/i0.wp.com\/www.el-pan-alegre.org\/wordpress\/wp-content\/uploads\/2012\/07\/01.jpg?resize=525%2C300&ssl=1 1.5x, https:\/\/i0.wp.com\/www.el-pan-alegre.org\/wordpress\/wp-content\/uploads\/2012\/07\/01.jpg?resize=700%2C400&ssl=1 2x"},"classes":[]}],"_links":{"self":[{"href":"https:\/\/www.el-pan-alegre.org\/wordpress\/wp-json\/wp\/v2\/posts\/12","targetHints":{"allow":["GET"]}}],"collection":[{"href":"https:\/\/www.el-pan-alegre.org\/wordpress\/wp-json\/wp\/v2\/posts"}],"about":[{"href":"https:\/\/www.el-pan-alegre.org\/wordpress\/wp-json\/wp\/v2\/types\/post"}],"author":[{"embeddable":true,"href":"https:\/\/www.el-pan-alegre.org\/wordpress\/wp-json\/wp\/v2\/users\/1"}],"replies":[{"embeddable":true,"href":"https:\/\/www.el-pan-alegre.org\/wordpress\/wp-json\/wp\/v2\/comments?post=12"}],"version-history":[{"count":2,"href":"https:\/\/www.el-pan-alegre.org\/wordpress\/wp-json\/wp\/v2\/posts\/12\/revisions"}],"predecessor-version":[{"id":952,"href":"https:\/\/www.el-pan-alegre.org\/wordpress\/wp-json\/wp\/v2\/posts\/12\/revisions\/952"}],"wp:attachment":[{"href":"https:\/\/www.el-pan-alegre.org\/wordpress\/wp-json\/wp\/v2\/media?parent=12"}],"wp:term":[{"taxonomy":"category","embeddable":true,"href":"https:\/\/www.el-pan-alegre.org\/wordpress\/wp-json\/wp\/v2\/categories?post=12"},{"taxonomy":"post_tag","embeddable":true,"href":"https:\/\/www.el-pan-alegre.org\/wordpress\/wp-json\/wp\/v2\/tags?post=12"}],"curies":[{"name":"wp","href":"https:\/\/api.w.org\/{rel}","templated":true}]}}