{"id":11,"date":"2014-02-13T21:58:00","date_gmt":"2014-02-13T20:58:00","guid":{"rendered":"http:\/\/www.el-pan-alegre.org\/wordpress\/11-froehliches-neues-jahr\/"},"modified":"2015-10-18T18:12:14","modified_gmt":"2015-10-18T16:12:14","slug":"froehliches-neues-jahr","status":"publish","type":"post","link":"https:\/\/www.el-pan-alegre.org\/wordpress\/11-froehliches-neues-jahr\/","title":{"rendered":"Fr\u00f6hliches neues Jahr!"},"content":{"rendered":"<div style=\"text-align: justify;\"><a href=\"http:\/\/www.el-pan-alegre.org\/wordpress\/wp-content\/uploads\/2014\/02\/1-715067.jpg\"><img decoding=\"async\" id=\"BLOGGER_PHOTO_ID_5979975809363498642\" src=\"http:\/\/www.el-pan-alegre.org\/wordpress\/wp-content\/uploads\/2014\/02\/1-715067-300x260.jpg\" alt=\"\" border=\"0\" \/><\/a><\/div>\n<div style=\"text-align: justify;\">\n<div style=\"margin-bottom: 6pt;\"><span lang=\"DE\">Fast ein Jahr ist vergangen seit den letzten Blogeintr\u00e4gen. Sie kamen auch damals aus Kuba und hatten als Thema die Zusammenfassung des dreit\u00e4gigen Kolloqiums \u201eDie Zukunft (nachhaltig) gestalten mit lokaler Kraft\u201c unter dem Dach der Buchmesse Havanna sowie die Freundschaftserkl\u00e4rung der Shiatsu-Initiative des Italieners Francisco Cotino in Havanna mit \u201eEl Pan Alegre\u201c und seinem Berliner Tr\u00e4gerverein En Buenas Manos e. V.<\/span><\/div>\n<div style=\"margin-bottom: 6pt;\"><span lang=\"DE\">Seither hat sich viel bewegt, in Havanna und in Berlin. <\/span><\/div>\n<p><!--more--><\/p>\n<div style=\"margin-bottom: 6pt;\"><span lang=\"DE\">Die vor einem Jahr in Kuba diskutierte \u201eNachhaltige Zukunftsgestaltung mit lokaler Kraft\u201c \u2013 insbesondere im Bereich der Grundversorgung mit Nahrung und Energie \u2013 hat in der Zwischenzeit auch im Berliner Volks- und Waldpark Wuhlheide erste zarte Wurzeln geschlagen. Hier hat ja im Bereich Bildung f\u00fcr nachhaltige Entwicklung vor vier Jahren die Kooperation von En Buenas Manos mit dem FEZ-Berlin begonnen, Europas gr\u00f6\u00dftem gemeinn\u00fctzigen Freizeit-, Bildungs- und Erholungszentrum f\u00fcr Kinder, Jugendliche und Familien.<\/span><\/div>\n<div style=\"margin-bottom: 6pt;\"><span lang=\"DE\">Nun ist es gelungen, unserer Vision von einem m\u00f6glichen \u201e<span style=\"text-transform: uppercase;\">Paradies Wuhlheide<\/span>\u201c, einem Kreativpark f\u00fcr nachhaltiges Leben und Wirtschaften in der Gro\u00dfstadt (s. auch <a href=\"http:\/\/www.paradies-wuhlheide.de\" target=\"_blank\">Webseite<\/a>), einen Schritt n\u00e4her zu kommen: Aus dem gleichnamigen Netzwerk ist neben dem Grundlagenpapier f\u00fcr einen Masterplan auch ein erstes EU-finanziertes Einstiegsprojekt gewachsen.<\/span><\/div>\n<div style=\"margin-bottom: 6pt;\"><span lang=\"DE\">Neben Parkrundg\u00e4ngen \u2013 zu Themen wie Stadt\u00f6kologie (\u201eWuhliwichtel-Pfade\u201c), erneuerbaren Energien (die Kreisl\u00e4ufe von Sonnen-, Wasser- und Windenergien), Rohstoff-\/Wertstoffkreisl\u00e4ufen (\u201eTrenntpark PARADIES WUHLHEIDE: Die Natur kennt keine Abf\u00e4lle\u201c), \u201eKunst im Park\u201c, \u201eFit im Park\u201c, \u201eImmer der Nase nach! \u2013 Mit vier Sinnen durchs Paradies\u201c u.a. \u2013 werben wir auch im Bereich der Parkgastronomie f\u00fcr ein vermehrt nachhaltig-\u00f6kologisches Angebot, das vor allem die Verwendung regionaler Zutaten beinhaltet. <\/span><\/div>\n<div style=\"margin-bottom: 6pt;\"><span lang=\"DE\">Ein einzigartiges Tages- und Wochenend-Programm, das die Veranstaltungen aller Einrichtungen im PARADIES WUHLHEIDE b\u00fcndelt, sowie ein gemeinwirtschaftlich regional orientiertes Konzept zu seiner Finanzierung kann ein Modell nachhaltiger lokaler Entwicklung schaffen, von dem nicht nur der Park selbst und seine kleinen und gro\u00dfen Besucher\/innen profitieren, sondern auch seine anliegenden Bezirke, ja letztlich ganz Berlin.<\/span><\/div>\n<div style=\"margin-bottom: 6pt;\"><span lang=\"DE\">Zum gastronomischen Erlebnisangebot wird nat\u00fcrlich auch unsere \u201cFr\u00f6hliche Amaranth-Kinderb\u00e4ckerei\u201d geh\u00f6ren mit ihrem vom Deutschen Nachhaltigkeitsrat und von der UNESCO ausgezeichneten Kreislaufkonzept von Energieerzeugung und Nahrungsmittelproduktion (\u201eEl Pan Alegre \u2013 Das Fr\u00f6hliche Brot\u201c). Sie ist bereits fest auf dem Wunschzettel der zust\u00e4ndigen Senatsverwaltung notiert (Stichwort: \u201eSchau- und Lehr-\u00d6kob\u00e4ckerei mit Eltern-Kind-Caf\u00e9\u201c).<\/span><\/div>\n<div style=\"margin-bottom: 6pt;\"><span lang=\"DE\">Und weil die Nachfrage nach den hei\u00df geliebten Amaranth-Knusperkeksen zu gro\u00df ist, um auf den Bau der B\u00e4ckerei zu warten, haben wir auch im vergangenen Jahr zwischen Kindertag am 1. Juni und Erntedankfest am 30. September die T\u00fcren unseres B\u00e4ckerei-Containers ge\u00f6ffnet. <\/span><\/div>\n<div style=\"margin-bottom: 6pt;\"><span lang=\"DE\">An dieser Stelle unseren dicken herzlichen Dank allen, die diese Arbeit an f\u00fcnf Wochenenden m\u00f6glich gemacht haben: Agnieszka Kedzierska, Anja Mocker, Claudia Mocker, Doris Wollgien-Hahn, Karsten Schaale (\u201eKater Cook\u201c), Martin Jaenichen (f\u00fcr den Ofen!), Robert Gummlich, Sepp Fiedler (f\u00fcr den Container!), Stefan St\u00f6ckigt, Tobias Mehrtens und Wolfgang Sacher (GO! Logistics); dem Team des \u201eCaf\u00e9 Alfons\u201c im FEZ; und nat\u00fcrlich ein dickes Dankesch\u00f6n an das FEZ-Berlin selbst: an Lutz Mannkopf, Claudia Bruker und Norbert Dr\u00e4ger f\u00fcr die \u00dcberlassung des Standorts, Sabine Jahn f\u00fcr die Amaranth-Schauk\u00e4sten!, Eva Kulla f\u00fcr stetes Br\u00fcckenschlagen zur eigenen Arbeit; den Kollegen von OV und Elektrik sowie \u2013 last but not least \u2013 dem Service-Team von Pro Wuhlheide e. V. unter der Leitung von Tobias Wachowitz!!!<\/span><\/div>\n<div style=\"margin-bottom: 6pt;\"><span lang=\"DE\">Ja, so ist das Jahr in einem Huiii vergangen und musste dabei die \u00d6ffentlichkeitsarbeit (auch wegen meiner langen Erkrankung) leider in den Hintergrund treten. So freuen wir uns umso mehr, dass uns \u2013 neben der dritten Auszeichnung in Folge durch den Deutschen Nachhaltigkeitsrat \u2013 Berlin 21 e. V. in sein Anfang 2014 erschienenes B\u00fcchlein \u201eVielf\u00e4ltig nachhaltig f\u00fcr Berlin: Auf dem Weg in eine zukunftsf\u00e4hige Hauptstadt \/ 41 Initiativen im Portrait\u201c aufgenommen hat. Die Online-Ausstellung allen Engagements in Berlin ist auf der <a href=\"http:\/\/www.berlin21.net\/vielfalt\/projekte\">Webseite<\/a> von Berlin 21 zu sehen.<\/span><\/div>\n<div style=\"margin-bottom: 6pt;\"><span lang=\"DE\">Es wird \u2013 gemeinsam \u2013 spannend weitergehen, lokal, regional und international. Allen Engagierten und insbesondere unseren Vereinsmitgliedern sowie den mit unserer Arbeit rund um \u201eEl Pan Alegre \u2013 Das Fr\u00f6hliche Brot\u201c Verbundenen f\u00fcr 2014 das Allerbeste \u2013 m\u00f6ge es immer verbunden sein mit einer Riesenportion ALEGR\u00cdA \/ FR\u00d6HLICHKEIT!<\/span><\/div>\n<div><span lang=\"ES\">Mit herzlichen Gr\u00fc\u00dfen,<\/span><\/div>\n<div><span lang=\"DE\">Madeleine Porr<\/span><\/div>\n<div><i><span lang=\"DE\">Koordinatorin El Pan Alegre \u2013 Das Fr\u00f6hliche Brot <\/span><\/i><\/div>\n<p><i><span lang=\"ES\">Deutschland \u2013 Kuba<\/span><\/i><\/p>\n<div><\/div>\n<\/div>\n","protected":false},"excerpt":{"rendered":"<p>Fast ein Jahr ist vergangen seit den letzten Blogeintr\u00e4gen. Sie kamen auch damals aus Kuba und hatten als Thema die Zusammenfassung des dreit\u00e4gigen Kolloqiums \u201eDie Zukunft (nachhaltig) gestalten mit lokaler Kraft\u201c unter dem Dach der Buchmesse Havanna sowie die Freundschaftserkl\u00e4rung &hellip; <a href=\"https:\/\/www.el-pan-alegre.org\/wordpress\/11-froehliches-neues-jahr\/\">Weiterlesen <span class=\"meta-nav\">&rarr;<\/span><\/a><\/p>\n","protected":false},"author":1,"featured_media":184,"comment_status":"open","ping_status":"open","sticky":false,"template":"","format":"standard","meta":{"jetpack_post_was_ever_published":false,"_jetpack_newsletter_access":"","_jetpack_dont_email_post_to_subs":false,"_jetpack_newsletter_tier_id":0,"_jetpack_memberships_contains_paywalled_content":false,"_jetpack_memberships_contains_paid_content":false,"footnotes":"","jetpack_publicize_message":"","jetpack_publicize_feature_enabled":true,"jetpack_social_post_already_shared":false,"jetpack_social_options":{"image_generator_settings":{"template":"highway","default_image_id":0,"font":"","enabled":false},"version":2}},"categories":[23,21,6,24,8,22],"tags":[],"class_list":["post-11","post","type-post","status-publish","format-standard","has-post-thumbnail","hentry","category-fotos","category-froehliche-amaranth-kinderbaeckerei","category-information","category-paradies-wuhlheide","category-verein","category-zukunftskolloquium"],"yoast_head":"<!-- This site is optimized with the Yoast SEO plugin v27.5 - https:\/\/yoast.com\/product\/yoast-seo-wordpress\/ -->\n<title>Fr\u00f6hliches neues Jahr! - El Pan Alegre<\/title>\n<meta name=\"robots\" content=\"index, follow, max-snippet:-1, max-image-preview:large, max-video-preview:-1\" \/>\n<link rel=\"canonical\" href=\"https:\/\/www.el-pan-alegre.org\/wordpress\/11-froehliches-neues-jahr\/\" \/>\n<meta property=\"og:locale\" content=\"de_DE\" \/>\n<meta property=\"og:type\" content=\"article\" \/>\n<meta property=\"og:title\" content=\"Fr\u00f6hliches neues Jahr! - El Pan Alegre\" \/>\n<meta property=\"og:description\" content=\"Fast ein Jahr ist vergangen seit den letzten Blogeintr\u00e4gen. Sie kamen auch damals aus Kuba und hatten als Thema die Zusammenfassung des dreit\u00e4gigen Kolloqiums \u201eDie Zukunft (nachhaltig) gestalten mit lokaler Kraft\u201c unter dem Dach der Buchmesse Havanna sowie die Freundschaftserkl\u00e4rung &hellip; Weiterlesen &rarr;\" \/>\n<meta property=\"og:url\" content=\"https:\/\/www.el-pan-alegre.org\/wordpress\/11-froehliches-neues-jahr\/\" \/>\n<meta property=\"og:site_name\" content=\"El Pan Alegre\" \/>\n<meta property=\"article:published_time\" content=\"2014-02-13T20:58:00+00:00\" \/>\n<meta property=\"article:modified_time\" content=\"2015-10-18T16:12:14+00:00\" \/>\n<meta property=\"og:image\" content=\"https:\/\/www.el-pan-alegre.org\/wordpress\/wp-content\/uploads\/2014\/02\/1-715067.jpg\" \/>\n\t<meta property=\"og:image:width\" content=\"388\" \/>\n\t<meta property=\"og:image:height\" content=\"336\" \/>\n\t<meta property=\"og:image:type\" content=\"image\/jpeg\" \/>\n<meta name=\"author\" content=\"Anja Mocker\" \/>\n<meta name=\"twitter:card\" content=\"summary_large_image\" \/>\n<meta name=\"twitter:label1\" content=\"Verfasst von\" \/>\n\t<meta name=\"twitter:data1\" content=\"Anja Mocker\" \/>\n\t<meta name=\"twitter:label2\" content=\"Gesch\u00e4tzte Lesezeit\" \/>\n\t<meta name=\"twitter:data2\" content=\"4\u00a0Minuten\" \/>\n<script type=\"application\/ld+json\" class=\"yoast-schema-graph\">{\"@context\":\"https:\\\/\\\/schema.org\",\"@graph\":[{\"@type\":\"Article\",\"@id\":\"https:\\\/\\\/www.el-pan-alegre.org\\\/wordpress\\\/11-froehliches-neues-jahr\\\/#article\",\"isPartOf\":{\"@id\":\"https:\\\/\\\/www.el-pan-alegre.org\\\/wordpress\\\/11-froehliches-neues-jahr\\\/\"},\"author\":{\"name\":\"Anja Mocker\",\"@id\":\"https:\\\/\\\/www.el-pan-alegre.org\\\/wordpress\\\/#\\\/schema\\\/person\\\/a61ba0bec6094c61dbf9da4e4e4e5bfe\"},\"headline\":\"Fr\u00f6hliches neues Jahr!\",\"datePublished\":\"2014-02-13T20:58:00+00:00\",\"dateModified\":\"2015-10-18T16:12:14+00:00\",\"mainEntityOfPage\":{\"@id\":\"https:\\\/\\\/www.el-pan-alegre.org\\\/wordpress\\\/11-froehliches-neues-jahr\\\/\"},\"wordCount\":705,\"commentCount\":0,\"image\":{\"@id\":\"https:\\\/\\\/www.el-pan-alegre.org\\\/wordpress\\\/11-froehliches-neues-jahr\\\/#primaryimage\"},\"thumbnailUrl\":\"https:\\\/\\\/www.el-pan-alegre.org\\\/wordpress\\\/wp-content\\\/uploads\\\/2014\\\/02\\\/1-715067.jpg\",\"articleSection\":[\"Fotos\",\"Fr\u00f6hliche Amaranth-Kinderb\u00e4ckerei\",\"Information\",\"Paradies Wuhlheide\",\"Verein\",\"Zukunftskolloquium\"],\"inLanguage\":\"de\",\"potentialAction\":[{\"@type\":\"CommentAction\",\"name\":\"Comment\",\"target\":[\"https:\\\/\\\/www.el-pan-alegre.org\\\/wordpress\\\/11-froehliches-neues-jahr\\\/#respond\"]}]},{\"@type\":\"WebPage\",\"@id\":\"https:\\\/\\\/www.el-pan-alegre.org\\\/wordpress\\\/11-froehliches-neues-jahr\\\/\",\"url\":\"https:\\\/\\\/www.el-pan-alegre.org\\\/wordpress\\\/11-froehliches-neues-jahr\\\/\",\"name\":\"Fr\u00f6hliches neues Jahr! - El Pan Alegre\",\"isPartOf\":{\"@id\":\"https:\\\/\\\/www.el-pan-alegre.org\\\/wordpress\\\/#website\"},\"primaryImageOfPage\":{\"@id\":\"https:\\\/\\\/www.el-pan-alegre.org\\\/wordpress\\\/11-froehliches-neues-jahr\\\/#primaryimage\"},\"image\":{\"@id\":\"https:\\\/\\\/www.el-pan-alegre.org\\\/wordpress\\\/11-froehliches-neues-jahr\\\/#primaryimage\"},\"thumbnailUrl\":\"https:\\\/\\\/www.el-pan-alegre.org\\\/wordpress\\\/wp-content\\\/uploads\\\/2014\\\/02\\\/1-715067.jpg\",\"datePublished\":\"2014-02-13T20:58:00+00:00\",\"dateModified\":\"2015-10-18T16:12:14+00:00\",\"author\":{\"@id\":\"https:\\\/\\\/www.el-pan-alegre.org\\\/wordpress\\\/#\\\/schema\\\/person\\\/a61ba0bec6094c61dbf9da4e4e4e5bfe\"},\"breadcrumb\":{\"@id\":\"https:\\\/\\\/www.el-pan-alegre.org\\\/wordpress\\\/11-froehliches-neues-jahr\\\/#breadcrumb\"},\"inLanguage\":\"de\",\"potentialAction\":[{\"@type\":\"ReadAction\",\"target\":[\"https:\\\/\\\/www.el-pan-alegre.org\\\/wordpress\\\/11-froehliches-neues-jahr\\\/\"]}]},{\"@type\":\"ImageObject\",\"inLanguage\":\"de\",\"@id\":\"https:\\\/\\\/www.el-pan-alegre.org\\\/wordpress\\\/11-froehliches-neues-jahr\\\/#primaryimage\",\"url\":\"https:\\\/\\\/www.el-pan-alegre.org\\\/wordpress\\\/wp-content\\\/uploads\\\/2014\\\/02\\\/1-715067.jpg\",\"contentUrl\":\"https:\\\/\\\/www.el-pan-alegre.org\\\/wordpress\\\/wp-content\\\/uploads\\\/2014\\\/02\\\/1-715067.jpg\",\"width\":388,\"height\":336},{\"@type\":\"BreadcrumbList\",\"@id\":\"https:\\\/\\\/www.el-pan-alegre.org\\\/wordpress\\\/11-froehliches-neues-jahr\\\/#breadcrumb\",\"itemListElement\":[{\"@type\":\"ListItem\",\"position\":1,\"name\":\"Home\",\"item\":\"https:\\\/\\\/www.el-pan-alegre.org\\\/wordpress\\\/\"},{\"@type\":\"ListItem\",\"position\":2,\"name\":\"Fr\u00f6hliches neues Jahr!\"}]},{\"@type\":\"WebSite\",\"@id\":\"https:\\\/\\\/www.el-pan-alegre.org\\\/wordpress\\\/#website\",\"url\":\"https:\\\/\\\/www.el-pan-alegre.org\\\/wordpress\\\/\",\"name\":\"El Pan Alegre\",\"description\":\"Das Fr\u00f6hliche Brot\",\"potentialAction\":[{\"@type\":\"SearchAction\",\"target\":{\"@type\":\"EntryPoint\",\"urlTemplate\":\"https:\\\/\\\/www.el-pan-alegre.org\\\/wordpress\\\/?s={search_term_string}\"},\"query-input\":{\"@type\":\"PropertyValueSpecification\",\"valueRequired\":true,\"valueName\":\"search_term_string\"}}],\"inLanguage\":\"de\"},{\"@type\":\"Person\",\"@id\":\"https:\\\/\\\/www.el-pan-alegre.org\\\/wordpress\\\/#\\\/schema\\\/person\\\/a61ba0bec6094c61dbf9da4e4e4e5bfe\",\"name\":\"Anja Mocker\",\"image\":{\"@type\":\"ImageObject\",\"inLanguage\":\"de\",\"@id\":\"https:\\\/\\\/secure.gravatar.com\\\/avatar\\\/c283b0b556471cdaac4be59c661b13c1e141f08ca0dd2eb8f8d587262d7f04bb?s=96&d=identicon&r=g\",\"url\":\"https:\\\/\\\/secure.gravatar.com\\\/avatar\\\/c283b0b556471cdaac4be59c661b13c1e141f08ca0dd2eb8f8d587262d7f04bb?s=96&d=identicon&r=g\",\"contentUrl\":\"https:\\\/\\\/secure.gravatar.com\\\/avatar\\\/c283b0b556471cdaac4be59c661b13c1e141f08ca0dd2eb8f8d587262d7f04bb?s=96&d=identicon&r=g\",\"caption\":\"Anja Mocker\"},\"url\":\"https:\\\/\\\/www.el-pan-alegre.org\\\/wordpress\\\/author\\\/admin\\\/\"}]}<\/script>\n<!-- \/ Yoast SEO plugin. -->","yoast_head_json":{"title":"Fr\u00f6hliches neues Jahr! - El Pan Alegre","robots":{"index":"index","follow":"follow","max-snippet":"max-snippet:-1","max-image-preview":"max-image-preview:large","max-video-preview":"max-video-preview:-1"},"canonical":"https:\/\/www.el-pan-alegre.org\/wordpress\/11-froehliches-neues-jahr\/","og_locale":"de_DE","og_type":"article","og_title":"Fr\u00f6hliches neues Jahr! - El Pan Alegre","og_description":"Fast ein Jahr ist vergangen seit den letzten Blogeintr\u00e4gen. Sie kamen auch damals aus Kuba und hatten als Thema die Zusammenfassung des dreit\u00e4gigen Kolloqiums \u201eDie Zukunft (nachhaltig) gestalten mit lokaler Kraft\u201c unter dem Dach der Buchmesse Havanna sowie die Freundschaftserkl\u00e4rung &hellip; Weiterlesen &rarr;","og_url":"https:\/\/www.el-pan-alegre.org\/wordpress\/11-froehliches-neues-jahr\/","og_site_name":"El Pan Alegre","article_published_time":"2014-02-13T20:58:00+00:00","article_modified_time":"2015-10-18T16:12:14+00:00","og_image":[{"width":388,"height":336,"url":"https:\/\/www.el-pan-alegre.org\/wordpress\/wp-content\/uploads\/2014\/02\/1-715067.jpg","type":"image\/jpeg"}],"author":"Anja Mocker","twitter_card":"summary_large_image","twitter_misc":{"Verfasst von":"Anja Mocker","Gesch\u00e4tzte Lesezeit":"4\u00a0Minuten"},"schema":{"@context":"https:\/\/schema.org","@graph":[{"@type":"Article","@id":"https:\/\/www.el-pan-alegre.org\/wordpress\/11-froehliches-neues-jahr\/#article","isPartOf":{"@id":"https:\/\/www.el-pan-alegre.org\/wordpress\/11-froehliches-neues-jahr\/"},"author":{"name":"Anja Mocker","@id":"https:\/\/www.el-pan-alegre.org\/wordpress\/#\/schema\/person\/a61ba0bec6094c61dbf9da4e4e4e5bfe"},"headline":"Fr\u00f6hliches neues Jahr!","datePublished":"2014-02-13T20:58:00+00:00","dateModified":"2015-10-18T16:12:14+00:00","mainEntityOfPage":{"@id":"https:\/\/www.el-pan-alegre.org\/wordpress\/11-froehliches-neues-jahr\/"},"wordCount":705,"commentCount":0,"image":{"@id":"https:\/\/www.el-pan-alegre.org\/wordpress\/11-froehliches-neues-jahr\/#primaryimage"},"thumbnailUrl":"https:\/\/www.el-pan-alegre.org\/wordpress\/wp-content\/uploads\/2014\/02\/1-715067.jpg","articleSection":["Fotos","Fr\u00f6hliche Amaranth-Kinderb\u00e4ckerei","Information","Paradies Wuhlheide","Verein","Zukunftskolloquium"],"inLanguage":"de","potentialAction":[{"@type":"CommentAction","name":"Comment","target":["https:\/\/www.el-pan-alegre.org\/wordpress\/11-froehliches-neues-jahr\/#respond"]}]},{"@type":"WebPage","@id":"https:\/\/www.el-pan-alegre.org\/wordpress\/11-froehliches-neues-jahr\/","url":"https:\/\/www.el-pan-alegre.org\/wordpress\/11-froehliches-neues-jahr\/","name":"Fr\u00f6hliches neues Jahr! - El Pan Alegre","isPartOf":{"@id":"https:\/\/www.el-pan-alegre.org\/wordpress\/#website"},"primaryImageOfPage":{"@id":"https:\/\/www.el-pan-alegre.org\/wordpress\/11-froehliches-neues-jahr\/#primaryimage"},"image":{"@id":"https:\/\/www.el-pan-alegre.org\/wordpress\/11-froehliches-neues-jahr\/#primaryimage"},"thumbnailUrl":"https:\/\/www.el-pan-alegre.org\/wordpress\/wp-content\/uploads\/2014\/02\/1-715067.jpg","datePublished":"2014-02-13T20:58:00+00:00","dateModified":"2015-10-18T16:12:14+00:00","author":{"@id":"https:\/\/www.el-pan-alegre.org\/wordpress\/#\/schema\/person\/a61ba0bec6094c61dbf9da4e4e4e5bfe"},"breadcrumb":{"@id":"https:\/\/www.el-pan-alegre.org\/wordpress\/11-froehliches-neues-jahr\/#breadcrumb"},"inLanguage":"de","potentialAction":[{"@type":"ReadAction","target":["https:\/\/www.el-pan-alegre.org\/wordpress\/11-froehliches-neues-jahr\/"]}]},{"@type":"ImageObject","inLanguage":"de","@id":"https:\/\/www.el-pan-alegre.org\/wordpress\/11-froehliches-neues-jahr\/#primaryimage","url":"https:\/\/www.el-pan-alegre.org\/wordpress\/wp-content\/uploads\/2014\/02\/1-715067.jpg","contentUrl":"https:\/\/www.el-pan-alegre.org\/wordpress\/wp-content\/uploads\/2014\/02\/1-715067.jpg","width":388,"height":336},{"@type":"BreadcrumbList","@id":"https:\/\/www.el-pan-alegre.org\/wordpress\/11-froehliches-neues-jahr\/#breadcrumb","itemListElement":[{"@type":"ListItem","position":1,"name":"Home","item":"https:\/\/www.el-pan-alegre.org\/wordpress\/"},{"@type":"ListItem","position":2,"name":"Fr\u00f6hliches neues Jahr!"}]},{"@type":"WebSite","@id":"https:\/\/www.el-pan-alegre.org\/wordpress\/#website","url":"https:\/\/www.el-pan-alegre.org\/wordpress\/","name":"El Pan Alegre","description":"Das Fr\u00f6hliche Brot","potentialAction":[{"@type":"SearchAction","target":{"@type":"EntryPoint","urlTemplate":"https:\/\/www.el-pan-alegre.org\/wordpress\/?s={search_term_string}"},"query-input":{"@type":"PropertyValueSpecification","valueRequired":true,"valueName":"search_term_string"}}],"inLanguage":"de"},{"@type":"Person","@id":"https:\/\/www.el-pan-alegre.org\/wordpress\/#\/schema\/person\/a61ba0bec6094c61dbf9da4e4e4e5bfe","name":"Anja Mocker","image":{"@type":"ImageObject","inLanguage":"de","@id":"https:\/\/secure.gravatar.com\/avatar\/c283b0b556471cdaac4be59c661b13c1e141f08ca0dd2eb8f8d587262d7f04bb?s=96&d=identicon&r=g","url":"https:\/\/secure.gravatar.com\/avatar\/c283b0b556471cdaac4be59c661b13c1e141f08ca0dd2eb8f8d587262d7f04bb?s=96&d=identicon&r=g","contentUrl":"https:\/\/secure.gravatar.com\/avatar\/c283b0b556471cdaac4be59c661b13c1e141f08ca0dd2eb8f8d587262d7f04bb?s=96&d=identicon&r=g","caption":"Anja Mocker"},"url":"https:\/\/www.el-pan-alegre.org\/wordpress\/author\/admin\/"}]}},"jetpack_publicize_connections":[],"jetpack_featured_media_url":"https:\/\/www.el-pan-alegre.org\/wordpress\/wp-content\/uploads\/2014\/02\/1-715067.jpg","jetpack_sharing_enabled":true,"jetpack_shortlink":"https:\/\/wp.me\/p62TDh-b","jetpack-related-posts":[{"id":14,"url":"https:\/\/www.el-pan-alegre.org\/wordpress\/14-el-proyecto-tahiti-wird-zu-el-proyecto-cuba-alegre-kuba-kolloquium-die-zukunft-gestalten-mit-lokaler-kraft\/","url_meta":{"origin":11,"position":0},"title":"&#8222;El Proyecto Tahit\u00ed&#8220; wird zu &#8222;El Proyecto Cuba Alegre&#8220;: Kuba-Kolloquium &#8222;Die Zukunft gestalten mit lokaler Kraft!&#8220;","author":"Anja Mocker","date":"15. M\u00e4rz 2013","format":false,"excerpt":"(Bericht in Anlehnung an den spanischen Eintrag von M. Porr mit Fotos auf diesem Blog v. 08.03.13 und dessen \u00dcbersetzung durch den Equilibrismus e. V.) Der deutsche Science-Fiction-Roman \u201eDas Tahiti-Projekt\u201c von Dirk C. Fleck handelt von einer Insel, die sich inmitten der bewegten Zeiten, in denen wir gerade in allen\u2026","rel":"","context":"In &quot;Amaranth&quot;","block_context":{"text":"Amaranth","link":"https:\/\/www.el-pan-alegre.org\/wordpress\/kategorie\/amaranth\/"},"img":{"alt_text":"","src":"","width":0,"height":0},"classes":[]},{"id":3092,"url":"https:\/\/www.el-pan-alegre.org\/wordpress\/3092-update-aus-kuba-krise-ueberwinden-mit-lokaler-kraft\/","url_meta":{"origin":11,"position":1},"title":"Update aus Kuba: Krise \u00fcberwinden mit lokaler Kraft","author":"Madeleine Porr","date":"10. Januar 2025","format":false,"excerpt":"Im M\u00e4rz 2023 fand in Havanna, Kuba, der 4-Tage-Workshop des kubanischen Netzwerks Ando Reforestando in Kooperation mit dem mexikanischen Frauen-Kollektiv \"Colectivo Bosque de Agua\" statt - unterst\u00fctzt von den beiden deutschen Vereinen En Buenas Manos und Ecomujer und sp\u00e4ter fortgesetzt in der \u00f6stlich von Havanna gelegenen Provinz Pinar del R\u00edo.\u2026","rel":"","context":"In &quot;Allgemein&quot;","block_context":{"text":"Allgemein","link":"https:\/\/www.el-pan-alegre.org\/wordpress\/kategorie\/allgemein\/"},"img":{"alt_text":"","src":"https:\/\/i0.wp.com\/www.el-pan-alegre.org\/wordpress\/wp-content\/uploads\/2025\/01\/2025_01_10.-Blogbeitrag_Update-2023-25.jpg?resize=350%2C200&ssl=1","width":350,"height":200,"srcset":"https:\/\/i0.wp.com\/www.el-pan-alegre.org\/wordpress\/wp-content\/uploads\/2025\/01\/2025_01_10.-Blogbeitrag_Update-2023-25.jpg?resize=350%2C200&ssl=1 1x, https:\/\/i0.wp.com\/www.el-pan-alegre.org\/wordpress\/wp-content\/uploads\/2025\/01\/2025_01_10.-Blogbeitrag_Update-2023-25.jpg?resize=525%2C300&ssl=1 1.5x, https:\/\/i0.wp.com\/www.el-pan-alegre.org\/wordpress\/wp-content\/uploads\/2025\/01\/2025_01_10.-Blogbeitrag_Update-2023-25.jpg?resize=700%2C400&ssl=1 2x, https:\/\/i0.wp.com\/www.el-pan-alegre.org\/wordpress\/wp-content\/uploads\/2025\/01\/2025_01_10.-Blogbeitrag_Update-2023-25.jpg?resize=1050%2C600&ssl=1 3x, https:\/\/i0.wp.com\/www.el-pan-alegre.org\/wordpress\/wp-content\/uploads\/2025\/01\/2025_01_10.-Blogbeitrag_Update-2023-25.jpg?resize=1400%2C800&ssl=1 4x"},"classes":[]},{"id":29,"url":"https:\/\/www.el-pan-alegre.org\/wordpress\/29-tahiti-goes-kuba\/","url_meta":{"origin":11,"position":2},"title":"Tahiti goes Cuba","author":"Anja Mocker","date":"4. Februar 2013","format":false,"excerpt":"Was f\u00fcr eine Freude! \"Das Tahiti-Projekt\" wird auf der Buchmesse Havanna (14.02.-24.02.2013) erstmalig in spanischer Sprache ver\u00f6ffentlicht mit einem Vorwort von Pedro Pablo Rodr\u00edguez L\u00f3pez. Nachdem Madeleine Porr das Buch 2009 ins Spanische \u00fcbersetzt hatte, pr\u00e4sentierte sie die \u00dcbersetzung 2011 auf der Buchmesse Havanna erfolgreich dem Verlag Arte y Literatura.\u2026","rel":"","context":"In &quot;Amaranth&quot;","block_context":{"text":"Amaranth","link":"https:\/\/www.el-pan-alegre.org\/wordpress\/kategorie\/amaranth\/"},"img":{"alt_text":"","src":"https:\/\/i0.wp.com\/www.el-pan-alegre.org\/wordpress\/wp-content\/uploads\/2013\/02\/Proyecto-Tahiti_Cubierta.jpg?resize=350%2C200&ssl=1","width":350,"height":200,"srcset":"https:\/\/i0.wp.com\/www.el-pan-alegre.org\/wordpress\/wp-content\/uploads\/2013\/02\/Proyecto-Tahiti_Cubierta.jpg?resize=350%2C200&ssl=1 1x, https:\/\/i0.wp.com\/www.el-pan-alegre.org\/wordpress\/wp-content\/uploads\/2013\/02\/Proyecto-Tahiti_Cubierta.jpg?resize=525%2C300&ssl=1 1.5x"},"classes":[]},{"id":1562,"url":"https:\/\/www.el-pan-alegre.org\/wordpress\/1562-neues-vom-amaranth-in-kuba\/","url_meta":{"origin":11,"position":3},"title":"Neues vom Amaranth in Kuba :-)","author":"Madeleine Porr","date":"12. Juni 2017","format":false,"excerpt":"Fast ein Jahr ist es her, dass die ersten Familien in Havanna ganz begeistert s\u00fc\u00dfe Amaranth-Knusperriegel, herzhaftes Amaranth-Knabbergeb\u00e4ck und leckere Amaranth-Shakes (alles Produkte aus dem benachbarten Mexiko) gekostet haben (s. auch Blogeintrag). Alles schon vergessen in diesen turbulenten Zeiten? Von wegen. Wen immer ich jetzt im April und Mai wiedergetroffen\u2026","rel":"","context":"In &quot;Allgemein&quot;","block_context":{"text":"Allgemein","link":"https:\/\/www.el-pan-alegre.org\/wordpress\/kategorie\/allgemein\/"},"img":{"alt_text":"","src":"https:\/\/i0.wp.com\/www.el-pan-alegre.org\/wordpress\/wp-content\/uploads\/2017\/06\/Erika_y_su_amaranto-web-300x200.jpg?resize=350%2C200","width":350,"height":200},"classes":[]},{"id":143,"url":"https:\/\/www.el-pan-alegre.org\/wordpress\/143-143\/","url_meta":{"origin":11,"position":4},"title":"Kuba 2 - Kurzvortrag in\u2026","author":"Anja Mocker","date":"1. Juni 2009","format":false,"excerpt":"Kuba 2 - Kurzvortrag in HavannaIn der Universidad Municipal de Playa organisiert Alba Camejo mit ihrem Projekt \"\u00c1rbol de Vida\" im Rahmen der C\u00e1tedra de Medio Ambiente in diesem Semester jeden Montag um 18 Uhr Vortr\u00e4ge zu den verschiedensten Umweltthemen. Sie hatte mich schon im letzten Jahr eingeladen, teilzunehmen und\u2026","rel":"","context":"In &quot;Amaranth&quot;","block_context":{"text":"Amaranth","link":"https:\/\/www.el-pan-alegre.org\/wordpress\/kategorie\/amaranth\/"},"img":{"alt_text":"","src":"https:\/\/i0.wp.com\/www.el-pan-alegre.org\/wordpress\/wp-content\/uploads\/2009\/06\/DSC07320.jpg?resize=350%2C200&ssl=1","width":350,"height":200,"srcset":"https:\/\/i0.wp.com\/www.el-pan-alegre.org\/wordpress\/wp-content\/uploads\/2009\/06\/DSC07320.jpg?resize=350%2C200&ssl=1 1x, https:\/\/i0.wp.com\/www.el-pan-alegre.org\/wordpress\/wp-content\/uploads\/2009\/06\/DSC07320.jpg?resize=525%2C300&ssl=1 1.5x, https:\/\/i0.wp.com\/www.el-pan-alegre.org\/wordpress\/wp-content\/uploads\/2009\/06\/DSC07320.jpg?resize=700%2C400&ssl=1 2x"},"classes":[]},{"id":1379,"url":"https:\/\/www.el-pan-alegre.org\/wordpress\/1379-dicke-glueckwuensche-nach-kuba\/","url_meta":{"origin":11,"position":5},"title":"Dicke Gl\u00fcckw\u00fcnsche nach Kuba!","author":"Madeleine Porr","date":"21. April 2016","format":false,"excerpt":"18. April 2016 \u2013 3. Treffen des Sozialen Netzwerks Haciendo Almas Dieser Blogbeitrag ist allen Mitgliedern unserer Familie Haciendo Almas gewidmet, die dieses Jahr ihren 20. Geburtstag feiert; vor allem aber ist er Eugenio Blanco Rodr\u00edguez \u2013 LUDOVICO \u2013 gewidmet, der mit der Gr\u00fcndung der Banco de Ideas Z \/\u2026","rel":"","context":"In &quot;Allgemein&quot;","block_context":{"text":"Allgemein","link":"https:\/\/www.el-pan-alegre.org\/wordpress\/kategorie\/allgemein\/"},"img":{"alt_text":"","src":"https:\/\/i0.wp.com\/www.el-pan-alegre.org\/wordpress\/wp-content\/uploads\/2016\/04\/031.jpg?resize=350%2C200&ssl=1","width":350,"height":200,"srcset":"https:\/\/i0.wp.com\/www.el-pan-alegre.org\/wordpress\/wp-content\/uploads\/2016\/04\/031.jpg?resize=350%2C200&ssl=1 1x, https:\/\/i0.wp.com\/www.el-pan-alegre.org\/wordpress\/wp-content\/uploads\/2016\/04\/031.jpg?resize=525%2C300&ssl=1 1.5x, https:\/\/i0.wp.com\/www.el-pan-alegre.org\/wordpress\/wp-content\/uploads\/2016\/04\/031.jpg?resize=700%2C400&ssl=1 2x"},"classes":[]}],"_links":{"self":[{"href":"https:\/\/www.el-pan-alegre.org\/wordpress\/wp-json\/wp\/v2\/posts\/11","targetHints":{"allow":["GET"]}}],"collection":[{"href":"https:\/\/www.el-pan-alegre.org\/wordpress\/wp-json\/wp\/v2\/posts"}],"about":[{"href":"https:\/\/www.el-pan-alegre.org\/wordpress\/wp-json\/wp\/v2\/types\/post"}],"author":[{"embeddable":true,"href":"https:\/\/www.el-pan-alegre.org\/wordpress\/wp-json\/wp\/v2\/users\/1"}],"replies":[{"embeddable":true,"href":"https:\/\/www.el-pan-alegre.org\/wordpress\/wp-json\/wp\/v2\/comments?post=11"}],"version-history":[{"count":3,"href":"https:\/\/www.el-pan-alegre.org\/wordpress\/wp-json\/wp\/v2\/posts\/11\/revisions"}],"predecessor-version":[{"id":949,"href":"https:\/\/www.el-pan-alegre.org\/wordpress\/wp-json\/wp\/v2\/posts\/11\/revisions\/949"}],"wp:featuredmedia":[{"embeddable":true,"href":"https:\/\/www.el-pan-alegre.org\/wordpress\/wp-json\/wp\/v2\/media\/184"}],"wp:attachment":[{"href":"https:\/\/www.el-pan-alegre.org\/wordpress\/wp-json\/wp\/v2\/media?parent=11"}],"wp:term":[{"taxonomy":"category","embeddable":true,"href":"https:\/\/www.el-pan-alegre.org\/wordpress\/wp-json\/wp\/v2\/categories?post=11"},{"taxonomy":"post_tag","embeddable":true,"href":"https:\/\/www.el-pan-alegre.org\/wordpress\/wp-json\/wp\/v2\/tags?post=11"}],"curies":[{"name":"wp","href":"https:\/\/api.w.org\/{rel}","templated":true}]}}