{"id":10,"date":"2014-03-09T22:06:00","date_gmt":"2014-03-09T21:06:00","guid":{"rendered":"http:\/\/www.el-pan-alegre.org\/wordpress\/10-en-buenas-manos-e-v-reflexion-2013-und-ausblick\/"},"modified":"2015-04-14T10:04:14","modified_gmt":"2015-04-14T08:04:14","slug":"en-buenas-manos-e-v-reflexion-2013-und-ausblick","status":"publish","type":"post","link":"https:\/\/www.el-pan-alegre.org\/wordpress\/10-en-buenas-manos-e-v-reflexion-2013-und-ausblick\/","title":{"rendered":"En Buenas Manos e. V.: Reflexion 2013 und Ausblick"},"content":{"rendered":"<p>Der <a href=\"http:\/\/www.el-pan-alegre.org\/2013-Taetigkeitsbericht_EnBuenasManos.pdf\" target=\"_blank\">T\u00e4tigkeitsbericht 2013<\/a> ist fertig.<\/p>\n<p>Ab 2014 gibt es einige \u00c4nderungen in der Vereinsarbeit, formal und inhaltlich. Bitte hierzu insbesondere die Seiten 11 und 12 lesen.<\/p>\n<p>Mit herzlichen Gr\u00fc\u00dfen,<br \/>Madeleine Porr<br \/>En Buenas Manos e. V.<\/p>\n<div style=\"text-align: center;\">* * * <\/div>\n","protected":false},"excerpt":{"rendered":"<p>Der T\u00e4tigkeitsbericht 2013 ist fertig. Ab 2014 gibt es einige \u00c4nderungen in der Vereinsarbeit, formal und inhaltlich. Bitte hierzu insbesondere die Seiten 11 und 12 lesen. Mit herzlichen Gr\u00fc\u00dfen,Madeleine PorrEn Buenas Manos e. V. * * *<\/p>\n","protected":false},"author":1,"featured_media":0,"comment_status":"open","ping_status":"open","sticky":false,"template":"","format":"standard","meta":{"jetpack_post_was_ever_published":false,"_jetpack_newsletter_access":"","_jetpack_dont_email_post_to_subs":false,"_jetpack_newsletter_tier_id":0,"_jetpack_memberships_contains_paywalled_content":false,"_jetpack_memberships_contains_paid_content":false,"footnotes":"","jetpack_publicize_message":"","jetpack_publicize_feature_enabled":true,"jetpack_social_post_already_shared":false,"jetpack_social_options":{"image_generator_settings":{"template":"highway","default_image_id":0,"font":"","enabled":false},"version":2}},"categories":[16,3,9,19,18,23,21,6,5,20,2,24,8,22],"tags":[],"class_list":["post-10","post","type-post","status-publish","format-standard","hentry","category-amaranth","category-cuba","category-fez","category-fez-berlin-oeko-insel","category-foerderung","category-fotos","category-froehliche-amaranth-kinderbaeckerei","category-information","category-kommunikation","category-milpa","category-oeffentlichkeitsarbeit","category-paradies-wuhlheide","category-verein","category-zukunftskolloquium"],"yoast_head":"<!-- This site is optimized with the Yoast SEO plugin v27.5 - https:\/\/yoast.com\/product\/yoast-seo-wordpress\/ -->\n<title>En Buenas Manos e. V.: Reflexion 2013 und Ausblick - El Pan Alegre<\/title>\n<meta name=\"robots\" content=\"index, follow, max-snippet:-1, max-image-preview:large, max-video-preview:-1\" \/>\n<link rel=\"canonical\" href=\"https:\/\/www.el-pan-alegre.org\/wordpress\/10-en-buenas-manos-e-v-reflexion-2013-und-ausblick\/\" \/>\n<meta property=\"og:locale\" content=\"de_DE\" \/>\n<meta property=\"og:type\" content=\"article\" \/>\n<meta property=\"og:title\" content=\"En Buenas Manos e. V.: Reflexion 2013 und Ausblick - El Pan Alegre\" \/>\n<meta property=\"og:description\" content=\"Der T\u00e4tigkeitsbericht 2013 ist fertig. Ab 2014 gibt es einige \u00c4nderungen in der Vereinsarbeit, formal und inhaltlich. Bitte hierzu insbesondere die Seiten 11 und 12 lesen. Mit herzlichen Gr\u00fc\u00dfen,Madeleine PorrEn Buenas Manos e. V. * * *\" \/>\n<meta property=\"og:url\" content=\"https:\/\/www.el-pan-alegre.org\/wordpress\/10-en-buenas-manos-e-v-reflexion-2013-und-ausblick\/\" \/>\n<meta property=\"og:site_name\" content=\"El Pan Alegre\" \/>\n<meta property=\"article:published_time\" content=\"2014-03-09T21:06:00+00:00\" \/>\n<meta property=\"article:modified_time\" content=\"2015-04-14T08:04:14+00:00\" \/>\n<meta name=\"author\" content=\"Anja Mocker\" \/>\n<meta name=\"twitter:card\" content=\"summary_large_image\" \/>\n<meta name=\"twitter:label1\" content=\"Verfasst von\" \/>\n\t<meta name=\"twitter:data1\" content=\"Anja Mocker\" \/>\n<script type=\"application\/ld+json\" class=\"yoast-schema-graph\">{\"@context\":\"https:\\\/\\\/schema.org\",\"@graph\":[{\"@type\":\"Article\",\"@id\":\"https:\\\/\\\/www.el-pan-alegre.org\\\/wordpress\\\/10-en-buenas-manos-e-v-reflexion-2013-und-ausblick\\\/#article\",\"isPartOf\":{\"@id\":\"https:\\\/\\\/www.el-pan-alegre.org\\\/wordpress\\\/10-en-buenas-manos-e-v-reflexion-2013-und-ausblick\\\/\"},\"author\":{\"name\":\"Anja Mocker\",\"@id\":\"https:\\\/\\\/www.el-pan-alegre.org\\\/wordpress\\\/#\\\/schema\\\/person\\\/a61ba0bec6094c61dbf9da4e4e4e5bfe\"},\"headline\":\"En Buenas Manos e. V.: Reflexion 2013 und Ausblick\",\"datePublished\":\"2014-03-09T21:06:00+00:00\",\"dateModified\":\"2015-04-14T08:04:14+00:00\",\"mainEntityOfPage\":{\"@id\":\"https:\\\/\\\/www.el-pan-alegre.org\\\/wordpress\\\/10-en-buenas-manos-e-v-reflexion-2013-und-ausblick\\\/\"},\"wordCount\":41,\"commentCount\":0,\"articleSection\":[\"Amaranth\",\"Cuba\",\"FEZ\",\"FEZ-Berlin \u00d6ko-Insel\",\"F\u00f6rderung\",\"Fotos\",\"Fr\u00f6hliche Amaranth-Kinderb\u00e4ckerei\",\"Information\",\"Kommunikation\",\"Milpa\",\"\u00d6ffentlichkeitsarbeit\",\"Paradies Wuhlheide\",\"Verein\",\"Zukunftskolloquium\"],\"inLanguage\":\"de\",\"potentialAction\":[{\"@type\":\"CommentAction\",\"name\":\"Comment\",\"target\":[\"https:\\\/\\\/www.el-pan-alegre.org\\\/wordpress\\\/10-en-buenas-manos-e-v-reflexion-2013-und-ausblick\\\/#respond\"]}]},{\"@type\":\"WebPage\",\"@id\":\"https:\\\/\\\/www.el-pan-alegre.org\\\/wordpress\\\/10-en-buenas-manos-e-v-reflexion-2013-und-ausblick\\\/\",\"url\":\"https:\\\/\\\/www.el-pan-alegre.org\\\/wordpress\\\/10-en-buenas-manos-e-v-reflexion-2013-und-ausblick\\\/\",\"name\":\"En Buenas Manos e. V.: Reflexion 2013 und Ausblick - El Pan Alegre\",\"isPartOf\":{\"@id\":\"https:\\\/\\\/www.el-pan-alegre.org\\\/wordpress\\\/#website\"},\"datePublished\":\"2014-03-09T21:06:00+00:00\",\"dateModified\":\"2015-04-14T08:04:14+00:00\",\"author\":{\"@id\":\"https:\\\/\\\/www.el-pan-alegre.org\\\/wordpress\\\/#\\\/schema\\\/person\\\/a61ba0bec6094c61dbf9da4e4e4e5bfe\"},\"breadcrumb\":{\"@id\":\"https:\\\/\\\/www.el-pan-alegre.org\\\/wordpress\\\/10-en-buenas-manos-e-v-reflexion-2013-und-ausblick\\\/#breadcrumb\"},\"inLanguage\":\"de\",\"potentialAction\":[{\"@type\":\"ReadAction\",\"target\":[\"https:\\\/\\\/www.el-pan-alegre.org\\\/wordpress\\\/10-en-buenas-manos-e-v-reflexion-2013-und-ausblick\\\/\"]}]},{\"@type\":\"BreadcrumbList\",\"@id\":\"https:\\\/\\\/www.el-pan-alegre.org\\\/wordpress\\\/10-en-buenas-manos-e-v-reflexion-2013-und-ausblick\\\/#breadcrumb\",\"itemListElement\":[{\"@type\":\"ListItem\",\"position\":1,\"name\":\"Home\",\"item\":\"https:\\\/\\\/www.el-pan-alegre.org\\\/wordpress\\\/\"},{\"@type\":\"ListItem\",\"position\":2,\"name\":\"En Buenas Manos e. V.: Reflexion 2013 und Ausblick\"}]},{\"@type\":\"WebSite\",\"@id\":\"https:\\\/\\\/www.el-pan-alegre.org\\\/wordpress\\\/#website\",\"url\":\"https:\\\/\\\/www.el-pan-alegre.org\\\/wordpress\\\/\",\"name\":\"El Pan Alegre\",\"description\":\"Das Fr\u00f6hliche Brot\",\"potentialAction\":[{\"@type\":\"SearchAction\",\"target\":{\"@type\":\"EntryPoint\",\"urlTemplate\":\"https:\\\/\\\/www.el-pan-alegre.org\\\/wordpress\\\/?s={search_term_string}\"},\"query-input\":{\"@type\":\"PropertyValueSpecification\",\"valueRequired\":true,\"valueName\":\"search_term_string\"}}],\"inLanguage\":\"de\"},{\"@type\":\"Person\",\"@id\":\"https:\\\/\\\/www.el-pan-alegre.org\\\/wordpress\\\/#\\\/schema\\\/person\\\/a61ba0bec6094c61dbf9da4e4e4e5bfe\",\"name\":\"Anja Mocker\",\"image\":{\"@type\":\"ImageObject\",\"inLanguage\":\"de\",\"@id\":\"https:\\\/\\\/secure.gravatar.com\\\/avatar\\\/c283b0b556471cdaac4be59c661b13c1e141f08ca0dd2eb8f8d587262d7f04bb?s=96&d=identicon&r=g\",\"url\":\"https:\\\/\\\/secure.gravatar.com\\\/avatar\\\/c283b0b556471cdaac4be59c661b13c1e141f08ca0dd2eb8f8d587262d7f04bb?s=96&d=identicon&r=g\",\"contentUrl\":\"https:\\\/\\\/secure.gravatar.com\\\/avatar\\\/c283b0b556471cdaac4be59c661b13c1e141f08ca0dd2eb8f8d587262d7f04bb?s=96&d=identicon&r=g\",\"caption\":\"Anja Mocker\"},\"url\":\"https:\\\/\\\/www.el-pan-alegre.org\\\/wordpress\\\/author\\\/admin\\\/\"}]}<\/script>\n<!-- \/ Yoast SEO plugin. -->","yoast_head_json":{"title":"En Buenas Manos e. V.: Reflexion 2013 und Ausblick - El Pan Alegre","robots":{"index":"index","follow":"follow","max-snippet":"max-snippet:-1","max-image-preview":"max-image-preview:large","max-video-preview":"max-video-preview:-1"},"canonical":"https:\/\/www.el-pan-alegre.org\/wordpress\/10-en-buenas-manos-e-v-reflexion-2013-und-ausblick\/","og_locale":"de_DE","og_type":"article","og_title":"En Buenas Manos e. V.: Reflexion 2013 und Ausblick - El Pan Alegre","og_description":"Der T\u00e4tigkeitsbericht 2013 ist fertig. Ab 2014 gibt es einige \u00c4nderungen in der Vereinsarbeit, formal und inhaltlich. Bitte hierzu insbesondere die Seiten 11 und 12 lesen. Mit herzlichen Gr\u00fc\u00dfen,Madeleine PorrEn Buenas Manos e. V. * * *","og_url":"https:\/\/www.el-pan-alegre.org\/wordpress\/10-en-buenas-manos-e-v-reflexion-2013-und-ausblick\/","og_site_name":"El Pan Alegre","article_published_time":"2014-03-09T21:06:00+00:00","article_modified_time":"2015-04-14T08:04:14+00:00","author":"Anja Mocker","twitter_card":"summary_large_image","twitter_misc":{"Verfasst von":"Anja Mocker"},"schema":{"@context":"https:\/\/schema.org","@graph":[{"@type":"Article","@id":"https:\/\/www.el-pan-alegre.org\/wordpress\/10-en-buenas-manos-e-v-reflexion-2013-und-ausblick\/#article","isPartOf":{"@id":"https:\/\/www.el-pan-alegre.org\/wordpress\/10-en-buenas-manos-e-v-reflexion-2013-und-ausblick\/"},"author":{"name":"Anja Mocker","@id":"https:\/\/www.el-pan-alegre.org\/wordpress\/#\/schema\/person\/a61ba0bec6094c61dbf9da4e4e4e5bfe"},"headline":"En Buenas Manos e. V.: Reflexion 2013 und Ausblick","datePublished":"2014-03-09T21:06:00+00:00","dateModified":"2015-04-14T08:04:14+00:00","mainEntityOfPage":{"@id":"https:\/\/www.el-pan-alegre.org\/wordpress\/10-en-buenas-manos-e-v-reflexion-2013-und-ausblick\/"},"wordCount":41,"commentCount":0,"articleSection":["Amaranth","Cuba","FEZ","FEZ-Berlin \u00d6ko-Insel","F\u00f6rderung","Fotos","Fr\u00f6hliche Amaranth-Kinderb\u00e4ckerei","Information","Kommunikation","Milpa","\u00d6ffentlichkeitsarbeit","Paradies Wuhlheide","Verein","Zukunftskolloquium"],"inLanguage":"de","potentialAction":[{"@type":"CommentAction","name":"Comment","target":["https:\/\/www.el-pan-alegre.org\/wordpress\/10-en-buenas-manos-e-v-reflexion-2013-und-ausblick\/#respond"]}]},{"@type":"WebPage","@id":"https:\/\/www.el-pan-alegre.org\/wordpress\/10-en-buenas-manos-e-v-reflexion-2013-und-ausblick\/","url":"https:\/\/www.el-pan-alegre.org\/wordpress\/10-en-buenas-manos-e-v-reflexion-2013-und-ausblick\/","name":"En Buenas Manos e. V.: Reflexion 2013 und Ausblick - El Pan Alegre","isPartOf":{"@id":"https:\/\/www.el-pan-alegre.org\/wordpress\/#website"},"datePublished":"2014-03-09T21:06:00+00:00","dateModified":"2015-04-14T08:04:14+00:00","author":{"@id":"https:\/\/www.el-pan-alegre.org\/wordpress\/#\/schema\/person\/a61ba0bec6094c61dbf9da4e4e4e5bfe"},"breadcrumb":{"@id":"https:\/\/www.el-pan-alegre.org\/wordpress\/10-en-buenas-manos-e-v-reflexion-2013-und-ausblick\/#breadcrumb"},"inLanguage":"de","potentialAction":[{"@type":"ReadAction","target":["https:\/\/www.el-pan-alegre.org\/wordpress\/10-en-buenas-manos-e-v-reflexion-2013-und-ausblick\/"]}]},{"@type":"BreadcrumbList","@id":"https:\/\/www.el-pan-alegre.org\/wordpress\/10-en-buenas-manos-e-v-reflexion-2013-und-ausblick\/#breadcrumb","itemListElement":[{"@type":"ListItem","position":1,"name":"Home","item":"https:\/\/www.el-pan-alegre.org\/wordpress\/"},{"@type":"ListItem","position":2,"name":"En Buenas Manos e. V.: Reflexion 2013 und Ausblick"}]},{"@type":"WebSite","@id":"https:\/\/www.el-pan-alegre.org\/wordpress\/#website","url":"https:\/\/www.el-pan-alegre.org\/wordpress\/","name":"El Pan Alegre","description":"Das Fr\u00f6hliche Brot","potentialAction":[{"@type":"SearchAction","target":{"@type":"EntryPoint","urlTemplate":"https:\/\/www.el-pan-alegre.org\/wordpress\/?s={search_term_string}"},"query-input":{"@type":"PropertyValueSpecification","valueRequired":true,"valueName":"search_term_string"}}],"inLanguage":"de"},{"@type":"Person","@id":"https:\/\/www.el-pan-alegre.org\/wordpress\/#\/schema\/person\/a61ba0bec6094c61dbf9da4e4e4e5bfe","name":"Anja Mocker","image":{"@type":"ImageObject","inLanguage":"de","@id":"https:\/\/secure.gravatar.com\/avatar\/c283b0b556471cdaac4be59c661b13c1e141f08ca0dd2eb8f8d587262d7f04bb?s=96&d=identicon&r=g","url":"https:\/\/secure.gravatar.com\/avatar\/c283b0b556471cdaac4be59c661b13c1e141f08ca0dd2eb8f8d587262d7f04bb?s=96&d=identicon&r=g","contentUrl":"https:\/\/secure.gravatar.com\/avatar\/c283b0b556471cdaac4be59c661b13c1e141f08ca0dd2eb8f8d587262d7f04bb?s=96&d=identicon&r=g","caption":"Anja Mocker"},"url":"https:\/\/www.el-pan-alegre.org\/wordpress\/author\/admin\/"}]}},"jetpack_publicize_connections":[],"jetpack_featured_media_url":"","jetpack_sharing_enabled":true,"jetpack_shortlink":"https:\/\/wp.me\/p62TDh-a","jetpack-related-posts":[{"id":48,"url":"https:\/\/www.el-pan-alegre.org\/wordpress\/48-jahresbericht-2011-en-buenas-manos-e-v-im-fez-berlin\/","url_meta":{"origin":10,"position":0},"title":"Jahresbericht 2011 En Buenas Manos e.V. im FEZ-Berlin","author":"Anja Mocker","date":"27. Februar 2012","format":false,"excerpt":"2011 war f\u00fcr unseren Verein im FEZ-Berlin ein spannendes, arbeitsintensives Jahr.Jetzt ist der Bericht dazu fertig und kann hier gelesen werden (2,8 MB). * * *","rel":"","context":"In &quot;Amaranth&quot;","block_context":{"text":"Amaranth","link":"https:\/\/www.el-pan-alegre.org\/wordpress\/kategorie\/amaranth\/"},"img":{"alt_text":"","src":"https:\/\/i0.wp.com\/www.el-pan-alegre.org\/wordpress\/wp-content\/uploads\/2012\/02\/BNE.jpg?resize=350%2C200&ssl=1","width":350,"height":200,"srcset":"https:\/\/i0.wp.com\/www.el-pan-alegre.org\/wordpress\/wp-content\/uploads\/2012\/02\/BNE.jpg?resize=350%2C200&ssl=1 1x, https:\/\/i0.wp.com\/www.el-pan-alegre.org\/wordpress\/wp-content\/uploads\/2012\/02\/BNE.jpg?resize=525%2C300&ssl=1 1.5x, https:\/\/i0.wp.com\/www.el-pan-alegre.org\/wordpress\/wp-content\/uploads\/2012\/02\/BNE.jpg?resize=700%2C400&ssl=1 2x"},"classes":[]},{"id":917,"url":"https:\/\/www.el-pan-alegre.org\/wordpress\/917-letzter-workshop-im-fez-berlin\/","url_meta":{"origin":10,"position":1},"title":"Letzter Workshop im FEZ-Berlin","author":"Madeleine Porr","date":"4. Oktober 2015","format":false,"excerpt":"Zum 30.09.15 hat En Buenas Manos e. V. seine Kooperation mit dem FEZ-Berlin beendet. Deshalb hatten wir f\u00fcr den 01.10. zu einem Abschieds-\/Ernte-Workshop diejenigen Schulklassen eingeladen, die in diesem Fr\u00fchjahr auf der \u00d6koinsel mit uns den Amaranth kennengelernt und ausges\u00e4t hatten. Leider konnten die Kinder der Sophie-Brahe-Schule nicht kommen (\"...\u2026","rel":"","context":"In &quot;Allgemein&quot;","block_context":{"text":"Allgemein","link":"https:\/\/www.el-pan-alegre.org\/wordpress\/kategorie\/allgemein\/"},"img":{"alt_text":"?","src":"https:\/\/i0.wp.com\/www.el-pan-alegre.org\/wordpress\/wp-content\/uploads\/2015\/10\/2015_06_05.-Sophie-Brahe-Schule_Web-253x300.jpg?resize=350%2C200","width":350,"height":200},"classes":[]},{"id":39,"url":"https:\/\/www.el-pan-alegre.org\/wordpress\/39-offener-brief-zur-eroeffnung-der-froehlichen-amaranth-kinderbaeckerei\/","url_meta":{"origin":10,"position":2},"title":"Offener Brief zur Er\u00f6ffnung der &#8222;Fr\u00f6hlichen Amaranth-Kinderb\u00e4ckerei&#8220;","author":"Anja Mocker","date":"29. Mai 2012","format":false,"excerpt":"FR\u00d6HLICH, STARK UND SCHLAU MIT AMARANTH! Zum Internationalen Kindertag \u00f6ffnet sie ihre T\u00fcren: \"Die Fr\u00f6hliche Amaranth-Kinderb\u00e4ckerei\" im FEZ-Berlin, Europas gr\u00f6\u00dftem Freizeit- und Bildungszentrum f\u00fcr Kinder, Jugendliche und Familien! Von Juni bis September in einem Solar-Container (gesponsert von der Firma Solar Lifestyle), jedoch schon ab 2013 fest mit einer zentralen baulichen\u2026","rel":"","context":"In &quot;F\u00f6rderung&quot;","block_context":{"text":"F\u00f6rderung","link":"https:\/\/www.el-pan-alegre.org\/wordpress\/kategorie\/foerderung\/"},"img":{"alt_text":"01","src":"https:\/\/i0.wp.com\/www.el-pan-alegre.org\/wordpress\/wp-content\/uploads\/2012\/05\/01-261x300.jpg?resize=350%2C200","width":350,"height":200},"classes":[]},{"id":33,"url":"https:\/\/www.el-pan-alegre.org\/wordpress\/33-neu-in-fezitty-die-amaranth-keksbaeckerei\/","url_meta":{"origin":10,"position":3},"title":"NEU IN FEZITTY: Die Amaranth-Keksb\u00e4ckerei!","author":"Anja Mocker","date":"17. Juli 2012","format":false,"excerpt":"Noch zweieinhalb Wochen lang regieren in der Wuhlheide die Kinder in ihrer Hauptstadt: das FEZ hat sich wieder in die FEZitty verwandelt, die Sommerferien-Spielstadt! In diesem Jahr gibt es - dank einer F\u00f6rderung des Deutschen Kinderhilfswerks und der Unterst\u00fctzung der K\u00f6penicker B\u00e4ckerei und Konditorei Jaenichen - zwei neue Berufe, f\u00fcr\u2026","rel":"","context":"In &quot;Amaranth&quot;","block_context":{"text":"Amaranth","link":"https:\/\/www.el-pan-alegre.org\/wordpress\/kategorie\/amaranth\/"},"img":{"alt_text":"","src":"https:\/\/i0.wp.com\/www.el-pan-alegre.org\/wordpress\/wp-content\/uploads\/2012\/07\/01.jpg?resize=350%2C200&ssl=1","width":350,"height":200,"srcset":"https:\/\/i0.wp.com\/www.el-pan-alegre.org\/wordpress\/wp-content\/uploads\/2012\/07\/01.jpg?resize=350%2C200&ssl=1 1x, https:\/\/i0.wp.com\/www.el-pan-alegre.org\/wordpress\/wp-content\/uploads\/2012\/07\/01.jpg?resize=525%2C300&ssl=1 1.5x, https:\/\/i0.wp.com\/www.el-pan-alegre.org\/wordpress\/wp-content\/uploads\/2012\/07\/01.jpg?resize=700%2C400&ssl=1 2x"},"classes":[]},{"id":90,"url":"https:\/\/www.el-pan-alegre.org\/wordpress\/90-fezitty-thementag-amaranth-am-05-08-10\/","url_meta":{"origin":10,"position":4},"title":"FEZitty-Thementag AMARANTH am 05.08.10","author":"Anja Mocker","date":"2. August 2010","format":false,"excerpt":"Fit und schlau (nicht nur) f\u00fcrs neue Schuljahr -dabei wollen wir die Kinder unterst\u00fctzen!(Aus der Presseerkl\u00e4rung:) \"Am kommenden Donnerstag, dem 05.08.10, sind die sechs- bis vierzehnj\u00e4hrigen Kinder in Berlin besonders herzlich in die Sommer-Spielstadt FEZitty in der Wuhlheide (Bezirk K\u00f6penick) eingeladen.Dort k\u00f6nnen sie sich f\u00fcr das n\u00e4chste Schuljahr fit und\u2026","rel":"","context":"In &quot;Amaranth&quot;","block_context":{"text":"Amaranth","link":"https:\/\/www.el-pan-alegre.org\/wordpress\/kategorie\/amaranth\/"},"img":{"alt_text":"","src":"https:\/\/i0.wp.com\/www.el-pan-alegre.org\/wordpress\/wp-content\/uploads\/2010\/08\/EPA_Plakat_kpka-fezitty-klRand.jpg?resize=350%2C200&ssl=1","width":350,"height":200},"classes":[]},{"id":46,"url":"https:\/\/www.el-pan-alegre.org\/wordpress\/46-auf-dem-weg-zur-froehlichen-amaranth-kinderbaeckerei\/","url_meta":{"origin":10,"position":5},"title":"Auf dem Weg zur &#8222;Fr\u00f6hlichen Amaranth-Kinderb\u00e4ckerei&#8220; &#8230;","author":"Anja Mocker","date":"9. Mai 2012","format":false,"excerpt":"Hurraaa, da ist er: der Solar-Container, der - bis zum Bau am endg\u00fcltigen Standort - f\u00fcr vier Monate unsere \"Fr\u00f6hliche Amaranth-Kinderb\u00e4ckerei\" vor dem FEZ-Berlin in der Wuhlheide beherbergen soll!Ein dickes Dankesch\u00f6n an den Sponsor Sepp Fiedler von Solar Lifestyle daf\u00fcr, dass er uns seinen Container den Sommer \u00fcber zur Verf\u00fcgung\u2026","rel":"","context":"In &quot;Amaranth&quot;","block_context":{"text":"Amaranth","link":"https:\/\/www.el-pan-alegre.org\/wordpress\/kategorie\/amaranth\/"},"img":{"alt_text":"","src":"https:\/\/i0.wp.com\/www.el-pan-alegre.org\/wordpress\/wp-content\/uploads\/2012\/05\/SAM_1336.jpg?resize=350%2C200&ssl=1","width":350,"height":200,"srcset":"https:\/\/i0.wp.com\/www.el-pan-alegre.org\/wordpress\/wp-content\/uploads\/2012\/05\/SAM_1336.jpg?resize=350%2C200&ssl=1 1x, https:\/\/i0.wp.com\/www.el-pan-alegre.org\/wordpress\/wp-content\/uploads\/2012\/05\/SAM_1336.jpg?resize=525%2C300&ssl=1 1.5x, https:\/\/i0.wp.com\/www.el-pan-alegre.org\/wordpress\/wp-content\/uploads\/2012\/05\/SAM_1336.jpg?resize=700%2C400&ssl=1 2x"},"classes":[]}],"_links":{"self":[{"href":"https:\/\/www.el-pan-alegre.org\/wordpress\/wp-json\/wp\/v2\/posts\/10","targetHints":{"allow":["GET"]}}],"collection":[{"href":"https:\/\/www.el-pan-alegre.org\/wordpress\/wp-json\/wp\/v2\/posts"}],"about":[{"href":"https:\/\/www.el-pan-alegre.org\/wordpress\/wp-json\/wp\/v2\/types\/post"}],"author":[{"embeddable":true,"href":"https:\/\/www.el-pan-alegre.org\/wordpress\/wp-json\/wp\/v2\/users\/1"}],"replies":[{"embeddable":true,"href":"https:\/\/www.el-pan-alegre.org\/wordpress\/wp-json\/wp\/v2\/comments?post=10"}],"version-history":[{"count":0,"href":"https:\/\/www.el-pan-alegre.org\/wordpress\/wp-json\/wp\/v2\/posts\/10\/revisions"}],"wp:attachment":[{"href":"https:\/\/www.el-pan-alegre.org\/wordpress\/wp-json\/wp\/v2\/media?parent=10"}],"wp:term":[{"taxonomy":"category","embeddable":true,"href":"https:\/\/www.el-pan-alegre.org\/wordpress\/wp-json\/wp\/v2\/categories?post=10"},{"taxonomy":"post_tag","embeddable":true,"href":"https:\/\/www.el-pan-alegre.org\/wordpress\/wp-json\/wp\/v2\/tags?post=10"}],"curies":[{"name":"wp","href":"https:\/\/api.w.org\/{rel}","templated":true}]}}